{"id":97076,"date":"2021-04-29T13:33:50","date_gmt":"2021-04-29T11:33:50","guid":{"rendered":null},"modified":"2021-04-29T13:33:50","modified_gmt":"2021-04-29T11:33:50","slug":"las-uci-catalanas-bajan-de-los-500-pacientes-ingresados-%e2%80%8b%e2%80%8bcon-coronavirus","status":"publish","type":"post","link":"https:\/\/www.eltriangle.eu\/es\/2021\/04\/29\/las-uci-catalanas-bajan-de-los-500-pacientes-ingresados-%e2%80%8b%e2%80%8bcon-coronavirus\/","title":{"rendered":"Las UCI catalanas bajan de los 500 pacientes ingresados \u200b\u200bcon coronavirus"},"content":{"rendered":"<p>Los hospitales y las UCI han registrado en las \u00faltimas horas un descenso de pacientes con coronavirus en Catalu\u00f1a. Esta bajada se ha notado principalmente en las unidades de cr\u00edticos, ya que han logrado bajar de los 500 enfermos hospitalizados (a partir de esta cifra el gobierno catal\u00e1n considera que el sistema sanitario entra en colapso). En este sentido, y seg\u00fan los datos facilitados este jueves por el Departamento de Salud, las UCI han pasado de los 507 enfermos a los 498 mientras que los centros hospitalarios han bajado de los 1.626 a los 1.616.<\/p>\n<p>En cuanto a los indicadores de la pandemia, tanto el riesgo de rebrote como la velocidad de contagio del virus han crecido. El primero, que mide el crecimiento potencial de la epidemia, ha sumado 5 puntos y se ha situado en los 292, mientras que el segundo se encuentra en 1,04 despu\u00e9s de haber sumado una cent\u00e9sima en las \u00faltimas 24 horas. Esto significa que 100 personas de media contagian a otras 104 y que el virus contin\u00faa en fase de expansi\u00f3n (porque se encuentra por encima de 1).<\/p>\n<p>Por otro lado, en las \u00faltimas horas se han notificado 2.056 casos y 16 defunciones. Desde el inicio de la pandemia, se han comunicado 647.739 contagios y 21.840 fallecidos.<\/p>\n","protected":false},"excerpt":{"rendered":"<p>Los hospitales y las UCI han registrado en las \u00faltimas horas un descenso de pacientes con coronavirus en Catalu\u00f1a. Esta bajada se ha notado principalmente en las unidades de cr\u00edticos, ya que han logrado bajar de los 500 enfermos hospitalizados (a partir de esta cifra el gobierno catal\u00e1n considera que el sistema sanitario entra en &#8230; <a title=\"Las UCI catalanas bajan de los 500 pacientes ingresados \u200b\u200bcon coronavirus\" class=\"read-more\" href=\"https:\/\/www.eltriangle.eu\/es\/2021\/04\/29\/las-uci-catalanas-bajan-de-los-500-pacientes-ingresados-%e2%80%8b%e2%80%8bcon-coronavirus\/\" aria-label=\"Leer m\u00e1s sobre Las UCI catalanas bajan de los 500 pacientes ingresados \u200b\u200bcon coronavirus\">Leer m\u00e1s<\/a><\/p>\n","protected":false},"author":98,"featured_media":36864,"comment_status":"open","ping_status":"closed","sticky":false,"template":"","format":"standard","meta":{"_acf_changed":false,"pmpro_default_level":"","footnotes":""},"categories":[24,100],"tags":[240,268,185,186,184],"class_list":["post-97076","post","type-post","status-publish","format-standard","has-post-thumbnail","hentry","category-actualidad","category-sanidad","tag-coronavirus-es","tag-coronavirus-es-2","tag-covid-19-es","tag-departamento-de-salud","tag-pandemia-es","pmpro-has-access"],"acf":[],"yoast_head":"<!-- This site is optimized with the Yoast SEO plugin v27.4 - https:\/\/yoast.com\/product\/yoast-seo-wordpress\/ -->\n<title>Las UCI catalanas bajan de los 500 pacientes ingresados \u200b\u200bcon coronavirus - El Triangle<\/title>\n<meta name=\"description\" content=\"Los hospitales y las UCI han registrado en las \u00faltimas horas un descenso de pacientes con coronavirus en Catalu\u00f1a. Esta bajada se ha notado principalmente\" class=\"yoast-seo-meta-tag\" \/>\n<meta name=\"robots\" content=\"index, follow, max-snippet:-1, max-image-preview:large, max-video-preview:-1\" \/>\n<link rel=\"canonical\" href=\"https:\/\/www.eltriangle.eu\/es\/2021\/04\/29\/las-uci-catalanas-bajan-de-los-500-pacientes-ingresados-%e2%80%8b%e2%80%8bcon-coronavirus\/\" class=\"yoast-seo-meta-tag\" \/>\n<meta property=\"og:locale\" content=\"es_ES\" class=\"yoast-seo-meta-tag\" \/>\n<meta property=\"og:type\" content=\"article\" class=\"yoast-seo-meta-tag\" \/>\n<meta property=\"og:title\" content=\"Las UCI catalanas bajan de los 500 pacientes ingresados \u200b\u200bcon coronavirus - El Triangle\" class=\"yoast-seo-meta-tag\" \/>\n<meta property=\"og:description\" content=\"Los hospitales y las UCI han registrado en las \u00faltimas horas un descenso de pacientes con coronavirus en Catalu\u00f1a. Esta bajada se ha notado principalmente\" class=\"yoast-seo-meta-tag\" \/>\n<meta property=\"og:url\" content=\"https:\/\/www.eltriangle.eu\/es\/2021\/04\/29\/las-uci-catalanas-bajan-de-los-500-pacientes-ingresados-%e2%80%8b%e2%80%8bcon-coronavirus\/\" class=\"yoast-seo-meta-tag\" \/>\n<meta property=\"og:site_name\" content=\"El Triangle\" class=\"yoast-seo-meta-tag\" \/>\n<meta property=\"article:publisher\" content=\"https:\/\/www.facebook.com\/El-Triangle-Diari-101787399020302\" class=\"yoast-seo-meta-tag\" \/>\n<meta property=\"article:published_time\" content=\"2021-04-29T11:33:50+00:00\" class=\"yoast-seo-meta-tag\" \/>\n<meta property=\"og:image\" content=\"https:\/\/www.eltriangle.eu\/wp-content\/uploads\/2020\/11\/personal-medic-aplaudint-una-pacient-que-ha-sortit-de-l-uci.png\" class=\"yoast-seo-meta-tag\" \/>\n\t<meta property=\"og:image:width\" content=\"1320\" class=\"yoast-seo-meta-tag\" \/>\n\t<meta property=\"og:image:height\" content=\"742\" class=\"yoast-seo-meta-tag\" \/>\n\t<meta property=\"og:image:type\" content=\"image\/png\" class=\"yoast-seo-meta-tag\" \/>\n<meta name=\"author\" content=\"marcel\" class=\"yoast-seo-meta-tag\" \/>\n<meta name=\"twitter:card\" content=\"summary_large_image\" class=\"yoast-seo-meta-tag\" \/>\n<meta name=\"twitter:creator\" content=\"@El_Triangle\" class=\"yoast-seo-meta-tag\" \/>\n<meta name=\"twitter:site\" content=\"@El_Triangle\" class=\"yoast-seo-meta-tag\" \/>\n<meta name=\"twitter:label1\" content=\"Escrito por\" class=\"yoast-seo-meta-tag\" \/>\n\t<meta name=\"twitter:data1\" content=\"marcel\" class=\"yoast-seo-meta-tag\" \/>\n\t<meta name=\"twitter:label2\" content=\"Tiempo de lectura\" class=\"yoast-seo-meta-tag\" \/>\n\t<meta name=\"twitter:data2\" content=\"1 minuto\" class=\"yoast-seo-meta-tag\" \/>\n<script type=\"application\/ld+json\" class=\"yoast-schema-graph\">{\"@context\":\"https:\\\/\\\/schema.org\",\"@graph\":[{\"@type\":\"NewsArticle\",\"@id\":\"https:\\\/\\\/www.eltriangle.eu\\\/es\\\/2021\\\/04\\\/29\\\/las-uci-catalanas-bajan-de-los-500-pacientes-ingresados-%e2%80%8b%e2%80%8bcon-coronavirus\\\/#article\",\"isPartOf\":{\"@id\":\"https:\\\/\\\/www.eltriangle.eu\\\/es\\\/2021\\\/04\\\/29\\\/las-uci-catalanas-bajan-de-los-500-pacientes-ingresados-%e2%80%8b%e2%80%8bcon-coronavirus\\\/\"},\"author\":{\"name\":\"marcel\",\"@id\":\"https:\\\/\\\/www.eltriangle.eu\\\/es\\\/#\\\/schema\\\/person\\\/ce1123c05f3d70c0f89636f14cef9510\"},\"headline\":\"Las UCI catalanas bajan de los 500 pacientes ingresados \u200b\u200bcon coronavirus\",\"datePublished\":\"2021-04-29T11:33:50+00:00\",\"mainEntityOfPage\":{\"@id\":\"https:\\\/\\\/www.eltriangle.eu\\\/es\\\/2021\\\/04\\\/29\\\/las-uci-catalanas-bajan-de-los-500-pacientes-ingresados-%e2%80%8b%e2%80%8bcon-coronavirus\\\/\"},\"wordCount\":215,\"commentCount\":0,\"publisher\":{\"@id\":\"https:\\\/\\\/www.eltriangle.eu\\\/es\\\/#organization\"},\"image\":{\"@id\":\"https:\\\/\\\/www.eltriangle.eu\\\/es\\\/2021\\\/04\\\/29\\\/las-uci-catalanas-bajan-de-los-500-pacientes-ingresados-%e2%80%8b%e2%80%8bcon-coronavirus\\\/#primaryimage\"},\"thumbnailUrl\":\"https:\\\/\\\/www.eltriangle.eu\\\/wp-content\\\/uploads\\\/2020\\\/11\\\/personal-medic-aplaudint-una-pacient-que-ha-sortit-de-l-uci.png\",\"keywords\":[\"coronavirus\",\"coronavirus\",\"covid-19\",\"Departamento de Salud\",\"pandemia\"],\"articleSection\":[\"Actualidad\",\"Sanidad\"],\"inLanguage\":\"es\",\"potentialAction\":[{\"@type\":\"CommentAction\",\"name\":\"Comment\",\"target\":[\"https:\\\/\\\/www.eltriangle.eu\\\/es\\\/2021\\\/04\\\/29\\\/las-uci-catalanas-bajan-de-los-500-pacientes-ingresados-%e2%80%8b%e2%80%8bcon-coronavirus\\\/#respond\"]}]},{\"@type\":\"WebPage\",\"@id\":\"https:\\\/\\\/www.eltriangle.eu\\\/es\\\/2021\\\/04\\\/29\\\/las-uci-catalanas-bajan-de-los-500-pacientes-ingresados-%e2%80%8b%e2%80%8bcon-coronavirus\\\/\",\"url\":\"https:\\\/\\\/www.eltriangle.eu\\\/es\\\/2021\\\/04\\\/29\\\/las-uci-catalanas-bajan-de-los-500-pacientes-ingresados-%e2%80%8b%e2%80%8bcon-coronavirus\\\/\",\"name\":\"Las UCI catalanas bajan de los 500 pacientes ingresados \u200b\u200bcon coronavirus - El Triangle\",\"isPartOf\":{\"@id\":\"https:\\\/\\\/www.eltriangle.eu\\\/es\\\/#website\"},\"primaryImageOfPage\":{\"@id\":\"https:\\\/\\\/www.eltriangle.eu\\\/es\\\/2021\\\/04\\\/29\\\/las-uci-catalanas-bajan-de-los-500-pacientes-ingresados-%e2%80%8b%e2%80%8bcon-coronavirus\\\/#primaryimage\"},\"image\":{\"@id\":\"https:\\\/\\\/www.eltriangle.eu\\\/es\\\/2021\\\/04\\\/29\\\/las-uci-catalanas-bajan-de-los-500-pacientes-ingresados-%e2%80%8b%e2%80%8bcon-coronavirus\\\/#primaryimage\"},\"thumbnailUrl\":\"https:\\\/\\\/www.eltriangle.eu\\\/wp-content\\\/uploads\\\/2020\\\/11\\\/personal-medic-aplaudint-una-pacient-que-ha-sortit-de-l-uci.png\",\"datePublished\":\"2021-04-29T11:33:50+00:00\",\"description\":\"Los hospitales y las UCI han registrado en las \u00faltimas horas un descenso de pacientes con coronavirus en Catalu\u00f1a. Esta bajada se ha notado principalmente\",\"breadcrumb\":{\"@id\":\"https:\\\/\\\/www.eltriangle.eu\\\/es\\\/2021\\\/04\\\/29\\\/las-uci-catalanas-bajan-de-los-500-pacientes-ingresados-%e2%80%8b%e2%80%8bcon-coronavirus\\\/#breadcrumb\"},\"inLanguage\":\"es\",\"potentialAction\":[{\"@type\":\"ReadAction\",\"target\":[\"https:\\\/\\\/www.eltriangle.eu\\\/es\\\/2021\\\/04\\\/29\\\/las-uci-catalanas-bajan-de-los-500-pacientes-ingresados-%e2%80%8b%e2%80%8bcon-coronavirus\\\/\"]}]},{\"@type\":\"ImageObject\",\"inLanguage\":\"es\",\"@id\":\"https:\\\/\\\/www.eltriangle.eu\\\/es\\\/2021\\\/04\\\/29\\\/las-uci-catalanas-bajan-de-los-500-pacientes-ingresados-%e2%80%8b%e2%80%8bcon-coronavirus\\\/#primaryimage\",\"url\":\"https:\\\/\\\/www.eltriangle.eu\\\/wp-content\\\/uploads\\\/2020\\\/11\\\/personal-medic-aplaudint-una-pacient-que-ha-sortit-de-l-uci.png\",\"contentUrl\":\"https:\\\/\\\/www.eltriangle.eu\\\/wp-content\\\/uploads\\\/2020\\\/11\\\/personal-medic-aplaudint-una-pacient-que-ha-sortit-de-l-uci.png\",\"width\":1320,\"height\":742,\"caption\":\"Personal m\u00e9dico aplaudiendo una paciente que ha salido de la UCI\"},{\"@type\":\"BreadcrumbList\",\"@id\":\"https:\\\/\\\/www.eltriangle.eu\\\/es\\\/2021\\\/04\\\/29\\\/las-uci-catalanas-bajan-de-los-500-pacientes-ingresados-%e2%80%8b%e2%80%8bcon-coronavirus\\\/#breadcrumb\",\"itemListElement\":[{\"@type\":\"ListItem\",\"position\":1,\"name\":\"Portada\",\"item\":\"https:\\\/\\\/www.eltriangle.eu\\\/es\\\/\"},{\"@type\":\"ListItem\",\"position\":2,\"name\":\"Las UCI catalanas bajan de los 500 pacientes ingresados \u200b\u200bcon coronavirus\"}]},{\"@type\":\"WebSite\",\"@id\":\"https:\\\/\\\/www.eltriangle.eu\\\/es\\\/#website\",\"url\":\"https:\\\/\\\/www.eltriangle.eu\\\/es\\\/\",\"name\":\"El Triangle\",\"description\":\"El Triangle \u00e9s un Diari d&#039;informaci\u00f3 general, editat a Catalunya i escrit en llengua catalana, especialitzat en investigaci\u00f3 period\u00edstica\",\"publisher\":{\"@id\":\"https:\\\/\\\/www.eltriangle.eu\\\/es\\\/#organization\"},\"potentialAction\":[{\"@type\":\"SearchAction\",\"target\":{\"@type\":\"EntryPoint\",\"urlTemplate\":\"https:\\\/\\\/www.eltriangle.eu\\\/es\\\/?s={search_term_string}\"},\"query-input\":{\"@type\":\"PropertyValueSpecification\",\"valueRequired\":true,\"valueName\":\"search_term_string\"}}],\"inLanguage\":\"es\"},{\"@type\":[\"Organization\",\"NewsMediaOrganization\"],\"@id\":\"https:\\\/\\\/www.eltriangle.eu\\\/es\\\/#organization\",\"name\":\"El Triangle\",\"url\":\"https:\\\/\\\/www.eltriangle.eu\\\/es\\\/\",\"logo\":{\"@type\":\"ImageObject\",\"inLanguage\":\"es\",\"@id\":\"https:\\\/\\\/www.eltriangle.eu\\\/es\\\/#\\\/schema\\\/logo\\\/image\\\/\",\"url\":\"https:\\\/\\\/www.eltriangle.eu\\\/wp-content\\\/uploads\\\/2020\\\/11\\\/triangle_logo-ajustado.jpg\",\"contentUrl\":\"https:\\\/\\\/www.eltriangle.eu\\\/wp-content\\\/uploads\\\/2020\\\/11\\\/triangle_logo-ajustado.jpg\",\"width\":521,\"height\":92,\"caption\":\"El Triangle\"},\"image\":{\"@id\":\"https:\\\/\\\/www.eltriangle.eu\\\/es\\\/#\\\/schema\\\/logo\\\/image\\\/\"},\"sameAs\":[\"https:\\\/\\\/www.facebook.com\\\/El-Triangle-Diari-101787399020302\",\"https:\\\/\\\/x.com\\\/El_Triangle\",\"https:\\\/\\\/www.youtube.com\\\/channel\\\/UCTIjmYEMYSpdGonuAgNhbcg\"]},{\"@type\":\"Person\",\"@id\":\"https:\\\/\\\/www.eltriangle.eu\\\/es\\\/#\\\/schema\\\/person\\\/ce1123c05f3d70c0f89636f14cef9510\",\"name\":\"marcel\",\"image\":{\"@type\":\"ImageObject\",\"inLanguage\":\"es\",\"@id\":\"\\\/\\\/www.gravatar.com\\\/avatar\\\/e2a29b9c244de7330bb84255b1421cb8?s=96&#038;r=g&#038;d=mm\",\"url\":\"\\\/\\\/www.gravatar.com\\\/avatar\\\/e2a29b9c244de7330bb84255b1421cb8?s=96&#038;r=g&#038;d=mm\",\"contentUrl\":\"\\\/\\\/www.gravatar.com\\\/avatar\\\/e2a29b9c244de7330bb84255b1421cb8?s=96&#038;r=g&#038;d=mm\",\"caption\":\"marcel\"},\"url\":\"https:\\\/\\\/www.eltriangle.eu\\\/es\\\/author\\\/marcel\\\/\"},{\"@type\":\"SiteNavigationElement\",\"@id\":\"https:\\\/\\\/www.eltriangle.eu\\\/es\\\/#site-navigation\",\"cssSelector\":[\".cib-main-menu\"]},{\"@type\":\"WPHeader\",\"@id\":\"https:\\\/\\\/www.eltriangle.eu\\\/es\\\/#header\",\"cssSelector\":[\".cib-header\"]},{\"@type\":\"WPFooter\",\"@id\":\"https:\\\/\\\/www.eltriangle.eu\\\/es\\\/#footer\",\"cssSelector\":[\".cib-footer\"]}]}<\/script>\n<!-- \/ Yoast SEO plugin. -->","yoast_head_json":{"title":"Las UCI catalanas bajan de los 500 pacientes ingresados \u200b\u200bcon coronavirus - El Triangle","description":"Los hospitales y las UCI han registrado en las \u00faltimas horas un descenso de pacientes con coronavirus en Catalu\u00f1a. Esta bajada se ha notado principalmente","robots":{"index":"index","follow":"follow","max-snippet":"max-snippet:-1","max-image-preview":"max-image-preview:large","max-video-preview":"max-video-preview:-1"},"canonical":"https:\/\/www.eltriangle.eu\/es\/2021\/04\/29\/las-uci-catalanas-bajan-de-los-500-pacientes-ingresados-%e2%80%8b%e2%80%8bcon-coronavirus\/","og_locale":"es_ES","og_type":"article","og_title":"Las UCI catalanas bajan de los 500 pacientes ingresados \u200b\u200bcon coronavirus - El Triangle","og_description":"Los hospitales y las UCI han registrado en las \u00faltimas horas un descenso de pacientes con coronavirus en Catalu\u00f1a. Esta bajada se ha notado principalmente","og_url":"https:\/\/www.eltriangle.eu\/es\/2021\/04\/29\/las-uci-catalanas-bajan-de-los-500-pacientes-ingresados-%e2%80%8b%e2%80%8bcon-coronavirus\/","og_site_name":"El Triangle","article_publisher":"https:\/\/www.facebook.com\/El-Triangle-Diari-101787399020302","article_published_time":"2021-04-29T11:33:50+00:00","og_image":[{"width":1320,"height":742,"url":"https:\/\/www.eltriangle.eu\/wp-content\/uploads\/2020\/11\/personal-medic-aplaudint-una-pacient-que-ha-sortit-de-l-uci.png","type":"image\/png"}],"author":"marcel","twitter_card":"summary_large_image","twitter_creator":"@El_Triangle","twitter_site":"@El_Triangle","twitter_misc":{"Escrito por":"marcel","Tiempo de lectura":"1 minuto"},"schema":{"@context":"https:\/\/schema.org","@graph":[{"@type":"NewsArticle","@id":"https:\/\/www.eltriangle.eu\/es\/2021\/04\/29\/las-uci-catalanas-bajan-de-los-500-pacientes-ingresados-%e2%80%8b%e2%80%8bcon-coronavirus\/#article","isPartOf":{"@id":"https:\/\/www.eltriangle.eu\/es\/2021\/04\/29\/las-uci-catalanas-bajan-de-los-500-pacientes-ingresados-%e2%80%8b%e2%80%8bcon-coronavirus\/"},"author":{"name":"marcel","@id":"https:\/\/www.eltriangle.eu\/es\/#\/schema\/person\/ce1123c05f3d70c0f89636f14cef9510"},"headline":"Las UCI catalanas bajan de los 500 pacientes ingresados \u200b\u200bcon coronavirus","datePublished":"2021-04-29T11:33:50+00:00","mainEntityOfPage":{"@id":"https:\/\/www.eltriangle.eu\/es\/2021\/04\/29\/las-uci-catalanas-bajan-de-los-500-pacientes-ingresados-%e2%80%8b%e2%80%8bcon-coronavirus\/"},"wordCount":215,"commentCount":0,"publisher":{"@id":"https:\/\/www.eltriangle.eu\/es\/#organization"},"image":{"@id":"https:\/\/www.eltriangle.eu\/es\/2021\/04\/29\/las-uci-catalanas-bajan-de-los-500-pacientes-ingresados-%e2%80%8b%e2%80%8bcon-coronavirus\/#primaryimage"},"thumbnailUrl":"https:\/\/www.eltriangle.eu\/wp-content\/uploads\/2020\/11\/personal-medic-aplaudint-una-pacient-que-ha-sortit-de-l-uci.png","keywords":["coronavirus","coronavirus","covid-19","Departamento de Salud","pandemia"],"articleSection":["Actualidad","Sanidad"],"inLanguage":"es","potentialAction":[{"@type":"CommentAction","name":"Comment","target":["https:\/\/www.eltriangle.eu\/es\/2021\/04\/29\/las-uci-catalanas-bajan-de-los-500-pacientes-ingresados-%e2%80%8b%e2%80%8bcon-coronavirus\/#respond"]}]},{"@type":"WebPage","@id":"https:\/\/www.eltriangle.eu\/es\/2021\/04\/29\/las-uci-catalanas-bajan-de-los-500-pacientes-ingresados-%e2%80%8b%e2%80%8bcon-coronavirus\/","url":"https:\/\/www.eltriangle.eu\/es\/2021\/04\/29\/las-uci-catalanas-bajan-de-los-500-pacientes-ingresados-%e2%80%8b%e2%80%8bcon-coronavirus\/","name":"Las UCI catalanas bajan de los 500 pacientes ingresados \u200b\u200bcon coronavirus - El Triangle","isPartOf":{"@id":"https:\/\/www.eltriangle.eu\/es\/#website"},"primaryImageOfPage":{"@id":"https:\/\/www.eltriangle.eu\/es\/2021\/04\/29\/las-uci-catalanas-bajan-de-los-500-pacientes-ingresados-%e2%80%8b%e2%80%8bcon-coronavirus\/#primaryimage"},"image":{"@id":"https:\/\/www.eltriangle.eu\/es\/2021\/04\/29\/las-uci-catalanas-bajan-de-los-500-pacientes-ingresados-%e2%80%8b%e2%80%8bcon-coronavirus\/#primaryimage"},"thumbnailUrl":"https:\/\/www.eltriangle.eu\/wp-content\/uploads\/2020\/11\/personal-medic-aplaudint-una-pacient-que-ha-sortit-de-l-uci.png","datePublished":"2021-04-29T11:33:50+00:00","description":"Los hospitales y las UCI han registrado en las \u00faltimas horas un descenso de pacientes con coronavirus en Catalu\u00f1a. Esta bajada se ha notado principalmente","breadcrumb":{"@id":"https:\/\/www.eltriangle.eu\/es\/2021\/04\/29\/las-uci-catalanas-bajan-de-los-500-pacientes-ingresados-%e2%80%8b%e2%80%8bcon-coronavirus\/#breadcrumb"},"inLanguage":"es","potentialAction":[{"@type":"ReadAction","target":["https:\/\/www.eltriangle.eu\/es\/2021\/04\/29\/las-uci-catalanas-bajan-de-los-500-pacientes-ingresados-%e2%80%8b%e2%80%8bcon-coronavirus\/"]}]},{"@type":"ImageObject","inLanguage":"es","@id":"https:\/\/www.eltriangle.eu\/es\/2021\/04\/29\/las-uci-catalanas-bajan-de-los-500-pacientes-ingresados-%e2%80%8b%e2%80%8bcon-coronavirus\/#primaryimage","url":"https:\/\/www.eltriangle.eu\/wp-content\/uploads\/2020\/11\/personal-medic-aplaudint-una-pacient-que-ha-sortit-de-l-uci.png","contentUrl":"https:\/\/www.eltriangle.eu\/wp-content\/uploads\/2020\/11\/personal-medic-aplaudint-una-pacient-que-ha-sortit-de-l-uci.png","width":1320,"height":742,"caption":"Personal m\u00e9dico aplaudiendo una paciente que ha salido de la UCI"},{"@type":"BreadcrumbList","@id":"https:\/\/www.eltriangle.eu\/es\/2021\/04\/29\/las-uci-catalanas-bajan-de-los-500-pacientes-ingresados-%e2%80%8b%e2%80%8bcon-coronavirus\/#breadcrumb","itemListElement":[{"@type":"ListItem","position":1,"name":"Portada","item":"https:\/\/www.eltriangle.eu\/es\/"},{"@type":"ListItem","position":2,"name":"Las UCI catalanas bajan de los 500 pacientes ingresados \u200b\u200bcon coronavirus"}]},{"@type":"WebSite","@id":"https:\/\/www.eltriangle.eu\/es\/#website","url":"https:\/\/www.eltriangle.eu\/es\/","name":"El Triangle","description":"El Triangle \u00e9s un Diari d&#039;informaci\u00f3 general, editat a Catalunya i escrit en llengua catalana, especialitzat en investigaci\u00f3 period\u00edstica","publisher":{"@id":"https:\/\/www.eltriangle.eu\/es\/#organization"},"potentialAction":[{"@type":"SearchAction","target":{"@type":"EntryPoint","urlTemplate":"https:\/\/www.eltriangle.eu\/es\/?s={search_term_string}"},"query-input":{"@type":"PropertyValueSpecification","valueRequired":true,"valueName":"search_term_string"}}],"inLanguage":"es"},{"@type":["Organization","NewsMediaOrganization"],"@id":"https:\/\/www.eltriangle.eu\/es\/#organization","name":"El Triangle","url":"https:\/\/www.eltriangle.eu\/es\/","logo":{"@type":"ImageObject","inLanguage":"es","@id":"https:\/\/www.eltriangle.eu\/es\/#\/schema\/logo\/image\/","url":"https:\/\/www.eltriangle.eu\/wp-content\/uploads\/2020\/11\/triangle_logo-ajustado.jpg","contentUrl":"https:\/\/www.eltriangle.eu\/wp-content\/uploads\/2020\/11\/triangle_logo-ajustado.jpg","width":521,"height":92,"caption":"El Triangle"},"image":{"@id":"https:\/\/www.eltriangle.eu\/es\/#\/schema\/logo\/image\/"},"sameAs":["https:\/\/www.facebook.com\/El-Triangle-Diari-101787399020302","https:\/\/x.com\/El_Triangle","https:\/\/www.youtube.com\/channel\/UCTIjmYEMYSpdGonuAgNhbcg"]},{"@type":"Person","@id":"https:\/\/www.eltriangle.eu\/es\/#\/schema\/person\/ce1123c05f3d70c0f89636f14cef9510","name":"marcel","image":{"@type":"ImageObject","inLanguage":"es","@id":"\/\/www.gravatar.com\/avatar\/e2a29b9c244de7330bb84255b1421cb8?s=96&#038;r=g&#038;d=mm","url":"\/\/www.gravatar.com\/avatar\/e2a29b9c244de7330bb84255b1421cb8?s=96&#038;r=g&#038;d=mm","contentUrl":"\/\/www.gravatar.com\/avatar\/e2a29b9c244de7330bb84255b1421cb8?s=96&#038;r=g&#038;d=mm","caption":"marcel"},"url":"https:\/\/www.eltriangle.eu\/es\/author\/marcel\/"},{"@type":"SiteNavigationElement","@id":"https:\/\/www.eltriangle.eu\/es\/#site-navigation","cssSelector":[".cib-main-menu"]},{"@type":"WPHeader","@id":"https:\/\/www.eltriangle.eu\/es\/#header","cssSelector":[".cib-header"]},{"@type":"WPFooter","@id":"https:\/\/www.eltriangle.eu\/es\/#footer","cssSelector":[".cib-footer"]}]}},"amp_enabled":true,"_links":{"self":[{"href":"https:\/\/www.eltriangle.eu\/es\/wp-json\/wp\/v2\/posts\/97076","targetHints":{"allow":["GET"]}}],"collection":[{"href":"https:\/\/www.eltriangle.eu\/es\/wp-json\/wp\/v2\/posts"}],"about":[{"href":"https:\/\/www.eltriangle.eu\/es\/wp-json\/wp\/v2\/types\/post"}],"author":[{"embeddable":true,"href":"https:\/\/www.eltriangle.eu\/es\/wp-json\/wp\/v2\/users\/98"}],"replies":[{"embeddable":true,"href":"https:\/\/www.eltriangle.eu\/es\/wp-json\/wp\/v2\/comments?post=97076"}],"version-history":[{"count":0,"href":"https:\/\/www.eltriangle.eu\/es\/wp-json\/wp\/v2\/posts\/97076\/revisions"}],"wp:featuredmedia":[{"embeddable":true,"href":"https:\/\/www.eltriangle.eu\/es\/wp-json\/wp\/v2\/media\/36864"}],"wp:attachment":[{"href":"https:\/\/www.eltriangle.eu\/es\/wp-json\/wp\/v2\/media?parent=97076"}],"wp:term":[{"taxonomy":"category","embeddable":true,"href":"https:\/\/www.eltriangle.eu\/es\/wp-json\/wp\/v2\/categories?post=97076"},{"taxonomy":"post_tag","embeddable":true,"href":"https:\/\/www.eltriangle.eu\/es\/wp-json\/wp\/v2\/tags?post=97076"}],"curies":[{"name":"wp","href":"https:\/\/api.w.org\/{rel}","templated":true}]}}