{"id":88846,"date":"2021-02-18T14:01:30","date_gmt":"2021-02-18T13:01:30","guid":{"rendered":null},"modified":"2021-02-18T14:03:26","modified_gmt":"2021-02-18T13:03:26","slug":"el-informe-de-la-eurocamara-propone-levantar-la-inmunidad-de-puigdemont","status":"publish","type":"post","link":"https:\/\/www.eltriangle.eu\/es\/2021\/02\/18\/el-informe-de-la-eurocamara-propone-levantar-la-inmunidad-de-puigdemont\/","title":{"rendered":"El informe de la Euroc\u00e1mara propone levantar la inmunidad de Puigdemont"},"content":{"rendered":"<p>El ponente del suplicatorio de <strong>Carles Puigdemont<\/strong> en el Parlamento Europeo, el conservador b\u00falgaro<strong> Angel Dzhambazki<\/strong>, ha entregado este mi\u00e9rcoles el informe que presentar\u00e1 a la comisi\u00f3n de Asuntos Jur\u00eddicos de la c\u00e1mara, que propone levantar la inmunidad que tiene como eurodiputado el expresidenta catal\u00e1n, seg\u00fan adelanta el diario <em>ABC<\/em>.<\/p>\n<p>La pr\u00f3xima semana se debatir\u00e1 y se votar\u00e1 la cuesti\u00f3n en el Parlamento Europeo antes de que, la semana del 8 de marzo, se lleve la decisi\u00f3n al pleno. El eventual levantamiento de la inmunidad reactivar\u00e1 el proceso de extradici\u00f3n que se encontraba congelado en la justicia belga, en espera de que se pronunciara la Euroc\u00e1mara.<\/p>\n<p>Puigdemont formular\u00e1 quejas al presidente del Parlamento Europeo, <strong>David Sassoli<\/strong>, y al secretario de la comisi\u00f3n de Asuntos Jur\u00eddicos por la filtraci\u00f3n del informe, aduciendo que constituye una irregularidad grave en el procedimiento.<\/p>\n","protected":false},"excerpt":{"rendered":"<p>El ponente del suplicatorio de Carles Puigdemont en el Parlamento Europeo, el conservador b\u00falgaro Angel Dzhambazki, ha entregado este mi\u00e9rcoles el informe que presentar\u00e1 a la comisi\u00f3n de Asuntos Jur\u00eddicos de la c\u00e1mara, que propone levantar la inmunidad que tiene como eurodiputado el expresidenta catal\u00e1n, seg\u00fan adelanta el diario ABC. La pr\u00f3xima semana se debatir\u00e1 &#8230; <a title=\"El informe de la Euroc\u00e1mara propone levantar la inmunidad de Puigdemont\" class=\"read-more\" href=\"https:\/\/www.eltriangle.eu\/es\/2021\/02\/18\/el-informe-de-la-eurocamara-propone-levantar-la-inmunidad-de-puigdemont\/\" aria-label=\"Leer m\u00e1s sobre El informe de la Euroc\u00e1mara propone levantar la inmunidad de Puigdemont\">Leer m\u00e1s<\/a><\/p>\n","protected":false},"author":99,"featured_media":88839,"comment_status":"open","ping_status":"closed","sticky":false,"template":"","format":"standard","meta":{"_acf_changed":false,"pmpro_default_level":"","footnotes":""},"categories":[24,74],"tags":[177,277],"class_list":["post-88846","post","type-post","status-publish","format-standard","has-post-thumbnail","hentry","category-actualidad","category-poderes","tag-carles-puigdemont-es","tag-parlamento-europeo","pmpro-has-access"],"acf":[],"yoast_head":"<!-- This site is optimized with the Yoast SEO plugin v27.4 - https:\/\/yoast.com\/product\/yoast-seo-wordpress\/ -->\n<title>El informe de la Euroc\u00e1mara propone levantar la inmunidad de Puigdemont - El Triangle<\/title>\n<meta name=\"description\" content=\"El ponente del suplicatorio de Carles Puigdemont en el Parlamento Europeo, el conservador b\u00falgaro Angel Dzhambazki, ha entregado este mi\u00e9rcoles el informe\" class=\"yoast-seo-meta-tag\" \/>\n<meta name=\"robots\" content=\"index, follow, max-snippet:-1, max-image-preview:large, max-video-preview:-1\" \/>\n<link rel=\"canonical\" href=\"https:\/\/www.eltriangle.eu\/es\/2021\/02\/18\/el-informe-de-la-eurocamara-propone-levantar-la-inmunidad-de-puigdemont\/\" class=\"yoast-seo-meta-tag\" \/>\n<meta property=\"og:locale\" content=\"es_ES\" class=\"yoast-seo-meta-tag\" \/>\n<meta property=\"og:type\" content=\"article\" class=\"yoast-seo-meta-tag\" \/>\n<meta property=\"og:title\" content=\"El informe de la Euroc\u00e1mara propone levantar la inmunidad de Puigdemont - El Triangle\" class=\"yoast-seo-meta-tag\" \/>\n<meta property=\"og:description\" content=\"El ponente del suplicatorio de Carles Puigdemont en el Parlamento Europeo, el conservador b\u00falgaro Angel Dzhambazki, ha entregado este mi\u00e9rcoles el informe\" class=\"yoast-seo-meta-tag\" \/>\n<meta property=\"og:url\" content=\"https:\/\/www.eltriangle.eu\/es\/2021\/02\/18\/el-informe-de-la-eurocamara-propone-levantar-la-inmunidad-de-puigdemont\/\" class=\"yoast-seo-meta-tag\" \/>\n<meta property=\"og:site_name\" content=\"El Triangle\" class=\"yoast-seo-meta-tag\" \/>\n<meta property=\"article:publisher\" content=\"https:\/\/www.facebook.com\/El-Triangle-Diari-101787399020302\" class=\"yoast-seo-meta-tag\" \/>\n<meta property=\"article:published_time\" content=\"2021-02-18T13:01:30+00:00\" class=\"yoast-seo-meta-tag\" \/>\n<meta property=\"article:modified_time\" content=\"2021-02-18T13:03:26+00:00\" class=\"yoast-seo-meta-tag\" \/>\n<meta property=\"og:image\" content=\"https:\/\/www.eltriangle.eu\/wp-content\/uploads\/2021\/02\/calvo-2.jpg\" class=\"yoast-seo-meta-tag\" \/>\n\t<meta property=\"og:image:width\" content=\"1200\" class=\"yoast-seo-meta-tag\" \/>\n\t<meta property=\"og:image:height\" content=\"596\" class=\"yoast-seo-meta-tag\" \/>\n\t<meta property=\"og:image:type\" content=\"image\/jpeg\" class=\"yoast-seo-meta-tag\" \/>\n<meta name=\"author\" content=\"david\" class=\"yoast-seo-meta-tag\" \/>\n<meta name=\"twitter:card\" content=\"summary_large_image\" class=\"yoast-seo-meta-tag\" \/>\n<meta name=\"twitter:creator\" content=\"@El_Triangle\" class=\"yoast-seo-meta-tag\" \/>\n<meta name=\"twitter:site\" content=\"@El_Triangle\" class=\"yoast-seo-meta-tag\" \/>\n<meta name=\"twitter:label1\" content=\"Escrito por\" class=\"yoast-seo-meta-tag\" \/>\n\t<meta name=\"twitter:data1\" content=\"david\" class=\"yoast-seo-meta-tag\" \/>\n\t<meta name=\"twitter:label2\" content=\"Tiempo de lectura\" class=\"yoast-seo-meta-tag\" \/>\n\t<meta name=\"twitter:data2\" content=\"1 minuto\" class=\"yoast-seo-meta-tag\" \/>\n<script type=\"application\/ld+json\" class=\"yoast-schema-graph\">{\"@context\":\"https:\\\/\\\/schema.org\",\"@graph\":[{\"@type\":\"NewsArticle\",\"@id\":\"https:\\\/\\\/www.eltriangle.eu\\\/es\\\/2021\\\/02\\\/18\\\/el-informe-de-la-eurocamara-propone-levantar-la-inmunidad-de-puigdemont\\\/#article\",\"isPartOf\":{\"@id\":\"https:\\\/\\\/www.eltriangle.eu\\\/es\\\/2021\\\/02\\\/18\\\/el-informe-de-la-eurocamara-propone-levantar-la-inmunidad-de-puigdemont\\\/\"},\"author\":{\"name\":\"david\",\"@id\":\"https:\\\/\\\/www.eltriangle.eu\\\/es\\\/#\\\/schema\\\/person\\\/cd672cc0045a30d0189a4a97aad9b8ac\"},\"headline\":\"El informe de la Euroc\u00e1mara propone levantar la inmunidad de Puigdemont\",\"datePublished\":\"2021-02-18T13:01:30+00:00\",\"dateModified\":\"2021-02-18T13:03:26+00:00\",\"mainEntityOfPage\":{\"@id\":\"https:\\\/\\\/www.eltriangle.eu\\\/es\\\/2021\\\/02\\\/18\\\/el-informe-de-la-eurocamara-propone-levantar-la-inmunidad-de-puigdemont\\\/\"},\"wordCount\":165,\"commentCount\":0,\"publisher\":{\"@id\":\"https:\\\/\\\/www.eltriangle.eu\\\/es\\\/#organization\"},\"image\":{\"@id\":\"https:\\\/\\\/www.eltriangle.eu\\\/es\\\/2021\\\/02\\\/18\\\/el-informe-de-la-eurocamara-propone-levantar-la-inmunidad-de-puigdemont\\\/#primaryimage\"},\"thumbnailUrl\":\"https:\\\/\\\/www.eltriangle.eu\\\/wp-content\\\/uploads\\\/2021\\\/02\\\/calvo-2.jpg\",\"keywords\":[\"Carles Puigdemont\",\"Parlamento Europeo\"],\"articleSection\":[\"Actualidad\",\"Poderes\"],\"inLanguage\":\"es\",\"potentialAction\":[{\"@type\":\"CommentAction\",\"name\":\"Comment\",\"target\":[\"https:\\\/\\\/www.eltriangle.eu\\\/es\\\/2021\\\/02\\\/18\\\/el-informe-de-la-eurocamara-propone-levantar-la-inmunidad-de-puigdemont\\\/#respond\"]}]},{\"@type\":\"WebPage\",\"@id\":\"https:\\\/\\\/www.eltriangle.eu\\\/es\\\/2021\\\/02\\\/18\\\/el-informe-de-la-eurocamara-propone-levantar-la-inmunidad-de-puigdemont\\\/\",\"url\":\"https:\\\/\\\/www.eltriangle.eu\\\/es\\\/2021\\\/02\\\/18\\\/el-informe-de-la-eurocamara-propone-levantar-la-inmunidad-de-puigdemont\\\/\",\"name\":\"El informe de la Euroc\u00e1mara propone levantar la inmunidad de Puigdemont - El Triangle\",\"isPartOf\":{\"@id\":\"https:\\\/\\\/www.eltriangle.eu\\\/es\\\/#website\"},\"primaryImageOfPage\":{\"@id\":\"https:\\\/\\\/www.eltriangle.eu\\\/es\\\/2021\\\/02\\\/18\\\/el-informe-de-la-eurocamara-propone-levantar-la-inmunidad-de-puigdemont\\\/#primaryimage\"},\"image\":{\"@id\":\"https:\\\/\\\/www.eltriangle.eu\\\/es\\\/2021\\\/02\\\/18\\\/el-informe-de-la-eurocamara-propone-levantar-la-inmunidad-de-puigdemont\\\/#primaryimage\"},\"thumbnailUrl\":\"https:\\\/\\\/www.eltriangle.eu\\\/wp-content\\\/uploads\\\/2021\\\/02\\\/calvo-2.jpg\",\"datePublished\":\"2021-02-18T13:01:30+00:00\",\"dateModified\":\"2021-02-18T13:03:26+00:00\",\"description\":\"El ponente del suplicatorio de Carles Puigdemont en el Parlamento Europeo, el conservador b\u00falgaro Angel Dzhambazki, ha entregado este mi\u00e9rcoles el informe\",\"breadcrumb\":{\"@id\":\"https:\\\/\\\/www.eltriangle.eu\\\/es\\\/2021\\\/02\\\/18\\\/el-informe-de-la-eurocamara-propone-levantar-la-inmunidad-de-puigdemont\\\/#breadcrumb\"},\"inLanguage\":\"es\",\"potentialAction\":[{\"@type\":\"ReadAction\",\"target\":[\"https:\\\/\\\/www.eltriangle.eu\\\/es\\\/2021\\\/02\\\/18\\\/el-informe-de-la-eurocamara-propone-levantar-la-inmunidad-de-puigdemont\\\/\"]}]},{\"@type\":\"ImageObject\",\"inLanguage\":\"es\",\"@id\":\"https:\\\/\\\/www.eltriangle.eu\\\/es\\\/2021\\\/02\\\/18\\\/el-informe-de-la-eurocamara-propone-levantar-la-inmunidad-de-puigdemont\\\/#primaryimage\",\"url\":\"https:\\\/\\\/www.eltriangle.eu\\\/wp-content\\\/uploads\\\/2021\\\/02\\\/calvo-2.jpg\",\"contentUrl\":\"https:\\\/\\\/www.eltriangle.eu\\\/wp-content\\\/uploads\\\/2021\\\/02\\\/calvo-2.jpg\",\"width\":1200,\"height\":596,\"caption\":\"Carles Puigdemont\"},{\"@type\":\"BreadcrumbList\",\"@id\":\"https:\\\/\\\/www.eltriangle.eu\\\/es\\\/2021\\\/02\\\/18\\\/el-informe-de-la-eurocamara-propone-levantar-la-inmunidad-de-puigdemont\\\/#breadcrumb\",\"itemListElement\":[{\"@type\":\"ListItem\",\"position\":1,\"name\":\"Portada\",\"item\":\"https:\\\/\\\/www.eltriangle.eu\\\/es\\\/\"},{\"@type\":\"ListItem\",\"position\":2,\"name\":\"El informe de la Euroc\u00e1mara propone levantar la inmunidad de Puigdemont\"}]},{\"@type\":\"WebSite\",\"@id\":\"https:\\\/\\\/www.eltriangle.eu\\\/es\\\/#website\",\"url\":\"https:\\\/\\\/www.eltriangle.eu\\\/es\\\/\",\"name\":\"El Triangle\",\"description\":\"El Triangle \u00e9s un Diari d&#039;informaci\u00f3 general, editat a Catalunya i escrit en llengua catalana, especialitzat en investigaci\u00f3 period\u00edstica\",\"publisher\":{\"@id\":\"https:\\\/\\\/www.eltriangle.eu\\\/es\\\/#organization\"},\"potentialAction\":[{\"@type\":\"SearchAction\",\"target\":{\"@type\":\"EntryPoint\",\"urlTemplate\":\"https:\\\/\\\/www.eltriangle.eu\\\/es\\\/?s={search_term_string}\"},\"query-input\":{\"@type\":\"PropertyValueSpecification\",\"valueRequired\":true,\"valueName\":\"search_term_string\"}}],\"inLanguage\":\"es\"},{\"@type\":[\"Organization\",\"NewsMediaOrganization\"],\"@id\":\"https:\\\/\\\/www.eltriangle.eu\\\/es\\\/#organization\",\"name\":\"El Triangle\",\"url\":\"https:\\\/\\\/www.eltriangle.eu\\\/es\\\/\",\"logo\":{\"@type\":\"ImageObject\",\"inLanguage\":\"es\",\"@id\":\"https:\\\/\\\/www.eltriangle.eu\\\/es\\\/#\\\/schema\\\/logo\\\/image\\\/\",\"url\":\"https:\\\/\\\/www.eltriangle.eu\\\/wp-content\\\/uploads\\\/2020\\\/11\\\/triangle_logo-ajustado.jpg\",\"contentUrl\":\"https:\\\/\\\/www.eltriangle.eu\\\/wp-content\\\/uploads\\\/2020\\\/11\\\/triangle_logo-ajustado.jpg\",\"width\":521,\"height\":92,\"caption\":\"El Triangle\"},\"image\":{\"@id\":\"https:\\\/\\\/www.eltriangle.eu\\\/es\\\/#\\\/schema\\\/logo\\\/image\\\/\"},\"sameAs\":[\"https:\\\/\\\/www.facebook.com\\\/El-Triangle-Diari-101787399020302\",\"https:\\\/\\\/x.com\\\/El_Triangle\",\"https:\\\/\\\/www.youtube.com\\\/channel\\\/UCTIjmYEMYSpdGonuAgNhbcg\"]},{\"@type\":\"Person\",\"@id\":\"https:\\\/\\\/www.eltriangle.eu\\\/es\\\/#\\\/schema\\\/person\\\/cd672cc0045a30d0189a4a97aad9b8ac\",\"name\":\"david\",\"image\":{\"@type\":\"ImageObject\",\"inLanguage\":\"es\",\"@id\":\"\\\/\\\/www.gravatar.com\\\/avatar\\\/55b36afa1d6d76758664a1eac66d9919?s=96&#038;r=g&#038;d=mm\",\"url\":\"\\\/\\\/www.gravatar.com\\\/avatar\\\/55b36afa1d6d76758664a1eac66d9919?s=96&#038;r=g&#038;d=mm\",\"contentUrl\":\"\\\/\\\/www.gravatar.com\\\/avatar\\\/55b36afa1d6d76758664a1eac66d9919?s=96&#038;r=g&#038;d=mm\",\"caption\":\"david\"},\"url\":\"https:\\\/\\\/www.eltriangle.eu\\\/es\\\/author\\\/david\\\/\"},{\"@type\":\"SiteNavigationElement\",\"@id\":\"https:\\\/\\\/www.eltriangle.eu\\\/es\\\/#site-navigation\",\"cssSelector\":[\".cib-main-menu\"]},{\"@type\":\"WPHeader\",\"@id\":\"https:\\\/\\\/www.eltriangle.eu\\\/es\\\/#header\",\"cssSelector\":[\".cib-header\"]},{\"@type\":\"WPFooter\",\"@id\":\"https:\\\/\\\/www.eltriangle.eu\\\/es\\\/#footer\",\"cssSelector\":[\".cib-footer\"]}]}<\/script>\n<!-- \/ Yoast SEO plugin. -->","yoast_head_json":{"title":"El informe de la Euroc\u00e1mara propone levantar la inmunidad de Puigdemont - El Triangle","description":"El ponente del suplicatorio de Carles Puigdemont en el Parlamento Europeo, el conservador b\u00falgaro Angel Dzhambazki, ha entregado este mi\u00e9rcoles el informe","robots":{"index":"index","follow":"follow","max-snippet":"max-snippet:-1","max-image-preview":"max-image-preview:large","max-video-preview":"max-video-preview:-1"},"canonical":"https:\/\/www.eltriangle.eu\/es\/2021\/02\/18\/el-informe-de-la-eurocamara-propone-levantar-la-inmunidad-de-puigdemont\/","og_locale":"es_ES","og_type":"article","og_title":"El informe de la Euroc\u00e1mara propone levantar la inmunidad de Puigdemont - El Triangle","og_description":"El ponente del suplicatorio de Carles Puigdemont en el Parlamento Europeo, el conservador b\u00falgaro Angel Dzhambazki, ha entregado este mi\u00e9rcoles el informe","og_url":"https:\/\/www.eltriangle.eu\/es\/2021\/02\/18\/el-informe-de-la-eurocamara-propone-levantar-la-inmunidad-de-puigdemont\/","og_site_name":"El Triangle","article_publisher":"https:\/\/www.facebook.com\/El-Triangle-Diari-101787399020302","article_published_time":"2021-02-18T13:01:30+00:00","article_modified_time":"2021-02-18T13:03:26+00:00","og_image":[{"width":1200,"height":596,"url":"https:\/\/www.eltriangle.eu\/wp-content\/uploads\/2021\/02\/calvo-2.jpg","type":"image\/jpeg"}],"author":"david","twitter_card":"summary_large_image","twitter_creator":"@El_Triangle","twitter_site":"@El_Triangle","twitter_misc":{"Escrito por":"david","Tiempo de lectura":"1 minuto"},"schema":{"@context":"https:\/\/schema.org","@graph":[{"@type":"NewsArticle","@id":"https:\/\/www.eltriangle.eu\/es\/2021\/02\/18\/el-informe-de-la-eurocamara-propone-levantar-la-inmunidad-de-puigdemont\/#article","isPartOf":{"@id":"https:\/\/www.eltriangle.eu\/es\/2021\/02\/18\/el-informe-de-la-eurocamara-propone-levantar-la-inmunidad-de-puigdemont\/"},"author":{"name":"david","@id":"https:\/\/www.eltriangle.eu\/es\/#\/schema\/person\/cd672cc0045a30d0189a4a97aad9b8ac"},"headline":"El informe de la Euroc\u00e1mara propone levantar la inmunidad de Puigdemont","datePublished":"2021-02-18T13:01:30+00:00","dateModified":"2021-02-18T13:03:26+00:00","mainEntityOfPage":{"@id":"https:\/\/www.eltriangle.eu\/es\/2021\/02\/18\/el-informe-de-la-eurocamara-propone-levantar-la-inmunidad-de-puigdemont\/"},"wordCount":165,"commentCount":0,"publisher":{"@id":"https:\/\/www.eltriangle.eu\/es\/#organization"},"image":{"@id":"https:\/\/www.eltriangle.eu\/es\/2021\/02\/18\/el-informe-de-la-eurocamara-propone-levantar-la-inmunidad-de-puigdemont\/#primaryimage"},"thumbnailUrl":"https:\/\/www.eltriangle.eu\/wp-content\/uploads\/2021\/02\/calvo-2.jpg","keywords":["Carles Puigdemont","Parlamento Europeo"],"articleSection":["Actualidad","Poderes"],"inLanguage":"es","potentialAction":[{"@type":"CommentAction","name":"Comment","target":["https:\/\/www.eltriangle.eu\/es\/2021\/02\/18\/el-informe-de-la-eurocamara-propone-levantar-la-inmunidad-de-puigdemont\/#respond"]}]},{"@type":"WebPage","@id":"https:\/\/www.eltriangle.eu\/es\/2021\/02\/18\/el-informe-de-la-eurocamara-propone-levantar-la-inmunidad-de-puigdemont\/","url":"https:\/\/www.eltriangle.eu\/es\/2021\/02\/18\/el-informe-de-la-eurocamara-propone-levantar-la-inmunidad-de-puigdemont\/","name":"El informe de la Euroc\u00e1mara propone levantar la inmunidad de Puigdemont - El Triangle","isPartOf":{"@id":"https:\/\/www.eltriangle.eu\/es\/#website"},"primaryImageOfPage":{"@id":"https:\/\/www.eltriangle.eu\/es\/2021\/02\/18\/el-informe-de-la-eurocamara-propone-levantar-la-inmunidad-de-puigdemont\/#primaryimage"},"image":{"@id":"https:\/\/www.eltriangle.eu\/es\/2021\/02\/18\/el-informe-de-la-eurocamara-propone-levantar-la-inmunidad-de-puigdemont\/#primaryimage"},"thumbnailUrl":"https:\/\/www.eltriangle.eu\/wp-content\/uploads\/2021\/02\/calvo-2.jpg","datePublished":"2021-02-18T13:01:30+00:00","dateModified":"2021-02-18T13:03:26+00:00","description":"El ponente del suplicatorio de Carles Puigdemont en el Parlamento Europeo, el conservador b\u00falgaro Angel Dzhambazki, ha entregado este mi\u00e9rcoles el informe","breadcrumb":{"@id":"https:\/\/www.eltriangle.eu\/es\/2021\/02\/18\/el-informe-de-la-eurocamara-propone-levantar-la-inmunidad-de-puigdemont\/#breadcrumb"},"inLanguage":"es","potentialAction":[{"@type":"ReadAction","target":["https:\/\/www.eltriangle.eu\/es\/2021\/02\/18\/el-informe-de-la-eurocamara-propone-levantar-la-inmunidad-de-puigdemont\/"]}]},{"@type":"ImageObject","inLanguage":"es","@id":"https:\/\/www.eltriangle.eu\/es\/2021\/02\/18\/el-informe-de-la-eurocamara-propone-levantar-la-inmunidad-de-puigdemont\/#primaryimage","url":"https:\/\/www.eltriangle.eu\/wp-content\/uploads\/2021\/02\/calvo-2.jpg","contentUrl":"https:\/\/www.eltriangle.eu\/wp-content\/uploads\/2021\/02\/calvo-2.jpg","width":1200,"height":596,"caption":"Carles Puigdemont"},{"@type":"BreadcrumbList","@id":"https:\/\/www.eltriangle.eu\/es\/2021\/02\/18\/el-informe-de-la-eurocamara-propone-levantar-la-inmunidad-de-puigdemont\/#breadcrumb","itemListElement":[{"@type":"ListItem","position":1,"name":"Portada","item":"https:\/\/www.eltriangle.eu\/es\/"},{"@type":"ListItem","position":2,"name":"El informe de la Euroc\u00e1mara propone levantar la inmunidad de Puigdemont"}]},{"@type":"WebSite","@id":"https:\/\/www.eltriangle.eu\/es\/#website","url":"https:\/\/www.eltriangle.eu\/es\/","name":"El Triangle","description":"El Triangle \u00e9s un Diari d&#039;informaci\u00f3 general, editat a Catalunya i escrit en llengua catalana, especialitzat en investigaci\u00f3 period\u00edstica","publisher":{"@id":"https:\/\/www.eltriangle.eu\/es\/#organization"},"potentialAction":[{"@type":"SearchAction","target":{"@type":"EntryPoint","urlTemplate":"https:\/\/www.eltriangle.eu\/es\/?s={search_term_string}"},"query-input":{"@type":"PropertyValueSpecification","valueRequired":true,"valueName":"search_term_string"}}],"inLanguage":"es"},{"@type":["Organization","NewsMediaOrganization"],"@id":"https:\/\/www.eltriangle.eu\/es\/#organization","name":"El Triangle","url":"https:\/\/www.eltriangle.eu\/es\/","logo":{"@type":"ImageObject","inLanguage":"es","@id":"https:\/\/www.eltriangle.eu\/es\/#\/schema\/logo\/image\/","url":"https:\/\/www.eltriangle.eu\/wp-content\/uploads\/2020\/11\/triangle_logo-ajustado.jpg","contentUrl":"https:\/\/www.eltriangle.eu\/wp-content\/uploads\/2020\/11\/triangle_logo-ajustado.jpg","width":521,"height":92,"caption":"El Triangle"},"image":{"@id":"https:\/\/www.eltriangle.eu\/es\/#\/schema\/logo\/image\/"},"sameAs":["https:\/\/www.facebook.com\/El-Triangle-Diari-101787399020302","https:\/\/x.com\/El_Triangle","https:\/\/www.youtube.com\/channel\/UCTIjmYEMYSpdGonuAgNhbcg"]},{"@type":"Person","@id":"https:\/\/www.eltriangle.eu\/es\/#\/schema\/person\/cd672cc0045a30d0189a4a97aad9b8ac","name":"david","image":{"@type":"ImageObject","inLanguage":"es","@id":"\/\/www.gravatar.com\/avatar\/55b36afa1d6d76758664a1eac66d9919?s=96&#038;r=g&#038;d=mm","url":"\/\/www.gravatar.com\/avatar\/55b36afa1d6d76758664a1eac66d9919?s=96&#038;r=g&#038;d=mm","contentUrl":"\/\/www.gravatar.com\/avatar\/55b36afa1d6d76758664a1eac66d9919?s=96&#038;r=g&#038;d=mm","caption":"david"},"url":"https:\/\/www.eltriangle.eu\/es\/author\/david\/"},{"@type":"SiteNavigationElement","@id":"https:\/\/www.eltriangle.eu\/es\/#site-navigation","cssSelector":[".cib-main-menu"]},{"@type":"WPHeader","@id":"https:\/\/www.eltriangle.eu\/es\/#header","cssSelector":[".cib-header"]},{"@type":"WPFooter","@id":"https:\/\/www.eltriangle.eu\/es\/#footer","cssSelector":[".cib-footer"]}]}},"amp_enabled":true,"_links":{"self":[{"href":"https:\/\/www.eltriangle.eu\/es\/wp-json\/wp\/v2\/posts\/88846","targetHints":{"allow":["GET"]}}],"collection":[{"href":"https:\/\/www.eltriangle.eu\/es\/wp-json\/wp\/v2\/posts"}],"about":[{"href":"https:\/\/www.eltriangle.eu\/es\/wp-json\/wp\/v2\/types\/post"}],"author":[{"embeddable":true,"href":"https:\/\/www.eltriangle.eu\/es\/wp-json\/wp\/v2\/users\/99"}],"replies":[{"embeddable":true,"href":"https:\/\/www.eltriangle.eu\/es\/wp-json\/wp\/v2\/comments?post=88846"}],"version-history":[{"count":0,"href":"https:\/\/www.eltriangle.eu\/es\/wp-json\/wp\/v2\/posts\/88846\/revisions"}],"wp:featuredmedia":[{"embeddable":true,"href":"https:\/\/www.eltriangle.eu\/es\/wp-json\/wp\/v2\/media\/88839"}],"wp:attachment":[{"href":"https:\/\/www.eltriangle.eu\/es\/wp-json\/wp\/v2\/media?parent=88846"}],"wp:term":[{"taxonomy":"category","embeddable":true,"href":"https:\/\/www.eltriangle.eu\/es\/wp-json\/wp\/v2\/categories?post=88846"},{"taxonomy":"post_tag","embeddable":true,"href":"https:\/\/www.eltriangle.eu\/es\/wp-json\/wp\/v2\/tags?post=88846"}],"curies":[{"name":"wp","href":"https:\/\/api.w.org\/{rel}","templated":true}]}}