{"id":81942,"date":"2020-12-18T11:21:26","date_gmt":"2020-12-18T10:21:26","guid":{"rendered":null},"modified":"2020-12-18T11:21:26","modified_gmt":"2020-12-18T10:21:26","slug":"el-xat-de-militars-que-investiga-la-fiscalia-creo-que-me-quedo-corto-fusilando-a-26-millones","status":"publish","type":"post","link":"https:\/\/www.eltriangle.eu\/es\/2020\/12\/18\/el-xat-de-militars-que-investiga-la-fiscalia-creo-que-me-quedo-corto-fusilando-a-26-millones\/","title":{"rendered":"El xat de militars que investiga la Fiscalia: \u00abCreo que me quedo corto fusilando a 26 millones\u00bb"},"content":{"rendered":"<p>Algunos militares espa\u00f1oles retirados miembros de la <strong>19\u00aa promoci\u00f3n de la Academia General del Aire<\/strong> se mostraron de acuerdo en promover un <strong>alzamiento militar<\/strong>, seg\u00fan los fragmentos del chat de esta promoci\u00f3n que centra una investigaci\u00f3n de la Fiscal\u00eda, revelados por <em>El Pa\u00eds<\/em>.<\/p>\n<p>Entre estos, destacan los mensajes del general <strong>Francisco Beca<\/strong>, del que ya hab\u00eda trascendido un comentario del mismo chat en el que dec\u00eda que \u00abhay que aniquilar a 26 millones, ni\u00f1os incluidos\u00bb. \u00abYo conf\u00edo en que salga otro matarrojos, pero que esta vez no se quede corto\u00bb, dec\u00eda justo antes, seg\u00fan revela la misma informaci\u00f3n. Este general tambi\u00e9n manifestaba que \u00abDesgraciadamente, solo otro 36, pero con muchos m\u00e1s muertos por la parte roja y separatista, puede arreglar esta triste Espa\u00f1a\u00bb. \u00ab\u00bfQue Franco fusil\u00f3 a mucha gente en la guerra y en los a\u00f1os siguientes? Mi respuesta es que a muy pocos\u00bb, a\u00f1ad\u00eda este general, que tambi\u00e9n reiteraba: \u00abCreo que me quedo corto fusilando a 26 millones\u00bb.<\/p>\n<p>Beca, el participante m\u00e1s citado en esta informaci\u00f3n, confiesa su desconfianza sobre la posibilidad de que la pol\u00edtica cambie una situaci\u00f3n sobre la que expresa reiteradamente su rechazo: \u00abEl drama es que eso ya no lo para la pol\u00edtica. Desgraciadamente estos hijos de puta nos van a convertir Espa\u00f1a en una Venezuela y la forma de parar esto es un nuevo alzamiento con las consecuencias que ya conocemos. A mis 77 a\u00f1os no s\u00e9 qu\u00e9 cojones puedo hacer\u00bb.<\/p>\n<p>Algunos compa\u00f1eros de promoci\u00f3n, sin embargo, discreparon del alzamiento que Beca propon\u00eda y se mostraron partidarios de la v\u00eda pol\u00edtica y contactar el rey <strong>Felipe VI<\/strong>, lo que hicieron. Uno ve\u00eda el alzamiento \u00abinviable\u00bb y preve\u00eda que, en un plazo de dos a\u00f1os, \u00abla gente reaccionar\u00e1 y se podr\u00e1 echar a estos gobernantes in\u00fatiles\u00bb. Beca, por su parte, opon\u00eda una \u00abpega\u00bb: \u00ab\u00bfVa a permitir el hijo puta del coletas [Pablo Iglesias] y el malnacido de S\u00e1nchez que el pueblo vote?\u00bb.<\/p>\n<p>Otro abogaba por \u00absumar fuerzas con Abascal [el l\u00edder de Vox]\u00bb si el PP \u00abno reacciona\u00bb. Comentarios sobre la v\u00eda de recurrir al rey Felipe VI se realizaron un mes antes del que afirmaba que se ha enviado, ese mismo d\u00eda, la carta al jefe del Estado.<\/p>\n<p>Sin embargo, tambi\u00e9n los hab\u00eda que se alineaban con los planteamientos de Beca. \u00abNo quiero que estos sinverg\u00fcenzas pierdan las elecciones. No. Quiero que se mueran todos y toda su estirpe. Eso es lo que quiero. \u00bfEs mucho pedir?\u00bb. Recogiendo el guante del general Beca, el capit\u00e1n <strong>\u00c1ngel D\u00edaz<\/strong> respond\u00eda: \u00abPues habr\u00e1 que ir poniendo los ladrillos [\u2026] Me refiero a los ladrillos del pared\u00f3n al que aspira Paco [Beca]\u00bb.<\/p>\n<p>Seg\u00fan <em>El Pa\u00eds<\/em>, muchos miembros del chat lo abandonaron cuando corri\u00f3 la voz de que ten\u00edan un topo. Antes, uno de los que usaba seud\u00f3nimo ya hab\u00eda alertado a sus compa\u00f1eros de que \u00abalgunas manifestaciones <strong>podr\u00edan ser consideradas incitaci\u00f3n a la rebeli\u00f3n<\/strong>\u00bb y que el chat era una plataforma de comunicaci\u00f3n indiscreta.<\/p>\n","protected":false},"excerpt":{"rendered":"<p>Algunos militares espa\u00f1oles retirados miembros de la 19\u00aa promoci\u00f3n de la Academia General del Aire se mostraron de acuerdo en promover un alzamiento militar, seg\u00fan los fragmentos del chat de esta promoci\u00f3n que centra una investigaci\u00f3n de la Fiscal\u00eda, revelados por El Pa\u00eds. Entre estos, destacan los mensajes del general Francisco Beca, del que ya &#8230; <a title=\"El xat de militars que investiga la Fiscalia: \u00abCreo que me quedo corto fusilando a 26 millones\u00bb\" class=\"read-more\" href=\"https:\/\/www.eltriangle.eu\/es\/2020\/12\/18\/el-xat-de-militars-que-investiga-la-fiscalia-creo-que-me-quedo-corto-fusilando-a-26-millones\/\" aria-label=\"Leer m\u00e1s sobre El xat de militars que investiga la Fiscalia: \u00abCreo que me quedo corto fusilando a 26 millones\u00bb\">Leer m\u00e1s<\/a><\/p>\n","protected":false},"author":99,"featured_media":81938,"comment_status":"open","ping_status":"closed","sticky":false,"template":"","format":"standard","meta":{"_acf_changed":false,"pmpro_default_level":"","footnotes":""},"categories":[74,96],"tags":[474],"class_list":["post-81942","post","type-post","status-publish","format-standard","has-post-thumbnail","hentry","category-poderes","category-tribunales","tag-ejercito","pmpro-has-access"],"acf":[],"yoast_head":"<!-- This site is optimized with the Yoast SEO plugin v27.4 - https:\/\/yoast.com\/product\/yoast-seo-wordpress\/ -->\n<title>El xat de militars que investiga la Fiscalia: &quot;Creo que me quedo corto fusilando a 26 millones&quot; - El Triangle<\/title>\n<meta name=\"description\" content=\"Algunos militares espa\u00f1oles retirados miembros de la 19\u00aa promoci\u00f3n de la Academia General del Aire se mostraron de acuerdo en promover un alzamiento\" class=\"yoast-seo-meta-tag\" \/>\n<meta name=\"robots\" content=\"index, follow, max-snippet:-1, max-image-preview:large, max-video-preview:-1\" \/>\n<link rel=\"canonical\" href=\"https:\/\/www.eltriangle.eu\/es\/2020\/12\/18\/el-xat-de-militars-que-investiga-la-fiscalia-creo-que-me-quedo-corto-fusilando-a-26-millones\/\" class=\"yoast-seo-meta-tag\" \/>\n<meta property=\"og:locale\" content=\"es_ES\" class=\"yoast-seo-meta-tag\" \/>\n<meta property=\"og:type\" content=\"article\" class=\"yoast-seo-meta-tag\" \/>\n<meta property=\"og:title\" content=\"El xat de militars que investiga la Fiscalia: &quot;Creo que me quedo corto fusilando a 26 millones&quot; - El Triangle\" class=\"yoast-seo-meta-tag\" \/>\n<meta property=\"og:description\" content=\"Algunos militares espa\u00f1oles retirados miembros de la 19\u00aa promoci\u00f3n de la Academia General del Aire se mostraron de acuerdo en promover un alzamiento\" class=\"yoast-seo-meta-tag\" \/>\n<meta property=\"og:url\" content=\"https:\/\/www.eltriangle.eu\/es\/2020\/12\/18\/el-xat-de-militars-que-investiga-la-fiscalia-creo-que-me-quedo-corto-fusilando-a-26-millones\/\" class=\"yoast-seo-meta-tag\" \/>\n<meta property=\"og:site_name\" content=\"El Triangle\" class=\"yoast-seo-meta-tag\" \/>\n<meta property=\"article:publisher\" content=\"https:\/\/www.facebook.com\/El-Triangle-Diari-101787399020302\" class=\"yoast-seo-meta-tag\" \/>\n<meta property=\"article:published_time\" content=\"2020-12-18T10:21:26+00:00\" class=\"yoast-seo-meta-tag\" \/>\n<meta property=\"og:image\" content=\"https:\/\/www.eltriangle.eu\/wp-content\/uploads\/2020\/12\/EpHsVSbXEAAAeFl.jpg\" class=\"yoast-seo-meta-tag\" \/>\n\t<meta property=\"og:image:width\" content=\"1200\" class=\"yoast-seo-meta-tag\" \/>\n\t<meta property=\"og:image:height\" content=\"800\" class=\"yoast-seo-meta-tag\" \/>\n\t<meta property=\"og:image:type\" content=\"image\/jpeg\" class=\"yoast-seo-meta-tag\" \/>\n<meta name=\"author\" content=\"david\" class=\"yoast-seo-meta-tag\" \/>\n<meta name=\"twitter:card\" content=\"summary_large_image\" class=\"yoast-seo-meta-tag\" \/>\n<meta name=\"twitter:creator\" content=\"@El_Triangle\" class=\"yoast-seo-meta-tag\" \/>\n<meta name=\"twitter:site\" content=\"@El_Triangle\" class=\"yoast-seo-meta-tag\" \/>\n<meta name=\"twitter:label1\" content=\"Escrito por\" class=\"yoast-seo-meta-tag\" \/>\n\t<meta name=\"twitter:data1\" content=\"david\" class=\"yoast-seo-meta-tag\" \/>\n\t<meta name=\"twitter:label2\" content=\"Tiempo de lectura\" class=\"yoast-seo-meta-tag\" \/>\n\t<meta name=\"twitter:data2\" content=\"3 minutos\" class=\"yoast-seo-meta-tag\" \/>\n<script type=\"application\/ld+json\" class=\"yoast-schema-graph\">{\"@context\":\"https:\\\/\\\/schema.org\",\"@graph\":[{\"@type\":\"NewsArticle\",\"@id\":\"https:\\\/\\\/www.eltriangle.eu\\\/es\\\/2020\\\/12\\\/18\\\/el-xat-de-militars-que-investiga-la-fiscalia-creo-que-me-quedo-corto-fusilando-a-26-millones\\\/#article\",\"isPartOf\":{\"@id\":\"https:\\\/\\\/www.eltriangle.eu\\\/es\\\/2020\\\/12\\\/18\\\/el-xat-de-militars-que-investiga-la-fiscalia-creo-que-me-quedo-corto-fusilando-a-26-millones\\\/\"},\"author\":{\"name\":\"david\",\"@id\":\"https:\\\/\\\/www.eltriangle.eu\\\/es\\\/#\\\/schema\\\/person\\\/cd672cc0045a30d0189a4a97aad9b8ac\"},\"headline\":\"El xat de militars que investiga la Fiscalia: \u00abCreo que me quedo corto fusilando a 26 millones\u00bb\",\"datePublished\":\"2020-12-18T10:21:26+00:00\",\"mainEntityOfPage\":{\"@id\":\"https:\\\/\\\/www.eltriangle.eu\\\/es\\\/2020\\\/12\\\/18\\\/el-xat-de-militars-que-investiga-la-fiscalia-creo-que-me-quedo-corto-fusilando-a-26-millones\\\/\"},\"wordCount\":555,\"commentCount\":0,\"publisher\":{\"@id\":\"https:\\\/\\\/www.eltriangle.eu\\\/es\\\/#organization\"},\"image\":{\"@id\":\"https:\\\/\\\/www.eltriangle.eu\\\/es\\\/2020\\\/12\\\/18\\\/el-xat-de-militars-que-investiga-la-fiscalia-creo-que-me-quedo-corto-fusilando-a-26-millones\\\/#primaryimage\"},\"thumbnailUrl\":\"https:\\\/\\\/www.eltriangle.eu\\\/wp-content\\\/uploads\\\/2020\\\/12\\\/EpHsVSbXEAAAeFl.jpg\",\"keywords\":[\"Ej\u00e9rcito\"],\"articleSection\":[\"Poderes\",\"Tribunales\"],\"inLanguage\":\"es\",\"potentialAction\":[{\"@type\":\"CommentAction\",\"name\":\"Comment\",\"target\":[\"https:\\\/\\\/www.eltriangle.eu\\\/es\\\/2020\\\/12\\\/18\\\/el-xat-de-militars-que-investiga-la-fiscalia-creo-que-me-quedo-corto-fusilando-a-26-millones\\\/#respond\"]}]},{\"@type\":\"WebPage\",\"@id\":\"https:\\\/\\\/www.eltriangle.eu\\\/es\\\/2020\\\/12\\\/18\\\/el-xat-de-militars-que-investiga-la-fiscalia-creo-que-me-quedo-corto-fusilando-a-26-millones\\\/\",\"url\":\"https:\\\/\\\/www.eltriangle.eu\\\/es\\\/2020\\\/12\\\/18\\\/el-xat-de-militars-que-investiga-la-fiscalia-creo-que-me-quedo-corto-fusilando-a-26-millones\\\/\",\"name\":\"El xat de militars que investiga la Fiscalia: \\\"Creo que me quedo corto fusilando a 26 millones\\\" - El Triangle\",\"isPartOf\":{\"@id\":\"https:\\\/\\\/www.eltriangle.eu\\\/es\\\/#website\"},\"primaryImageOfPage\":{\"@id\":\"https:\\\/\\\/www.eltriangle.eu\\\/es\\\/2020\\\/12\\\/18\\\/el-xat-de-militars-que-investiga-la-fiscalia-creo-que-me-quedo-corto-fusilando-a-26-millones\\\/#primaryimage\"},\"image\":{\"@id\":\"https:\\\/\\\/www.eltriangle.eu\\\/es\\\/2020\\\/12\\\/18\\\/el-xat-de-militars-que-investiga-la-fiscalia-creo-que-me-quedo-corto-fusilando-a-26-millones\\\/#primaryimage\"},\"thumbnailUrl\":\"https:\\\/\\\/www.eltriangle.eu\\\/wp-content\\\/uploads\\\/2020\\\/12\\\/EpHsVSbXEAAAeFl.jpg\",\"datePublished\":\"2020-12-18T10:21:26+00:00\",\"description\":\"Algunos militares espa\u00f1oles retirados miembros de la 19\u00aa promoci\u00f3n de la Academia General del Aire se mostraron de acuerdo en promover un alzamiento\",\"breadcrumb\":{\"@id\":\"https:\\\/\\\/www.eltriangle.eu\\\/es\\\/2020\\\/12\\\/18\\\/el-xat-de-militars-que-investiga-la-fiscalia-creo-que-me-quedo-corto-fusilando-a-26-millones\\\/#breadcrumb\"},\"inLanguage\":\"es\",\"potentialAction\":[{\"@type\":\"ReadAction\",\"target\":[\"https:\\\/\\\/www.eltriangle.eu\\\/es\\\/2020\\\/12\\\/18\\\/el-xat-de-militars-que-investiga-la-fiscalia-creo-que-me-quedo-corto-fusilando-a-26-millones\\\/\"]}]},{\"@type\":\"ImageObject\",\"inLanguage\":\"es\",\"@id\":\"https:\\\/\\\/www.eltriangle.eu\\\/es\\\/2020\\\/12\\\/18\\\/el-xat-de-militars-que-investiga-la-fiscalia-creo-que-me-quedo-corto-fusilando-a-26-millones\\\/#primaryimage\",\"url\":\"https:\\\/\\\/www.eltriangle.eu\\\/wp-content\\\/uploads\\\/2020\\\/12\\\/EpHsVSbXEAAAeFl.jpg\",\"contentUrl\":\"https:\\\/\\\/www.eltriangle.eu\\\/wp-content\\\/uploads\\\/2020\\\/12\\\/EpHsVSbXEAAAeFl.jpg\",\"width\":1200,\"height\":800,\"caption\":\"Militares en activo del Ej\u00e9rcito del Aire\"},{\"@type\":\"BreadcrumbList\",\"@id\":\"https:\\\/\\\/www.eltriangle.eu\\\/es\\\/2020\\\/12\\\/18\\\/el-xat-de-militars-que-investiga-la-fiscalia-creo-que-me-quedo-corto-fusilando-a-26-millones\\\/#breadcrumb\",\"itemListElement\":[{\"@type\":\"ListItem\",\"position\":1,\"name\":\"Portada\",\"item\":\"https:\\\/\\\/www.eltriangle.eu\\\/es\\\/\"},{\"@type\":\"ListItem\",\"position\":2,\"name\":\"El xat de militars que investiga la Fiscalia: \u00abCreo que me quedo corto fusilando a 26 millones\u00bb\"}]},{\"@type\":\"WebSite\",\"@id\":\"https:\\\/\\\/www.eltriangle.eu\\\/es\\\/#website\",\"url\":\"https:\\\/\\\/www.eltriangle.eu\\\/es\\\/\",\"name\":\"El Triangle\",\"description\":\"El Triangle \u00e9s un Diari d&#039;informaci\u00f3 general, editat a Catalunya i escrit en llengua catalana, especialitzat en investigaci\u00f3 period\u00edstica\",\"publisher\":{\"@id\":\"https:\\\/\\\/www.eltriangle.eu\\\/es\\\/#organization\"},\"potentialAction\":[{\"@type\":\"SearchAction\",\"target\":{\"@type\":\"EntryPoint\",\"urlTemplate\":\"https:\\\/\\\/www.eltriangle.eu\\\/es\\\/?s={search_term_string}\"},\"query-input\":{\"@type\":\"PropertyValueSpecification\",\"valueRequired\":true,\"valueName\":\"search_term_string\"}}],\"inLanguage\":\"es\"},{\"@type\":[\"Organization\",\"NewsMediaOrganization\"],\"@id\":\"https:\\\/\\\/www.eltriangle.eu\\\/es\\\/#organization\",\"name\":\"El Triangle\",\"url\":\"https:\\\/\\\/www.eltriangle.eu\\\/es\\\/\",\"logo\":{\"@type\":\"ImageObject\",\"inLanguage\":\"es\",\"@id\":\"https:\\\/\\\/www.eltriangle.eu\\\/es\\\/#\\\/schema\\\/logo\\\/image\\\/\",\"url\":\"https:\\\/\\\/www.eltriangle.eu\\\/wp-content\\\/uploads\\\/2020\\\/11\\\/triangle_logo-ajustado.jpg\",\"contentUrl\":\"https:\\\/\\\/www.eltriangle.eu\\\/wp-content\\\/uploads\\\/2020\\\/11\\\/triangle_logo-ajustado.jpg\",\"width\":521,\"height\":92,\"caption\":\"El Triangle\"},\"image\":{\"@id\":\"https:\\\/\\\/www.eltriangle.eu\\\/es\\\/#\\\/schema\\\/logo\\\/image\\\/\"},\"sameAs\":[\"https:\\\/\\\/www.facebook.com\\\/El-Triangle-Diari-101787399020302\",\"https:\\\/\\\/x.com\\\/El_Triangle\",\"https:\\\/\\\/www.youtube.com\\\/channel\\\/UCTIjmYEMYSpdGonuAgNhbcg\"]},{\"@type\":\"Person\",\"@id\":\"https:\\\/\\\/www.eltriangle.eu\\\/es\\\/#\\\/schema\\\/person\\\/cd672cc0045a30d0189a4a97aad9b8ac\",\"name\":\"david\",\"image\":{\"@type\":\"ImageObject\",\"inLanguage\":\"es\",\"@id\":\"\\\/\\\/www.gravatar.com\\\/avatar\\\/55b36afa1d6d76758664a1eac66d9919?s=96&#038;r=g&#038;d=mm\",\"url\":\"\\\/\\\/www.gravatar.com\\\/avatar\\\/55b36afa1d6d76758664a1eac66d9919?s=96&#038;r=g&#038;d=mm\",\"contentUrl\":\"\\\/\\\/www.gravatar.com\\\/avatar\\\/55b36afa1d6d76758664a1eac66d9919?s=96&#038;r=g&#038;d=mm\",\"caption\":\"david\"},\"url\":\"https:\\\/\\\/www.eltriangle.eu\\\/es\\\/author\\\/david\\\/\"},{\"@type\":\"SiteNavigationElement\",\"@id\":\"https:\\\/\\\/www.eltriangle.eu\\\/es\\\/#site-navigation\",\"cssSelector\":[\".cib-main-menu\"]},{\"@type\":\"WPHeader\",\"@id\":\"https:\\\/\\\/www.eltriangle.eu\\\/es\\\/#header\",\"cssSelector\":[\".cib-header\"]},{\"@type\":\"WPFooter\",\"@id\":\"https:\\\/\\\/www.eltriangle.eu\\\/es\\\/#footer\",\"cssSelector\":[\".cib-footer\"]}]}<\/script>\n<!-- \/ Yoast SEO plugin. -->","yoast_head_json":{"title":"El xat de militars que investiga la Fiscalia: \"Creo que me quedo corto fusilando a 26 millones\" - El Triangle","description":"Algunos militares espa\u00f1oles retirados miembros de la 19\u00aa promoci\u00f3n de la Academia General del Aire se mostraron de acuerdo en promover un alzamiento","robots":{"index":"index","follow":"follow","max-snippet":"max-snippet:-1","max-image-preview":"max-image-preview:large","max-video-preview":"max-video-preview:-1"},"canonical":"https:\/\/www.eltriangle.eu\/es\/2020\/12\/18\/el-xat-de-militars-que-investiga-la-fiscalia-creo-que-me-quedo-corto-fusilando-a-26-millones\/","og_locale":"es_ES","og_type":"article","og_title":"El xat de militars que investiga la Fiscalia: \"Creo que me quedo corto fusilando a 26 millones\" - El Triangle","og_description":"Algunos militares espa\u00f1oles retirados miembros de la 19\u00aa promoci\u00f3n de la Academia General del Aire se mostraron de acuerdo en promover un alzamiento","og_url":"https:\/\/www.eltriangle.eu\/es\/2020\/12\/18\/el-xat-de-militars-que-investiga-la-fiscalia-creo-que-me-quedo-corto-fusilando-a-26-millones\/","og_site_name":"El Triangle","article_publisher":"https:\/\/www.facebook.com\/El-Triangle-Diari-101787399020302","article_published_time":"2020-12-18T10:21:26+00:00","og_image":[{"width":1200,"height":800,"url":"https:\/\/www.eltriangle.eu\/wp-content\/uploads\/2020\/12\/EpHsVSbXEAAAeFl.jpg","type":"image\/jpeg"}],"author":"david","twitter_card":"summary_large_image","twitter_creator":"@El_Triangle","twitter_site":"@El_Triangle","twitter_misc":{"Escrito por":"david","Tiempo de lectura":"3 minutos"},"schema":{"@context":"https:\/\/schema.org","@graph":[{"@type":"NewsArticle","@id":"https:\/\/www.eltriangle.eu\/es\/2020\/12\/18\/el-xat-de-militars-que-investiga-la-fiscalia-creo-que-me-quedo-corto-fusilando-a-26-millones\/#article","isPartOf":{"@id":"https:\/\/www.eltriangle.eu\/es\/2020\/12\/18\/el-xat-de-militars-que-investiga-la-fiscalia-creo-que-me-quedo-corto-fusilando-a-26-millones\/"},"author":{"name":"david","@id":"https:\/\/www.eltriangle.eu\/es\/#\/schema\/person\/cd672cc0045a30d0189a4a97aad9b8ac"},"headline":"El xat de militars que investiga la Fiscalia: \u00abCreo que me quedo corto fusilando a 26 millones\u00bb","datePublished":"2020-12-18T10:21:26+00:00","mainEntityOfPage":{"@id":"https:\/\/www.eltriangle.eu\/es\/2020\/12\/18\/el-xat-de-militars-que-investiga-la-fiscalia-creo-que-me-quedo-corto-fusilando-a-26-millones\/"},"wordCount":555,"commentCount":0,"publisher":{"@id":"https:\/\/www.eltriangle.eu\/es\/#organization"},"image":{"@id":"https:\/\/www.eltriangle.eu\/es\/2020\/12\/18\/el-xat-de-militars-que-investiga-la-fiscalia-creo-que-me-quedo-corto-fusilando-a-26-millones\/#primaryimage"},"thumbnailUrl":"https:\/\/www.eltriangle.eu\/wp-content\/uploads\/2020\/12\/EpHsVSbXEAAAeFl.jpg","keywords":["Ej\u00e9rcito"],"articleSection":["Poderes","Tribunales"],"inLanguage":"es","potentialAction":[{"@type":"CommentAction","name":"Comment","target":["https:\/\/www.eltriangle.eu\/es\/2020\/12\/18\/el-xat-de-militars-que-investiga-la-fiscalia-creo-que-me-quedo-corto-fusilando-a-26-millones\/#respond"]}]},{"@type":"WebPage","@id":"https:\/\/www.eltriangle.eu\/es\/2020\/12\/18\/el-xat-de-militars-que-investiga-la-fiscalia-creo-que-me-quedo-corto-fusilando-a-26-millones\/","url":"https:\/\/www.eltriangle.eu\/es\/2020\/12\/18\/el-xat-de-militars-que-investiga-la-fiscalia-creo-que-me-quedo-corto-fusilando-a-26-millones\/","name":"El xat de militars que investiga la Fiscalia: \"Creo que me quedo corto fusilando a 26 millones\" - El Triangle","isPartOf":{"@id":"https:\/\/www.eltriangle.eu\/es\/#website"},"primaryImageOfPage":{"@id":"https:\/\/www.eltriangle.eu\/es\/2020\/12\/18\/el-xat-de-militars-que-investiga-la-fiscalia-creo-que-me-quedo-corto-fusilando-a-26-millones\/#primaryimage"},"image":{"@id":"https:\/\/www.eltriangle.eu\/es\/2020\/12\/18\/el-xat-de-militars-que-investiga-la-fiscalia-creo-que-me-quedo-corto-fusilando-a-26-millones\/#primaryimage"},"thumbnailUrl":"https:\/\/www.eltriangle.eu\/wp-content\/uploads\/2020\/12\/EpHsVSbXEAAAeFl.jpg","datePublished":"2020-12-18T10:21:26+00:00","description":"Algunos militares espa\u00f1oles retirados miembros de la 19\u00aa promoci\u00f3n de la Academia General del Aire se mostraron de acuerdo en promover un alzamiento","breadcrumb":{"@id":"https:\/\/www.eltriangle.eu\/es\/2020\/12\/18\/el-xat-de-militars-que-investiga-la-fiscalia-creo-que-me-quedo-corto-fusilando-a-26-millones\/#breadcrumb"},"inLanguage":"es","potentialAction":[{"@type":"ReadAction","target":["https:\/\/www.eltriangle.eu\/es\/2020\/12\/18\/el-xat-de-militars-que-investiga-la-fiscalia-creo-que-me-quedo-corto-fusilando-a-26-millones\/"]}]},{"@type":"ImageObject","inLanguage":"es","@id":"https:\/\/www.eltriangle.eu\/es\/2020\/12\/18\/el-xat-de-militars-que-investiga-la-fiscalia-creo-que-me-quedo-corto-fusilando-a-26-millones\/#primaryimage","url":"https:\/\/www.eltriangle.eu\/wp-content\/uploads\/2020\/12\/EpHsVSbXEAAAeFl.jpg","contentUrl":"https:\/\/www.eltriangle.eu\/wp-content\/uploads\/2020\/12\/EpHsVSbXEAAAeFl.jpg","width":1200,"height":800,"caption":"Militares en activo del Ej\u00e9rcito del Aire"},{"@type":"BreadcrumbList","@id":"https:\/\/www.eltriangle.eu\/es\/2020\/12\/18\/el-xat-de-militars-que-investiga-la-fiscalia-creo-que-me-quedo-corto-fusilando-a-26-millones\/#breadcrumb","itemListElement":[{"@type":"ListItem","position":1,"name":"Portada","item":"https:\/\/www.eltriangle.eu\/es\/"},{"@type":"ListItem","position":2,"name":"El xat de militars que investiga la Fiscalia: \u00abCreo que me quedo corto fusilando a 26 millones\u00bb"}]},{"@type":"WebSite","@id":"https:\/\/www.eltriangle.eu\/es\/#website","url":"https:\/\/www.eltriangle.eu\/es\/","name":"El Triangle","description":"El Triangle \u00e9s un Diari d&#039;informaci\u00f3 general, editat a Catalunya i escrit en llengua catalana, especialitzat en investigaci\u00f3 period\u00edstica","publisher":{"@id":"https:\/\/www.eltriangle.eu\/es\/#organization"},"potentialAction":[{"@type":"SearchAction","target":{"@type":"EntryPoint","urlTemplate":"https:\/\/www.eltriangle.eu\/es\/?s={search_term_string}"},"query-input":{"@type":"PropertyValueSpecification","valueRequired":true,"valueName":"search_term_string"}}],"inLanguage":"es"},{"@type":["Organization","NewsMediaOrganization"],"@id":"https:\/\/www.eltriangle.eu\/es\/#organization","name":"El Triangle","url":"https:\/\/www.eltriangle.eu\/es\/","logo":{"@type":"ImageObject","inLanguage":"es","@id":"https:\/\/www.eltriangle.eu\/es\/#\/schema\/logo\/image\/","url":"https:\/\/www.eltriangle.eu\/wp-content\/uploads\/2020\/11\/triangle_logo-ajustado.jpg","contentUrl":"https:\/\/www.eltriangle.eu\/wp-content\/uploads\/2020\/11\/triangle_logo-ajustado.jpg","width":521,"height":92,"caption":"El Triangle"},"image":{"@id":"https:\/\/www.eltriangle.eu\/es\/#\/schema\/logo\/image\/"},"sameAs":["https:\/\/www.facebook.com\/El-Triangle-Diari-101787399020302","https:\/\/x.com\/El_Triangle","https:\/\/www.youtube.com\/channel\/UCTIjmYEMYSpdGonuAgNhbcg"]},{"@type":"Person","@id":"https:\/\/www.eltriangle.eu\/es\/#\/schema\/person\/cd672cc0045a30d0189a4a97aad9b8ac","name":"david","image":{"@type":"ImageObject","inLanguage":"es","@id":"\/\/www.gravatar.com\/avatar\/55b36afa1d6d76758664a1eac66d9919?s=96&#038;r=g&#038;d=mm","url":"\/\/www.gravatar.com\/avatar\/55b36afa1d6d76758664a1eac66d9919?s=96&#038;r=g&#038;d=mm","contentUrl":"\/\/www.gravatar.com\/avatar\/55b36afa1d6d76758664a1eac66d9919?s=96&#038;r=g&#038;d=mm","caption":"david"},"url":"https:\/\/www.eltriangle.eu\/es\/author\/david\/"},{"@type":"SiteNavigationElement","@id":"https:\/\/www.eltriangle.eu\/es\/#site-navigation","cssSelector":[".cib-main-menu"]},{"@type":"WPHeader","@id":"https:\/\/www.eltriangle.eu\/es\/#header","cssSelector":[".cib-header"]},{"@type":"WPFooter","@id":"https:\/\/www.eltriangle.eu\/es\/#footer","cssSelector":[".cib-footer"]}]}},"amp_enabled":true,"_links":{"self":[{"href":"https:\/\/www.eltriangle.eu\/es\/wp-json\/wp\/v2\/posts\/81942","targetHints":{"allow":["GET"]}}],"collection":[{"href":"https:\/\/www.eltriangle.eu\/es\/wp-json\/wp\/v2\/posts"}],"about":[{"href":"https:\/\/www.eltriangle.eu\/es\/wp-json\/wp\/v2\/types\/post"}],"author":[{"embeddable":true,"href":"https:\/\/www.eltriangle.eu\/es\/wp-json\/wp\/v2\/users\/99"}],"replies":[{"embeddable":true,"href":"https:\/\/www.eltriangle.eu\/es\/wp-json\/wp\/v2\/comments?post=81942"}],"version-history":[{"count":0,"href":"https:\/\/www.eltriangle.eu\/es\/wp-json\/wp\/v2\/posts\/81942\/revisions"}],"wp:featuredmedia":[{"embeddable":true,"href":"https:\/\/www.eltriangle.eu\/es\/wp-json\/wp\/v2\/media\/81938"}],"wp:attachment":[{"href":"https:\/\/www.eltriangle.eu\/es\/wp-json\/wp\/v2\/media?parent=81942"}],"wp:term":[{"taxonomy":"category","embeddable":true,"href":"https:\/\/www.eltriangle.eu\/es\/wp-json\/wp\/v2\/categories?post=81942"},{"taxonomy":"post_tag","embeddable":true,"href":"https:\/\/www.eltriangle.eu\/es\/wp-json\/wp\/v2\/tags?post=81942"}],"curies":[{"name":"wp","href":"https:\/\/api.w.org\/{rel}","templated":true}]}}