{"id":78838,"date":"2020-11-27T15:33:01","date_gmt":"2020-11-27T15:33:01","guid":{"rendered":null},"modified":"2020-11-27T15:36:02","modified_gmt":"2020-11-27T15:36:02","slug":"torra-hace-campana-con-borras","status":"publish","type":"post","link":"https:\/\/www.eltriangle.eu\/es\/2020\/11\/27\/torra-hace-campana-con-borras\/","title":{"rendered":"Torra hace campa\u00f1a con Borr\u00e0s"},"content":{"rendered":"<p>El \u00faltimo presidente de la Generalitat, <strong>Quim Torra<\/strong>, participa en esta tarde en un acto virtual de la campa\u00f1a de<strong> Laura Borr\u00e0s<\/strong> como aspirante a candidata de <strong>Junts per<\/strong> <strong>Catalunya<\/strong> a la presidencia de la Generalitat.<\/p>\n<p>El propio Torra ha anunciado en Twitter que se trata de una charla bajo el lema de la campa\u00f1a de Borr\u00e0s, <strong>\u00abHagamos historia juntos\u00bb<\/strong>, que ofrecer\u00e1, a partir de las 20.30 horas, la que fue su primera consejera de Cultura desde su cuenta de la red social Instagram.<\/p>\n<p>Torra es la figura pol\u00edtica m\u00e1s importante que se ha decantado p\u00fablicamente por Borr\u00e1s, despu\u00e9s de que el otro destacado aspirante para liderar a JxCat en la pr\u00f3xima contienda electoral, el consejero <strong>Dami\u00e1 Calvet<\/strong>, haya recibido el apoyo de los exconsejeros de la antigua guardia convergente<strong> Joaquim Forn, Josep Rull y Felip Puig.<\/strong><\/p>\n<p>En cambio, la consejera de la Presidencia y portavoz del gobierno catal\u00e1n, <strong>Meritxell Bud\u00f3,<\/strong> ha evitado expresar cualquier preferencia entre aspirantes a las primarias de Junts en una entrevista reciente.<\/p>\n<p>Por su parte, en una entrevista concedida a <em>El Nacional<\/em> publicada este viernes, Borr\u00e0s ha lamentado que \u00abhemos tenido un Parlamento con una mayor\u00eda absoluta <strong>independentista y no hemos avanzado hacia la independencia\u00bb <\/strong>y ha defendido que \u00abhay muchas legitimidades democr\u00e1ticas que han seguido adelante con cifras inferiores a este 50%\u00bb.<\/p>\n<p>El proceso de primarias de JxCat se vota los d\u00edas 12 y 13 de diciembre.<\/p>\n","protected":false},"excerpt":{"rendered":"<p>El \u00faltimo presidente de la Generalitat, Quim Torra, participa en esta tarde en un acto virtual de la campa\u00f1a de Laura Borr\u00e0s como aspirante a candidata de Junts per Catalunya a la presidencia de la Generalitat. El propio Torra ha anunciado en Twitter que se trata de una charla bajo el lema de la campa\u00f1a &#8230; <a title=\"Torra hace campa\u00f1a con Borr\u00e0s\" class=\"read-more\" href=\"https:\/\/www.eltriangle.eu\/es\/2020\/11\/27\/torra-hace-campana-con-borras\/\" aria-label=\"Leer m\u00e1s sobre Torra hace campa\u00f1a con Borr\u00e0s\">Leer m\u00e1s<\/a><\/p>\n","protected":false},"author":99,"featured_media":78837,"comment_status":"open","ping_status":"closed","sticky":false,"template":"","format":"standard","meta":{"_acf_changed":false,"pmpro_default_level":"","footnotes":""},"categories":[24,74],"tags":[298,297],"class_list":["post-78838","post","type-post","status-publish","format-standard","has-post-thumbnail","hentry","category-actualidad","category-poderes","tag-laura-borras-es","tag-quim-torra-es","pmpro-has-access"],"acf":[],"yoast_head":"<!-- This site is optimized with the Yoast SEO plugin v27.4 - https:\/\/yoast.com\/product\/yoast-seo-wordpress\/ -->\n<title>Torra hace campa\u00f1a con Borr\u00e0s - El Triangle<\/title>\n<meta name=\"description\" content=\"El \u00faltimo presidente de la Generalitat, Quim Torra, participa en esta tarde en un acto virtual de la campa\u00f1a de Laura Borr\u00e0s como aspirante a candidata de\" class=\"yoast-seo-meta-tag\" \/>\n<meta name=\"robots\" content=\"index, follow, max-snippet:-1, max-image-preview:large, max-video-preview:-1\" \/>\n<link rel=\"canonical\" href=\"https:\/\/www.eltriangle.eu\/es\/2020\/11\/27\/torra-hace-campana-con-borras\/\" class=\"yoast-seo-meta-tag\" \/>\n<meta property=\"og:locale\" content=\"es_ES\" class=\"yoast-seo-meta-tag\" \/>\n<meta property=\"og:type\" content=\"article\" class=\"yoast-seo-meta-tag\" \/>\n<meta property=\"og:title\" content=\"Torra hace campa\u00f1a con Borr\u00e0s - El Triangle\" class=\"yoast-seo-meta-tag\" \/>\n<meta property=\"og:description\" content=\"El \u00faltimo presidente de la Generalitat, Quim Torra, participa en esta tarde en un acto virtual de la campa\u00f1a de Laura Borr\u00e0s como aspirante a candidata de\" class=\"yoast-seo-meta-tag\" \/>\n<meta property=\"og:url\" content=\"https:\/\/www.eltriangle.eu\/es\/2020\/11\/27\/torra-hace-campana-con-borras\/\" class=\"yoast-seo-meta-tag\" \/>\n<meta property=\"og:site_name\" content=\"El Triangle\" class=\"yoast-seo-meta-tag\" \/>\n<meta property=\"article:publisher\" content=\"https:\/\/www.facebook.com\/El-Triangle-Diari-101787399020302\" class=\"yoast-seo-meta-tag\" \/>\n<meta property=\"article:published_time\" content=\"2020-11-27T15:33:01+00:00\" class=\"yoast-seo-meta-tag\" \/>\n<meta property=\"article:modified_time\" content=\"2020-11-27T15:36:02+00:00\" class=\"yoast-seo-meta-tag\" \/>\n<meta property=\"og:image\" content=\"https:\/\/www.eltriangle.eu\/wp-content\/uploads\/2020\/11\/torrborr.jpg\" class=\"yoast-seo-meta-tag\" \/>\n\t<meta property=\"og:image:width\" content=\"1024\" class=\"yoast-seo-meta-tag\" \/>\n\t<meta property=\"og:image:height\" content=\"512\" class=\"yoast-seo-meta-tag\" \/>\n\t<meta property=\"og:image:type\" content=\"image\/jpeg\" class=\"yoast-seo-meta-tag\" \/>\n<meta name=\"author\" content=\"david\" class=\"yoast-seo-meta-tag\" \/>\n<meta name=\"twitter:card\" content=\"summary_large_image\" class=\"yoast-seo-meta-tag\" \/>\n<meta name=\"twitter:creator\" content=\"@El_Triangle\" class=\"yoast-seo-meta-tag\" \/>\n<meta name=\"twitter:site\" content=\"@El_Triangle\" class=\"yoast-seo-meta-tag\" \/>\n<meta name=\"twitter:label1\" content=\"Escrito por\" class=\"yoast-seo-meta-tag\" \/>\n\t<meta name=\"twitter:data1\" content=\"david\" class=\"yoast-seo-meta-tag\" \/>\n\t<meta name=\"twitter:label2\" content=\"Tiempo de lectura\" class=\"yoast-seo-meta-tag\" \/>\n\t<meta name=\"twitter:data2\" content=\"1 minuto\" class=\"yoast-seo-meta-tag\" \/>\n<script type=\"application\/ld+json\" class=\"yoast-schema-graph\">{\"@context\":\"https:\\\/\\\/schema.org\",\"@graph\":[{\"@type\":\"NewsArticle\",\"@id\":\"https:\\\/\\\/www.eltriangle.eu\\\/es\\\/2020\\\/11\\\/27\\\/torra-hace-campana-con-borras\\\/#article\",\"isPartOf\":{\"@id\":\"https:\\\/\\\/www.eltriangle.eu\\\/es\\\/2020\\\/11\\\/27\\\/torra-hace-campana-con-borras\\\/\"},\"author\":{\"name\":\"david\",\"@id\":\"https:\\\/\\\/www.eltriangle.eu\\\/es\\\/#\\\/schema\\\/person\\\/cd672cc0045a30d0189a4a97aad9b8ac\"},\"headline\":\"Torra hace campa\u00f1a con Borr\u00e0s\",\"datePublished\":\"2020-11-27T15:33:01+00:00\",\"dateModified\":\"2020-11-27T15:36:02+00:00\",\"mainEntityOfPage\":{\"@id\":\"https:\\\/\\\/www.eltriangle.eu\\\/es\\\/2020\\\/11\\\/27\\\/torra-hace-campana-con-borras\\\/\"},\"wordCount\":251,\"commentCount\":0,\"publisher\":{\"@id\":\"https:\\\/\\\/www.eltriangle.eu\\\/es\\\/#organization\"},\"image\":{\"@id\":\"https:\\\/\\\/www.eltriangle.eu\\\/es\\\/2020\\\/11\\\/27\\\/torra-hace-campana-con-borras\\\/#primaryimage\"},\"thumbnailUrl\":\"https:\\\/\\\/www.eltriangle.eu\\\/wp-content\\\/uploads\\\/2020\\\/11\\\/torrborr.jpg\",\"keywords\":[\"Laura Borr\u00e0s\",\"Quim Torra\"],\"articleSection\":[\"Actualidad\",\"Poderes\"],\"inLanguage\":\"es\",\"potentialAction\":[{\"@type\":\"CommentAction\",\"name\":\"Comment\",\"target\":[\"https:\\\/\\\/www.eltriangle.eu\\\/es\\\/2020\\\/11\\\/27\\\/torra-hace-campana-con-borras\\\/#respond\"]}]},{\"@type\":\"WebPage\",\"@id\":\"https:\\\/\\\/www.eltriangle.eu\\\/es\\\/2020\\\/11\\\/27\\\/torra-hace-campana-con-borras\\\/\",\"url\":\"https:\\\/\\\/www.eltriangle.eu\\\/es\\\/2020\\\/11\\\/27\\\/torra-hace-campana-con-borras\\\/\",\"name\":\"Torra hace campa\u00f1a con Borr\u00e0s - El Triangle\",\"isPartOf\":{\"@id\":\"https:\\\/\\\/www.eltriangle.eu\\\/es\\\/#website\"},\"primaryImageOfPage\":{\"@id\":\"https:\\\/\\\/www.eltriangle.eu\\\/es\\\/2020\\\/11\\\/27\\\/torra-hace-campana-con-borras\\\/#primaryimage\"},\"image\":{\"@id\":\"https:\\\/\\\/www.eltriangle.eu\\\/es\\\/2020\\\/11\\\/27\\\/torra-hace-campana-con-borras\\\/#primaryimage\"},\"thumbnailUrl\":\"https:\\\/\\\/www.eltriangle.eu\\\/wp-content\\\/uploads\\\/2020\\\/11\\\/torrborr.jpg\",\"datePublished\":\"2020-11-27T15:33:01+00:00\",\"dateModified\":\"2020-11-27T15:36:02+00:00\",\"description\":\"El \u00faltimo presidente de la Generalitat, Quim Torra, participa en esta tarde en un acto virtual de la campa\u00f1a de Laura Borr\u00e0s como aspirante a candidata de\",\"breadcrumb\":{\"@id\":\"https:\\\/\\\/www.eltriangle.eu\\\/es\\\/2020\\\/11\\\/27\\\/torra-hace-campana-con-borras\\\/#breadcrumb\"},\"inLanguage\":\"es\",\"potentialAction\":[{\"@type\":\"ReadAction\",\"target\":[\"https:\\\/\\\/www.eltriangle.eu\\\/es\\\/2020\\\/11\\\/27\\\/torra-hace-campana-con-borras\\\/\"]}]},{\"@type\":\"ImageObject\",\"inLanguage\":\"es\",\"@id\":\"https:\\\/\\\/www.eltriangle.eu\\\/es\\\/2020\\\/11\\\/27\\\/torra-hace-campana-con-borras\\\/#primaryimage\",\"url\":\"https:\\\/\\\/www.eltriangle.eu\\\/wp-content\\\/uploads\\\/2020\\\/11\\\/torrborr.jpg\",\"contentUrl\":\"https:\\\/\\\/www.eltriangle.eu\\\/wp-content\\\/uploads\\\/2020\\\/11\\\/torrborr.jpg\",\"width\":1024,\"height\":512,\"caption\":\"El acto de campa\u00f1a de Borr\u00e0s y Torra\"},{\"@type\":\"BreadcrumbList\",\"@id\":\"https:\\\/\\\/www.eltriangle.eu\\\/es\\\/2020\\\/11\\\/27\\\/torra-hace-campana-con-borras\\\/#breadcrumb\",\"itemListElement\":[{\"@type\":\"ListItem\",\"position\":1,\"name\":\"Portada\",\"item\":\"https:\\\/\\\/www.eltriangle.eu\\\/es\\\/\"},{\"@type\":\"ListItem\",\"position\":2,\"name\":\"Torra hace campa\u00f1a con Borr\u00e0s\"}]},{\"@type\":\"WebSite\",\"@id\":\"https:\\\/\\\/www.eltriangle.eu\\\/es\\\/#website\",\"url\":\"https:\\\/\\\/www.eltriangle.eu\\\/es\\\/\",\"name\":\"El Triangle\",\"description\":\"El Triangle \u00e9s un Diari d&#039;informaci\u00f3 general, editat a Catalunya i escrit en llengua catalana, especialitzat en investigaci\u00f3 period\u00edstica\",\"publisher\":{\"@id\":\"https:\\\/\\\/www.eltriangle.eu\\\/es\\\/#organization\"},\"potentialAction\":[{\"@type\":\"SearchAction\",\"target\":{\"@type\":\"EntryPoint\",\"urlTemplate\":\"https:\\\/\\\/www.eltriangle.eu\\\/es\\\/?s={search_term_string}\"},\"query-input\":{\"@type\":\"PropertyValueSpecification\",\"valueRequired\":true,\"valueName\":\"search_term_string\"}}],\"inLanguage\":\"es\"},{\"@type\":[\"Organization\",\"NewsMediaOrganization\"],\"@id\":\"https:\\\/\\\/www.eltriangle.eu\\\/es\\\/#organization\",\"name\":\"El Triangle\",\"url\":\"https:\\\/\\\/www.eltriangle.eu\\\/es\\\/\",\"logo\":{\"@type\":\"ImageObject\",\"inLanguage\":\"es\",\"@id\":\"https:\\\/\\\/www.eltriangle.eu\\\/es\\\/#\\\/schema\\\/logo\\\/image\\\/\",\"url\":\"https:\\\/\\\/www.eltriangle.eu\\\/wp-content\\\/uploads\\\/2020\\\/11\\\/triangle_logo-ajustado.jpg\",\"contentUrl\":\"https:\\\/\\\/www.eltriangle.eu\\\/wp-content\\\/uploads\\\/2020\\\/11\\\/triangle_logo-ajustado.jpg\",\"width\":521,\"height\":92,\"caption\":\"El Triangle\"},\"image\":{\"@id\":\"https:\\\/\\\/www.eltriangle.eu\\\/es\\\/#\\\/schema\\\/logo\\\/image\\\/\"},\"sameAs\":[\"https:\\\/\\\/www.facebook.com\\\/El-Triangle-Diari-101787399020302\",\"https:\\\/\\\/x.com\\\/El_Triangle\",\"https:\\\/\\\/www.youtube.com\\\/channel\\\/UCTIjmYEMYSpdGonuAgNhbcg\"]},{\"@type\":\"Person\",\"@id\":\"https:\\\/\\\/www.eltriangle.eu\\\/es\\\/#\\\/schema\\\/person\\\/cd672cc0045a30d0189a4a97aad9b8ac\",\"name\":\"david\",\"image\":{\"@type\":\"ImageObject\",\"inLanguage\":\"es\",\"@id\":\"\\\/\\\/www.gravatar.com\\\/avatar\\\/55b36afa1d6d76758664a1eac66d9919?s=96&#038;r=g&#038;d=mm\",\"url\":\"\\\/\\\/www.gravatar.com\\\/avatar\\\/55b36afa1d6d76758664a1eac66d9919?s=96&#038;r=g&#038;d=mm\",\"contentUrl\":\"\\\/\\\/www.gravatar.com\\\/avatar\\\/55b36afa1d6d76758664a1eac66d9919?s=96&#038;r=g&#038;d=mm\",\"caption\":\"david\"},\"url\":\"https:\\\/\\\/www.eltriangle.eu\\\/es\\\/author\\\/david\\\/\"},{\"@type\":\"SiteNavigationElement\",\"@id\":\"https:\\\/\\\/www.eltriangle.eu\\\/es\\\/#site-navigation\",\"cssSelector\":[\".cib-main-menu\"]},{\"@type\":\"WPHeader\",\"@id\":\"https:\\\/\\\/www.eltriangle.eu\\\/es\\\/#header\",\"cssSelector\":[\".cib-header\"]},{\"@type\":\"WPFooter\",\"@id\":\"https:\\\/\\\/www.eltriangle.eu\\\/es\\\/#footer\",\"cssSelector\":[\".cib-footer\"]}]}<\/script>\n<!-- \/ Yoast SEO plugin. -->","yoast_head_json":{"title":"Torra hace campa\u00f1a con Borr\u00e0s - El Triangle","description":"El \u00faltimo presidente de la Generalitat, Quim Torra, participa en esta tarde en un acto virtual de la campa\u00f1a de Laura Borr\u00e0s como aspirante a candidata de","robots":{"index":"index","follow":"follow","max-snippet":"max-snippet:-1","max-image-preview":"max-image-preview:large","max-video-preview":"max-video-preview:-1"},"canonical":"https:\/\/www.eltriangle.eu\/es\/2020\/11\/27\/torra-hace-campana-con-borras\/","og_locale":"es_ES","og_type":"article","og_title":"Torra hace campa\u00f1a con Borr\u00e0s - El Triangle","og_description":"El \u00faltimo presidente de la Generalitat, Quim Torra, participa en esta tarde en un acto virtual de la campa\u00f1a de Laura Borr\u00e0s como aspirante a candidata de","og_url":"https:\/\/www.eltriangle.eu\/es\/2020\/11\/27\/torra-hace-campana-con-borras\/","og_site_name":"El Triangle","article_publisher":"https:\/\/www.facebook.com\/El-Triangle-Diari-101787399020302","article_published_time":"2020-11-27T15:33:01+00:00","article_modified_time":"2020-11-27T15:36:02+00:00","og_image":[{"width":1024,"height":512,"url":"https:\/\/www.eltriangle.eu\/wp-content\/uploads\/2020\/11\/torrborr.jpg","type":"image\/jpeg"}],"author":"david","twitter_card":"summary_large_image","twitter_creator":"@El_Triangle","twitter_site":"@El_Triangle","twitter_misc":{"Escrito por":"david","Tiempo de lectura":"1 minuto"},"schema":{"@context":"https:\/\/schema.org","@graph":[{"@type":"NewsArticle","@id":"https:\/\/www.eltriangle.eu\/es\/2020\/11\/27\/torra-hace-campana-con-borras\/#article","isPartOf":{"@id":"https:\/\/www.eltriangle.eu\/es\/2020\/11\/27\/torra-hace-campana-con-borras\/"},"author":{"name":"david","@id":"https:\/\/www.eltriangle.eu\/es\/#\/schema\/person\/cd672cc0045a30d0189a4a97aad9b8ac"},"headline":"Torra hace campa\u00f1a con Borr\u00e0s","datePublished":"2020-11-27T15:33:01+00:00","dateModified":"2020-11-27T15:36:02+00:00","mainEntityOfPage":{"@id":"https:\/\/www.eltriangle.eu\/es\/2020\/11\/27\/torra-hace-campana-con-borras\/"},"wordCount":251,"commentCount":0,"publisher":{"@id":"https:\/\/www.eltriangle.eu\/es\/#organization"},"image":{"@id":"https:\/\/www.eltriangle.eu\/es\/2020\/11\/27\/torra-hace-campana-con-borras\/#primaryimage"},"thumbnailUrl":"https:\/\/www.eltriangle.eu\/wp-content\/uploads\/2020\/11\/torrborr.jpg","keywords":["Laura Borr\u00e0s","Quim Torra"],"articleSection":["Actualidad","Poderes"],"inLanguage":"es","potentialAction":[{"@type":"CommentAction","name":"Comment","target":["https:\/\/www.eltriangle.eu\/es\/2020\/11\/27\/torra-hace-campana-con-borras\/#respond"]}]},{"@type":"WebPage","@id":"https:\/\/www.eltriangle.eu\/es\/2020\/11\/27\/torra-hace-campana-con-borras\/","url":"https:\/\/www.eltriangle.eu\/es\/2020\/11\/27\/torra-hace-campana-con-borras\/","name":"Torra hace campa\u00f1a con Borr\u00e0s - El Triangle","isPartOf":{"@id":"https:\/\/www.eltriangle.eu\/es\/#website"},"primaryImageOfPage":{"@id":"https:\/\/www.eltriangle.eu\/es\/2020\/11\/27\/torra-hace-campana-con-borras\/#primaryimage"},"image":{"@id":"https:\/\/www.eltriangle.eu\/es\/2020\/11\/27\/torra-hace-campana-con-borras\/#primaryimage"},"thumbnailUrl":"https:\/\/www.eltriangle.eu\/wp-content\/uploads\/2020\/11\/torrborr.jpg","datePublished":"2020-11-27T15:33:01+00:00","dateModified":"2020-11-27T15:36:02+00:00","description":"El \u00faltimo presidente de la Generalitat, Quim Torra, participa en esta tarde en un acto virtual de la campa\u00f1a de Laura Borr\u00e0s como aspirante a candidata de","breadcrumb":{"@id":"https:\/\/www.eltriangle.eu\/es\/2020\/11\/27\/torra-hace-campana-con-borras\/#breadcrumb"},"inLanguage":"es","potentialAction":[{"@type":"ReadAction","target":["https:\/\/www.eltriangle.eu\/es\/2020\/11\/27\/torra-hace-campana-con-borras\/"]}]},{"@type":"ImageObject","inLanguage":"es","@id":"https:\/\/www.eltriangle.eu\/es\/2020\/11\/27\/torra-hace-campana-con-borras\/#primaryimage","url":"https:\/\/www.eltriangle.eu\/wp-content\/uploads\/2020\/11\/torrborr.jpg","contentUrl":"https:\/\/www.eltriangle.eu\/wp-content\/uploads\/2020\/11\/torrborr.jpg","width":1024,"height":512,"caption":"El acto de campa\u00f1a de Borr\u00e0s y Torra"},{"@type":"BreadcrumbList","@id":"https:\/\/www.eltriangle.eu\/es\/2020\/11\/27\/torra-hace-campana-con-borras\/#breadcrumb","itemListElement":[{"@type":"ListItem","position":1,"name":"Portada","item":"https:\/\/www.eltriangle.eu\/es\/"},{"@type":"ListItem","position":2,"name":"Torra hace campa\u00f1a con Borr\u00e0s"}]},{"@type":"WebSite","@id":"https:\/\/www.eltriangle.eu\/es\/#website","url":"https:\/\/www.eltriangle.eu\/es\/","name":"El Triangle","description":"El Triangle \u00e9s un Diari d&#039;informaci\u00f3 general, editat a Catalunya i escrit en llengua catalana, especialitzat en investigaci\u00f3 period\u00edstica","publisher":{"@id":"https:\/\/www.eltriangle.eu\/es\/#organization"},"potentialAction":[{"@type":"SearchAction","target":{"@type":"EntryPoint","urlTemplate":"https:\/\/www.eltriangle.eu\/es\/?s={search_term_string}"},"query-input":{"@type":"PropertyValueSpecification","valueRequired":true,"valueName":"search_term_string"}}],"inLanguage":"es"},{"@type":["Organization","NewsMediaOrganization"],"@id":"https:\/\/www.eltriangle.eu\/es\/#organization","name":"El Triangle","url":"https:\/\/www.eltriangle.eu\/es\/","logo":{"@type":"ImageObject","inLanguage":"es","@id":"https:\/\/www.eltriangle.eu\/es\/#\/schema\/logo\/image\/","url":"https:\/\/www.eltriangle.eu\/wp-content\/uploads\/2020\/11\/triangle_logo-ajustado.jpg","contentUrl":"https:\/\/www.eltriangle.eu\/wp-content\/uploads\/2020\/11\/triangle_logo-ajustado.jpg","width":521,"height":92,"caption":"El Triangle"},"image":{"@id":"https:\/\/www.eltriangle.eu\/es\/#\/schema\/logo\/image\/"},"sameAs":["https:\/\/www.facebook.com\/El-Triangle-Diari-101787399020302","https:\/\/x.com\/El_Triangle","https:\/\/www.youtube.com\/channel\/UCTIjmYEMYSpdGonuAgNhbcg"]},{"@type":"Person","@id":"https:\/\/www.eltriangle.eu\/es\/#\/schema\/person\/cd672cc0045a30d0189a4a97aad9b8ac","name":"david","image":{"@type":"ImageObject","inLanguage":"es","@id":"\/\/www.gravatar.com\/avatar\/55b36afa1d6d76758664a1eac66d9919?s=96&#038;r=g&#038;d=mm","url":"\/\/www.gravatar.com\/avatar\/55b36afa1d6d76758664a1eac66d9919?s=96&#038;r=g&#038;d=mm","contentUrl":"\/\/www.gravatar.com\/avatar\/55b36afa1d6d76758664a1eac66d9919?s=96&#038;r=g&#038;d=mm","caption":"david"},"url":"https:\/\/www.eltriangle.eu\/es\/author\/david\/"},{"@type":"SiteNavigationElement","@id":"https:\/\/www.eltriangle.eu\/es\/#site-navigation","cssSelector":[".cib-main-menu"]},{"@type":"WPHeader","@id":"https:\/\/www.eltriangle.eu\/es\/#header","cssSelector":[".cib-header"]},{"@type":"WPFooter","@id":"https:\/\/www.eltriangle.eu\/es\/#footer","cssSelector":[".cib-footer"]}]}},"amp_enabled":true,"_links":{"self":[{"href":"https:\/\/www.eltriangle.eu\/es\/wp-json\/wp\/v2\/posts\/78838","targetHints":{"allow":["GET"]}}],"collection":[{"href":"https:\/\/www.eltriangle.eu\/es\/wp-json\/wp\/v2\/posts"}],"about":[{"href":"https:\/\/www.eltriangle.eu\/es\/wp-json\/wp\/v2\/types\/post"}],"author":[{"embeddable":true,"href":"https:\/\/www.eltriangle.eu\/es\/wp-json\/wp\/v2\/users\/99"}],"replies":[{"embeddable":true,"href":"https:\/\/www.eltriangle.eu\/es\/wp-json\/wp\/v2\/comments?post=78838"}],"version-history":[{"count":0,"href":"https:\/\/www.eltriangle.eu\/es\/wp-json\/wp\/v2\/posts\/78838\/revisions"}],"wp:featuredmedia":[{"embeddable":true,"href":"https:\/\/www.eltriangle.eu\/es\/wp-json\/wp\/v2\/media\/78837"}],"wp:attachment":[{"href":"https:\/\/www.eltriangle.eu\/es\/wp-json\/wp\/v2\/media?parent=78838"}],"wp:term":[{"taxonomy":"category","embeddable":true,"href":"https:\/\/www.eltriangle.eu\/es\/wp-json\/wp\/v2\/categories?post=78838"},{"taxonomy":"post_tag","embeddable":true,"href":"https:\/\/www.eltriangle.eu\/es\/wp-json\/wp\/v2\/tags?post=78838"}],"curies":[{"name":"wp","href":"https:\/\/api.w.org\/{rel}","templated":true}]}}