{"id":78543,"date":"2020-11-26T11:11:22","date_gmt":"2020-11-26T11:11:22","guid":{"rendered":null},"modified":"2020-11-26T11:11:22","modified_gmt":"2020-11-26T11:11:22","slug":"garcia-albiol-se-convierte-en-el-moderado-del-pp-catalan","status":"publish","type":"post","link":"https:\/\/www.eltriangle.eu\/es\/2020\/11\/26\/garcia-albiol-se-convierte-en-el-moderado-del-pp-catalan\/","title":{"rendered":"Garc\u00eda Albiol se convierte en el &#8216;moderado&#8217; del PP catal\u00e1n"},"content":{"rendered":"<p>Los equilibrios del Partido Popular catal\u00e1n (PPC) entre las diferentes familias y sensibilidades son dignos del mejor funambulista de circo. El PPC dio un amplio apoyo a la defenestrada <strong>Soraya S\u00e1enz de Santamar\u00eda, <\/strong>que perdi\u00f3 el congreso interno ante <strong>Pablo Casado.<\/strong> Precisamente, para acercarse a Casado, fueron los m\u00e1s entusiastas con la apuesta del l\u00edder del PP por <strong>Cayetana Alvarez de Toledo<\/strong>, que despu\u00e9s fue arrinconada por el propio Casado.<\/p>\n<p>Ahora, a las puertas de las elecciones en el Parlament, la c\u00fapula espa\u00f1ola del PPC no tiene un especial inter\u00e9s en que el presidente del PPC, <strong>Alejandro Fern\u00e1ndez, <\/strong>sea el candidato a la presidencia de la Generalitat, pero tampoco les molesta, y a falta de una alternativa no lo enmendar\u00e1n como jefe de lista. Pero en medio de toda esta monta\u00f1a rusa ideol\u00f3gica que ha ido haciendo el PPC, el equipo de Casado ha querido encontrar a alguien \u00abmoderado, sereno y seguro\u00bb que aconseje a los populares para orientar al PPC.<\/p>\n<p>Para sorpresa de todos, este hombre podr\u00eda ser el alcalde de Badalona, <strong>Xavier Garc\u00eda Albiol.<\/strong> Su apoyo a determinadas medidas anticoronavirus, su regreso a la alcald\u00eda sin casi ensuciarse las manos, su predisposici\u00f3n a acercarse a Cs y las reticencias con Vox, son elementos que encajan en la estrategia que Pablo Casado piensa para Catalu\u00f1a.<\/p>\n","protected":false},"excerpt":{"rendered":"<p>Los equilibrios del Partido Popular catal\u00e1n (PPC) entre las diferentes familias y sensibilidades son dignos del mejor funambulista de circo. El PPC dio un amplio apoyo a la defenestrada Soraya S\u00e1enz de Santamar\u00eda, que perdi\u00f3 el congreso interno ante Pablo Casado. Precisamente, para acercarse a Casado, fueron los m\u00e1s entusiastas con la apuesta del l\u00edder &#8230; <a title=\"Garc\u00eda Albiol se convierte en el &#8216;moderado&#8217; del PP catal\u00e1n\" class=\"read-more\" href=\"https:\/\/www.eltriangle.eu\/es\/2020\/11\/26\/garcia-albiol-se-convierte-en-el-moderado-del-pp-catalan\/\" aria-label=\"Leer m\u00e1s sobre Garc\u00eda Albiol se convierte en el &#8216;moderado&#8217; del PP catal\u00e1n\">Leer m\u00e1s<\/a><\/p>\n","protected":false},"author":98,"featured_media":0,"comment_status":"open","ping_status":"closed","sticky":false,"template":"","format":"standard","meta":{"_acf_changed":false,"pmpro_default_level":"","footnotes":""},"categories":[52],"tags":[258,257,256],"class_list":["post-78543","post","type-post","status-publish","format-standard","hentry","category-perlas","tag-alejandro-fernandez-es","tag-cayetana-alvarez-de-toledo-es","tag-xavier-garcia-albiol-es","pmpro-has-access"],"acf":[],"yoast_head":"<!-- This site is optimized with the Yoast SEO plugin v27.4 - https:\/\/yoast.com\/product\/yoast-seo-wordpress\/ -->\n<title>Garc\u00eda Albiol se convierte en el &#039;moderado&#039; del PP catal\u00e1n - El Triangle<\/title>\n<meta name=\"description\" content=\"Los equilibrios del Partido Popular catal\u00e1n (PPC) entre las diferentes familias y sensibilidades son dignos del mejor funambulista de circo. El PPC dio un\" class=\"yoast-seo-meta-tag\" \/>\n<meta name=\"robots\" content=\"index, follow, max-snippet:-1, max-image-preview:large, max-video-preview:-1\" \/>\n<link rel=\"canonical\" href=\"https:\/\/www.eltriangle.eu\/es\/2020\/11\/26\/garcia-albiol-se-convierte-en-el-moderado-del-pp-catalan\/\" class=\"yoast-seo-meta-tag\" \/>\n<meta property=\"og:locale\" content=\"es_ES\" class=\"yoast-seo-meta-tag\" \/>\n<meta property=\"og:type\" content=\"article\" class=\"yoast-seo-meta-tag\" \/>\n<meta property=\"og:title\" content=\"Garc\u00eda Albiol se convierte en el &#039;moderado&#039; del PP catal\u00e1n - El Triangle\" class=\"yoast-seo-meta-tag\" \/>\n<meta property=\"og:description\" content=\"Los equilibrios del Partido Popular catal\u00e1n (PPC) entre las diferentes familias y sensibilidades son dignos del mejor funambulista de circo. El PPC dio un\" class=\"yoast-seo-meta-tag\" \/>\n<meta property=\"og:url\" content=\"https:\/\/www.eltriangle.eu\/es\/2020\/11\/26\/garcia-albiol-se-convierte-en-el-moderado-del-pp-catalan\/\" class=\"yoast-seo-meta-tag\" \/>\n<meta property=\"og:site_name\" content=\"El Triangle\" class=\"yoast-seo-meta-tag\" \/>\n<meta property=\"article:publisher\" content=\"https:\/\/www.facebook.com\/El-Triangle-Diari-101787399020302\" class=\"yoast-seo-meta-tag\" \/>\n<meta property=\"article:published_time\" content=\"2020-11-26T11:11:22+00:00\" class=\"yoast-seo-meta-tag\" \/>\n<meta name=\"author\" content=\"marcel\" class=\"yoast-seo-meta-tag\" \/>\n<meta name=\"twitter:card\" content=\"summary_large_image\" class=\"yoast-seo-meta-tag\" \/>\n<meta name=\"twitter:creator\" content=\"@El_Triangle\" class=\"yoast-seo-meta-tag\" \/>\n<meta name=\"twitter:site\" content=\"@El_Triangle\" class=\"yoast-seo-meta-tag\" \/>\n<meta name=\"twitter:label1\" content=\"Escrito por\" class=\"yoast-seo-meta-tag\" \/>\n\t<meta name=\"twitter:data1\" content=\"marcel\" class=\"yoast-seo-meta-tag\" \/>\n\t<meta name=\"twitter:label2\" content=\"Tiempo de lectura\" class=\"yoast-seo-meta-tag\" \/>\n\t<meta name=\"twitter:data2\" content=\"1 minuto\" class=\"yoast-seo-meta-tag\" \/>\n<script type=\"application\/ld+json\" class=\"yoast-schema-graph\">{\"@context\":\"https:\\\/\\\/schema.org\",\"@graph\":[{\"@type\":\"NewsArticle\",\"@id\":\"https:\\\/\\\/www.eltriangle.eu\\\/es\\\/2020\\\/11\\\/26\\\/garcia-albiol-se-convierte-en-el-moderado-del-pp-catalan\\\/#article\",\"isPartOf\":{\"@id\":\"https:\\\/\\\/www.eltriangle.eu\\\/es\\\/2020\\\/11\\\/26\\\/garcia-albiol-se-convierte-en-el-moderado-del-pp-catalan\\\/\"},\"author\":{\"name\":\"marcel\",\"@id\":\"https:\\\/\\\/www.eltriangle.eu\\\/es\\\/#\\\/schema\\\/person\\\/ce1123c05f3d70c0f89636f14cef9510\"},\"headline\":\"Garc\u00eda Albiol se convierte en el &#8216;moderado&#8217; del PP catal\u00e1n\",\"datePublished\":\"2020-11-26T11:11:22+00:00\",\"mainEntityOfPage\":{\"@id\":\"https:\\\/\\\/www.eltriangle.eu\\\/es\\\/2020\\\/11\\\/26\\\/garcia-albiol-se-convierte-en-el-moderado-del-pp-catalan\\\/\"},\"wordCount\":246,\"commentCount\":0,\"publisher\":{\"@id\":\"https:\\\/\\\/www.eltriangle.eu\\\/es\\\/#organization\"},\"keywords\":[\"Alejandro Fern\u00e1ndez\",\"Cayetana \u00c1lvarez de Toledo\",\"Xavier Garc\u00eda Albiol\"],\"articleSection\":[\"Las perlas\"],\"inLanguage\":\"es\",\"potentialAction\":[{\"@type\":\"CommentAction\",\"name\":\"Comment\",\"target\":[\"https:\\\/\\\/www.eltriangle.eu\\\/es\\\/2020\\\/11\\\/26\\\/garcia-albiol-se-convierte-en-el-moderado-del-pp-catalan\\\/#respond\"]}]},{\"@type\":\"WebPage\",\"@id\":\"https:\\\/\\\/www.eltriangle.eu\\\/es\\\/2020\\\/11\\\/26\\\/garcia-albiol-se-convierte-en-el-moderado-del-pp-catalan\\\/\",\"url\":\"https:\\\/\\\/www.eltriangle.eu\\\/es\\\/2020\\\/11\\\/26\\\/garcia-albiol-se-convierte-en-el-moderado-del-pp-catalan\\\/\",\"name\":\"Garc\u00eda Albiol se convierte en el 'moderado' del PP catal\u00e1n - El Triangle\",\"isPartOf\":{\"@id\":\"https:\\\/\\\/www.eltriangle.eu\\\/es\\\/#website\"},\"datePublished\":\"2020-11-26T11:11:22+00:00\",\"description\":\"Los equilibrios del Partido Popular catal\u00e1n (PPC) entre las diferentes familias y sensibilidades son dignos del mejor funambulista de circo. El PPC dio un\",\"breadcrumb\":{\"@id\":\"https:\\\/\\\/www.eltriangle.eu\\\/es\\\/2020\\\/11\\\/26\\\/garcia-albiol-se-convierte-en-el-moderado-del-pp-catalan\\\/#breadcrumb\"},\"inLanguage\":\"es\",\"potentialAction\":[{\"@type\":\"ReadAction\",\"target\":[\"https:\\\/\\\/www.eltriangle.eu\\\/es\\\/2020\\\/11\\\/26\\\/garcia-albiol-se-convierte-en-el-moderado-del-pp-catalan\\\/\"]}]},{\"@type\":\"BreadcrumbList\",\"@id\":\"https:\\\/\\\/www.eltriangle.eu\\\/es\\\/2020\\\/11\\\/26\\\/garcia-albiol-se-convierte-en-el-moderado-del-pp-catalan\\\/#breadcrumb\",\"itemListElement\":[{\"@type\":\"ListItem\",\"position\":1,\"name\":\"Portada\",\"item\":\"https:\\\/\\\/www.eltriangle.eu\\\/es\\\/\"},{\"@type\":\"ListItem\",\"position\":2,\"name\":\"Garc\u00eda Albiol se convierte en el &#8216;moderado&#8217; del PP catal\u00e1n\"}]},{\"@type\":\"WebSite\",\"@id\":\"https:\\\/\\\/www.eltriangle.eu\\\/es\\\/#website\",\"url\":\"https:\\\/\\\/www.eltriangle.eu\\\/es\\\/\",\"name\":\"El Triangle\",\"description\":\"El Triangle \u00e9s un Diari d&#039;informaci\u00f3 general, editat a Catalunya i escrit en llengua catalana, especialitzat en investigaci\u00f3 period\u00edstica\",\"publisher\":{\"@id\":\"https:\\\/\\\/www.eltriangle.eu\\\/es\\\/#organization\"},\"potentialAction\":[{\"@type\":\"SearchAction\",\"target\":{\"@type\":\"EntryPoint\",\"urlTemplate\":\"https:\\\/\\\/www.eltriangle.eu\\\/es\\\/?s={search_term_string}\"},\"query-input\":{\"@type\":\"PropertyValueSpecification\",\"valueRequired\":true,\"valueName\":\"search_term_string\"}}],\"inLanguage\":\"es\"},{\"@type\":[\"Organization\",\"NewsMediaOrganization\"],\"@id\":\"https:\\\/\\\/www.eltriangle.eu\\\/es\\\/#organization\",\"name\":\"El Triangle\",\"url\":\"https:\\\/\\\/www.eltriangle.eu\\\/es\\\/\",\"logo\":{\"@type\":\"ImageObject\",\"inLanguage\":\"es\",\"@id\":\"https:\\\/\\\/www.eltriangle.eu\\\/es\\\/#\\\/schema\\\/logo\\\/image\\\/\",\"url\":\"https:\\\/\\\/www.eltriangle.eu\\\/wp-content\\\/uploads\\\/2020\\\/11\\\/triangle_logo-ajustado.jpg\",\"contentUrl\":\"https:\\\/\\\/www.eltriangle.eu\\\/wp-content\\\/uploads\\\/2020\\\/11\\\/triangle_logo-ajustado.jpg\",\"width\":521,\"height\":92,\"caption\":\"El Triangle\"},\"image\":{\"@id\":\"https:\\\/\\\/www.eltriangle.eu\\\/es\\\/#\\\/schema\\\/logo\\\/image\\\/\"},\"sameAs\":[\"https:\\\/\\\/www.facebook.com\\\/El-Triangle-Diari-101787399020302\",\"https:\\\/\\\/x.com\\\/El_Triangle\",\"https:\\\/\\\/www.youtube.com\\\/channel\\\/UCTIjmYEMYSpdGonuAgNhbcg\"]},{\"@type\":\"Person\",\"@id\":\"https:\\\/\\\/www.eltriangle.eu\\\/es\\\/#\\\/schema\\\/person\\\/ce1123c05f3d70c0f89636f14cef9510\",\"name\":\"marcel\",\"image\":{\"@type\":\"ImageObject\",\"inLanguage\":\"es\",\"@id\":\"\\\/\\\/www.gravatar.com\\\/avatar\\\/e2a29b9c244de7330bb84255b1421cb8?s=96&#038;r=g&#038;d=mm\",\"url\":\"\\\/\\\/www.gravatar.com\\\/avatar\\\/e2a29b9c244de7330bb84255b1421cb8?s=96&#038;r=g&#038;d=mm\",\"contentUrl\":\"\\\/\\\/www.gravatar.com\\\/avatar\\\/e2a29b9c244de7330bb84255b1421cb8?s=96&#038;r=g&#038;d=mm\",\"caption\":\"marcel\"},\"url\":\"https:\\\/\\\/www.eltriangle.eu\\\/es\\\/author\\\/marcel\\\/\"},{\"@type\":\"SiteNavigationElement\",\"@id\":\"https:\\\/\\\/www.eltriangle.eu\\\/es\\\/#site-navigation\",\"cssSelector\":[\".cib-main-menu\"]},{\"@type\":\"WPHeader\",\"@id\":\"https:\\\/\\\/www.eltriangle.eu\\\/es\\\/#header\",\"cssSelector\":[\".cib-header\"]},{\"@type\":\"WPFooter\",\"@id\":\"https:\\\/\\\/www.eltriangle.eu\\\/es\\\/#footer\",\"cssSelector\":[\".cib-footer\"]}]}<\/script>\n<!-- \/ Yoast SEO plugin. -->","yoast_head_json":{"title":"Garc\u00eda Albiol se convierte en el 'moderado' del PP catal\u00e1n - El Triangle","description":"Los equilibrios del Partido Popular catal\u00e1n (PPC) entre las diferentes familias y sensibilidades son dignos del mejor funambulista de circo. El PPC dio un","robots":{"index":"index","follow":"follow","max-snippet":"max-snippet:-1","max-image-preview":"max-image-preview:large","max-video-preview":"max-video-preview:-1"},"canonical":"https:\/\/www.eltriangle.eu\/es\/2020\/11\/26\/garcia-albiol-se-convierte-en-el-moderado-del-pp-catalan\/","og_locale":"es_ES","og_type":"article","og_title":"Garc\u00eda Albiol se convierte en el 'moderado' del PP catal\u00e1n - El Triangle","og_description":"Los equilibrios del Partido Popular catal\u00e1n (PPC) entre las diferentes familias y sensibilidades son dignos del mejor funambulista de circo. El PPC dio un","og_url":"https:\/\/www.eltriangle.eu\/es\/2020\/11\/26\/garcia-albiol-se-convierte-en-el-moderado-del-pp-catalan\/","og_site_name":"El Triangle","article_publisher":"https:\/\/www.facebook.com\/El-Triangle-Diari-101787399020302","article_published_time":"2020-11-26T11:11:22+00:00","author":"marcel","twitter_card":"summary_large_image","twitter_creator":"@El_Triangle","twitter_site":"@El_Triangle","twitter_misc":{"Escrito por":"marcel","Tiempo de lectura":"1 minuto"},"schema":{"@context":"https:\/\/schema.org","@graph":[{"@type":"NewsArticle","@id":"https:\/\/www.eltriangle.eu\/es\/2020\/11\/26\/garcia-albiol-se-convierte-en-el-moderado-del-pp-catalan\/#article","isPartOf":{"@id":"https:\/\/www.eltriangle.eu\/es\/2020\/11\/26\/garcia-albiol-se-convierte-en-el-moderado-del-pp-catalan\/"},"author":{"name":"marcel","@id":"https:\/\/www.eltriangle.eu\/es\/#\/schema\/person\/ce1123c05f3d70c0f89636f14cef9510"},"headline":"Garc\u00eda Albiol se convierte en el &#8216;moderado&#8217; del PP catal\u00e1n","datePublished":"2020-11-26T11:11:22+00:00","mainEntityOfPage":{"@id":"https:\/\/www.eltriangle.eu\/es\/2020\/11\/26\/garcia-albiol-se-convierte-en-el-moderado-del-pp-catalan\/"},"wordCount":246,"commentCount":0,"publisher":{"@id":"https:\/\/www.eltriangle.eu\/es\/#organization"},"keywords":["Alejandro Fern\u00e1ndez","Cayetana \u00c1lvarez de Toledo","Xavier Garc\u00eda Albiol"],"articleSection":["Las perlas"],"inLanguage":"es","potentialAction":[{"@type":"CommentAction","name":"Comment","target":["https:\/\/www.eltriangle.eu\/es\/2020\/11\/26\/garcia-albiol-se-convierte-en-el-moderado-del-pp-catalan\/#respond"]}]},{"@type":"WebPage","@id":"https:\/\/www.eltriangle.eu\/es\/2020\/11\/26\/garcia-albiol-se-convierte-en-el-moderado-del-pp-catalan\/","url":"https:\/\/www.eltriangle.eu\/es\/2020\/11\/26\/garcia-albiol-se-convierte-en-el-moderado-del-pp-catalan\/","name":"Garc\u00eda Albiol se convierte en el 'moderado' del PP catal\u00e1n - El Triangle","isPartOf":{"@id":"https:\/\/www.eltriangle.eu\/es\/#website"},"datePublished":"2020-11-26T11:11:22+00:00","description":"Los equilibrios del Partido Popular catal\u00e1n (PPC) entre las diferentes familias y sensibilidades son dignos del mejor funambulista de circo. El PPC dio un","breadcrumb":{"@id":"https:\/\/www.eltriangle.eu\/es\/2020\/11\/26\/garcia-albiol-se-convierte-en-el-moderado-del-pp-catalan\/#breadcrumb"},"inLanguage":"es","potentialAction":[{"@type":"ReadAction","target":["https:\/\/www.eltriangle.eu\/es\/2020\/11\/26\/garcia-albiol-se-convierte-en-el-moderado-del-pp-catalan\/"]}]},{"@type":"BreadcrumbList","@id":"https:\/\/www.eltriangle.eu\/es\/2020\/11\/26\/garcia-albiol-se-convierte-en-el-moderado-del-pp-catalan\/#breadcrumb","itemListElement":[{"@type":"ListItem","position":1,"name":"Portada","item":"https:\/\/www.eltriangle.eu\/es\/"},{"@type":"ListItem","position":2,"name":"Garc\u00eda Albiol se convierte en el &#8216;moderado&#8217; del PP catal\u00e1n"}]},{"@type":"WebSite","@id":"https:\/\/www.eltriangle.eu\/es\/#website","url":"https:\/\/www.eltriangle.eu\/es\/","name":"El Triangle","description":"El Triangle \u00e9s un Diari d&#039;informaci\u00f3 general, editat a Catalunya i escrit en llengua catalana, especialitzat en investigaci\u00f3 period\u00edstica","publisher":{"@id":"https:\/\/www.eltriangle.eu\/es\/#organization"},"potentialAction":[{"@type":"SearchAction","target":{"@type":"EntryPoint","urlTemplate":"https:\/\/www.eltriangle.eu\/es\/?s={search_term_string}"},"query-input":{"@type":"PropertyValueSpecification","valueRequired":true,"valueName":"search_term_string"}}],"inLanguage":"es"},{"@type":["Organization","NewsMediaOrganization"],"@id":"https:\/\/www.eltriangle.eu\/es\/#organization","name":"El Triangle","url":"https:\/\/www.eltriangle.eu\/es\/","logo":{"@type":"ImageObject","inLanguage":"es","@id":"https:\/\/www.eltriangle.eu\/es\/#\/schema\/logo\/image\/","url":"https:\/\/www.eltriangle.eu\/wp-content\/uploads\/2020\/11\/triangle_logo-ajustado.jpg","contentUrl":"https:\/\/www.eltriangle.eu\/wp-content\/uploads\/2020\/11\/triangle_logo-ajustado.jpg","width":521,"height":92,"caption":"El Triangle"},"image":{"@id":"https:\/\/www.eltriangle.eu\/es\/#\/schema\/logo\/image\/"},"sameAs":["https:\/\/www.facebook.com\/El-Triangle-Diari-101787399020302","https:\/\/x.com\/El_Triangle","https:\/\/www.youtube.com\/channel\/UCTIjmYEMYSpdGonuAgNhbcg"]},{"@type":"Person","@id":"https:\/\/www.eltriangle.eu\/es\/#\/schema\/person\/ce1123c05f3d70c0f89636f14cef9510","name":"marcel","image":{"@type":"ImageObject","inLanguage":"es","@id":"\/\/www.gravatar.com\/avatar\/e2a29b9c244de7330bb84255b1421cb8?s=96&#038;r=g&#038;d=mm","url":"\/\/www.gravatar.com\/avatar\/e2a29b9c244de7330bb84255b1421cb8?s=96&#038;r=g&#038;d=mm","contentUrl":"\/\/www.gravatar.com\/avatar\/e2a29b9c244de7330bb84255b1421cb8?s=96&#038;r=g&#038;d=mm","caption":"marcel"},"url":"https:\/\/www.eltriangle.eu\/es\/author\/marcel\/"},{"@type":"SiteNavigationElement","@id":"https:\/\/www.eltriangle.eu\/es\/#site-navigation","cssSelector":[".cib-main-menu"]},{"@type":"WPHeader","@id":"https:\/\/www.eltriangle.eu\/es\/#header","cssSelector":[".cib-header"]},{"@type":"WPFooter","@id":"https:\/\/www.eltriangle.eu\/es\/#footer","cssSelector":[".cib-footer"]}]}},"amp_enabled":true,"_links":{"self":[{"href":"https:\/\/www.eltriangle.eu\/es\/wp-json\/wp\/v2\/posts\/78543","targetHints":{"allow":["GET"]}}],"collection":[{"href":"https:\/\/www.eltriangle.eu\/es\/wp-json\/wp\/v2\/posts"}],"about":[{"href":"https:\/\/www.eltriangle.eu\/es\/wp-json\/wp\/v2\/types\/post"}],"author":[{"embeddable":true,"href":"https:\/\/www.eltriangle.eu\/es\/wp-json\/wp\/v2\/users\/98"}],"replies":[{"embeddable":true,"href":"https:\/\/www.eltriangle.eu\/es\/wp-json\/wp\/v2\/comments?post=78543"}],"version-history":[{"count":0,"href":"https:\/\/www.eltriangle.eu\/es\/wp-json\/wp\/v2\/posts\/78543\/revisions"}],"wp:attachment":[{"href":"https:\/\/www.eltriangle.eu\/es\/wp-json\/wp\/v2\/media?parent=78543"}],"wp:term":[{"taxonomy":"category","embeddable":true,"href":"https:\/\/www.eltriangle.eu\/es\/wp-json\/wp\/v2\/categories?post=78543"},{"taxonomy":"post_tag","embeddable":true,"href":"https:\/\/www.eltriangle.eu\/es\/wp-json\/wp\/v2\/tags?post=78543"}],"curies":[{"name":"wp","href":"https:\/\/api.w.org\/{rel}","templated":true}]}}