{"id":78532,"date":"2020-11-26T10:42:31","date_gmt":"2020-11-26T10:42:31","guid":{"rendered":null},"modified":"2020-11-26T10:42:47","modified_gmt":"2020-11-26T10:42:47","slug":"el-pnc-de-pascal-se-arrepiente-de-no-pactar-con-el-pdecat","status":"publish","type":"post","link":"https:\/\/www.eltriangle.eu\/es\/2020\/11\/26\/el-pnc-de-pascal-se-arrepiente-de-no-pactar-con-el-pdecat\/","title":{"rendered":"El PNC de Pascal se arrepiente de no pactar con el PDECat"},"content":{"rendered":"<p>La l\u00edder del Partit Nacionalista Catal\u00e0 (PNC), <strong>Marta Pascal, <\/strong>ve muy complicado que su formaci\u00f3n acabe teniendo representaci\u00f3n en el Parlament despu\u00e9s de las elecciones del 14 de febrero. As\u00ed se lo ha comentado a parte de su equipo m\u00e1s cercano, que admite que la campa\u00f1a electoral les ser\u00e1 dura porque no contaban con un factor clave en su invisibilidad.<\/p>\n<p>Y es que cuando Pascal dej\u00f3 el PDECat para montar su partido, preve\u00eda que JxCat no dejar\u00eda que el Partit Dem\u00f2crata se marchase o, en el mejor de los casos, lo dejar\u00eda tan debilitado que lo tragar\u00eda y lo har\u00eda desaparecer. De esta manera, Pascal y los suyos aparecer\u00edan con una nueva marca como guardianes de las esencias de ese nacionalismo convergente, liberal, pretendidamente transversal pero cargando hacia la derecha, y lejos de las aventuras unilateralistas y poco realistas que envuelven a JxCat.<\/p>\n<p>Las cosas, sin embargo, no han ido as\u00ed, y ahora Pascal, que critic\u00f3 el PDECat hasta que dejaron de escucharla, lamenta no haber utilizado otra estrategia que le permitiese ahora pactar con los dem\u00f3cratas y concurrir juntos a las elecciones del pr\u00f3ximo 14-F.<\/p>\n","protected":false},"excerpt":{"rendered":"<p>La l\u00edder del Partit Nacionalista Catal\u00e0 (PNC), Marta Pascal, ve muy complicado que su formaci\u00f3n acabe teniendo representaci\u00f3n en el Parlament despu\u00e9s de las elecciones del 14 de febrero. As\u00ed se lo ha comentado a parte de su equipo m\u00e1s cercano, que admite que la campa\u00f1a electoral les ser\u00e1 dura porque no contaban con un &#8230; <a title=\"El PNC de Pascal se arrepiente de no pactar con el PDECat\" class=\"read-more\" href=\"https:\/\/www.eltriangle.eu\/es\/2020\/11\/26\/el-pnc-de-pascal-se-arrepiente-de-no-pactar-con-el-pdecat\/\" aria-label=\"Leer m\u00e1s sobre El PNC de Pascal se arrepiente de no pactar con el PDECat\">Leer m\u00e1s<\/a><\/p>\n","protected":false},"author":98,"featured_media":0,"comment_status":"open","ping_status":"closed","sticky":false,"template":"","format":"standard","meta":{"_acf_changed":false,"pmpro_default_level":"","footnotes":""},"categories":[52],"tags":[146,244,243],"class_list":["post-78532","post","type-post","status-publish","format-standard","hentry","category-perlas","tag-jxcat-es","tag-marta-pascal-es","tag-pnc-es","pmpro-has-access"],"acf":[],"yoast_head":"<!-- This site is optimized with the Yoast SEO plugin v27.4 - https:\/\/yoast.com\/product\/yoast-seo-wordpress\/ -->\n<title>El PNC de Pascal se arrepiente de no pactar con el PDECat - El Triangle<\/title>\n<meta name=\"description\" content=\"La l\u00edder del Partit Nacionalista Catal\u00e0 (PNC), Marta Pascal, ve muy complicado que su formaci\u00f3n acabe teniendo representaci\u00f3n en el Parlament despu\u00e9s de\" class=\"yoast-seo-meta-tag\" \/>\n<meta name=\"robots\" content=\"index, follow, max-snippet:-1, max-image-preview:large, max-video-preview:-1\" \/>\n<link rel=\"canonical\" href=\"https:\/\/www.eltriangle.eu\/es\/2020\/11\/26\/el-pnc-de-pascal-se-arrepiente-de-no-pactar-con-el-pdecat\/\" class=\"yoast-seo-meta-tag\" \/>\n<meta property=\"og:locale\" content=\"es_ES\" class=\"yoast-seo-meta-tag\" \/>\n<meta property=\"og:type\" content=\"article\" class=\"yoast-seo-meta-tag\" \/>\n<meta property=\"og:title\" content=\"El PNC de Pascal se arrepiente de no pactar con el PDECat - El Triangle\" class=\"yoast-seo-meta-tag\" \/>\n<meta property=\"og:description\" content=\"La l\u00edder del Partit Nacionalista Catal\u00e0 (PNC), Marta Pascal, ve muy complicado que su formaci\u00f3n acabe teniendo representaci\u00f3n en el Parlament despu\u00e9s de\" class=\"yoast-seo-meta-tag\" \/>\n<meta property=\"og:url\" content=\"https:\/\/www.eltriangle.eu\/es\/2020\/11\/26\/el-pnc-de-pascal-se-arrepiente-de-no-pactar-con-el-pdecat\/\" class=\"yoast-seo-meta-tag\" \/>\n<meta property=\"og:site_name\" content=\"El Triangle\" class=\"yoast-seo-meta-tag\" \/>\n<meta property=\"article:publisher\" content=\"https:\/\/www.facebook.com\/El-Triangle-Diari-101787399020302\" class=\"yoast-seo-meta-tag\" \/>\n<meta property=\"article:published_time\" content=\"2020-11-26T10:42:31+00:00\" class=\"yoast-seo-meta-tag\" \/>\n<meta property=\"article:modified_time\" content=\"2020-11-26T10:42:47+00:00\" class=\"yoast-seo-meta-tag\" \/>\n<meta name=\"author\" content=\"marcel\" class=\"yoast-seo-meta-tag\" \/>\n<meta name=\"twitter:card\" content=\"summary_large_image\" class=\"yoast-seo-meta-tag\" \/>\n<meta name=\"twitter:creator\" content=\"@El_Triangle\" class=\"yoast-seo-meta-tag\" \/>\n<meta name=\"twitter:site\" content=\"@El_Triangle\" class=\"yoast-seo-meta-tag\" \/>\n<meta name=\"twitter:label1\" content=\"Escrito por\" class=\"yoast-seo-meta-tag\" \/>\n\t<meta name=\"twitter:data1\" content=\"marcel\" class=\"yoast-seo-meta-tag\" \/>\n\t<meta name=\"twitter:label2\" content=\"Tiempo de lectura\" class=\"yoast-seo-meta-tag\" \/>\n\t<meta name=\"twitter:data2\" content=\"1 minuto\" class=\"yoast-seo-meta-tag\" \/>\n<script type=\"application\/ld+json\" class=\"yoast-schema-graph\">{\"@context\":\"https:\\\/\\\/schema.org\",\"@graph\":[{\"@type\":\"NewsArticle\",\"@id\":\"https:\\\/\\\/www.eltriangle.eu\\\/es\\\/2020\\\/11\\\/26\\\/el-pnc-de-pascal-se-arrepiente-de-no-pactar-con-el-pdecat\\\/#article\",\"isPartOf\":{\"@id\":\"https:\\\/\\\/www.eltriangle.eu\\\/es\\\/2020\\\/11\\\/26\\\/el-pnc-de-pascal-se-arrepiente-de-no-pactar-con-el-pdecat\\\/\"},\"author\":{\"name\":\"marcel\",\"@id\":\"https:\\\/\\\/www.eltriangle.eu\\\/es\\\/#\\\/schema\\\/person\\\/ce1123c05f3d70c0f89636f14cef9510\"},\"headline\":\"El PNC de Pascal se arrepiente de no pactar con el PDECat\",\"datePublished\":\"2020-11-26T10:42:31+00:00\",\"dateModified\":\"2020-11-26T10:42:47+00:00\",\"mainEntityOfPage\":{\"@id\":\"https:\\\/\\\/www.eltriangle.eu\\\/es\\\/2020\\\/11\\\/26\\\/el-pnc-de-pascal-se-arrepiente-de-no-pactar-con-el-pdecat\\\/\"},\"wordCount\":212,\"commentCount\":0,\"publisher\":{\"@id\":\"https:\\\/\\\/www.eltriangle.eu\\\/es\\\/#organization\"},\"keywords\":[\"JxCat\",\"Marta Pascal\",\"PNC\"],\"articleSection\":[\"Las perlas\"],\"inLanguage\":\"es\",\"potentialAction\":[{\"@type\":\"CommentAction\",\"name\":\"Comment\",\"target\":[\"https:\\\/\\\/www.eltriangle.eu\\\/es\\\/2020\\\/11\\\/26\\\/el-pnc-de-pascal-se-arrepiente-de-no-pactar-con-el-pdecat\\\/#respond\"]}]},{\"@type\":\"WebPage\",\"@id\":\"https:\\\/\\\/www.eltriangle.eu\\\/es\\\/2020\\\/11\\\/26\\\/el-pnc-de-pascal-se-arrepiente-de-no-pactar-con-el-pdecat\\\/\",\"url\":\"https:\\\/\\\/www.eltriangle.eu\\\/es\\\/2020\\\/11\\\/26\\\/el-pnc-de-pascal-se-arrepiente-de-no-pactar-con-el-pdecat\\\/\",\"name\":\"El PNC de Pascal se arrepiente de no pactar con el PDECat - El Triangle\",\"isPartOf\":{\"@id\":\"https:\\\/\\\/www.eltriangle.eu\\\/es\\\/#website\"},\"datePublished\":\"2020-11-26T10:42:31+00:00\",\"dateModified\":\"2020-11-26T10:42:47+00:00\",\"description\":\"La l\u00edder del Partit Nacionalista Catal\u00e0 (PNC), Marta Pascal, ve muy complicado que su formaci\u00f3n acabe teniendo representaci\u00f3n en el Parlament despu\u00e9s de\",\"breadcrumb\":{\"@id\":\"https:\\\/\\\/www.eltriangle.eu\\\/es\\\/2020\\\/11\\\/26\\\/el-pnc-de-pascal-se-arrepiente-de-no-pactar-con-el-pdecat\\\/#breadcrumb\"},\"inLanguage\":\"es\",\"potentialAction\":[{\"@type\":\"ReadAction\",\"target\":[\"https:\\\/\\\/www.eltriangle.eu\\\/es\\\/2020\\\/11\\\/26\\\/el-pnc-de-pascal-se-arrepiente-de-no-pactar-con-el-pdecat\\\/\"]}]},{\"@type\":\"BreadcrumbList\",\"@id\":\"https:\\\/\\\/www.eltriangle.eu\\\/es\\\/2020\\\/11\\\/26\\\/el-pnc-de-pascal-se-arrepiente-de-no-pactar-con-el-pdecat\\\/#breadcrumb\",\"itemListElement\":[{\"@type\":\"ListItem\",\"position\":1,\"name\":\"Portada\",\"item\":\"https:\\\/\\\/www.eltriangle.eu\\\/es\\\/\"},{\"@type\":\"ListItem\",\"position\":2,\"name\":\"El PNC de Pascal se arrepiente de no pactar con el PDECat\"}]},{\"@type\":\"WebSite\",\"@id\":\"https:\\\/\\\/www.eltriangle.eu\\\/es\\\/#website\",\"url\":\"https:\\\/\\\/www.eltriangle.eu\\\/es\\\/\",\"name\":\"El Triangle\",\"description\":\"El Triangle \u00e9s un Diari d&#039;informaci\u00f3 general, editat a Catalunya i escrit en llengua catalana, especialitzat en investigaci\u00f3 period\u00edstica\",\"publisher\":{\"@id\":\"https:\\\/\\\/www.eltriangle.eu\\\/es\\\/#organization\"},\"potentialAction\":[{\"@type\":\"SearchAction\",\"target\":{\"@type\":\"EntryPoint\",\"urlTemplate\":\"https:\\\/\\\/www.eltriangle.eu\\\/es\\\/?s={search_term_string}\"},\"query-input\":{\"@type\":\"PropertyValueSpecification\",\"valueRequired\":true,\"valueName\":\"search_term_string\"}}],\"inLanguage\":\"es\"},{\"@type\":[\"Organization\",\"NewsMediaOrganization\"],\"@id\":\"https:\\\/\\\/www.eltriangle.eu\\\/es\\\/#organization\",\"name\":\"El Triangle\",\"url\":\"https:\\\/\\\/www.eltriangle.eu\\\/es\\\/\",\"logo\":{\"@type\":\"ImageObject\",\"inLanguage\":\"es\",\"@id\":\"https:\\\/\\\/www.eltriangle.eu\\\/es\\\/#\\\/schema\\\/logo\\\/image\\\/\",\"url\":\"https:\\\/\\\/www.eltriangle.eu\\\/wp-content\\\/uploads\\\/2020\\\/11\\\/triangle_logo-ajustado.jpg\",\"contentUrl\":\"https:\\\/\\\/www.eltriangle.eu\\\/wp-content\\\/uploads\\\/2020\\\/11\\\/triangle_logo-ajustado.jpg\",\"width\":521,\"height\":92,\"caption\":\"El Triangle\"},\"image\":{\"@id\":\"https:\\\/\\\/www.eltriangle.eu\\\/es\\\/#\\\/schema\\\/logo\\\/image\\\/\"},\"sameAs\":[\"https:\\\/\\\/www.facebook.com\\\/El-Triangle-Diari-101787399020302\",\"https:\\\/\\\/x.com\\\/El_Triangle\",\"https:\\\/\\\/www.youtube.com\\\/channel\\\/UCTIjmYEMYSpdGonuAgNhbcg\"]},{\"@type\":\"Person\",\"@id\":\"https:\\\/\\\/www.eltriangle.eu\\\/es\\\/#\\\/schema\\\/person\\\/ce1123c05f3d70c0f89636f14cef9510\",\"name\":\"marcel\",\"image\":{\"@type\":\"ImageObject\",\"inLanguage\":\"es\",\"@id\":\"\\\/\\\/www.gravatar.com\\\/avatar\\\/e2a29b9c244de7330bb84255b1421cb8?s=96&#038;r=g&#038;d=mm\",\"url\":\"\\\/\\\/www.gravatar.com\\\/avatar\\\/e2a29b9c244de7330bb84255b1421cb8?s=96&#038;r=g&#038;d=mm\",\"contentUrl\":\"\\\/\\\/www.gravatar.com\\\/avatar\\\/e2a29b9c244de7330bb84255b1421cb8?s=96&#038;r=g&#038;d=mm\",\"caption\":\"marcel\"},\"url\":\"https:\\\/\\\/www.eltriangle.eu\\\/es\\\/author\\\/marcel\\\/\"},{\"@type\":\"SiteNavigationElement\",\"@id\":\"https:\\\/\\\/www.eltriangle.eu\\\/es\\\/#site-navigation\",\"cssSelector\":[\".cib-main-menu\"]},{\"@type\":\"WPHeader\",\"@id\":\"https:\\\/\\\/www.eltriangle.eu\\\/es\\\/#header\",\"cssSelector\":[\".cib-header\"]},{\"@type\":\"WPFooter\",\"@id\":\"https:\\\/\\\/www.eltriangle.eu\\\/es\\\/#footer\",\"cssSelector\":[\".cib-footer\"]}]}<\/script>\n<!-- \/ Yoast SEO plugin. -->","yoast_head_json":{"title":"El PNC de Pascal se arrepiente de no pactar con el PDECat - El Triangle","description":"La l\u00edder del Partit Nacionalista Catal\u00e0 (PNC), Marta Pascal, ve muy complicado que su formaci\u00f3n acabe teniendo representaci\u00f3n en el Parlament despu\u00e9s de","robots":{"index":"index","follow":"follow","max-snippet":"max-snippet:-1","max-image-preview":"max-image-preview:large","max-video-preview":"max-video-preview:-1"},"canonical":"https:\/\/www.eltriangle.eu\/es\/2020\/11\/26\/el-pnc-de-pascal-se-arrepiente-de-no-pactar-con-el-pdecat\/","og_locale":"es_ES","og_type":"article","og_title":"El PNC de Pascal se arrepiente de no pactar con el PDECat - El Triangle","og_description":"La l\u00edder del Partit Nacionalista Catal\u00e0 (PNC), Marta Pascal, ve muy complicado que su formaci\u00f3n acabe teniendo representaci\u00f3n en el Parlament despu\u00e9s de","og_url":"https:\/\/www.eltriangle.eu\/es\/2020\/11\/26\/el-pnc-de-pascal-se-arrepiente-de-no-pactar-con-el-pdecat\/","og_site_name":"El Triangle","article_publisher":"https:\/\/www.facebook.com\/El-Triangle-Diari-101787399020302","article_published_time":"2020-11-26T10:42:31+00:00","article_modified_time":"2020-11-26T10:42:47+00:00","author":"marcel","twitter_card":"summary_large_image","twitter_creator":"@El_Triangle","twitter_site":"@El_Triangle","twitter_misc":{"Escrito por":"marcel","Tiempo de lectura":"1 minuto"},"schema":{"@context":"https:\/\/schema.org","@graph":[{"@type":"NewsArticle","@id":"https:\/\/www.eltriangle.eu\/es\/2020\/11\/26\/el-pnc-de-pascal-se-arrepiente-de-no-pactar-con-el-pdecat\/#article","isPartOf":{"@id":"https:\/\/www.eltriangle.eu\/es\/2020\/11\/26\/el-pnc-de-pascal-se-arrepiente-de-no-pactar-con-el-pdecat\/"},"author":{"name":"marcel","@id":"https:\/\/www.eltriangle.eu\/es\/#\/schema\/person\/ce1123c05f3d70c0f89636f14cef9510"},"headline":"El PNC de Pascal se arrepiente de no pactar con el PDECat","datePublished":"2020-11-26T10:42:31+00:00","dateModified":"2020-11-26T10:42:47+00:00","mainEntityOfPage":{"@id":"https:\/\/www.eltriangle.eu\/es\/2020\/11\/26\/el-pnc-de-pascal-se-arrepiente-de-no-pactar-con-el-pdecat\/"},"wordCount":212,"commentCount":0,"publisher":{"@id":"https:\/\/www.eltriangle.eu\/es\/#organization"},"keywords":["JxCat","Marta Pascal","PNC"],"articleSection":["Las perlas"],"inLanguage":"es","potentialAction":[{"@type":"CommentAction","name":"Comment","target":["https:\/\/www.eltriangle.eu\/es\/2020\/11\/26\/el-pnc-de-pascal-se-arrepiente-de-no-pactar-con-el-pdecat\/#respond"]}]},{"@type":"WebPage","@id":"https:\/\/www.eltriangle.eu\/es\/2020\/11\/26\/el-pnc-de-pascal-se-arrepiente-de-no-pactar-con-el-pdecat\/","url":"https:\/\/www.eltriangle.eu\/es\/2020\/11\/26\/el-pnc-de-pascal-se-arrepiente-de-no-pactar-con-el-pdecat\/","name":"El PNC de Pascal se arrepiente de no pactar con el PDECat - El Triangle","isPartOf":{"@id":"https:\/\/www.eltriangle.eu\/es\/#website"},"datePublished":"2020-11-26T10:42:31+00:00","dateModified":"2020-11-26T10:42:47+00:00","description":"La l\u00edder del Partit Nacionalista Catal\u00e0 (PNC), Marta Pascal, ve muy complicado que su formaci\u00f3n acabe teniendo representaci\u00f3n en el Parlament despu\u00e9s de","breadcrumb":{"@id":"https:\/\/www.eltriangle.eu\/es\/2020\/11\/26\/el-pnc-de-pascal-se-arrepiente-de-no-pactar-con-el-pdecat\/#breadcrumb"},"inLanguage":"es","potentialAction":[{"@type":"ReadAction","target":["https:\/\/www.eltriangle.eu\/es\/2020\/11\/26\/el-pnc-de-pascal-se-arrepiente-de-no-pactar-con-el-pdecat\/"]}]},{"@type":"BreadcrumbList","@id":"https:\/\/www.eltriangle.eu\/es\/2020\/11\/26\/el-pnc-de-pascal-se-arrepiente-de-no-pactar-con-el-pdecat\/#breadcrumb","itemListElement":[{"@type":"ListItem","position":1,"name":"Portada","item":"https:\/\/www.eltriangle.eu\/es\/"},{"@type":"ListItem","position":2,"name":"El PNC de Pascal se arrepiente de no pactar con el PDECat"}]},{"@type":"WebSite","@id":"https:\/\/www.eltriangle.eu\/es\/#website","url":"https:\/\/www.eltriangle.eu\/es\/","name":"El Triangle","description":"El Triangle \u00e9s un Diari d&#039;informaci\u00f3 general, editat a Catalunya i escrit en llengua catalana, especialitzat en investigaci\u00f3 period\u00edstica","publisher":{"@id":"https:\/\/www.eltriangle.eu\/es\/#organization"},"potentialAction":[{"@type":"SearchAction","target":{"@type":"EntryPoint","urlTemplate":"https:\/\/www.eltriangle.eu\/es\/?s={search_term_string}"},"query-input":{"@type":"PropertyValueSpecification","valueRequired":true,"valueName":"search_term_string"}}],"inLanguage":"es"},{"@type":["Organization","NewsMediaOrganization"],"@id":"https:\/\/www.eltriangle.eu\/es\/#organization","name":"El Triangle","url":"https:\/\/www.eltriangle.eu\/es\/","logo":{"@type":"ImageObject","inLanguage":"es","@id":"https:\/\/www.eltriangle.eu\/es\/#\/schema\/logo\/image\/","url":"https:\/\/www.eltriangle.eu\/wp-content\/uploads\/2020\/11\/triangle_logo-ajustado.jpg","contentUrl":"https:\/\/www.eltriangle.eu\/wp-content\/uploads\/2020\/11\/triangle_logo-ajustado.jpg","width":521,"height":92,"caption":"El Triangle"},"image":{"@id":"https:\/\/www.eltriangle.eu\/es\/#\/schema\/logo\/image\/"},"sameAs":["https:\/\/www.facebook.com\/El-Triangle-Diari-101787399020302","https:\/\/x.com\/El_Triangle","https:\/\/www.youtube.com\/channel\/UCTIjmYEMYSpdGonuAgNhbcg"]},{"@type":"Person","@id":"https:\/\/www.eltriangle.eu\/es\/#\/schema\/person\/ce1123c05f3d70c0f89636f14cef9510","name":"marcel","image":{"@type":"ImageObject","inLanguage":"es","@id":"\/\/www.gravatar.com\/avatar\/e2a29b9c244de7330bb84255b1421cb8?s=96&#038;r=g&#038;d=mm","url":"\/\/www.gravatar.com\/avatar\/e2a29b9c244de7330bb84255b1421cb8?s=96&#038;r=g&#038;d=mm","contentUrl":"\/\/www.gravatar.com\/avatar\/e2a29b9c244de7330bb84255b1421cb8?s=96&#038;r=g&#038;d=mm","caption":"marcel"},"url":"https:\/\/www.eltriangle.eu\/es\/author\/marcel\/"},{"@type":"SiteNavigationElement","@id":"https:\/\/www.eltriangle.eu\/es\/#site-navigation","cssSelector":[".cib-main-menu"]},{"@type":"WPHeader","@id":"https:\/\/www.eltriangle.eu\/es\/#header","cssSelector":[".cib-header"]},{"@type":"WPFooter","@id":"https:\/\/www.eltriangle.eu\/es\/#footer","cssSelector":[".cib-footer"]}]}},"amp_enabled":true,"_links":{"self":[{"href":"https:\/\/www.eltriangle.eu\/es\/wp-json\/wp\/v2\/posts\/78532","targetHints":{"allow":["GET"]}}],"collection":[{"href":"https:\/\/www.eltriangle.eu\/es\/wp-json\/wp\/v2\/posts"}],"about":[{"href":"https:\/\/www.eltriangle.eu\/es\/wp-json\/wp\/v2\/types\/post"}],"author":[{"embeddable":true,"href":"https:\/\/www.eltriangle.eu\/es\/wp-json\/wp\/v2\/users\/98"}],"replies":[{"embeddable":true,"href":"https:\/\/www.eltriangle.eu\/es\/wp-json\/wp\/v2\/comments?post=78532"}],"version-history":[{"count":0,"href":"https:\/\/www.eltriangle.eu\/es\/wp-json\/wp\/v2\/posts\/78532\/revisions"}],"wp:attachment":[{"href":"https:\/\/www.eltriangle.eu\/es\/wp-json\/wp\/v2\/media?parent=78532"}],"wp:term":[{"taxonomy":"category","embeddable":true,"href":"https:\/\/www.eltriangle.eu\/es\/wp-json\/wp\/v2\/categories?post=78532"},{"taxonomy":"post_tag","embeddable":true,"href":"https:\/\/www.eltriangle.eu\/es\/wp-json\/wp\/v2\/tags?post=78532"}],"curies":[{"name":"wp","href":"https:\/\/api.w.org\/{rel}","templated":true}]}}