{"id":78451,"date":"2020-11-26T05:00:06","date_gmt":"2020-11-26T05:00:06","guid":{"rendered":null},"modified":"2020-11-26T08:21:15","modified_gmt":"2020-11-26T08:21:15","slug":"que-miembro-de-la-crida-sugiere-que-rufian-se-suicide","status":"publish","type":"post","link":"https:\/\/www.eltriangle.eu\/es\/2020\/11\/26\/que-miembro-de-la-crida-sugiere-que-rufian-se-suicide\/","title":{"rendered":"\u00bfQu\u00e9 miembro de la Crida sugiere a Rufi\u00e1n que se suicide?"},"content":{"rendered":"<p>La militante de la <strong>Crida Nacional per la Rep\u00fablica<\/strong> e <em>influencer <\/em>independentista <strong>Cristina de Haro<\/strong>, conocido por el alias <em>Gallifantes<\/em> en Twitter, ha sugerido al portavoz del ERC en el Congreso, <strong>Gabriel Rufi\u00e1n<\/strong>, a quien trata de traidor, que imite a<strong> Judas Iscariote<\/strong> hasta las \u00faltimas consecuencias.<\/p>\n<p>La muerte de este personaje b\u00edblico tiene dos versiones, causada por un traumatismo en la cabeza despu\u00e9s de una ca\u00edda o por un suicidio por ahorcamiento, pero De Haro ha dejado claro a cu\u00e1l se refer\u00eda: \u00abEntiendo que has aceptado las 30 monedas, Gabriel Rufi\u00e1n. La vida es dura y fuera hace fr\u00edo. <strong>Sigue imitando a Judas y busca un \u00e1rbol.<\/strong> <em>Besis.\u00bb<\/em> \u00abNo os enfad\u00e9is demasiado. Tranquilos. Los Judas terminan colgados por su cuenta\u00bb, ha remachado m\u00e1s tarde.<\/p>\n<p>Estos comentarios son una reacci\u00f3n al hecho de que Esquerra Republicana, a trav\u00e9s de Rufi\u00e1n, haya anunciado que apoyar\u00e1 la <strong>aprobaci\u00f3n de los presupuestos generales del Estado.<\/strong> La decisi\u00f3n ha vuelto a poner la diana sobre Rufi\u00e1n, acostumbrado durante los a\u00f1os de baj\u00f3n del <em>proc\u00e9s<\/em> a ser el saco de los golpes de compa\u00f1eros de movimiento que antes, muy a menudo, lo idolatraban.<\/p>\n<p>El propio Rufi\u00e1n se ha hecho eco, como acostumbra, de los reproches que algunos de ellos le dedican en Twitter, como la diputada de JxCat <strong>M\u00edriam Nogueras<\/strong> y el <em>dircom<\/em> del Departamento de Interior, <strong>Joan Maria Piqu\u00e9<\/strong>, que han esgrimido contra \u00e9l los puntos que el propio Rufi\u00e1n dijo <a href=\"https:\/\/twitter.com\/gabrielrufian\/status\/1212834083220467718\">que exig\u00edan al gobierno espa\u00f1ol<\/a> en la mesa de di\u00e1logo. El portavoz parlamentario de ERC no ha hecho lo mismo, en cambio, con la sugerencia de De Haro, aunque tambi\u00e9n le interpelaba.<\/p>\n","protected":false},"excerpt":{"rendered":"<p>La militante de la Crida Nacional per la Rep\u00fablica e influencer independentista Cristina de Haro, conocido por el alias Gallifantes en Twitter, ha sugerido al portavoz del ERC en el Congreso, Gabriel Rufi\u00e1n, a quien trata de traidor, que imite a Judas Iscariote hasta las \u00faltimas consecuencias. La muerte de este personaje b\u00edblico tiene dos &#8230; <a title=\"\u00bfQu\u00e9 miembro de la Crida sugiere a Rufi\u00e1n que se suicide?\" class=\"read-more\" href=\"https:\/\/www.eltriangle.eu\/es\/2020\/11\/26\/que-miembro-de-la-crida-sugiere-que-rufian-se-suicide\/\" aria-label=\"Leer m\u00e1s sobre \u00bfQu\u00e9 miembro de la Crida sugiere a Rufi\u00e1n que se suicide?\">Leer m\u00e1s<\/a><\/p>\n","protected":false},"author":99,"featured_media":78441,"comment_status":"open","ping_status":"closed","sticky":false,"template":"","format":"standard","meta":{"_acf_changed":false,"pmpro_default_level":"","footnotes":""},"categories":[20],"tags":[],"class_list":["post-78451","post","type-post","status-publish","format-standard","has-post-thumbnail","hentry","category-confidencial","pmpro-has-access"],"acf":[],"yoast_head":"<!-- This site is optimized with the Yoast SEO plugin v27.4 - https:\/\/yoast.com\/product\/yoast-seo-wordpress\/ -->\n<title>\u00bfQu\u00e9 miembro de la Crida sugiere a Rufi\u00e1n que se suicide? - El Triangle<\/title>\n<meta name=\"description\" content=\"La militante de la Crida Nacional per la Rep\u00fablica e influencer independentista Cristina de Haro, conocido por el alias Gallifantes en Twitter, ha\" class=\"yoast-seo-meta-tag\" \/>\n<meta name=\"robots\" content=\"index, follow, max-snippet:-1, max-image-preview:large, max-video-preview:-1\" \/>\n<link rel=\"canonical\" href=\"https:\/\/www.eltriangle.eu\/es\/2020\/11\/26\/que-miembro-de-la-crida-sugiere-que-rufian-se-suicide\/\" class=\"yoast-seo-meta-tag\" \/>\n<meta property=\"og:locale\" content=\"es_ES\" class=\"yoast-seo-meta-tag\" \/>\n<meta property=\"og:type\" content=\"article\" class=\"yoast-seo-meta-tag\" \/>\n<meta property=\"og:title\" content=\"\u00bfQu\u00e9 miembro de la Crida sugiere a Rufi\u00e1n que se suicide? - El Triangle\" class=\"yoast-seo-meta-tag\" \/>\n<meta property=\"og:description\" content=\"La militante de la Crida Nacional per la Rep\u00fablica e influencer independentista Cristina de Haro, conocido por el alias Gallifantes en Twitter, ha\" class=\"yoast-seo-meta-tag\" \/>\n<meta property=\"og:url\" content=\"https:\/\/www.eltriangle.eu\/es\/2020\/11\/26\/que-miembro-de-la-crida-sugiere-que-rufian-se-suicide\/\" class=\"yoast-seo-meta-tag\" \/>\n<meta property=\"og:site_name\" content=\"El Triangle\" class=\"yoast-seo-meta-tag\" \/>\n<meta property=\"article:publisher\" content=\"https:\/\/www.facebook.com\/El-Triangle-Diari-101787399020302\" class=\"yoast-seo-meta-tag\" \/>\n<meta property=\"article:published_time\" content=\"2020-11-26T05:00:06+00:00\" class=\"yoast-seo-meta-tag\" \/>\n<meta property=\"article:modified_time\" content=\"2020-11-26T08:21:15+00:00\" class=\"yoast-seo-meta-tag\" \/>\n<meta property=\"og:image\" content=\"https:\/\/www.eltriangle.eu\/wp-content\/uploads\/2020\/11\/deharo.jpg\" class=\"yoast-seo-meta-tag\" \/>\n\t<meta property=\"og:image:width\" content=\"1200\" class=\"yoast-seo-meta-tag\" \/>\n\t<meta property=\"og:image:height\" content=\"650\" class=\"yoast-seo-meta-tag\" \/>\n\t<meta property=\"og:image:type\" content=\"image\/jpeg\" class=\"yoast-seo-meta-tag\" \/>\n<meta name=\"author\" content=\"david\" class=\"yoast-seo-meta-tag\" \/>\n<meta name=\"twitter:card\" content=\"summary_large_image\" class=\"yoast-seo-meta-tag\" \/>\n<meta name=\"twitter:creator\" content=\"@El_Triangle\" class=\"yoast-seo-meta-tag\" \/>\n<meta name=\"twitter:site\" content=\"@El_Triangle\" class=\"yoast-seo-meta-tag\" \/>\n<meta name=\"twitter:label1\" content=\"Escrito por\" class=\"yoast-seo-meta-tag\" \/>\n\t<meta name=\"twitter:data1\" content=\"david\" class=\"yoast-seo-meta-tag\" \/>\n\t<meta name=\"twitter:label2\" content=\"Tiempo de lectura\" class=\"yoast-seo-meta-tag\" \/>\n\t<meta name=\"twitter:data2\" content=\"1 minuto\" class=\"yoast-seo-meta-tag\" \/>\n<script type=\"application\/ld+json\" class=\"yoast-schema-graph\">{\"@context\":\"https:\\\/\\\/schema.org\",\"@graph\":[{\"@type\":\"NewsArticle\",\"@id\":\"https:\\\/\\\/www.eltriangle.eu\\\/es\\\/2020\\\/11\\\/26\\\/que-miembro-de-la-crida-sugiere-que-rufian-se-suicide\\\/#article\",\"isPartOf\":{\"@id\":\"https:\\\/\\\/www.eltriangle.eu\\\/es\\\/2020\\\/11\\\/26\\\/que-miembro-de-la-crida-sugiere-que-rufian-se-suicide\\\/\"},\"author\":{\"name\":\"david\",\"@id\":\"https:\\\/\\\/www.eltriangle.eu\\\/es\\\/#\\\/schema\\\/person\\\/cd672cc0045a30d0189a4a97aad9b8ac\"},\"headline\":\"\u00bfQu\u00e9 miembro de la Crida sugiere a Rufi\u00e1n que se suicide?\",\"datePublished\":\"2020-11-26T05:00:06+00:00\",\"dateModified\":\"2020-11-26T08:21:15+00:00\",\"mainEntityOfPage\":{\"@id\":\"https:\\\/\\\/www.eltriangle.eu\\\/es\\\/2020\\\/11\\\/26\\\/que-miembro-de-la-crida-sugiere-que-rufian-se-suicide\\\/\"},\"wordCount\":308,\"commentCount\":0,\"publisher\":{\"@id\":\"https:\\\/\\\/www.eltriangle.eu\\\/es\\\/#organization\"},\"image\":{\"@id\":\"https:\\\/\\\/www.eltriangle.eu\\\/es\\\/2020\\\/11\\\/26\\\/que-miembro-de-la-crida-sugiere-que-rufian-se-suicide\\\/#primaryimage\"},\"thumbnailUrl\":\"https:\\\/\\\/www.eltriangle.eu\\\/wp-content\\\/uploads\\\/2020\\\/11\\\/deharo.jpg\",\"articleSection\":[\"Confidencial\"],\"inLanguage\":\"es\",\"potentialAction\":[{\"@type\":\"CommentAction\",\"name\":\"Comment\",\"target\":[\"https:\\\/\\\/www.eltriangle.eu\\\/es\\\/2020\\\/11\\\/26\\\/que-miembro-de-la-crida-sugiere-que-rufian-se-suicide\\\/#respond\"]}]},{\"@type\":\"WebPage\",\"@id\":\"https:\\\/\\\/www.eltriangle.eu\\\/es\\\/2020\\\/11\\\/26\\\/que-miembro-de-la-crida-sugiere-que-rufian-se-suicide\\\/\",\"url\":\"https:\\\/\\\/www.eltriangle.eu\\\/es\\\/2020\\\/11\\\/26\\\/que-miembro-de-la-crida-sugiere-que-rufian-se-suicide\\\/\",\"name\":\"\u00bfQu\u00e9 miembro de la Crida sugiere a Rufi\u00e1n que se suicide? - El Triangle\",\"isPartOf\":{\"@id\":\"https:\\\/\\\/www.eltriangle.eu\\\/es\\\/#website\"},\"primaryImageOfPage\":{\"@id\":\"https:\\\/\\\/www.eltriangle.eu\\\/es\\\/2020\\\/11\\\/26\\\/que-miembro-de-la-crida-sugiere-que-rufian-se-suicide\\\/#primaryimage\"},\"image\":{\"@id\":\"https:\\\/\\\/www.eltriangle.eu\\\/es\\\/2020\\\/11\\\/26\\\/que-miembro-de-la-crida-sugiere-que-rufian-se-suicide\\\/#primaryimage\"},\"thumbnailUrl\":\"https:\\\/\\\/www.eltriangle.eu\\\/wp-content\\\/uploads\\\/2020\\\/11\\\/deharo.jpg\",\"datePublished\":\"2020-11-26T05:00:06+00:00\",\"dateModified\":\"2020-11-26T08:21:15+00:00\",\"description\":\"La militante de la Crida Nacional per la Rep\u00fablica e influencer independentista Cristina de Haro, conocido por el alias Gallifantes en Twitter, ha\",\"breadcrumb\":{\"@id\":\"https:\\\/\\\/www.eltriangle.eu\\\/es\\\/2020\\\/11\\\/26\\\/que-miembro-de-la-crida-sugiere-que-rufian-se-suicide\\\/#breadcrumb\"},\"inLanguage\":\"es\",\"potentialAction\":[{\"@type\":\"ReadAction\",\"target\":[\"https:\\\/\\\/www.eltriangle.eu\\\/es\\\/2020\\\/11\\\/26\\\/que-miembro-de-la-crida-sugiere-que-rufian-se-suicide\\\/\"]}]},{\"@type\":\"ImageObject\",\"inLanguage\":\"es\",\"@id\":\"https:\\\/\\\/www.eltriangle.eu\\\/es\\\/2020\\\/11\\\/26\\\/que-miembro-de-la-crida-sugiere-que-rufian-se-suicide\\\/#primaryimage\",\"url\":\"https:\\\/\\\/www.eltriangle.eu\\\/wp-content\\\/uploads\\\/2020\\\/11\\\/deharo.jpg\",\"contentUrl\":\"https:\\\/\\\/www.eltriangle.eu\\\/wp-content\\\/uploads\\\/2020\\\/11\\\/deharo.jpg\",\"width\":1200,\"height\":650,\"caption\":\"Cristina de Haro, en un v\u00eddeo promocional de la Crida\"},{\"@type\":\"BreadcrumbList\",\"@id\":\"https:\\\/\\\/www.eltriangle.eu\\\/es\\\/2020\\\/11\\\/26\\\/que-miembro-de-la-crida-sugiere-que-rufian-se-suicide\\\/#breadcrumb\",\"itemListElement\":[{\"@type\":\"ListItem\",\"position\":1,\"name\":\"Portada\",\"item\":\"https:\\\/\\\/www.eltriangle.eu\\\/es\\\/\"},{\"@type\":\"ListItem\",\"position\":2,\"name\":\"\u00bfQu\u00e9 miembro de la Crida sugiere a Rufi\u00e1n que se suicide?\"}]},{\"@type\":\"WebSite\",\"@id\":\"https:\\\/\\\/www.eltriangle.eu\\\/es\\\/#website\",\"url\":\"https:\\\/\\\/www.eltriangle.eu\\\/es\\\/\",\"name\":\"El Triangle\",\"description\":\"El Triangle \u00e9s un Diari d&#039;informaci\u00f3 general, editat a Catalunya i escrit en llengua catalana, especialitzat en investigaci\u00f3 period\u00edstica\",\"publisher\":{\"@id\":\"https:\\\/\\\/www.eltriangle.eu\\\/es\\\/#organization\"},\"potentialAction\":[{\"@type\":\"SearchAction\",\"target\":{\"@type\":\"EntryPoint\",\"urlTemplate\":\"https:\\\/\\\/www.eltriangle.eu\\\/es\\\/?s={search_term_string}\"},\"query-input\":{\"@type\":\"PropertyValueSpecification\",\"valueRequired\":true,\"valueName\":\"search_term_string\"}}],\"inLanguage\":\"es\"},{\"@type\":[\"Organization\",\"NewsMediaOrganization\"],\"@id\":\"https:\\\/\\\/www.eltriangle.eu\\\/es\\\/#organization\",\"name\":\"El Triangle\",\"url\":\"https:\\\/\\\/www.eltriangle.eu\\\/es\\\/\",\"logo\":{\"@type\":\"ImageObject\",\"inLanguage\":\"es\",\"@id\":\"https:\\\/\\\/www.eltriangle.eu\\\/es\\\/#\\\/schema\\\/logo\\\/image\\\/\",\"url\":\"https:\\\/\\\/www.eltriangle.eu\\\/wp-content\\\/uploads\\\/2020\\\/11\\\/triangle_logo-ajustado.jpg\",\"contentUrl\":\"https:\\\/\\\/www.eltriangle.eu\\\/wp-content\\\/uploads\\\/2020\\\/11\\\/triangle_logo-ajustado.jpg\",\"width\":521,\"height\":92,\"caption\":\"El Triangle\"},\"image\":{\"@id\":\"https:\\\/\\\/www.eltriangle.eu\\\/es\\\/#\\\/schema\\\/logo\\\/image\\\/\"},\"sameAs\":[\"https:\\\/\\\/www.facebook.com\\\/El-Triangle-Diari-101787399020302\",\"https:\\\/\\\/x.com\\\/El_Triangle\",\"https:\\\/\\\/www.youtube.com\\\/channel\\\/UCTIjmYEMYSpdGonuAgNhbcg\"]},{\"@type\":\"Person\",\"@id\":\"https:\\\/\\\/www.eltriangle.eu\\\/es\\\/#\\\/schema\\\/person\\\/cd672cc0045a30d0189a4a97aad9b8ac\",\"name\":\"david\",\"image\":{\"@type\":\"ImageObject\",\"inLanguage\":\"es\",\"@id\":\"\\\/\\\/www.gravatar.com\\\/avatar\\\/55b36afa1d6d76758664a1eac66d9919?s=96&#038;r=g&#038;d=mm\",\"url\":\"\\\/\\\/www.gravatar.com\\\/avatar\\\/55b36afa1d6d76758664a1eac66d9919?s=96&#038;r=g&#038;d=mm\",\"contentUrl\":\"\\\/\\\/www.gravatar.com\\\/avatar\\\/55b36afa1d6d76758664a1eac66d9919?s=96&#038;r=g&#038;d=mm\",\"caption\":\"david\"},\"url\":\"https:\\\/\\\/www.eltriangle.eu\\\/es\\\/author\\\/david\\\/\"},{\"@type\":\"SiteNavigationElement\",\"@id\":\"https:\\\/\\\/www.eltriangle.eu\\\/es\\\/#site-navigation\",\"cssSelector\":[\".cib-main-menu\"]},{\"@type\":\"WPHeader\",\"@id\":\"https:\\\/\\\/www.eltriangle.eu\\\/es\\\/#header\",\"cssSelector\":[\".cib-header\"]},{\"@type\":\"WPFooter\",\"@id\":\"https:\\\/\\\/www.eltriangle.eu\\\/es\\\/#footer\",\"cssSelector\":[\".cib-footer\"]}]}<\/script>\n<!-- \/ Yoast SEO plugin. -->","yoast_head_json":{"title":"\u00bfQu\u00e9 miembro de la Crida sugiere a Rufi\u00e1n que se suicide? - El Triangle","description":"La militante de la Crida Nacional per la Rep\u00fablica e influencer independentista Cristina de Haro, conocido por el alias Gallifantes en Twitter, ha","robots":{"index":"index","follow":"follow","max-snippet":"max-snippet:-1","max-image-preview":"max-image-preview:large","max-video-preview":"max-video-preview:-1"},"canonical":"https:\/\/www.eltriangle.eu\/es\/2020\/11\/26\/que-miembro-de-la-crida-sugiere-que-rufian-se-suicide\/","og_locale":"es_ES","og_type":"article","og_title":"\u00bfQu\u00e9 miembro de la Crida sugiere a Rufi\u00e1n que se suicide? - El Triangle","og_description":"La militante de la Crida Nacional per la Rep\u00fablica e influencer independentista Cristina de Haro, conocido por el alias Gallifantes en Twitter, ha","og_url":"https:\/\/www.eltriangle.eu\/es\/2020\/11\/26\/que-miembro-de-la-crida-sugiere-que-rufian-se-suicide\/","og_site_name":"El Triangle","article_publisher":"https:\/\/www.facebook.com\/El-Triangle-Diari-101787399020302","article_published_time":"2020-11-26T05:00:06+00:00","article_modified_time":"2020-11-26T08:21:15+00:00","og_image":[{"width":1200,"height":650,"url":"https:\/\/www.eltriangle.eu\/wp-content\/uploads\/2020\/11\/deharo.jpg","type":"image\/jpeg"}],"author":"david","twitter_card":"summary_large_image","twitter_creator":"@El_Triangle","twitter_site":"@El_Triangle","twitter_misc":{"Escrito por":"david","Tiempo de lectura":"1 minuto"},"schema":{"@context":"https:\/\/schema.org","@graph":[{"@type":"NewsArticle","@id":"https:\/\/www.eltriangle.eu\/es\/2020\/11\/26\/que-miembro-de-la-crida-sugiere-que-rufian-se-suicide\/#article","isPartOf":{"@id":"https:\/\/www.eltriangle.eu\/es\/2020\/11\/26\/que-miembro-de-la-crida-sugiere-que-rufian-se-suicide\/"},"author":{"name":"david","@id":"https:\/\/www.eltriangle.eu\/es\/#\/schema\/person\/cd672cc0045a30d0189a4a97aad9b8ac"},"headline":"\u00bfQu\u00e9 miembro de la Crida sugiere a Rufi\u00e1n que se suicide?","datePublished":"2020-11-26T05:00:06+00:00","dateModified":"2020-11-26T08:21:15+00:00","mainEntityOfPage":{"@id":"https:\/\/www.eltriangle.eu\/es\/2020\/11\/26\/que-miembro-de-la-crida-sugiere-que-rufian-se-suicide\/"},"wordCount":308,"commentCount":0,"publisher":{"@id":"https:\/\/www.eltriangle.eu\/es\/#organization"},"image":{"@id":"https:\/\/www.eltriangle.eu\/es\/2020\/11\/26\/que-miembro-de-la-crida-sugiere-que-rufian-se-suicide\/#primaryimage"},"thumbnailUrl":"https:\/\/www.eltriangle.eu\/wp-content\/uploads\/2020\/11\/deharo.jpg","articleSection":["Confidencial"],"inLanguage":"es","potentialAction":[{"@type":"CommentAction","name":"Comment","target":["https:\/\/www.eltriangle.eu\/es\/2020\/11\/26\/que-miembro-de-la-crida-sugiere-que-rufian-se-suicide\/#respond"]}]},{"@type":"WebPage","@id":"https:\/\/www.eltriangle.eu\/es\/2020\/11\/26\/que-miembro-de-la-crida-sugiere-que-rufian-se-suicide\/","url":"https:\/\/www.eltriangle.eu\/es\/2020\/11\/26\/que-miembro-de-la-crida-sugiere-que-rufian-se-suicide\/","name":"\u00bfQu\u00e9 miembro de la Crida sugiere a Rufi\u00e1n que se suicide? - El Triangle","isPartOf":{"@id":"https:\/\/www.eltriangle.eu\/es\/#website"},"primaryImageOfPage":{"@id":"https:\/\/www.eltriangle.eu\/es\/2020\/11\/26\/que-miembro-de-la-crida-sugiere-que-rufian-se-suicide\/#primaryimage"},"image":{"@id":"https:\/\/www.eltriangle.eu\/es\/2020\/11\/26\/que-miembro-de-la-crida-sugiere-que-rufian-se-suicide\/#primaryimage"},"thumbnailUrl":"https:\/\/www.eltriangle.eu\/wp-content\/uploads\/2020\/11\/deharo.jpg","datePublished":"2020-11-26T05:00:06+00:00","dateModified":"2020-11-26T08:21:15+00:00","description":"La militante de la Crida Nacional per la Rep\u00fablica e influencer independentista Cristina de Haro, conocido por el alias Gallifantes en Twitter, ha","breadcrumb":{"@id":"https:\/\/www.eltriangle.eu\/es\/2020\/11\/26\/que-miembro-de-la-crida-sugiere-que-rufian-se-suicide\/#breadcrumb"},"inLanguage":"es","potentialAction":[{"@type":"ReadAction","target":["https:\/\/www.eltriangle.eu\/es\/2020\/11\/26\/que-miembro-de-la-crida-sugiere-que-rufian-se-suicide\/"]}]},{"@type":"ImageObject","inLanguage":"es","@id":"https:\/\/www.eltriangle.eu\/es\/2020\/11\/26\/que-miembro-de-la-crida-sugiere-que-rufian-se-suicide\/#primaryimage","url":"https:\/\/www.eltriangle.eu\/wp-content\/uploads\/2020\/11\/deharo.jpg","contentUrl":"https:\/\/www.eltriangle.eu\/wp-content\/uploads\/2020\/11\/deharo.jpg","width":1200,"height":650,"caption":"Cristina de Haro, en un v\u00eddeo promocional de la Crida"},{"@type":"BreadcrumbList","@id":"https:\/\/www.eltriangle.eu\/es\/2020\/11\/26\/que-miembro-de-la-crida-sugiere-que-rufian-se-suicide\/#breadcrumb","itemListElement":[{"@type":"ListItem","position":1,"name":"Portada","item":"https:\/\/www.eltriangle.eu\/es\/"},{"@type":"ListItem","position":2,"name":"\u00bfQu\u00e9 miembro de la Crida sugiere a Rufi\u00e1n que se suicide?"}]},{"@type":"WebSite","@id":"https:\/\/www.eltriangle.eu\/es\/#website","url":"https:\/\/www.eltriangle.eu\/es\/","name":"El Triangle","description":"El Triangle \u00e9s un Diari d&#039;informaci\u00f3 general, editat a Catalunya i escrit en llengua catalana, especialitzat en investigaci\u00f3 period\u00edstica","publisher":{"@id":"https:\/\/www.eltriangle.eu\/es\/#organization"},"potentialAction":[{"@type":"SearchAction","target":{"@type":"EntryPoint","urlTemplate":"https:\/\/www.eltriangle.eu\/es\/?s={search_term_string}"},"query-input":{"@type":"PropertyValueSpecification","valueRequired":true,"valueName":"search_term_string"}}],"inLanguage":"es"},{"@type":["Organization","NewsMediaOrganization"],"@id":"https:\/\/www.eltriangle.eu\/es\/#organization","name":"El Triangle","url":"https:\/\/www.eltriangle.eu\/es\/","logo":{"@type":"ImageObject","inLanguage":"es","@id":"https:\/\/www.eltriangle.eu\/es\/#\/schema\/logo\/image\/","url":"https:\/\/www.eltriangle.eu\/wp-content\/uploads\/2020\/11\/triangle_logo-ajustado.jpg","contentUrl":"https:\/\/www.eltriangle.eu\/wp-content\/uploads\/2020\/11\/triangle_logo-ajustado.jpg","width":521,"height":92,"caption":"El Triangle"},"image":{"@id":"https:\/\/www.eltriangle.eu\/es\/#\/schema\/logo\/image\/"},"sameAs":["https:\/\/www.facebook.com\/El-Triangle-Diari-101787399020302","https:\/\/x.com\/El_Triangle","https:\/\/www.youtube.com\/channel\/UCTIjmYEMYSpdGonuAgNhbcg"]},{"@type":"Person","@id":"https:\/\/www.eltriangle.eu\/es\/#\/schema\/person\/cd672cc0045a30d0189a4a97aad9b8ac","name":"david","image":{"@type":"ImageObject","inLanguage":"es","@id":"\/\/www.gravatar.com\/avatar\/55b36afa1d6d76758664a1eac66d9919?s=96&#038;r=g&#038;d=mm","url":"\/\/www.gravatar.com\/avatar\/55b36afa1d6d76758664a1eac66d9919?s=96&#038;r=g&#038;d=mm","contentUrl":"\/\/www.gravatar.com\/avatar\/55b36afa1d6d76758664a1eac66d9919?s=96&#038;r=g&#038;d=mm","caption":"david"},"url":"https:\/\/www.eltriangle.eu\/es\/author\/david\/"},{"@type":"SiteNavigationElement","@id":"https:\/\/www.eltriangle.eu\/es\/#site-navigation","cssSelector":[".cib-main-menu"]},{"@type":"WPHeader","@id":"https:\/\/www.eltriangle.eu\/es\/#header","cssSelector":[".cib-header"]},{"@type":"WPFooter","@id":"https:\/\/www.eltriangle.eu\/es\/#footer","cssSelector":[".cib-footer"]}]}},"amp_enabled":true,"_links":{"self":[{"href":"https:\/\/www.eltriangle.eu\/es\/wp-json\/wp\/v2\/posts\/78451","targetHints":{"allow":["GET"]}}],"collection":[{"href":"https:\/\/www.eltriangle.eu\/es\/wp-json\/wp\/v2\/posts"}],"about":[{"href":"https:\/\/www.eltriangle.eu\/es\/wp-json\/wp\/v2\/types\/post"}],"author":[{"embeddable":true,"href":"https:\/\/www.eltriangle.eu\/es\/wp-json\/wp\/v2\/users\/99"}],"replies":[{"embeddable":true,"href":"https:\/\/www.eltriangle.eu\/es\/wp-json\/wp\/v2\/comments?post=78451"}],"version-history":[{"count":0,"href":"https:\/\/www.eltriangle.eu\/es\/wp-json\/wp\/v2\/posts\/78451\/revisions"}],"wp:featuredmedia":[{"embeddable":true,"href":"https:\/\/www.eltriangle.eu\/es\/wp-json\/wp\/v2\/media\/78441"}],"wp:attachment":[{"href":"https:\/\/www.eltriangle.eu\/es\/wp-json\/wp\/v2\/media?parent=78451"}],"wp:term":[{"taxonomy":"category","embeddable":true,"href":"https:\/\/www.eltriangle.eu\/es\/wp-json\/wp\/v2\/categories?post=78451"},{"taxonomy":"post_tag","embeddable":true,"href":"https:\/\/www.eltriangle.eu\/es\/wp-json\/wp\/v2\/tags?post=78451"}],"curies":[{"name":"wp","href":"https:\/\/api.w.org\/{rel}","templated":true}]}}