{"id":78449,"date":"2020-11-26T06:00:01","date_gmt":"2020-11-26T06:00:01","guid":{"rendered":null},"modified":"2020-11-26T21:37:53","modified_gmt":"2020-11-26T21:37:53","slug":"movilizacion-procesista-para-que-inaki-rivera-reciba-un-premio-y-derrote-a-una-plataforma-de-residencias","status":"publish","type":"post","link":"https:\/\/www.eltriangle.eu\/es\/2020\/11\/26\/movilizacion-procesista-para-que-inaki-rivera-reciba-un-premio-y-derrote-a-una-plataforma-de-residencias\/","title":{"rendered":"Movilizaci\u00f3n procesista para que I\u00f1aki Rivera reciba un premio y derrote a una Plataforma de Residencias"},"content":{"rendered":"<p>Octuvre.cat, la plataforma de medios creada por <strong>Albano Dante<\/strong> y <strong>Marta Sibina, <\/strong>que se ha alineado con las posturas pol\u00edticas defendidas por <strong>Carles Puigdemont <\/strong>y JxCat, han logrado movilizar suficientes firmas para que el pol\u00e9mico activista <strong>I\u00f1aki Rivera<\/strong> ganase este 24 de noviembre el Premio Nacional de Derechos Humanos otorgado cada a\u00f1o por la<em> Asociaci\u00f3n Pro Derechos Humanos de Espa\u00f1a<\/em> (APDHE). Este a\u00f1o, tres candidatos compitieron por este premio: el ex Fiscal Anticorrupci\u00f3n <strong>Carlos Jim\u00e9nez Villarejo, <\/strong>I\u00f1aki Rivera y la candidatura conjunta de tres entidades que llevan muchos a\u00f1os luchando por la dignidad de las personas dependientes y de los ancianos que viven en residencias: <em>Coordinadora de Residencias 5+1, <\/em>de Catalunya, <em>REDE (Federaci\u00f3n Galega de Asociaci\u00f3ns de Familiares e Usuarias das Residencias e da Dependencia)<\/em> y <em>Pladigmare (Plataforma por la Dignidad de las Personas Mayores en Residencias), <\/em>de Madrid.<\/p>\n<p>La votaci\u00f3n estaba muy igualada entre la candidatura conjunta de las asociaciones que defienden los derechos de los usuarios de las residencias y la de I\u00f1aki Rivera. Se pod\u00eda votar hasta el martes 24 de noviembre. El viernes 20, Albano Dante y Marta Sibina llamaron a votar por Rivera antes del domingo a las 7 de la tarde. En el texto que distribuyeron a trav\u00e9s de sus redes sociales reconoc\u00edan el gran trabajo realizado por la Plataforma de asociaciones que luchan por el bienestar de las personas que viven en residencias, pero denunciaban que \u00abvarios perfiles de sindicatos penitenciarios y de propaganda ultra\u00bb se estaban movilizando para votar a favor de esta candidatura.<\/p>\n<p>\u00abParece que la campa\u00f1a no es realmente a favor de las residencias, sino en contra de la de I\u00f1aki\u00bb, escribieron Dante y Sibina en su nota. El motivo de esa campa\u00f1a era, seg\u00fan ellos, que I\u00f1aki Rivera, como fundador del Observatorio del Sistema Penal y de los Derechos Humanos de la Universidad de Barcelona, se ha caracterizado por denunciar el trato dado por los funcionarios de prisiones a los presos y por involucrarse \u00aben la defensa de los derechos de los presos pol\u00edticos del proc\u00e9s\u00bb. Su candidatura cuenta con el apoyo de <strong>Jordi Cuixart,<\/strong> <strong>Gonzalo Boye,<\/strong> <strong>Jaume Alonso-Cuevillas<\/strong> o <strong>David Fern\u00e1ndez.<\/strong><\/p>\n<p>\u00abLa movilizaci\u00f3n ha sido muy poderosa y ha logrado poner fin al plan de los sectores de extrema derecha de convertir esta votaci\u00f3n en otra pieza m\u00e1s de la persecuci\u00f3n a la que somete a I\u00f1aki desde hace a\u00f1os. En 48 horas m\u00e1s de 100.000 personas han le\u00eddo la historia en nuestro sitio web, casi 350.000 la han visto en nuestro perfil de Twitter y decenas de miles han frenado con sus votos una estrategia que poco tiene que ver con los Derechos Humanos\u00bb, explicaba octuvre.cat.<\/p>\n<p>Finalmente, la candidatura de Rivera ha terminado recibiendo el 66% de los votos (40.600). La Plataforma de Residencias se ha quedado en un 29% (18.300). Carlos Jim\u00e9nez Villarejo ha tenido que contentarse con un 3% (2.200).<\/p>\n","protected":false},"excerpt":{"rendered":"<p>Octuvre.cat, la plataforma de medios creada por Albano Dante y Marta Sibina, que se ha alineado con las posturas pol\u00edticas defendidas por Carles Puigdemont y JxCat, han logrado movilizar suficientes firmas para que el pol\u00e9mico activista I\u00f1aki Rivera ganase este 24 de noviembre el Premio Nacional de Derechos Humanos otorgado cada a\u00f1o por la Asociaci\u00f3n &#8230; <a title=\"Movilizaci\u00f3n procesista para que I\u00f1aki Rivera reciba un premio y derrote a una Plataforma de Residencias\" class=\"read-more\" href=\"https:\/\/www.eltriangle.eu\/es\/2020\/11\/26\/movilizacion-procesista-para-que-inaki-rivera-reciba-un-premio-y-derrote-a-una-plataforma-de-residencias\/\" aria-label=\"Leer m\u00e1s sobre Movilizaci\u00f3n procesista para que I\u00f1aki Rivera reciba un premio y derrote a una Plataforma de Residencias\">Leer m\u00e1s<\/a><\/p>\n","protected":false},"author":96,"featured_media":78440,"comment_status":"open","ping_status":"closed","sticky":false,"template":"","format":"standard","meta":{"_acf_changed":false,"pmpro_default_level":"","footnotes":""},"categories":[24],"tags":[],"class_list":["post-78449","post","type-post","status-publish","format-standard","has-post-thumbnail","hentry","category-actualidad","pmpro-has-access"],"acf":[],"yoast_head":"<!-- This site is optimized with the Yoast SEO plugin v27.4 - https:\/\/yoast.com\/product\/yoast-seo-wordpress\/ -->\n<title>Movilizaci\u00f3n procesista para que I\u00f1aki Rivera reciba un premio y derrote a una Plataforma de Residencias - El Triangle<\/title>\n<meta name=\"description\" content=\"Octuvre.cat, la plataforma de medios creada por Albano Dante y Marta Sibina, que se ha alineado con las posturas pol\u00edticas defendidas por Carles\" class=\"yoast-seo-meta-tag\" \/>\n<meta name=\"robots\" content=\"index, follow, max-snippet:-1, max-image-preview:large, max-video-preview:-1\" \/>\n<link rel=\"canonical\" href=\"https:\/\/www.eltriangle.eu\/es\/2020\/11\/26\/movilizacion-procesista-para-que-inaki-rivera-reciba-un-premio-y-derrote-a-una-plataforma-de-residencias\/\" class=\"yoast-seo-meta-tag\" \/>\n<meta property=\"og:locale\" content=\"es_ES\" class=\"yoast-seo-meta-tag\" \/>\n<meta property=\"og:type\" content=\"article\" class=\"yoast-seo-meta-tag\" \/>\n<meta property=\"og:title\" content=\"Movilizaci\u00f3n procesista para que I\u00f1aki Rivera reciba un premio y derrote a una Plataforma de Residencias - El Triangle\" class=\"yoast-seo-meta-tag\" \/>\n<meta property=\"og:description\" content=\"Octuvre.cat, la plataforma de medios creada por Albano Dante y Marta Sibina, que se ha alineado con las posturas pol\u00edticas defendidas por Carles\" class=\"yoast-seo-meta-tag\" \/>\n<meta property=\"og:url\" content=\"https:\/\/www.eltriangle.eu\/es\/2020\/11\/26\/movilizacion-procesista-para-que-inaki-rivera-reciba-un-premio-y-derrote-a-una-plataforma-de-residencias\/\" class=\"yoast-seo-meta-tag\" \/>\n<meta property=\"og:site_name\" content=\"El Triangle\" class=\"yoast-seo-meta-tag\" \/>\n<meta property=\"article:publisher\" content=\"https:\/\/www.facebook.com\/El-Triangle-Diari-101787399020302\" class=\"yoast-seo-meta-tag\" \/>\n<meta property=\"article:published_time\" content=\"2020-11-26T06:00:01+00:00\" class=\"yoast-seo-meta-tag\" \/>\n<meta property=\"article:modified_time\" content=\"2020-11-26T21:37:53+00:00\" class=\"yoast-seo-meta-tag\" \/>\n<meta property=\"og:image\" content=\"https:\/\/www.eltriangle.eu\/wp-content\/uploads\/2020\/11\/Iridia-presenta-Inaki-Rivera-al-premi-nacional-de-Drets-Humans-APDHE-2020.jpg\" class=\"yoast-seo-meta-tag\" \/>\n\t<meta property=\"og:image:width\" content=\"1196\" class=\"yoast-seo-meta-tag\" \/>\n\t<meta property=\"og:image:height\" content=\"654\" class=\"yoast-seo-meta-tag\" \/>\n\t<meta property=\"og:image:type\" content=\"image\/jpeg\" class=\"yoast-seo-meta-tag\" \/>\n<meta name=\"author\" content=\"siscu\" class=\"yoast-seo-meta-tag\" \/>\n<meta name=\"twitter:card\" content=\"summary_large_image\" class=\"yoast-seo-meta-tag\" \/>\n<meta name=\"twitter:creator\" content=\"@El_Triangle\" class=\"yoast-seo-meta-tag\" \/>\n<meta name=\"twitter:site\" content=\"@El_Triangle\" class=\"yoast-seo-meta-tag\" \/>\n<meta name=\"twitter:label1\" content=\"Escrito por\" class=\"yoast-seo-meta-tag\" \/>\n\t<meta name=\"twitter:data1\" content=\"siscu\" class=\"yoast-seo-meta-tag\" \/>\n\t<meta name=\"twitter:label2\" content=\"Tiempo de lectura\" class=\"yoast-seo-meta-tag\" \/>\n\t<meta name=\"twitter:data2\" content=\"2 minutos\" class=\"yoast-seo-meta-tag\" \/>\n<script type=\"application\/ld+json\" class=\"yoast-schema-graph\">{\"@context\":\"https:\\\/\\\/schema.org\",\"@graph\":[{\"@type\":\"NewsArticle\",\"@id\":\"https:\\\/\\\/www.eltriangle.eu\\\/es\\\/2020\\\/11\\\/26\\\/movilizacion-procesista-para-que-inaki-rivera-reciba-un-premio-y-derrote-a-una-plataforma-de-residencias\\\/#article\",\"isPartOf\":{\"@id\":\"https:\\\/\\\/www.eltriangle.eu\\\/es\\\/2020\\\/11\\\/26\\\/movilizacion-procesista-para-que-inaki-rivera-reciba-un-premio-y-derrote-a-una-plataforma-de-residencias\\\/\"},\"author\":{\"name\":\"siscu\",\"@id\":\"https:\\\/\\\/www.eltriangle.eu\\\/es\\\/#\\\/schema\\\/person\\\/fe6c8c1f44cdf59bc58706ec8010ea66\"},\"headline\":\"Movilizaci\u00f3n procesista para que I\u00f1aki Rivera reciba un premio y derrote a una Plataforma de Residencias\",\"datePublished\":\"2020-11-26T06:00:01+00:00\",\"dateModified\":\"2020-11-26T21:37:53+00:00\",\"mainEntityOfPage\":{\"@id\":\"https:\\\/\\\/www.eltriangle.eu\\\/es\\\/2020\\\/11\\\/26\\\/movilizacion-procesista-para-que-inaki-rivera-reciba-un-premio-y-derrote-a-una-plataforma-de-residencias\\\/\"},\"wordCount\":516,\"commentCount\":0,\"publisher\":{\"@id\":\"https:\\\/\\\/www.eltriangle.eu\\\/es\\\/#organization\"},\"image\":{\"@id\":\"https:\\\/\\\/www.eltriangle.eu\\\/es\\\/2020\\\/11\\\/26\\\/movilizacion-procesista-para-que-inaki-rivera-reciba-un-premio-y-derrote-a-una-plataforma-de-residencias\\\/#primaryimage\"},\"thumbnailUrl\":\"https:\\\/\\\/www.eltriangle.eu\\\/wp-content\\\/uploads\\\/2020\\\/11\\\/Iridia-presenta-Inaki-Rivera-al-premi-nacional-de-Drets-Humans-APDHE-2020.jpg\",\"articleSection\":[\"Actualidad\"],\"inLanguage\":\"es\",\"potentialAction\":[{\"@type\":\"CommentAction\",\"name\":\"Comment\",\"target\":[\"https:\\\/\\\/www.eltriangle.eu\\\/es\\\/2020\\\/11\\\/26\\\/movilizacion-procesista-para-que-inaki-rivera-reciba-un-premio-y-derrote-a-una-plataforma-de-residencias\\\/#respond\"]}]},{\"@type\":\"WebPage\",\"@id\":\"https:\\\/\\\/www.eltriangle.eu\\\/es\\\/2020\\\/11\\\/26\\\/movilizacion-procesista-para-que-inaki-rivera-reciba-un-premio-y-derrote-a-una-plataforma-de-residencias\\\/\",\"url\":\"https:\\\/\\\/www.eltriangle.eu\\\/es\\\/2020\\\/11\\\/26\\\/movilizacion-procesista-para-que-inaki-rivera-reciba-un-premio-y-derrote-a-una-plataforma-de-residencias\\\/\",\"name\":\"Movilizaci\u00f3n procesista para que I\u00f1aki Rivera reciba un premio y derrote a una Plataforma de Residencias - El Triangle\",\"isPartOf\":{\"@id\":\"https:\\\/\\\/www.eltriangle.eu\\\/es\\\/#website\"},\"primaryImageOfPage\":{\"@id\":\"https:\\\/\\\/www.eltriangle.eu\\\/es\\\/2020\\\/11\\\/26\\\/movilizacion-procesista-para-que-inaki-rivera-reciba-un-premio-y-derrote-a-una-plataforma-de-residencias\\\/#primaryimage\"},\"image\":{\"@id\":\"https:\\\/\\\/www.eltriangle.eu\\\/es\\\/2020\\\/11\\\/26\\\/movilizacion-procesista-para-que-inaki-rivera-reciba-un-premio-y-derrote-a-una-plataforma-de-residencias\\\/#primaryimage\"},\"thumbnailUrl\":\"https:\\\/\\\/www.eltriangle.eu\\\/wp-content\\\/uploads\\\/2020\\\/11\\\/Iridia-presenta-Inaki-Rivera-al-premi-nacional-de-Drets-Humans-APDHE-2020.jpg\",\"datePublished\":\"2020-11-26T06:00:01+00:00\",\"dateModified\":\"2020-11-26T21:37:53+00:00\",\"description\":\"Octuvre.cat, la plataforma de medios creada por Albano Dante y Marta Sibina, que se ha alineado con las posturas pol\u00edticas defendidas por Carles\",\"breadcrumb\":{\"@id\":\"https:\\\/\\\/www.eltriangle.eu\\\/es\\\/2020\\\/11\\\/26\\\/movilizacion-procesista-para-que-inaki-rivera-reciba-un-premio-y-derrote-a-una-plataforma-de-residencias\\\/#breadcrumb\"},\"inLanguage\":\"es\",\"potentialAction\":[{\"@type\":\"ReadAction\",\"target\":[\"https:\\\/\\\/www.eltriangle.eu\\\/es\\\/2020\\\/11\\\/26\\\/movilizacion-procesista-para-que-inaki-rivera-reciba-un-premio-y-derrote-a-una-plataforma-de-residencias\\\/\"]}]},{\"@type\":\"ImageObject\",\"inLanguage\":\"es\",\"@id\":\"https:\\\/\\\/www.eltriangle.eu\\\/es\\\/2020\\\/11\\\/26\\\/movilizacion-procesista-para-que-inaki-rivera-reciba-un-premio-y-derrote-a-una-plataforma-de-residencias\\\/#primaryimage\",\"url\":\"https:\\\/\\\/www.eltriangle.eu\\\/wp-content\\\/uploads\\\/2020\\\/11\\\/Iridia-presenta-Inaki-Rivera-al-premi-nacional-de-Drets-Humans-APDHE-2020.jpg\",\"contentUrl\":\"https:\\\/\\\/www.eltriangle.eu\\\/wp-content\\\/uploads\\\/2020\\\/11\\\/Iridia-presenta-Inaki-Rivera-al-premi-nacional-de-Drets-Humans-APDHE-2020.jpg\",\"width\":1196,\"height\":654},{\"@type\":\"BreadcrumbList\",\"@id\":\"https:\\\/\\\/www.eltriangle.eu\\\/es\\\/2020\\\/11\\\/26\\\/movilizacion-procesista-para-que-inaki-rivera-reciba-un-premio-y-derrote-a-una-plataforma-de-residencias\\\/#breadcrumb\",\"itemListElement\":[{\"@type\":\"ListItem\",\"position\":1,\"name\":\"Portada\",\"item\":\"https:\\\/\\\/www.eltriangle.eu\\\/es\\\/\"},{\"@type\":\"ListItem\",\"position\":2,\"name\":\"Movilizaci\u00f3n procesista para que I\u00f1aki Rivera reciba un premio y derrote a una Plataforma de Residencias\"}]},{\"@type\":\"WebSite\",\"@id\":\"https:\\\/\\\/www.eltriangle.eu\\\/es\\\/#website\",\"url\":\"https:\\\/\\\/www.eltriangle.eu\\\/es\\\/\",\"name\":\"El Triangle\",\"description\":\"El Triangle \u00e9s un Diari d&#039;informaci\u00f3 general, editat a Catalunya i escrit en llengua catalana, especialitzat en investigaci\u00f3 period\u00edstica\",\"publisher\":{\"@id\":\"https:\\\/\\\/www.eltriangle.eu\\\/es\\\/#organization\"},\"potentialAction\":[{\"@type\":\"SearchAction\",\"target\":{\"@type\":\"EntryPoint\",\"urlTemplate\":\"https:\\\/\\\/www.eltriangle.eu\\\/es\\\/?s={search_term_string}\"},\"query-input\":{\"@type\":\"PropertyValueSpecification\",\"valueRequired\":true,\"valueName\":\"search_term_string\"}}],\"inLanguage\":\"es\"},{\"@type\":[\"Organization\",\"NewsMediaOrganization\"],\"@id\":\"https:\\\/\\\/www.eltriangle.eu\\\/es\\\/#organization\",\"name\":\"El Triangle\",\"url\":\"https:\\\/\\\/www.eltriangle.eu\\\/es\\\/\",\"logo\":{\"@type\":\"ImageObject\",\"inLanguage\":\"es\",\"@id\":\"https:\\\/\\\/www.eltriangle.eu\\\/es\\\/#\\\/schema\\\/logo\\\/image\\\/\",\"url\":\"https:\\\/\\\/www.eltriangle.eu\\\/wp-content\\\/uploads\\\/2020\\\/11\\\/triangle_logo-ajustado.jpg\",\"contentUrl\":\"https:\\\/\\\/www.eltriangle.eu\\\/wp-content\\\/uploads\\\/2020\\\/11\\\/triangle_logo-ajustado.jpg\",\"width\":521,\"height\":92,\"caption\":\"El Triangle\"},\"image\":{\"@id\":\"https:\\\/\\\/www.eltriangle.eu\\\/es\\\/#\\\/schema\\\/logo\\\/image\\\/\"},\"sameAs\":[\"https:\\\/\\\/www.facebook.com\\\/El-Triangle-Diari-101787399020302\",\"https:\\\/\\\/x.com\\\/El_Triangle\",\"https:\\\/\\\/www.youtube.com\\\/channel\\\/UCTIjmYEMYSpdGonuAgNhbcg\"]},{\"@type\":\"Person\",\"@id\":\"https:\\\/\\\/www.eltriangle.eu\\\/es\\\/#\\\/schema\\\/person\\\/fe6c8c1f44cdf59bc58706ec8010ea66\",\"name\":\"siscu\",\"image\":{\"@type\":\"ImageObject\",\"inLanguage\":\"es\",\"@id\":\"\\\/\\\/www.gravatar.com\\\/avatar\\\/bf6b4d0aa3536f79723b1c594146e14a?s=96&#038;r=g&#038;d=mm\",\"url\":\"\\\/\\\/www.gravatar.com\\\/avatar\\\/bf6b4d0aa3536f79723b1c594146e14a?s=96&#038;r=g&#038;d=mm\",\"contentUrl\":\"\\\/\\\/www.gravatar.com\\\/avatar\\\/bf6b4d0aa3536f79723b1c594146e14a?s=96&#038;r=g&#038;d=mm\",\"caption\":\"siscu\"},\"url\":\"https:\\\/\\\/www.eltriangle.eu\\\/es\\\/author\\\/siscu\\\/\"},{\"@type\":\"SiteNavigationElement\",\"@id\":\"https:\\\/\\\/www.eltriangle.eu\\\/es\\\/#site-navigation\",\"cssSelector\":[\".cib-main-menu\"]},{\"@type\":\"WPHeader\",\"@id\":\"https:\\\/\\\/www.eltriangle.eu\\\/es\\\/#header\",\"cssSelector\":[\".cib-header\"]},{\"@type\":\"WPFooter\",\"@id\":\"https:\\\/\\\/www.eltriangle.eu\\\/es\\\/#footer\",\"cssSelector\":[\".cib-footer\"]}]}<\/script>\n<!-- \/ Yoast SEO plugin. -->","yoast_head_json":{"title":"Movilizaci\u00f3n procesista para que I\u00f1aki Rivera reciba un premio y derrote a una Plataforma de Residencias - El Triangle","description":"Octuvre.cat, la plataforma de medios creada por Albano Dante y Marta Sibina, que se ha alineado con las posturas pol\u00edticas defendidas por Carles","robots":{"index":"index","follow":"follow","max-snippet":"max-snippet:-1","max-image-preview":"max-image-preview:large","max-video-preview":"max-video-preview:-1"},"canonical":"https:\/\/www.eltriangle.eu\/es\/2020\/11\/26\/movilizacion-procesista-para-que-inaki-rivera-reciba-un-premio-y-derrote-a-una-plataforma-de-residencias\/","og_locale":"es_ES","og_type":"article","og_title":"Movilizaci\u00f3n procesista para que I\u00f1aki Rivera reciba un premio y derrote a una Plataforma de Residencias - El Triangle","og_description":"Octuvre.cat, la plataforma de medios creada por Albano Dante y Marta Sibina, que se ha alineado con las posturas pol\u00edticas defendidas por Carles","og_url":"https:\/\/www.eltriangle.eu\/es\/2020\/11\/26\/movilizacion-procesista-para-que-inaki-rivera-reciba-un-premio-y-derrote-a-una-plataforma-de-residencias\/","og_site_name":"El Triangle","article_publisher":"https:\/\/www.facebook.com\/El-Triangle-Diari-101787399020302","article_published_time":"2020-11-26T06:00:01+00:00","article_modified_time":"2020-11-26T21:37:53+00:00","og_image":[{"width":1196,"height":654,"url":"https:\/\/www.eltriangle.eu\/wp-content\/uploads\/2020\/11\/Iridia-presenta-Inaki-Rivera-al-premi-nacional-de-Drets-Humans-APDHE-2020.jpg","type":"image\/jpeg"}],"author":"siscu","twitter_card":"summary_large_image","twitter_creator":"@El_Triangle","twitter_site":"@El_Triangle","twitter_misc":{"Escrito por":"siscu","Tiempo de lectura":"2 minutos"},"schema":{"@context":"https:\/\/schema.org","@graph":[{"@type":"NewsArticle","@id":"https:\/\/www.eltriangle.eu\/es\/2020\/11\/26\/movilizacion-procesista-para-que-inaki-rivera-reciba-un-premio-y-derrote-a-una-plataforma-de-residencias\/#article","isPartOf":{"@id":"https:\/\/www.eltriangle.eu\/es\/2020\/11\/26\/movilizacion-procesista-para-que-inaki-rivera-reciba-un-premio-y-derrote-a-una-plataforma-de-residencias\/"},"author":{"name":"siscu","@id":"https:\/\/www.eltriangle.eu\/es\/#\/schema\/person\/fe6c8c1f44cdf59bc58706ec8010ea66"},"headline":"Movilizaci\u00f3n procesista para que I\u00f1aki Rivera reciba un premio y derrote a una Plataforma de Residencias","datePublished":"2020-11-26T06:00:01+00:00","dateModified":"2020-11-26T21:37:53+00:00","mainEntityOfPage":{"@id":"https:\/\/www.eltriangle.eu\/es\/2020\/11\/26\/movilizacion-procesista-para-que-inaki-rivera-reciba-un-premio-y-derrote-a-una-plataforma-de-residencias\/"},"wordCount":516,"commentCount":0,"publisher":{"@id":"https:\/\/www.eltriangle.eu\/es\/#organization"},"image":{"@id":"https:\/\/www.eltriangle.eu\/es\/2020\/11\/26\/movilizacion-procesista-para-que-inaki-rivera-reciba-un-premio-y-derrote-a-una-plataforma-de-residencias\/#primaryimage"},"thumbnailUrl":"https:\/\/www.eltriangle.eu\/wp-content\/uploads\/2020\/11\/Iridia-presenta-Inaki-Rivera-al-premi-nacional-de-Drets-Humans-APDHE-2020.jpg","articleSection":["Actualidad"],"inLanguage":"es","potentialAction":[{"@type":"CommentAction","name":"Comment","target":["https:\/\/www.eltriangle.eu\/es\/2020\/11\/26\/movilizacion-procesista-para-que-inaki-rivera-reciba-un-premio-y-derrote-a-una-plataforma-de-residencias\/#respond"]}]},{"@type":"WebPage","@id":"https:\/\/www.eltriangle.eu\/es\/2020\/11\/26\/movilizacion-procesista-para-que-inaki-rivera-reciba-un-premio-y-derrote-a-una-plataforma-de-residencias\/","url":"https:\/\/www.eltriangle.eu\/es\/2020\/11\/26\/movilizacion-procesista-para-que-inaki-rivera-reciba-un-premio-y-derrote-a-una-plataforma-de-residencias\/","name":"Movilizaci\u00f3n procesista para que I\u00f1aki Rivera reciba un premio y derrote a una Plataforma de Residencias - El Triangle","isPartOf":{"@id":"https:\/\/www.eltriangle.eu\/es\/#website"},"primaryImageOfPage":{"@id":"https:\/\/www.eltriangle.eu\/es\/2020\/11\/26\/movilizacion-procesista-para-que-inaki-rivera-reciba-un-premio-y-derrote-a-una-plataforma-de-residencias\/#primaryimage"},"image":{"@id":"https:\/\/www.eltriangle.eu\/es\/2020\/11\/26\/movilizacion-procesista-para-que-inaki-rivera-reciba-un-premio-y-derrote-a-una-plataforma-de-residencias\/#primaryimage"},"thumbnailUrl":"https:\/\/www.eltriangle.eu\/wp-content\/uploads\/2020\/11\/Iridia-presenta-Inaki-Rivera-al-premi-nacional-de-Drets-Humans-APDHE-2020.jpg","datePublished":"2020-11-26T06:00:01+00:00","dateModified":"2020-11-26T21:37:53+00:00","description":"Octuvre.cat, la plataforma de medios creada por Albano Dante y Marta Sibina, que se ha alineado con las posturas pol\u00edticas defendidas por Carles","breadcrumb":{"@id":"https:\/\/www.eltriangle.eu\/es\/2020\/11\/26\/movilizacion-procesista-para-que-inaki-rivera-reciba-un-premio-y-derrote-a-una-plataforma-de-residencias\/#breadcrumb"},"inLanguage":"es","potentialAction":[{"@type":"ReadAction","target":["https:\/\/www.eltriangle.eu\/es\/2020\/11\/26\/movilizacion-procesista-para-que-inaki-rivera-reciba-un-premio-y-derrote-a-una-plataforma-de-residencias\/"]}]},{"@type":"ImageObject","inLanguage":"es","@id":"https:\/\/www.eltriangle.eu\/es\/2020\/11\/26\/movilizacion-procesista-para-que-inaki-rivera-reciba-un-premio-y-derrote-a-una-plataforma-de-residencias\/#primaryimage","url":"https:\/\/www.eltriangle.eu\/wp-content\/uploads\/2020\/11\/Iridia-presenta-Inaki-Rivera-al-premi-nacional-de-Drets-Humans-APDHE-2020.jpg","contentUrl":"https:\/\/www.eltriangle.eu\/wp-content\/uploads\/2020\/11\/Iridia-presenta-Inaki-Rivera-al-premi-nacional-de-Drets-Humans-APDHE-2020.jpg","width":1196,"height":654},{"@type":"BreadcrumbList","@id":"https:\/\/www.eltriangle.eu\/es\/2020\/11\/26\/movilizacion-procesista-para-que-inaki-rivera-reciba-un-premio-y-derrote-a-una-plataforma-de-residencias\/#breadcrumb","itemListElement":[{"@type":"ListItem","position":1,"name":"Portada","item":"https:\/\/www.eltriangle.eu\/es\/"},{"@type":"ListItem","position":2,"name":"Movilizaci\u00f3n procesista para que I\u00f1aki Rivera reciba un premio y derrote a una Plataforma de Residencias"}]},{"@type":"WebSite","@id":"https:\/\/www.eltriangle.eu\/es\/#website","url":"https:\/\/www.eltriangle.eu\/es\/","name":"El Triangle","description":"El Triangle \u00e9s un Diari d&#039;informaci\u00f3 general, editat a Catalunya i escrit en llengua catalana, especialitzat en investigaci\u00f3 period\u00edstica","publisher":{"@id":"https:\/\/www.eltriangle.eu\/es\/#organization"},"potentialAction":[{"@type":"SearchAction","target":{"@type":"EntryPoint","urlTemplate":"https:\/\/www.eltriangle.eu\/es\/?s={search_term_string}"},"query-input":{"@type":"PropertyValueSpecification","valueRequired":true,"valueName":"search_term_string"}}],"inLanguage":"es"},{"@type":["Organization","NewsMediaOrganization"],"@id":"https:\/\/www.eltriangle.eu\/es\/#organization","name":"El Triangle","url":"https:\/\/www.eltriangle.eu\/es\/","logo":{"@type":"ImageObject","inLanguage":"es","@id":"https:\/\/www.eltriangle.eu\/es\/#\/schema\/logo\/image\/","url":"https:\/\/www.eltriangle.eu\/wp-content\/uploads\/2020\/11\/triangle_logo-ajustado.jpg","contentUrl":"https:\/\/www.eltriangle.eu\/wp-content\/uploads\/2020\/11\/triangle_logo-ajustado.jpg","width":521,"height":92,"caption":"El Triangle"},"image":{"@id":"https:\/\/www.eltriangle.eu\/es\/#\/schema\/logo\/image\/"},"sameAs":["https:\/\/www.facebook.com\/El-Triangle-Diari-101787399020302","https:\/\/x.com\/El_Triangle","https:\/\/www.youtube.com\/channel\/UCTIjmYEMYSpdGonuAgNhbcg"]},{"@type":"Person","@id":"https:\/\/www.eltriangle.eu\/es\/#\/schema\/person\/fe6c8c1f44cdf59bc58706ec8010ea66","name":"siscu","image":{"@type":"ImageObject","inLanguage":"es","@id":"\/\/www.gravatar.com\/avatar\/bf6b4d0aa3536f79723b1c594146e14a?s=96&#038;r=g&#038;d=mm","url":"\/\/www.gravatar.com\/avatar\/bf6b4d0aa3536f79723b1c594146e14a?s=96&#038;r=g&#038;d=mm","contentUrl":"\/\/www.gravatar.com\/avatar\/bf6b4d0aa3536f79723b1c594146e14a?s=96&#038;r=g&#038;d=mm","caption":"siscu"},"url":"https:\/\/www.eltriangle.eu\/es\/author\/siscu\/"},{"@type":"SiteNavigationElement","@id":"https:\/\/www.eltriangle.eu\/es\/#site-navigation","cssSelector":[".cib-main-menu"]},{"@type":"WPHeader","@id":"https:\/\/www.eltriangle.eu\/es\/#header","cssSelector":[".cib-header"]},{"@type":"WPFooter","@id":"https:\/\/www.eltriangle.eu\/es\/#footer","cssSelector":[".cib-footer"]}]}},"amp_enabled":true,"_links":{"self":[{"href":"https:\/\/www.eltriangle.eu\/es\/wp-json\/wp\/v2\/posts\/78449","targetHints":{"allow":["GET"]}}],"collection":[{"href":"https:\/\/www.eltriangle.eu\/es\/wp-json\/wp\/v2\/posts"}],"about":[{"href":"https:\/\/www.eltriangle.eu\/es\/wp-json\/wp\/v2\/types\/post"}],"author":[{"embeddable":true,"href":"https:\/\/www.eltriangle.eu\/es\/wp-json\/wp\/v2\/users\/96"}],"replies":[{"embeddable":true,"href":"https:\/\/www.eltriangle.eu\/es\/wp-json\/wp\/v2\/comments?post=78449"}],"version-history":[{"count":0,"href":"https:\/\/www.eltriangle.eu\/es\/wp-json\/wp\/v2\/posts\/78449\/revisions"}],"wp:featuredmedia":[{"embeddable":true,"href":"https:\/\/www.eltriangle.eu\/es\/wp-json\/wp\/v2\/media\/78440"}],"wp:attachment":[{"href":"https:\/\/www.eltriangle.eu\/es\/wp-json\/wp\/v2\/media?parent=78449"}],"wp:term":[{"taxonomy":"category","embeddable":true,"href":"https:\/\/www.eltriangle.eu\/es\/wp-json\/wp\/v2\/categories?post=78449"},{"taxonomy":"post_tag","embeddable":true,"href":"https:\/\/www.eltriangle.eu\/es\/wp-json\/wp\/v2\/tags?post=78449"}],"curies":[{"name":"wp","href":"https:\/\/api.w.org\/{rel}","templated":true}]}}