{"id":77951,"date":"2020-11-06T19:05:00","date_gmt":"2020-11-06T19:05:00","guid":{"rendered":null},"modified":"2020-11-06T19:05:00","modified_gmt":"2020-11-06T19:05:00","slug":"noticia-es-107914","status":"publish","type":"post","link":"https:\/\/www.eltriangle.eu\/es\/2020\/11\/06\/noticia-es-107914\/","title":{"rendered":"El Consejo de Informativos y el Comit\u00e9 de Tv3 denuncian \u00abinjerencias pol\u00edticas\u00bb"},"content":{"rendered":"<p>El Consejo Profesional de Informativos y el Comit&eacute; de Empresa de Tv3 denuncian las <strong>&quot;injerencias pol&iacute;ticas&quot;<\/strong> a ra&iacute;z de la conversaci&oacute;n entre <strong>Pilar Rahola<\/strong> y <strong>David<\/strong> <strong>Mad&iacute;<\/strong>, que muestra como Rahola se queja a Mad&iacute; de su poca presencia en&nbsp;Tv3, subrayando que es la &uacute;nica que defiende el espacio de Junts per Catalunya. En un comunicado, apuntan que han denunciado ya las injerencias del poder pol&iacute;tico para mirar de apropiarse de espacios de TVC. Han lamentado &quot;la desaz&oacute;n por el control de Tv3 dejando de banda su car&aacute;cter de medio&nbsp;p&uacute;blico al servicio de la ciudadan&iacute;a&quot;.<\/p>\n<p>Tambi&eacute;n indican que las grabaciones filtradas &quot;ponen de manifiesto, una vez&nbsp;m&aacute;s, el concepto patrimonial que tienen de los medios de comunicaci&oacute;n p&uacute;blicos de Catalu&ntilde;a&quot;. Seg&uacute;n han explicado, los partidos, esten&nbsp;o no en el Govern, tienen espacios para confrontar sus ideas y propuestas y las formaciones con representaci&oacute;n en el Parlamento tienen espacios para fiscalizar la gesti&oacute;n y la programaci&oacute;n de los medios p&uacute;blicos.<\/p>\n<p>En este contexto, el Consejo Profesional de Informativos y el Comit&eacute; de empresa de Tv3 han lamentado tambi&eacute;n la repetici&oacute;n &quot;de un esquema de filtraciones tristemente habitual: en el marco de una causa, la Guardia Civil pincha tel&eacute;fonos y graba horas de conversaciones privadas. M&aacute;s adelante, fragmentos de las conversaciones que no tienen nada que ver con la causa son pertinentemente empaquetados y filtrados. &quot;En este caso&quot;, a&ntilde;ade el comunicado, &quot;presumimos, con vocaci&oacute;n de causar perjuicios pol&iacute;ticos y sin ning&uacute;n tipo de inter&eacute;s a mejorar los medios p&uacute;blicos de Catalu&ntilde;a&quot;.<\/p>\n","protected":false},"excerpt":{"rendered":"<p>A ra\u00edz de la filtraci\u00f3n de la conversaci\u00f3n entre Rahola y Mad\u00ed, lamentan \u00abla desaz\u00f3n por el control\u00bb de TVC<\/p>\n","protected":false},"author":1,"featured_media":31840,"comment_status":"open","ping_status":"","sticky":false,"template":"","format":"standard","meta":{"_acf_changed":false,"pmpro_default_level":"","footnotes":""},"categories":[78],"tags":[],"class_list":["post-77951","post","type-post","status-publish","format-standard","has-post-thumbnail","hentry","category-media","pmpro-has-access"],"acf":[],"yoast_head":"<!-- This site is optimized with the Yoast SEO plugin v27.4 - https:\/\/yoast.com\/product\/yoast-seo-wordpress\/ -->\n<title>El Consejo de Informativos y el Comit\u00e9 de Tv3 denuncian &quot;injerencias pol\u00edticas&quot; - El Triangle<\/title>\n<meta name=\"description\" content=\"A ra\u00edz de la filtraci\u00f3n de la conversaci\u00f3n entre Rahola y Mad\u00ed, lamentan &quot;la desaz\u00f3n por el control&quot; de TVC\" class=\"yoast-seo-meta-tag\" \/>\n<meta name=\"robots\" content=\"index, follow, max-snippet:-1, max-image-preview:large, max-video-preview:-1\" \/>\n<link rel=\"canonical\" href=\"https:\/\/www.eltriangle.eu\/es\/2020\/11\/06\/noticia-es-107914\/\" class=\"yoast-seo-meta-tag\" \/>\n<meta property=\"og:locale\" content=\"es_ES\" class=\"yoast-seo-meta-tag\" \/>\n<meta property=\"og:type\" content=\"article\" class=\"yoast-seo-meta-tag\" \/>\n<meta property=\"og:title\" content=\"El Consejo de Informativos y el Comit\u00e9 de Tv3 denuncian &quot;injerencias pol\u00edticas&quot; - El Triangle\" class=\"yoast-seo-meta-tag\" \/>\n<meta property=\"og:description\" content=\"A ra\u00edz de la filtraci\u00f3n de la conversaci\u00f3n entre Rahola y Mad\u00ed, lamentan &quot;la desaz\u00f3n por el control&quot; de TVC\" class=\"yoast-seo-meta-tag\" \/>\n<meta property=\"og:url\" content=\"https:\/\/www.eltriangle.eu\/es\/2020\/11\/06\/noticia-es-107914\/\" class=\"yoast-seo-meta-tag\" \/>\n<meta property=\"og:site_name\" content=\"El Triangle\" class=\"yoast-seo-meta-tag\" \/>\n<meta property=\"article:publisher\" content=\"https:\/\/www.facebook.com\/El-Triangle-Diari-101787399020302\" class=\"yoast-seo-meta-tag\" \/>\n<meta property=\"article:published_time\" content=\"2020-11-06T19:05:00+00:00\" class=\"yoast-seo-meta-tag\" \/>\n<meta property=\"og:image\" content=\"https:\/\/www.eltriangle.eu\/wp-content\/uploads\/2020\/11\/captura-de-pantalla-2019-06-19-a-la-s-13-40-13.png\" class=\"yoast-seo-meta-tag\" \/>\n\t<meta property=\"og:image:width\" content=\"833\" class=\"yoast-seo-meta-tag\" \/>\n\t<meta property=\"og:image:height\" content=\"465\" class=\"yoast-seo-meta-tag\" \/>\n\t<meta property=\"og:image:type\" content=\"image\/png\" class=\"yoast-seo-meta-tag\" \/>\n<meta name=\"author\" content=\"admin\" class=\"yoast-seo-meta-tag\" \/>\n<meta name=\"twitter:card\" content=\"summary_large_image\" class=\"yoast-seo-meta-tag\" \/>\n<meta name=\"twitter:creator\" content=\"@El_Triangle\" class=\"yoast-seo-meta-tag\" \/>\n<meta name=\"twitter:site\" content=\"@El_Triangle\" class=\"yoast-seo-meta-tag\" \/>\n<meta name=\"twitter:label1\" content=\"Escrito por\" class=\"yoast-seo-meta-tag\" \/>\n\t<meta name=\"twitter:data1\" content=\"admin\" class=\"yoast-seo-meta-tag\" \/>\n\t<meta name=\"twitter:label2\" content=\"Tiempo de lectura\" class=\"yoast-seo-meta-tag\" \/>\n\t<meta name=\"twitter:data2\" content=\"2 minutos\" class=\"yoast-seo-meta-tag\" \/>\n<script type=\"application\/ld+json\" class=\"yoast-schema-graph\">{\"@context\":\"https:\\\/\\\/schema.org\",\"@graph\":[{\"@type\":\"NewsArticle\",\"@id\":\"https:\\\/\\\/www.eltriangle.eu\\\/es\\\/2020\\\/11\\\/06\\\/noticia-es-107914\\\/#article\",\"isPartOf\":{\"@id\":\"https:\\\/\\\/www.eltriangle.eu\\\/es\\\/2020\\\/11\\\/06\\\/noticia-es-107914\\\/\"},\"author\":{\"name\":\"admin\",\"@id\":\"https:\\\/\\\/www.eltriangle.eu\\\/es\\\/#\\\/schema\\\/person\\\/6248efcfd3b014a435ec2dff3dae9283\"},\"headline\":\"El Consejo de Informativos y el Comit\u00e9 de Tv3 denuncian \u00abinjerencias pol\u00edticas\u00bb\",\"datePublished\":\"2020-11-06T19:05:00+00:00\",\"mainEntityOfPage\":{\"@id\":\"https:\\\/\\\/www.eltriangle.eu\\\/es\\\/2020\\\/11\\\/06\\\/noticia-es-107914\\\/\"},\"wordCount\":343,\"commentCount\":0,\"publisher\":{\"@id\":\"https:\\\/\\\/www.eltriangle.eu\\\/es\\\/#organization\"},\"image\":{\"@id\":\"https:\\\/\\\/www.eltriangle.eu\\\/es\\\/2020\\\/11\\\/06\\\/noticia-es-107914\\\/#primaryimage\"},\"thumbnailUrl\":\"https:\\\/\\\/www.eltriangle.eu\\\/wp-content\\\/uploads\\\/2020\\\/11\\\/captura-de-pantalla-2019-06-19-a-la-s-13-40-13.png\",\"articleSection\":[\"Media\"],\"inLanguage\":\"es\",\"potentialAction\":[{\"@type\":\"CommentAction\",\"name\":\"Comment\",\"target\":[\"https:\\\/\\\/www.eltriangle.eu\\\/es\\\/2020\\\/11\\\/06\\\/noticia-es-107914\\\/#respond\"]}]},{\"@type\":\"WebPage\",\"@id\":\"https:\\\/\\\/www.eltriangle.eu\\\/es\\\/2020\\\/11\\\/06\\\/noticia-es-107914\\\/\",\"url\":\"https:\\\/\\\/www.eltriangle.eu\\\/es\\\/2020\\\/11\\\/06\\\/noticia-es-107914\\\/\",\"name\":\"El Consejo de Informativos y el Comit\u00e9 de Tv3 denuncian \\\"injerencias pol\u00edticas\\\" - El Triangle\",\"isPartOf\":{\"@id\":\"https:\\\/\\\/www.eltriangle.eu\\\/es\\\/#website\"},\"primaryImageOfPage\":{\"@id\":\"https:\\\/\\\/www.eltriangle.eu\\\/es\\\/2020\\\/11\\\/06\\\/noticia-es-107914\\\/#primaryimage\"},\"image\":{\"@id\":\"https:\\\/\\\/www.eltriangle.eu\\\/es\\\/2020\\\/11\\\/06\\\/noticia-es-107914\\\/#primaryimage\"},\"thumbnailUrl\":\"https:\\\/\\\/www.eltriangle.eu\\\/wp-content\\\/uploads\\\/2020\\\/11\\\/captura-de-pantalla-2019-06-19-a-la-s-13-40-13.png\",\"datePublished\":\"2020-11-06T19:05:00+00:00\",\"description\":\"A ra\u00edz de la filtraci\u00f3n de la conversaci\u00f3n entre Rahola y Mad\u00ed, lamentan \\\"la desaz\u00f3n por el control\\\" de TVC\",\"breadcrumb\":{\"@id\":\"https:\\\/\\\/www.eltriangle.eu\\\/es\\\/2020\\\/11\\\/06\\\/noticia-es-107914\\\/#breadcrumb\"},\"inLanguage\":\"es\",\"potentialAction\":[{\"@type\":\"ReadAction\",\"target\":[\"https:\\\/\\\/www.eltriangle.eu\\\/es\\\/2020\\\/11\\\/06\\\/noticia-es-107914\\\/\"]}]},{\"@type\":\"ImageObject\",\"inLanguage\":\"es\",\"@id\":\"https:\\\/\\\/www.eltriangle.eu\\\/es\\\/2020\\\/11\\\/06\\\/noticia-es-107914\\\/#primaryimage\",\"url\":\"https:\\\/\\\/www.eltriangle.eu\\\/wp-content\\\/uploads\\\/2020\\\/11\\\/captura-de-pantalla-2019-06-19-a-la-s-13-40-13.png\",\"contentUrl\":\"https:\\\/\\\/www.eltriangle.eu\\\/wp-content\\\/uploads\\\/2020\\\/11\\\/captura-de-pantalla-2019-06-19-a-la-s-13-40-13.png\",\"width\":833,\"height\":465,\"caption\":\"Rahola, en TV3\"},{\"@type\":\"BreadcrumbList\",\"@id\":\"https:\\\/\\\/www.eltriangle.eu\\\/es\\\/2020\\\/11\\\/06\\\/noticia-es-107914\\\/#breadcrumb\",\"itemListElement\":[{\"@type\":\"ListItem\",\"position\":1,\"name\":\"Portada\",\"item\":\"https:\\\/\\\/www.eltriangle.eu\\\/es\\\/\"},{\"@type\":\"ListItem\",\"position\":2,\"name\":\"El Consejo de Informativos y el Comit\u00e9 de Tv3 denuncian \u00abinjerencias pol\u00edticas\u00bb\"}]},{\"@type\":\"WebSite\",\"@id\":\"https:\\\/\\\/www.eltriangle.eu\\\/es\\\/#website\",\"url\":\"https:\\\/\\\/www.eltriangle.eu\\\/es\\\/\",\"name\":\"El Triangle\",\"description\":\"El Triangle \u00e9s un Diari d&#039;informaci\u00f3 general, editat a Catalunya i escrit en llengua catalana, especialitzat en investigaci\u00f3 period\u00edstica\",\"publisher\":{\"@id\":\"https:\\\/\\\/www.eltriangle.eu\\\/es\\\/#organization\"},\"potentialAction\":[{\"@type\":\"SearchAction\",\"target\":{\"@type\":\"EntryPoint\",\"urlTemplate\":\"https:\\\/\\\/www.eltriangle.eu\\\/es\\\/?s={search_term_string}\"},\"query-input\":{\"@type\":\"PropertyValueSpecification\",\"valueRequired\":true,\"valueName\":\"search_term_string\"}}],\"inLanguage\":\"es\"},{\"@type\":[\"Organization\",\"NewsMediaOrganization\"],\"@id\":\"https:\\\/\\\/www.eltriangle.eu\\\/es\\\/#organization\",\"name\":\"El Triangle\",\"url\":\"https:\\\/\\\/www.eltriangle.eu\\\/es\\\/\",\"logo\":{\"@type\":\"ImageObject\",\"inLanguage\":\"es\",\"@id\":\"https:\\\/\\\/www.eltriangle.eu\\\/es\\\/#\\\/schema\\\/logo\\\/image\\\/\",\"url\":\"https:\\\/\\\/www.eltriangle.eu\\\/wp-content\\\/uploads\\\/2020\\\/11\\\/triangle_logo-ajustado.jpg\",\"contentUrl\":\"https:\\\/\\\/www.eltriangle.eu\\\/wp-content\\\/uploads\\\/2020\\\/11\\\/triangle_logo-ajustado.jpg\",\"width\":521,\"height\":92,\"caption\":\"El Triangle\"},\"image\":{\"@id\":\"https:\\\/\\\/www.eltriangle.eu\\\/es\\\/#\\\/schema\\\/logo\\\/image\\\/\"},\"sameAs\":[\"https:\\\/\\\/www.facebook.com\\\/El-Triangle-Diari-101787399020302\",\"https:\\\/\\\/x.com\\\/El_Triangle\",\"https:\\\/\\\/www.youtube.com\\\/channel\\\/UCTIjmYEMYSpdGonuAgNhbcg\"]},{\"@type\":\"Person\",\"@id\":\"https:\\\/\\\/www.eltriangle.eu\\\/es\\\/#\\\/schema\\\/person\\\/6248efcfd3b014a435ec2dff3dae9283\",\"name\":\"admin\",\"image\":{\"@type\":\"ImageObject\",\"inLanguage\":\"es\",\"@id\":\"\\\/\\\/www.gravatar.com\\\/avatar\\\/4b1ec575fe37bb76ab6662549dfc88a3?s=96&#038;r=g&#038;d=mm\",\"url\":\"\\\/\\\/www.gravatar.com\\\/avatar\\\/4b1ec575fe37bb76ab6662549dfc88a3?s=96&#038;r=g&#038;d=mm\",\"contentUrl\":\"\\\/\\\/www.gravatar.com\\\/avatar\\\/4b1ec575fe37bb76ab6662549dfc88a3?s=96&#038;r=g&#038;d=mm\",\"caption\":\"admin\"},\"sameAs\":[\"http:\\\/\\\/migracionca.eltriangle.eu\"],\"url\":\"https:\\\/\\\/www.eltriangle.eu\\\/es\\\/author\\\/admin\\\/\"},{\"@type\":\"SiteNavigationElement\",\"@id\":\"https:\\\/\\\/www.eltriangle.eu\\\/es\\\/#site-navigation\",\"cssSelector\":[\".cib-main-menu\"]},{\"@type\":\"WPHeader\",\"@id\":\"https:\\\/\\\/www.eltriangle.eu\\\/es\\\/#header\",\"cssSelector\":[\".cib-header\"]},{\"@type\":\"WPFooter\",\"@id\":\"https:\\\/\\\/www.eltriangle.eu\\\/es\\\/#footer\",\"cssSelector\":[\".cib-footer\"]}]}<\/script>\n<!-- \/ Yoast SEO plugin. -->","yoast_head_json":{"title":"El Consejo de Informativos y el Comit\u00e9 de Tv3 denuncian \"injerencias pol\u00edticas\" - El Triangle","description":"A ra\u00edz de la filtraci\u00f3n de la conversaci\u00f3n entre Rahola y Mad\u00ed, lamentan \"la desaz\u00f3n por el control\" de TVC","robots":{"index":"index","follow":"follow","max-snippet":"max-snippet:-1","max-image-preview":"max-image-preview:large","max-video-preview":"max-video-preview:-1"},"canonical":"https:\/\/www.eltriangle.eu\/es\/2020\/11\/06\/noticia-es-107914\/","og_locale":"es_ES","og_type":"article","og_title":"El Consejo de Informativos y el Comit\u00e9 de Tv3 denuncian \"injerencias pol\u00edticas\" - El Triangle","og_description":"A ra\u00edz de la filtraci\u00f3n de la conversaci\u00f3n entre Rahola y Mad\u00ed, lamentan \"la desaz\u00f3n por el control\" de TVC","og_url":"https:\/\/www.eltriangle.eu\/es\/2020\/11\/06\/noticia-es-107914\/","og_site_name":"El Triangle","article_publisher":"https:\/\/www.facebook.com\/El-Triangle-Diari-101787399020302","article_published_time":"2020-11-06T19:05:00+00:00","og_image":[{"width":833,"height":465,"url":"https:\/\/www.eltriangle.eu\/wp-content\/uploads\/2020\/11\/captura-de-pantalla-2019-06-19-a-la-s-13-40-13.png","type":"image\/png"}],"author":"admin","twitter_card":"summary_large_image","twitter_creator":"@El_Triangle","twitter_site":"@El_Triangle","twitter_misc":{"Escrito por":"admin","Tiempo de lectura":"2 minutos"},"schema":{"@context":"https:\/\/schema.org","@graph":[{"@type":"NewsArticle","@id":"https:\/\/www.eltriangle.eu\/es\/2020\/11\/06\/noticia-es-107914\/#article","isPartOf":{"@id":"https:\/\/www.eltriangle.eu\/es\/2020\/11\/06\/noticia-es-107914\/"},"author":{"name":"admin","@id":"https:\/\/www.eltriangle.eu\/es\/#\/schema\/person\/6248efcfd3b014a435ec2dff3dae9283"},"headline":"El Consejo de Informativos y el Comit\u00e9 de Tv3 denuncian \u00abinjerencias pol\u00edticas\u00bb","datePublished":"2020-11-06T19:05:00+00:00","mainEntityOfPage":{"@id":"https:\/\/www.eltriangle.eu\/es\/2020\/11\/06\/noticia-es-107914\/"},"wordCount":343,"commentCount":0,"publisher":{"@id":"https:\/\/www.eltriangle.eu\/es\/#organization"},"image":{"@id":"https:\/\/www.eltriangle.eu\/es\/2020\/11\/06\/noticia-es-107914\/#primaryimage"},"thumbnailUrl":"https:\/\/www.eltriangle.eu\/wp-content\/uploads\/2020\/11\/captura-de-pantalla-2019-06-19-a-la-s-13-40-13.png","articleSection":["Media"],"inLanguage":"es","potentialAction":[{"@type":"CommentAction","name":"Comment","target":["https:\/\/www.eltriangle.eu\/es\/2020\/11\/06\/noticia-es-107914\/#respond"]}]},{"@type":"WebPage","@id":"https:\/\/www.eltriangle.eu\/es\/2020\/11\/06\/noticia-es-107914\/","url":"https:\/\/www.eltriangle.eu\/es\/2020\/11\/06\/noticia-es-107914\/","name":"El Consejo de Informativos y el Comit\u00e9 de Tv3 denuncian \"injerencias pol\u00edticas\" - El Triangle","isPartOf":{"@id":"https:\/\/www.eltriangle.eu\/es\/#website"},"primaryImageOfPage":{"@id":"https:\/\/www.eltriangle.eu\/es\/2020\/11\/06\/noticia-es-107914\/#primaryimage"},"image":{"@id":"https:\/\/www.eltriangle.eu\/es\/2020\/11\/06\/noticia-es-107914\/#primaryimage"},"thumbnailUrl":"https:\/\/www.eltriangle.eu\/wp-content\/uploads\/2020\/11\/captura-de-pantalla-2019-06-19-a-la-s-13-40-13.png","datePublished":"2020-11-06T19:05:00+00:00","description":"A ra\u00edz de la filtraci\u00f3n de la conversaci\u00f3n entre Rahola y Mad\u00ed, lamentan \"la desaz\u00f3n por el control\" de TVC","breadcrumb":{"@id":"https:\/\/www.eltriangle.eu\/es\/2020\/11\/06\/noticia-es-107914\/#breadcrumb"},"inLanguage":"es","potentialAction":[{"@type":"ReadAction","target":["https:\/\/www.eltriangle.eu\/es\/2020\/11\/06\/noticia-es-107914\/"]}]},{"@type":"ImageObject","inLanguage":"es","@id":"https:\/\/www.eltriangle.eu\/es\/2020\/11\/06\/noticia-es-107914\/#primaryimage","url":"https:\/\/www.eltriangle.eu\/wp-content\/uploads\/2020\/11\/captura-de-pantalla-2019-06-19-a-la-s-13-40-13.png","contentUrl":"https:\/\/www.eltriangle.eu\/wp-content\/uploads\/2020\/11\/captura-de-pantalla-2019-06-19-a-la-s-13-40-13.png","width":833,"height":465,"caption":"Rahola, en TV3"},{"@type":"BreadcrumbList","@id":"https:\/\/www.eltriangle.eu\/es\/2020\/11\/06\/noticia-es-107914\/#breadcrumb","itemListElement":[{"@type":"ListItem","position":1,"name":"Portada","item":"https:\/\/www.eltriangle.eu\/es\/"},{"@type":"ListItem","position":2,"name":"El Consejo de Informativos y el Comit\u00e9 de Tv3 denuncian \u00abinjerencias pol\u00edticas\u00bb"}]},{"@type":"WebSite","@id":"https:\/\/www.eltriangle.eu\/es\/#website","url":"https:\/\/www.eltriangle.eu\/es\/","name":"El Triangle","description":"El Triangle \u00e9s un Diari d&#039;informaci\u00f3 general, editat a Catalunya i escrit en llengua catalana, especialitzat en investigaci\u00f3 period\u00edstica","publisher":{"@id":"https:\/\/www.eltriangle.eu\/es\/#organization"},"potentialAction":[{"@type":"SearchAction","target":{"@type":"EntryPoint","urlTemplate":"https:\/\/www.eltriangle.eu\/es\/?s={search_term_string}"},"query-input":{"@type":"PropertyValueSpecification","valueRequired":true,"valueName":"search_term_string"}}],"inLanguage":"es"},{"@type":["Organization","NewsMediaOrganization"],"@id":"https:\/\/www.eltriangle.eu\/es\/#organization","name":"El Triangle","url":"https:\/\/www.eltriangle.eu\/es\/","logo":{"@type":"ImageObject","inLanguage":"es","@id":"https:\/\/www.eltriangle.eu\/es\/#\/schema\/logo\/image\/","url":"https:\/\/www.eltriangle.eu\/wp-content\/uploads\/2020\/11\/triangle_logo-ajustado.jpg","contentUrl":"https:\/\/www.eltriangle.eu\/wp-content\/uploads\/2020\/11\/triangle_logo-ajustado.jpg","width":521,"height":92,"caption":"El Triangle"},"image":{"@id":"https:\/\/www.eltriangle.eu\/es\/#\/schema\/logo\/image\/"},"sameAs":["https:\/\/www.facebook.com\/El-Triangle-Diari-101787399020302","https:\/\/x.com\/El_Triangle","https:\/\/www.youtube.com\/channel\/UCTIjmYEMYSpdGonuAgNhbcg"]},{"@type":"Person","@id":"https:\/\/www.eltriangle.eu\/es\/#\/schema\/person\/6248efcfd3b014a435ec2dff3dae9283","name":"admin","image":{"@type":"ImageObject","inLanguage":"es","@id":"\/\/www.gravatar.com\/avatar\/4b1ec575fe37bb76ab6662549dfc88a3?s=96&#038;r=g&#038;d=mm","url":"\/\/www.gravatar.com\/avatar\/4b1ec575fe37bb76ab6662549dfc88a3?s=96&#038;r=g&#038;d=mm","contentUrl":"\/\/www.gravatar.com\/avatar\/4b1ec575fe37bb76ab6662549dfc88a3?s=96&#038;r=g&#038;d=mm","caption":"admin"},"sameAs":["http:\/\/migracionca.eltriangle.eu"],"url":"https:\/\/www.eltriangle.eu\/es\/author\/admin\/"},{"@type":"SiteNavigationElement","@id":"https:\/\/www.eltriangle.eu\/es\/#site-navigation","cssSelector":[".cib-main-menu"]},{"@type":"WPHeader","@id":"https:\/\/www.eltriangle.eu\/es\/#header","cssSelector":[".cib-header"]},{"@type":"WPFooter","@id":"https:\/\/www.eltriangle.eu\/es\/#footer","cssSelector":[".cib-footer"]}]}},"amp_enabled":true,"_links":{"self":[{"href":"https:\/\/www.eltriangle.eu\/es\/wp-json\/wp\/v2\/posts\/77951","targetHints":{"allow":["GET"]}}],"collection":[{"href":"https:\/\/www.eltriangle.eu\/es\/wp-json\/wp\/v2\/posts"}],"about":[{"href":"https:\/\/www.eltriangle.eu\/es\/wp-json\/wp\/v2\/types\/post"}],"author":[{"embeddable":true,"href":"https:\/\/www.eltriangle.eu\/es\/wp-json\/wp\/v2\/users\/1"}],"replies":[{"embeddable":true,"href":"https:\/\/www.eltriangle.eu\/es\/wp-json\/wp\/v2\/comments?post=77951"}],"version-history":[{"count":0,"href":"https:\/\/www.eltriangle.eu\/es\/wp-json\/wp\/v2\/posts\/77951\/revisions"}],"wp:featuredmedia":[{"embeddable":true,"href":"https:\/\/www.eltriangle.eu\/es\/wp-json\/wp\/v2\/media\/31840"}],"wp:attachment":[{"href":"https:\/\/www.eltriangle.eu\/es\/wp-json\/wp\/v2\/media?parent=77951"}],"wp:term":[{"taxonomy":"category","embeddable":true,"href":"https:\/\/www.eltriangle.eu\/es\/wp-json\/wp\/v2\/categories?post=77951"},{"taxonomy":"post_tag","embeddable":true,"href":"https:\/\/www.eltriangle.eu\/es\/wp-json\/wp\/v2\/tags?post=77951"}],"curies":[{"name":"wp","href":"https:\/\/api.w.org\/{rel}","templated":true}]}}