{"id":77913,"date":"2020-11-05T13:04:22","date_gmt":"2020-11-05T13:04:22","guid":{"rendered":null},"modified":"2020-11-05T13:04:22","modified_gmt":"2020-11-05T13:04:22","slug":"noticia-es-107895","status":"publish","type":"post","link":"https:\/\/www.eltriangle.eu\/es\/2020\/11\/05\/noticia-es-107895\/","title":{"rendered":"La Comisi\u00f3n Europea incorpora a Sim\u00f3n a su comit\u00e9 de expertos contra la Covid-19"},"content":{"rendered":"<p><strong>Fernando Sim&oacute;n<\/strong>, el director del Centro de Coordinaci&oacute;n de Alertas y Emergencias Sanitarias (CCAES) del gobierno de Espa&ntilde;a, forma parte del grupo de nueve expertos que asesoran sobre <strong>la Covid-19<\/strong> a la presidenta de la Comisi&oacute;n Europea, Ursula von der Leyen, ha publicado este mi&eacute;rcoles<em> El Confidencial<\/em>.<\/p>\n<p>Seg&uacute;n esta informaci&oacute;n, el responsable designado por el gobierno espa&ntilde;ol para responder regularmente sobre la evoluci&oacute;n de la pandemia ha sido incluido el pasado 15 de octubre en el grupo de asesores, despu&eacute;s que el ejecutivo que preside <strong>Pedro S&aacute;nchez<\/strong> propusiera sin &eacute;xito dos nombres el pasado mes de abril.<\/p>\n<p>Sim&oacute;n se ha incorporado al grupo de asesores del que ya formaban parte Arnaud Fontanet (epidemi&oacute;logo franc&eacute;s), Christian Drosten (vir&oacute;logo alem&aacute;n), Kare Molbak (epidemi&oacute;logo dan&eacute;s), Lothar W. Wieler (alem&aacute;n, presidente del Instituto Robert Koch), Maria Rosaria Capobianchi (bi&oacute;loga italiana), Marion Koopmans (vir&oacute;loga neerlandesa) y Peter Piot (vir&oacute;logo belga). Adem&aacute;s de Sim&oacute;n, se ha sumado recientemente el h&uacute;ngaro Miklos Szocska.<\/p>\n<p>La inclusi&oacute;n de Sim&oacute;n en el equipo de asesores de Von der Leyen contra la pandemia coincide con las declaraciones con las que el l&iacute;der del PP y de la oposici&oacute;n, <strong>Pablo Casado<\/strong>, ha pedido que el director del CCAES, a quien ha reprochado <strong>&quot;incompetencia, politizaci&oacute;n y falsedades&quot;<\/strong>, fuera destituido.<\/p>\n","protected":false},"excerpt":{"rendered":"<p>El director del CCAES es uno de los nueve asesores de Von der Leyen<\/p>\n","protected":false},"author":1,"featured_media":75983,"comment_status":"open","ping_status":"","sticky":false,"template":"","format":"standard","meta":{"_acf_changed":false,"pmpro_default_level":"","footnotes":""},"categories":[24,74,100],"tags":[],"class_list":["post-77913","post","type-post","status-publish","format-standard","has-post-thumbnail","hentry","category-actualidad","category-poderes","category-sanidad","pmpro-has-access"],"acf":[],"yoast_head":"<!-- This site is optimized with the Yoast SEO plugin v27.4 - https:\/\/yoast.com\/product\/yoast-seo-wordpress\/ -->\n<title>La Comisi\u00f3n Europea incorpora a Sim\u00f3n a su comit\u00e9 de expertos contra la Covid-19 - El Triangle<\/title>\n<meta name=\"description\" content=\"El director del CCAES es uno de los nueve asesores de Von der Leyen\" class=\"yoast-seo-meta-tag\" \/>\n<meta name=\"robots\" content=\"index, follow, max-snippet:-1, max-image-preview:large, max-video-preview:-1\" \/>\n<link rel=\"canonical\" href=\"https:\/\/www.eltriangle.eu\/es\/2020\/11\/05\/noticia-es-107895\/\" class=\"yoast-seo-meta-tag\" \/>\n<meta property=\"og:locale\" content=\"es_ES\" class=\"yoast-seo-meta-tag\" \/>\n<meta property=\"og:type\" content=\"article\" class=\"yoast-seo-meta-tag\" \/>\n<meta property=\"og:title\" content=\"La Comisi\u00f3n Europea incorpora a Sim\u00f3n a su comit\u00e9 de expertos contra la Covid-19 - El Triangle\" class=\"yoast-seo-meta-tag\" \/>\n<meta property=\"og:description\" content=\"El director del CCAES es uno de los nueve asesores de Von der Leyen\" class=\"yoast-seo-meta-tag\" \/>\n<meta property=\"og:url\" content=\"https:\/\/www.eltriangle.eu\/es\/2020\/11\/05\/noticia-es-107895\/\" class=\"yoast-seo-meta-tag\" \/>\n<meta property=\"og:site_name\" content=\"El Triangle\" class=\"yoast-seo-meta-tag\" \/>\n<meta property=\"article:publisher\" content=\"https:\/\/www.facebook.com\/El-Triangle-Diari-101787399020302\" class=\"yoast-seo-meta-tag\" \/>\n<meta property=\"article:published_time\" content=\"2020-11-05T13:04:22+00:00\" class=\"yoast-seo-meta-tag\" \/>\n<meta property=\"og:image\" content=\"https:\/\/www.eltriangle.eu\/wp-content\/uploads\/2020\/11\/simon-28.jpeg\" class=\"yoast-seo-meta-tag\" \/>\n\t<meta property=\"og:image:width\" content=\"1266\" class=\"yoast-seo-meta-tag\" \/>\n\t<meta property=\"og:image:height\" content=\"597\" class=\"yoast-seo-meta-tag\" \/>\n\t<meta property=\"og:image:type\" content=\"image\/jpeg\" class=\"yoast-seo-meta-tag\" \/>\n<meta name=\"author\" content=\"admin\" class=\"yoast-seo-meta-tag\" \/>\n<meta name=\"twitter:card\" content=\"summary_large_image\" class=\"yoast-seo-meta-tag\" \/>\n<meta name=\"twitter:creator\" content=\"@El_Triangle\" class=\"yoast-seo-meta-tag\" \/>\n<meta name=\"twitter:site\" content=\"@El_Triangle\" class=\"yoast-seo-meta-tag\" \/>\n<meta name=\"twitter:label1\" content=\"Escrito por\" class=\"yoast-seo-meta-tag\" \/>\n\t<meta name=\"twitter:data1\" content=\"admin\" class=\"yoast-seo-meta-tag\" \/>\n\t<meta name=\"twitter:label2\" content=\"Tiempo de lectura\" class=\"yoast-seo-meta-tag\" \/>\n\t<meta name=\"twitter:data2\" content=\"1 minuto\" class=\"yoast-seo-meta-tag\" \/>\n<script type=\"application\/ld+json\" class=\"yoast-schema-graph\">{\"@context\":\"https:\\\/\\\/schema.org\",\"@graph\":[{\"@type\":\"NewsArticle\",\"@id\":\"https:\\\/\\\/www.eltriangle.eu\\\/es\\\/2020\\\/11\\\/05\\\/noticia-es-107895\\\/#article\",\"isPartOf\":{\"@id\":\"https:\\\/\\\/www.eltriangle.eu\\\/es\\\/2020\\\/11\\\/05\\\/noticia-es-107895\\\/\"},\"author\":{\"name\":\"admin\",\"@id\":\"https:\\\/\\\/www.eltriangle.eu\\\/es\\\/#\\\/schema\\\/person\\\/6248efcfd3b014a435ec2dff3dae9283\"},\"headline\":\"La Comisi\u00f3n Europea incorpora a Sim\u00f3n a su comit\u00e9 de expertos contra la Covid-19\",\"datePublished\":\"2020-11-05T13:04:22+00:00\",\"mainEntityOfPage\":{\"@id\":\"https:\\\/\\\/www.eltriangle.eu\\\/es\\\/2020\\\/11\\\/05\\\/noticia-es-107895\\\/\"},\"wordCount\":284,\"commentCount\":0,\"publisher\":{\"@id\":\"https:\\\/\\\/www.eltriangle.eu\\\/es\\\/#organization\"},\"image\":{\"@id\":\"https:\\\/\\\/www.eltriangle.eu\\\/es\\\/2020\\\/11\\\/05\\\/noticia-es-107895\\\/#primaryimage\"},\"thumbnailUrl\":\"https:\\\/\\\/www.eltriangle.eu\\\/wp-content\\\/uploads\\\/2020\\\/11\\\/simon-28.jpeg\",\"articleSection\":[\"Actualidad\",\"Poderes\",\"Sanidad\"],\"inLanguage\":\"es\",\"potentialAction\":[{\"@type\":\"CommentAction\",\"name\":\"Comment\",\"target\":[\"https:\\\/\\\/www.eltriangle.eu\\\/es\\\/2020\\\/11\\\/05\\\/noticia-es-107895\\\/#respond\"]}]},{\"@type\":\"WebPage\",\"@id\":\"https:\\\/\\\/www.eltriangle.eu\\\/es\\\/2020\\\/11\\\/05\\\/noticia-es-107895\\\/\",\"url\":\"https:\\\/\\\/www.eltriangle.eu\\\/es\\\/2020\\\/11\\\/05\\\/noticia-es-107895\\\/\",\"name\":\"La Comisi\u00f3n Europea incorpora a Sim\u00f3n a su comit\u00e9 de expertos contra la Covid-19 - El Triangle\",\"isPartOf\":{\"@id\":\"https:\\\/\\\/www.eltriangle.eu\\\/es\\\/#website\"},\"primaryImageOfPage\":{\"@id\":\"https:\\\/\\\/www.eltriangle.eu\\\/es\\\/2020\\\/11\\\/05\\\/noticia-es-107895\\\/#primaryimage\"},\"image\":{\"@id\":\"https:\\\/\\\/www.eltriangle.eu\\\/es\\\/2020\\\/11\\\/05\\\/noticia-es-107895\\\/#primaryimage\"},\"thumbnailUrl\":\"https:\\\/\\\/www.eltriangle.eu\\\/wp-content\\\/uploads\\\/2020\\\/11\\\/simon-28.jpeg\",\"datePublished\":\"2020-11-05T13:04:22+00:00\",\"description\":\"El director del CCAES es uno de los nueve asesores de Von der Leyen\",\"breadcrumb\":{\"@id\":\"https:\\\/\\\/www.eltriangle.eu\\\/es\\\/2020\\\/11\\\/05\\\/noticia-es-107895\\\/#breadcrumb\"},\"inLanguage\":\"es\",\"potentialAction\":[{\"@type\":\"ReadAction\",\"target\":[\"https:\\\/\\\/www.eltriangle.eu\\\/es\\\/2020\\\/11\\\/05\\\/noticia-es-107895\\\/\"]}]},{\"@type\":\"ImageObject\",\"inLanguage\":\"es\",\"@id\":\"https:\\\/\\\/www.eltriangle.eu\\\/es\\\/2020\\\/11\\\/05\\\/noticia-es-107895\\\/#primaryimage\",\"url\":\"https:\\\/\\\/www.eltriangle.eu\\\/wp-content\\\/uploads\\\/2020\\\/11\\\/simon-28.jpeg\",\"contentUrl\":\"https:\\\/\\\/www.eltriangle.eu\\\/wp-content\\\/uploads\\\/2020\\\/11\\\/simon-28.jpeg\",\"width\":1266,\"height\":597,\"caption\":\"Fernando Sim\u00f3n\"},{\"@type\":\"BreadcrumbList\",\"@id\":\"https:\\\/\\\/www.eltriangle.eu\\\/es\\\/2020\\\/11\\\/05\\\/noticia-es-107895\\\/#breadcrumb\",\"itemListElement\":[{\"@type\":\"ListItem\",\"position\":1,\"name\":\"Portada\",\"item\":\"https:\\\/\\\/www.eltriangle.eu\\\/es\\\/\"},{\"@type\":\"ListItem\",\"position\":2,\"name\":\"La Comisi\u00f3n Europea incorpora a Sim\u00f3n a su comit\u00e9 de expertos contra la Covid-19\"}]},{\"@type\":\"WebSite\",\"@id\":\"https:\\\/\\\/www.eltriangle.eu\\\/es\\\/#website\",\"url\":\"https:\\\/\\\/www.eltriangle.eu\\\/es\\\/\",\"name\":\"El Triangle\",\"description\":\"El Triangle \u00e9s un Diari d&#039;informaci\u00f3 general, editat a Catalunya i escrit en llengua catalana, especialitzat en investigaci\u00f3 period\u00edstica\",\"publisher\":{\"@id\":\"https:\\\/\\\/www.eltriangle.eu\\\/es\\\/#organization\"},\"potentialAction\":[{\"@type\":\"SearchAction\",\"target\":{\"@type\":\"EntryPoint\",\"urlTemplate\":\"https:\\\/\\\/www.eltriangle.eu\\\/es\\\/?s={search_term_string}\"},\"query-input\":{\"@type\":\"PropertyValueSpecification\",\"valueRequired\":true,\"valueName\":\"search_term_string\"}}],\"inLanguage\":\"es\"},{\"@type\":[\"Organization\",\"NewsMediaOrganization\"],\"@id\":\"https:\\\/\\\/www.eltriangle.eu\\\/es\\\/#organization\",\"name\":\"El Triangle\",\"url\":\"https:\\\/\\\/www.eltriangle.eu\\\/es\\\/\",\"logo\":{\"@type\":\"ImageObject\",\"inLanguage\":\"es\",\"@id\":\"https:\\\/\\\/www.eltriangle.eu\\\/es\\\/#\\\/schema\\\/logo\\\/image\\\/\",\"url\":\"https:\\\/\\\/www.eltriangle.eu\\\/wp-content\\\/uploads\\\/2020\\\/11\\\/triangle_logo-ajustado.jpg\",\"contentUrl\":\"https:\\\/\\\/www.eltriangle.eu\\\/wp-content\\\/uploads\\\/2020\\\/11\\\/triangle_logo-ajustado.jpg\",\"width\":521,\"height\":92,\"caption\":\"El Triangle\"},\"image\":{\"@id\":\"https:\\\/\\\/www.eltriangle.eu\\\/es\\\/#\\\/schema\\\/logo\\\/image\\\/\"},\"sameAs\":[\"https:\\\/\\\/www.facebook.com\\\/El-Triangle-Diari-101787399020302\",\"https:\\\/\\\/x.com\\\/El_Triangle\",\"https:\\\/\\\/www.youtube.com\\\/channel\\\/UCTIjmYEMYSpdGonuAgNhbcg\"]},{\"@type\":\"Person\",\"@id\":\"https:\\\/\\\/www.eltriangle.eu\\\/es\\\/#\\\/schema\\\/person\\\/6248efcfd3b014a435ec2dff3dae9283\",\"name\":\"admin\",\"image\":{\"@type\":\"ImageObject\",\"inLanguage\":\"es\",\"@id\":\"\\\/\\\/www.gravatar.com\\\/avatar\\\/4b1ec575fe37bb76ab6662549dfc88a3?s=96&#038;r=g&#038;d=mm\",\"url\":\"\\\/\\\/www.gravatar.com\\\/avatar\\\/4b1ec575fe37bb76ab6662549dfc88a3?s=96&#038;r=g&#038;d=mm\",\"contentUrl\":\"\\\/\\\/www.gravatar.com\\\/avatar\\\/4b1ec575fe37bb76ab6662549dfc88a3?s=96&#038;r=g&#038;d=mm\",\"caption\":\"admin\"},\"sameAs\":[\"http:\\\/\\\/migracionca.eltriangle.eu\"],\"url\":\"https:\\\/\\\/www.eltriangle.eu\\\/es\\\/author\\\/admin\\\/\"},{\"@type\":\"SiteNavigationElement\",\"@id\":\"https:\\\/\\\/www.eltriangle.eu\\\/es\\\/#site-navigation\",\"cssSelector\":[\".cib-main-menu\"]},{\"@type\":\"WPHeader\",\"@id\":\"https:\\\/\\\/www.eltriangle.eu\\\/es\\\/#header\",\"cssSelector\":[\".cib-header\"]},{\"@type\":\"WPFooter\",\"@id\":\"https:\\\/\\\/www.eltriangle.eu\\\/es\\\/#footer\",\"cssSelector\":[\".cib-footer\"]}]}<\/script>\n<!-- \/ Yoast SEO plugin. -->","yoast_head_json":{"title":"La Comisi\u00f3n Europea incorpora a Sim\u00f3n a su comit\u00e9 de expertos contra la Covid-19 - El Triangle","description":"El director del CCAES es uno de los nueve asesores de Von der Leyen","robots":{"index":"index","follow":"follow","max-snippet":"max-snippet:-1","max-image-preview":"max-image-preview:large","max-video-preview":"max-video-preview:-1"},"canonical":"https:\/\/www.eltriangle.eu\/es\/2020\/11\/05\/noticia-es-107895\/","og_locale":"es_ES","og_type":"article","og_title":"La Comisi\u00f3n Europea incorpora a Sim\u00f3n a su comit\u00e9 de expertos contra la Covid-19 - El Triangle","og_description":"El director del CCAES es uno de los nueve asesores de Von der Leyen","og_url":"https:\/\/www.eltriangle.eu\/es\/2020\/11\/05\/noticia-es-107895\/","og_site_name":"El Triangle","article_publisher":"https:\/\/www.facebook.com\/El-Triangle-Diari-101787399020302","article_published_time":"2020-11-05T13:04:22+00:00","og_image":[{"width":1266,"height":597,"url":"https:\/\/www.eltriangle.eu\/wp-content\/uploads\/2020\/11\/simon-28.jpeg","type":"image\/jpeg"}],"author":"admin","twitter_card":"summary_large_image","twitter_creator":"@El_Triangle","twitter_site":"@El_Triangle","twitter_misc":{"Escrito por":"admin","Tiempo de lectura":"1 minuto"},"schema":{"@context":"https:\/\/schema.org","@graph":[{"@type":"NewsArticle","@id":"https:\/\/www.eltriangle.eu\/es\/2020\/11\/05\/noticia-es-107895\/#article","isPartOf":{"@id":"https:\/\/www.eltriangle.eu\/es\/2020\/11\/05\/noticia-es-107895\/"},"author":{"name":"admin","@id":"https:\/\/www.eltriangle.eu\/es\/#\/schema\/person\/6248efcfd3b014a435ec2dff3dae9283"},"headline":"La Comisi\u00f3n Europea incorpora a Sim\u00f3n a su comit\u00e9 de expertos contra la Covid-19","datePublished":"2020-11-05T13:04:22+00:00","mainEntityOfPage":{"@id":"https:\/\/www.eltriangle.eu\/es\/2020\/11\/05\/noticia-es-107895\/"},"wordCount":284,"commentCount":0,"publisher":{"@id":"https:\/\/www.eltriangle.eu\/es\/#organization"},"image":{"@id":"https:\/\/www.eltriangle.eu\/es\/2020\/11\/05\/noticia-es-107895\/#primaryimage"},"thumbnailUrl":"https:\/\/www.eltriangle.eu\/wp-content\/uploads\/2020\/11\/simon-28.jpeg","articleSection":["Actualidad","Poderes","Sanidad"],"inLanguage":"es","potentialAction":[{"@type":"CommentAction","name":"Comment","target":["https:\/\/www.eltriangle.eu\/es\/2020\/11\/05\/noticia-es-107895\/#respond"]}]},{"@type":"WebPage","@id":"https:\/\/www.eltriangle.eu\/es\/2020\/11\/05\/noticia-es-107895\/","url":"https:\/\/www.eltriangle.eu\/es\/2020\/11\/05\/noticia-es-107895\/","name":"La Comisi\u00f3n Europea incorpora a Sim\u00f3n a su comit\u00e9 de expertos contra la Covid-19 - El Triangle","isPartOf":{"@id":"https:\/\/www.eltriangle.eu\/es\/#website"},"primaryImageOfPage":{"@id":"https:\/\/www.eltriangle.eu\/es\/2020\/11\/05\/noticia-es-107895\/#primaryimage"},"image":{"@id":"https:\/\/www.eltriangle.eu\/es\/2020\/11\/05\/noticia-es-107895\/#primaryimage"},"thumbnailUrl":"https:\/\/www.eltriangle.eu\/wp-content\/uploads\/2020\/11\/simon-28.jpeg","datePublished":"2020-11-05T13:04:22+00:00","description":"El director del CCAES es uno de los nueve asesores de Von der Leyen","breadcrumb":{"@id":"https:\/\/www.eltriangle.eu\/es\/2020\/11\/05\/noticia-es-107895\/#breadcrumb"},"inLanguage":"es","potentialAction":[{"@type":"ReadAction","target":["https:\/\/www.eltriangle.eu\/es\/2020\/11\/05\/noticia-es-107895\/"]}]},{"@type":"ImageObject","inLanguage":"es","@id":"https:\/\/www.eltriangle.eu\/es\/2020\/11\/05\/noticia-es-107895\/#primaryimage","url":"https:\/\/www.eltriangle.eu\/wp-content\/uploads\/2020\/11\/simon-28.jpeg","contentUrl":"https:\/\/www.eltriangle.eu\/wp-content\/uploads\/2020\/11\/simon-28.jpeg","width":1266,"height":597,"caption":"Fernando Sim\u00f3n"},{"@type":"BreadcrumbList","@id":"https:\/\/www.eltriangle.eu\/es\/2020\/11\/05\/noticia-es-107895\/#breadcrumb","itemListElement":[{"@type":"ListItem","position":1,"name":"Portada","item":"https:\/\/www.eltriangle.eu\/es\/"},{"@type":"ListItem","position":2,"name":"La Comisi\u00f3n Europea incorpora a Sim\u00f3n a su comit\u00e9 de expertos contra la Covid-19"}]},{"@type":"WebSite","@id":"https:\/\/www.eltriangle.eu\/es\/#website","url":"https:\/\/www.eltriangle.eu\/es\/","name":"El Triangle","description":"El Triangle \u00e9s un Diari d&#039;informaci\u00f3 general, editat a Catalunya i escrit en llengua catalana, especialitzat en investigaci\u00f3 period\u00edstica","publisher":{"@id":"https:\/\/www.eltriangle.eu\/es\/#organization"},"potentialAction":[{"@type":"SearchAction","target":{"@type":"EntryPoint","urlTemplate":"https:\/\/www.eltriangle.eu\/es\/?s={search_term_string}"},"query-input":{"@type":"PropertyValueSpecification","valueRequired":true,"valueName":"search_term_string"}}],"inLanguage":"es"},{"@type":["Organization","NewsMediaOrganization"],"@id":"https:\/\/www.eltriangle.eu\/es\/#organization","name":"El Triangle","url":"https:\/\/www.eltriangle.eu\/es\/","logo":{"@type":"ImageObject","inLanguage":"es","@id":"https:\/\/www.eltriangle.eu\/es\/#\/schema\/logo\/image\/","url":"https:\/\/www.eltriangle.eu\/wp-content\/uploads\/2020\/11\/triangle_logo-ajustado.jpg","contentUrl":"https:\/\/www.eltriangle.eu\/wp-content\/uploads\/2020\/11\/triangle_logo-ajustado.jpg","width":521,"height":92,"caption":"El Triangle"},"image":{"@id":"https:\/\/www.eltriangle.eu\/es\/#\/schema\/logo\/image\/"},"sameAs":["https:\/\/www.facebook.com\/El-Triangle-Diari-101787399020302","https:\/\/x.com\/El_Triangle","https:\/\/www.youtube.com\/channel\/UCTIjmYEMYSpdGonuAgNhbcg"]},{"@type":"Person","@id":"https:\/\/www.eltriangle.eu\/es\/#\/schema\/person\/6248efcfd3b014a435ec2dff3dae9283","name":"admin","image":{"@type":"ImageObject","inLanguage":"es","@id":"\/\/www.gravatar.com\/avatar\/4b1ec575fe37bb76ab6662549dfc88a3?s=96&#038;r=g&#038;d=mm","url":"\/\/www.gravatar.com\/avatar\/4b1ec575fe37bb76ab6662549dfc88a3?s=96&#038;r=g&#038;d=mm","contentUrl":"\/\/www.gravatar.com\/avatar\/4b1ec575fe37bb76ab6662549dfc88a3?s=96&#038;r=g&#038;d=mm","caption":"admin"},"sameAs":["http:\/\/migracionca.eltriangle.eu"],"url":"https:\/\/www.eltriangle.eu\/es\/author\/admin\/"},{"@type":"SiteNavigationElement","@id":"https:\/\/www.eltriangle.eu\/es\/#site-navigation","cssSelector":[".cib-main-menu"]},{"@type":"WPHeader","@id":"https:\/\/www.eltriangle.eu\/es\/#header","cssSelector":[".cib-header"]},{"@type":"WPFooter","@id":"https:\/\/www.eltriangle.eu\/es\/#footer","cssSelector":[".cib-footer"]}]}},"amp_enabled":true,"_links":{"self":[{"href":"https:\/\/www.eltriangle.eu\/es\/wp-json\/wp\/v2\/posts\/77913","targetHints":{"allow":["GET"]}}],"collection":[{"href":"https:\/\/www.eltriangle.eu\/es\/wp-json\/wp\/v2\/posts"}],"about":[{"href":"https:\/\/www.eltriangle.eu\/es\/wp-json\/wp\/v2\/types\/post"}],"author":[{"embeddable":true,"href":"https:\/\/www.eltriangle.eu\/es\/wp-json\/wp\/v2\/users\/1"}],"replies":[{"embeddable":true,"href":"https:\/\/www.eltriangle.eu\/es\/wp-json\/wp\/v2\/comments?post=77913"}],"version-history":[{"count":0,"href":"https:\/\/www.eltriangle.eu\/es\/wp-json\/wp\/v2\/posts\/77913\/revisions"}],"wp:featuredmedia":[{"embeddable":true,"href":"https:\/\/www.eltriangle.eu\/es\/wp-json\/wp\/v2\/media\/75983"}],"wp:attachment":[{"href":"https:\/\/www.eltriangle.eu\/es\/wp-json\/wp\/v2\/media?parent=77913"}],"wp:term":[{"taxonomy":"category","embeddable":true,"href":"https:\/\/www.eltriangle.eu\/es\/wp-json\/wp\/v2\/categories?post=77913"},{"taxonomy":"post_tag","embeddable":true,"href":"https:\/\/www.eltriangle.eu\/es\/wp-json\/wp\/v2\/tags?post=77913"}],"curies":[{"name":"wp","href":"https:\/\/api.w.org\/{rel}","templated":true}]}}