{"id":77911,"date":"2020-11-05T12:23:00","date_gmt":"2020-11-05T12:23:00","guid":{"rendered":null},"modified":"2020-11-05T12:23:00","modified_gmt":"2020-11-05T12:23:00","slug":"noticia-es-107894","status":"publish","type":"post","link":"https:\/\/www.eltriangle.eu\/es\/2020\/11\/05\/noticia-es-107894\/","title":{"rendered":"Una circular de los Mossos avisa del riesgo \u00abal alza\u00bb de atentado terrorista en Catalu\u00f1a"},"content":{"rendered":"<p>La <strong>direcci&oacute;n de los Mossos d&#39;Esquadra <\/strong>ha avisado en una carta a los agentes del cuerpo policial del riesgo &quot;al alza&quot; de que haya un atentado terrorista&nbsp;en Catalu&ntilde;a a ra&iacute;z de las acciones terroristas que han tenido lugar en Francia y Viena en las &uacute;ltimas semanas. Por este motivo, remarcan la importancia de aumentar la alerta, sobre todo en los lugares de &quot;principal concurrencia p&uacute;blica&quot;, y de observar con rigor las medidas de autoprotecci&oacute;n.<\/p>\n<p>Seg&uacute;n ha avanzado <em>Naci&oacute;&nbsp;Digital<\/em>, la circular recuerda que el <em>modus operandi <\/em>m&aacute;s probable es un ataque protagonizado por una sola persona o un grupo reducido de autores, con armas blancas o de fuego o usando veh&iacute;culos para provocar atropellos. No descarta, adem&aacute;s, el uso de dispositivos explosivos improvisados, especialmente en acciones con armas de fuego, que los autores podr&iacute;an llevar encima como cinturones o chalecos explosivos.<\/p>\n<p>La misiva interna recalca que la cadena de ataques de los &uacute;ltimos d&iacute;as puede &quot;puede provocar la activaci&oacute;n de alguna persona radicalizada o imprevisible&quot; que resida en Catalu&ntilde;a, pero la direcci&oacute;n de los Mossos considera que este es un escenario &quot;poco probable&quot;. Sin embargo, afirman que, en caso de producirse, generar&iacute;a un impacto &quot;elevado&quot;.<\/p>\n<p>La carta indica que las &uacute;ltimas acciones terroristas en Viena y Francia &quot;contribuyen a generar una sensaci&oacute;n de inseguridad entre la ciudadan&iacute;a de los pa&iacute;ses europeos&quot; y asegura, en este sentido, que comportar&aacute; una respuesta de varios pa&iacute;ses o del conjunto de la UE. Asimismo, recuerdan que a este &quot;clima&quot; se suman las tensiones sociales y econ&oacute;micas que ha provocado la crisis sanitaria.<\/p>\n<p>La circular tambi&eacute;n advierte que des de &quot;actores&quot; vinculados a la extrema derecha se podr&iacute;an intentar difundir mensajes que criminalicen a todos los musulmanes y destaca el riesgo que los discursos radicales se &quot;retroalimenten&quot;.<\/p>\n<p>&nbsp;<\/p>\n","protected":false},"excerpt":{"rendered":"<p>La direcci\u00f3n del cuerpo policial pide a los agentes que aumenten la alerta en los lugares de \u00abprincipal concurrencia p\u00fablica\u00bb<\/p>\n","protected":false},"author":1,"featured_media":32610,"comment_status":"open","ping_status":"","sticky":false,"template":"","format":"standard","meta":{"_acf_changed":false,"pmpro_default_level":"","footnotes":""},"categories":[24,76],"tags":[],"class_list":["post-77911","post","type-post","status-publish","format-standard","has-post-thumbnail","hentry","category-actualidad","category-en-la-calle","pmpro-has-access"],"acf":[],"yoast_head":"<!-- This site is optimized with the Yoast SEO plugin v27.4 - https:\/\/yoast.com\/product\/yoast-seo-wordpress\/ -->\n<title>Una circular de los Mossos avisa del riesgo &quot;al alza&quot; de atentado terrorista en Catalu\u00f1a - El Triangle<\/title>\n<meta name=\"description\" content=\"La direcci\u00f3n del cuerpo policial pide a los agentes que aumenten la alerta en los lugares de &quot;principal concurrencia p\u00fablica&quot;\" class=\"yoast-seo-meta-tag\" \/>\n<meta name=\"robots\" content=\"index, follow, max-snippet:-1, max-image-preview:large, max-video-preview:-1\" \/>\n<link rel=\"canonical\" href=\"https:\/\/www.eltriangle.eu\/es\/2020\/11\/05\/noticia-es-107894\/\" class=\"yoast-seo-meta-tag\" \/>\n<meta property=\"og:locale\" content=\"es_ES\" class=\"yoast-seo-meta-tag\" \/>\n<meta property=\"og:type\" content=\"article\" class=\"yoast-seo-meta-tag\" \/>\n<meta property=\"og:title\" content=\"Una circular de los Mossos avisa del riesgo &quot;al alza&quot; de atentado terrorista en Catalu\u00f1a - El Triangle\" class=\"yoast-seo-meta-tag\" \/>\n<meta property=\"og:description\" content=\"La direcci\u00f3n del cuerpo policial pide a los agentes que aumenten la alerta en los lugares de &quot;principal concurrencia p\u00fablica&quot;\" class=\"yoast-seo-meta-tag\" \/>\n<meta property=\"og:url\" content=\"https:\/\/www.eltriangle.eu\/es\/2020\/11\/05\/noticia-es-107894\/\" class=\"yoast-seo-meta-tag\" \/>\n<meta property=\"og:site_name\" content=\"El Triangle\" class=\"yoast-seo-meta-tag\" \/>\n<meta property=\"article:publisher\" content=\"https:\/\/www.facebook.com\/El-Triangle-Diari-101787399020302\" class=\"yoast-seo-meta-tag\" \/>\n<meta property=\"article:published_time\" content=\"2020-11-05T12:23:00+00:00\" class=\"yoast-seo-meta-tag\" \/>\n<meta property=\"og:image\" content=\"https:\/\/www.eltriangle.eu\/wp-content\/uploads\/2020\/11\/mossos-d-esquadra-5.jpeg\" class=\"yoast-seo-meta-tag\" \/>\n\t<meta property=\"og:image:width\" content=\"1200\" class=\"yoast-seo-meta-tag\" \/>\n\t<meta property=\"og:image:height\" content=\"800\" class=\"yoast-seo-meta-tag\" \/>\n\t<meta property=\"og:image:type\" content=\"image\/jpeg\" class=\"yoast-seo-meta-tag\" \/>\n<meta name=\"author\" content=\"admin\" class=\"yoast-seo-meta-tag\" \/>\n<meta name=\"twitter:card\" content=\"summary_large_image\" class=\"yoast-seo-meta-tag\" \/>\n<meta name=\"twitter:creator\" content=\"@El_Triangle\" class=\"yoast-seo-meta-tag\" \/>\n<meta name=\"twitter:site\" content=\"@El_Triangle\" class=\"yoast-seo-meta-tag\" \/>\n<meta name=\"twitter:label1\" content=\"Escrito por\" class=\"yoast-seo-meta-tag\" \/>\n\t<meta name=\"twitter:data1\" content=\"admin\" class=\"yoast-seo-meta-tag\" \/>\n\t<meta name=\"twitter:label2\" content=\"Tiempo de lectura\" class=\"yoast-seo-meta-tag\" \/>\n\t<meta name=\"twitter:data2\" content=\"2 minutos\" class=\"yoast-seo-meta-tag\" \/>\n<script type=\"application\/ld+json\" class=\"yoast-schema-graph\">{\"@context\":\"https:\\\/\\\/schema.org\",\"@graph\":[{\"@type\":\"NewsArticle\",\"@id\":\"https:\\\/\\\/www.eltriangle.eu\\\/es\\\/2020\\\/11\\\/05\\\/noticia-es-107894\\\/#article\",\"isPartOf\":{\"@id\":\"https:\\\/\\\/www.eltriangle.eu\\\/es\\\/2020\\\/11\\\/05\\\/noticia-es-107894\\\/\"},\"author\":{\"name\":\"admin\",\"@id\":\"https:\\\/\\\/www.eltriangle.eu\\\/es\\\/#\\\/schema\\\/person\\\/6248efcfd3b014a435ec2dff3dae9283\"},\"headline\":\"Una circular de los Mossos avisa del riesgo \u00abal alza\u00bb de atentado terrorista en Catalu\u00f1a\",\"datePublished\":\"2020-11-05T12:23:00+00:00\",\"mainEntityOfPage\":{\"@id\":\"https:\\\/\\\/www.eltriangle.eu\\\/es\\\/2020\\\/11\\\/05\\\/noticia-es-107894\\\/\"},\"wordCount\":380,\"commentCount\":0,\"publisher\":{\"@id\":\"https:\\\/\\\/www.eltriangle.eu\\\/es\\\/#organization\"},\"image\":{\"@id\":\"https:\\\/\\\/www.eltriangle.eu\\\/es\\\/2020\\\/11\\\/05\\\/noticia-es-107894\\\/#primaryimage\"},\"thumbnailUrl\":\"https:\\\/\\\/www.eltriangle.eu\\\/wp-content\\\/uploads\\\/2020\\\/11\\\/mossos-d-esquadra-5.jpeg\",\"articleSection\":[\"Actualidad\",\"En la calle\"],\"inLanguage\":\"es\",\"potentialAction\":[{\"@type\":\"CommentAction\",\"name\":\"Comment\",\"target\":[\"https:\\\/\\\/www.eltriangle.eu\\\/es\\\/2020\\\/11\\\/05\\\/noticia-es-107894\\\/#respond\"]}]},{\"@type\":\"WebPage\",\"@id\":\"https:\\\/\\\/www.eltriangle.eu\\\/es\\\/2020\\\/11\\\/05\\\/noticia-es-107894\\\/\",\"url\":\"https:\\\/\\\/www.eltriangle.eu\\\/es\\\/2020\\\/11\\\/05\\\/noticia-es-107894\\\/\",\"name\":\"Una circular de los Mossos avisa del riesgo \\\"al alza\\\" de atentado terrorista en Catalu\u00f1a - El Triangle\",\"isPartOf\":{\"@id\":\"https:\\\/\\\/www.eltriangle.eu\\\/es\\\/#website\"},\"primaryImageOfPage\":{\"@id\":\"https:\\\/\\\/www.eltriangle.eu\\\/es\\\/2020\\\/11\\\/05\\\/noticia-es-107894\\\/#primaryimage\"},\"image\":{\"@id\":\"https:\\\/\\\/www.eltriangle.eu\\\/es\\\/2020\\\/11\\\/05\\\/noticia-es-107894\\\/#primaryimage\"},\"thumbnailUrl\":\"https:\\\/\\\/www.eltriangle.eu\\\/wp-content\\\/uploads\\\/2020\\\/11\\\/mossos-d-esquadra-5.jpeg\",\"datePublished\":\"2020-11-05T12:23:00+00:00\",\"description\":\"La direcci\u00f3n del cuerpo policial pide a los agentes que aumenten la alerta en los lugares de \\\"principal concurrencia p\u00fablica\\\"\",\"breadcrumb\":{\"@id\":\"https:\\\/\\\/www.eltriangle.eu\\\/es\\\/2020\\\/11\\\/05\\\/noticia-es-107894\\\/#breadcrumb\"},\"inLanguage\":\"es\",\"potentialAction\":[{\"@type\":\"ReadAction\",\"target\":[\"https:\\\/\\\/www.eltriangle.eu\\\/es\\\/2020\\\/11\\\/05\\\/noticia-es-107894\\\/\"]}]},{\"@type\":\"ImageObject\",\"inLanguage\":\"es\",\"@id\":\"https:\\\/\\\/www.eltriangle.eu\\\/es\\\/2020\\\/11\\\/05\\\/noticia-es-107894\\\/#primaryimage\",\"url\":\"https:\\\/\\\/www.eltriangle.eu\\\/wp-content\\\/uploads\\\/2020\\\/11\\\/mossos-d-esquadra-5.jpeg\",\"contentUrl\":\"https:\\\/\\\/www.eltriangle.eu\\\/wp-content\\\/uploads\\\/2020\\\/11\\\/mossos-d-esquadra-5.jpeg\",\"width\":1200,\"height\":800,\"caption\":\"Mossos d'Esquadra\"},{\"@type\":\"BreadcrumbList\",\"@id\":\"https:\\\/\\\/www.eltriangle.eu\\\/es\\\/2020\\\/11\\\/05\\\/noticia-es-107894\\\/#breadcrumb\",\"itemListElement\":[{\"@type\":\"ListItem\",\"position\":1,\"name\":\"Portada\",\"item\":\"https:\\\/\\\/www.eltriangle.eu\\\/es\\\/\"},{\"@type\":\"ListItem\",\"position\":2,\"name\":\"Una circular de los Mossos avisa del riesgo \u00abal alza\u00bb de atentado terrorista en Catalu\u00f1a\"}]},{\"@type\":\"WebSite\",\"@id\":\"https:\\\/\\\/www.eltriangle.eu\\\/es\\\/#website\",\"url\":\"https:\\\/\\\/www.eltriangle.eu\\\/es\\\/\",\"name\":\"El Triangle\",\"description\":\"El Triangle \u00e9s un Diari d&#039;informaci\u00f3 general, editat a Catalunya i escrit en llengua catalana, especialitzat en investigaci\u00f3 period\u00edstica\",\"publisher\":{\"@id\":\"https:\\\/\\\/www.eltriangle.eu\\\/es\\\/#organization\"},\"potentialAction\":[{\"@type\":\"SearchAction\",\"target\":{\"@type\":\"EntryPoint\",\"urlTemplate\":\"https:\\\/\\\/www.eltriangle.eu\\\/es\\\/?s={search_term_string}\"},\"query-input\":{\"@type\":\"PropertyValueSpecification\",\"valueRequired\":true,\"valueName\":\"search_term_string\"}}],\"inLanguage\":\"es\"},{\"@type\":[\"Organization\",\"NewsMediaOrganization\"],\"@id\":\"https:\\\/\\\/www.eltriangle.eu\\\/es\\\/#organization\",\"name\":\"El Triangle\",\"url\":\"https:\\\/\\\/www.eltriangle.eu\\\/es\\\/\",\"logo\":{\"@type\":\"ImageObject\",\"inLanguage\":\"es\",\"@id\":\"https:\\\/\\\/www.eltriangle.eu\\\/es\\\/#\\\/schema\\\/logo\\\/image\\\/\",\"url\":\"https:\\\/\\\/www.eltriangle.eu\\\/wp-content\\\/uploads\\\/2020\\\/11\\\/triangle_logo-ajustado.jpg\",\"contentUrl\":\"https:\\\/\\\/www.eltriangle.eu\\\/wp-content\\\/uploads\\\/2020\\\/11\\\/triangle_logo-ajustado.jpg\",\"width\":521,\"height\":92,\"caption\":\"El Triangle\"},\"image\":{\"@id\":\"https:\\\/\\\/www.eltriangle.eu\\\/es\\\/#\\\/schema\\\/logo\\\/image\\\/\"},\"sameAs\":[\"https:\\\/\\\/www.facebook.com\\\/El-Triangle-Diari-101787399020302\",\"https:\\\/\\\/x.com\\\/El_Triangle\",\"https:\\\/\\\/www.youtube.com\\\/channel\\\/UCTIjmYEMYSpdGonuAgNhbcg\"]},{\"@type\":\"Person\",\"@id\":\"https:\\\/\\\/www.eltriangle.eu\\\/es\\\/#\\\/schema\\\/person\\\/6248efcfd3b014a435ec2dff3dae9283\",\"name\":\"admin\",\"image\":{\"@type\":\"ImageObject\",\"inLanguage\":\"es\",\"@id\":\"\\\/\\\/www.gravatar.com\\\/avatar\\\/4b1ec575fe37bb76ab6662549dfc88a3?s=96&#038;r=g&#038;d=mm\",\"url\":\"\\\/\\\/www.gravatar.com\\\/avatar\\\/4b1ec575fe37bb76ab6662549dfc88a3?s=96&#038;r=g&#038;d=mm\",\"contentUrl\":\"\\\/\\\/www.gravatar.com\\\/avatar\\\/4b1ec575fe37bb76ab6662549dfc88a3?s=96&#038;r=g&#038;d=mm\",\"caption\":\"admin\"},\"sameAs\":[\"http:\\\/\\\/migracionca.eltriangle.eu\"],\"url\":\"https:\\\/\\\/www.eltriangle.eu\\\/es\\\/author\\\/admin\\\/\"},{\"@type\":\"SiteNavigationElement\",\"@id\":\"https:\\\/\\\/www.eltriangle.eu\\\/es\\\/#site-navigation\",\"cssSelector\":[\".cib-main-menu\"]},{\"@type\":\"WPHeader\",\"@id\":\"https:\\\/\\\/www.eltriangle.eu\\\/es\\\/#header\",\"cssSelector\":[\".cib-header\"]},{\"@type\":\"WPFooter\",\"@id\":\"https:\\\/\\\/www.eltriangle.eu\\\/es\\\/#footer\",\"cssSelector\":[\".cib-footer\"]}]}<\/script>\n<!-- \/ Yoast SEO plugin. -->","yoast_head_json":{"title":"Una circular de los Mossos avisa del riesgo \"al alza\" de atentado terrorista en Catalu\u00f1a - El Triangle","description":"La direcci\u00f3n del cuerpo policial pide a los agentes que aumenten la alerta en los lugares de \"principal concurrencia p\u00fablica\"","robots":{"index":"index","follow":"follow","max-snippet":"max-snippet:-1","max-image-preview":"max-image-preview:large","max-video-preview":"max-video-preview:-1"},"canonical":"https:\/\/www.eltriangle.eu\/es\/2020\/11\/05\/noticia-es-107894\/","og_locale":"es_ES","og_type":"article","og_title":"Una circular de los Mossos avisa del riesgo \"al alza\" de atentado terrorista en Catalu\u00f1a - El Triangle","og_description":"La direcci\u00f3n del cuerpo policial pide a los agentes que aumenten la alerta en los lugares de \"principal concurrencia p\u00fablica\"","og_url":"https:\/\/www.eltriangle.eu\/es\/2020\/11\/05\/noticia-es-107894\/","og_site_name":"El Triangle","article_publisher":"https:\/\/www.facebook.com\/El-Triangle-Diari-101787399020302","article_published_time":"2020-11-05T12:23:00+00:00","og_image":[{"width":1200,"height":800,"url":"https:\/\/www.eltriangle.eu\/wp-content\/uploads\/2020\/11\/mossos-d-esquadra-5.jpeg","type":"image\/jpeg"}],"author":"admin","twitter_card":"summary_large_image","twitter_creator":"@El_Triangle","twitter_site":"@El_Triangle","twitter_misc":{"Escrito por":"admin","Tiempo de lectura":"2 minutos"},"schema":{"@context":"https:\/\/schema.org","@graph":[{"@type":"NewsArticle","@id":"https:\/\/www.eltriangle.eu\/es\/2020\/11\/05\/noticia-es-107894\/#article","isPartOf":{"@id":"https:\/\/www.eltriangle.eu\/es\/2020\/11\/05\/noticia-es-107894\/"},"author":{"name":"admin","@id":"https:\/\/www.eltriangle.eu\/es\/#\/schema\/person\/6248efcfd3b014a435ec2dff3dae9283"},"headline":"Una circular de los Mossos avisa del riesgo \u00abal alza\u00bb de atentado terrorista en Catalu\u00f1a","datePublished":"2020-11-05T12:23:00+00:00","mainEntityOfPage":{"@id":"https:\/\/www.eltriangle.eu\/es\/2020\/11\/05\/noticia-es-107894\/"},"wordCount":380,"commentCount":0,"publisher":{"@id":"https:\/\/www.eltriangle.eu\/es\/#organization"},"image":{"@id":"https:\/\/www.eltriangle.eu\/es\/2020\/11\/05\/noticia-es-107894\/#primaryimage"},"thumbnailUrl":"https:\/\/www.eltriangle.eu\/wp-content\/uploads\/2020\/11\/mossos-d-esquadra-5.jpeg","articleSection":["Actualidad","En la calle"],"inLanguage":"es","potentialAction":[{"@type":"CommentAction","name":"Comment","target":["https:\/\/www.eltriangle.eu\/es\/2020\/11\/05\/noticia-es-107894\/#respond"]}]},{"@type":"WebPage","@id":"https:\/\/www.eltriangle.eu\/es\/2020\/11\/05\/noticia-es-107894\/","url":"https:\/\/www.eltriangle.eu\/es\/2020\/11\/05\/noticia-es-107894\/","name":"Una circular de los Mossos avisa del riesgo \"al alza\" de atentado terrorista en Catalu\u00f1a - El Triangle","isPartOf":{"@id":"https:\/\/www.eltriangle.eu\/es\/#website"},"primaryImageOfPage":{"@id":"https:\/\/www.eltriangle.eu\/es\/2020\/11\/05\/noticia-es-107894\/#primaryimage"},"image":{"@id":"https:\/\/www.eltriangle.eu\/es\/2020\/11\/05\/noticia-es-107894\/#primaryimage"},"thumbnailUrl":"https:\/\/www.eltriangle.eu\/wp-content\/uploads\/2020\/11\/mossos-d-esquadra-5.jpeg","datePublished":"2020-11-05T12:23:00+00:00","description":"La direcci\u00f3n del cuerpo policial pide a los agentes que aumenten la alerta en los lugares de \"principal concurrencia p\u00fablica\"","breadcrumb":{"@id":"https:\/\/www.eltriangle.eu\/es\/2020\/11\/05\/noticia-es-107894\/#breadcrumb"},"inLanguage":"es","potentialAction":[{"@type":"ReadAction","target":["https:\/\/www.eltriangle.eu\/es\/2020\/11\/05\/noticia-es-107894\/"]}]},{"@type":"ImageObject","inLanguage":"es","@id":"https:\/\/www.eltriangle.eu\/es\/2020\/11\/05\/noticia-es-107894\/#primaryimage","url":"https:\/\/www.eltriangle.eu\/wp-content\/uploads\/2020\/11\/mossos-d-esquadra-5.jpeg","contentUrl":"https:\/\/www.eltriangle.eu\/wp-content\/uploads\/2020\/11\/mossos-d-esquadra-5.jpeg","width":1200,"height":800,"caption":"Mossos d'Esquadra"},{"@type":"BreadcrumbList","@id":"https:\/\/www.eltriangle.eu\/es\/2020\/11\/05\/noticia-es-107894\/#breadcrumb","itemListElement":[{"@type":"ListItem","position":1,"name":"Portada","item":"https:\/\/www.eltriangle.eu\/es\/"},{"@type":"ListItem","position":2,"name":"Una circular de los Mossos avisa del riesgo \u00abal alza\u00bb de atentado terrorista en Catalu\u00f1a"}]},{"@type":"WebSite","@id":"https:\/\/www.eltriangle.eu\/es\/#website","url":"https:\/\/www.eltriangle.eu\/es\/","name":"El Triangle","description":"El Triangle \u00e9s un Diari d&#039;informaci\u00f3 general, editat a Catalunya i escrit en llengua catalana, especialitzat en investigaci\u00f3 period\u00edstica","publisher":{"@id":"https:\/\/www.eltriangle.eu\/es\/#organization"},"potentialAction":[{"@type":"SearchAction","target":{"@type":"EntryPoint","urlTemplate":"https:\/\/www.eltriangle.eu\/es\/?s={search_term_string}"},"query-input":{"@type":"PropertyValueSpecification","valueRequired":true,"valueName":"search_term_string"}}],"inLanguage":"es"},{"@type":["Organization","NewsMediaOrganization"],"@id":"https:\/\/www.eltriangle.eu\/es\/#organization","name":"El Triangle","url":"https:\/\/www.eltriangle.eu\/es\/","logo":{"@type":"ImageObject","inLanguage":"es","@id":"https:\/\/www.eltriangle.eu\/es\/#\/schema\/logo\/image\/","url":"https:\/\/www.eltriangle.eu\/wp-content\/uploads\/2020\/11\/triangle_logo-ajustado.jpg","contentUrl":"https:\/\/www.eltriangle.eu\/wp-content\/uploads\/2020\/11\/triangle_logo-ajustado.jpg","width":521,"height":92,"caption":"El Triangle"},"image":{"@id":"https:\/\/www.eltriangle.eu\/es\/#\/schema\/logo\/image\/"},"sameAs":["https:\/\/www.facebook.com\/El-Triangle-Diari-101787399020302","https:\/\/x.com\/El_Triangle","https:\/\/www.youtube.com\/channel\/UCTIjmYEMYSpdGonuAgNhbcg"]},{"@type":"Person","@id":"https:\/\/www.eltriangle.eu\/es\/#\/schema\/person\/6248efcfd3b014a435ec2dff3dae9283","name":"admin","image":{"@type":"ImageObject","inLanguage":"es","@id":"\/\/www.gravatar.com\/avatar\/4b1ec575fe37bb76ab6662549dfc88a3?s=96&#038;r=g&#038;d=mm","url":"\/\/www.gravatar.com\/avatar\/4b1ec575fe37bb76ab6662549dfc88a3?s=96&#038;r=g&#038;d=mm","contentUrl":"\/\/www.gravatar.com\/avatar\/4b1ec575fe37bb76ab6662549dfc88a3?s=96&#038;r=g&#038;d=mm","caption":"admin"},"sameAs":["http:\/\/migracionca.eltriangle.eu"],"url":"https:\/\/www.eltriangle.eu\/es\/author\/admin\/"},{"@type":"SiteNavigationElement","@id":"https:\/\/www.eltriangle.eu\/es\/#site-navigation","cssSelector":[".cib-main-menu"]},{"@type":"WPHeader","@id":"https:\/\/www.eltriangle.eu\/es\/#header","cssSelector":[".cib-header"]},{"@type":"WPFooter","@id":"https:\/\/www.eltriangle.eu\/es\/#footer","cssSelector":[".cib-footer"]}]}},"amp_enabled":true,"_links":{"self":[{"href":"https:\/\/www.eltriangle.eu\/es\/wp-json\/wp\/v2\/posts\/77911","targetHints":{"allow":["GET"]}}],"collection":[{"href":"https:\/\/www.eltriangle.eu\/es\/wp-json\/wp\/v2\/posts"}],"about":[{"href":"https:\/\/www.eltriangle.eu\/es\/wp-json\/wp\/v2\/types\/post"}],"author":[{"embeddable":true,"href":"https:\/\/www.eltriangle.eu\/es\/wp-json\/wp\/v2\/users\/1"}],"replies":[{"embeddable":true,"href":"https:\/\/www.eltriangle.eu\/es\/wp-json\/wp\/v2\/comments?post=77911"}],"version-history":[{"count":0,"href":"https:\/\/www.eltriangle.eu\/es\/wp-json\/wp\/v2\/posts\/77911\/revisions"}],"wp:featuredmedia":[{"embeddable":true,"href":"https:\/\/www.eltriangle.eu\/es\/wp-json\/wp\/v2\/media\/32610"}],"wp:attachment":[{"href":"https:\/\/www.eltriangle.eu\/es\/wp-json\/wp\/v2\/media?parent=77911"}],"wp:term":[{"taxonomy":"category","embeddable":true,"href":"https:\/\/www.eltriangle.eu\/es\/wp-json\/wp\/v2\/categories?post=77911"},{"taxonomy":"post_tag","embeddable":true,"href":"https:\/\/www.eltriangle.eu\/es\/wp-json\/wp\/v2\/tags?post=77911"}],"curies":[{"name":"wp","href":"https:\/\/api.w.org\/{rel}","templated":true}]}}