{"id":71239,"date":"2020-06-01T12:09:42","date_gmt":"2020-06-01T12:09:42","guid":{"rendered":null},"modified":"2020-06-01T12:09:42","modified_gmt":"2020-06-01T12:09:42","slug":"noticia-es-106216","status":"publish","type":"post","link":"https:\/\/www.eltriangle.eu\/es\/2020\/06\/01\/noticia-es-106216\/","title":{"rendered":"Muere el periodista Jordi Garc\u00eda-Soler"},"content":{"rendered":"<p>Un ataque de coraz&oacute;n interrumpi&oacute;, este domingo 31 de mayo, la vida del periodista<strong> Jordi Garc&iacute;a-Soler,<\/strong> justo cuando acababa de superar la &uacute;ltima sesi&oacute;n de quimioterapia a la que se hab&iacute;a tenido que someter al sufrir un c&aacute;ncer de pulm&oacute;n. Pese a este tratamiento, mantuvo sus colaboraciones con varios medios de comunicaci&oacute;n, entre ellos ELTRIANGLE. El pasado jueves public&oacute; en nuestro portal el art&iacute;culo <a href=\"https:\/\/www.eltriangle.eu\/ca\/opinio\/cdc-aixo-no-toca_106171_102.html\">&#39;&iquest;CDC? Esto no toca&#39;.<\/a><\/p>\n<p>Nacido el 1947, se especializ&oacute; en el fen&oacute;meno musical de la <em>Nova&nbsp;Can&ccedil;&oacute;<\/em>, al que dedic&oacute; dos libros: <em>La Nova Can&ccedil;&oacute;<\/em>&nbsp;(1976) y <em>Cr&oacute;nica apasionada de la Nova Can&ccedil;&oacute;<\/em>&nbsp;(1996). Cre&oacute; el departamento de Comunicaci&oacute;n del Partido de los Socialistas de Catalunya (PSC) y lo dirigi&oacute; hasta&nbsp;1982. A propuesta de este partido fue nombrado miembro del consejo de administraci&oacute;n de la Corporaci&oacute;n Catalana de Radio y Televisi&oacute;n, del que form&oacute; parte entre los a&ntilde;os 1983 y 1996.<\/p>\n<p>Ha sido un prol&iacute;fico autor de art&iacute;culos en numerosos diarios, revistas y medios digitales. En los &uacute;ltimos tiempos, adem&aacute;s de en EL TRIANGLE, colaboraba tambi&eacute;n en&nbsp;<em>Elplural.com<\/em> y<em> Cronica Global<\/em>. Realiz&oacute; y particip&oacute;&nbsp;en programas de radio y televisi&oacute;n en Radio Juventud de Barcelona, Radio Barcelona, COM R&agrave;dio, Catalunya R&agrave;dio, TVE, TV3 y Radio La Hospitalet.<\/p>\n<p>En 2014 fue uno de los impulsores del movimiento ciudadano Tercera V&iacute;a, que naci&oacute; con la voluntad de crear puentes en una sociedad catalana fracturada por el debate independentista y para encontrar una f&oacute;rmula para resolver este conflicto que permitiera &quot;decidir a los catalanes, pero no de espaldas, y menos a&uacute;n&nbsp;teniendo en contra, al resto de espa&ntilde;oles&quot;. A esta filosof&iacute;a ha dedicado sus colaboraciones de los &uacute;ltimos a&ntilde;os, interrumpidas, este 31 de mayo, por un coraz&oacute;n que le hab&iacute;a dado ya alg&uacute;n susto a lo largo de sus 73 a&ntilde;os de vida.<\/p>\n","protected":false},"excerpt":{"rendered":"<p>Especializado en &#8216;La Nova Can\u00e7\u00f3&#8217;, fund\u00f3 el departamento de Comunicaci\u00f3n del PSC, fue consejero de la Corporaci\u00f3n Catalana de Radio y Televisi\u00f3n e impulsor del movimiento Tercera V\u00eda<\/p>\n","protected":false},"author":1,"featured_media":36860,"comment_status":"open","ping_status":"open","sticky":false,"template":"","format":"standard","meta":{"_acf_changed":false,"pmpro_default_level":"","footnotes":""},"categories":[24,78],"tags":[],"class_list":["post-71239","post","type-post","status-publish","format-standard","has-post-thumbnail","hentry","category-actualidad","category-media","pmpro-has-access"],"acf":[],"yoast_head":"<!-- This site is optimized with the Yoast SEO plugin v27.4 - https:\/\/yoast.com\/product\/yoast-seo-wordpress\/ -->\n<title>Muere el periodista Jordi Garc\u00eda-Soler - El Triangle<\/title>\n<meta name=\"description\" content=\"Especializado en &#039;La Nova Can\u00e7\u00f3&#039;, fund\u00f3 el departamento de Comunicaci\u00f3n del PSC, fue consejero de la Corporaci\u00f3n Catalana de Radio y Televisi\u00f3n e impulsor del movimiento Tercera V\u00eda\" class=\"yoast-seo-meta-tag\" \/>\n<meta name=\"robots\" content=\"index, follow, max-snippet:-1, max-image-preview:large, max-video-preview:-1\" \/>\n<link rel=\"canonical\" href=\"https:\/\/www.eltriangle.eu\/es\/2020\/06\/01\/noticia-es-106216\/\" class=\"yoast-seo-meta-tag\" \/>\n<meta property=\"og:locale\" content=\"es_ES\" class=\"yoast-seo-meta-tag\" \/>\n<meta property=\"og:type\" content=\"article\" class=\"yoast-seo-meta-tag\" \/>\n<meta property=\"og:title\" content=\"Muere el periodista Jordi Garc\u00eda-Soler - El Triangle\" class=\"yoast-seo-meta-tag\" \/>\n<meta property=\"og:description\" content=\"Especializado en &#039;La Nova Can\u00e7\u00f3&#039;, fund\u00f3 el departamento de Comunicaci\u00f3n del PSC, fue consejero de la Corporaci\u00f3n Catalana de Radio y Televisi\u00f3n e impulsor del movimiento Tercera V\u00eda\" class=\"yoast-seo-meta-tag\" \/>\n<meta property=\"og:url\" content=\"https:\/\/www.eltriangle.eu\/es\/2020\/06\/01\/noticia-es-106216\/\" class=\"yoast-seo-meta-tag\" \/>\n<meta property=\"og:site_name\" content=\"El Triangle\" class=\"yoast-seo-meta-tag\" \/>\n<meta property=\"article:publisher\" content=\"https:\/\/www.facebook.com\/El-Triangle-Diari-101787399020302\" class=\"yoast-seo-meta-tag\" \/>\n<meta property=\"article:published_time\" content=\"2020-06-01T12:09:42+00:00\" class=\"yoast-seo-meta-tag\" \/>\n<meta property=\"og:image\" content=\"https:\/\/www.eltriangle.eu\/wp-content\/uploads\/2020\/11\/jordi-garcia-soler-scaled.jpeg\" class=\"yoast-seo-meta-tag\" \/>\n\t<meta property=\"og:image:width\" content=\"2560\" class=\"yoast-seo-meta-tag\" \/>\n\t<meta property=\"og:image:height\" content=\"1714\" class=\"yoast-seo-meta-tag\" \/>\n\t<meta property=\"og:image:type\" content=\"image\/jpeg\" class=\"yoast-seo-meta-tag\" \/>\n<meta name=\"author\" content=\"admin\" class=\"yoast-seo-meta-tag\" \/>\n<meta name=\"twitter:card\" content=\"summary_large_image\" class=\"yoast-seo-meta-tag\" \/>\n<meta name=\"twitter:creator\" content=\"@El_Triangle\" class=\"yoast-seo-meta-tag\" \/>\n<meta name=\"twitter:site\" content=\"@El_Triangle\" class=\"yoast-seo-meta-tag\" \/>\n<meta name=\"twitter:label1\" content=\"Escrito por\" class=\"yoast-seo-meta-tag\" \/>\n\t<meta name=\"twitter:data1\" content=\"admin\" class=\"yoast-seo-meta-tag\" \/>\n\t<meta name=\"twitter:label2\" content=\"Tiempo de lectura\" class=\"yoast-seo-meta-tag\" \/>\n\t<meta name=\"twitter:data2\" content=\"2 minutos\" class=\"yoast-seo-meta-tag\" \/>\n<script type=\"application\/ld+json\" class=\"yoast-schema-graph\">{\"@context\":\"https:\\\/\\\/schema.org\",\"@graph\":[{\"@type\":\"NewsArticle\",\"@id\":\"https:\\\/\\\/www.eltriangle.eu\\\/es\\\/2020\\\/06\\\/01\\\/noticia-es-106216\\\/#article\",\"isPartOf\":{\"@id\":\"https:\\\/\\\/www.eltriangle.eu\\\/es\\\/2020\\\/06\\\/01\\\/noticia-es-106216\\\/\"},\"author\":{\"name\":\"admin\",\"@id\":\"https:\\\/\\\/www.eltriangle.eu\\\/es\\\/#\\\/schema\\\/person\\\/6248efcfd3b014a435ec2dff3dae9283\"},\"headline\":\"Muere el periodista Jordi Garc\u00eda-Soler\",\"datePublished\":\"2020-06-01T12:09:42+00:00\",\"mainEntityOfPage\":{\"@id\":\"https:\\\/\\\/www.eltriangle.eu\\\/es\\\/2020\\\/06\\\/01\\\/noticia-es-106216\\\/\"},\"wordCount\":385,\"commentCount\":0,\"publisher\":{\"@id\":\"https:\\\/\\\/www.eltriangle.eu\\\/es\\\/#organization\"},\"image\":{\"@id\":\"https:\\\/\\\/www.eltriangle.eu\\\/es\\\/2020\\\/06\\\/01\\\/noticia-es-106216\\\/#primaryimage\"},\"thumbnailUrl\":\"https:\\\/\\\/www.eltriangle.eu\\\/wp-content\\\/uploads\\\/2020\\\/11\\\/jordi-garcia-soler-scaled.jpeg\",\"articleSection\":[\"Actualidad\",\"Media\"],\"inLanguage\":\"es\",\"potentialAction\":[{\"@type\":\"CommentAction\",\"name\":\"Comment\",\"target\":[\"https:\\\/\\\/www.eltriangle.eu\\\/es\\\/2020\\\/06\\\/01\\\/noticia-es-106216\\\/#respond\"]}]},{\"@type\":\"WebPage\",\"@id\":\"https:\\\/\\\/www.eltriangle.eu\\\/es\\\/2020\\\/06\\\/01\\\/noticia-es-106216\\\/\",\"url\":\"https:\\\/\\\/www.eltriangle.eu\\\/es\\\/2020\\\/06\\\/01\\\/noticia-es-106216\\\/\",\"name\":\"Muere el periodista Jordi Garc\u00eda-Soler - El Triangle\",\"isPartOf\":{\"@id\":\"https:\\\/\\\/www.eltriangle.eu\\\/es\\\/#website\"},\"primaryImageOfPage\":{\"@id\":\"https:\\\/\\\/www.eltriangle.eu\\\/es\\\/2020\\\/06\\\/01\\\/noticia-es-106216\\\/#primaryimage\"},\"image\":{\"@id\":\"https:\\\/\\\/www.eltriangle.eu\\\/es\\\/2020\\\/06\\\/01\\\/noticia-es-106216\\\/#primaryimage\"},\"thumbnailUrl\":\"https:\\\/\\\/www.eltriangle.eu\\\/wp-content\\\/uploads\\\/2020\\\/11\\\/jordi-garcia-soler-scaled.jpeg\",\"datePublished\":\"2020-06-01T12:09:42+00:00\",\"description\":\"Especializado en 'La Nova Can\u00e7\u00f3', fund\u00f3 el departamento de Comunicaci\u00f3n del PSC, fue consejero de la Corporaci\u00f3n Catalana de Radio y Televisi\u00f3n e impulsor del movimiento Tercera V\u00eda\",\"breadcrumb\":{\"@id\":\"https:\\\/\\\/www.eltriangle.eu\\\/es\\\/2020\\\/06\\\/01\\\/noticia-es-106216\\\/#breadcrumb\"},\"inLanguage\":\"es\",\"potentialAction\":[{\"@type\":\"ReadAction\",\"target\":[\"https:\\\/\\\/www.eltriangle.eu\\\/es\\\/2020\\\/06\\\/01\\\/noticia-es-106216\\\/\"]}]},{\"@type\":\"ImageObject\",\"inLanguage\":\"es\",\"@id\":\"https:\\\/\\\/www.eltriangle.eu\\\/es\\\/2020\\\/06\\\/01\\\/noticia-es-106216\\\/#primaryimage\",\"url\":\"https:\\\/\\\/www.eltriangle.eu\\\/wp-content\\\/uploads\\\/2020\\\/11\\\/jordi-garcia-soler-scaled.jpeg\",\"contentUrl\":\"https:\\\/\\\/www.eltriangle.eu\\\/wp-content\\\/uploads\\\/2020\\\/11\\\/jordi-garcia-soler-scaled.jpeg\",\"width\":2560,\"height\":1714,\"caption\":\"Jordi Garc\u00eda-Soler\"},{\"@type\":\"BreadcrumbList\",\"@id\":\"https:\\\/\\\/www.eltriangle.eu\\\/es\\\/2020\\\/06\\\/01\\\/noticia-es-106216\\\/#breadcrumb\",\"itemListElement\":[{\"@type\":\"ListItem\",\"position\":1,\"name\":\"Portada\",\"item\":\"https:\\\/\\\/www.eltriangle.eu\\\/es\\\/\"},{\"@type\":\"ListItem\",\"position\":2,\"name\":\"Muere el periodista Jordi Garc\u00eda-Soler\"}]},{\"@type\":\"WebSite\",\"@id\":\"https:\\\/\\\/www.eltriangle.eu\\\/es\\\/#website\",\"url\":\"https:\\\/\\\/www.eltriangle.eu\\\/es\\\/\",\"name\":\"El Triangle\",\"description\":\"El Triangle \u00e9s un Diari d&#039;informaci\u00f3 general, editat a Catalunya i escrit en llengua catalana, especialitzat en investigaci\u00f3 period\u00edstica\",\"publisher\":{\"@id\":\"https:\\\/\\\/www.eltriangle.eu\\\/es\\\/#organization\"},\"potentialAction\":[{\"@type\":\"SearchAction\",\"target\":{\"@type\":\"EntryPoint\",\"urlTemplate\":\"https:\\\/\\\/www.eltriangle.eu\\\/es\\\/?s={search_term_string}\"},\"query-input\":{\"@type\":\"PropertyValueSpecification\",\"valueRequired\":true,\"valueName\":\"search_term_string\"}}],\"inLanguage\":\"es\"},{\"@type\":[\"Organization\",\"NewsMediaOrganization\"],\"@id\":\"https:\\\/\\\/www.eltriangle.eu\\\/es\\\/#organization\",\"name\":\"El Triangle\",\"url\":\"https:\\\/\\\/www.eltriangle.eu\\\/es\\\/\",\"logo\":{\"@type\":\"ImageObject\",\"inLanguage\":\"es\",\"@id\":\"https:\\\/\\\/www.eltriangle.eu\\\/es\\\/#\\\/schema\\\/logo\\\/image\\\/\",\"url\":\"https:\\\/\\\/www.eltriangle.eu\\\/wp-content\\\/uploads\\\/2020\\\/11\\\/triangle_logo-ajustado.jpg\",\"contentUrl\":\"https:\\\/\\\/www.eltriangle.eu\\\/wp-content\\\/uploads\\\/2020\\\/11\\\/triangle_logo-ajustado.jpg\",\"width\":521,\"height\":92,\"caption\":\"El Triangle\"},\"image\":{\"@id\":\"https:\\\/\\\/www.eltriangle.eu\\\/es\\\/#\\\/schema\\\/logo\\\/image\\\/\"},\"sameAs\":[\"https:\\\/\\\/www.facebook.com\\\/El-Triangle-Diari-101787399020302\",\"https:\\\/\\\/x.com\\\/El_Triangle\",\"https:\\\/\\\/www.youtube.com\\\/channel\\\/UCTIjmYEMYSpdGonuAgNhbcg\"]},{\"@type\":\"Person\",\"@id\":\"https:\\\/\\\/www.eltriangle.eu\\\/es\\\/#\\\/schema\\\/person\\\/6248efcfd3b014a435ec2dff3dae9283\",\"name\":\"admin\",\"image\":{\"@type\":\"ImageObject\",\"inLanguage\":\"es\",\"@id\":\"\\\/\\\/www.gravatar.com\\\/avatar\\\/4b1ec575fe37bb76ab6662549dfc88a3?s=96&#038;r=g&#038;d=mm\",\"url\":\"\\\/\\\/www.gravatar.com\\\/avatar\\\/4b1ec575fe37bb76ab6662549dfc88a3?s=96&#038;r=g&#038;d=mm\",\"contentUrl\":\"\\\/\\\/www.gravatar.com\\\/avatar\\\/4b1ec575fe37bb76ab6662549dfc88a3?s=96&#038;r=g&#038;d=mm\",\"caption\":\"admin\"},\"sameAs\":[\"http:\\\/\\\/migracionca.eltriangle.eu\"],\"url\":\"https:\\\/\\\/www.eltriangle.eu\\\/es\\\/author\\\/admin\\\/\"},{\"@type\":\"SiteNavigationElement\",\"@id\":\"https:\\\/\\\/www.eltriangle.eu\\\/es\\\/#site-navigation\",\"cssSelector\":[\".cib-main-menu\"]},{\"@type\":\"WPHeader\",\"@id\":\"https:\\\/\\\/www.eltriangle.eu\\\/es\\\/#header\",\"cssSelector\":[\".cib-header\"]},{\"@type\":\"WPFooter\",\"@id\":\"https:\\\/\\\/www.eltriangle.eu\\\/es\\\/#footer\",\"cssSelector\":[\".cib-footer\"]}]}<\/script>\n<!-- \/ Yoast SEO plugin. -->","yoast_head_json":{"title":"Muere el periodista Jordi Garc\u00eda-Soler - El Triangle","description":"Especializado en 'La Nova Can\u00e7\u00f3', fund\u00f3 el departamento de Comunicaci\u00f3n del PSC, fue consejero de la Corporaci\u00f3n Catalana de Radio y Televisi\u00f3n e impulsor del movimiento Tercera V\u00eda","robots":{"index":"index","follow":"follow","max-snippet":"max-snippet:-1","max-image-preview":"max-image-preview:large","max-video-preview":"max-video-preview:-1"},"canonical":"https:\/\/www.eltriangle.eu\/es\/2020\/06\/01\/noticia-es-106216\/","og_locale":"es_ES","og_type":"article","og_title":"Muere el periodista Jordi Garc\u00eda-Soler - El Triangle","og_description":"Especializado en 'La Nova Can\u00e7\u00f3', fund\u00f3 el departamento de Comunicaci\u00f3n del PSC, fue consejero de la Corporaci\u00f3n Catalana de Radio y Televisi\u00f3n e impulsor del movimiento Tercera V\u00eda","og_url":"https:\/\/www.eltriangle.eu\/es\/2020\/06\/01\/noticia-es-106216\/","og_site_name":"El Triangle","article_publisher":"https:\/\/www.facebook.com\/El-Triangle-Diari-101787399020302","article_published_time":"2020-06-01T12:09:42+00:00","og_image":[{"width":2560,"height":1714,"url":"https:\/\/www.eltriangle.eu\/wp-content\/uploads\/2020\/11\/jordi-garcia-soler-scaled.jpeg","type":"image\/jpeg"}],"author":"admin","twitter_card":"summary_large_image","twitter_creator":"@El_Triangle","twitter_site":"@El_Triangle","twitter_misc":{"Escrito por":"admin","Tiempo de lectura":"2 minutos"},"schema":{"@context":"https:\/\/schema.org","@graph":[{"@type":"NewsArticle","@id":"https:\/\/www.eltriangle.eu\/es\/2020\/06\/01\/noticia-es-106216\/#article","isPartOf":{"@id":"https:\/\/www.eltriangle.eu\/es\/2020\/06\/01\/noticia-es-106216\/"},"author":{"name":"admin","@id":"https:\/\/www.eltriangle.eu\/es\/#\/schema\/person\/6248efcfd3b014a435ec2dff3dae9283"},"headline":"Muere el periodista Jordi Garc\u00eda-Soler","datePublished":"2020-06-01T12:09:42+00:00","mainEntityOfPage":{"@id":"https:\/\/www.eltriangle.eu\/es\/2020\/06\/01\/noticia-es-106216\/"},"wordCount":385,"commentCount":0,"publisher":{"@id":"https:\/\/www.eltriangle.eu\/es\/#organization"},"image":{"@id":"https:\/\/www.eltriangle.eu\/es\/2020\/06\/01\/noticia-es-106216\/#primaryimage"},"thumbnailUrl":"https:\/\/www.eltriangle.eu\/wp-content\/uploads\/2020\/11\/jordi-garcia-soler-scaled.jpeg","articleSection":["Actualidad","Media"],"inLanguage":"es","potentialAction":[{"@type":"CommentAction","name":"Comment","target":["https:\/\/www.eltriangle.eu\/es\/2020\/06\/01\/noticia-es-106216\/#respond"]}]},{"@type":"WebPage","@id":"https:\/\/www.eltriangle.eu\/es\/2020\/06\/01\/noticia-es-106216\/","url":"https:\/\/www.eltriangle.eu\/es\/2020\/06\/01\/noticia-es-106216\/","name":"Muere el periodista Jordi Garc\u00eda-Soler - El Triangle","isPartOf":{"@id":"https:\/\/www.eltriangle.eu\/es\/#website"},"primaryImageOfPage":{"@id":"https:\/\/www.eltriangle.eu\/es\/2020\/06\/01\/noticia-es-106216\/#primaryimage"},"image":{"@id":"https:\/\/www.eltriangle.eu\/es\/2020\/06\/01\/noticia-es-106216\/#primaryimage"},"thumbnailUrl":"https:\/\/www.eltriangle.eu\/wp-content\/uploads\/2020\/11\/jordi-garcia-soler-scaled.jpeg","datePublished":"2020-06-01T12:09:42+00:00","description":"Especializado en 'La Nova Can\u00e7\u00f3', fund\u00f3 el departamento de Comunicaci\u00f3n del PSC, fue consejero de la Corporaci\u00f3n Catalana de Radio y Televisi\u00f3n e impulsor del movimiento Tercera V\u00eda","breadcrumb":{"@id":"https:\/\/www.eltriangle.eu\/es\/2020\/06\/01\/noticia-es-106216\/#breadcrumb"},"inLanguage":"es","potentialAction":[{"@type":"ReadAction","target":["https:\/\/www.eltriangle.eu\/es\/2020\/06\/01\/noticia-es-106216\/"]}]},{"@type":"ImageObject","inLanguage":"es","@id":"https:\/\/www.eltriangle.eu\/es\/2020\/06\/01\/noticia-es-106216\/#primaryimage","url":"https:\/\/www.eltriangle.eu\/wp-content\/uploads\/2020\/11\/jordi-garcia-soler-scaled.jpeg","contentUrl":"https:\/\/www.eltriangle.eu\/wp-content\/uploads\/2020\/11\/jordi-garcia-soler-scaled.jpeg","width":2560,"height":1714,"caption":"Jordi Garc\u00eda-Soler"},{"@type":"BreadcrumbList","@id":"https:\/\/www.eltriangle.eu\/es\/2020\/06\/01\/noticia-es-106216\/#breadcrumb","itemListElement":[{"@type":"ListItem","position":1,"name":"Portada","item":"https:\/\/www.eltriangle.eu\/es\/"},{"@type":"ListItem","position":2,"name":"Muere el periodista Jordi Garc\u00eda-Soler"}]},{"@type":"WebSite","@id":"https:\/\/www.eltriangle.eu\/es\/#website","url":"https:\/\/www.eltriangle.eu\/es\/","name":"El Triangle","description":"El Triangle \u00e9s un Diari d&#039;informaci\u00f3 general, editat a Catalunya i escrit en llengua catalana, especialitzat en investigaci\u00f3 period\u00edstica","publisher":{"@id":"https:\/\/www.eltriangle.eu\/es\/#organization"},"potentialAction":[{"@type":"SearchAction","target":{"@type":"EntryPoint","urlTemplate":"https:\/\/www.eltriangle.eu\/es\/?s={search_term_string}"},"query-input":{"@type":"PropertyValueSpecification","valueRequired":true,"valueName":"search_term_string"}}],"inLanguage":"es"},{"@type":["Organization","NewsMediaOrganization"],"@id":"https:\/\/www.eltriangle.eu\/es\/#organization","name":"El Triangle","url":"https:\/\/www.eltriangle.eu\/es\/","logo":{"@type":"ImageObject","inLanguage":"es","@id":"https:\/\/www.eltriangle.eu\/es\/#\/schema\/logo\/image\/","url":"https:\/\/www.eltriangle.eu\/wp-content\/uploads\/2020\/11\/triangle_logo-ajustado.jpg","contentUrl":"https:\/\/www.eltriangle.eu\/wp-content\/uploads\/2020\/11\/triangle_logo-ajustado.jpg","width":521,"height":92,"caption":"El Triangle"},"image":{"@id":"https:\/\/www.eltriangle.eu\/es\/#\/schema\/logo\/image\/"},"sameAs":["https:\/\/www.facebook.com\/El-Triangle-Diari-101787399020302","https:\/\/x.com\/El_Triangle","https:\/\/www.youtube.com\/channel\/UCTIjmYEMYSpdGonuAgNhbcg"]},{"@type":"Person","@id":"https:\/\/www.eltriangle.eu\/es\/#\/schema\/person\/6248efcfd3b014a435ec2dff3dae9283","name":"admin","image":{"@type":"ImageObject","inLanguage":"es","@id":"\/\/www.gravatar.com\/avatar\/4b1ec575fe37bb76ab6662549dfc88a3?s=96&#038;r=g&#038;d=mm","url":"\/\/www.gravatar.com\/avatar\/4b1ec575fe37bb76ab6662549dfc88a3?s=96&#038;r=g&#038;d=mm","contentUrl":"\/\/www.gravatar.com\/avatar\/4b1ec575fe37bb76ab6662549dfc88a3?s=96&#038;r=g&#038;d=mm","caption":"admin"},"sameAs":["http:\/\/migracionca.eltriangle.eu"],"url":"https:\/\/www.eltriangle.eu\/es\/author\/admin\/"},{"@type":"SiteNavigationElement","@id":"https:\/\/www.eltriangle.eu\/es\/#site-navigation","cssSelector":[".cib-main-menu"]},{"@type":"WPHeader","@id":"https:\/\/www.eltriangle.eu\/es\/#header","cssSelector":[".cib-header"]},{"@type":"WPFooter","@id":"https:\/\/www.eltriangle.eu\/es\/#footer","cssSelector":[".cib-footer"]}]}},"amp_enabled":true,"_links":{"self":[{"href":"https:\/\/www.eltriangle.eu\/es\/wp-json\/wp\/v2\/posts\/71239","targetHints":{"allow":["GET"]}}],"collection":[{"href":"https:\/\/www.eltriangle.eu\/es\/wp-json\/wp\/v2\/posts"}],"about":[{"href":"https:\/\/www.eltriangle.eu\/es\/wp-json\/wp\/v2\/types\/post"}],"author":[{"embeddable":true,"href":"https:\/\/www.eltriangle.eu\/es\/wp-json\/wp\/v2\/users\/1"}],"replies":[{"embeddable":true,"href":"https:\/\/www.eltriangle.eu\/es\/wp-json\/wp\/v2\/comments?post=71239"}],"version-history":[{"count":0,"href":"https:\/\/www.eltriangle.eu\/es\/wp-json\/wp\/v2\/posts\/71239\/revisions"}],"wp:featuredmedia":[{"embeddable":true,"href":"https:\/\/www.eltriangle.eu\/es\/wp-json\/wp\/v2\/media\/36860"}],"wp:attachment":[{"href":"https:\/\/www.eltriangle.eu\/es\/wp-json\/wp\/v2\/media?parent=71239"}],"wp:term":[{"taxonomy":"category","embeddable":true,"href":"https:\/\/www.eltriangle.eu\/es\/wp-json\/wp\/v2\/categories?post=71239"},{"taxonomy":"post_tag","embeddable":true,"href":"https:\/\/www.eltriangle.eu\/es\/wp-json\/wp\/v2\/tags?post=71239"}],"curies":[{"name":"wp","href":"https:\/\/api.w.org\/{rel}","templated":true}]}}