{"id":67421,"date":"2019-11-25T17:00:00","date_gmt":"2019-11-25T17:00:00","guid":{"rendered":null},"modified":"2019-11-25T17:00:00","modified_gmt":"2019-11-25T17:00:00","slug":"noticia-es-104292","status":"publish","type":"post","link":"https:\/\/www.eltriangle.eu\/es\/2019\/11\/25\/noticia-es-104292\/","title":{"rendered":"Eduardo Reyes vuelve al Parlamento catal\u00e1n"},"content":{"rendered":"<p><strong>Eduardo Reyes<\/strong>, exdiputado de Junts pel S&iacute;, la alianza electoral de Converg&egrave;ncia con ERC, ser&aacute; el sustituto del exconsejero <strong>Ra&uuml;l Romeva<\/strong> como diputado de ERC en el Parlamento de Catalu&ntilde;a.<\/p>\n<p>Reyes, fundador y primer presidente de la entidad de castellanohablantes independentistas <strong>S&uacute;mate<\/strong>, ocupar&aacute; el esca&ntilde;o a ra&iacute;z de la inhabilitaci&oacute;n para cargo p&uacute;blico dictada por el <strong>Tribunal Supremo <\/strong>contra Romeva.<\/p>\n<p>El exconsejero fue sentenciado a 12 a&ntilde;os de c&aacute;rcel y 12 a&ntilde;os de inhabilitaci&oacute;n como culpable de delitos de sedici&oacute;n y malversaci&oacute;n.<\/p>\n<p>Reyes, seg&uacute;n fuentes de ERC citadas por la ACN, ya podr&iacute;a participar como diputado en el pleno parlamentario de este martes.<\/p>\n","protected":false},"excerpt":{"rendered":"<p>El expresidente de S\u00famate sustituye el exconsejero Romeva como diputado d&#8217;ERC<\/p>\n","protected":false},"author":1,"featured_media":34038,"comment_status":"open","ping_status":"open","sticky":false,"template":"","format":"standard","meta":{"_acf_changed":false,"pmpro_default_level":"","footnotes":""},"categories":[24,74],"tags":[],"class_list":["post-67421","post","type-post","status-publish","format-standard","has-post-thumbnail","hentry","category-actualidad","category-poderes","pmpro-has-access"],"acf":[],"yoast_head":"<!-- This site is optimized with the Yoast SEO plugin v27.4 - https:\/\/yoast.com\/product\/yoast-seo-wordpress\/ -->\n<title>Eduardo Reyes vuelve al Parlamento catal\u00e1n - El Triangle<\/title>\n<meta name=\"description\" content=\"El expresidente de S\u00famate sustituye el exconsejero Romeva como diputado d&#039;ERC\" class=\"yoast-seo-meta-tag\" \/>\n<meta name=\"robots\" content=\"index, follow, max-snippet:-1, max-image-preview:large, max-video-preview:-1\" \/>\n<link rel=\"canonical\" href=\"https:\/\/www.eltriangle.eu\/es\/2019\/11\/25\/noticia-es-104292\/\" class=\"yoast-seo-meta-tag\" \/>\n<meta property=\"og:locale\" content=\"es_ES\" class=\"yoast-seo-meta-tag\" \/>\n<meta property=\"og:type\" content=\"article\" class=\"yoast-seo-meta-tag\" \/>\n<meta property=\"og:title\" content=\"Eduardo Reyes vuelve al Parlamento catal\u00e1n - El Triangle\" class=\"yoast-seo-meta-tag\" \/>\n<meta property=\"og:description\" content=\"El expresidente de S\u00famate sustituye el exconsejero Romeva como diputado d&#039;ERC\" class=\"yoast-seo-meta-tag\" \/>\n<meta property=\"og:url\" content=\"https:\/\/www.eltriangle.eu\/es\/2019\/11\/25\/noticia-es-104292\/\" class=\"yoast-seo-meta-tag\" \/>\n<meta property=\"og:site_name\" content=\"El Triangle\" class=\"yoast-seo-meta-tag\" \/>\n<meta property=\"article:publisher\" content=\"https:\/\/www.facebook.com\/El-Triangle-Diari-101787399020302\" class=\"yoast-seo-meta-tag\" \/>\n<meta property=\"article:published_time\" content=\"2019-11-25T17:00:00+00:00\" class=\"yoast-seo-meta-tag\" \/>\n<meta property=\"og:image\" content=\"https:\/\/www.eltriangle.eu\/wp-content\/uploads\/2020\/11\/captura-de-pantalla-2019-11-25-a-la-s-16-55-26.png\" class=\"yoast-seo-meta-tag\" \/>\n\t<meta property=\"og:image:width\" content=\"1155\" class=\"yoast-seo-meta-tag\" \/>\n\t<meta property=\"og:image:height\" content=\"613\" class=\"yoast-seo-meta-tag\" \/>\n\t<meta property=\"og:image:type\" content=\"image\/png\" class=\"yoast-seo-meta-tag\" \/>\n<meta name=\"author\" content=\"admin\" class=\"yoast-seo-meta-tag\" \/>\n<meta name=\"twitter:card\" content=\"summary_large_image\" class=\"yoast-seo-meta-tag\" \/>\n<meta name=\"twitter:creator\" content=\"@El_Triangle\" class=\"yoast-seo-meta-tag\" \/>\n<meta name=\"twitter:site\" content=\"@El_Triangle\" class=\"yoast-seo-meta-tag\" \/>\n<meta name=\"twitter:label1\" content=\"Escrito por\" class=\"yoast-seo-meta-tag\" \/>\n\t<meta name=\"twitter:data1\" content=\"admin\" class=\"yoast-seo-meta-tag\" \/>\n\t<meta name=\"twitter:label2\" content=\"Tiempo de lectura\" class=\"yoast-seo-meta-tag\" \/>\n\t<meta name=\"twitter:data2\" content=\"1 minuto\" class=\"yoast-seo-meta-tag\" \/>\n<script type=\"application\/ld+json\" class=\"yoast-schema-graph\">{\"@context\":\"https:\\\/\\\/schema.org\",\"@graph\":[{\"@type\":\"NewsArticle\",\"@id\":\"https:\\\/\\\/www.eltriangle.eu\\\/es\\\/2019\\\/11\\\/25\\\/noticia-es-104292\\\/#article\",\"isPartOf\":{\"@id\":\"https:\\\/\\\/www.eltriangle.eu\\\/es\\\/2019\\\/11\\\/25\\\/noticia-es-104292\\\/\"},\"author\":{\"name\":\"admin\",\"@id\":\"https:\\\/\\\/www.eltriangle.eu\\\/es\\\/#\\\/schema\\\/person\\\/6248efcfd3b014a435ec2dff3dae9283\"},\"headline\":\"Eduardo Reyes vuelve al Parlamento catal\u00e1n\",\"datePublished\":\"2019-11-25T17:00:00+00:00\",\"mainEntityOfPage\":{\"@id\":\"https:\\\/\\\/www.eltriangle.eu\\\/es\\\/2019\\\/11\\\/25\\\/noticia-es-104292\\\/\"},\"wordCount\":143,\"commentCount\":0,\"publisher\":{\"@id\":\"https:\\\/\\\/www.eltriangle.eu\\\/es\\\/#organization\"},\"image\":{\"@id\":\"https:\\\/\\\/www.eltriangle.eu\\\/es\\\/2019\\\/11\\\/25\\\/noticia-es-104292\\\/#primaryimage\"},\"thumbnailUrl\":\"https:\\\/\\\/www.eltriangle.eu\\\/wp-content\\\/uploads\\\/2020\\\/11\\\/captura-de-pantalla-2019-11-25-a-la-s-16-55-26.png\",\"articleSection\":[\"Actualidad\",\"Poderes\"],\"inLanguage\":\"es\",\"potentialAction\":[{\"@type\":\"CommentAction\",\"name\":\"Comment\",\"target\":[\"https:\\\/\\\/www.eltriangle.eu\\\/es\\\/2019\\\/11\\\/25\\\/noticia-es-104292\\\/#respond\"]}]},{\"@type\":\"WebPage\",\"@id\":\"https:\\\/\\\/www.eltriangle.eu\\\/es\\\/2019\\\/11\\\/25\\\/noticia-es-104292\\\/\",\"url\":\"https:\\\/\\\/www.eltriangle.eu\\\/es\\\/2019\\\/11\\\/25\\\/noticia-es-104292\\\/\",\"name\":\"Eduardo Reyes vuelve al Parlamento catal\u00e1n - El Triangle\",\"isPartOf\":{\"@id\":\"https:\\\/\\\/www.eltriangle.eu\\\/es\\\/#website\"},\"primaryImageOfPage\":{\"@id\":\"https:\\\/\\\/www.eltriangle.eu\\\/es\\\/2019\\\/11\\\/25\\\/noticia-es-104292\\\/#primaryimage\"},\"image\":{\"@id\":\"https:\\\/\\\/www.eltriangle.eu\\\/es\\\/2019\\\/11\\\/25\\\/noticia-es-104292\\\/#primaryimage\"},\"thumbnailUrl\":\"https:\\\/\\\/www.eltriangle.eu\\\/wp-content\\\/uploads\\\/2020\\\/11\\\/captura-de-pantalla-2019-11-25-a-la-s-16-55-26.png\",\"datePublished\":\"2019-11-25T17:00:00+00:00\",\"description\":\"El expresidente de S\u00famate sustituye el exconsejero Romeva como diputado d'ERC\",\"breadcrumb\":{\"@id\":\"https:\\\/\\\/www.eltriangle.eu\\\/es\\\/2019\\\/11\\\/25\\\/noticia-es-104292\\\/#breadcrumb\"},\"inLanguage\":\"es\",\"potentialAction\":[{\"@type\":\"ReadAction\",\"target\":[\"https:\\\/\\\/www.eltriangle.eu\\\/es\\\/2019\\\/11\\\/25\\\/noticia-es-104292\\\/\"]}]},{\"@type\":\"ImageObject\",\"inLanguage\":\"es\",\"@id\":\"https:\\\/\\\/www.eltriangle.eu\\\/es\\\/2019\\\/11\\\/25\\\/noticia-es-104292\\\/#primaryimage\",\"url\":\"https:\\\/\\\/www.eltriangle.eu\\\/wp-content\\\/uploads\\\/2020\\\/11\\\/captura-de-pantalla-2019-11-25-a-la-s-16-55-26.png\",\"contentUrl\":\"https:\\\/\\\/www.eltriangle.eu\\\/wp-content\\\/uploads\\\/2020\\\/11\\\/captura-de-pantalla-2019-11-25-a-la-s-16-55-26.png\",\"width\":1155,\"height\":613,\"caption\":\"Eduardo Reyes\"},{\"@type\":\"BreadcrumbList\",\"@id\":\"https:\\\/\\\/www.eltriangle.eu\\\/es\\\/2019\\\/11\\\/25\\\/noticia-es-104292\\\/#breadcrumb\",\"itemListElement\":[{\"@type\":\"ListItem\",\"position\":1,\"name\":\"Portada\",\"item\":\"https:\\\/\\\/www.eltriangle.eu\\\/es\\\/\"},{\"@type\":\"ListItem\",\"position\":2,\"name\":\"Eduardo Reyes vuelve al Parlamento catal\u00e1n\"}]},{\"@type\":\"WebSite\",\"@id\":\"https:\\\/\\\/www.eltriangle.eu\\\/es\\\/#website\",\"url\":\"https:\\\/\\\/www.eltriangle.eu\\\/es\\\/\",\"name\":\"El Triangle\",\"description\":\"El Triangle \u00e9s un Diari d&#039;informaci\u00f3 general, editat a Catalunya i escrit en llengua catalana, especialitzat en investigaci\u00f3 period\u00edstica\",\"publisher\":{\"@id\":\"https:\\\/\\\/www.eltriangle.eu\\\/es\\\/#organization\"},\"potentialAction\":[{\"@type\":\"SearchAction\",\"target\":{\"@type\":\"EntryPoint\",\"urlTemplate\":\"https:\\\/\\\/www.eltriangle.eu\\\/es\\\/?s={search_term_string}\"},\"query-input\":{\"@type\":\"PropertyValueSpecification\",\"valueRequired\":true,\"valueName\":\"search_term_string\"}}],\"inLanguage\":\"es\"},{\"@type\":[\"Organization\",\"NewsMediaOrganization\"],\"@id\":\"https:\\\/\\\/www.eltriangle.eu\\\/es\\\/#organization\",\"name\":\"El Triangle\",\"url\":\"https:\\\/\\\/www.eltriangle.eu\\\/es\\\/\",\"logo\":{\"@type\":\"ImageObject\",\"inLanguage\":\"es\",\"@id\":\"https:\\\/\\\/www.eltriangle.eu\\\/es\\\/#\\\/schema\\\/logo\\\/image\\\/\",\"url\":\"https:\\\/\\\/www.eltriangle.eu\\\/wp-content\\\/uploads\\\/2020\\\/11\\\/triangle_logo-ajustado.jpg\",\"contentUrl\":\"https:\\\/\\\/www.eltriangle.eu\\\/wp-content\\\/uploads\\\/2020\\\/11\\\/triangle_logo-ajustado.jpg\",\"width\":521,\"height\":92,\"caption\":\"El Triangle\"},\"image\":{\"@id\":\"https:\\\/\\\/www.eltriangle.eu\\\/es\\\/#\\\/schema\\\/logo\\\/image\\\/\"},\"sameAs\":[\"https:\\\/\\\/www.facebook.com\\\/El-Triangle-Diari-101787399020302\",\"https:\\\/\\\/x.com\\\/El_Triangle\",\"https:\\\/\\\/www.youtube.com\\\/channel\\\/UCTIjmYEMYSpdGonuAgNhbcg\"]},{\"@type\":\"Person\",\"@id\":\"https:\\\/\\\/www.eltriangle.eu\\\/es\\\/#\\\/schema\\\/person\\\/6248efcfd3b014a435ec2dff3dae9283\",\"name\":\"admin\",\"image\":{\"@type\":\"ImageObject\",\"inLanguage\":\"es\",\"@id\":\"\\\/\\\/www.gravatar.com\\\/avatar\\\/4b1ec575fe37bb76ab6662549dfc88a3?s=96&#038;r=g&#038;d=mm\",\"url\":\"\\\/\\\/www.gravatar.com\\\/avatar\\\/4b1ec575fe37bb76ab6662549dfc88a3?s=96&#038;r=g&#038;d=mm\",\"contentUrl\":\"\\\/\\\/www.gravatar.com\\\/avatar\\\/4b1ec575fe37bb76ab6662549dfc88a3?s=96&#038;r=g&#038;d=mm\",\"caption\":\"admin\"},\"sameAs\":[\"http:\\\/\\\/migracionca.eltriangle.eu\"],\"url\":\"https:\\\/\\\/www.eltriangle.eu\\\/es\\\/author\\\/admin\\\/\"},{\"@type\":\"SiteNavigationElement\",\"@id\":\"https:\\\/\\\/www.eltriangle.eu\\\/es\\\/#site-navigation\",\"cssSelector\":[\".cib-main-menu\"]},{\"@type\":\"WPHeader\",\"@id\":\"https:\\\/\\\/www.eltriangle.eu\\\/es\\\/#header\",\"cssSelector\":[\".cib-header\"]},{\"@type\":\"WPFooter\",\"@id\":\"https:\\\/\\\/www.eltriangle.eu\\\/es\\\/#footer\",\"cssSelector\":[\".cib-footer\"]}]}<\/script>\n<!-- \/ Yoast SEO plugin. -->","yoast_head_json":{"title":"Eduardo Reyes vuelve al Parlamento catal\u00e1n - El Triangle","description":"El expresidente de S\u00famate sustituye el exconsejero Romeva como diputado d'ERC","robots":{"index":"index","follow":"follow","max-snippet":"max-snippet:-1","max-image-preview":"max-image-preview:large","max-video-preview":"max-video-preview:-1"},"canonical":"https:\/\/www.eltriangle.eu\/es\/2019\/11\/25\/noticia-es-104292\/","og_locale":"es_ES","og_type":"article","og_title":"Eduardo Reyes vuelve al Parlamento catal\u00e1n - El Triangle","og_description":"El expresidente de S\u00famate sustituye el exconsejero Romeva como diputado d'ERC","og_url":"https:\/\/www.eltriangle.eu\/es\/2019\/11\/25\/noticia-es-104292\/","og_site_name":"El Triangle","article_publisher":"https:\/\/www.facebook.com\/El-Triangle-Diari-101787399020302","article_published_time":"2019-11-25T17:00:00+00:00","og_image":[{"width":1155,"height":613,"url":"https:\/\/www.eltriangle.eu\/wp-content\/uploads\/2020\/11\/captura-de-pantalla-2019-11-25-a-la-s-16-55-26.png","type":"image\/png"}],"author":"admin","twitter_card":"summary_large_image","twitter_creator":"@El_Triangle","twitter_site":"@El_Triangle","twitter_misc":{"Escrito por":"admin","Tiempo de lectura":"1 minuto"},"schema":{"@context":"https:\/\/schema.org","@graph":[{"@type":"NewsArticle","@id":"https:\/\/www.eltriangle.eu\/es\/2019\/11\/25\/noticia-es-104292\/#article","isPartOf":{"@id":"https:\/\/www.eltriangle.eu\/es\/2019\/11\/25\/noticia-es-104292\/"},"author":{"name":"admin","@id":"https:\/\/www.eltriangle.eu\/es\/#\/schema\/person\/6248efcfd3b014a435ec2dff3dae9283"},"headline":"Eduardo Reyes vuelve al Parlamento catal\u00e1n","datePublished":"2019-11-25T17:00:00+00:00","mainEntityOfPage":{"@id":"https:\/\/www.eltriangle.eu\/es\/2019\/11\/25\/noticia-es-104292\/"},"wordCount":143,"commentCount":0,"publisher":{"@id":"https:\/\/www.eltriangle.eu\/es\/#organization"},"image":{"@id":"https:\/\/www.eltriangle.eu\/es\/2019\/11\/25\/noticia-es-104292\/#primaryimage"},"thumbnailUrl":"https:\/\/www.eltriangle.eu\/wp-content\/uploads\/2020\/11\/captura-de-pantalla-2019-11-25-a-la-s-16-55-26.png","articleSection":["Actualidad","Poderes"],"inLanguage":"es","potentialAction":[{"@type":"CommentAction","name":"Comment","target":["https:\/\/www.eltriangle.eu\/es\/2019\/11\/25\/noticia-es-104292\/#respond"]}]},{"@type":"WebPage","@id":"https:\/\/www.eltriangle.eu\/es\/2019\/11\/25\/noticia-es-104292\/","url":"https:\/\/www.eltriangle.eu\/es\/2019\/11\/25\/noticia-es-104292\/","name":"Eduardo Reyes vuelve al Parlamento catal\u00e1n - El Triangle","isPartOf":{"@id":"https:\/\/www.eltriangle.eu\/es\/#website"},"primaryImageOfPage":{"@id":"https:\/\/www.eltriangle.eu\/es\/2019\/11\/25\/noticia-es-104292\/#primaryimage"},"image":{"@id":"https:\/\/www.eltriangle.eu\/es\/2019\/11\/25\/noticia-es-104292\/#primaryimage"},"thumbnailUrl":"https:\/\/www.eltriangle.eu\/wp-content\/uploads\/2020\/11\/captura-de-pantalla-2019-11-25-a-la-s-16-55-26.png","datePublished":"2019-11-25T17:00:00+00:00","description":"El expresidente de S\u00famate sustituye el exconsejero Romeva como diputado d'ERC","breadcrumb":{"@id":"https:\/\/www.eltriangle.eu\/es\/2019\/11\/25\/noticia-es-104292\/#breadcrumb"},"inLanguage":"es","potentialAction":[{"@type":"ReadAction","target":["https:\/\/www.eltriangle.eu\/es\/2019\/11\/25\/noticia-es-104292\/"]}]},{"@type":"ImageObject","inLanguage":"es","@id":"https:\/\/www.eltriangle.eu\/es\/2019\/11\/25\/noticia-es-104292\/#primaryimage","url":"https:\/\/www.eltriangle.eu\/wp-content\/uploads\/2020\/11\/captura-de-pantalla-2019-11-25-a-la-s-16-55-26.png","contentUrl":"https:\/\/www.eltriangle.eu\/wp-content\/uploads\/2020\/11\/captura-de-pantalla-2019-11-25-a-la-s-16-55-26.png","width":1155,"height":613,"caption":"Eduardo Reyes"},{"@type":"BreadcrumbList","@id":"https:\/\/www.eltriangle.eu\/es\/2019\/11\/25\/noticia-es-104292\/#breadcrumb","itemListElement":[{"@type":"ListItem","position":1,"name":"Portada","item":"https:\/\/www.eltriangle.eu\/es\/"},{"@type":"ListItem","position":2,"name":"Eduardo Reyes vuelve al Parlamento catal\u00e1n"}]},{"@type":"WebSite","@id":"https:\/\/www.eltriangle.eu\/es\/#website","url":"https:\/\/www.eltriangle.eu\/es\/","name":"El Triangle","description":"El Triangle \u00e9s un Diari d&#039;informaci\u00f3 general, editat a Catalunya i escrit en llengua catalana, especialitzat en investigaci\u00f3 period\u00edstica","publisher":{"@id":"https:\/\/www.eltriangle.eu\/es\/#organization"},"potentialAction":[{"@type":"SearchAction","target":{"@type":"EntryPoint","urlTemplate":"https:\/\/www.eltriangle.eu\/es\/?s={search_term_string}"},"query-input":{"@type":"PropertyValueSpecification","valueRequired":true,"valueName":"search_term_string"}}],"inLanguage":"es"},{"@type":["Organization","NewsMediaOrganization"],"@id":"https:\/\/www.eltriangle.eu\/es\/#organization","name":"El Triangle","url":"https:\/\/www.eltriangle.eu\/es\/","logo":{"@type":"ImageObject","inLanguage":"es","@id":"https:\/\/www.eltriangle.eu\/es\/#\/schema\/logo\/image\/","url":"https:\/\/www.eltriangle.eu\/wp-content\/uploads\/2020\/11\/triangle_logo-ajustado.jpg","contentUrl":"https:\/\/www.eltriangle.eu\/wp-content\/uploads\/2020\/11\/triangle_logo-ajustado.jpg","width":521,"height":92,"caption":"El Triangle"},"image":{"@id":"https:\/\/www.eltriangle.eu\/es\/#\/schema\/logo\/image\/"},"sameAs":["https:\/\/www.facebook.com\/El-Triangle-Diari-101787399020302","https:\/\/x.com\/El_Triangle","https:\/\/www.youtube.com\/channel\/UCTIjmYEMYSpdGonuAgNhbcg"]},{"@type":"Person","@id":"https:\/\/www.eltriangle.eu\/es\/#\/schema\/person\/6248efcfd3b014a435ec2dff3dae9283","name":"admin","image":{"@type":"ImageObject","inLanguage":"es","@id":"\/\/www.gravatar.com\/avatar\/4b1ec575fe37bb76ab6662549dfc88a3?s=96&#038;r=g&#038;d=mm","url":"\/\/www.gravatar.com\/avatar\/4b1ec575fe37bb76ab6662549dfc88a3?s=96&#038;r=g&#038;d=mm","contentUrl":"\/\/www.gravatar.com\/avatar\/4b1ec575fe37bb76ab6662549dfc88a3?s=96&#038;r=g&#038;d=mm","caption":"admin"},"sameAs":["http:\/\/migracionca.eltriangle.eu"],"url":"https:\/\/www.eltriangle.eu\/es\/author\/admin\/"},{"@type":"SiteNavigationElement","@id":"https:\/\/www.eltriangle.eu\/es\/#site-navigation","cssSelector":[".cib-main-menu"]},{"@type":"WPHeader","@id":"https:\/\/www.eltriangle.eu\/es\/#header","cssSelector":[".cib-header"]},{"@type":"WPFooter","@id":"https:\/\/www.eltriangle.eu\/es\/#footer","cssSelector":[".cib-footer"]}]}},"amp_enabled":true,"_links":{"self":[{"href":"https:\/\/www.eltriangle.eu\/es\/wp-json\/wp\/v2\/posts\/67421","targetHints":{"allow":["GET"]}}],"collection":[{"href":"https:\/\/www.eltriangle.eu\/es\/wp-json\/wp\/v2\/posts"}],"about":[{"href":"https:\/\/www.eltriangle.eu\/es\/wp-json\/wp\/v2\/types\/post"}],"author":[{"embeddable":true,"href":"https:\/\/www.eltriangle.eu\/es\/wp-json\/wp\/v2\/users\/1"}],"replies":[{"embeddable":true,"href":"https:\/\/www.eltriangle.eu\/es\/wp-json\/wp\/v2\/comments?post=67421"}],"version-history":[{"count":0,"href":"https:\/\/www.eltriangle.eu\/es\/wp-json\/wp\/v2\/posts\/67421\/revisions"}],"wp:featuredmedia":[{"embeddable":true,"href":"https:\/\/www.eltriangle.eu\/es\/wp-json\/wp\/v2\/media\/34038"}],"wp:attachment":[{"href":"https:\/\/www.eltriangle.eu\/es\/wp-json\/wp\/v2\/media?parent=67421"}],"wp:term":[{"taxonomy":"category","embeddable":true,"href":"https:\/\/www.eltriangle.eu\/es\/wp-json\/wp\/v2\/categories?post=67421"},{"taxonomy":"post_tag","embeddable":true,"href":"https:\/\/www.eltriangle.eu\/es\/wp-json\/wp\/v2\/tags?post=67421"}],"curies":[{"name":"wp","href":"https:\/\/api.w.org\/{rel}","templated":true}]}}