{"id":67405,"date":"2019-11-25T00:05:30","date_gmt":"2019-11-25T00:05:30","guid":{"rendered":null},"modified":"2019-11-25T00:05:30","modified_gmt":"2019-11-25T00:05:30","slug":"noticia-es-104284","status":"publish","type":"post","link":"https:\/\/www.eltriangle.eu\/es\/2019\/11\/25\/noticia-es-104284\/","title":{"rendered":"Lluch"},"content":{"rendered":"<p><strong>El pasado jueves se cumplieron&nbsp;19 a&ntilde;os del d&iacute;a en que Ernest Lluch fue asesinado por ETA.<\/strong> Un a&ntilde;o y medio antes de su asesinato&nbsp;hab&iacute;a intervenido en San Sebasti&aacute;n en un acto de campa&ntilde;a de las elecciones municipales para apoyar a su amigo Od&oacute;n Elorza. Una veintena de personas boicotearon el acto con gritos a favor de los presos de ETA. Cuando Lluch cogi&oacute; el micr&oacute;fono dijo &quot;Qu&eacute; alegr&iacute;a que los que ahora gritan antes mataban. <strong>Gritad m&aacute;s que grit&aacute;is poco. Mientras grit&aacute;is no matar&eacute;is<\/strong>. Y es una buena se&ntilde;al porque estas son las primeras elecciones en las que no ser&aacute; asesinado nadie y este es un gran mensaje para&nbsp;este pa&iacute;s, que nos hemos ganado a puslo&quot;..<\/p>\n<p>Durante aquella campa&ntilde;a electoral nadie fue asesinado pero ETA continu&oacute; actuando. &quot;<strong>Tengo las rodillas peladas de agacharme a mirar debajo de mi coche<\/strong>&quot;, dijo Lluch pocos meses antes de su asesinato. Fue en el garaje de su domicilio, cerca de aquel coche. ETA decidi&oacute; asesinarlo. Probablemente su intervenci&oacute;n en aquel acto p&uacute;blico convenci&oacute; a la banda terrorista que<strong> aquel hombre dialogante, enamorado del Pa&iacute;s Vasco, molestaba<\/strong>.<\/p>\n<p>Los art&iacute;culos y libros biogr&aacute;ficos de Ernest Lluch&nbsp;destacan su paso por el ministerio de Sanidad en el primer gobierno de Felipe Gonz&aacute;lez, A &eacute;l le habr&iacute;a gustado ser ministro de Econom&iacute;a pero el cargo estaba predestinado para&nbsp;Miguel Boyer. Su huella en el Gobierno socialista, sin embargo, fue enorme. La universalidad y gratuidad de la salud p&uacute;blica en Espa&ntilde;a se debe a&nbsp;una ley suya.<\/p>\n<p>Los nacionalistas catalanes &ndash;precursores de los independentistas actuales- lo crucificaron porque defendi&oacute; una ley, la Ley Org&aacute;nica de Armonizacl&oacute;n de los Procesos Auton&oacute;micos (LOAPA). Los nacionalistas de Catalunya, y tambi&eacute;n los del Pa&iacute;s Vasco, recurrieron esta Ley ante el Tribunal Constitucional, pero sali&oacute; adelante con los votos de los socialistas y de la UCD. Dentro del propio PSC, la LOAPA supuso graves tensiones entre partidarios y contrarios a su aprobaci&oacute;n.<\/p>\n<p><strong>Si entonces hubiese&nbsp;existido Twitter, Ernest Lluch habr&iacute;a recibido m&aacute;s insultos que Joan Tard&agrave; estos &uacute;ltimos d&iacute;as<\/strong>. Ahora, las redes sociales lo han tratado bien. Hemos encontrado mensajes cari&ntilde;osos&nbsp;de recuerdo procedentes de muchas bandas. Gabriel Rufi&aacute;n ha escrito &quot;Qu&eacute; falta nos haces, Ernest&quot;.<\/p>\n<p><strong>Nos hace falta Ernest y nos sobran los que han ignorado el aniversario de su asesinato. &iexcl;Poned vosotros mismos los nombres de quienes han callado!<\/strong><\/p>\n","protected":false},"excerpt":{"rendered":"<p>El pasado jueves se cumplieron&nbsp;19 a&ntilde;os del d&iacute;a en que Ernest Lluch fue asesinado por ETA. Un a&ntilde;o y medio antes de su asesinato&nbsp;hab&iacute;a intervenido en San Sebasti&aacute;n en un acto de campa&ntilde;a de las elecciones municipales para apoyar a su amigo Od&oacute;n Elorza. Una veintena de personas boicotearon el acto con gritos a favor &#8230; <a title=\"Lluch\" class=\"read-more\" href=\"https:\/\/www.eltriangle.eu\/es\/2019\/11\/25\/noticia-es-104284\/\" aria-label=\"Leer m\u00e1s sobre Lluch\">Leer m\u00e1s<\/a><\/p>\n","protected":false},"author":22,"featured_media":0,"comment_status":"open","ping_status":"open","sticky":false,"template":"","format":"standard","meta":{"_acf_changed":false,"pmpro_default_level":"","footnotes":""},"categories":[10],"tags":[],"class_list":["post-67405","post","type-post","status-publish","format-standard","hentry","category-opinion","pmpro-has-access"],"acf":[],"yoast_head":"<!-- This site is optimized with the Yoast SEO plugin v27.4 - https:\/\/yoast.com\/product\/yoast-seo-wordpress\/ -->\n<title>Lluch - El Triangle<\/title>\n<meta name=\"description\" content=\"El pasado jueves se cumplieron&nbsp;19 a&ntilde;os del d&iacute;a en que Ernest Lluch fue asesinado por ETA. Un a&ntilde;o y medio antes de su\" class=\"yoast-seo-meta-tag\" \/>\n<meta name=\"robots\" content=\"index, follow, max-snippet:-1, max-image-preview:large, max-video-preview:-1\" \/>\n<link rel=\"canonical\" href=\"https:\/\/www.eltriangle.eu\/es\/2019\/11\/25\/noticia-es-104284\/\" class=\"yoast-seo-meta-tag\" \/>\n<meta property=\"og:locale\" content=\"es_ES\" class=\"yoast-seo-meta-tag\" \/>\n<meta property=\"og:type\" content=\"article\" class=\"yoast-seo-meta-tag\" \/>\n<meta property=\"og:title\" content=\"Lluch - El Triangle\" class=\"yoast-seo-meta-tag\" \/>\n<meta property=\"og:description\" content=\"El pasado jueves se cumplieron&nbsp;19 a&ntilde;os del d&iacute;a en que Ernest Lluch fue asesinado por ETA. Un a&ntilde;o y medio antes de su\" class=\"yoast-seo-meta-tag\" \/>\n<meta property=\"og:url\" content=\"https:\/\/www.eltriangle.eu\/es\/2019\/11\/25\/noticia-es-104284\/\" class=\"yoast-seo-meta-tag\" \/>\n<meta property=\"og:site_name\" content=\"El Triangle\" class=\"yoast-seo-meta-tag\" \/>\n<meta property=\"article:publisher\" content=\"https:\/\/www.facebook.com\/El-Triangle-Diari-101787399020302\" class=\"yoast-seo-meta-tag\" \/>\n<meta property=\"article:published_time\" content=\"2019-11-25T00:05:30+00:00\" class=\"yoast-seo-meta-tag\" \/>\n<meta name=\"author\" content=\"Siscu Baiges\" class=\"yoast-seo-meta-tag\" \/>\n<meta name=\"twitter:card\" content=\"summary_large_image\" class=\"yoast-seo-meta-tag\" \/>\n<meta name=\"twitter:creator\" content=\"@El_Triangle\" class=\"yoast-seo-meta-tag\" \/>\n<meta name=\"twitter:site\" content=\"@El_Triangle\" class=\"yoast-seo-meta-tag\" \/>\n<meta name=\"twitter:label1\" content=\"Escrito por\" class=\"yoast-seo-meta-tag\" \/>\n\t<meta name=\"twitter:data1\" content=\"Siscu Baiges\" class=\"yoast-seo-meta-tag\" \/>\n\t<meta name=\"twitter:label2\" content=\"Tiempo de lectura\" class=\"yoast-seo-meta-tag\" \/>\n\t<meta name=\"twitter:data2\" content=\"2 minutos\" class=\"yoast-seo-meta-tag\" \/>\n<script type=\"application\/ld+json\" class=\"yoast-schema-graph\">{\"@context\":\"https:\\\/\\\/schema.org\",\"@graph\":[{\"@type\":\"NewsArticle\",\"@id\":\"https:\\\/\\\/www.eltriangle.eu\\\/es\\\/2019\\\/11\\\/25\\\/noticia-es-104284\\\/#article\",\"isPartOf\":{\"@id\":\"https:\\\/\\\/www.eltriangle.eu\\\/es\\\/2019\\\/11\\\/25\\\/noticia-es-104284\\\/\"},\"author\":{\"name\":\"Siscu Baiges\",\"@id\":\"https:\\\/\\\/www.eltriangle.eu\\\/es\\\/#\\\/schema\\\/person\\\/0a3b9054387ca3a8836b3c340a9a3ab1\"},\"headline\":\"Lluch\",\"datePublished\":\"2019-11-25T00:05:30+00:00\",\"mainEntityOfPage\":{\"@id\":\"https:\\\/\\\/www.eltriangle.eu\\\/es\\\/2019\\\/11\\\/25\\\/noticia-es-104284\\\/\"},\"wordCount\":492,\"commentCount\":0,\"publisher\":{\"@id\":\"https:\\\/\\\/www.eltriangle.eu\\\/es\\\/#organization\"},\"articleSection\":[\"Opini\u00f3n\"],\"inLanguage\":\"es\",\"potentialAction\":[{\"@type\":\"CommentAction\",\"name\":\"Comment\",\"target\":[\"https:\\\/\\\/www.eltriangle.eu\\\/es\\\/2019\\\/11\\\/25\\\/noticia-es-104284\\\/#respond\"]}]},{\"@type\":\"WebPage\",\"@id\":\"https:\\\/\\\/www.eltriangle.eu\\\/es\\\/2019\\\/11\\\/25\\\/noticia-es-104284\\\/\",\"url\":\"https:\\\/\\\/www.eltriangle.eu\\\/es\\\/2019\\\/11\\\/25\\\/noticia-es-104284\\\/\",\"name\":\"Lluch - El Triangle\",\"isPartOf\":{\"@id\":\"https:\\\/\\\/www.eltriangle.eu\\\/es\\\/#website\"},\"datePublished\":\"2019-11-25T00:05:30+00:00\",\"description\":\"El pasado jueves se cumplieron&nbsp;19 a&ntilde;os del d&iacute;a en que Ernest Lluch fue asesinado por ETA. Un a&ntilde;o y medio antes de su\",\"breadcrumb\":{\"@id\":\"https:\\\/\\\/www.eltriangle.eu\\\/es\\\/2019\\\/11\\\/25\\\/noticia-es-104284\\\/#breadcrumb\"},\"inLanguage\":\"es\",\"potentialAction\":[{\"@type\":\"ReadAction\",\"target\":[\"https:\\\/\\\/www.eltriangle.eu\\\/es\\\/2019\\\/11\\\/25\\\/noticia-es-104284\\\/\"]}]},{\"@type\":\"BreadcrumbList\",\"@id\":\"https:\\\/\\\/www.eltriangle.eu\\\/es\\\/2019\\\/11\\\/25\\\/noticia-es-104284\\\/#breadcrumb\",\"itemListElement\":[{\"@type\":\"ListItem\",\"position\":1,\"name\":\"Portada\",\"item\":\"https:\\\/\\\/www.eltriangle.eu\\\/es\\\/\"},{\"@type\":\"ListItem\",\"position\":2,\"name\":\"Lluch\"}]},{\"@type\":\"WebSite\",\"@id\":\"https:\\\/\\\/www.eltriangle.eu\\\/es\\\/#website\",\"url\":\"https:\\\/\\\/www.eltriangle.eu\\\/es\\\/\",\"name\":\"El Triangle\",\"description\":\"El Triangle \u00e9s un Diari d&#039;informaci\u00f3 general, editat a Catalunya i escrit en llengua catalana, especialitzat en investigaci\u00f3 period\u00edstica\",\"publisher\":{\"@id\":\"https:\\\/\\\/www.eltriangle.eu\\\/es\\\/#organization\"},\"potentialAction\":[{\"@type\":\"SearchAction\",\"target\":{\"@type\":\"EntryPoint\",\"urlTemplate\":\"https:\\\/\\\/www.eltriangle.eu\\\/es\\\/?s={search_term_string}\"},\"query-input\":{\"@type\":\"PropertyValueSpecification\",\"valueRequired\":true,\"valueName\":\"search_term_string\"}}],\"inLanguage\":\"es\"},{\"@type\":[\"Organization\",\"NewsMediaOrganization\"],\"@id\":\"https:\\\/\\\/www.eltriangle.eu\\\/es\\\/#organization\",\"name\":\"El Triangle\",\"url\":\"https:\\\/\\\/www.eltriangle.eu\\\/es\\\/\",\"logo\":{\"@type\":\"ImageObject\",\"inLanguage\":\"es\",\"@id\":\"https:\\\/\\\/www.eltriangle.eu\\\/es\\\/#\\\/schema\\\/logo\\\/image\\\/\",\"url\":\"https:\\\/\\\/www.eltriangle.eu\\\/wp-content\\\/uploads\\\/2020\\\/11\\\/triangle_logo-ajustado.jpg\",\"contentUrl\":\"https:\\\/\\\/www.eltriangle.eu\\\/wp-content\\\/uploads\\\/2020\\\/11\\\/triangle_logo-ajustado.jpg\",\"width\":521,\"height\":92,\"caption\":\"El Triangle\"},\"image\":{\"@id\":\"https:\\\/\\\/www.eltriangle.eu\\\/es\\\/#\\\/schema\\\/logo\\\/image\\\/\"},\"sameAs\":[\"https:\\\/\\\/www.facebook.com\\\/El-Triangle-Diari-101787399020302\",\"https:\\\/\\\/x.com\\\/El_Triangle\",\"https:\\\/\\\/www.youtube.com\\\/channel\\\/UCTIjmYEMYSpdGonuAgNhbcg\"]},{\"@type\":\"Person\",\"@id\":\"https:\\\/\\\/www.eltriangle.eu\\\/es\\\/#\\\/schema\\\/person\\\/0a3b9054387ca3a8836b3c340a9a3ab1\",\"name\":\"Siscu Baiges\",\"image\":{\"@type\":\"ImageObject\",\"inLanguage\":\"es\",\"@id\":\"https:\\\/\\\/www.eltriangle.eu\\\/wp-content\\\/uploads\\\/2025\\\/10\\\/siscu-baiges_avatar-96x96.jpg\",\"url\":\"https:\\\/\\\/www.eltriangle.eu\\\/wp-content\\\/uploads\\\/2025\\\/10\\\/siscu-baiges_avatar-96x96.jpg\",\"contentUrl\":\"https:\\\/\\\/www.eltriangle.eu\\\/wp-content\\\/uploads\\\/2025\\\/10\\\/siscu-baiges_avatar-96x96.jpg\",\"caption\":\"Siscu Baiges\"},\"description\":\"Periodista de Solidaritat i Comunicaci\u00f3 - SICOM, activista, cabrejat amb les injust\u00edcies\",\"sameAs\":[\"https:\\\/\\\/es-es.facebook.com\\\/siscup\"],\"url\":\"https:\\\/\\\/www.eltriangle.eu\\\/es\\\/author\\\/autor-78\\\/\"},{\"@type\":\"SiteNavigationElement\",\"@id\":\"https:\\\/\\\/www.eltriangle.eu\\\/es\\\/#site-navigation\",\"cssSelector\":[\".cib-main-menu\"]},{\"@type\":\"WPHeader\",\"@id\":\"https:\\\/\\\/www.eltriangle.eu\\\/es\\\/#header\",\"cssSelector\":[\".cib-header\"]},{\"@type\":\"WPFooter\",\"@id\":\"https:\\\/\\\/www.eltriangle.eu\\\/es\\\/#footer\",\"cssSelector\":[\".cib-footer\"]}]}<\/script>\n<!-- \/ Yoast SEO plugin. -->","yoast_head_json":{"title":"Lluch - El Triangle","description":"El pasado jueves se cumplieron&nbsp;19 a&ntilde;os del d&iacute;a en que Ernest Lluch fue asesinado por ETA. Un a&ntilde;o y medio antes de su","robots":{"index":"index","follow":"follow","max-snippet":"max-snippet:-1","max-image-preview":"max-image-preview:large","max-video-preview":"max-video-preview:-1"},"canonical":"https:\/\/www.eltriangle.eu\/es\/2019\/11\/25\/noticia-es-104284\/","og_locale":"es_ES","og_type":"article","og_title":"Lluch - El Triangle","og_description":"El pasado jueves se cumplieron&nbsp;19 a&ntilde;os del d&iacute;a en que Ernest Lluch fue asesinado por ETA. Un a&ntilde;o y medio antes de su","og_url":"https:\/\/www.eltriangle.eu\/es\/2019\/11\/25\/noticia-es-104284\/","og_site_name":"El Triangle","article_publisher":"https:\/\/www.facebook.com\/El-Triangle-Diari-101787399020302","article_published_time":"2019-11-25T00:05:30+00:00","author":"Siscu Baiges","twitter_card":"summary_large_image","twitter_creator":"@El_Triangle","twitter_site":"@El_Triangle","twitter_misc":{"Escrito por":"Siscu Baiges","Tiempo de lectura":"2 minutos"},"schema":{"@context":"https:\/\/schema.org","@graph":[{"@type":"NewsArticle","@id":"https:\/\/www.eltriangle.eu\/es\/2019\/11\/25\/noticia-es-104284\/#article","isPartOf":{"@id":"https:\/\/www.eltriangle.eu\/es\/2019\/11\/25\/noticia-es-104284\/"},"author":{"name":"Siscu Baiges","@id":"https:\/\/www.eltriangle.eu\/es\/#\/schema\/person\/0a3b9054387ca3a8836b3c340a9a3ab1"},"headline":"Lluch","datePublished":"2019-11-25T00:05:30+00:00","mainEntityOfPage":{"@id":"https:\/\/www.eltriangle.eu\/es\/2019\/11\/25\/noticia-es-104284\/"},"wordCount":492,"commentCount":0,"publisher":{"@id":"https:\/\/www.eltriangle.eu\/es\/#organization"},"articleSection":["Opini\u00f3n"],"inLanguage":"es","potentialAction":[{"@type":"CommentAction","name":"Comment","target":["https:\/\/www.eltriangle.eu\/es\/2019\/11\/25\/noticia-es-104284\/#respond"]}]},{"@type":"WebPage","@id":"https:\/\/www.eltriangle.eu\/es\/2019\/11\/25\/noticia-es-104284\/","url":"https:\/\/www.eltriangle.eu\/es\/2019\/11\/25\/noticia-es-104284\/","name":"Lluch - El Triangle","isPartOf":{"@id":"https:\/\/www.eltriangle.eu\/es\/#website"},"datePublished":"2019-11-25T00:05:30+00:00","description":"El pasado jueves se cumplieron&nbsp;19 a&ntilde;os del d&iacute;a en que Ernest Lluch fue asesinado por ETA. Un a&ntilde;o y medio antes de su","breadcrumb":{"@id":"https:\/\/www.eltriangle.eu\/es\/2019\/11\/25\/noticia-es-104284\/#breadcrumb"},"inLanguage":"es","potentialAction":[{"@type":"ReadAction","target":["https:\/\/www.eltriangle.eu\/es\/2019\/11\/25\/noticia-es-104284\/"]}]},{"@type":"BreadcrumbList","@id":"https:\/\/www.eltriangle.eu\/es\/2019\/11\/25\/noticia-es-104284\/#breadcrumb","itemListElement":[{"@type":"ListItem","position":1,"name":"Portada","item":"https:\/\/www.eltriangle.eu\/es\/"},{"@type":"ListItem","position":2,"name":"Lluch"}]},{"@type":"WebSite","@id":"https:\/\/www.eltriangle.eu\/es\/#website","url":"https:\/\/www.eltriangle.eu\/es\/","name":"El Triangle","description":"El Triangle \u00e9s un Diari d&#039;informaci\u00f3 general, editat a Catalunya i escrit en llengua catalana, especialitzat en investigaci\u00f3 period\u00edstica","publisher":{"@id":"https:\/\/www.eltriangle.eu\/es\/#organization"},"potentialAction":[{"@type":"SearchAction","target":{"@type":"EntryPoint","urlTemplate":"https:\/\/www.eltriangle.eu\/es\/?s={search_term_string}"},"query-input":{"@type":"PropertyValueSpecification","valueRequired":true,"valueName":"search_term_string"}}],"inLanguage":"es"},{"@type":["Organization","NewsMediaOrganization"],"@id":"https:\/\/www.eltriangle.eu\/es\/#organization","name":"El Triangle","url":"https:\/\/www.eltriangle.eu\/es\/","logo":{"@type":"ImageObject","inLanguage":"es","@id":"https:\/\/www.eltriangle.eu\/es\/#\/schema\/logo\/image\/","url":"https:\/\/www.eltriangle.eu\/wp-content\/uploads\/2020\/11\/triangle_logo-ajustado.jpg","contentUrl":"https:\/\/www.eltriangle.eu\/wp-content\/uploads\/2020\/11\/triangle_logo-ajustado.jpg","width":521,"height":92,"caption":"El Triangle"},"image":{"@id":"https:\/\/www.eltriangle.eu\/es\/#\/schema\/logo\/image\/"},"sameAs":["https:\/\/www.facebook.com\/El-Triangle-Diari-101787399020302","https:\/\/x.com\/El_Triangle","https:\/\/www.youtube.com\/channel\/UCTIjmYEMYSpdGonuAgNhbcg"]},{"@type":"Person","@id":"https:\/\/www.eltriangle.eu\/es\/#\/schema\/person\/0a3b9054387ca3a8836b3c340a9a3ab1","name":"Siscu Baiges","image":{"@type":"ImageObject","inLanguage":"es","@id":"https:\/\/www.eltriangle.eu\/wp-content\/uploads\/2025\/10\/siscu-baiges_avatar-96x96.jpg","url":"https:\/\/www.eltriangle.eu\/wp-content\/uploads\/2025\/10\/siscu-baiges_avatar-96x96.jpg","contentUrl":"https:\/\/www.eltriangle.eu\/wp-content\/uploads\/2025\/10\/siscu-baiges_avatar-96x96.jpg","caption":"Siscu Baiges"},"description":"Periodista de Solidaritat i Comunicaci\u00f3 - SICOM, activista, cabrejat amb les injust\u00edcies","sameAs":["https:\/\/es-es.facebook.com\/siscup"],"url":"https:\/\/www.eltriangle.eu\/es\/author\/autor-78\/"},{"@type":"SiteNavigationElement","@id":"https:\/\/www.eltriangle.eu\/es\/#site-navigation","cssSelector":[".cib-main-menu"]},{"@type":"WPHeader","@id":"https:\/\/www.eltriangle.eu\/es\/#header","cssSelector":[".cib-header"]},{"@type":"WPFooter","@id":"https:\/\/www.eltriangle.eu\/es\/#footer","cssSelector":[".cib-footer"]}]}},"amp_enabled":true,"_links":{"self":[{"href":"https:\/\/www.eltriangle.eu\/es\/wp-json\/wp\/v2\/posts\/67405","targetHints":{"allow":["GET"]}}],"collection":[{"href":"https:\/\/www.eltriangle.eu\/es\/wp-json\/wp\/v2\/posts"}],"about":[{"href":"https:\/\/www.eltriangle.eu\/es\/wp-json\/wp\/v2\/types\/post"}],"author":[{"embeddable":true,"href":"https:\/\/www.eltriangle.eu\/es\/wp-json\/wp\/v2\/users\/22"}],"replies":[{"embeddable":true,"href":"https:\/\/www.eltriangle.eu\/es\/wp-json\/wp\/v2\/comments?post=67405"}],"version-history":[{"count":0,"href":"https:\/\/www.eltriangle.eu\/es\/wp-json\/wp\/v2\/posts\/67405\/revisions"}],"wp:attachment":[{"href":"https:\/\/www.eltriangle.eu\/es\/wp-json\/wp\/v2\/media?parent=67405"}],"wp:term":[{"taxonomy":"category","embeddable":true,"href":"https:\/\/www.eltriangle.eu\/es\/wp-json\/wp\/v2\/categories?post=67405"},{"taxonomy":"post_tag","embeddable":true,"href":"https:\/\/www.eltriangle.eu\/es\/wp-json\/wp\/v2\/tags?post=67405"}],"curies":[{"name":"wp","href":"https:\/\/api.w.org\/{rel}","templated":true}]}}