{"id":67117,"date":"2019-11-09T13:08:01","date_gmt":"2019-11-09T13:08:01","guid":{"rendered":null},"modified":"2019-11-09T13:08:01","modified_gmt":"2019-11-09T13:08:01","slug":"noticia-es-104140","status":"publish","type":"post","link":"https:\/\/www.eltriangle.eu\/es\/2019\/11\/09\/noticia-es-104140\/","title":{"rendered":"La semana interminable"},"content":{"rendered":"<p>Ya lo escrib&iacute; en este mismo espacio, en caliente, despu&eacute;s de que el presidente en funciones, <strong>Pedro S&aacute;nchez<\/strong>, tirara la toalla y nos obligara a repetir las elecciones -las cuartas en cuatro a&ntilde;os-: me tentaba el voto en blanco que el escritor <strong>Jos&eacute; Saramago<\/strong> puso en boga en su libro &quot;Ensayo sobre la lucidez&quot;, o, incluso, bajo el pretexto del all&aacute; ellos, no ir a votar. Finalmente, no har&eacute; ni una cosa ni la otra y, cabizbajo, alica&iacute;do, ir&eacute; a votar quien menos rabia me d&eacute;. Me equivoco, seguramente; los pol&iacute;ticos merecen una lecci&oacute;n, como la que propon&iacute;a Saramago, pero me da miedo no ir a votar. Sin embargo, la reiteraci&oacute;n descontrolada de elecciones es un fracaso de la clase pol&iacute;tica, que viene a demostrar que la democracia en este pa&iacute;s ha enfermado.<\/p>\n<p>En la vida cotidiana uno se pasa el d&iacute;a pactando con gente que no le cae bien y piensa diferente; de otra manera, si hici&eacute;ramos como los pol&iacute;ticos, este mundo ser&iacute;a irrespirable. Menos mal que la mayor&iacute;a de mortales, al contrario de los pol&iacute;ticos, somos responsables y aplicamos la l&oacute;gica del sentido com&uacute;n. Ellos no, ellos hacen de la divisi&oacute;n su manera de vivir. Deber&iacute;amos rescindirles el contrato por in&uacute;tiles, por no saber hacer bien su trabajo.<\/p>\n<p>Parafraseando el fotoperiodista <strong>Jordi Borr&agrave;s<\/strong> (autor del libro &quot;D&iacute;as que durar&aacute;n a&ntilde;os&quot;), para algunos, la semana de la campa&ntilde;a electoral est&aacute; durante a&ntilde;os&#8230; Suerte que la repetici&oacute;n electoral conllev&oacute; la sabia reducci&oacute;n a la mitad de lo que vienen a ser las campa&ntilde;as (de quince d&iacute;as), si no todav&iacute;a estar&iacute;amos de ch&aacute;chara&#8230; a la mayor&iacute;a de mortales se nos est&aacute; haciendo larga, pero al presidente en funciones y candidato socialista, Pedro S&aacute;nchez, interminable. Maldito el d&iacute;a que tom&oacute; la decisi&oacute;n de adelantarlas, se debe haber repetido m&aacute;s de una vez el presidenciable. El hombre, en una semana, prometi&oacute; llevar al expresidente&nbsp;<strong>Carles Puigdemont <\/strong>a Espa&ntilde;a. Luego, cuando le preguntaron c&oacute;mo se hac&iacute;a eso, dijo que los fiscales segu&iacute;an sus &oacute;rdenes. Finalmente, cuando vio la reacci&oacute;n de los fiscales y entendi&oacute; la metedura de pata, se defendi&oacute;, torpemente, diciendo que un mal d&iacute;a lo puede tener cualquiera, que estaba cansado y que lo que dijo de Puigdemont son cosas que se dicen en los debates de las campa&ntilde;as electorales. Tambi&eacute;n dijo que volver&iacute;a a tipificar como delito los refer&eacute;ndums, recordando as&iacute; que ahora no lo est&aacute;n, y que crear&iacute;a una asignatura de valores civiles, constitucionales y &eacute;ticos -&iquest;la aprobaria? Nada, en una semana S&aacute;nchez ha hecho bueno Jos&eacute; Lu&iacute;s Rodr&iacute;guez Zapatero.<\/p>\n<p>Y en medio, respondiendo a la euroorden dictada por el Supremo espa&ntilde;ol contra <strong>Clara Ponsat&iacute;<\/strong>, la justicia del Reino Unido habl&oacute; primero de &quot;desproporci&oacute;n&quot;, luego se desdijo. La verdad es que creo que la falta de proporci&oacute;n es la mejor manera de definir lo que ha pasado, a ambos lados, en el caso del proceso independentista, y define mejor el momento desproporcionado que estamos viviendo en este y tantos otros aspectos de la pol&iacute;tica contempor&aacute;nea. As&iacute;, desproporcionadamente, volver&eacute; a ir a votar.<\/p>\n","protected":false},"excerpt":{"rendered":"<p>Ya lo escrib&iacute; en este mismo espacio, en caliente, despu&eacute;s de que el presidente en funciones, Pedro S&aacute;nchez, tirara la toalla y nos obligara a repetir las elecciones -las cuartas en cuatro a&ntilde;os-: me tentaba el voto en blanco que el escritor Jos&eacute; Saramago puso en boga en su libro &quot;Ensayo sobre la lucidez&quot;, o, &#8230; <a title=\"La semana interminable\" class=\"read-more\" href=\"https:\/\/www.eltriangle.eu\/es\/2019\/11\/09\/noticia-es-104140\/\" aria-label=\"Leer m\u00e1s sobre La semana interminable\">Leer m\u00e1s<\/a><\/p>\n","protected":false},"author":26,"featured_media":0,"comment_status":"open","ping_status":"open","sticky":false,"template":"","format":"standard","meta":{"_acf_changed":false,"pmpro_default_level":"","footnotes":""},"categories":[10],"tags":[],"class_list":["post-67117","post","type-post","status-publish","format-standard","hentry","category-opinion","pmpro-has-access"],"acf":[],"yoast_head":"<!-- This site is optimized with the Yoast SEO plugin v27.4 - https:\/\/yoast.com\/product\/yoast-seo-wordpress\/ -->\n<title>La semana interminable - El Triangle<\/title>\n<meta name=\"description\" content=\"Ya lo escrib&iacute; en este mismo espacio, en caliente, despu&eacute;s de que el presidente en funciones, Pedro S&aacute;nchez, tirara la toalla y nos\" class=\"yoast-seo-meta-tag\" \/>\n<meta name=\"robots\" content=\"index, follow, max-snippet:-1, max-image-preview:large, max-video-preview:-1\" \/>\n<link rel=\"canonical\" href=\"https:\/\/www.eltriangle.eu\/es\/2019\/11\/09\/noticia-es-104140\/\" class=\"yoast-seo-meta-tag\" \/>\n<meta property=\"og:locale\" content=\"es_ES\" class=\"yoast-seo-meta-tag\" \/>\n<meta property=\"og:type\" content=\"article\" class=\"yoast-seo-meta-tag\" \/>\n<meta property=\"og:title\" content=\"La semana interminable - El Triangle\" class=\"yoast-seo-meta-tag\" \/>\n<meta property=\"og:description\" content=\"Ya lo escrib&iacute; en este mismo espacio, en caliente, despu&eacute;s de que el presidente en funciones, Pedro S&aacute;nchez, tirara la toalla y nos\" class=\"yoast-seo-meta-tag\" \/>\n<meta property=\"og:url\" content=\"https:\/\/www.eltriangle.eu\/es\/2019\/11\/09\/noticia-es-104140\/\" class=\"yoast-seo-meta-tag\" \/>\n<meta property=\"og:site_name\" content=\"El Triangle\" class=\"yoast-seo-meta-tag\" \/>\n<meta property=\"article:publisher\" content=\"https:\/\/www.facebook.com\/El-Triangle-Diari-101787399020302\" class=\"yoast-seo-meta-tag\" \/>\n<meta property=\"article:published_time\" content=\"2019-11-09T13:08:01+00:00\" class=\"yoast-seo-meta-tag\" \/>\n<meta name=\"author\" content=\"Xavier Ribera\" class=\"yoast-seo-meta-tag\" \/>\n<meta name=\"twitter:card\" content=\"summary_large_image\" class=\"yoast-seo-meta-tag\" \/>\n<meta name=\"twitter:creator\" content=\"@El_Triangle\" class=\"yoast-seo-meta-tag\" \/>\n<meta name=\"twitter:site\" content=\"@El_Triangle\" class=\"yoast-seo-meta-tag\" \/>\n<meta name=\"twitter:label1\" content=\"Escrito por\" class=\"yoast-seo-meta-tag\" \/>\n\t<meta name=\"twitter:data1\" content=\"Xavier Ribera\" class=\"yoast-seo-meta-tag\" \/>\n\t<meta name=\"twitter:label2\" content=\"Tiempo de lectura\" class=\"yoast-seo-meta-tag\" \/>\n\t<meta name=\"twitter:data2\" content=\"3 minutos\" class=\"yoast-seo-meta-tag\" \/>\n<script type=\"application\/ld+json\" class=\"yoast-schema-graph\">{\"@context\":\"https:\\\/\\\/schema.org\",\"@graph\":[{\"@type\":\"NewsArticle\",\"@id\":\"https:\\\/\\\/www.eltriangle.eu\\\/es\\\/2019\\\/11\\\/09\\\/noticia-es-104140\\\/#article\",\"isPartOf\":{\"@id\":\"https:\\\/\\\/www.eltriangle.eu\\\/es\\\/2019\\\/11\\\/09\\\/noticia-es-104140\\\/\"},\"author\":{\"name\":\"Xavier Ribera\",\"@id\":\"https:\\\/\\\/www.eltriangle.eu\\\/es\\\/#\\\/schema\\\/person\\\/728760c7d973eb8a61d776540747e15d\"},\"headline\":\"La semana interminable\",\"datePublished\":\"2019-11-09T13:08:01+00:00\",\"mainEntityOfPage\":{\"@id\":\"https:\\\/\\\/www.eltriangle.eu\\\/es\\\/2019\\\/11\\\/09\\\/noticia-es-104140\\\/\"},\"wordCount\":653,\"commentCount\":0,\"publisher\":{\"@id\":\"https:\\\/\\\/www.eltriangle.eu\\\/es\\\/#organization\"},\"articleSection\":[\"Opini\u00f3n\"],\"inLanguage\":\"es\",\"potentialAction\":[{\"@type\":\"CommentAction\",\"name\":\"Comment\",\"target\":[\"https:\\\/\\\/www.eltriangle.eu\\\/es\\\/2019\\\/11\\\/09\\\/noticia-es-104140\\\/#respond\"]}]},{\"@type\":\"WebPage\",\"@id\":\"https:\\\/\\\/www.eltriangle.eu\\\/es\\\/2019\\\/11\\\/09\\\/noticia-es-104140\\\/\",\"url\":\"https:\\\/\\\/www.eltriangle.eu\\\/es\\\/2019\\\/11\\\/09\\\/noticia-es-104140\\\/\",\"name\":\"La semana interminable - El Triangle\",\"isPartOf\":{\"@id\":\"https:\\\/\\\/www.eltriangle.eu\\\/es\\\/#website\"},\"datePublished\":\"2019-11-09T13:08:01+00:00\",\"description\":\"Ya lo escrib&iacute; en este mismo espacio, en caliente, despu&eacute;s de que el presidente en funciones, Pedro S&aacute;nchez, tirara la toalla y nos\",\"breadcrumb\":{\"@id\":\"https:\\\/\\\/www.eltriangle.eu\\\/es\\\/2019\\\/11\\\/09\\\/noticia-es-104140\\\/#breadcrumb\"},\"inLanguage\":\"es\",\"potentialAction\":[{\"@type\":\"ReadAction\",\"target\":[\"https:\\\/\\\/www.eltriangle.eu\\\/es\\\/2019\\\/11\\\/09\\\/noticia-es-104140\\\/\"]}]},{\"@type\":\"BreadcrumbList\",\"@id\":\"https:\\\/\\\/www.eltriangle.eu\\\/es\\\/2019\\\/11\\\/09\\\/noticia-es-104140\\\/#breadcrumb\",\"itemListElement\":[{\"@type\":\"ListItem\",\"position\":1,\"name\":\"Portada\",\"item\":\"https:\\\/\\\/www.eltriangle.eu\\\/es\\\/\"},{\"@type\":\"ListItem\",\"position\":2,\"name\":\"La semana interminable\"}]},{\"@type\":\"WebSite\",\"@id\":\"https:\\\/\\\/www.eltriangle.eu\\\/es\\\/#website\",\"url\":\"https:\\\/\\\/www.eltriangle.eu\\\/es\\\/\",\"name\":\"El Triangle\",\"description\":\"El Triangle \u00e9s un Diari d&#039;informaci\u00f3 general, editat a Catalunya i escrit en llengua catalana, especialitzat en investigaci\u00f3 period\u00edstica\",\"publisher\":{\"@id\":\"https:\\\/\\\/www.eltriangle.eu\\\/es\\\/#organization\"},\"potentialAction\":[{\"@type\":\"SearchAction\",\"target\":{\"@type\":\"EntryPoint\",\"urlTemplate\":\"https:\\\/\\\/www.eltriangle.eu\\\/es\\\/?s={search_term_string}\"},\"query-input\":{\"@type\":\"PropertyValueSpecification\",\"valueRequired\":true,\"valueName\":\"search_term_string\"}}],\"inLanguage\":\"es\"},{\"@type\":[\"Organization\",\"NewsMediaOrganization\"],\"@id\":\"https:\\\/\\\/www.eltriangle.eu\\\/es\\\/#organization\",\"name\":\"El Triangle\",\"url\":\"https:\\\/\\\/www.eltriangle.eu\\\/es\\\/\",\"logo\":{\"@type\":\"ImageObject\",\"inLanguage\":\"es\",\"@id\":\"https:\\\/\\\/www.eltriangle.eu\\\/es\\\/#\\\/schema\\\/logo\\\/image\\\/\",\"url\":\"https:\\\/\\\/www.eltriangle.eu\\\/wp-content\\\/uploads\\\/2020\\\/11\\\/triangle_logo-ajustado.jpg\",\"contentUrl\":\"https:\\\/\\\/www.eltriangle.eu\\\/wp-content\\\/uploads\\\/2020\\\/11\\\/triangle_logo-ajustado.jpg\",\"width\":521,\"height\":92,\"caption\":\"El Triangle\"},\"image\":{\"@id\":\"https:\\\/\\\/www.eltriangle.eu\\\/es\\\/#\\\/schema\\\/logo\\\/image\\\/\"},\"sameAs\":[\"https:\\\/\\\/www.facebook.com\\\/El-Triangle-Diari-101787399020302\",\"https:\\\/\\\/x.com\\\/El_Triangle\",\"https:\\\/\\\/www.youtube.com\\\/channel\\\/UCTIjmYEMYSpdGonuAgNhbcg\"]},{\"@type\":\"Person\",\"@id\":\"https:\\\/\\\/www.eltriangle.eu\\\/es\\\/#\\\/schema\\\/person\\\/728760c7d973eb8a61d776540747e15d\",\"name\":\"Xavier Ribera\",\"image\":{\"@type\":\"ImageObject\",\"inLanguage\":\"es\",\"@id\":\"https:\\\/\\\/www.eltriangle.eu\\\/wp-content\\\/uploads\\\/2020\\\/11\\\/xavierribera-36320_15_195x195-96x96.jpeg\",\"url\":\"https:\\\/\\\/www.eltriangle.eu\\\/wp-content\\\/uploads\\\/2020\\\/11\\\/xavierribera-36320_15_195x195-96x96.jpeg\",\"contentUrl\":\"https:\\\/\\\/www.eltriangle.eu\\\/wp-content\\\/uploads\\\/2020\\\/11\\\/xavierribera-36320_15_195x195-96x96.jpeg\",\"caption\":\"Xavier Ribera\"},\"description\":\"Gasetiller, escrividor i guionista. Com deia Calders, \\\"vaig n\u00e9ixer abans d'ahir i ja som dem\u00e0 passat. Ara nom\u00e9s penso com passar\u00e9 el cap de setmana\\\".\",\"url\":\"https:\\\/\\\/www.eltriangle.eu\\\/es\\\/author\\\/autor-82\\\/\"},{\"@type\":\"SiteNavigationElement\",\"@id\":\"https:\\\/\\\/www.eltriangle.eu\\\/es\\\/#site-navigation\",\"cssSelector\":[\".cib-main-menu\"]},{\"@type\":\"WPHeader\",\"@id\":\"https:\\\/\\\/www.eltriangle.eu\\\/es\\\/#header\",\"cssSelector\":[\".cib-header\"]},{\"@type\":\"WPFooter\",\"@id\":\"https:\\\/\\\/www.eltriangle.eu\\\/es\\\/#footer\",\"cssSelector\":[\".cib-footer\"]}]}<\/script>\n<!-- \/ Yoast SEO plugin. -->","yoast_head_json":{"title":"La semana interminable - El Triangle","description":"Ya lo escrib&iacute; en este mismo espacio, en caliente, despu&eacute;s de que el presidente en funciones, Pedro S&aacute;nchez, tirara la toalla y nos","robots":{"index":"index","follow":"follow","max-snippet":"max-snippet:-1","max-image-preview":"max-image-preview:large","max-video-preview":"max-video-preview:-1"},"canonical":"https:\/\/www.eltriangle.eu\/es\/2019\/11\/09\/noticia-es-104140\/","og_locale":"es_ES","og_type":"article","og_title":"La semana interminable - El Triangle","og_description":"Ya lo escrib&iacute; en este mismo espacio, en caliente, despu&eacute;s de que el presidente en funciones, Pedro S&aacute;nchez, tirara la toalla y nos","og_url":"https:\/\/www.eltriangle.eu\/es\/2019\/11\/09\/noticia-es-104140\/","og_site_name":"El Triangle","article_publisher":"https:\/\/www.facebook.com\/El-Triangle-Diari-101787399020302","article_published_time":"2019-11-09T13:08:01+00:00","author":"Xavier Ribera","twitter_card":"summary_large_image","twitter_creator":"@El_Triangle","twitter_site":"@El_Triangle","twitter_misc":{"Escrito por":"Xavier Ribera","Tiempo de lectura":"3 minutos"},"schema":{"@context":"https:\/\/schema.org","@graph":[{"@type":"NewsArticle","@id":"https:\/\/www.eltriangle.eu\/es\/2019\/11\/09\/noticia-es-104140\/#article","isPartOf":{"@id":"https:\/\/www.eltriangle.eu\/es\/2019\/11\/09\/noticia-es-104140\/"},"author":{"name":"Xavier Ribera","@id":"https:\/\/www.eltriangle.eu\/es\/#\/schema\/person\/728760c7d973eb8a61d776540747e15d"},"headline":"La semana interminable","datePublished":"2019-11-09T13:08:01+00:00","mainEntityOfPage":{"@id":"https:\/\/www.eltriangle.eu\/es\/2019\/11\/09\/noticia-es-104140\/"},"wordCount":653,"commentCount":0,"publisher":{"@id":"https:\/\/www.eltriangle.eu\/es\/#organization"},"articleSection":["Opini\u00f3n"],"inLanguage":"es","potentialAction":[{"@type":"CommentAction","name":"Comment","target":["https:\/\/www.eltriangle.eu\/es\/2019\/11\/09\/noticia-es-104140\/#respond"]}]},{"@type":"WebPage","@id":"https:\/\/www.eltriangle.eu\/es\/2019\/11\/09\/noticia-es-104140\/","url":"https:\/\/www.eltriangle.eu\/es\/2019\/11\/09\/noticia-es-104140\/","name":"La semana interminable - El Triangle","isPartOf":{"@id":"https:\/\/www.eltriangle.eu\/es\/#website"},"datePublished":"2019-11-09T13:08:01+00:00","description":"Ya lo escrib&iacute; en este mismo espacio, en caliente, despu&eacute;s de que el presidente en funciones, Pedro S&aacute;nchez, tirara la toalla y nos","breadcrumb":{"@id":"https:\/\/www.eltriangle.eu\/es\/2019\/11\/09\/noticia-es-104140\/#breadcrumb"},"inLanguage":"es","potentialAction":[{"@type":"ReadAction","target":["https:\/\/www.eltriangle.eu\/es\/2019\/11\/09\/noticia-es-104140\/"]}]},{"@type":"BreadcrumbList","@id":"https:\/\/www.eltriangle.eu\/es\/2019\/11\/09\/noticia-es-104140\/#breadcrumb","itemListElement":[{"@type":"ListItem","position":1,"name":"Portada","item":"https:\/\/www.eltriangle.eu\/es\/"},{"@type":"ListItem","position":2,"name":"La semana interminable"}]},{"@type":"WebSite","@id":"https:\/\/www.eltriangle.eu\/es\/#website","url":"https:\/\/www.eltriangle.eu\/es\/","name":"El Triangle","description":"El Triangle \u00e9s un Diari d&#039;informaci\u00f3 general, editat a Catalunya i escrit en llengua catalana, especialitzat en investigaci\u00f3 period\u00edstica","publisher":{"@id":"https:\/\/www.eltriangle.eu\/es\/#organization"},"potentialAction":[{"@type":"SearchAction","target":{"@type":"EntryPoint","urlTemplate":"https:\/\/www.eltriangle.eu\/es\/?s={search_term_string}"},"query-input":{"@type":"PropertyValueSpecification","valueRequired":true,"valueName":"search_term_string"}}],"inLanguage":"es"},{"@type":["Organization","NewsMediaOrganization"],"@id":"https:\/\/www.eltriangle.eu\/es\/#organization","name":"El Triangle","url":"https:\/\/www.eltriangle.eu\/es\/","logo":{"@type":"ImageObject","inLanguage":"es","@id":"https:\/\/www.eltriangle.eu\/es\/#\/schema\/logo\/image\/","url":"https:\/\/www.eltriangle.eu\/wp-content\/uploads\/2020\/11\/triangle_logo-ajustado.jpg","contentUrl":"https:\/\/www.eltriangle.eu\/wp-content\/uploads\/2020\/11\/triangle_logo-ajustado.jpg","width":521,"height":92,"caption":"El Triangle"},"image":{"@id":"https:\/\/www.eltriangle.eu\/es\/#\/schema\/logo\/image\/"},"sameAs":["https:\/\/www.facebook.com\/El-Triangle-Diari-101787399020302","https:\/\/x.com\/El_Triangle","https:\/\/www.youtube.com\/channel\/UCTIjmYEMYSpdGonuAgNhbcg"]},{"@type":"Person","@id":"https:\/\/www.eltriangle.eu\/es\/#\/schema\/person\/728760c7d973eb8a61d776540747e15d","name":"Xavier Ribera","image":{"@type":"ImageObject","inLanguage":"es","@id":"https:\/\/www.eltriangle.eu\/wp-content\/uploads\/2020\/11\/xavierribera-36320_15_195x195-96x96.jpeg","url":"https:\/\/www.eltriangle.eu\/wp-content\/uploads\/2020\/11\/xavierribera-36320_15_195x195-96x96.jpeg","contentUrl":"https:\/\/www.eltriangle.eu\/wp-content\/uploads\/2020\/11\/xavierribera-36320_15_195x195-96x96.jpeg","caption":"Xavier Ribera"},"description":"Gasetiller, escrividor i guionista. Com deia Calders, \"vaig n\u00e9ixer abans d'ahir i ja som dem\u00e0 passat. Ara nom\u00e9s penso com passar\u00e9 el cap de setmana\".","url":"https:\/\/www.eltriangle.eu\/es\/author\/autor-82\/"},{"@type":"SiteNavigationElement","@id":"https:\/\/www.eltriangle.eu\/es\/#site-navigation","cssSelector":[".cib-main-menu"]},{"@type":"WPHeader","@id":"https:\/\/www.eltriangle.eu\/es\/#header","cssSelector":[".cib-header"]},{"@type":"WPFooter","@id":"https:\/\/www.eltriangle.eu\/es\/#footer","cssSelector":[".cib-footer"]}]}},"amp_enabled":true,"_links":{"self":[{"href":"https:\/\/www.eltriangle.eu\/es\/wp-json\/wp\/v2\/posts\/67117","targetHints":{"allow":["GET"]}}],"collection":[{"href":"https:\/\/www.eltriangle.eu\/es\/wp-json\/wp\/v2\/posts"}],"about":[{"href":"https:\/\/www.eltriangle.eu\/es\/wp-json\/wp\/v2\/types\/post"}],"author":[{"embeddable":true,"href":"https:\/\/www.eltriangle.eu\/es\/wp-json\/wp\/v2\/users\/26"}],"replies":[{"embeddable":true,"href":"https:\/\/www.eltriangle.eu\/es\/wp-json\/wp\/v2\/comments?post=67117"}],"version-history":[{"count":0,"href":"https:\/\/www.eltriangle.eu\/es\/wp-json\/wp\/v2\/posts\/67117\/revisions"}],"wp:attachment":[{"href":"https:\/\/www.eltriangle.eu\/es\/wp-json\/wp\/v2\/media?parent=67117"}],"wp:term":[{"taxonomy":"category","embeddable":true,"href":"https:\/\/www.eltriangle.eu\/es\/wp-json\/wp\/v2\/categories?post=67117"},{"taxonomy":"post_tag","embeddable":true,"href":"https:\/\/www.eltriangle.eu\/es\/wp-json\/wp\/v2\/tags?post=67117"}],"curies":[{"name":"wp","href":"https:\/\/api.w.org\/{rel}","templated":true}]}}