{"id":60298,"date":"2018-10-27T21:35:00","date_gmt":"2018-10-27T21:35:00","guid":{"rendered":null},"modified":"2018-10-27T21:35:00","modified_gmt":"2018-10-27T21:35:00","slug":"noticia-es-100671","status":"publish","type":"post","link":"https:\/\/www.eltriangle.eu\/es\/2018\/10\/27\/noticia-es-100671\/","title":{"rendered":"\u00abNo es posible avanzar, si no se tiene a Europa como destino federal\u00bb"},"content":{"rendered":"<p><strong>Abogado laboralista.<\/strong> Profesor del Derecho del trabajo en la Universidad Aut&oacute;noma de Barcelona y ESADE. <u>Fue secretario general de CC.OO. de Catalu&ntilde;a, diputado por ICV y portavoz de CSQ, en el Parlamento de Catalu&ntilde;a<\/u>. Autor de &ldquo;Empantanados&rdquo; (Editorial Pen&iacute;nsula). Deportista y enamorado de la naturaleza<\/p>\n<p>\n<strong>&iquest;Qu&eacute; es esto del federalismo, que el pasado d&iacute;a 6, fue sometido a debate, con su participaci&oacute;n, en el Encuentro <em>Por una Espa&ntilde;a federal en una Europa Federal&nbsp;<\/em>de L&rsquo;Hospitalet?<\/strong><\/p>\n<p>Este acto fue muy significativo porque, por primera vez, se produc&iacute;a un encuentro de federalistas de toda Espa&ntilde;a, poniendo de manifiesto que esa realidad existe, aunque no est&eacute; articulada pol&iacute;ticamente. Y qued&oacute;, de manera muy clara, que el federalismo es, sobre todo, una cultura. Una cultura pol&iacute;tica que apuesta por la cooperaci&oacute;n, por la fraternidad, por la solidaridad como forma de relaci&oacute;n y valor social, m&aacute;s all&aacute; de una manera de organizar pol&iacute;ticamente el Estado.<\/p>\n<p><strong>&iquest;Por qu&eacute; la derecha espa&ntilde;ola ha venido interpretando el federalismo como ruptura cuando, en buena ley, significa justamente lo contrario?<\/strong><\/p>\n<p>El federalismo, sin duda, nace como una cultura pol&iacute;tica que tiene la clara virtud de unificar esfuerzos, cooperar entre personas y estructuras pol&iacute;ticas. Y la cooperaci&oacute;n siempre es uni&oacute;n. Lo opuesto a la competitividad, que genera desuni&oacute;n. La derecha espa&ntilde;ola es hija del nacionalismo castellano, un nacionalismo d&eacute;bil, acomplejado, que no asume la existencia de la diversidad en Espa&ntilde;a. Eso le lleva a ser agresivo con todo lo que no es la esencia que representa. El federalismo, sin embargo, tiene la virtud de ser capaz de ofrecer una respuesta al reto que tiene planteado Espa&ntilde;a y tambi&eacute;n Europa.<\/p>\n<p><strong>Se dec&iacute;a en el Encuentro de L&rsquo;Hospitalet que hay mucha gente que es federalista sin saberlo &iquest;Qu&eacute; falta para que este&rdquo; ser en s&iacute;&rdquo; se traduzca en un &ldquo;ser para s&iacute;&rdquo;, que dir&iacute;a Sartre?<\/strong><\/p>\n<p>El federalismo ha sido una cultura pol&iacute;tica que no ha tenido quien la represente, de manera clara. Ha sido reconocida a nivel social, a trav&eacute;s de entidades como &ldquo;Federalistes&rdquo;, pero no a escala pol&iacute;tica. El debate de Catalu&ntilde;a con Espa&ntilde;a ha marcado muy a la defensiva las posiciones del conjunto del Estado. El federalismo se entender&iacute;a m&aacute;s si, en vez de referirse a &eacute;l como superestructura pol&iacute;tica, se hablara de las cosas concretas del d&iacute;a a d&iacute;a. Por ejemplo, si se explicara que el federalismo permite garantizar la igualdad de los ciudadanos y, al mismo tiempo, tratar la diversidad de las estructuras sociales y de las comunidades pol&iacute;ticas. O que el federalismo es una cultura que permite abordar la distribuci&oacute;n de competencias, no de manera burocr&aacute;tica, entre poderes, sino buscando la eficiencia social &iquest;D&oacute;nde es mejor que se gestionen las competencias de la educaci&oacute;n infantil? En muchos pa&iacute;ses se dice que a nivel local &iquest;Y en materia de pol&iacute;tica sanitaria? En algunos lugares, se plantea a escala infra-estatal, como as&iacute; se denomina en Europa &iquest;C&oacute;mo es mejor para los trabajadores abordar las competencias en materia laboral, fiscal, econ&oacute;mica? &iquest;En espacios peque&ntilde;os o en grandes, que sean capaces de plantar cara a al capitalismo financiero? Parece, cada vez m&aacute;s ,que hay que hacerlo en grandes espacios. Y esta ser&iacute;a una opci&oacute;n para el federalismo europeo.<\/p>\n<p><strong>&iquest;Compite el federalismo en desigualdad de condiciones con la identitarismo y similares, tan en boga en Catalu&ntilde;a y otros lugares?<\/strong><\/p>\n<p>El federalismo, en la medida en que no apuesta por lo que en estos momentos es un vector con mucha fuerza (que es ir a buscar la identidad primigenia del ser humano, en la familia, tribu, religi&oacute;n, naci&oacute;n) va un poco contracorriente. Todas las identidades tienen un componente emocional y eso no es malo, por definici&oacute;n. Lo que ocurre es que en un mundo tan globalizado como &eacute;ste cuanto m&aacute;s se buscan identidades peque&ntilde;as, cerradas, excluyentes y contrapuestas a otras identidades menos futuro tienen.<\/p>\n<p>El lema Encuentro de L&rsquo;Hospitalet alud&iacute;a, sin complejos, a Espa&ntilde;a &iquest;Por qu&eacute; se elude en Catalu&ntilde;a la referencia a Espa&ntilde;a sino es para mal y, en ocasiones, se sustituye por eufemismos como &ldquo;Estado&rdquo;?<\/p>\n<p>De la misma manera que Espa&ntilde;a no reconoce la existencia de una pluralidad de naciones, en Catalu&ntilde;a se niega la existencia de esa naci&oacute;n que es Espa&ntilde;a. Es una negaci&oacute;n mutua. Es est&uacute;pido porque, en definitiva, la naci&oacute;n no es m&aacute;s que una construcci&oacute;n ideol&oacute;gica de una comunidad, que se considera as&iacute;, por v&iacute;nculos, valores, principios&hellip; La naci&oacute;n ha sido un momento importante en la historia de la Humanidad, muy vinculado al desarrollo de la industrializaci&oacute;n y al papel del Estado-Naci&oacute;n. Eso de que la naci&oacute;n solo es positiva si es la m&iacute;a y no la de los otros tiene mucho que ver con el tribalismo que tenemos los humanos, que es anterior a la naci&oacute;n.<\/p>\n<p><strong>Sostienen algunos acad&eacute;micos que el Estado de las Autonom&iacute;as es un modelo federal &iquest;Qu&eacute; opini&oacute;n te merece esto?<\/strong><\/p>\n<p>Espa&ntilde;a no es un Estado federal. Otra cosa es que tenga unos niveles muy importantes de descentralizaci&oacute;n pol&iacute;tica, en algunos casos asimilables a los de algunos pa&iacute;ses federales. Pero un Estado federal es algo m&aacute;s que un elemento de descentralizaci&oacute;n. Es una manera de articular el Estado en que existen unidades pol&iacute;ticas que se reconocen mutuamente, pero que cuenta tambi&eacute;n con un espacio com&uacute;n. El Estado de las Autonom&iacute;as, tal como se ha ido desarrollando, ha ido en direcci&oacute;n contraria. Empez&oacute; siendo un libro por escribir en la Constituci&oacute;n de 1978 y arrastra varios problemas. Entre ellos, que con un nivel de competencias muy abierto y a veces contradictorio, la pol&iacute;tica acab&oacute; subcontrat&aacute;ndose al Tribunal Constitucional. Otro problema es que, en estos momentos, no hay ninguna fuerza pol&iacute;tica que tenga un modelo de Estado. Los partidos se han movido en t&eacute;rminos absolutamente t&aacute;cticos.<\/p>\n<p>Y, en tercer lugar, la relaci&oacute;n entre comunidades aut&oacute;nomas no se plantea en t&eacute;rminos de cooperaci&oacute;n y con el Estado central, sino como agravio comparativo. Este modelo est&aacute; absolutamente agotado, con lo cual resulta mprescindible pararse un momento y abordar las reformas necesarias que exige nuestra Constituci&oacute;n.<\/p>\n<p><strong>&iquest;A que achaca esta inercia a la indefinici&oacute;n del modelo de Estado en las fuerzas pol&iacute;ticas?<\/strong><\/p>\n<p>La Constituci&oacute;n contempla el desarrollo de un Estado asim&eacute;trico. Reconoce las autonom&iacute;as y las nacionalidades, lo que significa una clara vocaci&oacute;n asim&eacute;trica. En sus inicios, esto se rompe con el planteamiento que se hace desde Andaluc&iacute;a para pasar de la llamada v&iacute;a lenta a la r&aacute;pida. Ah&iacute; aparece algo del agravio comparativo. Luego viene todo un intento de freno, a trav&eacute;s de la LOAPA que, a pesar de ser declarada anticonstitucional, acab&oacute; imponi&eacute;ndose. A partir de este momento, el desarrollo del Estado auton&oacute;mico va en funci&oacute;n de los acuerdos de los partidos estatales (que gobiernan sin mayor&iacute;a absoluta y necesitan apoyos) con Convergencia y Uni&oacute; y el Partido Nacionalista Vasco. Este modelo en materia de financiaci&oacute;n es doblemente perverso porque contempla una alta descentralizaci&oacute;n en las pol&iacute;ticas de gasto y nula capacidad en la obtenci&oacute;n de recursos. Esto cambia, de manera completamente tortuosa, con el primer acuerdo entre Felipe Gonz&aacute;lez y Jordi Pujol, en el que se contempla transferir a Catalu&ntilde;a el 15% del IRPF. A lo que el PP responde, en desbandada, acusando al PSOE de &ldquo;romper Espa&ntilde;a&rdquo;. Poco despu&eacute;s, Aznar concierta un segundo acuerdo, en el que ese 15% se sube al 30%. Entonces, las CC.AA., del Partido Socialista se ponen en contra. As&iacute;, se llega a la denominada &ldquo;F&oacute;rmula Camps&rdquo;, que sigue vigente, y dice que el Pa&iacute;s Valenciano tendr&aacute; todo aquello que consiga otro Estatuto de Autonom&iacute;a. Lo cual es la ant&iacute;tesis del autogobierno porque, en vez de asumir la responsabilidad de las cosas, se entra en la din&aacute;mica del agravio comparativo. Todo esto pone de manifiesto que, en s&iacute; mismo, m&aacute;s all&aacute; del conflicto catal&aacute;n, que la reforma es necesaria y urgente.<\/p>\n<p><strong>Nicol&aacute;s Sartorius, presidente de la reci&eacute;n creada Asociaci&oacute;n por una Espa&ntilde;a Federal, plante&oacute; en el L&acute;Hospitalet la necesidad de vincular el federalismo al desarrollo social &iquest;Podr&iacute;a este principio obstaculizar la necesaria ampliaci&oacute;n de la base social del federalismo?<\/strong><\/p>\n<p>La Constituci&oacute;n espa&ntilde;ola, como otras, contempla para su reforma mayor&iacute;as cualificadas. Cosa que, en nuestro caso, tiene que implicar a la derecha. Y tenemos una derecha refractaria a cualquier reconocimiento de la diversidad, que aparece como un nacionalismo, en el fondo d&eacute;bil, con escasa empat&iacute;a. Lo cual no lleva a utilizar la recomendaci&oacute;n de Josep Fontana, cuando dec&iacute;a que cuando las grandes cosas no est&aacute;n al alcance de la mano hay que actuar en lo peque&ntilde;o. En micro-batallas en las que pueden existir correlaciones de fuerzas m&aacute;s favorables. El federalismo, cuando apuesta por la cooperaci&oacute;n, es portador de valor con mucha fuerza social.<\/p>\n<p><strong>&iquest;Y la Europa federal?<\/strong><\/p>\n<p>En Europa, hay un proyecto disforme, en construcci&oacute;n, que exige cambios urgentes, por ejemplo, en el terreno del federalismo fiscal. En un mundo en que las &eacute;lites de los Estado se sienten atacadas en su soberan&iacute;a por los procesos de descentralizaci&oacute;n, de los mercados de capitales&hellip;, Europa aparece como enemigo. Hay que ser capaces de establecer una nueva utop&iacute;a europea, porque no es posible avanzar si no se tiene a Europa como destino federal.<\/p>\n","protected":false},"excerpt":{"rendered":"<p>Entrevista a Joan Coscubiela<\/p>\n","protected":false},"author":24,"featured_media":28132,"comment_status":"open","ping_status":"open","sticky":false,"template":"","format":"standard","meta":{"_acf_changed":false,"pmpro_default_level":"","footnotes":""},"categories":[22],"tags":[],"class_list":["post-60298","post","type-post","status-publish","format-standard","has-post-thumbnail","hentry","category-entrevistas","pmpro-has-access"],"acf":[],"yoast_head":"<!-- This site is optimized with the Yoast SEO plugin v27.4 - https:\/\/yoast.com\/product\/yoast-seo-wordpress\/ -->\n<title>\u00abNo es posible avanzar, si no se tiene a Europa como destino federal\u00bb - El Triangle<\/title>\n<meta name=\"description\" content=\"Entrevista a Joan Coscubiela\" class=\"yoast-seo-meta-tag\" \/>\n<meta name=\"robots\" content=\"index, follow, max-snippet:-1, max-image-preview:large, max-video-preview:-1\" \/>\n<link rel=\"canonical\" href=\"https:\/\/www.eltriangle.eu\/es\/2018\/10\/27\/noticia-es-100671\/\" class=\"yoast-seo-meta-tag\" \/>\n<meta property=\"og:locale\" content=\"es_ES\" class=\"yoast-seo-meta-tag\" \/>\n<meta property=\"og:type\" content=\"article\" class=\"yoast-seo-meta-tag\" \/>\n<meta property=\"og:title\" content=\"\u00abNo es posible avanzar, si no se tiene a Europa como destino federal\u00bb - El Triangle\" class=\"yoast-seo-meta-tag\" \/>\n<meta property=\"og:description\" content=\"Entrevista a Joan Coscubiela\" class=\"yoast-seo-meta-tag\" \/>\n<meta property=\"og:url\" content=\"https:\/\/www.eltriangle.eu\/es\/2018\/10\/27\/noticia-es-100671\/\" class=\"yoast-seo-meta-tag\" \/>\n<meta property=\"og:site_name\" content=\"El Triangle\" class=\"yoast-seo-meta-tag\" \/>\n<meta property=\"article:publisher\" content=\"https:\/\/www.facebook.com\/El-Triangle-Diari-101787399020302\" class=\"yoast-seo-meta-tag\" \/>\n<meta property=\"article:published_time\" content=\"2018-10-27T21:35:00+00:00\" class=\"yoast-seo-meta-tag\" \/>\n<meta property=\"og:image\" content=\"https:\/\/www.eltriangle.eu\/wp-content\/uploads\/2020\/11\/img-4291-scaled.jpeg\" class=\"yoast-seo-meta-tag\" \/>\n\t<meta property=\"og:image:width\" content=\"2560\" class=\"yoast-seo-meta-tag\" \/>\n\t<meta property=\"og:image:height\" content=\"1707\" class=\"yoast-seo-meta-tag\" \/>\n\t<meta property=\"og:image:type\" content=\"image\/jpeg\" class=\"yoast-seo-meta-tag\" \/>\n<meta name=\"author\" content=\"Peru Erroteta\" class=\"yoast-seo-meta-tag\" \/>\n<meta name=\"twitter:card\" content=\"summary_large_image\" class=\"yoast-seo-meta-tag\" \/>\n<meta name=\"twitter:creator\" content=\"@El_Triangle\" class=\"yoast-seo-meta-tag\" \/>\n<meta name=\"twitter:site\" content=\"@El_Triangle\" class=\"yoast-seo-meta-tag\" \/>\n<meta name=\"twitter:label1\" content=\"Escrito por\" class=\"yoast-seo-meta-tag\" \/>\n\t<meta name=\"twitter:data1\" content=\"Peru Erroteta\" class=\"yoast-seo-meta-tag\" \/>\n\t<meta name=\"twitter:label2\" content=\"Tiempo de lectura\" class=\"yoast-seo-meta-tag\" \/>\n\t<meta name=\"twitter:data2\" content=\"9 minutos\" class=\"yoast-seo-meta-tag\" \/>\n<script type=\"application\/ld+json\" class=\"yoast-schema-graph\">{\"@context\":\"https:\\\/\\\/schema.org\",\"@graph\":[{\"@type\":\"NewsArticle\",\"@id\":\"https:\\\/\\\/www.eltriangle.eu\\\/es\\\/2018\\\/10\\\/27\\\/noticia-es-100671\\\/#article\",\"isPartOf\":{\"@id\":\"https:\\\/\\\/www.eltriangle.eu\\\/es\\\/2018\\\/10\\\/27\\\/noticia-es-100671\\\/\"},\"author\":{\"name\":\"Peru Erroteta\",\"@id\":\"https:\\\/\\\/www.eltriangle.eu\\\/es\\\/#\\\/schema\\\/person\\\/894c63550b7edab8b454ff68cfc5ad3a\"},\"headline\":\"\u00abNo es posible avanzar, si no se tiene a Europa como destino federal\u00bb\",\"datePublished\":\"2018-10-27T21:35:00+00:00\",\"mainEntityOfPage\":{\"@id\":\"https:\\\/\\\/www.eltriangle.eu\\\/es\\\/2018\\\/10\\\/27\\\/noticia-es-100671\\\/\"},\"wordCount\":1881,\"commentCount\":0,\"publisher\":{\"@id\":\"https:\\\/\\\/www.eltriangle.eu\\\/es\\\/#organization\"},\"image\":{\"@id\":\"https:\\\/\\\/www.eltriangle.eu\\\/es\\\/2018\\\/10\\\/27\\\/noticia-es-100671\\\/#primaryimage\"},\"thumbnailUrl\":\"https:\\\/\\\/www.eltriangle.eu\\\/wp-content\\\/uploads\\\/2020\\\/11\\\/img-4291-scaled.jpeg\",\"articleSection\":[\"Entrevistas\"],\"inLanguage\":\"es\",\"potentialAction\":[{\"@type\":\"CommentAction\",\"name\":\"Comment\",\"target\":[\"https:\\\/\\\/www.eltriangle.eu\\\/es\\\/2018\\\/10\\\/27\\\/noticia-es-100671\\\/#respond\"]}]},{\"@type\":\"WebPage\",\"@id\":\"https:\\\/\\\/www.eltriangle.eu\\\/es\\\/2018\\\/10\\\/27\\\/noticia-es-100671\\\/\",\"url\":\"https:\\\/\\\/www.eltriangle.eu\\\/es\\\/2018\\\/10\\\/27\\\/noticia-es-100671\\\/\",\"name\":\"\u00abNo es posible avanzar, si no se tiene a Europa como destino federal\u00bb - El Triangle\",\"isPartOf\":{\"@id\":\"https:\\\/\\\/www.eltriangle.eu\\\/es\\\/#website\"},\"primaryImageOfPage\":{\"@id\":\"https:\\\/\\\/www.eltriangle.eu\\\/es\\\/2018\\\/10\\\/27\\\/noticia-es-100671\\\/#primaryimage\"},\"image\":{\"@id\":\"https:\\\/\\\/www.eltriangle.eu\\\/es\\\/2018\\\/10\\\/27\\\/noticia-es-100671\\\/#primaryimage\"},\"thumbnailUrl\":\"https:\\\/\\\/www.eltriangle.eu\\\/wp-content\\\/uploads\\\/2020\\\/11\\\/img-4291-scaled.jpeg\",\"datePublished\":\"2018-10-27T21:35:00+00:00\",\"description\":\"Entrevista a Joan Coscubiela\",\"breadcrumb\":{\"@id\":\"https:\\\/\\\/www.eltriangle.eu\\\/es\\\/2018\\\/10\\\/27\\\/noticia-es-100671\\\/#breadcrumb\"},\"inLanguage\":\"es\",\"potentialAction\":[{\"@type\":\"ReadAction\",\"target\":[\"https:\\\/\\\/www.eltriangle.eu\\\/es\\\/2018\\\/10\\\/27\\\/noticia-es-100671\\\/\"]}]},{\"@type\":\"ImageObject\",\"inLanguage\":\"es\",\"@id\":\"https:\\\/\\\/www.eltriangle.eu\\\/es\\\/2018\\\/10\\\/27\\\/noticia-es-100671\\\/#primaryimage\",\"url\":\"https:\\\/\\\/www.eltriangle.eu\\\/wp-content\\\/uploads\\\/2020\\\/11\\\/img-4291-scaled.jpeg\",\"contentUrl\":\"https:\\\/\\\/www.eltriangle.eu\\\/wp-content\\\/uploads\\\/2020\\\/11\\\/img-4291-scaled.jpeg\",\"width\":2560,\"height\":1707,\"caption\":\"Joan Coscubiela\"},{\"@type\":\"BreadcrumbList\",\"@id\":\"https:\\\/\\\/www.eltriangle.eu\\\/es\\\/2018\\\/10\\\/27\\\/noticia-es-100671\\\/#breadcrumb\",\"itemListElement\":[{\"@type\":\"ListItem\",\"position\":1,\"name\":\"Portada\",\"item\":\"https:\\\/\\\/www.eltriangle.eu\\\/es\\\/\"},{\"@type\":\"ListItem\",\"position\":2,\"name\":\"\u00abNo es posible avanzar, si no se tiene a Europa como destino federal\u00bb\"}]},{\"@type\":\"WebSite\",\"@id\":\"https:\\\/\\\/www.eltriangle.eu\\\/es\\\/#website\",\"url\":\"https:\\\/\\\/www.eltriangle.eu\\\/es\\\/\",\"name\":\"El Triangle\",\"description\":\"El Triangle \u00e9s un Diari d&#039;informaci\u00f3 general, editat a Catalunya i escrit en llengua catalana, especialitzat en investigaci\u00f3 period\u00edstica\",\"publisher\":{\"@id\":\"https:\\\/\\\/www.eltriangle.eu\\\/es\\\/#organization\"},\"potentialAction\":[{\"@type\":\"SearchAction\",\"target\":{\"@type\":\"EntryPoint\",\"urlTemplate\":\"https:\\\/\\\/www.eltriangle.eu\\\/es\\\/?s={search_term_string}\"},\"query-input\":{\"@type\":\"PropertyValueSpecification\",\"valueRequired\":true,\"valueName\":\"search_term_string\"}}],\"inLanguage\":\"es\"},{\"@type\":[\"Organization\",\"NewsMediaOrganization\"],\"@id\":\"https:\\\/\\\/www.eltriangle.eu\\\/es\\\/#organization\",\"name\":\"El Triangle\",\"url\":\"https:\\\/\\\/www.eltriangle.eu\\\/es\\\/\",\"logo\":{\"@type\":\"ImageObject\",\"inLanguage\":\"es\",\"@id\":\"https:\\\/\\\/www.eltriangle.eu\\\/es\\\/#\\\/schema\\\/logo\\\/image\\\/\",\"url\":\"https:\\\/\\\/www.eltriangle.eu\\\/wp-content\\\/uploads\\\/2020\\\/11\\\/triangle_logo-ajustado.jpg\",\"contentUrl\":\"https:\\\/\\\/www.eltriangle.eu\\\/wp-content\\\/uploads\\\/2020\\\/11\\\/triangle_logo-ajustado.jpg\",\"width\":521,\"height\":92,\"caption\":\"El Triangle\"},\"image\":{\"@id\":\"https:\\\/\\\/www.eltriangle.eu\\\/es\\\/#\\\/schema\\\/logo\\\/image\\\/\"},\"sameAs\":[\"https:\\\/\\\/www.facebook.com\\\/El-Triangle-Diari-101787399020302\",\"https:\\\/\\\/x.com\\\/El_Triangle\",\"https:\\\/\\\/www.youtube.com\\\/channel\\\/UCTIjmYEMYSpdGonuAgNhbcg\"]},{\"@type\":\"Person\",\"@id\":\"https:\\\/\\\/www.eltriangle.eu\\\/es\\\/#\\\/schema\\\/person\\\/894c63550b7edab8b454ff68cfc5ad3a\",\"name\":\"Peru Erroteta\",\"image\":{\"@type\":\"ImageObject\",\"inLanguage\":\"es\",\"@id\":\"https:\\\/\\\/www.eltriangle.eu\\\/wp-content\\\/uploads\\\/2020\\\/11\\\/peru-2-scaled-96x96.jpeg\",\"url\":\"https:\\\/\\\/www.eltriangle.eu\\\/wp-content\\\/uploads\\\/2020\\\/11\\\/peru-2-scaled-96x96.jpeg\",\"contentUrl\":\"https:\\\/\\\/www.eltriangle.eu\\\/wp-content\\\/uploads\\\/2020\\\/11\\\/peru-2-scaled-96x96.jpeg\",\"caption\":\"Peru Erroteta\"},\"description\":\"Periodista, malgrat tot\",\"url\":\"https:\\\/\\\/www.eltriangle.eu\\\/es\\\/author\\\/autor-80\\\/\"},{\"@type\":\"SiteNavigationElement\",\"@id\":\"https:\\\/\\\/www.eltriangle.eu\\\/es\\\/#site-navigation\",\"cssSelector\":[\".cib-main-menu\"]},{\"@type\":\"WPHeader\",\"@id\":\"https:\\\/\\\/www.eltriangle.eu\\\/es\\\/#header\",\"cssSelector\":[\".cib-header\"]},{\"@type\":\"WPFooter\",\"@id\":\"https:\\\/\\\/www.eltriangle.eu\\\/es\\\/#footer\",\"cssSelector\":[\".cib-footer\"]}]}<\/script>\n<!-- \/ Yoast SEO plugin. -->","yoast_head_json":{"title":"\u00abNo es posible avanzar, si no se tiene a Europa como destino federal\u00bb - El Triangle","description":"Entrevista a Joan Coscubiela","robots":{"index":"index","follow":"follow","max-snippet":"max-snippet:-1","max-image-preview":"max-image-preview:large","max-video-preview":"max-video-preview:-1"},"canonical":"https:\/\/www.eltriangle.eu\/es\/2018\/10\/27\/noticia-es-100671\/","og_locale":"es_ES","og_type":"article","og_title":"\u00abNo es posible avanzar, si no se tiene a Europa como destino federal\u00bb - El Triangle","og_description":"Entrevista a Joan Coscubiela","og_url":"https:\/\/www.eltriangle.eu\/es\/2018\/10\/27\/noticia-es-100671\/","og_site_name":"El Triangle","article_publisher":"https:\/\/www.facebook.com\/El-Triangle-Diari-101787399020302","article_published_time":"2018-10-27T21:35:00+00:00","og_image":[{"width":2560,"height":1707,"url":"https:\/\/www.eltriangle.eu\/wp-content\/uploads\/2020\/11\/img-4291-scaled.jpeg","type":"image\/jpeg"}],"author":"Peru Erroteta","twitter_card":"summary_large_image","twitter_creator":"@El_Triangle","twitter_site":"@El_Triangle","twitter_misc":{"Escrito por":"Peru Erroteta","Tiempo de lectura":"9 minutos"},"schema":{"@context":"https:\/\/schema.org","@graph":[{"@type":"NewsArticle","@id":"https:\/\/www.eltriangle.eu\/es\/2018\/10\/27\/noticia-es-100671\/#article","isPartOf":{"@id":"https:\/\/www.eltriangle.eu\/es\/2018\/10\/27\/noticia-es-100671\/"},"author":{"name":"Peru Erroteta","@id":"https:\/\/www.eltriangle.eu\/es\/#\/schema\/person\/894c63550b7edab8b454ff68cfc5ad3a"},"headline":"\u00abNo es posible avanzar, si no se tiene a Europa como destino federal\u00bb","datePublished":"2018-10-27T21:35:00+00:00","mainEntityOfPage":{"@id":"https:\/\/www.eltriangle.eu\/es\/2018\/10\/27\/noticia-es-100671\/"},"wordCount":1881,"commentCount":0,"publisher":{"@id":"https:\/\/www.eltriangle.eu\/es\/#organization"},"image":{"@id":"https:\/\/www.eltriangle.eu\/es\/2018\/10\/27\/noticia-es-100671\/#primaryimage"},"thumbnailUrl":"https:\/\/www.eltriangle.eu\/wp-content\/uploads\/2020\/11\/img-4291-scaled.jpeg","articleSection":["Entrevistas"],"inLanguage":"es","potentialAction":[{"@type":"CommentAction","name":"Comment","target":["https:\/\/www.eltriangle.eu\/es\/2018\/10\/27\/noticia-es-100671\/#respond"]}]},{"@type":"WebPage","@id":"https:\/\/www.eltriangle.eu\/es\/2018\/10\/27\/noticia-es-100671\/","url":"https:\/\/www.eltriangle.eu\/es\/2018\/10\/27\/noticia-es-100671\/","name":"\u00abNo es posible avanzar, si no se tiene a Europa como destino federal\u00bb - El Triangle","isPartOf":{"@id":"https:\/\/www.eltriangle.eu\/es\/#website"},"primaryImageOfPage":{"@id":"https:\/\/www.eltriangle.eu\/es\/2018\/10\/27\/noticia-es-100671\/#primaryimage"},"image":{"@id":"https:\/\/www.eltriangle.eu\/es\/2018\/10\/27\/noticia-es-100671\/#primaryimage"},"thumbnailUrl":"https:\/\/www.eltriangle.eu\/wp-content\/uploads\/2020\/11\/img-4291-scaled.jpeg","datePublished":"2018-10-27T21:35:00+00:00","description":"Entrevista a Joan Coscubiela","breadcrumb":{"@id":"https:\/\/www.eltriangle.eu\/es\/2018\/10\/27\/noticia-es-100671\/#breadcrumb"},"inLanguage":"es","potentialAction":[{"@type":"ReadAction","target":["https:\/\/www.eltriangle.eu\/es\/2018\/10\/27\/noticia-es-100671\/"]}]},{"@type":"ImageObject","inLanguage":"es","@id":"https:\/\/www.eltriangle.eu\/es\/2018\/10\/27\/noticia-es-100671\/#primaryimage","url":"https:\/\/www.eltriangle.eu\/wp-content\/uploads\/2020\/11\/img-4291-scaled.jpeg","contentUrl":"https:\/\/www.eltriangle.eu\/wp-content\/uploads\/2020\/11\/img-4291-scaled.jpeg","width":2560,"height":1707,"caption":"Joan Coscubiela"},{"@type":"BreadcrumbList","@id":"https:\/\/www.eltriangle.eu\/es\/2018\/10\/27\/noticia-es-100671\/#breadcrumb","itemListElement":[{"@type":"ListItem","position":1,"name":"Portada","item":"https:\/\/www.eltriangle.eu\/es\/"},{"@type":"ListItem","position":2,"name":"\u00abNo es posible avanzar, si no se tiene a Europa como destino federal\u00bb"}]},{"@type":"WebSite","@id":"https:\/\/www.eltriangle.eu\/es\/#website","url":"https:\/\/www.eltriangle.eu\/es\/","name":"El Triangle","description":"El Triangle \u00e9s un Diari d&#039;informaci\u00f3 general, editat a Catalunya i escrit en llengua catalana, especialitzat en investigaci\u00f3 period\u00edstica","publisher":{"@id":"https:\/\/www.eltriangle.eu\/es\/#organization"},"potentialAction":[{"@type":"SearchAction","target":{"@type":"EntryPoint","urlTemplate":"https:\/\/www.eltriangle.eu\/es\/?s={search_term_string}"},"query-input":{"@type":"PropertyValueSpecification","valueRequired":true,"valueName":"search_term_string"}}],"inLanguage":"es"},{"@type":["Organization","NewsMediaOrganization"],"@id":"https:\/\/www.eltriangle.eu\/es\/#organization","name":"El Triangle","url":"https:\/\/www.eltriangle.eu\/es\/","logo":{"@type":"ImageObject","inLanguage":"es","@id":"https:\/\/www.eltriangle.eu\/es\/#\/schema\/logo\/image\/","url":"https:\/\/www.eltriangle.eu\/wp-content\/uploads\/2020\/11\/triangle_logo-ajustado.jpg","contentUrl":"https:\/\/www.eltriangle.eu\/wp-content\/uploads\/2020\/11\/triangle_logo-ajustado.jpg","width":521,"height":92,"caption":"El Triangle"},"image":{"@id":"https:\/\/www.eltriangle.eu\/es\/#\/schema\/logo\/image\/"},"sameAs":["https:\/\/www.facebook.com\/El-Triangle-Diari-101787399020302","https:\/\/x.com\/El_Triangle","https:\/\/www.youtube.com\/channel\/UCTIjmYEMYSpdGonuAgNhbcg"]},{"@type":"Person","@id":"https:\/\/www.eltriangle.eu\/es\/#\/schema\/person\/894c63550b7edab8b454ff68cfc5ad3a","name":"Peru Erroteta","image":{"@type":"ImageObject","inLanguage":"es","@id":"https:\/\/www.eltriangle.eu\/wp-content\/uploads\/2020\/11\/peru-2-scaled-96x96.jpeg","url":"https:\/\/www.eltriangle.eu\/wp-content\/uploads\/2020\/11\/peru-2-scaled-96x96.jpeg","contentUrl":"https:\/\/www.eltriangle.eu\/wp-content\/uploads\/2020\/11\/peru-2-scaled-96x96.jpeg","caption":"Peru Erroteta"},"description":"Periodista, malgrat tot","url":"https:\/\/www.eltriangle.eu\/es\/author\/autor-80\/"},{"@type":"SiteNavigationElement","@id":"https:\/\/www.eltriangle.eu\/es\/#site-navigation","cssSelector":[".cib-main-menu"]},{"@type":"WPHeader","@id":"https:\/\/www.eltriangle.eu\/es\/#header","cssSelector":[".cib-header"]},{"@type":"WPFooter","@id":"https:\/\/www.eltriangle.eu\/es\/#footer","cssSelector":[".cib-footer"]}]}},"amp_enabled":true,"_links":{"self":[{"href":"https:\/\/www.eltriangle.eu\/es\/wp-json\/wp\/v2\/posts\/60298","targetHints":{"allow":["GET"]}}],"collection":[{"href":"https:\/\/www.eltriangle.eu\/es\/wp-json\/wp\/v2\/posts"}],"about":[{"href":"https:\/\/www.eltriangle.eu\/es\/wp-json\/wp\/v2\/types\/post"}],"author":[{"embeddable":true,"href":"https:\/\/www.eltriangle.eu\/es\/wp-json\/wp\/v2\/users\/24"}],"replies":[{"embeddable":true,"href":"https:\/\/www.eltriangle.eu\/es\/wp-json\/wp\/v2\/comments?post=60298"}],"version-history":[{"count":0,"href":"https:\/\/www.eltriangle.eu\/es\/wp-json\/wp\/v2\/posts\/60298\/revisions"}],"wp:featuredmedia":[{"embeddable":true,"href":"https:\/\/www.eltriangle.eu\/es\/wp-json\/wp\/v2\/media\/28132"}],"wp:attachment":[{"href":"https:\/\/www.eltriangle.eu\/es\/wp-json\/wp\/v2\/media?parent=60298"}],"wp:term":[{"taxonomy":"category","embeddable":true,"href":"https:\/\/www.eltriangle.eu\/es\/wp-json\/wp\/v2\/categories?post=60298"},{"taxonomy":"post_tag","embeddable":true,"href":"https:\/\/www.eltriangle.eu\/es\/wp-json\/wp\/v2\/tags?post=60298"}],"curies":[{"name":"wp","href":"https:\/\/api.w.org\/{rel}","templated":true}]}}