{"id":369257,"date":"2026-04-25T05:30:34","date_gmt":"2026-04-25T03:30:34","guid":{"rendered":null},"modified":"2026-04-24T19:10:19","modified_gmt":"2026-04-24T17:10:19","slug":"cuanto-ha-podido-costarle-al-barca-la-macarronada-electoral-de-laporta","status":"publish","type":"post","link":"https:\/\/www.eltriangle.eu\/es\/2026\/04\/25\/cuanto-ha-podido-costarle-al-barca-la-macarronada-electoral-de-laporta\/","title":{"rendered":"\u00bfCu\u00e1nto ha podido costarle al Bar\u00e7a la &#8216;macarronada&#8217; electoral de Laporta?"},"content":{"rendered":"<p>Como en el universo <em>laportista<\/em> cabe cualquier dislate, incluso los detalles m\u00e1s previsibles destilan un olor inherente de \u00abcompadreo\u00bb, amiguismo y una sensaci\u00f3n <em data-start=\"171\" data-end=\"180\">de d\u00e9j\u00e0-vu<\/em> en torno a determinadas pr\u00e1cticas y h\u00e1bitos de la actual directiva, a menudo alejados de la ortodoxia y la profesionalidad. Por poner un ejemplo, la <strong>\u00abmacarronada\u00bb<\/strong> que tanto marc\u00f3 la campa\u00f1a electoral de <strong data-start=\"392\" data-end=\"408\">Joan Laporta<\/strong>.<\/p>\n<p>La \u00abmacarronada\u00bb de Laporta fue un acontecimiento estrat\u00e9gico durante su <strong>campa\u00f1a electoral<\/strong> para la reelecci\u00f3n como presidente del <strong>FC Barcelona<\/strong> en marzo de 2026, que se convirti\u00f3 en un s\u00edmbolo festivo de su proximidad con los socios, tan construida como planificada.<\/p>\n<p>El acto tuvo lugar el 22 de febrero de 2026 en el Bar Bocata, un local popular situado en la zona alta de Barcelona. Laporta se puso literalmente en los fogones y cocin\u00f3 macarrones que luego sirvi\u00f3 a los asistentes, con la ayuda de los propietarios del establecimiento, <strong data-start=\"272\" data-end=\"287\">Quim Crespo<\/strong> y el chef <strong data-start=\"297\" data-end=\"315\">Lucas Urmeneta<\/strong>, as\u00ed como de <strong data-start=\"328\" data-end=\"347\">Oriol Fern\u00e1ndez<\/strong>.<\/p>\n<p>La t\u00e1ctica fue deliberadamente popular \u2014o, m\u00e1s bien, populista\u2014, enfocada a conectar emocionalmente con los socios en un momento clave del proceso electoral. El evento adquiri\u00f3 tanta relevancia que se acab\u00f3 convirtiendo en un s\u00edmbolo de la victoria de Laporta, criticado por <strong data-start=\"292\" data-end=\"307\">V\u00edctor Font<\/strong> en aquel contexto por haber pasado \u00abde la pancarta y el <em data-start=\"363\" data-end=\"370\">asado<\/em> de 2021 a hacer macarrones y cortar pernil\u00bb, pero sin presentar propuestas reales para el futuro del club.<\/p>\n<p>Su resonancia medi\u00e1tica se consolid\u00f3 cuando, tras ganar las elecciones, Laporta lo celebr\u00f3 en Luz de Gas con un concierto del cantante <strong data-start=\"238\" data-end=\"257\">Lo Pau de Ponts<\/strong>, autor de la canci\u00f3n de su campa\u00f1a electoral, donde llam\u00f3 \u00abMacarrons!\u00bb como lema festivo. El artista incluso le regal\u00f3 una camiseta blanca, y <strong data-start=\"412\" data-end=\"423\">Laporta<\/strong> no dud\u00f3 en cantar \u00abmacarrones, macarrones, macarrones!\u00bb, convirtiendo la famosa \u00abmacarronada\u00bb en una especie de himno de campa\u00f1a.<\/p>\n<p data-start=\"0\" data-end=\"415\">A los pocos d\u00edas, el Bar Bocata fue el encargado de preparar un catering dentro de las instalaciones del club, en una zona VIP, para un evento propio del Bar\u00e7a: un final m\u00e1s que feliz para el Bar Bocata y para aquella aparente espont\u00e1nea y m\u00e1gica conexi\u00f3n nacida en un almuerzo de campa\u00f1a electoral que, es de suponer, no se financi\u00f3 con fondos de la candidatura, sino con la generosidad del establecimiento.<\/p>\n<p data-start=\"417\" data-end=\"875\">Lo habitual es que, si los animosos propietarios del Bar Bocata, como laportistas convencidos, se hubieran ofrecido a colaborar en la campa\u00f1a, obtuvieran a cambio alg\u00fan cargo directivo secundario, unas entradillas o quiz\u00e1s un d\u00eda en la lonja. Si la recompensa es poder facturar un catering espl\u00e9ndidamente pagado por el club, el resultado es lindo y, sobre todo, confuso, ya que al final no queda del todo claro a qui\u00e9n se han adjudicado las licencias de restauraci\u00f3n.<\/p>\n<p data-start=\"877\" data-end=\"1097\" data-is-last-node=\"\" data-is-only-node=\"\">El juego es encontrar diferencias entre el concepto \u00abmacarra\u00bb y el concepto \u00abmacarronada\u00bb. El riesgo de interpretar que, despu\u00e9s de todo, la campa\u00f1a electoral del presidente se pag\u00f3, en parte, con fondos del club, est\u00e1 presente.<\/p>\n<p data-start=\"877\" data-end=\"1097\" data-is-last-node=\"\" data-is-only-node=\"\">\n","protected":false},"excerpt":{"rendered":"<p>Como en el universo laportista cabe cualquier dislate, incluso los detalles m\u00e1s previsibles destilan un olor inherente de \u00abcompadreo\u00bb, amiguismo y una sensaci\u00f3n de d\u00e9j\u00e0-vu en torno a determinadas pr\u00e1cticas y h\u00e1bitos de la actual directiva, a menudo alejados de la ortodoxia y la profesionalidad. Por poner un ejemplo, la \u00abmacarronada\u00bb que tanto marc\u00f3 la &#8230; <a title=\"\u00bfCu\u00e1nto ha podido costarle al Bar\u00e7a la &#8216;macarronada&#8217; electoral de Laporta?\" class=\"read-more\" href=\"https:\/\/www.eltriangle.eu\/es\/2026\/04\/25\/cuanto-ha-podido-costarle-al-barca-la-macarronada-electoral-de-laporta\/\" aria-label=\"Leer m\u00e1s sobre \u00bfCu\u00e1nto ha podido costarle al Bar\u00e7a la &#8216;macarronada&#8217; electoral de Laporta?\">Leer m\u00e1s<\/a><\/p>\n","protected":false},"author":97,"featured_media":363073,"comment_status":"open","ping_status":"closed","sticky":false,"template":"","format":"standard","meta":{"_acf_changed":false,"pmpro_default_level":"","footnotes":""},"categories":[20],"tags":[563,233],"class_list":["post-369257","post","type-post","status-publish","format-standard","has-post-thumbnail","hentry","category-confidencial","tag-fc-barcelona-es","tag-joan-laporta-es","lh_instant_articles-syndicate-yes","pmpro-has-access"],"acf":[],"yoast_head":"<!-- This site is optimized with the Yoast SEO plugin v27.4 - https:\/\/yoast.com\/product\/yoast-seo-wordpress\/ -->\n<title>\u00bfCu\u00e1nto ha podido costarle al Bar\u00e7a la &#039;macarronada&#039; electoral de Laporta? - El Triangle<\/title>\n<meta name=\"description\" content=\"Como en el universo laportista cabe cualquier dislate, incluso los detalles m\u00e1s previsibles destilan un olor inherente de &quot;compadreo&quot;, amiguismo y una\" class=\"yoast-seo-meta-tag\" \/>\n<meta name=\"robots\" content=\"index, follow, max-snippet:-1, max-image-preview:large, max-video-preview:-1\" \/>\n<link rel=\"canonical\" href=\"https:\/\/www.eltriangle.eu\/es\/2026\/04\/25\/cuanto-ha-podido-costarle-al-barca-la-macarronada-electoral-de-laporta\/\" class=\"yoast-seo-meta-tag\" \/>\n<meta property=\"og:locale\" content=\"es_ES\" class=\"yoast-seo-meta-tag\" \/>\n<meta property=\"og:type\" content=\"article\" class=\"yoast-seo-meta-tag\" \/>\n<meta property=\"og:title\" content=\"\u00bfCu\u00e1nto ha podido costarle al Bar\u00e7a la &#039;macarronada&#039; electoral de Laporta? - El Triangle\" class=\"yoast-seo-meta-tag\" \/>\n<meta property=\"og:description\" content=\"Como en el universo laportista cabe cualquier dislate, incluso los detalles m\u00e1s previsibles destilan un olor inherente de &quot;compadreo&quot;, amiguismo y una\" class=\"yoast-seo-meta-tag\" \/>\n<meta property=\"og:url\" content=\"https:\/\/www.eltriangle.eu\/es\/2026\/04\/25\/cuanto-ha-podido-costarle-al-barca-la-macarronada-electoral-de-laporta\/\" class=\"yoast-seo-meta-tag\" \/>\n<meta property=\"og:site_name\" content=\"El Triangle\" class=\"yoast-seo-meta-tag\" \/>\n<meta property=\"article:publisher\" content=\"https:\/\/www.facebook.com\/El-Triangle-Diari-101787399020302\" class=\"yoast-seo-meta-tag\" \/>\n<meta property=\"article:published_time\" content=\"2026-04-25T03:30:34+00:00\" class=\"yoast-seo-meta-tag\" \/>\n<meta property=\"og:image\" content=\"https:\/\/www.eltriangle.eu\/wp-content\/uploads\/2026\/03\/Joan-Laporta-ensenyant-el-vot-a-ell-mateix-just-abans-de-votar-se-_Defensem-el-Barca_.jpg\" class=\"yoast-seo-meta-tag\" \/>\n\t<meta property=\"og:image:width\" content=\"680\" class=\"yoast-seo-meta-tag\" \/>\n\t<meta property=\"og:image:height\" content=\"453\" class=\"yoast-seo-meta-tag\" \/>\n\t<meta property=\"og:image:type\" content=\"image\/jpeg\" class=\"yoast-seo-meta-tag\" \/>\n<meta name=\"author\" content=\"xavier\" class=\"yoast-seo-meta-tag\" \/>\n<meta name=\"twitter:card\" content=\"summary_large_image\" class=\"yoast-seo-meta-tag\" \/>\n<meta name=\"twitter:creator\" content=\"@El_Triangle\" class=\"yoast-seo-meta-tag\" \/>\n<meta name=\"twitter:site\" content=\"@El_Triangle\" class=\"yoast-seo-meta-tag\" \/>\n<meta name=\"twitter:label1\" content=\"Escrito por\" class=\"yoast-seo-meta-tag\" \/>\n\t<meta name=\"twitter:data1\" content=\"xavier\" class=\"yoast-seo-meta-tag\" \/>\n\t<meta name=\"twitter:label2\" content=\"Tiempo de lectura\" class=\"yoast-seo-meta-tag\" \/>\n\t<meta name=\"twitter:data2\" content=\"3 minutos\" class=\"yoast-seo-meta-tag\" \/>\n<script type=\"application\/ld+json\" class=\"yoast-schema-graph\">{\"@context\":\"https:\\\/\\\/schema.org\",\"@graph\":[{\"@type\":\"NewsArticle\",\"@id\":\"https:\\\/\\\/www.eltriangle.eu\\\/es\\\/2026\\\/04\\\/25\\\/cuanto-ha-podido-costarle-al-barca-la-macarronada-electoral-de-laporta\\\/#article\",\"isPartOf\":{\"@id\":\"https:\\\/\\\/www.eltriangle.eu\\\/es\\\/2026\\\/04\\\/25\\\/cuanto-ha-podido-costarle-al-barca-la-macarronada-electoral-de-laporta\\\/\"},\"author\":{\"name\":\"xavier\",\"@id\":\"https:\\\/\\\/www.eltriangle.eu\\\/es\\\/#\\\/schema\\\/person\\\/df9cb61ef0b061092c35cf7a8636dfc6\"},\"headline\":\"\u00bfCu\u00e1nto ha podido costarle al Bar\u00e7a la &#8216;macarronada&#8217; electoral de Laporta?\",\"datePublished\":\"2026-04-25T03:30:34+00:00\",\"mainEntityOfPage\":{\"@id\":\"https:\\\/\\\/www.eltriangle.eu\\\/es\\\/2026\\\/04\\\/25\\\/cuanto-ha-podido-costarle-al-barca-la-macarronada-electoral-de-laporta\\\/\"},\"wordCount\":533,\"commentCount\":0,\"publisher\":{\"@id\":\"https:\\\/\\\/www.eltriangle.eu\\\/es\\\/#organization\"},\"image\":{\"@id\":\"https:\\\/\\\/www.eltriangle.eu\\\/es\\\/2026\\\/04\\\/25\\\/cuanto-ha-podido-costarle-al-barca-la-macarronada-electoral-de-laporta\\\/#primaryimage\"},\"thumbnailUrl\":\"https:\\\/\\\/www.eltriangle.eu\\\/wp-content\\\/uploads\\\/2026\\\/03\\\/Joan-Laporta-ensenyant-el-vot-a-ell-mateix-just-abans-de-votar-se-_Defensem-el-Barca_.jpg\",\"keywords\":[\"FC Barcelona\",\"Joan Laporta\"],\"articleSection\":[\"Confidencial\"],\"inLanguage\":\"es\",\"potentialAction\":[{\"@type\":\"CommentAction\",\"name\":\"Comment\",\"target\":[\"https:\\\/\\\/www.eltriangle.eu\\\/es\\\/2026\\\/04\\\/25\\\/cuanto-ha-podido-costarle-al-barca-la-macarronada-electoral-de-laporta\\\/#respond\"]}]},{\"@type\":\"WebPage\",\"@id\":\"https:\\\/\\\/www.eltriangle.eu\\\/es\\\/2026\\\/04\\\/25\\\/cuanto-ha-podido-costarle-al-barca-la-macarronada-electoral-de-laporta\\\/\",\"url\":\"https:\\\/\\\/www.eltriangle.eu\\\/es\\\/2026\\\/04\\\/25\\\/cuanto-ha-podido-costarle-al-barca-la-macarronada-electoral-de-laporta\\\/\",\"name\":\"\u00bfCu\u00e1nto ha podido costarle al Bar\u00e7a la 'macarronada' electoral de Laporta? - El Triangle\",\"isPartOf\":{\"@id\":\"https:\\\/\\\/www.eltriangle.eu\\\/es\\\/#website\"},\"primaryImageOfPage\":{\"@id\":\"https:\\\/\\\/www.eltriangle.eu\\\/es\\\/2026\\\/04\\\/25\\\/cuanto-ha-podido-costarle-al-barca-la-macarronada-electoral-de-laporta\\\/#primaryimage\"},\"image\":{\"@id\":\"https:\\\/\\\/www.eltriangle.eu\\\/es\\\/2026\\\/04\\\/25\\\/cuanto-ha-podido-costarle-al-barca-la-macarronada-electoral-de-laporta\\\/#primaryimage\"},\"thumbnailUrl\":\"https:\\\/\\\/www.eltriangle.eu\\\/wp-content\\\/uploads\\\/2026\\\/03\\\/Joan-Laporta-ensenyant-el-vot-a-ell-mateix-just-abans-de-votar-se-_Defensem-el-Barca_.jpg\",\"datePublished\":\"2026-04-25T03:30:34+00:00\",\"description\":\"Como en el universo laportista cabe cualquier dislate, incluso los detalles m\u00e1s previsibles destilan un olor inherente de \\\"compadreo\\\", amiguismo y una\",\"breadcrumb\":{\"@id\":\"https:\\\/\\\/www.eltriangle.eu\\\/es\\\/2026\\\/04\\\/25\\\/cuanto-ha-podido-costarle-al-barca-la-macarronada-electoral-de-laporta\\\/#breadcrumb\"},\"inLanguage\":\"es\",\"potentialAction\":[{\"@type\":\"ReadAction\",\"target\":[\"https:\\\/\\\/www.eltriangle.eu\\\/es\\\/2026\\\/04\\\/25\\\/cuanto-ha-podido-costarle-al-barca-la-macarronada-electoral-de-laporta\\\/\"]}]},{\"@type\":\"ImageObject\",\"inLanguage\":\"es\",\"@id\":\"https:\\\/\\\/www.eltriangle.eu\\\/es\\\/2026\\\/04\\\/25\\\/cuanto-ha-podido-costarle-al-barca-la-macarronada-electoral-de-laporta\\\/#primaryimage\",\"url\":\"https:\\\/\\\/www.eltriangle.eu\\\/wp-content\\\/uploads\\\/2026\\\/03\\\/Joan-Laporta-ensenyant-el-vot-a-ell-mateix-just-abans-de-votar-se-_Defensem-el-Barca_.jpg\",\"contentUrl\":\"https:\\\/\\\/www.eltriangle.eu\\\/wp-content\\\/uploads\\\/2026\\\/03\\\/Joan-Laporta-ensenyant-el-vot-a-ell-mateix-just-abans-de-votar-se-_Defensem-el-Barca_.jpg\",\"width\":680,\"height\":453},{\"@type\":\"BreadcrumbList\",\"@id\":\"https:\\\/\\\/www.eltriangle.eu\\\/es\\\/2026\\\/04\\\/25\\\/cuanto-ha-podido-costarle-al-barca-la-macarronada-electoral-de-laporta\\\/#breadcrumb\",\"itemListElement\":[{\"@type\":\"ListItem\",\"position\":1,\"name\":\"Portada\",\"item\":\"https:\\\/\\\/www.eltriangle.eu\\\/es\\\/\"},{\"@type\":\"ListItem\",\"position\":2,\"name\":\"\u00bfCu\u00e1nto ha podido costarle al Bar\u00e7a la &#8216;macarronada&#8217; electoral de Laporta?\"}]},{\"@type\":\"WebSite\",\"@id\":\"https:\\\/\\\/www.eltriangle.eu\\\/es\\\/#website\",\"url\":\"https:\\\/\\\/www.eltriangle.eu\\\/es\\\/\",\"name\":\"El Triangle\",\"description\":\"El Triangle \u00e9s un Diari d&#039;informaci\u00f3 general, editat a Catalunya i escrit en llengua catalana, especialitzat en investigaci\u00f3 period\u00edstica\",\"publisher\":{\"@id\":\"https:\\\/\\\/www.eltriangle.eu\\\/es\\\/#organization\"},\"potentialAction\":[{\"@type\":\"SearchAction\",\"target\":{\"@type\":\"EntryPoint\",\"urlTemplate\":\"https:\\\/\\\/www.eltriangle.eu\\\/es\\\/?s={search_term_string}\"},\"query-input\":{\"@type\":\"PropertyValueSpecification\",\"valueRequired\":true,\"valueName\":\"search_term_string\"}}],\"inLanguage\":\"es\"},{\"@type\":[\"Organization\",\"NewsMediaOrganization\"],\"@id\":\"https:\\\/\\\/www.eltriangle.eu\\\/es\\\/#organization\",\"name\":\"El Triangle\",\"url\":\"https:\\\/\\\/www.eltriangle.eu\\\/es\\\/\",\"logo\":{\"@type\":\"ImageObject\",\"inLanguage\":\"es\",\"@id\":\"https:\\\/\\\/www.eltriangle.eu\\\/es\\\/#\\\/schema\\\/logo\\\/image\\\/\",\"url\":\"https:\\\/\\\/www.eltriangle.eu\\\/wp-content\\\/uploads\\\/2020\\\/11\\\/triangle_logo-ajustado.jpg\",\"contentUrl\":\"https:\\\/\\\/www.eltriangle.eu\\\/wp-content\\\/uploads\\\/2020\\\/11\\\/triangle_logo-ajustado.jpg\",\"width\":521,\"height\":92,\"caption\":\"El Triangle\"},\"image\":{\"@id\":\"https:\\\/\\\/www.eltriangle.eu\\\/es\\\/#\\\/schema\\\/logo\\\/image\\\/\"},\"sameAs\":[\"https:\\\/\\\/www.facebook.com\\\/El-Triangle-Diari-101787399020302\",\"https:\\\/\\\/x.com\\\/El_Triangle\",\"https:\\\/\\\/www.youtube.com\\\/channel\\\/UCTIjmYEMYSpdGonuAgNhbcg\"]},{\"@type\":\"Person\",\"@id\":\"https:\\\/\\\/www.eltriangle.eu\\\/es\\\/#\\\/schema\\\/person\\\/df9cb61ef0b061092c35cf7a8636dfc6\",\"name\":\"xavier\",\"image\":{\"@type\":\"ImageObject\",\"inLanguage\":\"es\",\"@id\":\"\\\/\\\/www.gravatar.com\\\/avatar\\\/70cc50ebe4287089b363a6a3c8fa3e72?s=96&#038;r=g&#038;d=mm\",\"url\":\"\\\/\\\/www.gravatar.com\\\/avatar\\\/70cc50ebe4287089b363a6a3c8fa3e72?s=96&#038;r=g&#038;d=mm\",\"contentUrl\":\"\\\/\\\/www.gravatar.com\\\/avatar\\\/70cc50ebe4287089b363a6a3c8fa3e72?s=96&#038;r=g&#038;d=mm\",\"caption\":\"xavier\"},\"url\":\"https:\\\/\\\/www.eltriangle.eu\\\/es\\\/author\\\/xavier\\\/\"},{\"@type\":\"SiteNavigationElement\",\"@id\":\"https:\\\/\\\/www.eltriangle.eu\\\/es\\\/#site-navigation\",\"cssSelector\":[\".cib-main-menu\"]},{\"@type\":\"WPHeader\",\"@id\":\"https:\\\/\\\/www.eltriangle.eu\\\/es\\\/#header\",\"cssSelector\":[\".cib-header\"]},{\"@type\":\"WPFooter\",\"@id\":\"https:\\\/\\\/www.eltriangle.eu\\\/es\\\/#footer\",\"cssSelector\":[\".cib-footer\"]}]}<\/script>\n<!-- \/ Yoast SEO plugin. -->","yoast_head_json":{"title":"\u00bfCu\u00e1nto ha podido costarle al Bar\u00e7a la 'macarronada' electoral de Laporta? - El Triangle","description":"Como en el universo laportista cabe cualquier dislate, incluso los detalles m\u00e1s previsibles destilan un olor inherente de \"compadreo\", amiguismo y una","robots":{"index":"index","follow":"follow","max-snippet":"max-snippet:-1","max-image-preview":"max-image-preview:large","max-video-preview":"max-video-preview:-1"},"canonical":"https:\/\/www.eltriangle.eu\/es\/2026\/04\/25\/cuanto-ha-podido-costarle-al-barca-la-macarronada-electoral-de-laporta\/","og_locale":"es_ES","og_type":"article","og_title":"\u00bfCu\u00e1nto ha podido costarle al Bar\u00e7a la 'macarronada' electoral de Laporta? - El Triangle","og_description":"Como en el universo laportista cabe cualquier dislate, incluso los detalles m\u00e1s previsibles destilan un olor inherente de \"compadreo\", amiguismo y una","og_url":"https:\/\/www.eltriangle.eu\/es\/2026\/04\/25\/cuanto-ha-podido-costarle-al-barca-la-macarronada-electoral-de-laporta\/","og_site_name":"El Triangle","article_publisher":"https:\/\/www.facebook.com\/El-Triangle-Diari-101787399020302","article_published_time":"2026-04-25T03:30:34+00:00","og_image":[{"width":680,"height":453,"url":"https:\/\/www.eltriangle.eu\/wp-content\/uploads\/2026\/03\/Joan-Laporta-ensenyant-el-vot-a-ell-mateix-just-abans-de-votar-se-_Defensem-el-Barca_.jpg","type":"image\/jpeg"}],"author":"xavier","twitter_card":"summary_large_image","twitter_creator":"@El_Triangle","twitter_site":"@El_Triangle","twitter_misc":{"Escrito por":"xavier","Tiempo de lectura":"3 minutos"},"schema":{"@context":"https:\/\/schema.org","@graph":[{"@type":"NewsArticle","@id":"https:\/\/www.eltriangle.eu\/es\/2026\/04\/25\/cuanto-ha-podido-costarle-al-barca-la-macarronada-electoral-de-laporta\/#article","isPartOf":{"@id":"https:\/\/www.eltriangle.eu\/es\/2026\/04\/25\/cuanto-ha-podido-costarle-al-barca-la-macarronada-electoral-de-laporta\/"},"author":{"name":"xavier","@id":"https:\/\/www.eltriangle.eu\/es\/#\/schema\/person\/df9cb61ef0b061092c35cf7a8636dfc6"},"headline":"\u00bfCu\u00e1nto ha podido costarle al Bar\u00e7a la &#8216;macarronada&#8217; electoral de Laporta?","datePublished":"2026-04-25T03:30:34+00:00","mainEntityOfPage":{"@id":"https:\/\/www.eltriangle.eu\/es\/2026\/04\/25\/cuanto-ha-podido-costarle-al-barca-la-macarronada-electoral-de-laporta\/"},"wordCount":533,"commentCount":0,"publisher":{"@id":"https:\/\/www.eltriangle.eu\/es\/#organization"},"image":{"@id":"https:\/\/www.eltriangle.eu\/es\/2026\/04\/25\/cuanto-ha-podido-costarle-al-barca-la-macarronada-electoral-de-laporta\/#primaryimage"},"thumbnailUrl":"https:\/\/www.eltriangle.eu\/wp-content\/uploads\/2026\/03\/Joan-Laporta-ensenyant-el-vot-a-ell-mateix-just-abans-de-votar-se-_Defensem-el-Barca_.jpg","keywords":["FC Barcelona","Joan Laporta"],"articleSection":["Confidencial"],"inLanguage":"es","potentialAction":[{"@type":"CommentAction","name":"Comment","target":["https:\/\/www.eltriangle.eu\/es\/2026\/04\/25\/cuanto-ha-podido-costarle-al-barca-la-macarronada-electoral-de-laporta\/#respond"]}]},{"@type":"WebPage","@id":"https:\/\/www.eltriangle.eu\/es\/2026\/04\/25\/cuanto-ha-podido-costarle-al-barca-la-macarronada-electoral-de-laporta\/","url":"https:\/\/www.eltriangle.eu\/es\/2026\/04\/25\/cuanto-ha-podido-costarle-al-barca-la-macarronada-electoral-de-laporta\/","name":"\u00bfCu\u00e1nto ha podido costarle al Bar\u00e7a la 'macarronada' electoral de Laporta? - El Triangle","isPartOf":{"@id":"https:\/\/www.eltriangle.eu\/es\/#website"},"primaryImageOfPage":{"@id":"https:\/\/www.eltriangle.eu\/es\/2026\/04\/25\/cuanto-ha-podido-costarle-al-barca-la-macarronada-electoral-de-laporta\/#primaryimage"},"image":{"@id":"https:\/\/www.eltriangle.eu\/es\/2026\/04\/25\/cuanto-ha-podido-costarle-al-barca-la-macarronada-electoral-de-laporta\/#primaryimage"},"thumbnailUrl":"https:\/\/www.eltriangle.eu\/wp-content\/uploads\/2026\/03\/Joan-Laporta-ensenyant-el-vot-a-ell-mateix-just-abans-de-votar-se-_Defensem-el-Barca_.jpg","datePublished":"2026-04-25T03:30:34+00:00","description":"Como en el universo laportista cabe cualquier dislate, incluso los detalles m\u00e1s previsibles destilan un olor inherente de \"compadreo\", amiguismo y una","breadcrumb":{"@id":"https:\/\/www.eltriangle.eu\/es\/2026\/04\/25\/cuanto-ha-podido-costarle-al-barca-la-macarronada-electoral-de-laporta\/#breadcrumb"},"inLanguage":"es","potentialAction":[{"@type":"ReadAction","target":["https:\/\/www.eltriangle.eu\/es\/2026\/04\/25\/cuanto-ha-podido-costarle-al-barca-la-macarronada-electoral-de-laporta\/"]}]},{"@type":"ImageObject","inLanguage":"es","@id":"https:\/\/www.eltriangle.eu\/es\/2026\/04\/25\/cuanto-ha-podido-costarle-al-barca-la-macarronada-electoral-de-laporta\/#primaryimage","url":"https:\/\/www.eltriangle.eu\/wp-content\/uploads\/2026\/03\/Joan-Laporta-ensenyant-el-vot-a-ell-mateix-just-abans-de-votar-se-_Defensem-el-Barca_.jpg","contentUrl":"https:\/\/www.eltriangle.eu\/wp-content\/uploads\/2026\/03\/Joan-Laporta-ensenyant-el-vot-a-ell-mateix-just-abans-de-votar-se-_Defensem-el-Barca_.jpg","width":680,"height":453},{"@type":"BreadcrumbList","@id":"https:\/\/www.eltriangle.eu\/es\/2026\/04\/25\/cuanto-ha-podido-costarle-al-barca-la-macarronada-electoral-de-laporta\/#breadcrumb","itemListElement":[{"@type":"ListItem","position":1,"name":"Portada","item":"https:\/\/www.eltriangle.eu\/es\/"},{"@type":"ListItem","position":2,"name":"\u00bfCu\u00e1nto ha podido costarle al Bar\u00e7a la &#8216;macarronada&#8217; electoral de Laporta?"}]},{"@type":"WebSite","@id":"https:\/\/www.eltriangle.eu\/es\/#website","url":"https:\/\/www.eltriangle.eu\/es\/","name":"El Triangle","description":"El Triangle \u00e9s un Diari d&#039;informaci\u00f3 general, editat a Catalunya i escrit en llengua catalana, especialitzat en investigaci\u00f3 period\u00edstica","publisher":{"@id":"https:\/\/www.eltriangle.eu\/es\/#organization"},"potentialAction":[{"@type":"SearchAction","target":{"@type":"EntryPoint","urlTemplate":"https:\/\/www.eltriangle.eu\/es\/?s={search_term_string}"},"query-input":{"@type":"PropertyValueSpecification","valueRequired":true,"valueName":"search_term_string"}}],"inLanguage":"es"},{"@type":["Organization","NewsMediaOrganization"],"@id":"https:\/\/www.eltriangle.eu\/es\/#organization","name":"El Triangle","url":"https:\/\/www.eltriangle.eu\/es\/","logo":{"@type":"ImageObject","inLanguage":"es","@id":"https:\/\/www.eltriangle.eu\/es\/#\/schema\/logo\/image\/","url":"https:\/\/www.eltriangle.eu\/wp-content\/uploads\/2020\/11\/triangle_logo-ajustado.jpg","contentUrl":"https:\/\/www.eltriangle.eu\/wp-content\/uploads\/2020\/11\/triangle_logo-ajustado.jpg","width":521,"height":92,"caption":"El Triangle"},"image":{"@id":"https:\/\/www.eltriangle.eu\/es\/#\/schema\/logo\/image\/"},"sameAs":["https:\/\/www.facebook.com\/El-Triangle-Diari-101787399020302","https:\/\/x.com\/El_Triangle","https:\/\/www.youtube.com\/channel\/UCTIjmYEMYSpdGonuAgNhbcg"]},{"@type":"Person","@id":"https:\/\/www.eltriangle.eu\/es\/#\/schema\/person\/df9cb61ef0b061092c35cf7a8636dfc6","name":"xavier","image":{"@type":"ImageObject","inLanguage":"es","@id":"\/\/www.gravatar.com\/avatar\/70cc50ebe4287089b363a6a3c8fa3e72?s=96&#038;r=g&#038;d=mm","url":"\/\/www.gravatar.com\/avatar\/70cc50ebe4287089b363a6a3c8fa3e72?s=96&#038;r=g&#038;d=mm","contentUrl":"\/\/www.gravatar.com\/avatar\/70cc50ebe4287089b363a6a3c8fa3e72?s=96&#038;r=g&#038;d=mm","caption":"xavier"},"url":"https:\/\/www.eltriangle.eu\/es\/author\/xavier\/"},{"@type":"SiteNavigationElement","@id":"https:\/\/www.eltriangle.eu\/es\/#site-navigation","cssSelector":[".cib-main-menu"]},{"@type":"WPHeader","@id":"https:\/\/www.eltriangle.eu\/es\/#header","cssSelector":[".cib-header"]},{"@type":"WPFooter","@id":"https:\/\/www.eltriangle.eu\/es\/#footer","cssSelector":[".cib-footer"]}]}},"amp_enabled":true,"_links":{"self":[{"href":"https:\/\/www.eltriangle.eu\/es\/wp-json\/wp\/v2\/posts\/369257","targetHints":{"allow":["GET"]}}],"collection":[{"href":"https:\/\/www.eltriangle.eu\/es\/wp-json\/wp\/v2\/posts"}],"about":[{"href":"https:\/\/www.eltriangle.eu\/es\/wp-json\/wp\/v2\/types\/post"}],"author":[{"embeddable":true,"href":"https:\/\/www.eltriangle.eu\/es\/wp-json\/wp\/v2\/users\/97"}],"replies":[{"embeddable":true,"href":"https:\/\/www.eltriangle.eu\/es\/wp-json\/wp\/v2\/comments?post=369257"}],"version-history":[{"count":1,"href":"https:\/\/www.eltriangle.eu\/es\/wp-json\/wp\/v2\/posts\/369257\/revisions"}],"predecessor-version":[{"id":369258,"href":"https:\/\/www.eltriangle.eu\/es\/wp-json\/wp\/v2\/posts\/369257\/revisions\/369258"}],"wp:featuredmedia":[{"embeddable":true,"href":"https:\/\/www.eltriangle.eu\/es\/wp-json\/wp\/v2\/media\/363073"}],"wp:attachment":[{"href":"https:\/\/www.eltriangle.eu\/es\/wp-json\/wp\/v2\/media?parent=369257"}],"wp:term":[{"taxonomy":"category","embeddable":true,"href":"https:\/\/www.eltriangle.eu\/es\/wp-json\/wp\/v2\/categories?post=369257"},{"taxonomy":"post_tag","embeddable":true,"href":"https:\/\/www.eltriangle.eu\/es\/wp-json\/wp\/v2\/tags?post=369257"}],"curies":[{"name":"wp","href":"https:\/\/api.w.org\/{rel}","templated":true}]}}