{"id":369126,"date":"2026-04-24T05:30:18","date_gmt":"2026-04-24T03:30:18","guid":{"rendered":null},"modified":"2026-04-23T18:45:37","modified_gmt":"2026-04-23T16:45:37","slug":"que-famosa-cocinera-critica-el-nuevo-menu-escolar","status":"publish","type":"post","link":"https:\/\/www.eltriangle.eu\/es\/2026\/04\/24\/que-famosa-cocinera-critica-el-nuevo-menu-escolar\/","title":{"rendered":"\u00bfQu\u00e9 famosa cocinera critica el nuevo men\u00fa escolar?"},"content":{"rendered":"<p>El nuevo decreto sobre comedores escolares ya ha empezado a generar debate m\u00e1s all\u00e1 del \u00e1mbito educativo. La normativa, que limita la carne roja, los fritos y los precocinados y apuesta por m\u00e1s verdura, legumbres y productos integrales, entr\u00f3 en vigor la semana pasada con el objetivo de hacer las comidas m\u00e1s saludables.<\/p>\n<p>Quien ha levantado la voz con m\u00e1s contundencia es la cocinera <strong>Maria Nicolau<\/strong>. Lejos de centrarse en el contenido nutricional, Nicolau ha puesto el foco en el modelo mismo de men\u00fa escolar, criticando que se mantenga el esquema cl\u00e1sico de primero, segundo y postre.<\/p>\n<p>\u00abNo tiene ning\u00fan sentido que en 2026 sigamos implementando la f\u00f3rmula del men\u00fa del d\u00eda [&#8230;] instaurada artificialmente en 1964 por el Ministerio de Informaci\u00f3n y Turismo franquista de <strong>Manuel Fraga<\/strong>\u00ab, ha asegurado. La cocinera defiende, en cambio, un modelo m\u00e1s simple y coherente con la cocina cotidiana, basado en un plato central completo. \u00abEn casa se hace guisado central completo y ensalada\u00bb, comenta.<\/p>\n<p>El debate, por tanto, no es solo nutricional, sino tambi\u00e9n cultural. Mientras la administraci\u00f3n pone el acento en la salud, voces como la de Nicolau cuestionan el patr\u00f3n estructural de las comidas escolares, poniendo sobre la mesa hasta qu\u00e9 punto el cambio real pasa por modificar no solo qu\u00e9 se come, sino c\u00f3mo se organiza el men\u00fa.<\/p>\n","protected":false},"excerpt":{"rendered":"<p>El nuevo decreto sobre comedores escolares ya ha empezado a generar debate m\u00e1s all\u00e1 del \u00e1mbito educativo. La normativa, que limita la carne roja, los fritos y los precocinados y apuesta por m\u00e1s verdura, legumbres y productos integrales, entr\u00f3 en vigor la semana pasada con el objetivo de hacer las comidas m\u00e1s saludables. Quien ha &#8230; <a title=\"\u00bfQu\u00e9 famosa cocinera critica el nuevo men\u00fa escolar?\" class=\"read-more\" href=\"https:\/\/www.eltriangle.eu\/es\/2026\/04\/24\/que-famosa-cocinera-critica-el-nuevo-menu-escolar\/\" aria-label=\"Leer m\u00e1s sobre \u00bfQu\u00e9 famosa cocinera critica el nuevo men\u00fa escolar?\">Leer m\u00e1s<\/a><\/p>\n","protected":false},"author":97,"featured_media":369124,"comment_status":"open","ping_status":"closed","sticky":false,"template":"","format":"standard","meta":{"_acf_changed":false,"pmpro_default_level":"","footnotes":""},"categories":[20],"tags":[6590],"class_list":["post-369126","post","type-post","status-publish","format-standard","has-post-thumbnail","hentry","category-confidencial","tag-ensenanza","lh_instant_articles-syndicate-yes","pmpro-has-access"],"acf":[],"yoast_head":"<!-- This site is optimized with the Yoast SEO plugin v27.4 - https:\/\/yoast.com\/product\/yoast-seo-wordpress\/ -->\n<title>\u00bfQu\u00e9 famosa cocinera critica el nuevo men\u00fa escolar? - El Triangle<\/title>\n<meta name=\"description\" content=\"El nuevo decreto sobre comedores escolares ya ha empezado a generar debate m\u00e1s all\u00e1 del \u00e1mbito educativo. La normativa, que limita la carne roja, los\" class=\"yoast-seo-meta-tag\" \/>\n<meta name=\"robots\" content=\"index, follow, max-snippet:-1, max-image-preview:large, max-video-preview:-1\" \/>\n<link rel=\"canonical\" href=\"https:\/\/www.eltriangle.eu\/es\/2026\/04\/24\/que-famosa-cocinera-critica-el-nuevo-menu-escolar\/\" class=\"yoast-seo-meta-tag\" \/>\n<meta property=\"og:locale\" content=\"es_ES\" class=\"yoast-seo-meta-tag\" \/>\n<meta property=\"og:type\" content=\"article\" class=\"yoast-seo-meta-tag\" \/>\n<meta property=\"og:title\" content=\"\u00bfQu\u00e9 famosa cocinera critica el nuevo men\u00fa escolar? - El Triangle\" class=\"yoast-seo-meta-tag\" \/>\n<meta property=\"og:description\" content=\"El nuevo decreto sobre comedores escolares ya ha empezado a generar debate m\u00e1s all\u00e1 del \u00e1mbito educativo. La normativa, que limita la carne roja, los\" class=\"yoast-seo-meta-tag\" \/>\n<meta property=\"og:url\" content=\"https:\/\/www.eltriangle.eu\/es\/2026\/04\/24\/que-famosa-cocinera-critica-el-nuevo-menu-escolar\/\" class=\"yoast-seo-meta-tag\" \/>\n<meta property=\"og:site_name\" content=\"El Triangle\" class=\"yoast-seo-meta-tag\" \/>\n<meta property=\"article:publisher\" content=\"https:\/\/www.facebook.com\/El-Triangle-Diari-101787399020302\" class=\"yoast-seo-meta-tag\" \/>\n<meta property=\"article:published_time\" content=\"2026-04-24T03:30:18+00:00\" class=\"yoast-seo-meta-tag\" \/>\n<meta property=\"og:image\" content=\"https:\/\/www.eltriangle.eu\/wp-content\/uploads\/2026\/04\/menu-escolar-salut-educacio.jpg\" class=\"yoast-seo-meta-tag\" \/>\n\t<meta property=\"og:image:width\" content=\"675\" class=\"yoast-seo-meta-tag\" \/>\n\t<meta property=\"og:image:height\" content=\"404\" class=\"yoast-seo-meta-tag\" \/>\n\t<meta property=\"og:image:type\" content=\"image\/jpeg\" class=\"yoast-seo-meta-tag\" \/>\n<meta name=\"author\" content=\"xavier\" class=\"yoast-seo-meta-tag\" \/>\n<meta name=\"twitter:card\" content=\"summary_large_image\" class=\"yoast-seo-meta-tag\" \/>\n<meta name=\"twitter:creator\" content=\"@El_Triangle\" class=\"yoast-seo-meta-tag\" \/>\n<meta name=\"twitter:site\" content=\"@El_Triangle\" class=\"yoast-seo-meta-tag\" \/>\n<meta name=\"twitter:label1\" content=\"Escrito por\" class=\"yoast-seo-meta-tag\" \/>\n\t<meta name=\"twitter:data1\" content=\"xavier\" class=\"yoast-seo-meta-tag\" \/>\n\t<meta name=\"twitter:label2\" content=\"Tiempo de lectura\" class=\"yoast-seo-meta-tag\" \/>\n\t<meta name=\"twitter:data2\" content=\"1 minuto\" class=\"yoast-seo-meta-tag\" \/>\n<script type=\"application\/ld+json\" class=\"yoast-schema-graph\">{\"@context\":\"https:\\\/\\\/schema.org\",\"@graph\":[{\"@type\":\"NewsArticle\",\"@id\":\"https:\\\/\\\/www.eltriangle.eu\\\/es\\\/2026\\\/04\\\/24\\\/que-famosa-cocinera-critica-el-nuevo-menu-escolar\\\/#article\",\"isPartOf\":{\"@id\":\"https:\\\/\\\/www.eltriangle.eu\\\/es\\\/2026\\\/04\\\/24\\\/que-famosa-cocinera-critica-el-nuevo-menu-escolar\\\/\"},\"author\":{\"name\":\"xavier\",\"@id\":\"https:\\\/\\\/www.eltriangle.eu\\\/es\\\/#\\\/schema\\\/person\\\/df9cb61ef0b061092c35cf7a8636dfc6\"},\"headline\":\"\u00bfQu\u00e9 famosa cocinera critica el nuevo men\u00fa escolar?\",\"datePublished\":\"2026-04-24T03:30:18+00:00\",\"mainEntityOfPage\":{\"@id\":\"https:\\\/\\\/www.eltriangle.eu\\\/es\\\/2026\\\/04\\\/24\\\/que-famosa-cocinera-critica-el-nuevo-menu-escolar\\\/\"},\"wordCount\":237,\"commentCount\":0,\"publisher\":{\"@id\":\"https:\\\/\\\/www.eltriangle.eu\\\/es\\\/#organization\"},\"image\":{\"@id\":\"https:\\\/\\\/www.eltriangle.eu\\\/es\\\/2026\\\/04\\\/24\\\/que-famosa-cocinera-critica-el-nuevo-menu-escolar\\\/#primaryimage\"},\"thumbnailUrl\":\"https:\\\/\\\/www.eltriangle.eu\\\/wp-content\\\/uploads\\\/2026\\\/04\\\/menu-escolar-salut-educacio.jpg\",\"keywords\":[\"ense\u00f1anza\"],\"articleSection\":[\"Confidencial\"],\"inLanguage\":\"es\",\"potentialAction\":[{\"@type\":\"CommentAction\",\"name\":\"Comment\",\"target\":[\"https:\\\/\\\/www.eltriangle.eu\\\/es\\\/2026\\\/04\\\/24\\\/que-famosa-cocinera-critica-el-nuevo-menu-escolar\\\/#respond\"]}]},{\"@type\":\"WebPage\",\"@id\":\"https:\\\/\\\/www.eltriangle.eu\\\/es\\\/2026\\\/04\\\/24\\\/que-famosa-cocinera-critica-el-nuevo-menu-escolar\\\/\",\"url\":\"https:\\\/\\\/www.eltriangle.eu\\\/es\\\/2026\\\/04\\\/24\\\/que-famosa-cocinera-critica-el-nuevo-menu-escolar\\\/\",\"name\":\"\u00bfQu\u00e9 famosa cocinera critica el nuevo men\u00fa escolar? - El Triangle\",\"isPartOf\":{\"@id\":\"https:\\\/\\\/www.eltriangle.eu\\\/es\\\/#website\"},\"primaryImageOfPage\":{\"@id\":\"https:\\\/\\\/www.eltriangle.eu\\\/es\\\/2026\\\/04\\\/24\\\/que-famosa-cocinera-critica-el-nuevo-menu-escolar\\\/#primaryimage\"},\"image\":{\"@id\":\"https:\\\/\\\/www.eltriangle.eu\\\/es\\\/2026\\\/04\\\/24\\\/que-famosa-cocinera-critica-el-nuevo-menu-escolar\\\/#primaryimage\"},\"thumbnailUrl\":\"https:\\\/\\\/www.eltriangle.eu\\\/wp-content\\\/uploads\\\/2026\\\/04\\\/menu-escolar-salut-educacio.jpg\",\"datePublished\":\"2026-04-24T03:30:18+00:00\",\"description\":\"El nuevo decreto sobre comedores escolares ya ha empezado a generar debate m\u00e1s all\u00e1 del \u00e1mbito educativo. La normativa, que limita la carne roja, los\",\"breadcrumb\":{\"@id\":\"https:\\\/\\\/www.eltriangle.eu\\\/es\\\/2026\\\/04\\\/24\\\/que-famosa-cocinera-critica-el-nuevo-menu-escolar\\\/#breadcrumb\"},\"inLanguage\":\"es\",\"potentialAction\":[{\"@type\":\"ReadAction\",\"target\":[\"https:\\\/\\\/www.eltriangle.eu\\\/es\\\/2026\\\/04\\\/24\\\/que-famosa-cocinera-critica-el-nuevo-menu-escolar\\\/\"]}]},{\"@type\":\"ImageObject\",\"inLanguage\":\"es\",\"@id\":\"https:\\\/\\\/www.eltriangle.eu\\\/es\\\/2026\\\/04\\\/24\\\/que-famosa-cocinera-critica-el-nuevo-menu-escolar\\\/#primaryimage\",\"url\":\"https:\\\/\\\/www.eltriangle.eu\\\/wp-content\\\/uploads\\\/2026\\\/04\\\/menu-escolar-salut-educacio.jpg\",\"contentUrl\":\"https:\\\/\\\/www.eltriangle.eu\\\/wp-content\\\/uploads\\\/2026\\\/04\\\/menu-escolar-salut-educacio.jpg\",\"width\":675,\"height\":404},{\"@type\":\"BreadcrumbList\",\"@id\":\"https:\\\/\\\/www.eltriangle.eu\\\/es\\\/2026\\\/04\\\/24\\\/que-famosa-cocinera-critica-el-nuevo-menu-escolar\\\/#breadcrumb\",\"itemListElement\":[{\"@type\":\"ListItem\",\"position\":1,\"name\":\"Portada\",\"item\":\"https:\\\/\\\/www.eltriangle.eu\\\/es\\\/\"},{\"@type\":\"ListItem\",\"position\":2,\"name\":\"\u00bfQu\u00e9 famosa cocinera critica el nuevo men\u00fa escolar?\"}]},{\"@type\":\"WebSite\",\"@id\":\"https:\\\/\\\/www.eltriangle.eu\\\/es\\\/#website\",\"url\":\"https:\\\/\\\/www.eltriangle.eu\\\/es\\\/\",\"name\":\"El Triangle\",\"description\":\"El Triangle \u00e9s un Diari d&#039;informaci\u00f3 general, editat a Catalunya i escrit en llengua catalana, especialitzat en investigaci\u00f3 period\u00edstica\",\"publisher\":{\"@id\":\"https:\\\/\\\/www.eltriangle.eu\\\/es\\\/#organization\"},\"potentialAction\":[{\"@type\":\"SearchAction\",\"target\":{\"@type\":\"EntryPoint\",\"urlTemplate\":\"https:\\\/\\\/www.eltriangle.eu\\\/es\\\/?s={search_term_string}\"},\"query-input\":{\"@type\":\"PropertyValueSpecification\",\"valueRequired\":true,\"valueName\":\"search_term_string\"}}],\"inLanguage\":\"es\"},{\"@type\":[\"Organization\",\"NewsMediaOrganization\"],\"@id\":\"https:\\\/\\\/www.eltriangle.eu\\\/es\\\/#organization\",\"name\":\"El Triangle\",\"url\":\"https:\\\/\\\/www.eltriangle.eu\\\/es\\\/\",\"logo\":{\"@type\":\"ImageObject\",\"inLanguage\":\"es\",\"@id\":\"https:\\\/\\\/www.eltriangle.eu\\\/es\\\/#\\\/schema\\\/logo\\\/image\\\/\",\"url\":\"https:\\\/\\\/www.eltriangle.eu\\\/wp-content\\\/uploads\\\/2020\\\/11\\\/triangle_logo-ajustado.jpg\",\"contentUrl\":\"https:\\\/\\\/www.eltriangle.eu\\\/wp-content\\\/uploads\\\/2020\\\/11\\\/triangle_logo-ajustado.jpg\",\"width\":521,\"height\":92,\"caption\":\"El Triangle\"},\"image\":{\"@id\":\"https:\\\/\\\/www.eltriangle.eu\\\/es\\\/#\\\/schema\\\/logo\\\/image\\\/\"},\"sameAs\":[\"https:\\\/\\\/www.facebook.com\\\/El-Triangle-Diari-101787399020302\",\"https:\\\/\\\/x.com\\\/El_Triangle\",\"https:\\\/\\\/www.youtube.com\\\/channel\\\/UCTIjmYEMYSpdGonuAgNhbcg\"]},{\"@type\":\"Person\",\"@id\":\"https:\\\/\\\/www.eltriangle.eu\\\/es\\\/#\\\/schema\\\/person\\\/df9cb61ef0b061092c35cf7a8636dfc6\",\"name\":\"xavier\",\"image\":{\"@type\":\"ImageObject\",\"inLanguage\":\"es\",\"@id\":\"\\\/\\\/www.gravatar.com\\\/avatar\\\/70cc50ebe4287089b363a6a3c8fa3e72?s=96&#038;r=g&#038;d=mm\",\"url\":\"\\\/\\\/www.gravatar.com\\\/avatar\\\/70cc50ebe4287089b363a6a3c8fa3e72?s=96&#038;r=g&#038;d=mm\",\"contentUrl\":\"\\\/\\\/www.gravatar.com\\\/avatar\\\/70cc50ebe4287089b363a6a3c8fa3e72?s=96&#038;r=g&#038;d=mm\",\"caption\":\"xavier\"},\"url\":\"https:\\\/\\\/www.eltriangle.eu\\\/es\\\/author\\\/xavier\\\/\"},{\"@type\":\"SiteNavigationElement\",\"@id\":\"https:\\\/\\\/www.eltriangle.eu\\\/es\\\/#site-navigation\",\"cssSelector\":[\".cib-main-menu\"]},{\"@type\":\"WPHeader\",\"@id\":\"https:\\\/\\\/www.eltriangle.eu\\\/es\\\/#header\",\"cssSelector\":[\".cib-header\"]},{\"@type\":\"WPFooter\",\"@id\":\"https:\\\/\\\/www.eltriangle.eu\\\/es\\\/#footer\",\"cssSelector\":[\".cib-footer\"]}]}<\/script>\n<!-- \/ Yoast SEO plugin. -->","yoast_head_json":{"title":"\u00bfQu\u00e9 famosa cocinera critica el nuevo men\u00fa escolar? - El Triangle","description":"El nuevo decreto sobre comedores escolares ya ha empezado a generar debate m\u00e1s all\u00e1 del \u00e1mbito educativo. La normativa, que limita la carne roja, los","robots":{"index":"index","follow":"follow","max-snippet":"max-snippet:-1","max-image-preview":"max-image-preview:large","max-video-preview":"max-video-preview:-1"},"canonical":"https:\/\/www.eltriangle.eu\/es\/2026\/04\/24\/que-famosa-cocinera-critica-el-nuevo-menu-escolar\/","og_locale":"es_ES","og_type":"article","og_title":"\u00bfQu\u00e9 famosa cocinera critica el nuevo men\u00fa escolar? - El Triangle","og_description":"El nuevo decreto sobre comedores escolares ya ha empezado a generar debate m\u00e1s all\u00e1 del \u00e1mbito educativo. La normativa, que limita la carne roja, los","og_url":"https:\/\/www.eltriangle.eu\/es\/2026\/04\/24\/que-famosa-cocinera-critica-el-nuevo-menu-escolar\/","og_site_name":"El Triangle","article_publisher":"https:\/\/www.facebook.com\/El-Triangle-Diari-101787399020302","article_published_time":"2026-04-24T03:30:18+00:00","og_image":[{"width":675,"height":404,"url":"https:\/\/www.eltriangle.eu\/wp-content\/uploads\/2026\/04\/menu-escolar-salut-educacio.jpg","type":"image\/jpeg"}],"author":"xavier","twitter_card":"summary_large_image","twitter_creator":"@El_Triangle","twitter_site":"@El_Triangle","twitter_misc":{"Escrito por":"xavier","Tiempo de lectura":"1 minuto"},"schema":{"@context":"https:\/\/schema.org","@graph":[{"@type":"NewsArticle","@id":"https:\/\/www.eltriangle.eu\/es\/2026\/04\/24\/que-famosa-cocinera-critica-el-nuevo-menu-escolar\/#article","isPartOf":{"@id":"https:\/\/www.eltriangle.eu\/es\/2026\/04\/24\/que-famosa-cocinera-critica-el-nuevo-menu-escolar\/"},"author":{"name":"xavier","@id":"https:\/\/www.eltriangle.eu\/es\/#\/schema\/person\/df9cb61ef0b061092c35cf7a8636dfc6"},"headline":"\u00bfQu\u00e9 famosa cocinera critica el nuevo men\u00fa escolar?","datePublished":"2026-04-24T03:30:18+00:00","mainEntityOfPage":{"@id":"https:\/\/www.eltriangle.eu\/es\/2026\/04\/24\/que-famosa-cocinera-critica-el-nuevo-menu-escolar\/"},"wordCount":237,"commentCount":0,"publisher":{"@id":"https:\/\/www.eltriangle.eu\/es\/#organization"},"image":{"@id":"https:\/\/www.eltriangle.eu\/es\/2026\/04\/24\/que-famosa-cocinera-critica-el-nuevo-menu-escolar\/#primaryimage"},"thumbnailUrl":"https:\/\/www.eltriangle.eu\/wp-content\/uploads\/2026\/04\/menu-escolar-salut-educacio.jpg","keywords":["ense\u00f1anza"],"articleSection":["Confidencial"],"inLanguage":"es","potentialAction":[{"@type":"CommentAction","name":"Comment","target":["https:\/\/www.eltriangle.eu\/es\/2026\/04\/24\/que-famosa-cocinera-critica-el-nuevo-menu-escolar\/#respond"]}]},{"@type":"WebPage","@id":"https:\/\/www.eltriangle.eu\/es\/2026\/04\/24\/que-famosa-cocinera-critica-el-nuevo-menu-escolar\/","url":"https:\/\/www.eltriangle.eu\/es\/2026\/04\/24\/que-famosa-cocinera-critica-el-nuevo-menu-escolar\/","name":"\u00bfQu\u00e9 famosa cocinera critica el nuevo men\u00fa escolar? - El Triangle","isPartOf":{"@id":"https:\/\/www.eltriangle.eu\/es\/#website"},"primaryImageOfPage":{"@id":"https:\/\/www.eltriangle.eu\/es\/2026\/04\/24\/que-famosa-cocinera-critica-el-nuevo-menu-escolar\/#primaryimage"},"image":{"@id":"https:\/\/www.eltriangle.eu\/es\/2026\/04\/24\/que-famosa-cocinera-critica-el-nuevo-menu-escolar\/#primaryimage"},"thumbnailUrl":"https:\/\/www.eltriangle.eu\/wp-content\/uploads\/2026\/04\/menu-escolar-salut-educacio.jpg","datePublished":"2026-04-24T03:30:18+00:00","description":"El nuevo decreto sobre comedores escolares ya ha empezado a generar debate m\u00e1s all\u00e1 del \u00e1mbito educativo. La normativa, que limita la carne roja, los","breadcrumb":{"@id":"https:\/\/www.eltriangle.eu\/es\/2026\/04\/24\/que-famosa-cocinera-critica-el-nuevo-menu-escolar\/#breadcrumb"},"inLanguage":"es","potentialAction":[{"@type":"ReadAction","target":["https:\/\/www.eltriangle.eu\/es\/2026\/04\/24\/que-famosa-cocinera-critica-el-nuevo-menu-escolar\/"]}]},{"@type":"ImageObject","inLanguage":"es","@id":"https:\/\/www.eltriangle.eu\/es\/2026\/04\/24\/que-famosa-cocinera-critica-el-nuevo-menu-escolar\/#primaryimage","url":"https:\/\/www.eltriangle.eu\/wp-content\/uploads\/2026\/04\/menu-escolar-salut-educacio.jpg","contentUrl":"https:\/\/www.eltriangle.eu\/wp-content\/uploads\/2026\/04\/menu-escolar-salut-educacio.jpg","width":675,"height":404},{"@type":"BreadcrumbList","@id":"https:\/\/www.eltriangle.eu\/es\/2026\/04\/24\/que-famosa-cocinera-critica-el-nuevo-menu-escolar\/#breadcrumb","itemListElement":[{"@type":"ListItem","position":1,"name":"Portada","item":"https:\/\/www.eltriangle.eu\/es\/"},{"@type":"ListItem","position":2,"name":"\u00bfQu\u00e9 famosa cocinera critica el nuevo men\u00fa escolar?"}]},{"@type":"WebSite","@id":"https:\/\/www.eltriangle.eu\/es\/#website","url":"https:\/\/www.eltriangle.eu\/es\/","name":"El Triangle","description":"El Triangle \u00e9s un Diari d&#039;informaci\u00f3 general, editat a Catalunya i escrit en llengua catalana, especialitzat en investigaci\u00f3 period\u00edstica","publisher":{"@id":"https:\/\/www.eltriangle.eu\/es\/#organization"},"potentialAction":[{"@type":"SearchAction","target":{"@type":"EntryPoint","urlTemplate":"https:\/\/www.eltriangle.eu\/es\/?s={search_term_string}"},"query-input":{"@type":"PropertyValueSpecification","valueRequired":true,"valueName":"search_term_string"}}],"inLanguage":"es"},{"@type":["Organization","NewsMediaOrganization"],"@id":"https:\/\/www.eltriangle.eu\/es\/#organization","name":"El Triangle","url":"https:\/\/www.eltriangle.eu\/es\/","logo":{"@type":"ImageObject","inLanguage":"es","@id":"https:\/\/www.eltriangle.eu\/es\/#\/schema\/logo\/image\/","url":"https:\/\/www.eltriangle.eu\/wp-content\/uploads\/2020\/11\/triangle_logo-ajustado.jpg","contentUrl":"https:\/\/www.eltriangle.eu\/wp-content\/uploads\/2020\/11\/triangle_logo-ajustado.jpg","width":521,"height":92,"caption":"El Triangle"},"image":{"@id":"https:\/\/www.eltriangle.eu\/es\/#\/schema\/logo\/image\/"},"sameAs":["https:\/\/www.facebook.com\/El-Triangle-Diari-101787399020302","https:\/\/x.com\/El_Triangle","https:\/\/www.youtube.com\/channel\/UCTIjmYEMYSpdGonuAgNhbcg"]},{"@type":"Person","@id":"https:\/\/www.eltriangle.eu\/es\/#\/schema\/person\/df9cb61ef0b061092c35cf7a8636dfc6","name":"xavier","image":{"@type":"ImageObject","inLanguage":"es","@id":"\/\/www.gravatar.com\/avatar\/70cc50ebe4287089b363a6a3c8fa3e72?s=96&#038;r=g&#038;d=mm","url":"\/\/www.gravatar.com\/avatar\/70cc50ebe4287089b363a6a3c8fa3e72?s=96&#038;r=g&#038;d=mm","contentUrl":"\/\/www.gravatar.com\/avatar\/70cc50ebe4287089b363a6a3c8fa3e72?s=96&#038;r=g&#038;d=mm","caption":"xavier"},"url":"https:\/\/www.eltriangle.eu\/es\/author\/xavier\/"},{"@type":"SiteNavigationElement","@id":"https:\/\/www.eltriangle.eu\/es\/#site-navigation","cssSelector":[".cib-main-menu"]},{"@type":"WPHeader","@id":"https:\/\/www.eltriangle.eu\/es\/#header","cssSelector":[".cib-header"]},{"@type":"WPFooter","@id":"https:\/\/www.eltriangle.eu\/es\/#footer","cssSelector":[".cib-footer"]}]}},"amp_enabled":true,"_links":{"self":[{"href":"https:\/\/www.eltriangle.eu\/es\/wp-json\/wp\/v2\/posts\/369126","targetHints":{"allow":["GET"]}}],"collection":[{"href":"https:\/\/www.eltriangle.eu\/es\/wp-json\/wp\/v2\/posts"}],"about":[{"href":"https:\/\/www.eltriangle.eu\/es\/wp-json\/wp\/v2\/types\/post"}],"author":[{"embeddable":true,"href":"https:\/\/www.eltriangle.eu\/es\/wp-json\/wp\/v2\/users\/97"}],"replies":[{"embeddable":true,"href":"https:\/\/www.eltriangle.eu\/es\/wp-json\/wp\/v2\/comments?post=369126"}],"version-history":[{"count":1,"href":"https:\/\/www.eltriangle.eu\/es\/wp-json\/wp\/v2\/posts\/369126\/revisions"}],"predecessor-version":[{"id":369128,"href":"https:\/\/www.eltriangle.eu\/es\/wp-json\/wp\/v2\/posts\/369126\/revisions\/369128"}],"wp:featuredmedia":[{"embeddable":true,"href":"https:\/\/www.eltriangle.eu\/es\/wp-json\/wp\/v2\/media\/369124"}],"wp:attachment":[{"href":"https:\/\/www.eltriangle.eu\/es\/wp-json\/wp\/v2\/media?parent=369126"}],"wp:term":[{"taxonomy":"category","embeddable":true,"href":"https:\/\/www.eltriangle.eu\/es\/wp-json\/wp\/v2\/categories?post=369126"},{"taxonomy":"post_tag","embeddable":true,"href":"https:\/\/www.eltriangle.eu\/es\/wp-json\/wp\/v2\/tags?post=369126"}],"curies":[{"name":"wp","href":"https:\/\/api.w.org\/{rel}","templated":true}]}}