{"id":369072,"date":"2026-04-24T05:00:47","date_gmt":"2026-04-24T03:00:47","guid":{"rendered":null},"modified":"2026-04-23T17:56:04","modified_gmt":"2026-04-23T15:56:04","slug":"menjometre-brazo-digital-de-puigdemont-y-junts","status":"publish","type":"post","link":"https:\/\/www.eltriangle.eu\/es\/2026\/04\/24\/menjometre-brazo-digital-de-puigdemont-y-junts\/","title":{"rendered":"Menj\u00f2metre, brazo digital de Puigdemont y Junts"},"content":{"rendered":"<p><a href=\"https:\/\/www.eltriangle.eu\/es\/2026\/03\/28\/la-extrema-derecha-principal-beneficiaria-del-menjometre-cat\/?swcfpc=1\" target=\"_blank\" rel=\"noopener\">Menjometre.cat que apareci\u00f3 a primeros de marzo y se present\u00f3 como un portal de denuncia de las subvenciones p\u00fablicas partidistas<\/a> es, en realidad, una herramienta de apoyo a Junts y a su presidente, <strong>Carles Puigdemont<\/strong>. Aunque los responsables del portal pretend\u00edan quedar en el anonimato ampar\u00e1ndose en las etiquetas de <strong>@segellfosc<\/strong> y <strong>@GuillemdelsComptesclars<\/strong>, el digital Vilaweb descubri\u00f3 que el empresario <strong>Albert Castell\u00f3n<\/strong> estaba detr\u00e1s de @segellfosc. Tanto \u00e9l como las etiquetas mencionadas se dedican a atacar todo lo que hacen o dicen los dirigentes socialistas, de ERC o los comunes repitiendo los argumentos de Puigdemont y los portavoces de Junts.<\/p>\n<p>La simpat\u00eda de Castell\u00f3n hacia Puigdemont viene de lejos. El 9 de agosto de 2024 escrib\u00eda este mensaje en X: \u00abViendo el estado de demolici\u00f3n en el que ha quedado Esquerra y que Junts va por el mismo camino, ha llegado la hora de que @KRLS Puigdemont funde el Catalan National Party. Arrasar\u00eda en las elecciones si su \u00fanico punto del programa fuera la independencia. Ni derecha, ni izquierda, ni mediocentro. Independencia\u00bb.<\/p>\n<p>Unos d\u00edas antes suger\u00eda qu\u00e9 tiene que hacer Junts para evitar que Alian\u00e7a Catalana les robe votos: \u00abTengo la intuici\u00f3n de que se est\u00e1 cociendo una masiva votaci\u00f3n a Alian\u00e7a Catalana. El rid\u00edculo pol\u00edtico de Esquerra ser\u00e1 su causa. La abstenci\u00f3n acabar\u00e1 despert\u00e1ndose. Eso s\u00f3lo lo puede frenar @KRLS Puigdemont con un programa identitario que especifique una sola cosa: Catalu\u00f1a primero\u00bb.<\/p>\n<p>El pasado 16 de abril, reenviaba un mensaje del presidente de Junts en el que acusaba a \u00abla izquierda desnortada\u00bb de tener \u00abbajeza moral\u00bb y dec\u00eda: \u00abInsultar @JuntsXCat resulta gratis en Espa\u00f1a, MHP @KRLS, porque saben que representa a la Catalu\u00f1a catalana, aquella con la que no tienen nada que hacer. Saben que la gente que ten\u00e9is detr\u00e1s ya nunca m\u00e1s ser\u00e1 espa\u00f1ola. No dicen lo mismo de @esquerra porque saben que todav\u00eda pueden pescar votos\u00bb.<\/p>\n<figure id=\"attachment_369059\" aria-describedby=\"caption-attachment-369059\" style=\"width: 820px\" class=\"wp-caption aligncenter\"><img decoding=\"async\" loading=\"lazy\" class=\" wp-image-369059\" src=\"https:\/\/www.eltriangle.eu\/wp-content\/uploads\/2026\/04\/missatges-x-menjometre-puigdemont-adversaris-300x120.jpg\" alt=\"\" width=\"830\" height=\"332\" srcset=\"https:\/\/www.eltriangle.eu\/wp-content\/uploads\/2026\/04\/missatges-x-menjometre-puigdemont-adversaris-300x120.jpg 300w, https:\/\/www.eltriangle.eu\/wp-content\/uploads\/2026\/04\/missatges-x-menjometre-puigdemont-adversaris-1024x411.jpg 1024w, https:\/\/www.eltriangle.eu\/wp-content\/uploads\/2026\/04\/missatges-x-menjometre-puigdemont-adversaris.jpg 1280w\" sizes=\"auto, (max-width: 830px) 100vw, 830px\" \/><figcaption id=\"caption-attachment-369059\" class=\"wp-caption-text\"><em>Mensajes en X de los impulsores del &#8216;Menj\u00f2metre&#8217; de apoyo a Puigdemont y contra sus adversarios pol\u00edticos.<\/em><\/figcaption><\/figure>\n<h2><strong>Urgencia moral de echar a Illa de la Generalitat<\/strong><\/h2>\n<p>Adem\u00e1s de elogiar a Puigdemont y a Junts, Castell\u00f3n, @GuillemdelsComptesclars y @segellfosc arremeten contra sus adversarios pol\u00edticos. El 13 de abril, Castell\u00f3n se dirig\u00eda a <strong>Salvador Illa<\/strong> y le dec\u00eda que es una \u00aburgencia moral y \u00e9tica echarte de la Generalitat\u00bb. @GuillemdelsComptesclars a\u00f1ad\u00eda que Illa no ha tenido \u00aburgencia moral\u00bb para resolver el problema de los maestros.<\/p>\n<p>Castell\u00f3n se refiere as\u00ed a <strong>Gabriel Rufi\u00e1n<\/strong>: \u00abEs la Bel\u00e9n Esteban de la pol\u00edtica catalana. Acabar\u00e1 en Supervivientes cobrando m\u00e1s que de la pol\u00edtica. Pero sin la pol\u00edtica habr\u00eda acabado repartiendo paquetes de Amazon. Yo por TikTok maaaaaato\u00bb. A <strong>Elisenda Alamany<\/strong> la acusa de \u00abdestruir Catalu\u00f1a\u00bb y a <strong>Joan Tard\u00e0<\/strong> \u00abde intoxicar a los incautos\u00bb. Menj\u00f2metre ha difundido un v\u00eddeo en Tik Tok con una canci\u00f3n de tres minutos dedicada a <strong>Janet Sanz<\/strong>, a quien reprochan que lleve \u00ab14 a\u00f1os <em>xuclant de la mamella<\/em>\u00ab.<\/p>\n<p>La coincidencia entre los creadores de Menj\u00f2metre y el mundo post-convergente que representa Junts se ha puesto de manifiesto en los \u00faltimos d\u00edas al criticar al escritor <strong>Eduardo Mendoza<\/strong> y pedir que el gobierno de la Generalitat le retire la cruz de Sant Jordi que le concedi\u00f3 en 1995. Mendoza propuso hace unos d\u00edas que la festividad de Sant Jordi pase a ser llamada D\u00eda del Libro. Puigdemont habl\u00f3 de \u00abvenganza de los resentidos\u00bb, las juventudes de Junts repartieron 7.000 octavillas pidiendo la retirada de la Cruz de Sant Jordi a Mendoza y @segellfosc hizo una campa\u00f1a de recogida de firmas en las redes sociales.<\/p>\n<p><a href=\"https:\/\/www.eltriangle.eu\/es\/2026\/04\/14\/menjometre-la-fachoesfera-catalana\/?swcfpc=1\" target=\"_blank\" rel=\"noopener\">Menj\u00f2metre no se mete con <strong>S\u00edlvia Orriols<\/strong> i Alian\u00e7a Catalana<\/a>. Los mantiene al margen de sus cr\u00edticas y sus investigaciones sobre subvenciones y ayudas p\u00fablicas. @GuillemdelsComptesclars se ofrece, eso s\u00ed, a ser su candidato a alcalde de Barcelona. En ese caso tendr\u00eda que salir de la oscuridad y dar la cara, ejerciendo una transparencia que Menj\u00f2metre exige pero no practica.<\/p>\n","protected":false},"excerpt":{"rendered":"<p>Menjometre.cat que apareci\u00f3 a primeros de marzo y se present\u00f3 como un portal de denuncia de las subvenciones p\u00fablicas partidistas es, en realidad, una herramienta de apoyo a Junts y a su presidente, Carles Puigdemont. Aunque los responsables del portal pretend\u00edan quedar en el anonimato ampar\u00e1ndose en las etiquetas de @segellfosc y @GuillemdelsComptesclars, el digital &#8230; <a title=\"Menj\u00f2metre, brazo digital de Puigdemont y Junts\" class=\"read-more\" href=\"https:\/\/www.eltriangle.eu\/es\/2026\/04\/24\/menjometre-brazo-digital-de-puigdemont-y-junts\/\" aria-label=\"Leer m\u00e1s sobre Menj\u00f2metre, brazo digital de Puigdemont y Junts\">Leer m\u00e1s<\/a><\/p>\n","protected":false},"author":2,"featured_media":364749,"comment_status":"open","ping_status":"closed","sticky":false,"template":"","format":"standard","meta":{"_acf_changed":false,"pmpro_default_level":"","footnotes":""},"categories":[24,131,78,74],"tags":[10598,4500,177,10789,10555,393],"class_list":["post-369072","post","type-post","status-publish","format-standard","has-post-thumbnail","hentry","category-actualidad","category-apertura-es","category-media","category-poderes","tag-albert-castellon","tag-carles-puigdemont-es-3","tag-carles-puigdemont-es","tag-guillemdelscomptesclars","tag-menjometre","tag-salvador-illa-es","lh_instant_articles-syndicate-yes","pmpro-has-access"],"acf":[],"yoast_head":"<!-- This site is optimized with the Yoast SEO plugin v27.4 - https:\/\/yoast.com\/product\/yoast-seo-wordpress\/ -->\n<title>Menj\u00f2metre, brazo digital de Puigdemont y Junts - El Triangle<\/title>\n<meta name=\"description\" content=\"Menjometre.cat que apareci\u00f3 a primeros de marzo y se present\u00f3 como un portal de denuncia de las subvenciones p\u00fablicas partidistas es, en realidad, una\" class=\"yoast-seo-meta-tag\" \/>\n<meta name=\"robots\" content=\"index, follow, max-snippet:-1, max-image-preview:large, max-video-preview:-1\" \/>\n<link rel=\"canonical\" href=\"https:\/\/www.eltriangle.eu\/es\/2026\/04\/24\/menjometre-brazo-digital-de-puigdemont-y-junts\/\" class=\"yoast-seo-meta-tag\" \/>\n<meta property=\"og:locale\" content=\"es_ES\" class=\"yoast-seo-meta-tag\" \/>\n<meta property=\"og:type\" content=\"article\" class=\"yoast-seo-meta-tag\" \/>\n<meta property=\"og:title\" content=\"Menj\u00f2metre, brazo digital de Puigdemont y Junts - El Triangle\" class=\"yoast-seo-meta-tag\" \/>\n<meta property=\"og:description\" content=\"Menjometre.cat que apareci\u00f3 a primeros de marzo y se present\u00f3 como un portal de denuncia de las subvenciones p\u00fablicas partidistas es, en realidad, una\" class=\"yoast-seo-meta-tag\" \/>\n<meta property=\"og:url\" content=\"https:\/\/www.eltriangle.eu\/es\/2026\/04\/24\/menjometre-brazo-digital-de-puigdemont-y-junts\/\" class=\"yoast-seo-meta-tag\" \/>\n<meta property=\"og:site_name\" content=\"El Triangle\" class=\"yoast-seo-meta-tag\" \/>\n<meta property=\"article:publisher\" content=\"https:\/\/www.facebook.com\/El-Triangle-Diari-101787399020302\" class=\"yoast-seo-meta-tag\" \/>\n<meta property=\"article:published_time\" content=\"2026-04-24T03:00:47+00:00\" class=\"yoast-seo-meta-tag\" \/>\n<meta property=\"og:image\" content=\"https:\/\/www.eltriangle.eu\/wp-content\/uploads\/2026\/03\/menjometre-eina-de-control-financer.jpg\" class=\"yoast-seo-meta-tag\" \/>\n\t<meta property=\"og:image:width\" content=\"1080\" class=\"yoast-seo-meta-tag\" \/>\n\t<meta property=\"og:image:height\" content=\"744\" class=\"yoast-seo-meta-tag\" \/>\n\t<meta property=\"og:image:type\" content=\"image\/jpeg\" class=\"yoast-seo-meta-tag\" \/>\n<meta name=\"author\" content=\"Redacci\u00f3n\" class=\"yoast-seo-meta-tag\" \/>\n<meta name=\"twitter:card\" content=\"summary_large_image\" class=\"yoast-seo-meta-tag\" \/>\n<meta name=\"twitter:creator\" content=\"@El_Triangle\" class=\"yoast-seo-meta-tag\" \/>\n<meta name=\"twitter:site\" content=\"@El_Triangle\" class=\"yoast-seo-meta-tag\" \/>\n<meta name=\"twitter:label1\" content=\"Escrito por\" class=\"yoast-seo-meta-tag\" \/>\n\t<meta name=\"twitter:data1\" content=\"Redacci\u00f3n\" class=\"yoast-seo-meta-tag\" \/>\n\t<meta name=\"twitter:label2\" content=\"Tiempo de lectura\" class=\"yoast-seo-meta-tag\" \/>\n\t<meta name=\"twitter:data2\" content=\"4 minutos\" class=\"yoast-seo-meta-tag\" \/>\n<script type=\"application\/ld+json\" class=\"yoast-schema-graph\">{\"@context\":\"https:\\\/\\\/schema.org\",\"@graph\":[{\"@type\":\"NewsArticle\",\"@id\":\"https:\\\/\\\/www.eltriangle.eu\\\/es\\\/2026\\\/04\\\/24\\\/menjometre-brazo-digital-de-puigdemont-y-junts\\\/#article\",\"isPartOf\":{\"@id\":\"https:\\\/\\\/www.eltriangle.eu\\\/es\\\/2026\\\/04\\\/24\\\/menjometre-brazo-digital-de-puigdemont-y-junts\\\/\"},\"author\":{\"name\":\"Redacci\u00f3n\",\"@id\":\"https:\\\/\\\/www.eltriangle.eu\\\/es\\\/#\\\/schema\\\/person\\\/164a138451b4f28d35c3f5984dac8e18\"},\"headline\":\"Menj\u00f2metre, brazo digital de Puigdemont y Junts\",\"datePublished\":\"2026-04-24T03:00:47+00:00\",\"mainEntityOfPage\":{\"@id\":\"https:\\\/\\\/www.eltriangle.eu\\\/es\\\/2026\\\/04\\\/24\\\/menjometre-brazo-digital-de-puigdemont-y-junts\\\/\"},\"wordCount\":715,\"commentCount\":0,\"publisher\":{\"@id\":\"https:\\\/\\\/www.eltriangle.eu\\\/es\\\/#organization\"},\"image\":{\"@id\":\"https:\\\/\\\/www.eltriangle.eu\\\/es\\\/2026\\\/04\\\/24\\\/menjometre-brazo-digital-de-puigdemont-y-junts\\\/#primaryimage\"},\"thumbnailUrl\":\"https:\\\/\\\/www.eltriangle.eu\\\/wp-content\\\/uploads\\\/2026\\\/03\\\/menjometre-eina-de-control-financer.jpg\",\"keywords\":[\"Albert Castellon\",\"Carles Puigdemont\",\"Carles Puigdemont\",\"GuillemdelsComptesclars\",\"Menj\u00f2metre\",\"Salvador Illa\"],\"articleSection\":[\"Actualidad\",\"Apertura\",\"Media\",\"Poderes\"],\"inLanguage\":\"es\",\"potentialAction\":[{\"@type\":\"CommentAction\",\"name\":\"Comment\",\"target\":[\"https:\\\/\\\/www.eltriangle.eu\\\/es\\\/2026\\\/04\\\/24\\\/menjometre-brazo-digital-de-puigdemont-y-junts\\\/#respond\"]}]},{\"@type\":\"WebPage\",\"@id\":\"https:\\\/\\\/www.eltriangle.eu\\\/es\\\/2026\\\/04\\\/24\\\/menjometre-brazo-digital-de-puigdemont-y-junts\\\/\",\"url\":\"https:\\\/\\\/www.eltriangle.eu\\\/es\\\/2026\\\/04\\\/24\\\/menjometre-brazo-digital-de-puigdemont-y-junts\\\/\",\"name\":\"Menj\u00f2metre, brazo digital de Puigdemont y Junts - El Triangle\",\"isPartOf\":{\"@id\":\"https:\\\/\\\/www.eltriangle.eu\\\/es\\\/#website\"},\"primaryImageOfPage\":{\"@id\":\"https:\\\/\\\/www.eltriangle.eu\\\/es\\\/2026\\\/04\\\/24\\\/menjometre-brazo-digital-de-puigdemont-y-junts\\\/#primaryimage\"},\"image\":{\"@id\":\"https:\\\/\\\/www.eltriangle.eu\\\/es\\\/2026\\\/04\\\/24\\\/menjometre-brazo-digital-de-puigdemont-y-junts\\\/#primaryimage\"},\"thumbnailUrl\":\"https:\\\/\\\/www.eltriangle.eu\\\/wp-content\\\/uploads\\\/2026\\\/03\\\/menjometre-eina-de-control-financer.jpg\",\"datePublished\":\"2026-04-24T03:00:47+00:00\",\"description\":\"Menjometre.cat que apareci\u00f3 a primeros de marzo y se present\u00f3 como un portal de denuncia de las subvenciones p\u00fablicas partidistas es, en realidad, una\",\"breadcrumb\":{\"@id\":\"https:\\\/\\\/www.eltriangle.eu\\\/es\\\/2026\\\/04\\\/24\\\/menjometre-brazo-digital-de-puigdemont-y-junts\\\/#breadcrumb\"},\"inLanguage\":\"es\",\"potentialAction\":[{\"@type\":\"ReadAction\",\"target\":[\"https:\\\/\\\/www.eltriangle.eu\\\/es\\\/2026\\\/04\\\/24\\\/menjometre-brazo-digital-de-puigdemont-y-junts\\\/\"]}]},{\"@type\":\"ImageObject\",\"inLanguage\":\"es\",\"@id\":\"https:\\\/\\\/www.eltriangle.eu\\\/es\\\/2026\\\/04\\\/24\\\/menjometre-brazo-digital-de-puigdemont-y-junts\\\/#primaryimage\",\"url\":\"https:\\\/\\\/www.eltriangle.eu\\\/wp-content\\\/uploads\\\/2026\\\/03\\\/menjometre-eina-de-control-financer.jpg\",\"contentUrl\":\"https:\\\/\\\/www.eltriangle.eu\\\/wp-content\\\/uploads\\\/2026\\\/03\\\/menjometre-eina-de-control-financer.jpg\",\"width\":1080,\"height\":744,\"caption\":\"Menj\u00f2metre\"},{\"@type\":\"BreadcrumbList\",\"@id\":\"https:\\\/\\\/www.eltriangle.eu\\\/es\\\/2026\\\/04\\\/24\\\/menjometre-brazo-digital-de-puigdemont-y-junts\\\/#breadcrumb\",\"itemListElement\":[{\"@type\":\"ListItem\",\"position\":1,\"name\":\"Portada\",\"item\":\"https:\\\/\\\/www.eltriangle.eu\\\/es\\\/\"},{\"@type\":\"ListItem\",\"position\":2,\"name\":\"Menj\u00f2metre, brazo digital de Puigdemont y Junts\"}]},{\"@type\":\"WebSite\",\"@id\":\"https:\\\/\\\/www.eltriangle.eu\\\/es\\\/#website\",\"url\":\"https:\\\/\\\/www.eltriangle.eu\\\/es\\\/\",\"name\":\"El Triangle\",\"description\":\"El Triangle \u00e9s un Diari d&#039;informaci\u00f3 general, editat a Catalunya i escrit en llengua catalana, especialitzat en investigaci\u00f3 period\u00edstica\",\"publisher\":{\"@id\":\"https:\\\/\\\/www.eltriangle.eu\\\/es\\\/#organization\"},\"potentialAction\":[{\"@type\":\"SearchAction\",\"target\":{\"@type\":\"EntryPoint\",\"urlTemplate\":\"https:\\\/\\\/www.eltriangle.eu\\\/es\\\/?s={search_term_string}\"},\"query-input\":{\"@type\":\"PropertyValueSpecification\",\"valueRequired\":true,\"valueName\":\"search_term_string\"}}],\"inLanguage\":\"es\"},{\"@type\":[\"Organization\",\"NewsMediaOrganization\"],\"@id\":\"https:\\\/\\\/www.eltriangle.eu\\\/es\\\/#organization\",\"name\":\"El Triangle\",\"url\":\"https:\\\/\\\/www.eltriangle.eu\\\/es\\\/\",\"logo\":{\"@type\":\"ImageObject\",\"inLanguage\":\"es\",\"@id\":\"https:\\\/\\\/www.eltriangle.eu\\\/es\\\/#\\\/schema\\\/logo\\\/image\\\/\",\"url\":\"https:\\\/\\\/www.eltriangle.eu\\\/wp-content\\\/uploads\\\/2020\\\/11\\\/triangle_logo-ajustado.jpg\",\"contentUrl\":\"https:\\\/\\\/www.eltriangle.eu\\\/wp-content\\\/uploads\\\/2020\\\/11\\\/triangle_logo-ajustado.jpg\",\"width\":521,\"height\":92,\"caption\":\"El Triangle\"},\"image\":{\"@id\":\"https:\\\/\\\/www.eltriangle.eu\\\/es\\\/#\\\/schema\\\/logo\\\/image\\\/\"},\"sameAs\":[\"https:\\\/\\\/www.facebook.com\\\/El-Triangle-Diari-101787399020302\",\"https:\\\/\\\/x.com\\\/El_Triangle\",\"https:\\\/\\\/www.youtube.com\\\/channel\\\/UCTIjmYEMYSpdGonuAgNhbcg\"]},{\"@type\":\"Person\",\"@id\":\"https:\\\/\\\/www.eltriangle.eu\\\/es\\\/#\\\/schema\\\/person\\\/164a138451b4f28d35c3f5984dac8e18\",\"name\":\"Redacci\u00f3n\",\"image\":{\"@type\":\"ImageObject\",\"inLanguage\":\"es\",\"@id\":\"\\\/\\\/www.gravatar.com\\\/avatar\\\/147263d1a435839b8405c79279bb6558?s=96&#038;r=g&#038;d=mm\",\"url\":\"\\\/\\\/www.gravatar.com\\\/avatar\\\/147263d1a435839b8405c79279bb6558?s=96&#038;r=g&#038;d=mm\",\"contentUrl\":\"\\\/\\\/www.gravatar.com\\\/avatar\\\/147263d1a435839b8405c79279bb6558?s=96&#038;r=g&#038;d=mm\",\"caption\":\"Redacci\u00f3n\"},\"url\":\"https:\\\/\\\/www.eltriangle.eu\\\/es\\\/author\\\/autor-1\\\/\"},{\"@type\":\"SiteNavigationElement\",\"@id\":\"https:\\\/\\\/www.eltriangle.eu\\\/es\\\/#site-navigation\",\"cssSelector\":[\".cib-main-menu\"]},{\"@type\":\"WPHeader\",\"@id\":\"https:\\\/\\\/www.eltriangle.eu\\\/es\\\/#header\",\"cssSelector\":[\".cib-header\"]},{\"@type\":\"WPFooter\",\"@id\":\"https:\\\/\\\/www.eltriangle.eu\\\/es\\\/#footer\",\"cssSelector\":[\".cib-footer\"]}]}<\/script>\n<!-- \/ Yoast SEO plugin. -->","yoast_head_json":{"title":"Menj\u00f2metre, brazo digital de Puigdemont y Junts - El Triangle","description":"Menjometre.cat que apareci\u00f3 a primeros de marzo y se present\u00f3 como un portal de denuncia de las subvenciones p\u00fablicas partidistas es, en realidad, una","robots":{"index":"index","follow":"follow","max-snippet":"max-snippet:-1","max-image-preview":"max-image-preview:large","max-video-preview":"max-video-preview:-1"},"canonical":"https:\/\/www.eltriangle.eu\/es\/2026\/04\/24\/menjometre-brazo-digital-de-puigdemont-y-junts\/","og_locale":"es_ES","og_type":"article","og_title":"Menj\u00f2metre, brazo digital de Puigdemont y Junts - El Triangle","og_description":"Menjometre.cat que apareci\u00f3 a primeros de marzo y se present\u00f3 como un portal de denuncia de las subvenciones p\u00fablicas partidistas es, en realidad, una","og_url":"https:\/\/www.eltriangle.eu\/es\/2026\/04\/24\/menjometre-brazo-digital-de-puigdemont-y-junts\/","og_site_name":"El Triangle","article_publisher":"https:\/\/www.facebook.com\/El-Triangle-Diari-101787399020302","article_published_time":"2026-04-24T03:00:47+00:00","og_image":[{"width":1080,"height":744,"url":"https:\/\/www.eltriangle.eu\/wp-content\/uploads\/2026\/03\/menjometre-eina-de-control-financer.jpg","type":"image\/jpeg"}],"author":"Redacci\u00f3n","twitter_card":"summary_large_image","twitter_creator":"@El_Triangle","twitter_site":"@El_Triangle","twitter_misc":{"Escrito por":"Redacci\u00f3n","Tiempo de lectura":"4 minutos"},"schema":{"@context":"https:\/\/schema.org","@graph":[{"@type":"NewsArticle","@id":"https:\/\/www.eltriangle.eu\/es\/2026\/04\/24\/menjometre-brazo-digital-de-puigdemont-y-junts\/#article","isPartOf":{"@id":"https:\/\/www.eltriangle.eu\/es\/2026\/04\/24\/menjometre-brazo-digital-de-puigdemont-y-junts\/"},"author":{"name":"Redacci\u00f3n","@id":"https:\/\/www.eltriangle.eu\/es\/#\/schema\/person\/164a138451b4f28d35c3f5984dac8e18"},"headline":"Menj\u00f2metre, brazo digital de Puigdemont y Junts","datePublished":"2026-04-24T03:00:47+00:00","mainEntityOfPage":{"@id":"https:\/\/www.eltriangle.eu\/es\/2026\/04\/24\/menjometre-brazo-digital-de-puigdemont-y-junts\/"},"wordCount":715,"commentCount":0,"publisher":{"@id":"https:\/\/www.eltriangle.eu\/es\/#organization"},"image":{"@id":"https:\/\/www.eltriangle.eu\/es\/2026\/04\/24\/menjometre-brazo-digital-de-puigdemont-y-junts\/#primaryimage"},"thumbnailUrl":"https:\/\/www.eltriangle.eu\/wp-content\/uploads\/2026\/03\/menjometre-eina-de-control-financer.jpg","keywords":["Albert Castellon","Carles Puigdemont","Carles Puigdemont","GuillemdelsComptesclars","Menj\u00f2metre","Salvador Illa"],"articleSection":["Actualidad","Apertura","Media","Poderes"],"inLanguage":"es","potentialAction":[{"@type":"CommentAction","name":"Comment","target":["https:\/\/www.eltriangle.eu\/es\/2026\/04\/24\/menjometre-brazo-digital-de-puigdemont-y-junts\/#respond"]}]},{"@type":"WebPage","@id":"https:\/\/www.eltriangle.eu\/es\/2026\/04\/24\/menjometre-brazo-digital-de-puigdemont-y-junts\/","url":"https:\/\/www.eltriangle.eu\/es\/2026\/04\/24\/menjometre-brazo-digital-de-puigdemont-y-junts\/","name":"Menj\u00f2metre, brazo digital de Puigdemont y Junts - El Triangle","isPartOf":{"@id":"https:\/\/www.eltriangle.eu\/es\/#website"},"primaryImageOfPage":{"@id":"https:\/\/www.eltriangle.eu\/es\/2026\/04\/24\/menjometre-brazo-digital-de-puigdemont-y-junts\/#primaryimage"},"image":{"@id":"https:\/\/www.eltriangle.eu\/es\/2026\/04\/24\/menjometre-brazo-digital-de-puigdemont-y-junts\/#primaryimage"},"thumbnailUrl":"https:\/\/www.eltriangle.eu\/wp-content\/uploads\/2026\/03\/menjometre-eina-de-control-financer.jpg","datePublished":"2026-04-24T03:00:47+00:00","description":"Menjometre.cat que apareci\u00f3 a primeros de marzo y se present\u00f3 como un portal de denuncia de las subvenciones p\u00fablicas partidistas es, en realidad, una","breadcrumb":{"@id":"https:\/\/www.eltriangle.eu\/es\/2026\/04\/24\/menjometre-brazo-digital-de-puigdemont-y-junts\/#breadcrumb"},"inLanguage":"es","potentialAction":[{"@type":"ReadAction","target":["https:\/\/www.eltriangle.eu\/es\/2026\/04\/24\/menjometre-brazo-digital-de-puigdemont-y-junts\/"]}]},{"@type":"ImageObject","inLanguage":"es","@id":"https:\/\/www.eltriangle.eu\/es\/2026\/04\/24\/menjometre-brazo-digital-de-puigdemont-y-junts\/#primaryimage","url":"https:\/\/www.eltriangle.eu\/wp-content\/uploads\/2026\/03\/menjometre-eina-de-control-financer.jpg","contentUrl":"https:\/\/www.eltriangle.eu\/wp-content\/uploads\/2026\/03\/menjometre-eina-de-control-financer.jpg","width":1080,"height":744,"caption":"Menj\u00f2metre"},{"@type":"BreadcrumbList","@id":"https:\/\/www.eltriangle.eu\/es\/2026\/04\/24\/menjometre-brazo-digital-de-puigdemont-y-junts\/#breadcrumb","itemListElement":[{"@type":"ListItem","position":1,"name":"Portada","item":"https:\/\/www.eltriangle.eu\/es\/"},{"@type":"ListItem","position":2,"name":"Menj\u00f2metre, brazo digital de Puigdemont y Junts"}]},{"@type":"WebSite","@id":"https:\/\/www.eltriangle.eu\/es\/#website","url":"https:\/\/www.eltriangle.eu\/es\/","name":"El Triangle","description":"El Triangle \u00e9s un Diari d&#039;informaci\u00f3 general, editat a Catalunya i escrit en llengua catalana, especialitzat en investigaci\u00f3 period\u00edstica","publisher":{"@id":"https:\/\/www.eltriangle.eu\/es\/#organization"},"potentialAction":[{"@type":"SearchAction","target":{"@type":"EntryPoint","urlTemplate":"https:\/\/www.eltriangle.eu\/es\/?s={search_term_string}"},"query-input":{"@type":"PropertyValueSpecification","valueRequired":true,"valueName":"search_term_string"}}],"inLanguage":"es"},{"@type":["Organization","NewsMediaOrganization"],"@id":"https:\/\/www.eltriangle.eu\/es\/#organization","name":"El Triangle","url":"https:\/\/www.eltriangle.eu\/es\/","logo":{"@type":"ImageObject","inLanguage":"es","@id":"https:\/\/www.eltriangle.eu\/es\/#\/schema\/logo\/image\/","url":"https:\/\/www.eltriangle.eu\/wp-content\/uploads\/2020\/11\/triangle_logo-ajustado.jpg","contentUrl":"https:\/\/www.eltriangle.eu\/wp-content\/uploads\/2020\/11\/triangle_logo-ajustado.jpg","width":521,"height":92,"caption":"El Triangle"},"image":{"@id":"https:\/\/www.eltriangle.eu\/es\/#\/schema\/logo\/image\/"},"sameAs":["https:\/\/www.facebook.com\/El-Triangle-Diari-101787399020302","https:\/\/x.com\/El_Triangle","https:\/\/www.youtube.com\/channel\/UCTIjmYEMYSpdGonuAgNhbcg"]},{"@type":"Person","@id":"https:\/\/www.eltriangle.eu\/es\/#\/schema\/person\/164a138451b4f28d35c3f5984dac8e18","name":"Redacci\u00f3n","image":{"@type":"ImageObject","inLanguage":"es","@id":"\/\/www.gravatar.com\/avatar\/147263d1a435839b8405c79279bb6558?s=96&#038;r=g&#038;d=mm","url":"\/\/www.gravatar.com\/avatar\/147263d1a435839b8405c79279bb6558?s=96&#038;r=g&#038;d=mm","contentUrl":"\/\/www.gravatar.com\/avatar\/147263d1a435839b8405c79279bb6558?s=96&#038;r=g&#038;d=mm","caption":"Redacci\u00f3n"},"url":"https:\/\/www.eltriangle.eu\/es\/author\/autor-1\/"},{"@type":"SiteNavigationElement","@id":"https:\/\/www.eltriangle.eu\/es\/#site-navigation","cssSelector":[".cib-main-menu"]},{"@type":"WPHeader","@id":"https:\/\/www.eltriangle.eu\/es\/#header","cssSelector":[".cib-header"]},{"@type":"WPFooter","@id":"https:\/\/www.eltriangle.eu\/es\/#footer","cssSelector":[".cib-footer"]}]}},"amp_enabled":true,"_links":{"self":[{"href":"https:\/\/www.eltriangle.eu\/es\/wp-json\/wp\/v2\/posts\/369072","targetHints":{"allow":["GET"]}}],"collection":[{"href":"https:\/\/www.eltriangle.eu\/es\/wp-json\/wp\/v2\/posts"}],"about":[{"href":"https:\/\/www.eltriangle.eu\/es\/wp-json\/wp\/v2\/types\/post"}],"author":[{"embeddable":true,"href":"https:\/\/www.eltriangle.eu\/es\/wp-json\/wp\/v2\/users\/2"}],"replies":[{"embeddable":true,"href":"https:\/\/www.eltriangle.eu\/es\/wp-json\/wp\/v2\/comments?post=369072"}],"version-history":[{"count":2,"href":"https:\/\/www.eltriangle.eu\/es\/wp-json\/wp\/v2\/posts\/369072\/revisions"}],"predecessor-version":[{"id":369121,"href":"https:\/\/www.eltriangle.eu\/es\/wp-json\/wp\/v2\/posts\/369072\/revisions\/369121"}],"wp:featuredmedia":[{"embeddable":true,"href":"https:\/\/www.eltriangle.eu\/es\/wp-json\/wp\/v2\/media\/364749"}],"wp:attachment":[{"href":"https:\/\/www.eltriangle.eu\/es\/wp-json\/wp\/v2\/media?parent=369072"}],"wp:term":[{"taxonomy":"category","embeddable":true,"href":"https:\/\/www.eltriangle.eu\/es\/wp-json\/wp\/v2\/categories?post=369072"},{"taxonomy":"post_tag","embeddable":true,"href":"https:\/\/www.eltriangle.eu\/es\/wp-json\/wp\/v2\/tags?post=369072"}],"curies":[{"name":"wp","href":"https:\/\/api.w.org\/{rel}","templated":true}]}}