{"id":369054,"date":"2026-04-23T10:30:58","date_gmt":"2026-04-23T08:30:58","guid":{"rendered":null},"modified":"2026-04-23T13:13:39","modified_gmt":"2026-04-23T11:13:39","slug":"nueva-protesta-de-la-plantilla-de-las-bibliotecas-de-barcelona-coindiciendo-con-sant-jordi","status":"publish","type":"post","link":"https:\/\/www.eltriangle.eu\/es\/2026\/04\/23\/nueva-protesta-de-la-plantilla-de-las-bibliotecas-de-barcelona-coindiciendo-con-sant-jordi\/","title":{"rendered":"Nueva protesta de la plantilla de las bibliotecas de Barcelona coindiciendo con Sant Jordi"},"content":{"rendered":"<p>Trabajadores de las bibliotecas de la <strong>Diputaci\u00f3n de Barcelona<\/strong> se han manifestado este jueves para exigir mejoras de sus condiciones laborales en el Portal del \u00c1ngel de la capital catalana, coincidiendo con <strong>Sant Jordi<\/strong>. La plantilla llev\u00f3 a cabo el martes una <a href=\"https:\/\/www.eltriangle.eu\/es\/2026\/04\/21\/huelga-de-24-horas-en-las-bibliotecas-de-barcelona-por-las-condiciones-laborales-de-la-plantilla\/\" target=\"_blank\" rel=\"noopener\">huelga de 24 horas<\/a>, y a partir de este fin de semana har\u00e1n huelga indefinida cada s\u00e1bado.<\/p>\n<p>Los representantes sindicales justifican la movilizaci\u00f3n por los <strong>horarios abusivos<\/strong>, la <strong>falta de conciliaci\u00f3n<\/strong> y las <strong>plantillas bajo m\u00ednimos<\/strong>, y aseguran que el convenio \u00abprecariza a los colectivos feminizados y recorta derechos\u00bb. Ante el \u00abmalestar creciente\u00bb de los trabajadores por esta situaci\u00f3n, la <strong>CGT<\/strong> ha avisado de que las huelgas empezar\u00e1n a ser indefinidas cada s\u00e1bado mientras no se resuelva el conflicto laboral.<\/p>\n<p>En total, est\u00e1n llamadas a participar en la huelga <strong>280 bibliotecas de la Diputaci\u00f3n de Barcelona<\/strong>, una convocatoria \u00fanicamente del sindicato CGT. En cuanto a la huelga de las <strong>Bibliotecas de Barcelona<\/strong>, de la mano de la CGT y la Intersindical, est\u00e1n <strong>llamadas a participar 41 bibliotecas<\/strong>.<\/p>\n","protected":false},"excerpt":{"rendered":"<p>Trabajadores de las bibliotecas de la Diputaci\u00f3n de Barcelona se han manifestado este jueves para exigir mejoras de sus condiciones laborales en el Portal del \u00c1ngel de la capital catalana, coincidiendo con Sant Jordi. La plantilla llev\u00f3 a cabo el martes una huelga de 24 horas, y a partir de este fin de semana har\u00e1n &#8230; <a title=\"Nueva protesta de la plantilla de las bibliotecas de Barcelona coindiciendo con Sant Jordi\" class=\"read-more\" href=\"https:\/\/www.eltriangle.eu\/es\/2026\/04\/23\/nueva-protesta-de-la-plantilla-de-las-bibliotecas-de-barcelona-coindiciendo-con-sant-jordi\/\" aria-label=\"Leer m\u00e1s sobre Nueva protesta de la plantilla de las bibliotecas de Barcelona coindiciendo con Sant Jordi\">Leer m\u00e1s<\/a><\/p>\n","protected":false},"author":190,"featured_media":369048,"comment_status":"open","ping_status":"closed","sticky":false,"template":"","format":"standard","meta":{"_acf_changed":false,"pmpro_default_level":"","footnotes":""},"categories":[24,86,76],"tags":[2441,10777,1420,1088],"class_list":["post-369054","post","type-post","status-publish","format-standard","has-post-thumbnail","hentry","category-actualidad","category-cultura","category-en-la-calle","tag-barcelona-es","tag-bibliotecas","tag-cgt-es","tag-huelga","lh_instant_articles-syndicate-yes","pmpro-has-access"],"acf":[],"yoast_head":"<!-- This site is optimized with the Yoast SEO plugin v27.4 - https:\/\/yoast.com\/product\/yoast-seo-wordpress\/ -->\n<title>Protesta a les biblioteques de Barcelona per Sant Jordi<\/title>\n<meta name=\"description\" content=\"Trabajadores de bibliotecas de Barcelona se manifiestan por mejoras laborales coincidiendo con Sant Jordi y luchan contra la precariedad.\" class=\"yoast-seo-meta-tag\" \/>\n<meta name=\"robots\" content=\"index, follow, max-snippet:-1, max-image-preview:large, max-video-preview:-1\" \/>\n<link rel=\"canonical\" href=\"https:\/\/www.eltriangle.eu\/es\/2026\/04\/23\/nueva-protesta-de-la-plantilla-de-las-bibliotecas-de-barcelona-coindiciendo-con-sant-jordi\/\" class=\"yoast-seo-meta-tag\" \/>\n<meta property=\"og:locale\" content=\"es_ES\" class=\"yoast-seo-meta-tag\" \/>\n<meta property=\"og:type\" content=\"article\" class=\"yoast-seo-meta-tag\" \/>\n<meta property=\"og:title\" content=\"Protesta a les biblioteques de Barcelona per Sant Jordi\" class=\"yoast-seo-meta-tag\" \/>\n<meta property=\"og:description\" content=\"Trabajadores de bibliotecas de Barcelona se manifiestan por mejoras laborales coincidiendo con Sant Jordi y luchan contra la precariedad.\" class=\"yoast-seo-meta-tag\" \/>\n<meta property=\"og:url\" content=\"https:\/\/www.eltriangle.eu\/es\/2026\/04\/23\/nueva-protesta-de-la-plantilla-de-las-bibliotecas-de-barcelona-coindiciendo-con-sant-jordi\/\" class=\"yoast-seo-meta-tag\" \/>\n<meta property=\"og:site_name\" content=\"El Triangle\" class=\"yoast-seo-meta-tag\" \/>\n<meta property=\"article:publisher\" content=\"https:\/\/www.facebook.com\/El-Triangle-Diari-101787399020302\" class=\"yoast-seo-meta-tag\" \/>\n<meta property=\"article:published_time\" content=\"2026-04-23T08:30:58+00:00\" class=\"yoast-seo-meta-tag\" \/>\n<meta property=\"article:modified_time\" content=\"2026-04-23T11:13:39+00:00\" class=\"yoast-seo-meta-tag\" \/>\n<meta property=\"og:image\" content=\"https:\/\/www.eltriangle.eu\/wp-content\/uploads\/2026\/04\/nova-protesta-biblioteques-barcelona-sant-jordi.jpg\" class=\"yoast-seo-meta-tag\" \/>\n\t<meta property=\"og:image:width\" content=\"1280\" class=\"yoast-seo-meta-tag\" \/>\n\t<meta property=\"og:image:height\" content=\"853\" class=\"yoast-seo-meta-tag\" \/>\n\t<meta property=\"og:image:type\" content=\"image\/jpeg\" class=\"yoast-seo-meta-tag\" \/>\n<meta name=\"author\" content=\"Redacci\u00f3 \/ Ag\u00e8ncies\" class=\"yoast-seo-meta-tag\" \/>\n<meta name=\"twitter:card\" content=\"summary_large_image\" class=\"yoast-seo-meta-tag\" \/>\n<meta name=\"twitter:creator\" content=\"@El_Triangle\" class=\"yoast-seo-meta-tag\" \/>\n<meta name=\"twitter:site\" content=\"@El_Triangle\" class=\"yoast-seo-meta-tag\" \/>\n<meta name=\"twitter:label1\" content=\"Escrito por\" class=\"yoast-seo-meta-tag\" \/>\n\t<meta name=\"twitter:data1\" content=\"Redacci\u00f3 \/ Ag\u00e8ncies\" class=\"yoast-seo-meta-tag\" \/>\n\t<meta name=\"twitter:label2\" content=\"Tiempo de lectura\" class=\"yoast-seo-meta-tag\" \/>\n\t<meta name=\"twitter:data2\" content=\"1 minuto\" class=\"yoast-seo-meta-tag\" \/>\n<script type=\"application\/ld+json\" class=\"yoast-schema-graph\">{\"@context\":\"https:\\\/\\\/schema.org\",\"@graph\":[{\"@type\":\"NewsArticle\",\"@id\":\"https:\\\/\\\/www.eltriangle.eu\\\/es\\\/2026\\\/04\\\/23\\\/nueva-protesta-de-la-plantilla-de-las-bibliotecas-de-barcelona-coindiciendo-con-sant-jordi\\\/#article\",\"isPartOf\":{\"@id\":\"https:\\\/\\\/www.eltriangle.eu\\\/es\\\/2026\\\/04\\\/23\\\/nueva-protesta-de-la-plantilla-de-las-bibliotecas-de-barcelona-coindiciendo-con-sant-jordi\\\/\"},\"author\":{\"name\":\"Redacci\u00f3 \\\/ Ag\u00e8ncies\",\"@id\":\"https:\\\/\\\/www.eltriangle.eu\\\/es\\\/#\\\/schema\\\/person\\\/64856baeb85b6977ea0d14f347aa650f\"},\"headline\":\"Nueva protesta de la plantilla de las bibliotecas de Barcelona coindiciendo con Sant Jordi\",\"datePublished\":\"2026-04-23T08:30:58+00:00\",\"dateModified\":\"2026-04-23T11:13:39+00:00\",\"mainEntityOfPage\":{\"@id\":\"https:\\\/\\\/www.eltriangle.eu\\\/es\\\/2026\\\/04\\\/23\\\/nueva-protesta-de-la-plantilla-de-las-bibliotecas-de-barcelona-coindiciendo-con-sant-jordi\\\/\"},\"wordCount\":192,\"commentCount\":0,\"publisher\":{\"@id\":\"https:\\\/\\\/www.eltriangle.eu\\\/es\\\/#organization\"},\"image\":{\"@id\":\"https:\\\/\\\/www.eltriangle.eu\\\/es\\\/2026\\\/04\\\/23\\\/nueva-protesta-de-la-plantilla-de-las-bibliotecas-de-barcelona-coindiciendo-con-sant-jordi\\\/#primaryimage\"},\"thumbnailUrl\":\"https:\\\/\\\/www.eltriangle.eu\\\/wp-content\\\/uploads\\\/2026\\\/04\\\/nova-protesta-biblioteques-barcelona-sant-jordi.jpg\",\"keywords\":[\"Barcelona\",\"bibliotecas\",\"CGT\",\"huelga\"],\"articleSection\":[\"Actualidad\",\"Cultura\",\"En la calle\"],\"inLanguage\":\"es\",\"potentialAction\":[{\"@type\":\"CommentAction\",\"name\":\"Comment\",\"target\":[\"https:\\\/\\\/www.eltriangle.eu\\\/es\\\/2026\\\/04\\\/23\\\/nueva-protesta-de-la-plantilla-de-las-bibliotecas-de-barcelona-coindiciendo-con-sant-jordi\\\/#respond\"]}]},{\"@type\":\"WebPage\",\"@id\":\"https:\\\/\\\/www.eltriangle.eu\\\/es\\\/2026\\\/04\\\/23\\\/nueva-protesta-de-la-plantilla-de-las-bibliotecas-de-barcelona-coindiciendo-con-sant-jordi\\\/\",\"url\":\"https:\\\/\\\/www.eltriangle.eu\\\/es\\\/2026\\\/04\\\/23\\\/nueva-protesta-de-la-plantilla-de-las-bibliotecas-de-barcelona-coindiciendo-con-sant-jordi\\\/\",\"name\":\"Protesta a les biblioteques de Barcelona per Sant Jordi\",\"isPartOf\":{\"@id\":\"https:\\\/\\\/www.eltriangle.eu\\\/es\\\/#website\"},\"primaryImageOfPage\":{\"@id\":\"https:\\\/\\\/www.eltriangle.eu\\\/es\\\/2026\\\/04\\\/23\\\/nueva-protesta-de-la-plantilla-de-las-bibliotecas-de-barcelona-coindiciendo-con-sant-jordi\\\/#primaryimage\"},\"image\":{\"@id\":\"https:\\\/\\\/www.eltriangle.eu\\\/es\\\/2026\\\/04\\\/23\\\/nueva-protesta-de-la-plantilla-de-las-bibliotecas-de-barcelona-coindiciendo-con-sant-jordi\\\/#primaryimage\"},\"thumbnailUrl\":\"https:\\\/\\\/www.eltriangle.eu\\\/wp-content\\\/uploads\\\/2026\\\/04\\\/nova-protesta-biblioteques-barcelona-sant-jordi.jpg\",\"datePublished\":\"2026-04-23T08:30:58+00:00\",\"dateModified\":\"2026-04-23T11:13:39+00:00\",\"description\":\"Trabajadores de bibliotecas de Barcelona se manifiestan por mejoras laborales coincidiendo con Sant Jordi y luchan contra la precariedad.\",\"breadcrumb\":{\"@id\":\"https:\\\/\\\/www.eltriangle.eu\\\/es\\\/2026\\\/04\\\/23\\\/nueva-protesta-de-la-plantilla-de-las-bibliotecas-de-barcelona-coindiciendo-con-sant-jordi\\\/#breadcrumb\"},\"inLanguage\":\"es\",\"potentialAction\":[{\"@type\":\"ReadAction\",\"target\":[\"https:\\\/\\\/www.eltriangle.eu\\\/es\\\/2026\\\/04\\\/23\\\/nueva-protesta-de-la-plantilla-de-las-bibliotecas-de-barcelona-coindiciendo-con-sant-jordi\\\/\"]}]},{\"@type\":\"ImageObject\",\"inLanguage\":\"es\",\"@id\":\"https:\\\/\\\/www.eltriangle.eu\\\/es\\\/2026\\\/04\\\/23\\\/nueva-protesta-de-la-plantilla-de-las-bibliotecas-de-barcelona-coindiciendo-con-sant-jordi\\\/#primaryimage\",\"url\":\"https:\\\/\\\/www.eltriangle.eu\\\/wp-content\\\/uploads\\\/2026\\\/04\\\/nova-protesta-biblioteques-barcelona-sant-jordi.jpg\",\"contentUrl\":\"https:\\\/\\\/www.eltriangle.eu\\\/wp-content\\\/uploads\\\/2026\\\/04\\\/nova-protesta-biblioteques-barcelona-sant-jordi.jpg\",\"width\":1280,\"height\":853,\"caption\":\"Treballadors de les biblioteques de Barcelona en una protesta amb cartells (ACN)\"},{\"@type\":\"BreadcrumbList\",\"@id\":\"https:\\\/\\\/www.eltriangle.eu\\\/es\\\/2026\\\/04\\\/23\\\/nueva-protesta-de-la-plantilla-de-las-bibliotecas-de-barcelona-coindiciendo-con-sant-jordi\\\/#breadcrumb\",\"itemListElement\":[{\"@type\":\"ListItem\",\"position\":1,\"name\":\"Portada\",\"item\":\"https:\\\/\\\/www.eltriangle.eu\\\/es\\\/\"},{\"@type\":\"ListItem\",\"position\":2,\"name\":\"Nueva protesta de la plantilla de las bibliotecas de Barcelona coindiciendo con Sant Jordi\"}]},{\"@type\":\"WebSite\",\"@id\":\"https:\\\/\\\/www.eltriangle.eu\\\/es\\\/#website\",\"url\":\"https:\\\/\\\/www.eltriangle.eu\\\/es\\\/\",\"name\":\"El Triangle\",\"description\":\"El Triangle \u00e9s un Diari d&#039;informaci\u00f3 general, editat a Catalunya i escrit en llengua catalana, especialitzat en investigaci\u00f3 period\u00edstica\",\"publisher\":{\"@id\":\"https:\\\/\\\/www.eltriangle.eu\\\/es\\\/#organization\"},\"potentialAction\":[{\"@type\":\"SearchAction\",\"target\":{\"@type\":\"EntryPoint\",\"urlTemplate\":\"https:\\\/\\\/www.eltriangle.eu\\\/es\\\/?s={search_term_string}\"},\"query-input\":{\"@type\":\"PropertyValueSpecification\",\"valueRequired\":true,\"valueName\":\"search_term_string\"}}],\"inLanguage\":\"es\"},{\"@type\":[\"Organization\",\"NewsMediaOrganization\"],\"@id\":\"https:\\\/\\\/www.eltriangle.eu\\\/es\\\/#organization\",\"name\":\"El Triangle\",\"url\":\"https:\\\/\\\/www.eltriangle.eu\\\/es\\\/\",\"logo\":{\"@type\":\"ImageObject\",\"inLanguage\":\"es\",\"@id\":\"https:\\\/\\\/www.eltriangle.eu\\\/es\\\/#\\\/schema\\\/logo\\\/image\\\/\",\"url\":\"https:\\\/\\\/www.eltriangle.eu\\\/wp-content\\\/uploads\\\/2020\\\/11\\\/triangle_logo-ajustado.jpg\",\"contentUrl\":\"https:\\\/\\\/www.eltriangle.eu\\\/wp-content\\\/uploads\\\/2020\\\/11\\\/triangle_logo-ajustado.jpg\",\"width\":521,\"height\":92,\"caption\":\"El Triangle\"},\"image\":{\"@id\":\"https:\\\/\\\/www.eltriangle.eu\\\/es\\\/#\\\/schema\\\/logo\\\/image\\\/\"},\"sameAs\":[\"https:\\\/\\\/www.facebook.com\\\/El-Triangle-Diari-101787399020302\",\"https:\\\/\\\/x.com\\\/El_Triangle\",\"https:\\\/\\\/www.youtube.com\\\/channel\\\/UCTIjmYEMYSpdGonuAgNhbcg\"]},{\"@type\":\"Person\",\"@id\":\"https:\\\/\\\/www.eltriangle.eu\\\/es\\\/#\\\/schema\\\/person\\\/64856baeb85b6977ea0d14f347aa650f\",\"name\":\"Redacci\u00f3 \\\/ Ag\u00e8ncies\",\"image\":{\"@type\":\"ImageObject\",\"inLanguage\":\"es\",\"@id\":\"\\\/\\\/www.gravatar.com\\\/avatar\\\/351b28574babbd1ad908587a8fb19654?s=96&#038;r=g&#038;d=mm\",\"url\":\"\\\/\\\/www.gravatar.com\\\/avatar\\\/351b28574babbd1ad908587a8fb19654?s=96&#038;r=g&#038;d=mm\",\"contentUrl\":\"\\\/\\\/www.gravatar.com\\\/avatar\\\/351b28574babbd1ad908587a8fb19654?s=96&#038;r=g&#038;d=mm\",\"caption\":\"Redacci\u00f3 \\\/ Ag\u00e8ncies\"},\"url\":\"https:\\\/\\\/www.eltriangle.eu\\\/es\\\/author\\\/redaccioagencies\\\/\"},{\"@type\":\"SiteNavigationElement\",\"@id\":\"https:\\\/\\\/www.eltriangle.eu\\\/es\\\/#site-navigation\",\"cssSelector\":[\".cib-main-menu\"]},{\"@type\":\"WPHeader\",\"@id\":\"https:\\\/\\\/www.eltriangle.eu\\\/es\\\/#header\",\"cssSelector\":[\".cib-header\"]},{\"@type\":\"WPFooter\",\"@id\":\"https:\\\/\\\/www.eltriangle.eu\\\/es\\\/#footer\",\"cssSelector\":[\".cib-footer\"]}]}<\/script>\n<!-- \/ Yoast SEO plugin. -->","yoast_head_json":{"title":"Protesta a les biblioteques de Barcelona per Sant Jordi","description":"Trabajadores de bibliotecas de Barcelona se manifiestan por mejoras laborales coincidiendo con Sant Jordi y luchan contra la precariedad.","robots":{"index":"index","follow":"follow","max-snippet":"max-snippet:-1","max-image-preview":"max-image-preview:large","max-video-preview":"max-video-preview:-1"},"canonical":"https:\/\/www.eltriangle.eu\/es\/2026\/04\/23\/nueva-protesta-de-la-plantilla-de-las-bibliotecas-de-barcelona-coindiciendo-con-sant-jordi\/","og_locale":"es_ES","og_type":"article","og_title":"Protesta a les biblioteques de Barcelona per Sant Jordi","og_description":"Trabajadores de bibliotecas de Barcelona se manifiestan por mejoras laborales coincidiendo con Sant Jordi y luchan contra la precariedad.","og_url":"https:\/\/www.eltriangle.eu\/es\/2026\/04\/23\/nueva-protesta-de-la-plantilla-de-las-bibliotecas-de-barcelona-coindiciendo-con-sant-jordi\/","og_site_name":"El Triangle","article_publisher":"https:\/\/www.facebook.com\/El-Triangle-Diari-101787399020302","article_published_time":"2026-04-23T08:30:58+00:00","article_modified_time":"2026-04-23T11:13:39+00:00","og_image":[{"width":1280,"height":853,"url":"https:\/\/www.eltriangle.eu\/wp-content\/uploads\/2026\/04\/nova-protesta-biblioteques-barcelona-sant-jordi.jpg","type":"image\/jpeg"}],"author":"Redacci\u00f3 \/ Ag\u00e8ncies","twitter_card":"summary_large_image","twitter_creator":"@El_Triangle","twitter_site":"@El_Triangle","twitter_misc":{"Escrito por":"Redacci\u00f3 \/ Ag\u00e8ncies","Tiempo de lectura":"1 minuto"},"schema":{"@context":"https:\/\/schema.org","@graph":[{"@type":"NewsArticle","@id":"https:\/\/www.eltriangle.eu\/es\/2026\/04\/23\/nueva-protesta-de-la-plantilla-de-las-bibliotecas-de-barcelona-coindiciendo-con-sant-jordi\/#article","isPartOf":{"@id":"https:\/\/www.eltriangle.eu\/es\/2026\/04\/23\/nueva-protesta-de-la-plantilla-de-las-bibliotecas-de-barcelona-coindiciendo-con-sant-jordi\/"},"author":{"name":"Redacci\u00f3 \/ Ag\u00e8ncies","@id":"https:\/\/www.eltriangle.eu\/es\/#\/schema\/person\/64856baeb85b6977ea0d14f347aa650f"},"headline":"Nueva protesta de la plantilla de las bibliotecas de Barcelona coindiciendo con Sant Jordi","datePublished":"2026-04-23T08:30:58+00:00","dateModified":"2026-04-23T11:13:39+00:00","mainEntityOfPage":{"@id":"https:\/\/www.eltriangle.eu\/es\/2026\/04\/23\/nueva-protesta-de-la-plantilla-de-las-bibliotecas-de-barcelona-coindiciendo-con-sant-jordi\/"},"wordCount":192,"commentCount":0,"publisher":{"@id":"https:\/\/www.eltriangle.eu\/es\/#organization"},"image":{"@id":"https:\/\/www.eltriangle.eu\/es\/2026\/04\/23\/nueva-protesta-de-la-plantilla-de-las-bibliotecas-de-barcelona-coindiciendo-con-sant-jordi\/#primaryimage"},"thumbnailUrl":"https:\/\/www.eltriangle.eu\/wp-content\/uploads\/2026\/04\/nova-protesta-biblioteques-barcelona-sant-jordi.jpg","keywords":["Barcelona","bibliotecas","CGT","huelga"],"articleSection":["Actualidad","Cultura","En la calle"],"inLanguage":"es","potentialAction":[{"@type":"CommentAction","name":"Comment","target":["https:\/\/www.eltriangle.eu\/es\/2026\/04\/23\/nueva-protesta-de-la-plantilla-de-las-bibliotecas-de-barcelona-coindiciendo-con-sant-jordi\/#respond"]}]},{"@type":"WebPage","@id":"https:\/\/www.eltriangle.eu\/es\/2026\/04\/23\/nueva-protesta-de-la-plantilla-de-las-bibliotecas-de-barcelona-coindiciendo-con-sant-jordi\/","url":"https:\/\/www.eltriangle.eu\/es\/2026\/04\/23\/nueva-protesta-de-la-plantilla-de-las-bibliotecas-de-barcelona-coindiciendo-con-sant-jordi\/","name":"Protesta a les biblioteques de Barcelona per Sant Jordi","isPartOf":{"@id":"https:\/\/www.eltriangle.eu\/es\/#website"},"primaryImageOfPage":{"@id":"https:\/\/www.eltriangle.eu\/es\/2026\/04\/23\/nueva-protesta-de-la-plantilla-de-las-bibliotecas-de-barcelona-coindiciendo-con-sant-jordi\/#primaryimage"},"image":{"@id":"https:\/\/www.eltriangle.eu\/es\/2026\/04\/23\/nueva-protesta-de-la-plantilla-de-las-bibliotecas-de-barcelona-coindiciendo-con-sant-jordi\/#primaryimage"},"thumbnailUrl":"https:\/\/www.eltriangle.eu\/wp-content\/uploads\/2026\/04\/nova-protesta-biblioteques-barcelona-sant-jordi.jpg","datePublished":"2026-04-23T08:30:58+00:00","dateModified":"2026-04-23T11:13:39+00:00","description":"Trabajadores de bibliotecas de Barcelona se manifiestan por mejoras laborales coincidiendo con Sant Jordi y luchan contra la precariedad.","breadcrumb":{"@id":"https:\/\/www.eltriangle.eu\/es\/2026\/04\/23\/nueva-protesta-de-la-plantilla-de-las-bibliotecas-de-barcelona-coindiciendo-con-sant-jordi\/#breadcrumb"},"inLanguage":"es","potentialAction":[{"@type":"ReadAction","target":["https:\/\/www.eltriangle.eu\/es\/2026\/04\/23\/nueva-protesta-de-la-plantilla-de-las-bibliotecas-de-barcelona-coindiciendo-con-sant-jordi\/"]}]},{"@type":"ImageObject","inLanguage":"es","@id":"https:\/\/www.eltriangle.eu\/es\/2026\/04\/23\/nueva-protesta-de-la-plantilla-de-las-bibliotecas-de-barcelona-coindiciendo-con-sant-jordi\/#primaryimage","url":"https:\/\/www.eltriangle.eu\/wp-content\/uploads\/2026\/04\/nova-protesta-biblioteques-barcelona-sant-jordi.jpg","contentUrl":"https:\/\/www.eltriangle.eu\/wp-content\/uploads\/2026\/04\/nova-protesta-biblioteques-barcelona-sant-jordi.jpg","width":1280,"height":853,"caption":"Treballadors de les biblioteques de Barcelona en una protesta amb cartells (ACN)"},{"@type":"BreadcrumbList","@id":"https:\/\/www.eltriangle.eu\/es\/2026\/04\/23\/nueva-protesta-de-la-plantilla-de-las-bibliotecas-de-barcelona-coindiciendo-con-sant-jordi\/#breadcrumb","itemListElement":[{"@type":"ListItem","position":1,"name":"Portada","item":"https:\/\/www.eltriangle.eu\/es\/"},{"@type":"ListItem","position":2,"name":"Nueva protesta de la plantilla de las bibliotecas de Barcelona coindiciendo con Sant Jordi"}]},{"@type":"WebSite","@id":"https:\/\/www.eltriangle.eu\/es\/#website","url":"https:\/\/www.eltriangle.eu\/es\/","name":"El Triangle","description":"El Triangle \u00e9s un Diari d&#039;informaci\u00f3 general, editat a Catalunya i escrit en llengua catalana, especialitzat en investigaci\u00f3 period\u00edstica","publisher":{"@id":"https:\/\/www.eltriangle.eu\/es\/#organization"},"potentialAction":[{"@type":"SearchAction","target":{"@type":"EntryPoint","urlTemplate":"https:\/\/www.eltriangle.eu\/es\/?s={search_term_string}"},"query-input":{"@type":"PropertyValueSpecification","valueRequired":true,"valueName":"search_term_string"}}],"inLanguage":"es"},{"@type":["Organization","NewsMediaOrganization"],"@id":"https:\/\/www.eltriangle.eu\/es\/#organization","name":"El Triangle","url":"https:\/\/www.eltriangle.eu\/es\/","logo":{"@type":"ImageObject","inLanguage":"es","@id":"https:\/\/www.eltriangle.eu\/es\/#\/schema\/logo\/image\/","url":"https:\/\/www.eltriangle.eu\/wp-content\/uploads\/2020\/11\/triangle_logo-ajustado.jpg","contentUrl":"https:\/\/www.eltriangle.eu\/wp-content\/uploads\/2020\/11\/triangle_logo-ajustado.jpg","width":521,"height":92,"caption":"El Triangle"},"image":{"@id":"https:\/\/www.eltriangle.eu\/es\/#\/schema\/logo\/image\/"},"sameAs":["https:\/\/www.facebook.com\/El-Triangle-Diari-101787399020302","https:\/\/x.com\/El_Triangle","https:\/\/www.youtube.com\/channel\/UCTIjmYEMYSpdGonuAgNhbcg"]},{"@type":"Person","@id":"https:\/\/www.eltriangle.eu\/es\/#\/schema\/person\/64856baeb85b6977ea0d14f347aa650f","name":"Redacci\u00f3 \/ Ag\u00e8ncies","image":{"@type":"ImageObject","inLanguage":"es","@id":"\/\/www.gravatar.com\/avatar\/351b28574babbd1ad908587a8fb19654?s=96&#038;r=g&#038;d=mm","url":"\/\/www.gravatar.com\/avatar\/351b28574babbd1ad908587a8fb19654?s=96&#038;r=g&#038;d=mm","contentUrl":"\/\/www.gravatar.com\/avatar\/351b28574babbd1ad908587a8fb19654?s=96&#038;r=g&#038;d=mm","caption":"Redacci\u00f3 \/ Ag\u00e8ncies"},"url":"https:\/\/www.eltriangle.eu\/es\/author\/redaccioagencies\/"},{"@type":"SiteNavigationElement","@id":"https:\/\/www.eltriangle.eu\/es\/#site-navigation","cssSelector":[".cib-main-menu"]},{"@type":"WPHeader","@id":"https:\/\/www.eltriangle.eu\/es\/#header","cssSelector":[".cib-header"]},{"@type":"WPFooter","@id":"https:\/\/www.eltriangle.eu\/es\/#footer","cssSelector":[".cib-footer"]}]}},"amp_enabled":true,"_links":{"self":[{"href":"https:\/\/www.eltriangle.eu\/es\/wp-json\/wp\/v2\/posts\/369054","targetHints":{"allow":["GET"]}}],"collection":[{"href":"https:\/\/www.eltriangle.eu\/es\/wp-json\/wp\/v2\/posts"}],"about":[{"href":"https:\/\/www.eltriangle.eu\/es\/wp-json\/wp\/v2\/types\/post"}],"author":[{"embeddable":true,"href":"https:\/\/www.eltriangle.eu\/es\/wp-json\/wp\/v2\/users\/190"}],"replies":[{"embeddable":true,"href":"https:\/\/www.eltriangle.eu\/es\/wp-json\/wp\/v2\/comments?post=369054"}],"version-history":[{"count":1,"href":"https:\/\/www.eltriangle.eu\/es\/wp-json\/wp\/v2\/posts\/369054\/revisions"}],"predecessor-version":[{"id":369063,"href":"https:\/\/www.eltriangle.eu\/es\/wp-json\/wp\/v2\/posts\/369054\/revisions\/369063"}],"wp:featuredmedia":[{"embeddable":true,"href":"https:\/\/www.eltriangle.eu\/es\/wp-json\/wp\/v2\/media\/369048"}],"wp:attachment":[{"href":"https:\/\/www.eltriangle.eu\/es\/wp-json\/wp\/v2\/media?parent=369054"}],"wp:term":[{"taxonomy":"category","embeddable":true,"href":"https:\/\/www.eltriangle.eu\/es\/wp-json\/wp\/v2\/categories?post=369054"},{"taxonomy":"post_tag","embeddable":true,"href":"https:\/\/www.eltriangle.eu\/es\/wp-json\/wp\/v2\/tags?post=369054"}],"curies":[{"name":"wp","href":"https:\/\/api.w.org\/{rel}","templated":true}]}}