{"id":369015,"date":"2026-04-23T11:18:56","date_gmt":"2026-04-23T09:18:56","guid":{"rendered":null},"modified":"2026-04-23T11:42:34","modified_gmt":"2026-04-23T09:42:34","slug":"la-paz-vecinal-se-impone-en-la-metropolis-de-barcelona-con-una-convivencia-marcada-por-la-cordialidad","status":"publish","type":"post","link":"https:\/\/www.eltriangle.eu\/es\/2026\/04\/23\/la-paz-vecinal-se-impone-en-la-metropolis-de-barcelona-con-una-convivencia-marcada-por-la-cordialidad\/","title":{"rendered":"La paz vecinal se impone en el \u00e1rea de Barcelona con una convivencia marcada por la cordialidad"},"content":{"rendered":"<p data-path-to-node=\"3\">La <strong>Encuesta de convivencia y relaciones vecinales 2024 (ECAMB 2024)<\/strong> revela una realidad metropolitana en la que predomina el respeto y la convivencia pac\u00edfica, aunque <strong>los v\u00ednculos entre los residentes son mayoritariamente de baja intensidad<\/strong>. Seg\u00fan el estudio elaborado por el <strong>Instituto Metr\u00f3poli<\/strong> con la financiaci\u00f3n del <strong>\u00c1rea Metropolitana de Barcelona (AMB)<\/strong>, las relaciones en los bloques de pisos son principalmente funcionales y de cortes\u00eda.<\/p>\n<p data-path-to-node=\"3\">Los datos indican que <strong>el 63,8% de los ciudadanos se limita a saludar a sus vecinos y el 42,6% mantiene conversaciones breves<\/strong>, mientras que las pr\u00e1cticas que implican una mayor confianza, como hacerse favores o compartir problemas personales, se sit\u00faan en el 16,1% y el 8,4% respectivamente. Las relaciones m\u00e1s estrechas son residuales, ya que s\u00f3lo un 4,3% se realiza visitas a la vivienda y un 2,4% comparte actividades de ocio.<\/p>\n<h2 data-path-to-node=\"4\">El ruido, principal foco de conflicto<\/h2>\n<p data-path-to-node=\"4\">Esta cuarta edici\u00f3n de la encuesta, que ha contado con la participaci\u00f3n de 3.183 personas entre octubre y noviembre de 2024, destaca que <strong>el perfil de la persona con relaciones vecinales m\u00e1s intensas corresponde a propietarios, gente que hace mucho tiempo que reside en el barrio y mayores de 45 a\u00f1os<\/strong>. En contraposici\u00f3n, la juventud y la poblaci\u00f3n nacida en el extranjero presentan un menor grado de interacci\u00f3n con su entorno inmediato.<\/p>\n<p data-path-to-node=\"4\">A pesar de este distanciamiento relativo, el clima de convivencia es positivo, ya que <strong>s\u00f3lo un 9,6% de la poblaci\u00f3n declara haber sufrido alg\u00fan conflicto vecinal<\/strong> durante el \u00faltimo a\u00f1o. El ruido es la causa estrella en el 46,1% de los casos, seguido de lejos por las discusiones y la suciedad o el mal mantenimiento de las zonas comunes.<\/p>\n<blockquote>\n<p data-path-to-node=\"4\">La conflictividad vecinal es m\u00e1s elevada en edificios con un estado de conservaci\u00f3n deficiente.<\/p>\n<\/blockquote>\n<p data-path-to-node=\"5\">El estudio subraya que la resoluci\u00f3n de estas fricciones se produce de forma mayoritaria, concretamente en un 72,11% de las ocasiones, mediante el di\u00e1logo informal entre los propios implicados, sin necesidad de recurrir a mecanismos institucionales. Asimismo, se ha identificado que <strong>las condiciones materiales de la vivienda juegan un papel clave en la paz vecinal<\/strong>: la conflictividad tiende a ser m\u00e1s elevada en edificios con un estado de conservaci\u00f3n deficiente o en pisos de dimensiones reducidas, donde la falta de espacio puede tensionar la convivencia.<\/p>\n<h2 data-path-to-node=\"6\">La percepci\u00f3n del entorno urbano<\/h2>\n<p data-path-to-node=\"6\">En cuanto al entorno urbano, la percepci\u00f3n es notablemente satisfactoria. <strong>Un 91,9% de los encuestados opina que su barrio est\u00e1 bien comunicado<\/strong> y <strong>un 86,2% valora positivamente la presencia de parques y zonas verdes<\/strong>. Los barrios metropolitanos se ven como lugares adecuados para la crianza de ni\u00f1os y cuentan con una buena oferta de equipamientos, acompa\u00f1ada de una <strong>elevada sensaci\u00f3n de seguridad por parte del 71,4% de la poblaci\u00f3n<\/strong>.<\/p>\n<p data-path-to-node=\"6\">No obstante, aparecen elementos de preocupaci\u00f3n como <strong>la suciedad, que es vista como un problema por el 44,5%<\/strong> de los ciudadanos, o <strong>la circulaci\u00f3n excesiva de veh\u00edculos, que preocupa a un 33,3%<\/strong> de la muestra. A nivel social, la actividad asociativa se percibe como el punto m\u00e1s d\u00e9bil del barrio, con una valoraci\u00f3n que cae hasta el 55,7%.<\/p>\n<h2 data-path-to-node=\"7\">Diferencias en el uso social del barrio<\/h2>\n<p data-path-to-node=\"7\">El uso que se hace del espacio p\u00fablico tambi\u00e9n revela diferencias significativas seg\u00fan el contexto socioecon\u00f3mico y el g\u00e9nero. A pesar del uso habitual por parte de la poblaci\u00f3n de calles y plazas, <strong>el tiempo de ocio suele trasladarse fuera del barrio<\/strong>, especialmente en las ciudades m\u00e1s grandes como Barcelona. En cambio, <strong>las personas que viven en barrios de renta elevada pasan m\u00e1s tiempo libre en este, pero utilizan menos los equipamientos p\u00fablicos<\/strong>. Son las mujeres quienes hacen un uso m\u00e1s intensivo de los servicios del barrio y participan m\u00e1s en el tejido asociativo.<\/p>\n<p data-path-to-node=\"7\">La encuesta tambi\u00e9n evidencia que las ciudades grandes y los entornos con m\u00e1s diversidad de or\u00edgenes presentan m\u00e1s dificultades para establecer v\u00ednculos s\u00f3lidos, y que el grado de conocimiento entre vecinos es superior en barrios m\u00e1s homog\u00e9neos, llegando al 83,3% frente al 64,4 % de los entornos m\u00e1s diversos.<\/p>\n<blockquote>\n<p data-path-to-node=\"7\">Seg\u00fan la encuesta, las mujeres participan m\u00e1s en el tejido asociativo de los barrios.<\/p>\n<\/blockquote>\n<p data-path-to-node=\"8\">Ante este escenario, el informe concluye con una reflexi\u00f3n estrat\u00e9gica: <b data-path-to-node=\"8\" data-index-in-node=\"74\">\u00abEl refuerzo de la convivencia no pasa \u00fanicamente por intervenir en las relaciones interpersonales, sino tambi\u00e9n por mejorar la habitabilidad, reducir las desigualdades urbanas y potenciar la dinamizaci\u00f3n comunitaria, con el fin de transformar v\u00ednculos d\u00e9biles en oportunidades de cohesi\u00f3n social m\u00e1s robusta\u00bb<\/b>.<\/p>\n<p data-path-to-node=\"8\">Esta necesidad de cohesi\u00f3n se hace patente al observar que s\u00f3lo un 21% de la poblaci\u00f3n se ha movilizado en los \u00faltimos cinco a\u00f1os para resolver problemas colectivos del barrio y s\u00f3lo un 15,6% ha participado en acciones de mejora de espacios autogestionados.<\/p>\n<h2 data-path-to-node=\"9\">El reto de la soledad no deseada<\/h2>\n<p data-path-to-node=\"9\">Finalmente, la ECAMB 2024 pone el foco en una problem\u00e1tica emergente: la soledad no deseada. <strong>Un 9,8% de la poblaci\u00f3n metropolitana se ha sentido sola o excluida<\/strong> en el \u00faltimo mes, una <strong>sensaci\u00f3n que se acent\u00faa en las mujeres (12,3%) respecto a los hombres (6,9%)<\/strong> y, sorprendentemente, en la poblaci\u00f3n joven. De hecho, <b data-path-to-node=\"9\" data-index-in-node=\"337\">\u00abel 11,7% de los j\u00f3venes metropolitanos a menudo se ha sentido solo o excluido\u00bb<\/b>, un dato que supera incluso al de las personas mayores de 75 a\u00f1os, que se sit\u00faa en el 11,5%.<\/p>\n<p data-path-to-node=\"9\">Esta realidad se ve agravada por el hecho de que <strong>un 40% de los ciudadanos del \u00e1rea metropolitana declara tener una red relacional limitada<\/strong>, con una falta de personas de confianza a las que recurrir en caso de necesidad, mientras que un 2,8% afirma sentirse solo y no disponer de ning\u00fan amigo ni familiar que viva cerca.<\/p>\n","protected":false},"excerpt":{"rendered":"<p>La Encuesta de convivencia y relaciones vecinales 2024 (ECAMB 2024) revela una realidad metropolitana en la que predomina el respeto y la convivencia pac\u00edfica, aunque los v\u00ednculos entre los residentes son mayoritariamente de baja intensidad. Seg\u00fan el estudio elaborado por el Instituto Metr\u00f3poli con la financiaci\u00f3n del \u00c1rea Metropolitana de Barcelona (AMB), las relaciones en &#8230; <a title=\"La paz vecinal se impone en el \u00e1rea de Barcelona con una convivencia marcada por la cordialidad\" class=\"read-more\" href=\"https:\/\/www.eltriangle.eu\/es\/2026\/04\/23\/la-paz-vecinal-se-impone-en-la-metropolis-de-barcelona-con-una-convivencia-marcada-por-la-cordialidad\/\" aria-label=\"Leer m\u00e1s sobre La paz vecinal se impone en el \u00e1rea de Barcelona con una convivencia marcada por la cordialidad\">Leer m\u00e1s<\/a><\/p>\n","protected":false},"author":93,"featured_media":369010,"comment_status":"open","ping_status":"closed","sticky":false,"template":"","format":"standard","meta":{"_acf_changed":false,"pmpro_default_level":"","footnotes":""},"categories":[132],"tags":[1841,7376],"class_list":["post-369015","post","type-post","status-publish","format-standard","has-post-thumbnail","hentry","category-metropolis","tag-amb-es","tag-area-metropolitana-de-barcelona-es","lh_instant_articles-syndicate-yes","pmpro-has-access"],"acf":[],"yoast_head":"<!-- This site is optimized with the Yoast SEO plugin v27.4 - https:\/\/yoast.com\/product\/yoast-seo-wordpress\/ -->\n<title>La convivencia vecinal en Barcelona: se impone la paz y la cordialidad<\/title>\n<meta name=\"description\" content=\"La ECAMB 2024 revela un clima de convivencia pac\u00edfica en el \u00e1rea de Barcelona, con retos como la soledad no deseada y la limpieza del barrio.\" class=\"yoast-seo-meta-tag\" \/>\n<meta name=\"robots\" content=\"index, follow, max-snippet:-1, max-image-preview:large, max-video-preview:-1\" \/>\n<link rel=\"canonical\" href=\"https:\/\/www.eltriangle.eu\/es\/2026\/04\/23\/la-paz-vecinal-se-impone-en-la-metropolis-de-barcelona-con-una-convivencia-marcada-por-la-cordialidad\/\" class=\"yoast-seo-meta-tag\" \/>\n<meta property=\"og:locale\" content=\"es_ES\" class=\"yoast-seo-meta-tag\" \/>\n<meta property=\"og:type\" content=\"article\" class=\"yoast-seo-meta-tag\" \/>\n<meta property=\"og:title\" content=\"La convivencia vecinal en Barcelona: se impone la paz y la cordialidad\" class=\"yoast-seo-meta-tag\" \/>\n<meta property=\"og:description\" content=\"La ECAMB 2024 revela un clima de convivencia pac\u00edfica en el \u00e1rea de Barcelona, con retos como la soledad no deseada y la limpieza del barrio.\" class=\"yoast-seo-meta-tag\" \/>\n<meta property=\"og:url\" content=\"https:\/\/www.eltriangle.eu\/es\/2026\/04\/23\/la-paz-vecinal-se-impone-en-la-metropolis-de-barcelona-con-una-convivencia-marcada-por-la-cordialidad\/\" class=\"yoast-seo-meta-tag\" \/>\n<meta property=\"og:site_name\" content=\"El Triangle\" class=\"yoast-seo-meta-tag\" \/>\n<meta property=\"article:publisher\" content=\"https:\/\/www.facebook.com\/El-Triangle-Diari-101787399020302\" class=\"yoast-seo-meta-tag\" \/>\n<meta property=\"article:published_time\" content=\"2026-04-23T09:18:56+00:00\" class=\"yoast-seo-meta-tag\" \/>\n<meta property=\"article:modified_time\" content=\"2026-04-23T09:42:34+00:00\" class=\"yoast-seo-meta-tag\" \/>\n<meta property=\"og:image\" content=\"https:\/\/www.eltriangle.eu\/wp-content\/uploads\/2026\/04\/veins-area-barcelona-amb-e1776935108402.jpg\" class=\"yoast-seo-meta-tag\" \/>\n\t<meta property=\"og:image:width\" content=\"1280\" class=\"yoast-seo-meta-tag\" \/>\n\t<meta property=\"og:image:height\" content=\"757\" class=\"yoast-seo-meta-tag\" \/>\n\t<meta property=\"og:image:type\" content=\"image\/jpeg\" class=\"yoast-seo-meta-tag\" \/>\n<meta name=\"author\" content=\"redaccio\" class=\"yoast-seo-meta-tag\" \/>\n<meta name=\"twitter:card\" content=\"summary_large_image\" class=\"yoast-seo-meta-tag\" \/>\n<meta name=\"twitter:creator\" content=\"@El_Triangle\" class=\"yoast-seo-meta-tag\" \/>\n<meta name=\"twitter:site\" content=\"@El_Triangle\" class=\"yoast-seo-meta-tag\" \/>\n<meta name=\"twitter:label1\" content=\"Escrito por\" class=\"yoast-seo-meta-tag\" \/>\n\t<meta name=\"twitter:data1\" content=\"redaccio\" class=\"yoast-seo-meta-tag\" \/>\n\t<meta name=\"twitter:label2\" content=\"Tiempo de lectura\" class=\"yoast-seo-meta-tag\" \/>\n\t<meta name=\"twitter:data2\" content=\"5 minutos\" class=\"yoast-seo-meta-tag\" \/>\n<script type=\"application\/ld+json\" class=\"yoast-schema-graph\">{\"@context\":\"https:\\\/\\\/schema.org\",\"@graph\":[{\"@type\":\"NewsArticle\",\"@id\":\"https:\\\/\\\/www.eltriangle.eu\\\/es\\\/2026\\\/04\\\/23\\\/la-paz-vecinal-se-impone-en-la-metropolis-de-barcelona-con-una-convivencia-marcada-por-la-cordialidad\\\/#article\",\"isPartOf\":{\"@id\":\"https:\\\/\\\/www.eltriangle.eu\\\/es\\\/2026\\\/04\\\/23\\\/la-paz-vecinal-se-impone-en-la-metropolis-de-barcelona-con-una-convivencia-marcada-por-la-cordialidad\\\/\"},\"author\":{\"name\":\"redaccio\",\"@id\":\"https:\\\/\\\/www.eltriangle.eu\\\/es\\\/#\\\/schema\\\/person\\\/7e5bff7fe0202e362b26fcec2bd6f383\"},\"headline\":\"La paz vecinal se impone en el \u00e1rea de Barcelona con una convivencia marcada por la cordialidad\",\"datePublished\":\"2026-04-23T09:18:56+00:00\",\"dateModified\":\"2026-04-23T09:42:34+00:00\",\"mainEntityOfPage\":{\"@id\":\"https:\\\/\\\/www.eltriangle.eu\\\/es\\\/2026\\\/04\\\/23\\\/la-paz-vecinal-se-impone-en-la-metropolis-de-barcelona-con-una-convivencia-marcada-por-la-cordialidad\\\/\"},\"wordCount\":980,\"commentCount\":0,\"publisher\":{\"@id\":\"https:\\\/\\\/www.eltriangle.eu\\\/es\\\/#organization\"},\"image\":{\"@id\":\"https:\\\/\\\/www.eltriangle.eu\\\/es\\\/2026\\\/04\\\/23\\\/la-paz-vecinal-se-impone-en-la-metropolis-de-barcelona-con-una-convivencia-marcada-por-la-cordialidad\\\/#primaryimage\"},\"thumbnailUrl\":\"https:\\\/\\\/www.eltriangle.eu\\\/wp-content\\\/uploads\\\/2026\\\/04\\\/veins-area-barcelona-amb-e1776935108402.jpg\",\"keywords\":[\"AMB\",\"\u00c1rea Metropolitana de Barcelona\"],\"articleSection\":[\"Metr\u00f3polis\"],\"inLanguage\":\"es\",\"potentialAction\":[{\"@type\":\"CommentAction\",\"name\":\"Comment\",\"target\":[\"https:\\\/\\\/www.eltriangle.eu\\\/es\\\/2026\\\/04\\\/23\\\/la-paz-vecinal-se-impone-en-la-metropolis-de-barcelona-con-una-convivencia-marcada-por-la-cordialidad\\\/#respond\"]}]},{\"@type\":\"WebPage\",\"@id\":\"https:\\\/\\\/www.eltriangle.eu\\\/es\\\/2026\\\/04\\\/23\\\/la-paz-vecinal-se-impone-en-la-metropolis-de-barcelona-con-una-convivencia-marcada-por-la-cordialidad\\\/\",\"url\":\"https:\\\/\\\/www.eltriangle.eu\\\/es\\\/2026\\\/04\\\/23\\\/la-paz-vecinal-se-impone-en-la-metropolis-de-barcelona-con-una-convivencia-marcada-por-la-cordialidad\\\/\",\"name\":\"La convivencia vecinal en Barcelona: se impone la paz y la cordialidad\",\"isPartOf\":{\"@id\":\"https:\\\/\\\/www.eltriangle.eu\\\/es\\\/#website\"},\"primaryImageOfPage\":{\"@id\":\"https:\\\/\\\/www.eltriangle.eu\\\/es\\\/2026\\\/04\\\/23\\\/la-paz-vecinal-se-impone-en-la-metropolis-de-barcelona-con-una-convivencia-marcada-por-la-cordialidad\\\/#primaryimage\"},\"image\":{\"@id\":\"https:\\\/\\\/www.eltriangle.eu\\\/es\\\/2026\\\/04\\\/23\\\/la-paz-vecinal-se-impone-en-la-metropolis-de-barcelona-con-una-convivencia-marcada-por-la-cordialidad\\\/#primaryimage\"},\"thumbnailUrl\":\"https:\\\/\\\/www.eltriangle.eu\\\/wp-content\\\/uploads\\\/2026\\\/04\\\/veins-area-barcelona-amb-e1776935108402.jpg\",\"datePublished\":\"2026-04-23T09:18:56+00:00\",\"dateModified\":\"2026-04-23T09:42:34+00:00\",\"description\":\"La ECAMB 2024 revela un clima de convivencia pac\u00edfica en el \u00e1rea de Barcelona, con retos como la soledad no deseada y la limpieza del barrio.\",\"breadcrumb\":{\"@id\":\"https:\\\/\\\/www.eltriangle.eu\\\/es\\\/2026\\\/04\\\/23\\\/la-paz-vecinal-se-impone-en-la-metropolis-de-barcelona-con-una-convivencia-marcada-por-la-cordialidad\\\/#breadcrumb\"},\"inLanguage\":\"es\",\"potentialAction\":[{\"@type\":\"ReadAction\",\"target\":[\"https:\\\/\\\/www.eltriangle.eu\\\/es\\\/2026\\\/04\\\/23\\\/la-paz-vecinal-se-impone-en-la-metropolis-de-barcelona-con-una-convivencia-marcada-por-la-cordialidad\\\/\"]}]},{\"@type\":\"ImageObject\",\"inLanguage\":\"es\",\"@id\":\"https:\\\/\\\/www.eltriangle.eu\\\/es\\\/2026\\\/04\\\/23\\\/la-paz-vecinal-se-impone-en-la-metropolis-de-barcelona-con-una-convivencia-marcada-por-la-cordialidad\\\/#primaryimage\",\"url\":\"https:\\\/\\\/www.eltriangle.eu\\\/wp-content\\\/uploads\\\/2026\\\/04\\\/veins-area-barcelona-amb-e1776935108402.jpg\",\"contentUrl\":\"https:\\\/\\\/www.eltriangle.eu\\\/wp-content\\\/uploads\\\/2026\\\/04\\\/veins-area-barcelona-amb-e1776935108402.jpg\",\"width\":1280,\"height\":757,\"caption\":\"Ve\u00efns \u00e0rea de Barcelona (AMB)\"},{\"@type\":\"BreadcrumbList\",\"@id\":\"https:\\\/\\\/www.eltriangle.eu\\\/es\\\/2026\\\/04\\\/23\\\/la-paz-vecinal-se-impone-en-la-metropolis-de-barcelona-con-una-convivencia-marcada-por-la-cordialidad\\\/#breadcrumb\",\"itemListElement\":[{\"@type\":\"ListItem\",\"position\":1,\"name\":\"Portada\",\"item\":\"https:\\\/\\\/www.eltriangle.eu\\\/es\\\/\"},{\"@type\":\"ListItem\",\"position\":2,\"name\":\"La paz vecinal se impone en el \u00e1rea de Barcelona con una convivencia marcada por la cordialidad\"}]},{\"@type\":\"WebSite\",\"@id\":\"https:\\\/\\\/www.eltriangle.eu\\\/es\\\/#website\",\"url\":\"https:\\\/\\\/www.eltriangle.eu\\\/es\\\/\",\"name\":\"El Triangle\",\"description\":\"El Triangle \u00e9s un Diari d&#039;informaci\u00f3 general, editat a Catalunya i escrit en llengua catalana, especialitzat en investigaci\u00f3 period\u00edstica\",\"publisher\":{\"@id\":\"https:\\\/\\\/www.eltriangle.eu\\\/es\\\/#organization\"},\"potentialAction\":[{\"@type\":\"SearchAction\",\"target\":{\"@type\":\"EntryPoint\",\"urlTemplate\":\"https:\\\/\\\/www.eltriangle.eu\\\/es\\\/?s={search_term_string}\"},\"query-input\":{\"@type\":\"PropertyValueSpecification\",\"valueRequired\":true,\"valueName\":\"search_term_string\"}}],\"inLanguage\":\"es\"},{\"@type\":[\"Organization\",\"NewsMediaOrganization\"],\"@id\":\"https:\\\/\\\/www.eltriangle.eu\\\/es\\\/#organization\",\"name\":\"El Triangle\",\"url\":\"https:\\\/\\\/www.eltriangle.eu\\\/es\\\/\",\"logo\":{\"@type\":\"ImageObject\",\"inLanguage\":\"es\",\"@id\":\"https:\\\/\\\/www.eltriangle.eu\\\/es\\\/#\\\/schema\\\/logo\\\/image\\\/\",\"url\":\"https:\\\/\\\/www.eltriangle.eu\\\/wp-content\\\/uploads\\\/2020\\\/11\\\/triangle_logo-ajustado.jpg\",\"contentUrl\":\"https:\\\/\\\/www.eltriangle.eu\\\/wp-content\\\/uploads\\\/2020\\\/11\\\/triangle_logo-ajustado.jpg\",\"width\":521,\"height\":92,\"caption\":\"El Triangle\"},\"image\":{\"@id\":\"https:\\\/\\\/www.eltriangle.eu\\\/es\\\/#\\\/schema\\\/logo\\\/image\\\/\"},\"sameAs\":[\"https:\\\/\\\/www.facebook.com\\\/El-Triangle-Diari-101787399020302\",\"https:\\\/\\\/x.com\\\/El_Triangle\",\"https:\\\/\\\/www.youtube.com\\\/channel\\\/UCTIjmYEMYSpdGonuAgNhbcg\"]},{\"@type\":\"Person\",\"@id\":\"https:\\\/\\\/www.eltriangle.eu\\\/es\\\/#\\\/schema\\\/person\\\/7e5bff7fe0202e362b26fcec2bd6f383\",\"name\":\"redaccio\",\"image\":{\"@type\":\"ImageObject\",\"inLanguage\":\"es\",\"@id\":\"\\\/\\\/www.gravatar.com\\\/avatar\\\/5661b3e51fe6027f31ed1f408d22a917?s=96&#038;r=g&#038;d=mm\",\"url\":\"\\\/\\\/www.gravatar.com\\\/avatar\\\/5661b3e51fe6027f31ed1f408d22a917?s=96&#038;r=g&#038;d=mm\",\"contentUrl\":\"\\\/\\\/www.gravatar.com\\\/avatar\\\/5661b3e51fe6027f31ed1f408d22a917?s=96&#038;r=g&#038;d=mm\",\"caption\":\"redaccio\"},\"url\":\"https:\\\/\\\/www.eltriangle.eu\\\/es\\\/author\\\/redaccio\\\/\"},{\"@type\":\"SiteNavigationElement\",\"@id\":\"https:\\\/\\\/www.eltriangle.eu\\\/es\\\/#site-navigation\",\"cssSelector\":[\".cib-main-menu\"]},{\"@type\":\"WPHeader\",\"@id\":\"https:\\\/\\\/www.eltriangle.eu\\\/es\\\/#header\",\"cssSelector\":[\".cib-header\"]},{\"@type\":\"WPFooter\",\"@id\":\"https:\\\/\\\/www.eltriangle.eu\\\/es\\\/#footer\",\"cssSelector\":[\".cib-footer\"]}]}<\/script>\n<!-- \/ Yoast SEO plugin. -->","yoast_head_json":{"title":"La convivencia vecinal en Barcelona: se impone la paz y la cordialidad","description":"La ECAMB 2024 revela un clima de convivencia pac\u00edfica en el \u00e1rea de Barcelona, con retos como la soledad no deseada y la limpieza del barrio.","robots":{"index":"index","follow":"follow","max-snippet":"max-snippet:-1","max-image-preview":"max-image-preview:large","max-video-preview":"max-video-preview:-1"},"canonical":"https:\/\/www.eltriangle.eu\/es\/2026\/04\/23\/la-paz-vecinal-se-impone-en-la-metropolis-de-barcelona-con-una-convivencia-marcada-por-la-cordialidad\/","og_locale":"es_ES","og_type":"article","og_title":"La convivencia vecinal en Barcelona: se impone la paz y la cordialidad","og_description":"La ECAMB 2024 revela un clima de convivencia pac\u00edfica en el \u00e1rea de Barcelona, con retos como la soledad no deseada y la limpieza del barrio.","og_url":"https:\/\/www.eltriangle.eu\/es\/2026\/04\/23\/la-paz-vecinal-se-impone-en-la-metropolis-de-barcelona-con-una-convivencia-marcada-por-la-cordialidad\/","og_site_name":"El Triangle","article_publisher":"https:\/\/www.facebook.com\/El-Triangle-Diari-101787399020302","article_published_time":"2026-04-23T09:18:56+00:00","article_modified_time":"2026-04-23T09:42:34+00:00","og_image":[{"width":1280,"height":757,"url":"https:\/\/www.eltriangle.eu\/wp-content\/uploads\/2026\/04\/veins-area-barcelona-amb-e1776935108402.jpg","type":"image\/jpeg"}],"author":"redaccio","twitter_card":"summary_large_image","twitter_creator":"@El_Triangle","twitter_site":"@El_Triangle","twitter_misc":{"Escrito por":"redaccio","Tiempo de lectura":"5 minutos"},"schema":{"@context":"https:\/\/schema.org","@graph":[{"@type":"NewsArticle","@id":"https:\/\/www.eltriangle.eu\/es\/2026\/04\/23\/la-paz-vecinal-se-impone-en-la-metropolis-de-barcelona-con-una-convivencia-marcada-por-la-cordialidad\/#article","isPartOf":{"@id":"https:\/\/www.eltriangle.eu\/es\/2026\/04\/23\/la-paz-vecinal-se-impone-en-la-metropolis-de-barcelona-con-una-convivencia-marcada-por-la-cordialidad\/"},"author":{"name":"redaccio","@id":"https:\/\/www.eltriangle.eu\/es\/#\/schema\/person\/7e5bff7fe0202e362b26fcec2bd6f383"},"headline":"La paz vecinal se impone en el \u00e1rea de Barcelona con una convivencia marcada por la cordialidad","datePublished":"2026-04-23T09:18:56+00:00","dateModified":"2026-04-23T09:42:34+00:00","mainEntityOfPage":{"@id":"https:\/\/www.eltriangle.eu\/es\/2026\/04\/23\/la-paz-vecinal-se-impone-en-la-metropolis-de-barcelona-con-una-convivencia-marcada-por-la-cordialidad\/"},"wordCount":980,"commentCount":0,"publisher":{"@id":"https:\/\/www.eltriangle.eu\/es\/#organization"},"image":{"@id":"https:\/\/www.eltriangle.eu\/es\/2026\/04\/23\/la-paz-vecinal-se-impone-en-la-metropolis-de-barcelona-con-una-convivencia-marcada-por-la-cordialidad\/#primaryimage"},"thumbnailUrl":"https:\/\/www.eltriangle.eu\/wp-content\/uploads\/2026\/04\/veins-area-barcelona-amb-e1776935108402.jpg","keywords":["AMB","\u00c1rea Metropolitana de Barcelona"],"articleSection":["Metr\u00f3polis"],"inLanguage":"es","potentialAction":[{"@type":"CommentAction","name":"Comment","target":["https:\/\/www.eltriangle.eu\/es\/2026\/04\/23\/la-paz-vecinal-se-impone-en-la-metropolis-de-barcelona-con-una-convivencia-marcada-por-la-cordialidad\/#respond"]}]},{"@type":"WebPage","@id":"https:\/\/www.eltriangle.eu\/es\/2026\/04\/23\/la-paz-vecinal-se-impone-en-la-metropolis-de-barcelona-con-una-convivencia-marcada-por-la-cordialidad\/","url":"https:\/\/www.eltriangle.eu\/es\/2026\/04\/23\/la-paz-vecinal-se-impone-en-la-metropolis-de-barcelona-con-una-convivencia-marcada-por-la-cordialidad\/","name":"La convivencia vecinal en Barcelona: se impone la paz y la cordialidad","isPartOf":{"@id":"https:\/\/www.eltriangle.eu\/es\/#website"},"primaryImageOfPage":{"@id":"https:\/\/www.eltriangle.eu\/es\/2026\/04\/23\/la-paz-vecinal-se-impone-en-la-metropolis-de-barcelona-con-una-convivencia-marcada-por-la-cordialidad\/#primaryimage"},"image":{"@id":"https:\/\/www.eltriangle.eu\/es\/2026\/04\/23\/la-paz-vecinal-se-impone-en-la-metropolis-de-barcelona-con-una-convivencia-marcada-por-la-cordialidad\/#primaryimage"},"thumbnailUrl":"https:\/\/www.eltriangle.eu\/wp-content\/uploads\/2026\/04\/veins-area-barcelona-amb-e1776935108402.jpg","datePublished":"2026-04-23T09:18:56+00:00","dateModified":"2026-04-23T09:42:34+00:00","description":"La ECAMB 2024 revela un clima de convivencia pac\u00edfica en el \u00e1rea de Barcelona, con retos como la soledad no deseada y la limpieza del barrio.","breadcrumb":{"@id":"https:\/\/www.eltriangle.eu\/es\/2026\/04\/23\/la-paz-vecinal-se-impone-en-la-metropolis-de-barcelona-con-una-convivencia-marcada-por-la-cordialidad\/#breadcrumb"},"inLanguage":"es","potentialAction":[{"@type":"ReadAction","target":["https:\/\/www.eltriangle.eu\/es\/2026\/04\/23\/la-paz-vecinal-se-impone-en-la-metropolis-de-barcelona-con-una-convivencia-marcada-por-la-cordialidad\/"]}]},{"@type":"ImageObject","inLanguage":"es","@id":"https:\/\/www.eltriangle.eu\/es\/2026\/04\/23\/la-paz-vecinal-se-impone-en-la-metropolis-de-barcelona-con-una-convivencia-marcada-por-la-cordialidad\/#primaryimage","url":"https:\/\/www.eltriangle.eu\/wp-content\/uploads\/2026\/04\/veins-area-barcelona-amb-e1776935108402.jpg","contentUrl":"https:\/\/www.eltriangle.eu\/wp-content\/uploads\/2026\/04\/veins-area-barcelona-amb-e1776935108402.jpg","width":1280,"height":757,"caption":"Ve\u00efns \u00e0rea de Barcelona (AMB)"},{"@type":"BreadcrumbList","@id":"https:\/\/www.eltriangle.eu\/es\/2026\/04\/23\/la-paz-vecinal-se-impone-en-la-metropolis-de-barcelona-con-una-convivencia-marcada-por-la-cordialidad\/#breadcrumb","itemListElement":[{"@type":"ListItem","position":1,"name":"Portada","item":"https:\/\/www.eltriangle.eu\/es\/"},{"@type":"ListItem","position":2,"name":"La paz vecinal se impone en el \u00e1rea de Barcelona con una convivencia marcada por la cordialidad"}]},{"@type":"WebSite","@id":"https:\/\/www.eltriangle.eu\/es\/#website","url":"https:\/\/www.eltriangle.eu\/es\/","name":"El Triangle","description":"El Triangle \u00e9s un Diari d&#039;informaci\u00f3 general, editat a Catalunya i escrit en llengua catalana, especialitzat en investigaci\u00f3 period\u00edstica","publisher":{"@id":"https:\/\/www.eltriangle.eu\/es\/#organization"},"potentialAction":[{"@type":"SearchAction","target":{"@type":"EntryPoint","urlTemplate":"https:\/\/www.eltriangle.eu\/es\/?s={search_term_string}"},"query-input":{"@type":"PropertyValueSpecification","valueRequired":true,"valueName":"search_term_string"}}],"inLanguage":"es"},{"@type":["Organization","NewsMediaOrganization"],"@id":"https:\/\/www.eltriangle.eu\/es\/#organization","name":"El Triangle","url":"https:\/\/www.eltriangle.eu\/es\/","logo":{"@type":"ImageObject","inLanguage":"es","@id":"https:\/\/www.eltriangle.eu\/es\/#\/schema\/logo\/image\/","url":"https:\/\/www.eltriangle.eu\/wp-content\/uploads\/2020\/11\/triangle_logo-ajustado.jpg","contentUrl":"https:\/\/www.eltriangle.eu\/wp-content\/uploads\/2020\/11\/triangle_logo-ajustado.jpg","width":521,"height":92,"caption":"El Triangle"},"image":{"@id":"https:\/\/www.eltriangle.eu\/es\/#\/schema\/logo\/image\/"},"sameAs":["https:\/\/www.facebook.com\/El-Triangle-Diari-101787399020302","https:\/\/x.com\/El_Triangle","https:\/\/www.youtube.com\/channel\/UCTIjmYEMYSpdGonuAgNhbcg"]},{"@type":"Person","@id":"https:\/\/www.eltriangle.eu\/es\/#\/schema\/person\/7e5bff7fe0202e362b26fcec2bd6f383","name":"redaccio","image":{"@type":"ImageObject","inLanguage":"es","@id":"\/\/www.gravatar.com\/avatar\/5661b3e51fe6027f31ed1f408d22a917?s=96&#038;r=g&#038;d=mm","url":"\/\/www.gravatar.com\/avatar\/5661b3e51fe6027f31ed1f408d22a917?s=96&#038;r=g&#038;d=mm","contentUrl":"\/\/www.gravatar.com\/avatar\/5661b3e51fe6027f31ed1f408d22a917?s=96&#038;r=g&#038;d=mm","caption":"redaccio"},"url":"https:\/\/www.eltriangle.eu\/es\/author\/redaccio\/"},{"@type":"SiteNavigationElement","@id":"https:\/\/www.eltriangle.eu\/es\/#site-navigation","cssSelector":[".cib-main-menu"]},{"@type":"WPHeader","@id":"https:\/\/www.eltriangle.eu\/es\/#header","cssSelector":[".cib-header"]},{"@type":"WPFooter","@id":"https:\/\/www.eltriangle.eu\/es\/#footer","cssSelector":[".cib-footer"]}]}},"amp_enabled":true,"_links":{"self":[{"href":"https:\/\/www.eltriangle.eu\/es\/wp-json\/wp\/v2\/posts\/369015","targetHints":{"allow":["GET"]}}],"collection":[{"href":"https:\/\/www.eltriangle.eu\/es\/wp-json\/wp\/v2\/posts"}],"about":[{"href":"https:\/\/www.eltriangle.eu\/es\/wp-json\/wp\/v2\/types\/post"}],"author":[{"embeddable":true,"href":"https:\/\/www.eltriangle.eu\/es\/wp-json\/wp\/v2\/users\/93"}],"replies":[{"embeddable":true,"href":"https:\/\/www.eltriangle.eu\/es\/wp-json\/wp\/v2\/comments?post=369015"}],"version-history":[{"count":1,"href":"https:\/\/www.eltriangle.eu\/es\/wp-json\/wp\/v2\/posts\/369015\/revisions"}],"predecessor-version":[{"id":369029,"href":"https:\/\/www.eltriangle.eu\/es\/wp-json\/wp\/v2\/posts\/369015\/revisions\/369029"}],"wp:featuredmedia":[{"embeddable":true,"href":"https:\/\/www.eltriangle.eu\/es\/wp-json\/wp\/v2\/media\/369010"}],"wp:attachment":[{"href":"https:\/\/www.eltriangle.eu\/es\/wp-json\/wp\/v2\/media?parent=369015"}],"wp:term":[{"taxonomy":"category","embeddable":true,"href":"https:\/\/www.eltriangle.eu\/es\/wp-json\/wp\/v2\/categories?post=369015"},{"taxonomy":"post_tag","embeddable":true,"href":"https:\/\/www.eltriangle.eu\/es\/wp-json\/wp\/v2\/tags?post=369015"}],"curies":[{"name":"wp","href":"https:\/\/api.w.org\/{rel}","templated":true}]}}