{"id":368996,"date":"2026-04-23T10:11:12","date_gmt":"2026-04-23T08:11:12","guid":{"rendered":null},"modified":"2026-04-23T10:14:45","modified_gmt":"2026-04-23T08:14:45","slug":"sant-joan-despi-participa-en-la-capital-mundial-de-la-arquitectura","status":"publish","type":"post","link":"https:\/\/www.eltriangle.eu\/es\/2026\/04\/23\/sant-joan-despi-participa-en-la-capital-mundial-de-la-arquitectura\/","title":{"rendered":"Sant Joan Desp\u00ed participa en la Capital Mundial de la Arquitectura"},"content":{"rendered":"<p><strong>Sant Joan Desp\u00ed<\/strong>, una de las sedes del evento <strong>Barcelona 2026 Capital Mundial de la Arquitectura<\/strong>, organiza entre los meses de abril y junio un ciclo de conferencias sobre arquitectura catalana. Con el t\u00edtulo <strong><em>De Rogent a Jujol<\/em><\/strong>, las charlas tratar\u00e1n sobre algunos de los arquitectos catalanes m\u00e1s destacados -y tambi\u00e9n sobre otros a menudo despreciados- de finales del siglo XIX e inicios del XX.<\/p>\n<p>El programa, que tendr\u00e1 lugar en la <strong>Torre de la Creu de Sant Joan Desp\u00ed<\/strong>, se iniciar\u00e1 el 27 de abril con las conferencias <em>Elies Rogent (1821-1897): hacia una arquitectura nacional<\/em>, a cargo de <strong>Jordi Rogent<\/strong>, arquitecto superior y diplomado en Urbanismo, y <em>Juan Torras Guardiola (1827-1910): sin estructura no hay arquitectura<\/em>, a cargo de <strong>Asunci\u00f3n Feliu Torras<\/strong>, de la Asociaci\u00f3n del Museo de la Ciencia y de la T\u00e9cnica y de Arqueolog\u00eda Industrial de Catalu\u00f1a (AMCTAIC).<\/p>\n<p>A lo largo de seis sesiones, varios especialistas presentar\u00e1n una <strong>selecci\u00f3n de once creadores de diferentes generaciones<\/strong>, ordenados cronol\u00f3gicamente. Las figuras abordadas van de Elias Rogent, considerado el padre de la arquitectura catalana moderna, hasta Josep Maria Jujol y su propuesta organicista y personal de la que son ejemplos la Torre de la Creu y Can Negre, las dos joyas modernistas de Sant Joan Desp\u00ed.<\/p>\n<p>El ciclo invita a reflexionar tanto sobre las relaciones como sobre las tensiones entre los planteamientos de los casos elegidos, adem\u00e1s de sobre las aportaciones de estos arquitectos en uno de los momentos de esplendor de la arquitectura del pa\u00eds y se cerrar\u00e1 con dos visitas comentadas a la Torre de la Creu y a Can Negre.<\/p>\n<p>Las conferencias forman parte del programa de actividades de la <strong>Capital Mundial de la Arquitectura<\/strong> que se celebra este a\u00f1o en Barcelona y de la que Sant Joan Desp\u00ed es municipio colaborador. Mediante este evento, se quiere acercar la arquitectura, el urbanismo y el paisajismo a todos, poniendo en valor su capacidad de transformar la manera en que vivimos y convivimos.<\/p>\n","protected":false},"excerpt":{"rendered":"<p>Sant Joan Desp\u00ed, una de las sedes del evento Barcelona 2026 Capital Mundial de la Arquitectura, organiza entre los meses de abril y junio un ciclo de conferencias sobre arquitectura catalana. Con el t\u00edtulo De Rogent a Jujol, las charlas tratar\u00e1n sobre algunos de los arquitectos catalanes m\u00e1s destacados -y tambi\u00e9n sobre otros a menudo &#8230; <a title=\"Sant Joan Desp\u00ed participa en la Capital Mundial de la Arquitectura\" class=\"read-more\" href=\"https:\/\/www.eltriangle.eu\/es\/2026\/04\/23\/sant-joan-despi-participa-en-la-capital-mundial-de-la-arquitectura\/\" aria-label=\"Leer m\u00e1s sobre Sant Joan Desp\u00ed participa en la Capital Mundial de la Arquitectura\">Leer m\u00e1s<\/a><\/p>\n","protected":false},"author":93,"featured_media":368994,"comment_status":"open","ping_status":"closed","sticky":false,"template":"","format":"standard","meta":{"_acf_changed":false,"pmpro_default_level":"","footnotes":""},"categories":[132],"tags":[10567],"class_list":["post-368996","post","type-post","status-publish","format-standard","has-post-thumbnail","hentry","category-metropolis","tag-sant-joan-despi","lh_instant_articles-syndicate-yes","pmpro-has-access"],"acf":[],"yoast_head":"<!-- This site is optimized with the Yoast SEO plugin v27.4 - https:\/\/yoast.com\/product\/yoast-seo-wordpress\/ -->\n<title>Ciclo de Arquitectura en Sant Joan Desp\u00ed<\/title>\n<meta name=\"description\" content=\"Sant Joan Desp\u00ed organiza un ciclo de conferencias sobre arquitectos catalanes en el marco de la Capital Mundial de la Arquitectura.\" class=\"yoast-seo-meta-tag\" \/>\n<meta name=\"robots\" content=\"index, follow, max-snippet:-1, max-image-preview:large, max-video-preview:-1\" \/>\n<link rel=\"canonical\" href=\"https:\/\/www.eltriangle.eu\/es\/2026\/04\/23\/sant-joan-despi-participa-en-la-capital-mundial-de-la-arquitectura\/\" class=\"yoast-seo-meta-tag\" \/>\n<meta property=\"og:locale\" content=\"es_ES\" class=\"yoast-seo-meta-tag\" \/>\n<meta property=\"og:type\" content=\"article\" class=\"yoast-seo-meta-tag\" \/>\n<meta property=\"og:title\" content=\"Ciclo de Arquitectura en Sant Joan Desp\u00ed\" class=\"yoast-seo-meta-tag\" \/>\n<meta property=\"og:description\" content=\"Sant Joan Desp\u00ed organiza un ciclo de conferencias sobre arquitectos catalanes en el marco de la Capital Mundial de la Arquitectura.\" class=\"yoast-seo-meta-tag\" \/>\n<meta property=\"og:url\" content=\"https:\/\/www.eltriangle.eu\/es\/2026\/04\/23\/sant-joan-despi-participa-en-la-capital-mundial-de-la-arquitectura\/\" class=\"yoast-seo-meta-tag\" \/>\n<meta property=\"og:site_name\" content=\"El Triangle\" class=\"yoast-seo-meta-tag\" \/>\n<meta property=\"article:publisher\" content=\"https:\/\/www.facebook.com\/El-Triangle-Diari-101787399020302\" class=\"yoast-seo-meta-tag\" \/>\n<meta property=\"article:published_time\" content=\"2026-04-23T08:11:12+00:00\" class=\"yoast-seo-meta-tag\" \/>\n<meta property=\"article:modified_time\" content=\"2026-04-23T08:14:45+00:00\" class=\"yoast-seo-meta-tag\" \/>\n<meta property=\"og:image\" content=\"https:\/\/www.eltriangle.eu\/wp-content\/uploads\/2026\/04\/torre-de-la-creu-sant-joan-despi.jpg\" class=\"yoast-seo-meta-tag\" \/>\n\t<meta property=\"og:image:width\" content=\"1000\" class=\"yoast-seo-meta-tag\" \/>\n\t<meta property=\"og:image:height\" content=\"717\" class=\"yoast-seo-meta-tag\" \/>\n\t<meta property=\"og:image:type\" content=\"image\/jpeg\" class=\"yoast-seo-meta-tag\" \/>\n<meta name=\"author\" content=\"redaccio\" class=\"yoast-seo-meta-tag\" \/>\n<meta name=\"twitter:card\" content=\"summary_large_image\" class=\"yoast-seo-meta-tag\" \/>\n<meta name=\"twitter:creator\" content=\"@El_Triangle\" class=\"yoast-seo-meta-tag\" \/>\n<meta name=\"twitter:site\" content=\"@El_Triangle\" class=\"yoast-seo-meta-tag\" \/>\n<meta name=\"twitter:label1\" content=\"Escrito por\" class=\"yoast-seo-meta-tag\" \/>\n\t<meta name=\"twitter:data1\" content=\"redaccio\" class=\"yoast-seo-meta-tag\" \/>\n\t<meta name=\"twitter:label2\" content=\"Tiempo de lectura\" class=\"yoast-seo-meta-tag\" \/>\n\t<meta name=\"twitter:data2\" content=\"2 minutos\" class=\"yoast-seo-meta-tag\" \/>\n<script type=\"application\/ld+json\" class=\"yoast-schema-graph\">{\"@context\":\"https:\\\/\\\/schema.org\",\"@graph\":[{\"@type\":\"NewsArticle\",\"@id\":\"https:\\\/\\\/www.eltriangle.eu\\\/es\\\/2026\\\/04\\\/23\\\/sant-joan-despi-participa-en-la-capital-mundial-de-la-arquitectura\\\/#article\",\"isPartOf\":{\"@id\":\"https:\\\/\\\/www.eltriangle.eu\\\/es\\\/2026\\\/04\\\/23\\\/sant-joan-despi-participa-en-la-capital-mundial-de-la-arquitectura\\\/\"},\"author\":{\"name\":\"redaccio\",\"@id\":\"https:\\\/\\\/www.eltriangle.eu\\\/es\\\/#\\\/schema\\\/person\\\/7e5bff7fe0202e362b26fcec2bd6f383\"},\"headline\":\"Sant Joan Desp\u00ed participa en la Capital Mundial de la Arquitectura\",\"datePublished\":\"2026-04-23T08:11:12+00:00\",\"dateModified\":\"2026-04-23T08:14:45+00:00\",\"mainEntityOfPage\":{\"@id\":\"https:\\\/\\\/www.eltriangle.eu\\\/es\\\/2026\\\/04\\\/23\\\/sant-joan-despi-participa-en-la-capital-mundial-de-la-arquitectura\\\/\"},\"wordCount\":349,\"commentCount\":0,\"publisher\":{\"@id\":\"https:\\\/\\\/www.eltriangle.eu\\\/es\\\/#organization\"},\"image\":{\"@id\":\"https:\\\/\\\/www.eltriangle.eu\\\/es\\\/2026\\\/04\\\/23\\\/sant-joan-despi-participa-en-la-capital-mundial-de-la-arquitectura\\\/#primaryimage\"},\"thumbnailUrl\":\"https:\\\/\\\/www.eltriangle.eu\\\/wp-content\\\/uploads\\\/2026\\\/04\\\/torre-de-la-creu-sant-joan-despi.jpg\",\"keywords\":[\"Sant Joan Desp\u00ed\"],\"articleSection\":[\"Metr\u00f3polis\"],\"inLanguage\":\"es\",\"potentialAction\":[{\"@type\":\"CommentAction\",\"name\":\"Comment\",\"target\":[\"https:\\\/\\\/www.eltriangle.eu\\\/es\\\/2026\\\/04\\\/23\\\/sant-joan-despi-participa-en-la-capital-mundial-de-la-arquitectura\\\/#respond\"]}]},{\"@type\":\"WebPage\",\"@id\":\"https:\\\/\\\/www.eltriangle.eu\\\/es\\\/2026\\\/04\\\/23\\\/sant-joan-despi-participa-en-la-capital-mundial-de-la-arquitectura\\\/\",\"url\":\"https:\\\/\\\/www.eltriangle.eu\\\/es\\\/2026\\\/04\\\/23\\\/sant-joan-despi-participa-en-la-capital-mundial-de-la-arquitectura\\\/\",\"name\":\"Ciclo de Arquitectura en Sant Joan Desp\u00ed\",\"isPartOf\":{\"@id\":\"https:\\\/\\\/www.eltriangle.eu\\\/es\\\/#website\"},\"primaryImageOfPage\":{\"@id\":\"https:\\\/\\\/www.eltriangle.eu\\\/es\\\/2026\\\/04\\\/23\\\/sant-joan-despi-participa-en-la-capital-mundial-de-la-arquitectura\\\/#primaryimage\"},\"image\":{\"@id\":\"https:\\\/\\\/www.eltriangle.eu\\\/es\\\/2026\\\/04\\\/23\\\/sant-joan-despi-participa-en-la-capital-mundial-de-la-arquitectura\\\/#primaryimage\"},\"thumbnailUrl\":\"https:\\\/\\\/www.eltriangle.eu\\\/wp-content\\\/uploads\\\/2026\\\/04\\\/torre-de-la-creu-sant-joan-despi.jpg\",\"datePublished\":\"2026-04-23T08:11:12+00:00\",\"dateModified\":\"2026-04-23T08:14:45+00:00\",\"description\":\"Sant Joan Desp\u00ed organiza un ciclo de conferencias sobre arquitectos catalanes en el marco de la Capital Mundial de la Arquitectura.\",\"breadcrumb\":{\"@id\":\"https:\\\/\\\/www.eltriangle.eu\\\/es\\\/2026\\\/04\\\/23\\\/sant-joan-despi-participa-en-la-capital-mundial-de-la-arquitectura\\\/#breadcrumb\"},\"inLanguage\":\"es\",\"potentialAction\":[{\"@type\":\"ReadAction\",\"target\":[\"https:\\\/\\\/www.eltriangle.eu\\\/es\\\/2026\\\/04\\\/23\\\/sant-joan-despi-participa-en-la-capital-mundial-de-la-arquitectura\\\/\"]}]},{\"@type\":\"ImageObject\",\"inLanguage\":\"es\",\"@id\":\"https:\\\/\\\/www.eltriangle.eu\\\/es\\\/2026\\\/04\\\/23\\\/sant-joan-despi-participa-en-la-capital-mundial-de-la-arquitectura\\\/#primaryimage\",\"url\":\"https:\\\/\\\/www.eltriangle.eu\\\/wp-content\\\/uploads\\\/2026\\\/04\\\/torre-de-la-creu-sant-joan-despi.jpg\",\"contentUrl\":\"https:\\\/\\\/www.eltriangle.eu\\\/wp-content\\\/uploads\\\/2026\\\/04\\\/torre-de-la-creu-sant-joan-despi.jpg\",\"width\":1000,\"height\":717,\"caption\":\"Torre de la Creu\"},{\"@type\":\"BreadcrumbList\",\"@id\":\"https:\\\/\\\/www.eltriangle.eu\\\/es\\\/2026\\\/04\\\/23\\\/sant-joan-despi-participa-en-la-capital-mundial-de-la-arquitectura\\\/#breadcrumb\",\"itemListElement\":[{\"@type\":\"ListItem\",\"position\":1,\"name\":\"Portada\",\"item\":\"https:\\\/\\\/www.eltriangle.eu\\\/es\\\/\"},{\"@type\":\"ListItem\",\"position\":2,\"name\":\"Sant Joan Desp\u00ed participa en la Capital Mundial de la Arquitectura\"}]},{\"@type\":\"WebSite\",\"@id\":\"https:\\\/\\\/www.eltriangle.eu\\\/es\\\/#website\",\"url\":\"https:\\\/\\\/www.eltriangle.eu\\\/es\\\/\",\"name\":\"El Triangle\",\"description\":\"El Triangle \u00e9s un Diari d&#039;informaci\u00f3 general, editat a Catalunya i escrit en llengua catalana, especialitzat en investigaci\u00f3 period\u00edstica\",\"publisher\":{\"@id\":\"https:\\\/\\\/www.eltriangle.eu\\\/es\\\/#organization\"},\"potentialAction\":[{\"@type\":\"SearchAction\",\"target\":{\"@type\":\"EntryPoint\",\"urlTemplate\":\"https:\\\/\\\/www.eltriangle.eu\\\/es\\\/?s={search_term_string}\"},\"query-input\":{\"@type\":\"PropertyValueSpecification\",\"valueRequired\":true,\"valueName\":\"search_term_string\"}}],\"inLanguage\":\"es\"},{\"@type\":[\"Organization\",\"NewsMediaOrganization\"],\"@id\":\"https:\\\/\\\/www.eltriangle.eu\\\/es\\\/#organization\",\"name\":\"El Triangle\",\"url\":\"https:\\\/\\\/www.eltriangle.eu\\\/es\\\/\",\"logo\":{\"@type\":\"ImageObject\",\"inLanguage\":\"es\",\"@id\":\"https:\\\/\\\/www.eltriangle.eu\\\/es\\\/#\\\/schema\\\/logo\\\/image\\\/\",\"url\":\"https:\\\/\\\/www.eltriangle.eu\\\/wp-content\\\/uploads\\\/2020\\\/11\\\/triangle_logo-ajustado.jpg\",\"contentUrl\":\"https:\\\/\\\/www.eltriangle.eu\\\/wp-content\\\/uploads\\\/2020\\\/11\\\/triangle_logo-ajustado.jpg\",\"width\":521,\"height\":92,\"caption\":\"El Triangle\"},\"image\":{\"@id\":\"https:\\\/\\\/www.eltriangle.eu\\\/es\\\/#\\\/schema\\\/logo\\\/image\\\/\"},\"sameAs\":[\"https:\\\/\\\/www.facebook.com\\\/El-Triangle-Diari-101787399020302\",\"https:\\\/\\\/x.com\\\/El_Triangle\",\"https:\\\/\\\/www.youtube.com\\\/channel\\\/UCTIjmYEMYSpdGonuAgNhbcg\"]},{\"@type\":\"Person\",\"@id\":\"https:\\\/\\\/www.eltriangle.eu\\\/es\\\/#\\\/schema\\\/person\\\/7e5bff7fe0202e362b26fcec2bd6f383\",\"name\":\"redaccio\",\"image\":{\"@type\":\"ImageObject\",\"inLanguage\":\"es\",\"@id\":\"\\\/\\\/www.gravatar.com\\\/avatar\\\/5661b3e51fe6027f31ed1f408d22a917?s=96&#038;r=g&#038;d=mm\",\"url\":\"\\\/\\\/www.gravatar.com\\\/avatar\\\/5661b3e51fe6027f31ed1f408d22a917?s=96&#038;r=g&#038;d=mm\",\"contentUrl\":\"\\\/\\\/www.gravatar.com\\\/avatar\\\/5661b3e51fe6027f31ed1f408d22a917?s=96&#038;r=g&#038;d=mm\",\"caption\":\"redaccio\"},\"url\":\"https:\\\/\\\/www.eltriangle.eu\\\/es\\\/author\\\/redaccio\\\/\"},{\"@type\":\"SiteNavigationElement\",\"@id\":\"https:\\\/\\\/www.eltriangle.eu\\\/es\\\/#site-navigation\",\"cssSelector\":[\".cib-main-menu\"]},{\"@type\":\"WPHeader\",\"@id\":\"https:\\\/\\\/www.eltriangle.eu\\\/es\\\/#header\",\"cssSelector\":[\".cib-header\"]},{\"@type\":\"WPFooter\",\"@id\":\"https:\\\/\\\/www.eltriangle.eu\\\/es\\\/#footer\",\"cssSelector\":[\".cib-footer\"]}]}<\/script>\n<!-- \/ Yoast SEO plugin. -->","yoast_head_json":{"title":"Ciclo de Arquitectura en Sant Joan Desp\u00ed","description":"Sant Joan Desp\u00ed organiza un ciclo de conferencias sobre arquitectos catalanes en el marco de la Capital Mundial de la Arquitectura.","robots":{"index":"index","follow":"follow","max-snippet":"max-snippet:-1","max-image-preview":"max-image-preview:large","max-video-preview":"max-video-preview:-1"},"canonical":"https:\/\/www.eltriangle.eu\/es\/2026\/04\/23\/sant-joan-despi-participa-en-la-capital-mundial-de-la-arquitectura\/","og_locale":"es_ES","og_type":"article","og_title":"Ciclo de Arquitectura en Sant Joan Desp\u00ed","og_description":"Sant Joan Desp\u00ed organiza un ciclo de conferencias sobre arquitectos catalanes en el marco de la Capital Mundial de la Arquitectura.","og_url":"https:\/\/www.eltriangle.eu\/es\/2026\/04\/23\/sant-joan-despi-participa-en-la-capital-mundial-de-la-arquitectura\/","og_site_name":"El Triangle","article_publisher":"https:\/\/www.facebook.com\/El-Triangle-Diari-101787399020302","article_published_time":"2026-04-23T08:11:12+00:00","article_modified_time":"2026-04-23T08:14:45+00:00","og_image":[{"width":1000,"height":717,"url":"https:\/\/www.eltriangle.eu\/wp-content\/uploads\/2026\/04\/torre-de-la-creu-sant-joan-despi.jpg","type":"image\/jpeg"}],"author":"redaccio","twitter_card":"summary_large_image","twitter_creator":"@El_Triangle","twitter_site":"@El_Triangle","twitter_misc":{"Escrito por":"redaccio","Tiempo de lectura":"2 minutos"},"schema":{"@context":"https:\/\/schema.org","@graph":[{"@type":"NewsArticle","@id":"https:\/\/www.eltriangle.eu\/es\/2026\/04\/23\/sant-joan-despi-participa-en-la-capital-mundial-de-la-arquitectura\/#article","isPartOf":{"@id":"https:\/\/www.eltriangle.eu\/es\/2026\/04\/23\/sant-joan-despi-participa-en-la-capital-mundial-de-la-arquitectura\/"},"author":{"name":"redaccio","@id":"https:\/\/www.eltriangle.eu\/es\/#\/schema\/person\/7e5bff7fe0202e362b26fcec2bd6f383"},"headline":"Sant Joan Desp\u00ed participa en la Capital Mundial de la Arquitectura","datePublished":"2026-04-23T08:11:12+00:00","dateModified":"2026-04-23T08:14:45+00:00","mainEntityOfPage":{"@id":"https:\/\/www.eltriangle.eu\/es\/2026\/04\/23\/sant-joan-despi-participa-en-la-capital-mundial-de-la-arquitectura\/"},"wordCount":349,"commentCount":0,"publisher":{"@id":"https:\/\/www.eltriangle.eu\/es\/#organization"},"image":{"@id":"https:\/\/www.eltriangle.eu\/es\/2026\/04\/23\/sant-joan-despi-participa-en-la-capital-mundial-de-la-arquitectura\/#primaryimage"},"thumbnailUrl":"https:\/\/www.eltriangle.eu\/wp-content\/uploads\/2026\/04\/torre-de-la-creu-sant-joan-despi.jpg","keywords":["Sant Joan Desp\u00ed"],"articleSection":["Metr\u00f3polis"],"inLanguage":"es","potentialAction":[{"@type":"CommentAction","name":"Comment","target":["https:\/\/www.eltriangle.eu\/es\/2026\/04\/23\/sant-joan-despi-participa-en-la-capital-mundial-de-la-arquitectura\/#respond"]}]},{"@type":"WebPage","@id":"https:\/\/www.eltriangle.eu\/es\/2026\/04\/23\/sant-joan-despi-participa-en-la-capital-mundial-de-la-arquitectura\/","url":"https:\/\/www.eltriangle.eu\/es\/2026\/04\/23\/sant-joan-despi-participa-en-la-capital-mundial-de-la-arquitectura\/","name":"Ciclo de Arquitectura en Sant Joan Desp\u00ed","isPartOf":{"@id":"https:\/\/www.eltriangle.eu\/es\/#website"},"primaryImageOfPage":{"@id":"https:\/\/www.eltriangle.eu\/es\/2026\/04\/23\/sant-joan-despi-participa-en-la-capital-mundial-de-la-arquitectura\/#primaryimage"},"image":{"@id":"https:\/\/www.eltriangle.eu\/es\/2026\/04\/23\/sant-joan-despi-participa-en-la-capital-mundial-de-la-arquitectura\/#primaryimage"},"thumbnailUrl":"https:\/\/www.eltriangle.eu\/wp-content\/uploads\/2026\/04\/torre-de-la-creu-sant-joan-despi.jpg","datePublished":"2026-04-23T08:11:12+00:00","dateModified":"2026-04-23T08:14:45+00:00","description":"Sant Joan Desp\u00ed organiza un ciclo de conferencias sobre arquitectos catalanes en el marco de la Capital Mundial de la Arquitectura.","breadcrumb":{"@id":"https:\/\/www.eltriangle.eu\/es\/2026\/04\/23\/sant-joan-despi-participa-en-la-capital-mundial-de-la-arquitectura\/#breadcrumb"},"inLanguage":"es","potentialAction":[{"@type":"ReadAction","target":["https:\/\/www.eltriangle.eu\/es\/2026\/04\/23\/sant-joan-despi-participa-en-la-capital-mundial-de-la-arquitectura\/"]}]},{"@type":"ImageObject","inLanguage":"es","@id":"https:\/\/www.eltriangle.eu\/es\/2026\/04\/23\/sant-joan-despi-participa-en-la-capital-mundial-de-la-arquitectura\/#primaryimage","url":"https:\/\/www.eltriangle.eu\/wp-content\/uploads\/2026\/04\/torre-de-la-creu-sant-joan-despi.jpg","contentUrl":"https:\/\/www.eltriangle.eu\/wp-content\/uploads\/2026\/04\/torre-de-la-creu-sant-joan-despi.jpg","width":1000,"height":717,"caption":"Torre de la Creu"},{"@type":"BreadcrumbList","@id":"https:\/\/www.eltriangle.eu\/es\/2026\/04\/23\/sant-joan-despi-participa-en-la-capital-mundial-de-la-arquitectura\/#breadcrumb","itemListElement":[{"@type":"ListItem","position":1,"name":"Portada","item":"https:\/\/www.eltriangle.eu\/es\/"},{"@type":"ListItem","position":2,"name":"Sant Joan Desp\u00ed participa en la Capital Mundial de la Arquitectura"}]},{"@type":"WebSite","@id":"https:\/\/www.eltriangle.eu\/es\/#website","url":"https:\/\/www.eltriangle.eu\/es\/","name":"El Triangle","description":"El Triangle \u00e9s un Diari d&#039;informaci\u00f3 general, editat a Catalunya i escrit en llengua catalana, especialitzat en investigaci\u00f3 period\u00edstica","publisher":{"@id":"https:\/\/www.eltriangle.eu\/es\/#organization"},"potentialAction":[{"@type":"SearchAction","target":{"@type":"EntryPoint","urlTemplate":"https:\/\/www.eltriangle.eu\/es\/?s={search_term_string}"},"query-input":{"@type":"PropertyValueSpecification","valueRequired":true,"valueName":"search_term_string"}}],"inLanguage":"es"},{"@type":["Organization","NewsMediaOrganization"],"@id":"https:\/\/www.eltriangle.eu\/es\/#organization","name":"El Triangle","url":"https:\/\/www.eltriangle.eu\/es\/","logo":{"@type":"ImageObject","inLanguage":"es","@id":"https:\/\/www.eltriangle.eu\/es\/#\/schema\/logo\/image\/","url":"https:\/\/www.eltriangle.eu\/wp-content\/uploads\/2020\/11\/triangle_logo-ajustado.jpg","contentUrl":"https:\/\/www.eltriangle.eu\/wp-content\/uploads\/2020\/11\/triangle_logo-ajustado.jpg","width":521,"height":92,"caption":"El Triangle"},"image":{"@id":"https:\/\/www.eltriangle.eu\/es\/#\/schema\/logo\/image\/"},"sameAs":["https:\/\/www.facebook.com\/El-Triangle-Diari-101787399020302","https:\/\/x.com\/El_Triangle","https:\/\/www.youtube.com\/channel\/UCTIjmYEMYSpdGonuAgNhbcg"]},{"@type":"Person","@id":"https:\/\/www.eltriangle.eu\/es\/#\/schema\/person\/7e5bff7fe0202e362b26fcec2bd6f383","name":"redaccio","image":{"@type":"ImageObject","inLanguage":"es","@id":"\/\/www.gravatar.com\/avatar\/5661b3e51fe6027f31ed1f408d22a917?s=96&#038;r=g&#038;d=mm","url":"\/\/www.gravatar.com\/avatar\/5661b3e51fe6027f31ed1f408d22a917?s=96&#038;r=g&#038;d=mm","contentUrl":"\/\/www.gravatar.com\/avatar\/5661b3e51fe6027f31ed1f408d22a917?s=96&#038;r=g&#038;d=mm","caption":"redaccio"},"url":"https:\/\/www.eltriangle.eu\/es\/author\/redaccio\/"},{"@type":"SiteNavigationElement","@id":"https:\/\/www.eltriangle.eu\/es\/#site-navigation","cssSelector":[".cib-main-menu"]},{"@type":"WPHeader","@id":"https:\/\/www.eltriangle.eu\/es\/#header","cssSelector":[".cib-header"]},{"@type":"WPFooter","@id":"https:\/\/www.eltriangle.eu\/es\/#footer","cssSelector":[".cib-footer"]}]}},"amp_enabled":true,"_links":{"self":[{"href":"https:\/\/www.eltriangle.eu\/es\/wp-json\/wp\/v2\/posts\/368996","targetHints":{"allow":["GET"]}}],"collection":[{"href":"https:\/\/www.eltriangle.eu\/es\/wp-json\/wp\/v2\/posts"}],"about":[{"href":"https:\/\/www.eltriangle.eu\/es\/wp-json\/wp\/v2\/types\/post"}],"author":[{"embeddable":true,"href":"https:\/\/www.eltriangle.eu\/es\/wp-json\/wp\/v2\/users\/93"}],"replies":[{"embeddable":true,"href":"https:\/\/www.eltriangle.eu\/es\/wp-json\/wp\/v2\/comments?post=368996"}],"version-history":[{"count":1,"href":"https:\/\/www.eltriangle.eu\/es\/wp-json\/wp\/v2\/posts\/368996\/revisions"}],"predecessor-version":[{"id":368997,"href":"https:\/\/www.eltriangle.eu\/es\/wp-json\/wp\/v2\/posts\/368996\/revisions\/368997"}],"wp:featuredmedia":[{"embeddable":true,"href":"https:\/\/www.eltriangle.eu\/es\/wp-json\/wp\/v2\/media\/368994"}],"wp:attachment":[{"href":"https:\/\/www.eltriangle.eu\/es\/wp-json\/wp\/v2\/media?parent=368996"}],"wp:term":[{"taxonomy":"category","embeddable":true,"href":"https:\/\/www.eltriangle.eu\/es\/wp-json\/wp\/v2\/categories?post=368996"},{"taxonomy":"post_tag","embeddable":true,"href":"https:\/\/www.eltriangle.eu\/es\/wp-json\/wp\/v2\/tags?post=368996"}],"curies":[{"name":"wp","href":"https:\/\/api.w.org\/{rel}","templated":true}]}}