{"id":368984,"date":"2026-04-23T08:53:12","date_gmt":"2026-04-23T06:53:12","guid":{"rendered":null},"modified":"2026-04-23T08:54:54","modified_gmt":"2026-04-23T06:54:54","slug":"illa-defiende-el-proceso-de-regularizacion-que-hara-que-la-inmigracion-contribuya-con-derechos-y-deberes","status":"publish","type":"post","link":"https:\/\/www.eltriangle.eu\/es\/2026\/04\/23\/illa-defiende-el-proceso-de-regularizacion-que-hara-que-la-inmigracion-contribuya-con-derechos-y-deberes\/","title":{"rendered":"Illa defiende el proceso de regularizaci\u00f3n que har\u00e1 que la inmigraci\u00f3n contribuya con derechos y deberes"},"content":{"rendered":"<p>El presidente de la Generalitat, <strong>Salvador Illa<\/strong>, ha defendido el proceso de regularizaci\u00f3n de los inmigrantes que ya viven y trabajan en Catalu\u00f1a. En su mensaje institucional de la Diada de Sant Jordi, Illa ha asegurado que desde la Generalitat se quiere un proceso ordenado donde estas personas podr\u00e1n contribuir con derechos y deberes.<\/p>\n<p>Para Illa, esta festividad \u00abnos re\u00fane a todos sin excepci\u00f3n\u00bb y ha puesto de relieve que en Catalu\u00f1a \u00abnos gu\u00eda una m\u00e1xima moral irrenunciable: todas las personas que viven y trabajan en nuestra casa <strong>merecen la misma dignidad, los mismos derechos y oportunidades y los mismos deberes y responsabilidades<\/strong>\u00ab.<\/p>\n<p>\u00abLa regularizaci\u00f3n es memoria\u00bb y \u00abes sobre todo futuro, el futuro de una Catalu\u00f1a ejemplar, abierta y pr\u00f3spera\u00bb, ha se\u00f1alado el presidente, quien ha asegurado que <strong>\u00abCatalu\u00f1a lo tiene todo y lo est\u00e1 haciendo todo para que este futuro sea bueno para todos\u00bb<\/strong>.<\/p>\n<p>El presidente se ha mostrado convencido <strong>de que \u00abla situaci\u00f3n de Catalu\u00f1a es buena y lo ser\u00e1 a\u00fan m\u00e1s\u00bb<\/strong>. Sin embargo, ha dicho que \u00abtiene por delante un <strong>camino de mejora<\/strong>, que ya estamos recorriendo y que cada d\u00eda que pasa avanzamos con m\u00e1s determinaci\u00f3n\u00bb.<\/p>\n<p>As\u00ed, el presidente catal\u00e1n tambi\u00e9n ha destacado que \u00abla vitalidad que hoy llenar\u00e1 las calles y plazas es el mejor s\u00edntoma de que Catalu\u00f1a est\u00e1 en marcha y determinada\u00bb.<\/p>\n<p>Y ha hecho notar que \u00absi echamos un vistazo a nuestro pasado m\u00e1s reciente y si ampliamos la mirada al devenir internacional tomaremos conciencia de que Catalu\u00f1a ha dejado atr\u00e1s el tiempo de la par\u00e1lisis y de la indecisi\u00f3n, de la divisi\u00f3n y de la confrontaci\u00f3n\u00bb. \u00abCatalu\u00f1a vive el tiempo de las soluciones para transformar el pa\u00eds\u00bb, ha remarcado.<\/p>\n<p>Salvador Illa ha cerrado su mensaje deseando una muy buena festividad a toda la ciudadan\u00eda y ha se\u00f1alado que \u00abSant Jordi es la expresi\u00f3n alegre de todo un pa\u00eds que dice: somos y seremos un pa\u00eds de v\u00ednculos humanos\u00bb.<\/p>\n<p>Unos v\u00ednculos que \u00abempiezan por <strong>nuestra cultura<\/strong>, que vive un momento vibrante, y por <strong>nuestra lengua<\/strong>\u00ab. Ha se\u00f1alado que \u00ab<strong>el catal\u00e1n nos necesita a todos y a todas, necesita optimismo y confianza\u00bb<\/strong> y ha recordado que \u00abestamos invirtiendo m\u00e1s que nunca en la promoci\u00f3n y el fomento del catal\u00e1n\u00bb.<\/p>\n","protected":false},"excerpt":{"rendered":"<p>El presidente de la Generalitat, Salvador Illa, ha defendido el proceso de regularizaci\u00f3n de los inmigrantes que ya viven y trabajan en Catalu\u00f1a. En su mensaje institucional de la Diada de Sant Jordi, Illa ha asegurado que desde la Generalitat se quiere un proceso ordenado donde estas personas podr\u00e1n contribuir con derechos y deberes. Para &#8230; <a title=\"Illa defiende el proceso de regularizaci\u00f3n que har\u00e1 que la inmigraci\u00f3n contribuya con derechos y deberes\" class=\"read-more\" href=\"https:\/\/www.eltriangle.eu\/es\/2026\/04\/23\/illa-defiende-el-proceso-de-regularizacion-que-hara-que-la-inmigracion-contribuya-con-derechos-y-deberes\/\" aria-label=\"Leer m\u00e1s sobre Illa defiende el proceso de regularizaci\u00f3n que har\u00e1 que la inmigraci\u00f3n contribuya con derechos y deberes\">Leer m\u00e1s<\/a><\/p>\n","protected":false},"author":231,"featured_media":368982,"comment_status":"open","ping_status":"closed","sticky":false,"template":"","format":"standard","meta":{"_acf_changed":false,"pmpro_default_level":"","footnotes":""},"categories":[24,74],"tags":[9994,393,2604],"class_list":["post-368984","post","type-post","status-publish","format-standard","has-post-thumbnail","hentry","category-actualidad","category-poderes","tag-regularizacion","tag-salvador-illa-es","tag-sant-jordi-es","lh_instant_articles-syndicate-yes","pmpro-has-access"],"acf":[],"yoast_head":"<!-- This site is optimized with the Yoast SEO plugin v27.4 - https:\/\/yoast.com\/product\/yoast-seo-wordpress\/ -->\n<title>Illa defiende la regularizaci\u00f3n de inmigrantes<\/title>\n<meta name=\"description\" content=\"Salvador Illa promueve un proceso de regularizaci\u00f3n para los inmigrantes en Catalu\u00f1a, destacando derechos y deberes para todos.\" class=\"yoast-seo-meta-tag\" \/>\n<meta name=\"robots\" content=\"index, follow, max-snippet:-1, max-image-preview:large, max-video-preview:-1\" \/>\n<link rel=\"canonical\" href=\"https:\/\/www.eltriangle.eu\/es\/2026\/04\/23\/illa-defiende-el-proceso-de-regularizacion-que-hara-que-la-inmigracion-contribuya-con-derechos-y-deberes\/\" class=\"yoast-seo-meta-tag\" \/>\n<meta property=\"og:locale\" content=\"es_ES\" class=\"yoast-seo-meta-tag\" \/>\n<meta property=\"og:type\" content=\"article\" class=\"yoast-seo-meta-tag\" \/>\n<meta property=\"og:title\" content=\"Illa defiende la regularizaci\u00f3n de inmigrantes\" class=\"yoast-seo-meta-tag\" \/>\n<meta property=\"og:description\" content=\"Salvador Illa promueve un proceso de regularizaci\u00f3n para los inmigrantes en Catalu\u00f1a, destacando derechos y deberes para todos.\" class=\"yoast-seo-meta-tag\" \/>\n<meta property=\"og:url\" content=\"https:\/\/www.eltriangle.eu\/es\/2026\/04\/23\/illa-defiende-el-proceso-de-regularizacion-que-hara-que-la-inmigracion-contribuya-con-derechos-y-deberes\/\" class=\"yoast-seo-meta-tag\" \/>\n<meta property=\"og:site_name\" content=\"El Triangle\" class=\"yoast-seo-meta-tag\" \/>\n<meta property=\"article:publisher\" content=\"https:\/\/www.facebook.com\/El-Triangle-Diari-101787399020302\" class=\"yoast-seo-meta-tag\" \/>\n<meta property=\"article:published_time\" content=\"2026-04-23T06:53:12+00:00\" class=\"yoast-seo-meta-tag\" \/>\n<meta property=\"article:modified_time\" content=\"2026-04-23T06:54:54+00:00\" class=\"yoast-seo-meta-tag\" \/>\n<meta property=\"og:image\" content=\"https:\/\/www.eltriangle.eu\/wp-content\/uploads\/2026\/04\/illa-defensa-proces-regularitzacio-immigracio.jpg\" class=\"yoast-seo-meta-tag\" \/>\n\t<meta property=\"og:image:width\" content=\"1280\" class=\"yoast-seo-meta-tag\" \/>\n\t<meta property=\"og:image:height\" content=\"720\" class=\"yoast-seo-meta-tag\" \/>\n\t<meta property=\"og:image:type\" content=\"image\/jpeg\" class=\"yoast-seo-meta-tag\" \/>\n<meta name=\"author\" content=\"Jordi Oliveres\" class=\"yoast-seo-meta-tag\" \/>\n<meta name=\"twitter:card\" content=\"summary_large_image\" class=\"yoast-seo-meta-tag\" \/>\n<meta name=\"twitter:creator\" content=\"@El_Triangle\" class=\"yoast-seo-meta-tag\" \/>\n<meta name=\"twitter:site\" content=\"@El_Triangle\" class=\"yoast-seo-meta-tag\" \/>\n<meta name=\"twitter:label1\" content=\"Escrito por\" class=\"yoast-seo-meta-tag\" \/>\n\t<meta name=\"twitter:data1\" content=\"Jordi Oliveres\" class=\"yoast-seo-meta-tag\" \/>\n\t<meta name=\"twitter:label2\" content=\"Tiempo de lectura\" class=\"yoast-seo-meta-tag\" \/>\n\t<meta name=\"twitter:data2\" content=\"2 minutos\" class=\"yoast-seo-meta-tag\" \/>\n<script type=\"application\/ld+json\" class=\"yoast-schema-graph\">{\"@context\":\"https:\\\/\\\/schema.org\",\"@graph\":[{\"@type\":\"NewsArticle\",\"@id\":\"https:\\\/\\\/www.eltriangle.eu\\\/es\\\/2026\\\/04\\\/23\\\/illa-defiende-el-proceso-de-regularizacion-que-hara-que-la-inmigracion-contribuya-con-derechos-y-deberes\\\/#article\",\"isPartOf\":{\"@id\":\"https:\\\/\\\/www.eltriangle.eu\\\/es\\\/2026\\\/04\\\/23\\\/illa-defiende-el-proceso-de-regularizacion-que-hara-que-la-inmigracion-contribuya-con-derechos-y-deberes\\\/\"},\"author\":{\"name\":\"Jordi Oliveres\",\"@id\":\"https:\\\/\\\/www.eltriangle.eu\\\/es\\\/#\\\/schema\\\/person\\\/fa28773e300c15e3c4743d46b7fec511\"},\"headline\":\"Illa defiende el proceso de regularizaci\u00f3n que har\u00e1 que la inmigraci\u00f3n contribuya con derechos y deberes\",\"datePublished\":\"2026-04-23T06:53:12+00:00\",\"dateModified\":\"2026-04-23T06:54:54+00:00\",\"mainEntityOfPage\":{\"@id\":\"https:\\\/\\\/www.eltriangle.eu\\\/es\\\/2026\\\/04\\\/23\\\/illa-defiende-el-proceso-de-regularizacion-que-hara-que-la-inmigracion-contribuya-con-derechos-y-deberes\\\/\"},\"wordCount\":430,\"commentCount\":0,\"publisher\":{\"@id\":\"https:\\\/\\\/www.eltriangle.eu\\\/es\\\/#organization\"},\"image\":{\"@id\":\"https:\\\/\\\/www.eltriangle.eu\\\/es\\\/2026\\\/04\\\/23\\\/illa-defiende-el-proceso-de-regularizacion-que-hara-que-la-inmigracion-contribuya-con-derechos-y-deberes\\\/#primaryimage\"},\"thumbnailUrl\":\"https:\\\/\\\/www.eltriangle.eu\\\/wp-content\\\/uploads\\\/2026\\\/04\\\/illa-defensa-proces-regularitzacio-immigracio.jpg\",\"keywords\":[\"Regularizaci\u00f3n\",\"Salvador Illa\",\"Sant Jordi\"],\"articleSection\":[\"Actualidad\",\"Poderes\"],\"inLanguage\":\"es\",\"potentialAction\":[{\"@type\":\"CommentAction\",\"name\":\"Comment\",\"target\":[\"https:\\\/\\\/www.eltriangle.eu\\\/es\\\/2026\\\/04\\\/23\\\/illa-defiende-el-proceso-de-regularizacion-que-hara-que-la-inmigracion-contribuya-con-derechos-y-deberes\\\/#respond\"]}]},{\"@type\":\"WebPage\",\"@id\":\"https:\\\/\\\/www.eltriangle.eu\\\/es\\\/2026\\\/04\\\/23\\\/illa-defiende-el-proceso-de-regularizacion-que-hara-que-la-inmigracion-contribuya-con-derechos-y-deberes\\\/\",\"url\":\"https:\\\/\\\/www.eltriangle.eu\\\/es\\\/2026\\\/04\\\/23\\\/illa-defiende-el-proceso-de-regularizacion-que-hara-que-la-inmigracion-contribuya-con-derechos-y-deberes\\\/\",\"name\":\"Illa defiende la regularizaci\u00f3n de inmigrantes\",\"isPartOf\":{\"@id\":\"https:\\\/\\\/www.eltriangle.eu\\\/es\\\/#website\"},\"primaryImageOfPage\":{\"@id\":\"https:\\\/\\\/www.eltriangle.eu\\\/es\\\/2026\\\/04\\\/23\\\/illa-defiende-el-proceso-de-regularizacion-que-hara-que-la-inmigracion-contribuya-con-derechos-y-deberes\\\/#primaryimage\"},\"image\":{\"@id\":\"https:\\\/\\\/www.eltriangle.eu\\\/es\\\/2026\\\/04\\\/23\\\/illa-defiende-el-proceso-de-regularizacion-que-hara-que-la-inmigracion-contribuya-con-derechos-y-deberes\\\/#primaryimage\"},\"thumbnailUrl\":\"https:\\\/\\\/www.eltriangle.eu\\\/wp-content\\\/uploads\\\/2026\\\/04\\\/illa-defensa-proces-regularitzacio-immigracio.jpg\",\"datePublished\":\"2026-04-23T06:53:12+00:00\",\"dateModified\":\"2026-04-23T06:54:54+00:00\",\"description\":\"Salvador Illa promueve un proceso de regularizaci\u00f3n para los inmigrantes en Catalu\u00f1a, destacando derechos y deberes para todos.\",\"breadcrumb\":{\"@id\":\"https:\\\/\\\/www.eltriangle.eu\\\/es\\\/2026\\\/04\\\/23\\\/illa-defiende-el-proceso-de-regularizacion-que-hara-que-la-inmigracion-contribuya-con-derechos-y-deberes\\\/#breadcrumb\"},\"inLanguage\":\"es\",\"potentialAction\":[{\"@type\":\"ReadAction\",\"target\":[\"https:\\\/\\\/www.eltriangle.eu\\\/es\\\/2026\\\/04\\\/23\\\/illa-defiende-el-proceso-de-regularizacion-que-hara-que-la-inmigracion-contribuya-con-derechos-y-deberes\\\/\"]}]},{\"@type\":\"ImageObject\",\"inLanguage\":\"es\",\"@id\":\"https:\\\/\\\/www.eltriangle.eu\\\/es\\\/2026\\\/04\\\/23\\\/illa-defiende-el-proceso-de-regularizacion-que-hara-que-la-inmigracion-contribuya-con-derechos-y-deberes\\\/#primaryimage\",\"url\":\"https:\\\/\\\/www.eltriangle.eu\\\/wp-content\\\/uploads\\\/2026\\\/04\\\/illa-defensa-proces-regularitzacio-immigracio.jpg\",\"contentUrl\":\"https:\\\/\\\/www.eltriangle.eu\\\/wp-content\\\/uploads\\\/2026\\\/04\\\/illa-defensa-proces-regularitzacio-immigracio.jpg\",\"width\":1280,\"height\":720,\"caption\":\"Salvador Illa (Jordi Bedmar-Generalitat)\"},{\"@type\":\"BreadcrumbList\",\"@id\":\"https:\\\/\\\/www.eltriangle.eu\\\/es\\\/2026\\\/04\\\/23\\\/illa-defiende-el-proceso-de-regularizacion-que-hara-que-la-inmigracion-contribuya-con-derechos-y-deberes\\\/#breadcrumb\",\"itemListElement\":[{\"@type\":\"ListItem\",\"position\":1,\"name\":\"Portada\",\"item\":\"https:\\\/\\\/www.eltriangle.eu\\\/es\\\/\"},{\"@type\":\"ListItem\",\"position\":2,\"name\":\"Illa defiende el proceso de regularizaci\u00f3n que har\u00e1 que la inmigraci\u00f3n contribuya con derechos y deberes\"}]},{\"@type\":\"WebSite\",\"@id\":\"https:\\\/\\\/www.eltriangle.eu\\\/es\\\/#website\",\"url\":\"https:\\\/\\\/www.eltriangle.eu\\\/es\\\/\",\"name\":\"El Triangle\",\"description\":\"El Triangle \u00e9s un Diari d&#039;informaci\u00f3 general, editat a Catalunya i escrit en llengua catalana, especialitzat en investigaci\u00f3 period\u00edstica\",\"publisher\":{\"@id\":\"https:\\\/\\\/www.eltriangle.eu\\\/es\\\/#organization\"},\"potentialAction\":[{\"@type\":\"SearchAction\",\"target\":{\"@type\":\"EntryPoint\",\"urlTemplate\":\"https:\\\/\\\/www.eltriangle.eu\\\/es\\\/?s={search_term_string}\"},\"query-input\":{\"@type\":\"PropertyValueSpecification\",\"valueRequired\":true,\"valueName\":\"search_term_string\"}}],\"inLanguage\":\"es\"},{\"@type\":[\"Organization\",\"NewsMediaOrganization\"],\"@id\":\"https:\\\/\\\/www.eltriangle.eu\\\/es\\\/#organization\",\"name\":\"El Triangle\",\"url\":\"https:\\\/\\\/www.eltriangle.eu\\\/es\\\/\",\"logo\":{\"@type\":\"ImageObject\",\"inLanguage\":\"es\",\"@id\":\"https:\\\/\\\/www.eltriangle.eu\\\/es\\\/#\\\/schema\\\/logo\\\/image\\\/\",\"url\":\"https:\\\/\\\/www.eltriangle.eu\\\/wp-content\\\/uploads\\\/2020\\\/11\\\/triangle_logo-ajustado.jpg\",\"contentUrl\":\"https:\\\/\\\/www.eltriangle.eu\\\/wp-content\\\/uploads\\\/2020\\\/11\\\/triangle_logo-ajustado.jpg\",\"width\":521,\"height\":92,\"caption\":\"El Triangle\"},\"image\":{\"@id\":\"https:\\\/\\\/www.eltriangle.eu\\\/es\\\/#\\\/schema\\\/logo\\\/image\\\/\"},\"sameAs\":[\"https:\\\/\\\/www.facebook.com\\\/El-Triangle-Diari-101787399020302\",\"https:\\\/\\\/x.com\\\/El_Triangle\",\"https:\\\/\\\/www.youtube.com\\\/channel\\\/UCTIjmYEMYSpdGonuAgNhbcg\"]},{\"@type\":\"Person\",\"@id\":\"https:\\\/\\\/www.eltriangle.eu\\\/es\\\/#\\\/schema\\\/person\\\/fa28773e300c15e3c4743d46b7fec511\",\"name\":\"Jordi Oliveres\",\"image\":{\"@type\":\"ImageObject\",\"inLanguage\":\"es\",\"@id\":\"\\\/\\\/www.gravatar.com\\\/avatar\\\/fda2746de6be9f96a2918ddc8a96ac50?s=96&#038;r=g&#038;d=mm\",\"url\":\"\\\/\\\/www.gravatar.com\\\/avatar\\\/fda2746de6be9f96a2918ddc8a96ac50?s=96&#038;r=g&#038;d=mm\",\"contentUrl\":\"\\\/\\\/www.gravatar.com\\\/avatar\\\/fda2746de6be9f96a2918ddc8a96ac50?s=96&#038;r=g&#038;d=mm\",\"caption\":\"Jordi Oliveres\"},\"url\":\"https:\\\/\\\/www.eltriangle.eu\\\/es\\\/author\\\/jordi\\\/\"},{\"@type\":\"SiteNavigationElement\",\"@id\":\"https:\\\/\\\/www.eltriangle.eu\\\/es\\\/#site-navigation\",\"cssSelector\":[\".cib-main-menu\"]},{\"@type\":\"WPHeader\",\"@id\":\"https:\\\/\\\/www.eltriangle.eu\\\/es\\\/#header\",\"cssSelector\":[\".cib-header\"]},{\"@type\":\"WPFooter\",\"@id\":\"https:\\\/\\\/www.eltriangle.eu\\\/es\\\/#footer\",\"cssSelector\":[\".cib-footer\"]}]}<\/script>\n<!-- \/ Yoast SEO plugin. -->","yoast_head_json":{"title":"Illa defiende la regularizaci\u00f3n de inmigrantes","description":"Salvador Illa promueve un proceso de regularizaci\u00f3n para los inmigrantes en Catalu\u00f1a, destacando derechos y deberes para todos.","robots":{"index":"index","follow":"follow","max-snippet":"max-snippet:-1","max-image-preview":"max-image-preview:large","max-video-preview":"max-video-preview:-1"},"canonical":"https:\/\/www.eltriangle.eu\/es\/2026\/04\/23\/illa-defiende-el-proceso-de-regularizacion-que-hara-que-la-inmigracion-contribuya-con-derechos-y-deberes\/","og_locale":"es_ES","og_type":"article","og_title":"Illa defiende la regularizaci\u00f3n de inmigrantes","og_description":"Salvador Illa promueve un proceso de regularizaci\u00f3n para los inmigrantes en Catalu\u00f1a, destacando derechos y deberes para todos.","og_url":"https:\/\/www.eltriangle.eu\/es\/2026\/04\/23\/illa-defiende-el-proceso-de-regularizacion-que-hara-que-la-inmigracion-contribuya-con-derechos-y-deberes\/","og_site_name":"El Triangle","article_publisher":"https:\/\/www.facebook.com\/El-Triangle-Diari-101787399020302","article_published_time":"2026-04-23T06:53:12+00:00","article_modified_time":"2026-04-23T06:54:54+00:00","og_image":[{"width":1280,"height":720,"url":"https:\/\/www.eltriangle.eu\/wp-content\/uploads\/2026\/04\/illa-defensa-proces-regularitzacio-immigracio.jpg","type":"image\/jpeg"}],"author":"Jordi Oliveres","twitter_card":"summary_large_image","twitter_creator":"@El_Triangle","twitter_site":"@El_Triangle","twitter_misc":{"Escrito por":"Jordi Oliveres","Tiempo de lectura":"2 minutos"},"schema":{"@context":"https:\/\/schema.org","@graph":[{"@type":"NewsArticle","@id":"https:\/\/www.eltriangle.eu\/es\/2026\/04\/23\/illa-defiende-el-proceso-de-regularizacion-que-hara-que-la-inmigracion-contribuya-con-derechos-y-deberes\/#article","isPartOf":{"@id":"https:\/\/www.eltriangle.eu\/es\/2026\/04\/23\/illa-defiende-el-proceso-de-regularizacion-que-hara-que-la-inmigracion-contribuya-con-derechos-y-deberes\/"},"author":{"name":"Jordi Oliveres","@id":"https:\/\/www.eltriangle.eu\/es\/#\/schema\/person\/fa28773e300c15e3c4743d46b7fec511"},"headline":"Illa defiende el proceso de regularizaci\u00f3n que har\u00e1 que la inmigraci\u00f3n contribuya con derechos y deberes","datePublished":"2026-04-23T06:53:12+00:00","dateModified":"2026-04-23T06:54:54+00:00","mainEntityOfPage":{"@id":"https:\/\/www.eltriangle.eu\/es\/2026\/04\/23\/illa-defiende-el-proceso-de-regularizacion-que-hara-que-la-inmigracion-contribuya-con-derechos-y-deberes\/"},"wordCount":430,"commentCount":0,"publisher":{"@id":"https:\/\/www.eltriangle.eu\/es\/#organization"},"image":{"@id":"https:\/\/www.eltriangle.eu\/es\/2026\/04\/23\/illa-defiende-el-proceso-de-regularizacion-que-hara-que-la-inmigracion-contribuya-con-derechos-y-deberes\/#primaryimage"},"thumbnailUrl":"https:\/\/www.eltriangle.eu\/wp-content\/uploads\/2026\/04\/illa-defensa-proces-regularitzacio-immigracio.jpg","keywords":["Regularizaci\u00f3n","Salvador Illa","Sant Jordi"],"articleSection":["Actualidad","Poderes"],"inLanguage":"es","potentialAction":[{"@type":"CommentAction","name":"Comment","target":["https:\/\/www.eltriangle.eu\/es\/2026\/04\/23\/illa-defiende-el-proceso-de-regularizacion-que-hara-que-la-inmigracion-contribuya-con-derechos-y-deberes\/#respond"]}]},{"@type":"WebPage","@id":"https:\/\/www.eltriangle.eu\/es\/2026\/04\/23\/illa-defiende-el-proceso-de-regularizacion-que-hara-que-la-inmigracion-contribuya-con-derechos-y-deberes\/","url":"https:\/\/www.eltriangle.eu\/es\/2026\/04\/23\/illa-defiende-el-proceso-de-regularizacion-que-hara-que-la-inmigracion-contribuya-con-derechos-y-deberes\/","name":"Illa defiende la regularizaci\u00f3n de inmigrantes","isPartOf":{"@id":"https:\/\/www.eltriangle.eu\/es\/#website"},"primaryImageOfPage":{"@id":"https:\/\/www.eltriangle.eu\/es\/2026\/04\/23\/illa-defiende-el-proceso-de-regularizacion-que-hara-que-la-inmigracion-contribuya-con-derechos-y-deberes\/#primaryimage"},"image":{"@id":"https:\/\/www.eltriangle.eu\/es\/2026\/04\/23\/illa-defiende-el-proceso-de-regularizacion-que-hara-que-la-inmigracion-contribuya-con-derechos-y-deberes\/#primaryimage"},"thumbnailUrl":"https:\/\/www.eltriangle.eu\/wp-content\/uploads\/2026\/04\/illa-defensa-proces-regularitzacio-immigracio.jpg","datePublished":"2026-04-23T06:53:12+00:00","dateModified":"2026-04-23T06:54:54+00:00","description":"Salvador Illa promueve un proceso de regularizaci\u00f3n para los inmigrantes en Catalu\u00f1a, destacando derechos y deberes para todos.","breadcrumb":{"@id":"https:\/\/www.eltriangle.eu\/es\/2026\/04\/23\/illa-defiende-el-proceso-de-regularizacion-que-hara-que-la-inmigracion-contribuya-con-derechos-y-deberes\/#breadcrumb"},"inLanguage":"es","potentialAction":[{"@type":"ReadAction","target":["https:\/\/www.eltriangle.eu\/es\/2026\/04\/23\/illa-defiende-el-proceso-de-regularizacion-que-hara-que-la-inmigracion-contribuya-con-derechos-y-deberes\/"]}]},{"@type":"ImageObject","inLanguage":"es","@id":"https:\/\/www.eltriangle.eu\/es\/2026\/04\/23\/illa-defiende-el-proceso-de-regularizacion-que-hara-que-la-inmigracion-contribuya-con-derechos-y-deberes\/#primaryimage","url":"https:\/\/www.eltriangle.eu\/wp-content\/uploads\/2026\/04\/illa-defensa-proces-regularitzacio-immigracio.jpg","contentUrl":"https:\/\/www.eltriangle.eu\/wp-content\/uploads\/2026\/04\/illa-defensa-proces-regularitzacio-immigracio.jpg","width":1280,"height":720,"caption":"Salvador Illa (Jordi Bedmar-Generalitat)"},{"@type":"BreadcrumbList","@id":"https:\/\/www.eltriangle.eu\/es\/2026\/04\/23\/illa-defiende-el-proceso-de-regularizacion-que-hara-que-la-inmigracion-contribuya-con-derechos-y-deberes\/#breadcrumb","itemListElement":[{"@type":"ListItem","position":1,"name":"Portada","item":"https:\/\/www.eltriangle.eu\/es\/"},{"@type":"ListItem","position":2,"name":"Illa defiende el proceso de regularizaci\u00f3n que har\u00e1 que la inmigraci\u00f3n contribuya con derechos y deberes"}]},{"@type":"WebSite","@id":"https:\/\/www.eltriangle.eu\/es\/#website","url":"https:\/\/www.eltriangle.eu\/es\/","name":"El Triangle","description":"El Triangle \u00e9s un Diari d&#039;informaci\u00f3 general, editat a Catalunya i escrit en llengua catalana, especialitzat en investigaci\u00f3 period\u00edstica","publisher":{"@id":"https:\/\/www.eltriangle.eu\/es\/#organization"},"potentialAction":[{"@type":"SearchAction","target":{"@type":"EntryPoint","urlTemplate":"https:\/\/www.eltriangle.eu\/es\/?s={search_term_string}"},"query-input":{"@type":"PropertyValueSpecification","valueRequired":true,"valueName":"search_term_string"}}],"inLanguage":"es"},{"@type":["Organization","NewsMediaOrganization"],"@id":"https:\/\/www.eltriangle.eu\/es\/#organization","name":"El Triangle","url":"https:\/\/www.eltriangle.eu\/es\/","logo":{"@type":"ImageObject","inLanguage":"es","@id":"https:\/\/www.eltriangle.eu\/es\/#\/schema\/logo\/image\/","url":"https:\/\/www.eltriangle.eu\/wp-content\/uploads\/2020\/11\/triangle_logo-ajustado.jpg","contentUrl":"https:\/\/www.eltriangle.eu\/wp-content\/uploads\/2020\/11\/triangle_logo-ajustado.jpg","width":521,"height":92,"caption":"El Triangle"},"image":{"@id":"https:\/\/www.eltriangle.eu\/es\/#\/schema\/logo\/image\/"},"sameAs":["https:\/\/www.facebook.com\/El-Triangle-Diari-101787399020302","https:\/\/x.com\/El_Triangle","https:\/\/www.youtube.com\/channel\/UCTIjmYEMYSpdGonuAgNhbcg"]},{"@type":"Person","@id":"https:\/\/www.eltriangle.eu\/es\/#\/schema\/person\/fa28773e300c15e3c4743d46b7fec511","name":"Jordi Oliveres","image":{"@type":"ImageObject","inLanguage":"es","@id":"\/\/www.gravatar.com\/avatar\/fda2746de6be9f96a2918ddc8a96ac50?s=96&#038;r=g&#038;d=mm","url":"\/\/www.gravatar.com\/avatar\/fda2746de6be9f96a2918ddc8a96ac50?s=96&#038;r=g&#038;d=mm","contentUrl":"\/\/www.gravatar.com\/avatar\/fda2746de6be9f96a2918ddc8a96ac50?s=96&#038;r=g&#038;d=mm","caption":"Jordi Oliveres"},"url":"https:\/\/www.eltriangle.eu\/es\/author\/jordi\/"},{"@type":"SiteNavigationElement","@id":"https:\/\/www.eltriangle.eu\/es\/#site-navigation","cssSelector":[".cib-main-menu"]},{"@type":"WPHeader","@id":"https:\/\/www.eltriangle.eu\/es\/#header","cssSelector":[".cib-header"]},{"@type":"WPFooter","@id":"https:\/\/www.eltriangle.eu\/es\/#footer","cssSelector":[".cib-footer"]}]}},"amp_enabled":true,"_links":{"self":[{"href":"https:\/\/www.eltriangle.eu\/es\/wp-json\/wp\/v2\/posts\/368984","targetHints":{"allow":["GET"]}}],"collection":[{"href":"https:\/\/www.eltriangle.eu\/es\/wp-json\/wp\/v2\/posts"}],"about":[{"href":"https:\/\/www.eltriangle.eu\/es\/wp-json\/wp\/v2\/types\/post"}],"author":[{"embeddable":true,"href":"https:\/\/www.eltriangle.eu\/es\/wp-json\/wp\/v2\/users\/231"}],"replies":[{"embeddable":true,"href":"https:\/\/www.eltriangle.eu\/es\/wp-json\/wp\/v2\/comments?post=368984"}],"version-history":[{"count":1,"href":"https:\/\/www.eltriangle.eu\/es\/wp-json\/wp\/v2\/posts\/368984\/revisions"}],"predecessor-version":[{"id":368986,"href":"https:\/\/www.eltriangle.eu\/es\/wp-json\/wp\/v2\/posts\/368984\/revisions\/368986"}],"wp:featuredmedia":[{"embeddable":true,"href":"https:\/\/www.eltriangle.eu\/es\/wp-json\/wp\/v2\/media\/368982"}],"wp:attachment":[{"href":"https:\/\/www.eltriangle.eu\/es\/wp-json\/wp\/v2\/media?parent=368984"}],"wp:term":[{"taxonomy":"category","embeddable":true,"href":"https:\/\/www.eltriangle.eu\/es\/wp-json\/wp\/v2\/categories?post=368984"},{"taxonomy":"post_tag","embeddable":true,"href":"https:\/\/www.eltriangle.eu\/es\/wp-json\/wp\/v2\/tags?post=368984"}],"curies":[{"name":"wp","href":"https:\/\/api.w.org\/{rel}","templated":true}]}}