{"id":368926,"date":"2026-04-24T05:00:59","date_gmt":"2026-04-24T03:00:59","guid":{"rendered":null},"modified":"2026-04-22T17:48:28","modified_gmt":"2026-04-22T15:48:28","slug":"loa-a-mis-amigos","status":"publish","type":"post","link":"https:\/\/www.eltriangle.eu\/es\/2026\/04\/24\/loa-a-mis-amigos\/","title":{"rendered":"Loa a mis amigos"},"content":{"rendered":"<p>Los amigos son ese grupo de personas que nos quieren \u00abporque s\u00ed\u00bb, con nuestras virtudes y defectos, sin pedir nada a cambio, y est\u00e1n siempre ah\u00ed. La amistad es ante todo lealtad, gratitud y reciprocidad. Tengo amigos desde hace cuarenta, cincuenta o sesenta a\u00f1os, de cuando nos conocimos en la Universidad: \u00a1Se dice pronto! Pero lo considero algo verdaderamente extraordinario. De hecho, es casi una vida entera a lo largo de la cual hemos pasado de ser j\u00f3venes a provectos viendo c\u00f3mo el mundo cambiaba por completo, pero manteni\u00e9ndonos unidos a pesar del tiempo. Tantos a\u00f1os se dicen pronto, pero se viven en cada cana y en cada risa que hemos compartido con la memoria llena de an\u00e9cdotas.<\/p>\n<p>Haber mantenido una amistad desde la Universidad durante tantos a\u00f1os significa que hemos compartido el paso de la juventud a la madurez, y de ah\u00ed a la sabidur\u00eda. Nos conocimos en las aulas, los claustros y los laboratorios, compartiendo libros, investigaci\u00f3n y sue\u00f1os que entonces parec\u00edan lejanos. Aunque los cuadernos se cerraron hace mucho, nuestra historia sigue abierta y sabemos que seguir siendo amigos es b\u00e1sico. Hoy, tantos a\u00f1os despu\u00e9s ya no hay ex\u00e1menes que aprobar ni clases a las que llegar tarde, pero nos queda lo mejor: la graduaci\u00f3n de toda una vida compartida. Una amistad que nace en la Universidad y perdura durante tantos a\u00f1os, deja de ser un sentimiento simple para convertirse en una raz\u00f3n de ser.<\/p>\n<p>Siendo octogenario, he comprendido que la identidad no es lo que uno construye solo, sino lo que se refleja en quienes nos acompa\u00f1an y nos ayudan a descubrir qui\u00e9nes somos. El tiempo suele ser un r\u00edo que lo arrastra todo, pero no se ha llevado por delante nuestra amistad y eso es el argumento m\u00e1s s\u00f3lido que tengo para creer que la vida ha valido la pena. La amistad es nuestra peque\u00f1a victoria contra el olvido y la prueba de que, frente a la fugacidad del mundo, los v\u00ednculos afectivos permanecen. Al ser amigos, no solo compartimos recuerdos: hemos creado un mundo que existe cuando estamos juntos. Nosotros entramos en la universidad buscando respuestas en los libros, pero la verdad la encontramos en el tiempo que pasamos juntos. Despu\u00e9s de tantos a\u00f1os, nuestra amistad es un acto de resistencia; es la prueba de que algo puede ser duradero en un mundo que todo lo desecha.<\/p>\n<p>Hoy yo proclamo con sencillez, pero con orgullo: \u201c<strong>Para mis amigos, porque me quieren\u201d<\/strong>. Pero en esa sencillez se esconde una verdad ontol\u00f3gica: existo porque ellos me recuerdan, soy quien soy porque ellos me nombran, y el tiempo ha hecho que su afecto ha servido de ancla. Gracias por ser mi espejo, mi memoria y mi hogar en este largo viaje. Gracias por quererme, porque ese cari\u00f1o es la prueba de que mi vida ha tenido un sentido compartido.<\/p>\n<p>Uno de los temas m\u00e1s fascinantes en psicolog\u00eda y filosof\u00eda es la evoluci\u00f3n de la <strong>identidad personal a trav\u00e9s del tiempo<\/strong>. En el contexto de una amistad de 60 a\u00f1os, este concepto deja de ser una teor\u00eda para convertirse en una realidad palpable al mirar a los ojos de mis amigos. Podemos profundizar en esta evoluci\u00f3n desde tres \u00e1ngulos diferentes. Biol\u00f3gicamente, no queda ni una c\u00e9lula de los j\u00f3venes que se conocieron en la Universidad. Nuestras ideas, responsabilidades y cuerpos han cambiado totalmente. Pero lo que nos mantiene unidos no es la materia, sino la <strong>historia compartida<\/strong>. Algunos pensadores sugieren que la vejez no nos hace personas diferentes, sino que \u00abnos hace m\u00e1s nosotros mismos\u00bb, puesto que elimina lo superfluo y deja lo esencial. El milagro de nuestra amistad es que, aunque ya no somos los mismos, nunca hemos dejado de ser nosotros.<\/p>\n","protected":false},"excerpt":{"rendered":"<p>Los amigos son ese grupo de personas que nos quieren \u00abporque s\u00ed\u00bb, con nuestras virtudes y defectos, sin pedir nada a cambio, y est\u00e1n siempre ah\u00ed. La amistad es ante todo lealtad, gratitud y reciprocidad. Tengo amigos desde hace cuarenta, cincuenta o sesenta a\u00f1os, de cuando nos conocimos en la Universidad: \u00a1Se dice pronto! Pero &#8230; <a title=\"Loa a mis amigos\" class=\"read-more\" href=\"https:\/\/www.eltriangle.eu\/es\/2026\/04\/24\/loa-a-mis-amigos\/\" aria-label=\"Leer m\u00e1s sobre Loa a mis amigos\">Leer m\u00e1s<\/a><\/p>\n","protected":false},"author":89,"featured_media":0,"comment_status":"open","ping_status":"closed","sticky":false,"template":"","format":"standard","meta":{"_acf_changed":false,"pmpro_default_level":"","footnotes":""},"categories":[10],"tags":[9995],"class_list":["post-368926","post","type-post","status-publish","format-standard","hentry","category-opinion","tag-amistad","lh_instant_articles-syndicate-yes","pmpro-has-access"],"acf":[],"yoast_head":"<!-- This site is optimized with the Yoast SEO plugin v27.4 - https:\/\/yoast.com\/product\/yoast-seo-wordpress\/ -->\n<title>Loa a mis amigos - El Triangle<\/title>\n<meta name=\"description\" content=\"Los amigos son ese grupo de personas que nos quieren &quot;porque s\u00ed&quot;, con nuestras virtudes y defectos, sin pedir nada a cambio, y est\u00e1n siempre ah\u00ed. La\" class=\"yoast-seo-meta-tag\" \/>\n<meta name=\"robots\" content=\"index, follow, max-snippet:-1, max-image-preview:large, max-video-preview:-1\" \/>\n<link rel=\"canonical\" href=\"https:\/\/www.eltriangle.eu\/es\/2026\/04\/24\/loa-a-mis-amigos\/\" class=\"yoast-seo-meta-tag\" \/>\n<meta property=\"og:locale\" content=\"es_ES\" class=\"yoast-seo-meta-tag\" \/>\n<meta property=\"og:type\" content=\"article\" class=\"yoast-seo-meta-tag\" \/>\n<meta property=\"og:title\" content=\"Loa a mis amigos - El Triangle\" class=\"yoast-seo-meta-tag\" \/>\n<meta property=\"og:description\" content=\"Los amigos son ese grupo de personas que nos quieren &quot;porque s\u00ed&quot;, con nuestras virtudes y defectos, sin pedir nada a cambio, y est\u00e1n siempre ah\u00ed. La\" class=\"yoast-seo-meta-tag\" \/>\n<meta property=\"og:url\" content=\"https:\/\/www.eltriangle.eu\/es\/2026\/04\/24\/loa-a-mis-amigos\/\" class=\"yoast-seo-meta-tag\" \/>\n<meta property=\"og:site_name\" content=\"El Triangle\" class=\"yoast-seo-meta-tag\" \/>\n<meta property=\"article:publisher\" content=\"https:\/\/www.facebook.com\/El-Triangle-Diari-101787399020302\" class=\"yoast-seo-meta-tag\" \/>\n<meta property=\"article:published_time\" content=\"2026-04-24T03:00:59+00:00\" class=\"yoast-seo-meta-tag\" \/>\n<meta name=\"author\" content=\"Temi Vives\" class=\"yoast-seo-meta-tag\" \/>\n<meta name=\"twitter:card\" content=\"summary_large_image\" class=\"yoast-seo-meta-tag\" \/>\n<meta name=\"twitter:creator\" content=\"@El_Triangle\" class=\"yoast-seo-meta-tag\" \/>\n<meta name=\"twitter:site\" content=\"@El_Triangle\" class=\"yoast-seo-meta-tag\" \/>\n<meta name=\"twitter:label1\" content=\"Escrito por\" class=\"yoast-seo-meta-tag\" \/>\n\t<meta name=\"twitter:data1\" content=\"Temi Vives\" class=\"yoast-seo-meta-tag\" \/>\n\t<meta name=\"twitter:label2\" content=\"Tiempo de lectura\" class=\"yoast-seo-meta-tag\" \/>\n\t<meta name=\"twitter:data2\" content=\"3 minutos\" class=\"yoast-seo-meta-tag\" \/>\n<script type=\"application\/ld+json\" class=\"yoast-schema-graph\">{\"@context\":\"https:\\\/\\\/schema.org\",\"@graph\":[{\"@type\":\"NewsArticle\",\"@id\":\"https:\\\/\\\/www.eltriangle.eu\\\/es\\\/2026\\\/04\\\/24\\\/loa-a-mis-amigos\\\/#article\",\"isPartOf\":{\"@id\":\"https:\\\/\\\/www.eltriangle.eu\\\/es\\\/2026\\\/04\\\/24\\\/loa-a-mis-amigos\\\/\"},\"author\":{\"name\":\"Temi Vives\",\"@id\":\"https:\\\/\\\/www.eltriangle.eu\\\/es\\\/#\\\/schema\\\/person\\\/6f65105817ccfabc0a7c419848be446b\"},\"headline\":\"Loa a mis amigos\",\"datePublished\":\"2026-04-24T03:00:59+00:00\",\"mainEntityOfPage\":{\"@id\":\"https:\\\/\\\/www.eltriangle.eu\\\/es\\\/2026\\\/04\\\/24\\\/loa-a-mis-amigos\\\/\"},\"wordCount\":660,\"commentCount\":0,\"publisher\":{\"@id\":\"https:\\\/\\\/www.eltriangle.eu\\\/es\\\/#organization\"},\"keywords\":[\"Amistad\"],\"articleSection\":[\"Opini\u00f3n\"],\"inLanguage\":\"es\",\"potentialAction\":[{\"@type\":\"CommentAction\",\"name\":\"Comment\",\"target\":[\"https:\\\/\\\/www.eltriangle.eu\\\/es\\\/2026\\\/04\\\/24\\\/loa-a-mis-amigos\\\/#respond\"]}]},{\"@type\":\"WebPage\",\"@id\":\"https:\\\/\\\/www.eltriangle.eu\\\/es\\\/2026\\\/04\\\/24\\\/loa-a-mis-amigos\\\/\",\"url\":\"https:\\\/\\\/www.eltriangle.eu\\\/es\\\/2026\\\/04\\\/24\\\/loa-a-mis-amigos\\\/\",\"name\":\"Loa a mis amigos - El Triangle\",\"isPartOf\":{\"@id\":\"https:\\\/\\\/www.eltriangle.eu\\\/es\\\/#website\"},\"datePublished\":\"2026-04-24T03:00:59+00:00\",\"description\":\"Los amigos son ese grupo de personas que nos quieren \\\"porque s\u00ed\\\", con nuestras virtudes y defectos, sin pedir nada a cambio, y est\u00e1n siempre ah\u00ed. La\",\"breadcrumb\":{\"@id\":\"https:\\\/\\\/www.eltriangle.eu\\\/es\\\/2026\\\/04\\\/24\\\/loa-a-mis-amigos\\\/#breadcrumb\"},\"inLanguage\":\"es\",\"potentialAction\":[{\"@type\":\"ReadAction\",\"target\":[\"https:\\\/\\\/www.eltriangle.eu\\\/es\\\/2026\\\/04\\\/24\\\/loa-a-mis-amigos\\\/\"]}]},{\"@type\":\"BreadcrumbList\",\"@id\":\"https:\\\/\\\/www.eltriangle.eu\\\/es\\\/2026\\\/04\\\/24\\\/loa-a-mis-amigos\\\/#breadcrumb\",\"itemListElement\":[{\"@type\":\"ListItem\",\"position\":1,\"name\":\"Portada\",\"item\":\"https:\\\/\\\/www.eltriangle.eu\\\/es\\\/\"},{\"@type\":\"ListItem\",\"position\":2,\"name\":\"Loa a mis amigos\"}]},{\"@type\":\"WebSite\",\"@id\":\"https:\\\/\\\/www.eltriangle.eu\\\/es\\\/#website\",\"url\":\"https:\\\/\\\/www.eltriangle.eu\\\/es\\\/\",\"name\":\"El Triangle\",\"description\":\"El Triangle \u00e9s un Diari d&#039;informaci\u00f3 general, editat a Catalunya i escrit en llengua catalana, especialitzat en investigaci\u00f3 period\u00edstica\",\"publisher\":{\"@id\":\"https:\\\/\\\/www.eltriangle.eu\\\/es\\\/#organization\"},\"potentialAction\":[{\"@type\":\"SearchAction\",\"target\":{\"@type\":\"EntryPoint\",\"urlTemplate\":\"https:\\\/\\\/www.eltriangle.eu\\\/es\\\/?s={search_term_string}\"},\"query-input\":{\"@type\":\"PropertyValueSpecification\",\"valueRequired\":true,\"valueName\":\"search_term_string\"}}],\"inLanguage\":\"es\"},{\"@type\":[\"Organization\",\"NewsMediaOrganization\"],\"@id\":\"https:\\\/\\\/www.eltriangle.eu\\\/es\\\/#organization\",\"name\":\"El Triangle\",\"url\":\"https:\\\/\\\/www.eltriangle.eu\\\/es\\\/\",\"logo\":{\"@type\":\"ImageObject\",\"inLanguage\":\"es\",\"@id\":\"https:\\\/\\\/www.eltriangle.eu\\\/es\\\/#\\\/schema\\\/logo\\\/image\\\/\",\"url\":\"https:\\\/\\\/www.eltriangle.eu\\\/wp-content\\\/uploads\\\/2020\\\/11\\\/triangle_logo-ajustado.jpg\",\"contentUrl\":\"https:\\\/\\\/www.eltriangle.eu\\\/wp-content\\\/uploads\\\/2020\\\/11\\\/triangle_logo-ajustado.jpg\",\"width\":521,\"height\":92,\"caption\":\"El Triangle\"},\"image\":{\"@id\":\"https:\\\/\\\/www.eltriangle.eu\\\/es\\\/#\\\/schema\\\/logo\\\/image\\\/\"},\"sameAs\":[\"https:\\\/\\\/www.facebook.com\\\/El-Triangle-Diari-101787399020302\",\"https:\\\/\\\/x.com\\\/El_Triangle\",\"https:\\\/\\\/www.youtube.com\\\/channel\\\/UCTIjmYEMYSpdGonuAgNhbcg\"]},{\"@type\":\"Person\",\"@id\":\"https:\\\/\\\/www.eltriangle.eu\\\/es\\\/#\\\/schema\\\/person\\\/6f65105817ccfabc0a7c419848be446b\",\"name\":\"Temi Vives\",\"image\":{\"@type\":\"ImageObject\",\"inLanguage\":\"es\",\"@id\":\"https:\\\/\\\/www.eltriangle.eu\\\/wp-content\\\/uploads\\\/2020\\\/11\\\/temi-vives-96x96.jpeg\",\"url\":\"https:\\\/\\\/www.eltriangle.eu\\\/wp-content\\\/uploads\\\/2020\\\/11\\\/temi-vives-96x96.jpeg\",\"contentUrl\":\"https:\\\/\\\/www.eltriangle.eu\\\/wp-content\\\/uploads\\\/2020\\\/11\\\/temi-vives-96x96.jpeg\",\"caption\":\"Temi Vives\"},\"description\":\"Bi\u00f2leg i fil\u00f2sof. Professor Honor\u00edfic de la Universitat de Barcelona.\",\"url\":\"https:\\\/\\\/www.eltriangle.eu\\\/es\\\/author\\\/autor-159\\\/\"},{\"@type\":\"SiteNavigationElement\",\"@id\":\"https:\\\/\\\/www.eltriangle.eu\\\/es\\\/#site-navigation\",\"cssSelector\":[\".cib-main-menu\"]},{\"@type\":\"WPHeader\",\"@id\":\"https:\\\/\\\/www.eltriangle.eu\\\/es\\\/#header\",\"cssSelector\":[\".cib-header\"]},{\"@type\":\"WPFooter\",\"@id\":\"https:\\\/\\\/www.eltriangle.eu\\\/es\\\/#footer\",\"cssSelector\":[\".cib-footer\"]}]}<\/script>\n<!-- \/ Yoast SEO plugin. -->","yoast_head_json":{"title":"Loa a mis amigos - El Triangle","description":"Los amigos son ese grupo de personas que nos quieren \"porque s\u00ed\", con nuestras virtudes y defectos, sin pedir nada a cambio, y est\u00e1n siempre ah\u00ed. La","robots":{"index":"index","follow":"follow","max-snippet":"max-snippet:-1","max-image-preview":"max-image-preview:large","max-video-preview":"max-video-preview:-1"},"canonical":"https:\/\/www.eltriangle.eu\/es\/2026\/04\/24\/loa-a-mis-amigos\/","og_locale":"es_ES","og_type":"article","og_title":"Loa a mis amigos - El Triangle","og_description":"Los amigos son ese grupo de personas que nos quieren \"porque s\u00ed\", con nuestras virtudes y defectos, sin pedir nada a cambio, y est\u00e1n siempre ah\u00ed. La","og_url":"https:\/\/www.eltriangle.eu\/es\/2026\/04\/24\/loa-a-mis-amigos\/","og_site_name":"El Triangle","article_publisher":"https:\/\/www.facebook.com\/El-Triangle-Diari-101787399020302","article_published_time":"2026-04-24T03:00:59+00:00","author":"Temi Vives","twitter_card":"summary_large_image","twitter_creator":"@El_Triangle","twitter_site":"@El_Triangle","twitter_misc":{"Escrito por":"Temi Vives","Tiempo de lectura":"3 minutos"},"schema":{"@context":"https:\/\/schema.org","@graph":[{"@type":"NewsArticle","@id":"https:\/\/www.eltriangle.eu\/es\/2026\/04\/24\/loa-a-mis-amigos\/#article","isPartOf":{"@id":"https:\/\/www.eltriangle.eu\/es\/2026\/04\/24\/loa-a-mis-amigos\/"},"author":{"name":"Temi Vives","@id":"https:\/\/www.eltriangle.eu\/es\/#\/schema\/person\/6f65105817ccfabc0a7c419848be446b"},"headline":"Loa a mis amigos","datePublished":"2026-04-24T03:00:59+00:00","mainEntityOfPage":{"@id":"https:\/\/www.eltriangle.eu\/es\/2026\/04\/24\/loa-a-mis-amigos\/"},"wordCount":660,"commentCount":0,"publisher":{"@id":"https:\/\/www.eltriangle.eu\/es\/#organization"},"keywords":["Amistad"],"articleSection":["Opini\u00f3n"],"inLanguage":"es","potentialAction":[{"@type":"CommentAction","name":"Comment","target":["https:\/\/www.eltriangle.eu\/es\/2026\/04\/24\/loa-a-mis-amigos\/#respond"]}]},{"@type":"WebPage","@id":"https:\/\/www.eltriangle.eu\/es\/2026\/04\/24\/loa-a-mis-amigos\/","url":"https:\/\/www.eltriangle.eu\/es\/2026\/04\/24\/loa-a-mis-amigos\/","name":"Loa a mis amigos - El Triangle","isPartOf":{"@id":"https:\/\/www.eltriangle.eu\/es\/#website"},"datePublished":"2026-04-24T03:00:59+00:00","description":"Los amigos son ese grupo de personas que nos quieren \"porque s\u00ed\", con nuestras virtudes y defectos, sin pedir nada a cambio, y est\u00e1n siempre ah\u00ed. La","breadcrumb":{"@id":"https:\/\/www.eltriangle.eu\/es\/2026\/04\/24\/loa-a-mis-amigos\/#breadcrumb"},"inLanguage":"es","potentialAction":[{"@type":"ReadAction","target":["https:\/\/www.eltriangle.eu\/es\/2026\/04\/24\/loa-a-mis-amigos\/"]}]},{"@type":"BreadcrumbList","@id":"https:\/\/www.eltriangle.eu\/es\/2026\/04\/24\/loa-a-mis-amigos\/#breadcrumb","itemListElement":[{"@type":"ListItem","position":1,"name":"Portada","item":"https:\/\/www.eltriangle.eu\/es\/"},{"@type":"ListItem","position":2,"name":"Loa a mis amigos"}]},{"@type":"WebSite","@id":"https:\/\/www.eltriangle.eu\/es\/#website","url":"https:\/\/www.eltriangle.eu\/es\/","name":"El Triangle","description":"El Triangle \u00e9s un Diari d&#039;informaci\u00f3 general, editat a Catalunya i escrit en llengua catalana, especialitzat en investigaci\u00f3 period\u00edstica","publisher":{"@id":"https:\/\/www.eltriangle.eu\/es\/#organization"},"potentialAction":[{"@type":"SearchAction","target":{"@type":"EntryPoint","urlTemplate":"https:\/\/www.eltriangle.eu\/es\/?s={search_term_string}"},"query-input":{"@type":"PropertyValueSpecification","valueRequired":true,"valueName":"search_term_string"}}],"inLanguage":"es"},{"@type":["Organization","NewsMediaOrganization"],"@id":"https:\/\/www.eltriangle.eu\/es\/#organization","name":"El Triangle","url":"https:\/\/www.eltriangle.eu\/es\/","logo":{"@type":"ImageObject","inLanguage":"es","@id":"https:\/\/www.eltriangle.eu\/es\/#\/schema\/logo\/image\/","url":"https:\/\/www.eltriangle.eu\/wp-content\/uploads\/2020\/11\/triangle_logo-ajustado.jpg","contentUrl":"https:\/\/www.eltriangle.eu\/wp-content\/uploads\/2020\/11\/triangle_logo-ajustado.jpg","width":521,"height":92,"caption":"El Triangle"},"image":{"@id":"https:\/\/www.eltriangle.eu\/es\/#\/schema\/logo\/image\/"},"sameAs":["https:\/\/www.facebook.com\/El-Triangle-Diari-101787399020302","https:\/\/x.com\/El_Triangle","https:\/\/www.youtube.com\/channel\/UCTIjmYEMYSpdGonuAgNhbcg"]},{"@type":"Person","@id":"https:\/\/www.eltriangle.eu\/es\/#\/schema\/person\/6f65105817ccfabc0a7c419848be446b","name":"Temi Vives","image":{"@type":"ImageObject","inLanguage":"es","@id":"https:\/\/www.eltriangle.eu\/wp-content\/uploads\/2020\/11\/temi-vives-96x96.jpeg","url":"https:\/\/www.eltriangle.eu\/wp-content\/uploads\/2020\/11\/temi-vives-96x96.jpeg","contentUrl":"https:\/\/www.eltriangle.eu\/wp-content\/uploads\/2020\/11\/temi-vives-96x96.jpeg","caption":"Temi Vives"},"description":"Bi\u00f2leg i fil\u00f2sof. Professor Honor\u00edfic de la Universitat de Barcelona.","url":"https:\/\/www.eltriangle.eu\/es\/author\/autor-159\/"},{"@type":"SiteNavigationElement","@id":"https:\/\/www.eltriangle.eu\/es\/#site-navigation","cssSelector":[".cib-main-menu"]},{"@type":"WPHeader","@id":"https:\/\/www.eltriangle.eu\/es\/#header","cssSelector":[".cib-header"]},{"@type":"WPFooter","@id":"https:\/\/www.eltriangle.eu\/es\/#footer","cssSelector":[".cib-footer"]}]}},"amp_enabled":true,"_links":{"self":[{"href":"https:\/\/www.eltriangle.eu\/es\/wp-json\/wp\/v2\/posts\/368926","targetHints":{"allow":["GET"]}}],"collection":[{"href":"https:\/\/www.eltriangle.eu\/es\/wp-json\/wp\/v2\/posts"}],"about":[{"href":"https:\/\/www.eltriangle.eu\/es\/wp-json\/wp\/v2\/types\/post"}],"author":[{"embeddable":true,"href":"https:\/\/www.eltriangle.eu\/es\/wp-json\/wp\/v2\/users\/89"}],"replies":[{"embeddable":true,"href":"https:\/\/www.eltriangle.eu\/es\/wp-json\/wp\/v2\/comments?post=368926"}],"version-history":[{"count":1,"href":"https:\/\/www.eltriangle.eu\/es\/wp-json\/wp\/v2\/posts\/368926\/revisions"}],"predecessor-version":[{"id":368929,"href":"https:\/\/www.eltriangle.eu\/es\/wp-json\/wp\/v2\/posts\/368926\/revisions\/368929"}],"wp:attachment":[{"href":"https:\/\/www.eltriangle.eu\/es\/wp-json\/wp\/v2\/media?parent=368926"}],"wp:term":[{"taxonomy":"category","embeddable":true,"href":"https:\/\/www.eltriangle.eu\/es\/wp-json\/wp\/v2\/categories?post=368926"},{"taxonomy":"post_tag","embeddable":true,"href":"https:\/\/www.eltriangle.eu\/es\/wp-json\/wp\/v2\/tags?post=368926"}],"curies":[{"name":"wp","href":"https:\/\/api.w.org\/{rel}","templated":true}]}}