{"id":348331,"date":"2025-11-27T19:30:53","date_gmt":"2025-11-27T18:30:53","guid":{"rendered":null},"modified":"2025-11-27T20:55:20","modified_gmt":"2025-11-27T19:55:20","slug":"feijoo-convoca-concentracion-abierta-y-civica-contra-los-corruptos-y-todos-los-que-los-sostienen-domingo-en-madrid","status":"publish","type":"post","link":"https:\/\/www.eltriangle.eu\/es\/2025\/11\/27\/feijoo-convoca-concentracion-abierta-y-civica-contra-los-corruptos-y-todos-los-que-los-sostienen-domingo-en-madrid\/","title":{"rendered":"Feij\u00f3o convoca concentraci\u00f3n \u00ababierta y c\u00edvica\u00bb contra \u00ablos corruptos y todos los que los sostienen\u00bb domingo en Madrid"},"content":{"rendered":"<p>El l\u00edder del PP, <strong>Alberto N\u00fa\u00f1ez Feij\u00f3o<\/strong>, ha convocado una <strong>concentraci\u00f3n<\/strong> \u00ababierta y c\u00edvica\u00bb contra \u00ablos corruptos y todos los que los sostienen\u00bb este domingo a las 12 h en el Templo de Debod de <strong>Madrid<\/strong>.<\/p>\n<p>Es la primera reacci\u00f3n del PP al encarcelamiento del exsecretario de Organizaci\u00f3n y exministro de Transportes <strong>Jos\u00e9 Luis \u00c1balos<\/strong> por parte del Tribunal Supremo.<\/p>\n<p>Seg\u00fan Feij\u00f3o, ser\u00e1 una concentraci\u00f3n \u00absin siglas\u00bb y \u00ababierta\u00bb a los que quieren defender \u00abel estado de derecho, la democracia y la decencia en la pol\u00edtica\u00bb. \u00abTodos los partidos que crean en la decencia, la independencia del Poder Judicial y el estado de derecho son invitados\u00bb, ha dicho.<\/p>\n<p>Ser\u00e1 la <strong>s\u00e9ptima manifestaci\u00f3n<\/strong> que el PP convoca contra el ejecutivo de S\u00e1nchez desde que Feij\u00f3o cogi\u00f3 las riendas del PP. La \u00faltima, con el lema \u00abMafia o democracia\u00bb tuvo lugar el 8 de junio de 2025 en la Plaza Espa\u00f1a de Madrid y asistieron cerca de 50.000 personas, seg\u00fan la delegaci\u00f3n del gobierno espa\u00f1ol.<\/p>\n<p>En la comparecencia en la sede de G\u00e9nova donde ha anunciado la concentraci\u00f3n, el l\u00edder del PP, ha afirmado que con \u00c1balos \u00abel 100% del clan de <strong>Pedro S\u00e1nchez<\/strong> en su retorno heroico a la pol\u00edtica ha acabado en la c\u00e1rcel\u00bb. \u00abEs un ejemplo m\u00e1s de la degeneraci\u00f3n que ha acompa\u00f1ado a S\u00e1nchez incluso antes de llegar al poder\u00bb, ha dicho.<\/p>\n<p>\u00abLo que ha pasado hoy no es un hecho aislado, no es mala suerte, no es una conspiraci\u00f3n del Poder Judicial como pretende hacer creer al gobierno en una clara muestra de desesperaci\u00f3n\u00bb, ha dicho Feij\u00f3o.<\/p>\n<p>Seg\u00fan el l\u00edder del PP, \u00abS\u00e1nchez no es un hombre rodeado de manzanas podridas, sino que l<strong>a manzana podrida es \u00e9l<\/strong>, y ha podrido todos los que lo rodean\u00bb. \u00abA falta de cualquier m\u00ednima \u00e9tica por su parte, todo lo que est\u00e1 a su alrededor se ha acabado descomponendo\u00bb, ha dicho.<\/p>\n<p>Por eso ha pedido a S\u00e1nchez que asuma su \u00abresponsabilidad pol\u00edtica\u00bb, porque \u00abni su gobierno, ni su entorno ni su partido habr\u00edan podido incurrir en comportamientos tan indignos si \u00e9l mismo no hubiera actuado con una amoralidad total\u00bb. \u00abCuando todos los que lo impulsaron entran en la c\u00e1rcel, S\u00e1nchez tiene que salir del palacio de la Moncloa\u00bb, ha dicho.<\/p>\n","protected":false},"excerpt":{"rendered":"<p>El l\u00edder del PP, Alberto N\u00fa\u00f1ez Feij\u00f3o, ha convocado una concentraci\u00f3n \u00ababierta y c\u00edvica\u00bb contra \u00ablos corruptos y todos los que los sostienen\u00bb este domingo a las 12 h en el Templo de Debod de Madrid. Es la primera reacci\u00f3n del PP al encarcelamiento del exsecretario de Organizaci\u00f3n y exministro de Transportes Jos\u00e9 Luis \u00c1balos &#8230; <a title=\"Feij\u00f3o convoca concentraci\u00f3n \u00ababierta y c\u00edvica\u00bb contra \u00ablos corruptos y todos los que los sostienen\u00bb domingo en Madrid\" class=\"read-more\" href=\"https:\/\/www.eltriangle.eu\/es\/2025\/11\/27\/feijoo-convoca-concentracion-abierta-y-civica-contra-los-corruptos-y-todos-los-que-los-sostienen-domingo-en-madrid\/\" aria-label=\"Leer m\u00e1s sobre Feij\u00f3o convoca concentraci\u00f3n \u00ababierta y c\u00edvica\u00bb contra \u00ablos corruptos y todos los que los sostienen\u00bb domingo en Madrid\">Leer m\u00e1s<\/a><\/p>\n","protected":false},"author":97,"featured_media":265656,"comment_status":"open","ping_status":"closed","sticky":false,"template":"","format":"standard","meta":{"_acf_changed":false,"pmpro_default_level":"","footnotes":""},"categories":[24,76,74],"tags":[3821,905,455],"class_list":["post-348331","post","type-post","status-publish","format-standard","has-post-thumbnail","hentry","category-actualidad","category-en-la-calle","category-poderes","tag-alberto-nunez-feijoo-es-2","tag-jose-luis-abalos-es","tag-pedro-sanchez-es","lh_instant_articles-syndicate-yes","pmpro-has-access"],"acf":[],"yoast_head":"<!-- This site is optimized with the Yoast SEO plugin v27.4 - https:\/\/yoast.com\/product\/yoast-seo-wordpress\/ -->\n<title>Feij\u00f3o convoca concentraci\u00f3n &quot;abierta y c\u00edvica&quot; contra &quot;los corruptos y todos los que los sostienen&quot; domingo en Madrid - El Triangle<\/title>\n<meta name=\"description\" content=\"El l\u00edder del PP, Alberto N\u00fa\u00f1ez Feij\u00f3o, ha convocado una concentraci\u00f3n &quot;abierta y c\u00edvica&quot; contra &quot;los corruptos y todos los que los sostienen&quot; este domingo\" class=\"yoast-seo-meta-tag\" \/>\n<meta name=\"robots\" content=\"index, follow, max-snippet:-1, max-image-preview:large, max-video-preview:-1\" \/>\n<link rel=\"canonical\" href=\"https:\/\/www.eltriangle.eu\/es\/2025\/11\/27\/feijoo-convoca-concentracion-abierta-y-civica-contra-los-corruptos-y-todos-los-que-los-sostienen-domingo-en-madrid\/\" class=\"yoast-seo-meta-tag\" \/>\n<meta property=\"og:locale\" content=\"es_ES\" class=\"yoast-seo-meta-tag\" \/>\n<meta property=\"og:type\" content=\"article\" class=\"yoast-seo-meta-tag\" \/>\n<meta property=\"og:title\" content=\"Feij\u00f3o convoca concentraci\u00f3n &quot;abierta y c\u00edvica&quot; contra &quot;los corruptos y todos los que los sostienen&quot; domingo en Madrid - El Triangle\" class=\"yoast-seo-meta-tag\" \/>\n<meta property=\"og:description\" content=\"El l\u00edder del PP, Alberto N\u00fa\u00f1ez Feij\u00f3o, ha convocado una concentraci\u00f3n &quot;abierta y c\u00edvica&quot; contra &quot;los corruptos y todos los que los sostienen&quot; este domingo\" class=\"yoast-seo-meta-tag\" \/>\n<meta property=\"og:url\" content=\"https:\/\/www.eltriangle.eu\/es\/2025\/11\/27\/feijoo-convoca-concentracion-abierta-y-civica-contra-los-corruptos-y-todos-los-que-los-sostienen-domingo-en-madrid\/\" class=\"yoast-seo-meta-tag\" \/>\n<meta property=\"og:site_name\" content=\"El Triangle\" class=\"yoast-seo-meta-tag\" \/>\n<meta property=\"article:publisher\" content=\"https:\/\/www.facebook.com\/El-Triangle-Diari-101787399020302\" class=\"yoast-seo-meta-tag\" \/>\n<meta property=\"article:published_time\" content=\"2025-11-27T18:30:53+00:00\" class=\"yoast-seo-meta-tag\" \/>\n<meta property=\"article:modified_time\" content=\"2025-11-27T19:55:20+00:00\" class=\"yoast-seo-meta-tag\" \/>\n<meta property=\"og:image\" content=\"https:\/\/www.eltriangle.eu\/wp-content\/uploads\/2024\/06\/el-president-del-pp-alberto-nunez-feijoo-en-un-miting-a-barcelona-premsa-pp.jpg\" class=\"yoast-seo-meta-tag\" \/>\n\t<meta property=\"og:image:width\" content=\"1200\" class=\"yoast-seo-meta-tag\" \/>\n\t<meta property=\"og:image:height\" content=\"759\" class=\"yoast-seo-meta-tag\" \/>\n\t<meta property=\"og:image:type\" content=\"image\/jpeg\" class=\"yoast-seo-meta-tag\" \/>\n<meta name=\"author\" content=\"xavier\" class=\"yoast-seo-meta-tag\" \/>\n<meta name=\"twitter:card\" content=\"summary_large_image\" class=\"yoast-seo-meta-tag\" \/>\n<meta name=\"twitter:creator\" content=\"@El_Triangle\" class=\"yoast-seo-meta-tag\" \/>\n<meta name=\"twitter:site\" content=\"@El_Triangle\" class=\"yoast-seo-meta-tag\" \/>\n<meta name=\"twitter:label1\" content=\"Escrito por\" class=\"yoast-seo-meta-tag\" \/>\n\t<meta name=\"twitter:data1\" content=\"xavier\" class=\"yoast-seo-meta-tag\" \/>\n\t<meta name=\"twitter:label2\" content=\"Tiempo de lectura\" class=\"yoast-seo-meta-tag\" \/>\n\t<meta name=\"twitter:data2\" content=\"2 minutos\" class=\"yoast-seo-meta-tag\" \/>\n<script type=\"application\/ld+json\" class=\"yoast-schema-graph\">{\"@context\":\"https:\\\/\\\/schema.org\",\"@graph\":[{\"@type\":\"NewsArticle\",\"@id\":\"https:\\\/\\\/www.eltriangle.eu\\\/es\\\/2025\\\/11\\\/27\\\/feijoo-convoca-concentracion-abierta-y-civica-contra-los-corruptos-y-todos-los-que-los-sostienen-domingo-en-madrid\\\/#article\",\"isPartOf\":{\"@id\":\"https:\\\/\\\/www.eltriangle.eu\\\/es\\\/2025\\\/11\\\/27\\\/feijoo-convoca-concentracion-abierta-y-civica-contra-los-corruptos-y-todos-los-que-los-sostienen-domingo-en-madrid\\\/\"},\"author\":{\"name\":\"xavier\",\"@id\":\"https:\\\/\\\/www.eltriangle.eu\\\/es\\\/#\\\/schema\\\/person\\\/df9cb61ef0b061092c35cf7a8636dfc6\"},\"headline\":\"Feij\u00f3o convoca concentraci\u00f3n \u00ababierta y c\u00edvica\u00bb contra \u00ablos corruptos y todos los que los sostienen\u00bb domingo en Madrid\",\"datePublished\":\"2025-11-27T18:30:53+00:00\",\"dateModified\":\"2025-11-27T19:55:20+00:00\",\"mainEntityOfPage\":{\"@id\":\"https:\\\/\\\/www.eltriangle.eu\\\/es\\\/2025\\\/11\\\/27\\\/feijoo-convoca-concentracion-abierta-y-civica-contra-los-corruptos-y-todos-los-que-los-sostienen-domingo-en-madrid\\\/\"},\"wordCount\":427,\"commentCount\":0,\"publisher\":{\"@id\":\"https:\\\/\\\/www.eltriangle.eu\\\/es\\\/#organization\"},\"image\":{\"@id\":\"https:\\\/\\\/www.eltriangle.eu\\\/es\\\/2025\\\/11\\\/27\\\/feijoo-convoca-concentracion-abierta-y-civica-contra-los-corruptos-y-todos-los-que-los-sostienen-domingo-en-madrid\\\/#primaryimage\"},\"thumbnailUrl\":\"https:\\\/\\\/www.eltriangle.eu\\\/wp-content\\\/uploads\\\/2024\\\/06\\\/el-president-del-pp-alberto-nunez-feijoo-en-un-miting-a-barcelona-premsa-pp.jpg\",\"keywords\":[\"Alberto N\u00fa\u00f1ez Feij\u00f3o\",\"Jos\u00e9 Luis \u00c1balos\",\"Pedro S\u00e1nchez\"],\"articleSection\":[\"Actualidad\",\"En la calle\",\"Poderes\"],\"inLanguage\":\"es\",\"potentialAction\":[{\"@type\":\"CommentAction\",\"name\":\"Comment\",\"target\":[\"https:\\\/\\\/www.eltriangle.eu\\\/es\\\/2025\\\/11\\\/27\\\/feijoo-convoca-concentracion-abierta-y-civica-contra-los-corruptos-y-todos-los-que-los-sostienen-domingo-en-madrid\\\/#respond\"]}]},{\"@type\":\"WebPage\",\"@id\":\"https:\\\/\\\/www.eltriangle.eu\\\/es\\\/2025\\\/11\\\/27\\\/feijoo-convoca-concentracion-abierta-y-civica-contra-los-corruptos-y-todos-los-que-los-sostienen-domingo-en-madrid\\\/\",\"url\":\"https:\\\/\\\/www.eltriangle.eu\\\/es\\\/2025\\\/11\\\/27\\\/feijoo-convoca-concentracion-abierta-y-civica-contra-los-corruptos-y-todos-los-que-los-sostienen-domingo-en-madrid\\\/\",\"name\":\"Feij\u00f3o convoca concentraci\u00f3n \\\"abierta y c\u00edvica\\\" contra \\\"los corruptos y todos los que los sostienen\\\" domingo en Madrid - El Triangle\",\"isPartOf\":{\"@id\":\"https:\\\/\\\/www.eltriangle.eu\\\/es\\\/#website\"},\"primaryImageOfPage\":{\"@id\":\"https:\\\/\\\/www.eltriangle.eu\\\/es\\\/2025\\\/11\\\/27\\\/feijoo-convoca-concentracion-abierta-y-civica-contra-los-corruptos-y-todos-los-que-los-sostienen-domingo-en-madrid\\\/#primaryimage\"},\"image\":{\"@id\":\"https:\\\/\\\/www.eltriangle.eu\\\/es\\\/2025\\\/11\\\/27\\\/feijoo-convoca-concentracion-abierta-y-civica-contra-los-corruptos-y-todos-los-que-los-sostienen-domingo-en-madrid\\\/#primaryimage\"},\"thumbnailUrl\":\"https:\\\/\\\/www.eltriangle.eu\\\/wp-content\\\/uploads\\\/2024\\\/06\\\/el-president-del-pp-alberto-nunez-feijoo-en-un-miting-a-barcelona-premsa-pp.jpg\",\"datePublished\":\"2025-11-27T18:30:53+00:00\",\"dateModified\":\"2025-11-27T19:55:20+00:00\",\"description\":\"El l\u00edder del PP, Alberto N\u00fa\u00f1ez Feij\u00f3o, ha convocado una concentraci\u00f3n \\\"abierta y c\u00edvica\\\" contra \\\"los corruptos y todos los que los sostienen\\\" este domingo\",\"breadcrumb\":{\"@id\":\"https:\\\/\\\/www.eltriangle.eu\\\/es\\\/2025\\\/11\\\/27\\\/feijoo-convoca-concentracion-abierta-y-civica-contra-los-corruptos-y-todos-los-que-los-sostienen-domingo-en-madrid\\\/#breadcrumb\"},\"inLanguage\":\"es\",\"potentialAction\":[{\"@type\":\"ReadAction\",\"target\":[\"https:\\\/\\\/www.eltriangle.eu\\\/es\\\/2025\\\/11\\\/27\\\/feijoo-convoca-concentracion-abierta-y-civica-contra-los-corruptos-y-todos-los-que-los-sostienen-domingo-en-madrid\\\/\"]}]},{\"@type\":\"ImageObject\",\"inLanguage\":\"es\",\"@id\":\"https:\\\/\\\/www.eltriangle.eu\\\/es\\\/2025\\\/11\\\/27\\\/feijoo-convoca-concentracion-abierta-y-civica-contra-los-corruptos-y-todos-los-que-los-sostienen-domingo-en-madrid\\\/#primaryimage\",\"url\":\"https:\\\/\\\/www.eltriangle.eu\\\/wp-content\\\/uploads\\\/2024\\\/06\\\/el-president-del-pp-alberto-nunez-feijoo-en-un-miting-a-barcelona-premsa-pp.jpg\",\"contentUrl\":\"https:\\\/\\\/www.eltriangle.eu\\\/wp-content\\\/uploads\\\/2024\\\/06\\\/el-president-del-pp-alberto-nunez-feijoo-en-un-miting-a-barcelona-premsa-pp.jpg\",\"width\":1200,\"height\":759,\"caption\":\"El presidente del PP, Alberto N\u00fa\u00f1ez Feij\u00f3o, en un mitin en Barcelona (Prensa PP)\"},{\"@type\":\"BreadcrumbList\",\"@id\":\"https:\\\/\\\/www.eltriangle.eu\\\/es\\\/2025\\\/11\\\/27\\\/feijoo-convoca-concentracion-abierta-y-civica-contra-los-corruptos-y-todos-los-que-los-sostienen-domingo-en-madrid\\\/#breadcrumb\",\"itemListElement\":[{\"@type\":\"ListItem\",\"position\":1,\"name\":\"Portada\",\"item\":\"https:\\\/\\\/www.eltriangle.eu\\\/es\\\/\"},{\"@type\":\"ListItem\",\"position\":2,\"name\":\"Feij\u00f3o convoca concentraci\u00f3n &#8220;abierta y c\u00edvica&#8221; contra &#8220;los corruptos y todos los que los sostienen&#8221; domingo en Madrid\"}]},{\"@type\":\"WebSite\",\"@id\":\"https:\\\/\\\/www.eltriangle.eu\\\/es\\\/#website\",\"url\":\"https:\\\/\\\/www.eltriangle.eu\\\/es\\\/\",\"name\":\"El Triangle\",\"description\":\"El Triangle \u00e9s un Diari d&#039;informaci\u00f3 general, editat a Catalunya i escrit en llengua catalana, especialitzat en investigaci\u00f3 period\u00edstica\",\"publisher\":{\"@id\":\"https:\\\/\\\/www.eltriangle.eu\\\/es\\\/#organization\"},\"potentialAction\":[{\"@type\":\"SearchAction\",\"target\":{\"@type\":\"EntryPoint\",\"urlTemplate\":\"https:\\\/\\\/www.eltriangle.eu\\\/es\\\/?s={search_term_string}\"},\"query-input\":{\"@type\":\"PropertyValueSpecification\",\"valueRequired\":true,\"valueName\":\"search_term_string\"}}],\"inLanguage\":\"es\"},{\"@type\":[\"Organization\",\"NewsMediaOrganization\"],\"@id\":\"https:\\\/\\\/www.eltriangle.eu\\\/es\\\/#organization\",\"name\":\"El Triangle\",\"url\":\"https:\\\/\\\/www.eltriangle.eu\\\/es\\\/\",\"logo\":{\"@type\":\"ImageObject\",\"inLanguage\":\"es\",\"@id\":\"https:\\\/\\\/www.eltriangle.eu\\\/es\\\/#\\\/schema\\\/logo\\\/image\\\/\",\"url\":\"https:\\\/\\\/www.eltriangle.eu\\\/wp-content\\\/uploads\\\/2020\\\/11\\\/triangle_logo-ajustado.jpg\",\"contentUrl\":\"https:\\\/\\\/www.eltriangle.eu\\\/wp-content\\\/uploads\\\/2020\\\/11\\\/triangle_logo-ajustado.jpg\",\"width\":521,\"height\":92,\"caption\":\"El Triangle\"},\"image\":{\"@id\":\"https:\\\/\\\/www.eltriangle.eu\\\/es\\\/#\\\/schema\\\/logo\\\/image\\\/\"},\"sameAs\":[\"https:\\\/\\\/www.facebook.com\\\/El-Triangle-Diari-101787399020302\",\"https:\\\/\\\/x.com\\\/El_Triangle\",\"https:\\\/\\\/www.youtube.com\\\/channel\\\/UCTIjmYEMYSpdGonuAgNhbcg\"]},{\"@type\":\"Person\",\"@id\":\"https:\\\/\\\/www.eltriangle.eu\\\/es\\\/#\\\/schema\\\/person\\\/df9cb61ef0b061092c35cf7a8636dfc6\",\"name\":\"xavier\",\"image\":{\"@type\":\"ImageObject\",\"inLanguage\":\"es\",\"@id\":\"\\\/\\\/www.gravatar.com\\\/avatar\\\/70cc50ebe4287089b363a6a3c8fa3e72?s=96&#038;r=g&#038;d=mm\",\"url\":\"\\\/\\\/www.gravatar.com\\\/avatar\\\/70cc50ebe4287089b363a6a3c8fa3e72?s=96&#038;r=g&#038;d=mm\",\"contentUrl\":\"\\\/\\\/www.gravatar.com\\\/avatar\\\/70cc50ebe4287089b363a6a3c8fa3e72?s=96&#038;r=g&#038;d=mm\",\"caption\":\"xavier\"},\"url\":\"https:\\\/\\\/www.eltriangle.eu\\\/es\\\/author\\\/xavier\\\/\"},{\"@type\":\"SiteNavigationElement\",\"@id\":\"https:\\\/\\\/www.eltriangle.eu\\\/es\\\/#site-navigation\",\"cssSelector\":[\".cib-main-menu\"]},{\"@type\":\"WPHeader\",\"@id\":\"https:\\\/\\\/www.eltriangle.eu\\\/es\\\/#header\",\"cssSelector\":[\".cib-header\"]},{\"@type\":\"WPFooter\",\"@id\":\"https:\\\/\\\/www.eltriangle.eu\\\/es\\\/#footer\",\"cssSelector\":[\".cib-footer\"]}]}<\/script>\n<!-- \/ Yoast SEO plugin. -->","yoast_head_json":{"title":"Feij\u00f3o convoca concentraci\u00f3n \"abierta y c\u00edvica\" contra \"los corruptos y todos los que los sostienen\" domingo en Madrid - El Triangle","description":"El l\u00edder del PP, Alberto N\u00fa\u00f1ez Feij\u00f3o, ha convocado una concentraci\u00f3n \"abierta y c\u00edvica\" contra \"los corruptos y todos los que los sostienen\" este domingo","robots":{"index":"index","follow":"follow","max-snippet":"max-snippet:-1","max-image-preview":"max-image-preview:large","max-video-preview":"max-video-preview:-1"},"canonical":"https:\/\/www.eltriangle.eu\/es\/2025\/11\/27\/feijoo-convoca-concentracion-abierta-y-civica-contra-los-corruptos-y-todos-los-que-los-sostienen-domingo-en-madrid\/","og_locale":"es_ES","og_type":"article","og_title":"Feij\u00f3o convoca concentraci\u00f3n \"abierta y c\u00edvica\" contra \"los corruptos y todos los que los sostienen\" domingo en Madrid - El Triangle","og_description":"El l\u00edder del PP, Alberto N\u00fa\u00f1ez Feij\u00f3o, ha convocado una concentraci\u00f3n \"abierta y c\u00edvica\" contra \"los corruptos y todos los que los sostienen\" este domingo","og_url":"https:\/\/www.eltriangle.eu\/es\/2025\/11\/27\/feijoo-convoca-concentracion-abierta-y-civica-contra-los-corruptos-y-todos-los-que-los-sostienen-domingo-en-madrid\/","og_site_name":"El Triangle","article_publisher":"https:\/\/www.facebook.com\/El-Triangle-Diari-101787399020302","article_published_time":"2025-11-27T18:30:53+00:00","article_modified_time":"2025-11-27T19:55:20+00:00","og_image":[{"width":1200,"height":759,"url":"https:\/\/www.eltriangle.eu\/wp-content\/uploads\/2024\/06\/el-president-del-pp-alberto-nunez-feijoo-en-un-miting-a-barcelona-premsa-pp.jpg","type":"image\/jpeg"}],"author":"xavier","twitter_card":"summary_large_image","twitter_creator":"@El_Triangle","twitter_site":"@El_Triangle","twitter_misc":{"Escrito por":"xavier","Tiempo de lectura":"2 minutos"},"schema":{"@context":"https:\/\/schema.org","@graph":[{"@type":"NewsArticle","@id":"https:\/\/www.eltriangle.eu\/es\/2025\/11\/27\/feijoo-convoca-concentracion-abierta-y-civica-contra-los-corruptos-y-todos-los-que-los-sostienen-domingo-en-madrid\/#article","isPartOf":{"@id":"https:\/\/www.eltriangle.eu\/es\/2025\/11\/27\/feijoo-convoca-concentracion-abierta-y-civica-contra-los-corruptos-y-todos-los-que-los-sostienen-domingo-en-madrid\/"},"author":{"name":"xavier","@id":"https:\/\/www.eltriangle.eu\/es\/#\/schema\/person\/df9cb61ef0b061092c35cf7a8636dfc6"},"headline":"Feij\u00f3o convoca concentraci\u00f3n \u00ababierta y c\u00edvica\u00bb contra \u00ablos corruptos y todos los que los sostienen\u00bb domingo en Madrid","datePublished":"2025-11-27T18:30:53+00:00","dateModified":"2025-11-27T19:55:20+00:00","mainEntityOfPage":{"@id":"https:\/\/www.eltriangle.eu\/es\/2025\/11\/27\/feijoo-convoca-concentracion-abierta-y-civica-contra-los-corruptos-y-todos-los-que-los-sostienen-domingo-en-madrid\/"},"wordCount":427,"commentCount":0,"publisher":{"@id":"https:\/\/www.eltriangle.eu\/es\/#organization"},"image":{"@id":"https:\/\/www.eltriangle.eu\/es\/2025\/11\/27\/feijoo-convoca-concentracion-abierta-y-civica-contra-los-corruptos-y-todos-los-que-los-sostienen-domingo-en-madrid\/#primaryimage"},"thumbnailUrl":"https:\/\/www.eltriangle.eu\/wp-content\/uploads\/2024\/06\/el-president-del-pp-alberto-nunez-feijoo-en-un-miting-a-barcelona-premsa-pp.jpg","keywords":["Alberto N\u00fa\u00f1ez Feij\u00f3o","Jos\u00e9 Luis \u00c1balos","Pedro S\u00e1nchez"],"articleSection":["Actualidad","En la calle","Poderes"],"inLanguage":"es","potentialAction":[{"@type":"CommentAction","name":"Comment","target":["https:\/\/www.eltriangle.eu\/es\/2025\/11\/27\/feijoo-convoca-concentracion-abierta-y-civica-contra-los-corruptos-y-todos-los-que-los-sostienen-domingo-en-madrid\/#respond"]}]},{"@type":"WebPage","@id":"https:\/\/www.eltriangle.eu\/es\/2025\/11\/27\/feijoo-convoca-concentracion-abierta-y-civica-contra-los-corruptos-y-todos-los-que-los-sostienen-domingo-en-madrid\/","url":"https:\/\/www.eltriangle.eu\/es\/2025\/11\/27\/feijoo-convoca-concentracion-abierta-y-civica-contra-los-corruptos-y-todos-los-que-los-sostienen-domingo-en-madrid\/","name":"Feij\u00f3o convoca concentraci\u00f3n \"abierta y c\u00edvica\" contra \"los corruptos y todos los que los sostienen\" domingo en Madrid - El Triangle","isPartOf":{"@id":"https:\/\/www.eltriangle.eu\/es\/#website"},"primaryImageOfPage":{"@id":"https:\/\/www.eltriangle.eu\/es\/2025\/11\/27\/feijoo-convoca-concentracion-abierta-y-civica-contra-los-corruptos-y-todos-los-que-los-sostienen-domingo-en-madrid\/#primaryimage"},"image":{"@id":"https:\/\/www.eltriangle.eu\/es\/2025\/11\/27\/feijoo-convoca-concentracion-abierta-y-civica-contra-los-corruptos-y-todos-los-que-los-sostienen-domingo-en-madrid\/#primaryimage"},"thumbnailUrl":"https:\/\/www.eltriangle.eu\/wp-content\/uploads\/2024\/06\/el-president-del-pp-alberto-nunez-feijoo-en-un-miting-a-barcelona-premsa-pp.jpg","datePublished":"2025-11-27T18:30:53+00:00","dateModified":"2025-11-27T19:55:20+00:00","description":"El l\u00edder del PP, Alberto N\u00fa\u00f1ez Feij\u00f3o, ha convocado una concentraci\u00f3n \"abierta y c\u00edvica\" contra \"los corruptos y todos los que los sostienen\" este domingo","breadcrumb":{"@id":"https:\/\/www.eltriangle.eu\/es\/2025\/11\/27\/feijoo-convoca-concentracion-abierta-y-civica-contra-los-corruptos-y-todos-los-que-los-sostienen-domingo-en-madrid\/#breadcrumb"},"inLanguage":"es","potentialAction":[{"@type":"ReadAction","target":["https:\/\/www.eltriangle.eu\/es\/2025\/11\/27\/feijoo-convoca-concentracion-abierta-y-civica-contra-los-corruptos-y-todos-los-que-los-sostienen-domingo-en-madrid\/"]}]},{"@type":"ImageObject","inLanguage":"es","@id":"https:\/\/www.eltriangle.eu\/es\/2025\/11\/27\/feijoo-convoca-concentracion-abierta-y-civica-contra-los-corruptos-y-todos-los-que-los-sostienen-domingo-en-madrid\/#primaryimage","url":"https:\/\/www.eltriangle.eu\/wp-content\/uploads\/2024\/06\/el-president-del-pp-alberto-nunez-feijoo-en-un-miting-a-barcelona-premsa-pp.jpg","contentUrl":"https:\/\/www.eltriangle.eu\/wp-content\/uploads\/2024\/06\/el-president-del-pp-alberto-nunez-feijoo-en-un-miting-a-barcelona-premsa-pp.jpg","width":1200,"height":759,"caption":"El presidente del PP, Alberto N\u00fa\u00f1ez Feij\u00f3o, en un mitin en Barcelona (Prensa PP)"},{"@type":"BreadcrumbList","@id":"https:\/\/www.eltriangle.eu\/es\/2025\/11\/27\/feijoo-convoca-concentracion-abierta-y-civica-contra-los-corruptos-y-todos-los-que-los-sostienen-domingo-en-madrid\/#breadcrumb","itemListElement":[{"@type":"ListItem","position":1,"name":"Portada","item":"https:\/\/www.eltriangle.eu\/es\/"},{"@type":"ListItem","position":2,"name":"Feij\u00f3o convoca concentraci\u00f3n &#8220;abierta y c\u00edvica&#8221; contra &#8220;los corruptos y todos los que los sostienen&#8221; domingo en Madrid"}]},{"@type":"WebSite","@id":"https:\/\/www.eltriangle.eu\/es\/#website","url":"https:\/\/www.eltriangle.eu\/es\/","name":"El Triangle","description":"El Triangle \u00e9s un Diari d&#039;informaci\u00f3 general, editat a Catalunya i escrit en llengua catalana, especialitzat en investigaci\u00f3 period\u00edstica","publisher":{"@id":"https:\/\/www.eltriangle.eu\/es\/#organization"},"potentialAction":[{"@type":"SearchAction","target":{"@type":"EntryPoint","urlTemplate":"https:\/\/www.eltriangle.eu\/es\/?s={search_term_string}"},"query-input":{"@type":"PropertyValueSpecification","valueRequired":true,"valueName":"search_term_string"}}],"inLanguage":"es"},{"@type":["Organization","NewsMediaOrganization"],"@id":"https:\/\/www.eltriangle.eu\/es\/#organization","name":"El Triangle","url":"https:\/\/www.eltriangle.eu\/es\/","logo":{"@type":"ImageObject","inLanguage":"es","@id":"https:\/\/www.eltriangle.eu\/es\/#\/schema\/logo\/image\/","url":"https:\/\/www.eltriangle.eu\/wp-content\/uploads\/2020\/11\/triangle_logo-ajustado.jpg","contentUrl":"https:\/\/www.eltriangle.eu\/wp-content\/uploads\/2020\/11\/triangle_logo-ajustado.jpg","width":521,"height":92,"caption":"El Triangle"},"image":{"@id":"https:\/\/www.eltriangle.eu\/es\/#\/schema\/logo\/image\/"},"sameAs":["https:\/\/www.facebook.com\/El-Triangle-Diari-101787399020302","https:\/\/x.com\/El_Triangle","https:\/\/www.youtube.com\/channel\/UCTIjmYEMYSpdGonuAgNhbcg"]},{"@type":"Person","@id":"https:\/\/www.eltriangle.eu\/es\/#\/schema\/person\/df9cb61ef0b061092c35cf7a8636dfc6","name":"xavier","image":{"@type":"ImageObject","inLanguage":"es","@id":"\/\/www.gravatar.com\/avatar\/70cc50ebe4287089b363a6a3c8fa3e72?s=96&#038;r=g&#038;d=mm","url":"\/\/www.gravatar.com\/avatar\/70cc50ebe4287089b363a6a3c8fa3e72?s=96&#038;r=g&#038;d=mm","contentUrl":"\/\/www.gravatar.com\/avatar\/70cc50ebe4287089b363a6a3c8fa3e72?s=96&#038;r=g&#038;d=mm","caption":"xavier"},"url":"https:\/\/www.eltriangle.eu\/es\/author\/xavier\/"},{"@type":"SiteNavigationElement","@id":"https:\/\/www.eltriangle.eu\/es\/#site-navigation","cssSelector":[".cib-main-menu"]},{"@type":"WPHeader","@id":"https:\/\/www.eltriangle.eu\/es\/#header","cssSelector":[".cib-header"]},{"@type":"WPFooter","@id":"https:\/\/www.eltriangle.eu\/es\/#footer","cssSelector":[".cib-footer"]}]}},"amp_enabled":true,"_links":{"self":[{"href":"https:\/\/www.eltriangle.eu\/es\/wp-json\/wp\/v2\/posts\/348331","targetHints":{"allow":["GET"]}}],"collection":[{"href":"https:\/\/www.eltriangle.eu\/es\/wp-json\/wp\/v2\/posts"}],"about":[{"href":"https:\/\/www.eltriangle.eu\/es\/wp-json\/wp\/v2\/types\/post"}],"author":[{"embeddable":true,"href":"https:\/\/www.eltriangle.eu\/es\/wp-json\/wp\/v2\/users\/97"}],"replies":[{"embeddable":true,"href":"https:\/\/www.eltriangle.eu\/es\/wp-json\/wp\/v2\/comments?post=348331"}],"version-history":[{"count":0,"href":"https:\/\/www.eltriangle.eu\/es\/wp-json\/wp\/v2\/posts\/348331\/revisions"}],"wp:featuredmedia":[{"embeddable":true,"href":"https:\/\/www.eltriangle.eu\/es\/wp-json\/wp\/v2\/media\/265656"}],"wp:attachment":[{"href":"https:\/\/www.eltriangle.eu\/es\/wp-json\/wp\/v2\/media?parent=348331"}],"wp:term":[{"taxonomy":"category","embeddable":true,"href":"https:\/\/www.eltriangle.eu\/es\/wp-json\/wp\/v2\/categories?post=348331"},{"taxonomy":"post_tag","embeddable":true,"href":"https:\/\/www.eltriangle.eu\/es\/wp-json\/wp\/v2\/tags?post=348331"}],"curies":[{"name":"wp","href":"https:\/\/api.w.org\/{rel}","templated":true}]}}