{"id":348274,"date":"2025-11-27T15:00:38","date_gmt":"2025-11-27T14:00:38","guid":{"rendered":null},"modified":"2025-11-27T16:40:38","modified_gmt":"2025-11-27T15:40:38","slug":"pp-y-vox-rechazan-en-el-congreso-la-propuesta-de-investigar-malos-tratos-a-la-mili-de-los-80-y-90","status":"publish","type":"post","link":"https:\/\/www.eltriangle.eu\/es\/2025\/11\/27\/pp-y-vox-rechazan-en-el-congreso-la-propuesta-de-investigar-malos-tratos-a-la-mili-de-los-80-y-90\/","title":{"rendered":"PP y Vox rechazan en el Congreso la propuesta de investigar malos tratos a la &#8216;mili&#8217; de los 80 y 90"},"content":{"rendered":"<p>El <strong>PSOE<\/strong> ha votado este jueves, en la <strong>Comisi\u00f3n de Defensa del Congreso de los Diputados<\/strong>, a favor de una iniciativa de <strong>ERC<\/strong> para instar al <strong>Gobierno de Espa\u00f1a<\/strong> a abrir una investigaci\u00f3n exhaustiva e independiente sobre los casos documentados de <strong>vejaciones, malos tratos y acosos en cuarteles militares durante las d\u00e9cadas<\/strong> de 1980 y 1990. La iniciativa, sin embargo, no ha prosperado por <strong>la negativa de PP y Vox<\/strong>.<\/p>\n<p>Su impulsor ha sido el diputado de ERC<strong> Francesc-Marc \u00c1lvaro<\/strong> y parte de la investigaci\u00f3n del documental de TV3 <em>Et faran un hombre<\/em>, que se hizo eco de los abusos a miles de j\u00f3venes, catalanes y de otros territorios, mientras hac\u00edan el servicio militar. Hasta ahora, el ejecutivo espa\u00f1ol hab\u00eda cerrado la puerta a esta investigaci\u00f3n, aduciendo el tiempo que ha pasado desde que tuvieron lugar los hechos.<\/p>\n<p>Durante el debate, \u00c1lvaro ha recordado que los casos documentados evidencian la existencia de un \u00ab<strong>patr\u00f3n de impunidad y negligencia institucional<\/strong> por parte de las autoridades militares y civiles con consecuencias devastadoras para las v\u00edctimas y sus familias\u00bb. El representante de ERC, adem\u00e1s, ha indicado que el Ministerio de Defensa reconoce que se contabilizaron<strong> 300 suicidios en las fuerzas armadas entre los a\u00f1os 1983 y 2001<\/strong>, y ha a\u00f1adido que \u00ablas cifras reales ser\u00edan mucho m\u00e1s altas\u00bb.<\/p>\n<p>El PSOE, en cambio, ha votado en contra de dos puntos de la misma iniciativa que ped\u00edan un reconocimiento p\u00fablico de las v\u00edctimas y la identificaci\u00f3n de los responsables, adem\u00e1s de establecer mecanismos de reparaci\u00f3n moral y econ\u00f3mica, incluyendo asistencia jur\u00eddica gratuita y apoyo psicol\u00f3gico.<\/p>\n","protected":false},"excerpt":{"rendered":"<p>El PSOE ha votado este jueves, en la Comisi\u00f3n de Defensa del Congreso de los Diputados, a favor de una iniciativa de ERC para instar al Gobierno de Espa\u00f1a a abrir una investigaci\u00f3n exhaustiva e independiente sobre los casos documentados de vejaciones, malos tratos y acosos en cuarteles militares durante las d\u00e9cadas de 1980 y &#8230; <a title=\"PP y Vox rechazan en el Congreso la propuesta de investigar malos tratos a la &#8216;mili&#8217; de los 80 y 90\" class=\"read-more\" href=\"https:\/\/www.eltriangle.eu\/es\/2025\/11\/27\/pp-y-vox-rechazan-en-el-congreso-la-propuesta-de-investigar-malos-tratos-a-la-mili-de-los-80-y-90\/\" aria-label=\"Leer m\u00e1s sobre PP y Vox rechazan en el Congreso la propuesta de investigar malos tratos a la &#8216;mili&#8217; de los 80 y 90\">Leer m\u00e1s<\/a><\/p>\n","protected":false},"author":2,"featured_media":348271,"comment_status":"open","ping_status":"closed","sticky":false,"template":"","format":"standard","meta":{"_acf_changed":false,"pmpro_default_level":"","footnotes":""},"categories":[24,74],"tags":[5401,474,4732],"class_list":["post-348274","post","type-post","status-publish","format-standard","has-post-thumbnail","hentry","category-actualidad","category-poderes","tag-agresiones-sexuales","tag-ejercito","tag-fuerzas-armadas","lh_instant_articles-syndicate-yes","pmpro-has-access"],"acf":[],"yoast_head":"<!-- This site is optimized with the Yoast SEO plugin v27.4 - https:\/\/yoast.com\/product\/yoast-seo-wordpress\/ -->\n<title>PP y Vox rechazan en el Congreso la propuesta de investigar malos tratos a la &#039;mili&#039; de los 80 y 90 - El Triangle<\/title>\n<meta name=\"description\" content=\"El PSOE ha votado este jueves, en la Comisi\u00f3n de Defensa del Congreso de los Diputados, a favor de una iniciativa de ERC para instar al Gobierno de Espa\u00f1a\" class=\"yoast-seo-meta-tag\" \/>\n<meta name=\"robots\" content=\"index, follow, max-snippet:-1, max-image-preview:large, max-video-preview:-1\" \/>\n<link rel=\"canonical\" href=\"https:\/\/www.eltriangle.eu\/es\/2025\/11\/27\/pp-y-vox-rechazan-en-el-congreso-la-propuesta-de-investigar-malos-tratos-a-la-mili-de-los-80-y-90\/\" class=\"yoast-seo-meta-tag\" \/>\n<meta property=\"og:locale\" content=\"es_ES\" class=\"yoast-seo-meta-tag\" \/>\n<meta property=\"og:type\" content=\"article\" class=\"yoast-seo-meta-tag\" \/>\n<meta property=\"og:title\" content=\"PP y Vox rechazan en el Congreso la propuesta de investigar malos tratos a la &#039;mili&#039; de los 80 y 90 - El Triangle\" class=\"yoast-seo-meta-tag\" \/>\n<meta property=\"og:description\" content=\"El PSOE ha votado este jueves, en la Comisi\u00f3n de Defensa del Congreso de los Diputados, a favor de una iniciativa de ERC para instar al Gobierno de Espa\u00f1a\" class=\"yoast-seo-meta-tag\" \/>\n<meta property=\"og:url\" content=\"https:\/\/www.eltriangle.eu\/es\/2025\/11\/27\/pp-y-vox-rechazan-en-el-congreso-la-propuesta-de-investigar-malos-tratos-a-la-mili-de-los-80-y-90\/\" class=\"yoast-seo-meta-tag\" \/>\n<meta property=\"og:site_name\" content=\"El Triangle\" class=\"yoast-seo-meta-tag\" \/>\n<meta property=\"article:publisher\" content=\"https:\/\/www.facebook.com\/El-Triangle-Diari-101787399020302\" class=\"yoast-seo-meta-tag\" \/>\n<meta property=\"article:published_time\" content=\"2025-11-27T14:00:38+00:00\" class=\"yoast-seo-meta-tag\" \/>\n<meta property=\"article:modified_time\" content=\"2025-11-27T15:40:38+00:00\" class=\"yoast-seo-meta-tag\" \/>\n<meta property=\"og:image\" content=\"https:\/\/www.eltriangle.eu\/wp-content\/uploads\/2025\/11\/La-Comissio-de-Defensa-Congres-dels-Diputats.jpg\" class=\"yoast-seo-meta-tag\" \/>\n\t<meta property=\"og:image:width\" content=\"1245\" class=\"yoast-seo-meta-tag\" \/>\n\t<meta property=\"og:image:height\" content=\"703\" class=\"yoast-seo-meta-tag\" \/>\n\t<meta property=\"og:image:type\" content=\"image\/jpeg\" class=\"yoast-seo-meta-tag\" \/>\n<meta name=\"author\" content=\"Redacci\u00f3n\" class=\"yoast-seo-meta-tag\" \/>\n<meta name=\"twitter:card\" content=\"summary_large_image\" class=\"yoast-seo-meta-tag\" \/>\n<meta name=\"twitter:creator\" content=\"@El_Triangle\" class=\"yoast-seo-meta-tag\" \/>\n<meta name=\"twitter:site\" content=\"@El_Triangle\" class=\"yoast-seo-meta-tag\" \/>\n<meta name=\"twitter:label1\" content=\"Escrito por\" class=\"yoast-seo-meta-tag\" \/>\n\t<meta name=\"twitter:data1\" content=\"Redacci\u00f3n\" class=\"yoast-seo-meta-tag\" \/>\n\t<meta name=\"twitter:label2\" content=\"Tiempo de lectura\" class=\"yoast-seo-meta-tag\" \/>\n\t<meta name=\"twitter:data2\" content=\"1 minuto\" class=\"yoast-seo-meta-tag\" \/>\n<script type=\"application\/ld+json\" class=\"yoast-schema-graph\">{\"@context\":\"https:\\\/\\\/schema.org\",\"@graph\":[{\"@type\":\"NewsArticle\",\"@id\":\"https:\\\/\\\/www.eltriangle.eu\\\/es\\\/2025\\\/11\\\/27\\\/pp-y-vox-rechazan-en-el-congreso-la-propuesta-de-investigar-malos-tratos-a-la-mili-de-los-80-y-90\\\/#article\",\"isPartOf\":{\"@id\":\"https:\\\/\\\/www.eltriangle.eu\\\/es\\\/2025\\\/11\\\/27\\\/pp-y-vox-rechazan-en-el-congreso-la-propuesta-de-investigar-malos-tratos-a-la-mili-de-los-80-y-90\\\/\"},\"author\":{\"name\":\"Redacci\u00f3n\",\"@id\":\"https:\\\/\\\/www.eltriangle.eu\\\/es\\\/#\\\/schema\\\/person\\\/164a138451b4f28d35c3f5984dac8e18\"},\"headline\":\"PP y Vox rechazan en el Congreso la propuesta de investigar malos tratos a la &#8216;mili&#8217; de los 80 y 90\",\"datePublished\":\"2025-11-27T14:00:38+00:00\",\"dateModified\":\"2025-11-27T15:40:38+00:00\",\"mainEntityOfPage\":{\"@id\":\"https:\\\/\\\/www.eltriangle.eu\\\/es\\\/2025\\\/11\\\/27\\\/pp-y-vox-rechazan-en-el-congreso-la-propuesta-de-investigar-malos-tratos-a-la-mili-de-los-80-y-90\\\/\"},\"wordCount\":300,\"commentCount\":0,\"publisher\":{\"@id\":\"https:\\\/\\\/www.eltriangle.eu\\\/es\\\/#organization\"},\"image\":{\"@id\":\"https:\\\/\\\/www.eltriangle.eu\\\/es\\\/2025\\\/11\\\/27\\\/pp-y-vox-rechazan-en-el-congreso-la-propuesta-de-investigar-malos-tratos-a-la-mili-de-los-80-y-90\\\/#primaryimage\"},\"thumbnailUrl\":\"https:\\\/\\\/www.eltriangle.eu\\\/wp-content\\\/uploads\\\/2025\\\/11\\\/La-Comissio-de-Defensa-Congres-dels-Diputats.jpg\",\"keywords\":[\"agresiones sexuales\",\"Ej\u00e9rcito\",\"Fuerzas Armadas\"],\"articleSection\":[\"Actualidad\",\"Poderes\"],\"inLanguage\":\"es\",\"potentialAction\":[{\"@type\":\"CommentAction\",\"name\":\"Comment\",\"target\":[\"https:\\\/\\\/www.eltriangle.eu\\\/es\\\/2025\\\/11\\\/27\\\/pp-y-vox-rechazan-en-el-congreso-la-propuesta-de-investigar-malos-tratos-a-la-mili-de-los-80-y-90\\\/#respond\"]}]},{\"@type\":\"WebPage\",\"@id\":\"https:\\\/\\\/www.eltriangle.eu\\\/es\\\/2025\\\/11\\\/27\\\/pp-y-vox-rechazan-en-el-congreso-la-propuesta-de-investigar-malos-tratos-a-la-mili-de-los-80-y-90\\\/\",\"url\":\"https:\\\/\\\/www.eltriangle.eu\\\/es\\\/2025\\\/11\\\/27\\\/pp-y-vox-rechazan-en-el-congreso-la-propuesta-de-investigar-malos-tratos-a-la-mili-de-los-80-y-90\\\/\",\"name\":\"PP y Vox rechazan en el Congreso la propuesta de investigar malos tratos a la 'mili' de los 80 y 90 - El Triangle\",\"isPartOf\":{\"@id\":\"https:\\\/\\\/www.eltriangle.eu\\\/es\\\/#website\"},\"primaryImageOfPage\":{\"@id\":\"https:\\\/\\\/www.eltriangle.eu\\\/es\\\/2025\\\/11\\\/27\\\/pp-y-vox-rechazan-en-el-congreso-la-propuesta-de-investigar-malos-tratos-a-la-mili-de-los-80-y-90\\\/#primaryimage\"},\"image\":{\"@id\":\"https:\\\/\\\/www.eltriangle.eu\\\/es\\\/2025\\\/11\\\/27\\\/pp-y-vox-rechazan-en-el-congreso-la-propuesta-de-investigar-malos-tratos-a-la-mili-de-los-80-y-90\\\/#primaryimage\"},\"thumbnailUrl\":\"https:\\\/\\\/www.eltriangle.eu\\\/wp-content\\\/uploads\\\/2025\\\/11\\\/La-Comissio-de-Defensa-Congres-dels-Diputats.jpg\",\"datePublished\":\"2025-11-27T14:00:38+00:00\",\"dateModified\":\"2025-11-27T15:40:38+00:00\",\"description\":\"El PSOE ha votado este jueves, en la Comisi\u00f3n de Defensa del Congreso de los Diputados, a favor de una iniciativa de ERC para instar al Gobierno de Espa\u00f1a\",\"breadcrumb\":{\"@id\":\"https:\\\/\\\/www.eltriangle.eu\\\/es\\\/2025\\\/11\\\/27\\\/pp-y-vox-rechazan-en-el-congreso-la-propuesta-de-investigar-malos-tratos-a-la-mili-de-los-80-y-90\\\/#breadcrumb\"},\"inLanguage\":\"es\",\"potentialAction\":[{\"@type\":\"ReadAction\",\"target\":[\"https:\\\/\\\/www.eltriangle.eu\\\/es\\\/2025\\\/11\\\/27\\\/pp-y-vox-rechazan-en-el-congreso-la-propuesta-de-investigar-malos-tratos-a-la-mili-de-los-80-y-90\\\/\"]}]},{\"@type\":\"ImageObject\",\"inLanguage\":\"es\",\"@id\":\"https:\\\/\\\/www.eltriangle.eu\\\/es\\\/2025\\\/11\\\/27\\\/pp-y-vox-rechazan-en-el-congreso-la-propuesta-de-investigar-malos-tratos-a-la-mili-de-los-80-y-90\\\/#primaryimage\",\"url\":\"https:\\\/\\\/www.eltriangle.eu\\\/wp-content\\\/uploads\\\/2025\\\/11\\\/La-Comissio-de-Defensa-Congres-dels-Diputats.jpg\",\"contentUrl\":\"https:\\\/\\\/www.eltriangle.eu\\\/wp-content\\\/uploads\\\/2025\\\/11\\\/La-Comissio-de-Defensa-Congres-dels-Diputats.jpg\",\"width\":1245,\"height\":703,\"caption\":\"La Comissi\u00f3 de Defensa (Congr\u00e9s dels Diputats)\"},{\"@type\":\"BreadcrumbList\",\"@id\":\"https:\\\/\\\/www.eltriangle.eu\\\/es\\\/2025\\\/11\\\/27\\\/pp-y-vox-rechazan-en-el-congreso-la-propuesta-de-investigar-malos-tratos-a-la-mili-de-los-80-y-90\\\/#breadcrumb\",\"itemListElement\":[{\"@type\":\"ListItem\",\"position\":1,\"name\":\"Portada\",\"item\":\"https:\\\/\\\/www.eltriangle.eu\\\/es\\\/\"},{\"@type\":\"ListItem\",\"position\":2,\"name\":\"PP y Vox rechazan en el Congreso la propuesta de investigar malos tratos a la &#8216;mili&#8217; de los 80 y 90\"}]},{\"@type\":\"WebSite\",\"@id\":\"https:\\\/\\\/www.eltriangle.eu\\\/es\\\/#website\",\"url\":\"https:\\\/\\\/www.eltriangle.eu\\\/es\\\/\",\"name\":\"El Triangle\",\"description\":\"El Triangle \u00e9s un Diari d&#039;informaci\u00f3 general, editat a Catalunya i escrit en llengua catalana, especialitzat en investigaci\u00f3 period\u00edstica\",\"publisher\":{\"@id\":\"https:\\\/\\\/www.eltriangle.eu\\\/es\\\/#organization\"},\"potentialAction\":[{\"@type\":\"SearchAction\",\"target\":{\"@type\":\"EntryPoint\",\"urlTemplate\":\"https:\\\/\\\/www.eltriangle.eu\\\/es\\\/?s={search_term_string}\"},\"query-input\":{\"@type\":\"PropertyValueSpecification\",\"valueRequired\":true,\"valueName\":\"search_term_string\"}}],\"inLanguage\":\"es\"},{\"@type\":[\"Organization\",\"NewsMediaOrganization\"],\"@id\":\"https:\\\/\\\/www.eltriangle.eu\\\/es\\\/#organization\",\"name\":\"El Triangle\",\"url\":\"https:\\\/\\\/www.eltriangle.eu\\\/es\\\/\",\"logo\":{\"@type\":\"ImageObject\",\"inLanguage\":\"es\",\"@id\":\"https:\\\/\\\/www.eltriangle.eu\\\/es\\\/#\\\/schema\\\/logo\\\/image\\\/\",\"url\":\"https:\\\/\\\/www.eltriangle.eu\\\/wp-content\\\/uploads\\\/2020\\\/11\\\/triangle_logo-ajustado.jpg\",\"contentUrl\":\"https:\\\/\\\/www.eltriangle.eu\\\/wp-content\\\/uploads\\\/2020\\\/11\\\/triangle_logo-ajustado.jpg\",\"width\":521,\"height\":92,\"caption\":\"El Triangle\"},\"image\":{\"@id\":\"https:\\\/\\\/www.eltriangle.eu\\\/es\\\/#\\\/schema\\\/logo\\\/image\\\/\"},\"sameAs\":[\"https:\\\/\\\/www.facebook.com\\\/El-Triangle-Diari-101787399020302\",\"https:\\\/\\\/x.com\\\/El_Triangle\",\"https:\\\/\\\/www.youtube.com\\\/channel\\\/UCTIjmYEMYSpdGonuAgNhbcg\"]},{\"@type\":\"Person\",\"@id\":\"https:\\\/\\\/www.eltriangle.eu\\\/es\\\/#\\\/schema\\\/person\\\/164a138451b4f28d35c3f5984dac8e18\",\"name\":\"Redacci\u00f3n\",\"image\":{\"@type\":\"ImageObject\",\"inLanguage\":\"es\",\"@id\":\"\\\/\\\/www.gravatar.com\\\/avatar\\\/147263d1a435839b8405c79279bb6558?s=96&#038;r=g&#038;d=mm\",\"url\":\"\\\/\\\/www.gravatar.com\\\/avatar\\\/147263d1a435839b8405c79279bb6558?s=96&#038;r=g&#038;d=mm\",\"contentUrl\":\"\\\/\\\/www.gravatar.com\\\/avatar\\\/147263d1a435839b8405c79279bb6558?s=96&#038;r=g&#038;d=mm\",\"caption\":\"Redacci\u00f3n\"},\"url\":\"https:\\\/\\\/www.eltriangle.eu\\\/es\\\/author\\\/autor-1\\\/\"},{\"@type\":\"SiteNavigationElement\",\"@id\":\"https:\\\/\\\/www.eltriangle.eu\\\/es\\\/#site-navigation\",\"cssSelector\":[\".cib-main-menu\"]},{\"@type\":\"WPHeader\",\"@id\":\"https:\\\/\\\/www.eltriangle.eu\\\/es\\\/#header\",\"cssSelector\":[\".cib-header\"]},{\"@type\":\"WPFooter\",\"@id\":\"https:\\\/\\\/www.eltriangle.eu\\\/es\\\/#footer\",\"cssSelector\":[\".cib-footer\"]}]}<\/script>\n<!-- \/ Yoast SEO plugin. -->","yoast_head_json":{"title":"PP y Vox rechazan en el Congreso la propuesta de investigar malos tratos a la 'mili' de los 80 y 90 - El Triangle","description":"El PSOE ha votado este jueves, en la Comisi\u00f3n de Defensa del Congreso de los Diputados, a favor de una iniciativa de ERC para instar al Gobierno de Espa\u00f1a","robots":{"index":"index","follow":"follow","max-snippet":"max-snippet:-1","max-image-preview":"max-image-preview:large","max-video-preview":"max-video-preview:-1"},"canonical":"https:\/\/www.eltriangle.eu\/es\/2025\/11\/27\/pp-y-vox-rechazan-en-el-congreso-la-propuesta-de-investigar-malos-tratos-a-la-mili-de-los-80-y-90\/","og_locale":"es_ES","og_type":"article","og_title":"PP y Vox rechazan en el Congreso la propuesta de investigar malos tratos a la 'mili' de los 80 y 90 - El Triangle","og_description":"El PSOE ha votado este jueves, en la Comisi\u00f3n de Defensa del Congreso de los Diputados, a favor de una iniciativa de ERC para instar al Gobierno de Espa\u00f1a","og_url":"https:\/\/www.eltriangle.eu\/es\/2025\/11\/27\/pp-y-vox-rechazan-en-el-congreso-la-propuesta-de-investigar-malos-tratos-a-la-mili-de-los-80-y-90\/","og_site_name":"El Triangle","article_publisher":"https:\/\/www.facebook.com\/El-Triangle-Diari-101787399020302","article_published_time":"2025-11-27T14:00:38+00:00","article_modified_time":"2025-11-27T15:40:38+00:00","og_image":[{"width":1245,"height":703,"url":"https:\/\/www.eltriangle.eu\/wp-content\/uploads\/2025\/11\/La-Comissio-de-Defensa-Congres-dels-Diputats.jpg","type":"image\/jpeg"}],"author":"Redacci\u00f3n","twitter_card":"summary_large_image","twitter_creator":"@El_Triangle","twitter_site":"@El_Triangle","twitter_misc":{"Escrito por":"Redacci\u00f3n","Tiempo de lectura":"1 minuto"},"schema":{"@context":"https:\/\/schema.org","@graph":[{"@type":"NewsArticle","@id":"https:\/\/www.eltriangle.eu\/es\/2025\/11\/27\/pp-y-vox-rechazan-en-el-congreso-la-propuesta-de-investigar-malos-tratos-a-la-mili-de-los-80-y-90\/#article","isPartOf":{"@id":"https:\/\/www.eltriangle.eu\/es\/2025\/11\/27\/pp-y-vox-rechazan-en-el-congreso-la-propuesta-de-investigar-malos-tratos-a-la-mili-de-los-80-y-90\/"},"author":{"name":"Redacci\u00f3n","@id":"https:\/\/www.eltriangle.eu\/es\/#\/schema\/person\/164a138451b4f28d35c3f5984dac8e18"},"headline":"PP y Vox rechazan en el Congreso la propuesta de investigar malos tratos a la &#8216;mili&#8217; de los 80 y 90","datePublished":"2025-11-27T14:00:38+00:00","dateModified":"2025-11-27T15:40:38+00:00","mainEntityOfPage":{"@id":"https:\/\/www.eltriangle.eu\/es\/2025\/11\/27\/pp-y-vox-rechazan-en-el-congreso-la-propuesta-de-investigar-malos-tratos-a-la-mili-de-los-80-y-90\/"},"wordCount":300,"commentCount":0,"publisher":{"@id":"https:\/\/www.eltriangle.eu\/es\/#organization"},"image":{"@id":"https:\/\/www.eltriangle.eu\/es\/2025\/11\/27\/pp-y-vox-rechazan-en-el-congreso-la-propuesta-de-investigar-malos-tratos-a-la-mili-de-los-80-y-90\/#primaryimage"},"thumbnailUrl":"https:\/\/www.eltriangle.eu\/wp-content\/uploads\/2025\/11\/La-Comissio-de-Defensa-Congres-dels-Diputats.jpg","keywords":["agresiones sexuales","Ej\u00e9rcito","Fuerzas Armadas"],"articleSection":["Actualidad","Poderes"],"inLanguage":"es","potentialAction":[{"@type":"CommentAction","name":"Comment","target":["https:\/\/www.eltriangle.eu\/es\/2025\/11\/27\/pp-y-vox-rechazan-en-el-congreso-la-propuesta-de-investigar-malos-tratos-a-la-mili-de-los-80-y-90\/#respond"]}]},{"@type":"WebPage","@id":"https:\/\/www.eltriangle.eu\/es\/2025\/11\/27\/pp-y-vox-rechazan-en-el-congreso-la-propuesta-de-investigar-malos-tratos-a-la-mili-de-los-80-y-90\/","url":"https:\/\/www.eltriangle.eu\/es\/2025\/11\/27\/pp-y-vox-rechazan-en-el-congreso-la-propuesta-de-investigar-malos-tratos-a-la-mili-de-los-80-y-90\/","name":"PP y Vox rechazan en el Congreso la propuesta de investigar malos tratos a la 'mili' de los 80 y 90 - El Triangle","isPartOf":{"@id":"https:\/\/www.eltriangle.eu\/es\/#website"},"primaryImageOfPage":{"@id":"https:\/\/www.eltriangle.eu\/es\/2025\/11\/27\/pp-y-vox-rechazan-en-el-congreso-la-propuesta-de-investigar-malos-tratos-a-la-mili-de-los-80-y-90\/#primaryimage"},"image":{"@id":"https:\/\/www.eltriangle.eu\/es\/2025\/11\/27\/pp-y-vox-rechazan-en-el-congreso-la-propuesta-de-investigar-malos-tratos-a-la-mili-de-los-80-y-90\/#primaryimage"},"thumbnailUrl":"https:\/\/www.eltriangle.eu\/wp-content\/uploads\/2025\/11\/La-Comissio-de-Defensa-Congres-dels-Diputats.jpg","datePublished":"2025-11-27T14:00:38+00:00","dateModified":"2025-11-27T15:40:38+00:00","description":"El PSOE ha votado este jueves, en la Comisi\u00f3n de Defensa del Congreso de los Diputados, a favor de una iniciativa de ERC para instar al Gobierno de Espa\u00f1a","breadcrumb":{"@id":"https:\/\/www.eltriangle.eu\/es\/2025\/11\/27\/pp-y-vox-rechazan-en-el-congreso-la-propuesta-de-investigar-malos-tratos-a-la-mili-de-los-80-y-90\/#breadcrumb"},"inLanguage":"es","potentialAction":[{"@type":"ReadAction","target":["https:\/\/www.eltriangle.eu\/es\/2025\/11\/27\/pp-y-vox-rechazan-en-el-congreso-la-propuesta-de-investigar-malos-tratos-a-la-mili-de-los-80-y-90\/"]}]},{"@type":"ImageObject","inLanguage":"es","@id":"https:\/\/www.eltriangle.eu\/es\/2025\/11\/27\/pp-y-vox-rechazan-en-el-congreso-la-propuesta-de-investigar-malos-tratos-a-la-mili-de-los-80-y-90\/#primaryimage","url":"https:\/\/www.eltriangle.eu\/wp-content\/uploads\/2025\/11\/La-Comissio-de-Defensa-Congres-dels-Diputats.jpg","contentUrl":"https:\/\/www.eltriangle.eu\/wp-content\/uploads\/2025\/11\/La-Comissio-de-Defensa-Congres-dels-Diputats.jpg","width":1245,"height":703,"caption":"La Comissi\u00f3 de Defensa (Congr\u00e9s dels Diputats)"},{"@type":"BreadcrumbList","@id":"https:\/\/www.eltriangle.eu\/es\/2025\/11\/27\/pp-y-vox-rechazan-en-el-congreso-la-propuesta-de-investigar-malos-tratos-a-la-mili-de-los-80-y-90\/#breadcrumb","itemListElement":[{"@type":"ListItem","position":1,"name":"Portada","item":"https:\/\/www.eltriangle.eu\/es\/"},{"@type":"ListItem","position":2,"name":"PP y Vox rechazan en el Congreso la propuesta de investigar malos tratos a la &#8216;mili&#8217; de los 80 y 90"}]},{"@type":"WebSite","@id":"https:\/\/www.eltriangle.eu\/es\/#website","url":"https:\/\/www.eltriangle.eu\/es\/","name":"El Triangle","description":"El Triangle \u00e9s un Diari d&#039;informaci\u00f3 general, editat a Catalunya i escrit en llengua catalana, especialitzat en investigaci\u00f3 period\u00edstica","publisher":{"@id":"https:\/\/www.eltriangle.eu\/es\/#organization"},"potentialAction":[{"@type":"SearchAction","target":{"@type":"EntryPoint","urlTemplate":"https:\/\/www.eltriangle.eu\/es\/?s={search_term_string}"},"query-input":{"@type":"PropertyValueSpecification","valueRequired":true,"valueName":"search_term_string"}}],"inLanguage":"es"},{"@type":["Organization","NewsMediaOrganization"],"@id":"https:\/\/www.eltriangle.eu\/es\/#organization","name":"El Triangle","url":"https:\/\/www.eltriangle.eu\/es\/","logo":{"@type":"ImageObject","inLanguage":"es","@id":"https:\/\/www.eltriangle.eu\/es\/#\/schema\/logo\/image\/","url":"https:\/\/www.eltriangle.eu\/wp-content\/uploads\/2020\/11\/triangle_logo-ajustado.jpg","contentUrl":"https:\/\/www.eltriangle.eu\/wp-content\/uploads\/2020\/11\/triangle_logo-ajustado.jpg","width":521,"height":92,"caption":"El Triangle"},"image":{"@id":"https:\/\/www.eltriangle.eu\/es\/#\/schema\/logo\/image\/"},"sameAs":["https:\/\/www.facebook.com\/El-Triangle-Diari-101787399020302","https:\/\/x.com\/El_Triangle","https:\/\/www.youtube.com\/channel\/UCTIjmYEMYSpdGonuAgNhbcg"]},{"@type":"Person","@id":"https:\/\/www.eltriangle.eu\/es\/#\/schema\/person\/164a138451b4f28d35c3f5984dac8e18","name":"Redacci\u00f3n","image":{"@type":"ImageObject","inLanguage":"es","@id":"\/\/www.gravatar.com\/avatar\/147263d1a435839b8405c79279bb6558?s=96&#038;r=g&#038;d=mm","url":"\/\/www.gravatar.com\/avatar\/147263d1a435839b8405c79279bb6558?s=96&#038;r=g&#038;d=mm","contentUrl":"\/\/www.gravatar.com\/avatar\/147263d1a435839b8405c79279bb6558?s=96&#038;r=g&#038;d=mm","caption":"Redacci\u00f3n"},"url":"https:\/\/www.eltriangle.eu\/es\/author\/autor-1\/"},{"@type":"SiteNavigationElement","@id":"https:\/\/www.eltriangle.eu\/es\/#site-navigation","cssSelector":[".cib-main-menu"]},{"@type":"WPHeader","@id":"https:\/\/www.eltriangle.eu\/es\/#header","cssSelector":[".cib-header"]},{"@type":"WPFooter","@id":"https:\/\/www.eltriangle.eu\/es\/#footer","cssSelector":[".cib-footer"]}]}},"amp_enabled":true,"_links":{"self":[{"href":"https:\/\/www.eltriangle.eu\/es\/wp-json\/wp\/v2\/posts\/348274","targetHints":{"allow":["GET"]}}],"collection":[{"href":"https:\/\/www.eltriangle.eu\/es\/wp-json\/wp\/v2\/posts"}],"about":[{"href":"https:\/\/www.eltriangle.eu\/es\/wp-json\/wp\/v2\/types\/post"}],"author":[{"embeddable":true,"href":"https:\/\/www.eltriangle.eu\/es\/wp-json\/wp\/v2\/users\/2"}],"replies":[{"embeddable":true,"href":"https:\/\/www.eltriangle.eu\/es\/wp-json\/wp\/v2\/comments?post=348274"}],"version-history":[{"count":0,"href":"https:\/\/www.eltriangle.eu\/es\/wp-json\/wp\/v2\/posts\/348274\/revisions"}],"wp:featuredmedia":[{"embeddable":true,"href":"https:\/\/www.eltriangle.eu\/es\/wp-json\/wp\/v2\/media\/348271"}],"wp:attachment":[{"href":"https:\/\/www.eltriangle.eu\/es\/wp-json\/wp\/v2\/media?parent=348274"}],"wp:term":[{"taxonomy":"category","embeddable":true,"href":"https:\/\/www.eltriangle.eu\/es\/wp-json\/wp\/v2\/categories?post=348274"},{"taxonomy":"post_tag","embeddable":true,"href":"https:\/\/www.eltriangle.eu\/es\/wp-json\/wp\/v2\/tags?post=348274"}],"curies":[{"name":"wp","href":"https:\/\/api.w.org\/{rel}","templated":true}]}}