{"id":348087,"date":"2025-11-26T14:00:32","date_gmt":"2025-11-26T13:00:32","guid":{"rendered":null},"modified":"2025-11-26T17:36:34","modified_gmt":"2025-11-26T16:36:34","slug":"el-sindic-de-greuges-convoca-una-cumbre-para-mejorar-la-gestion-del-sinhogarismo","status":"publish","type":"post","link":"https:\/\/www.eltriangle.eu\/es\/2025\/11\/26\/el-sindic-de-greuges-convoca-una-cumbre-para-mejorar-la-gestion-del-sinhogarismo\/","title":{"rendered":"El S\u00edndic de Greuges convoca una cumbre para mejorar la gesti\u00f3n del sinhogarismo"},"content":{"rendered":"<p>El <strong>S\u00edndic de Greuges<\/strong>, el defensor del pueblo catal\u00e1n, ha convocado a la <strong>Generalitat de Catalu\u00f1a y a los ayuntamientos<\/strong> a una cumbre con el objetivo de \u00abestablecer unas nuevas bases para gestionar con eficacia\u00bb <strong>el fen\u00f3meno del sinhogarismo y los asentamientos urbanos<\/strong>.<\/p>\n<p>El encuentro tendr\u00e1 lugar el 11 de diciembre en el Recinto Modernista de Sant Pau, en Barcelona, donde se prev\u00e9 la asistencia de representantes del gobierno de la Generalitat, alcaldes de la regi\u00f3n metropolitana de Barcelona y representantes de la<strong> Mesa de Entidades del Tercer Sector Social<\/strong>.<\/p>\n<p>Con esta convocatoria, la s\u00edndica<strong> Esther Gim\u00e9nez-Salinas<\/strong> pretende mejorar la coordinaci\u00f3n entre las instituciones para encontrar <strong>\u00absoluciones efectivas\u00bb al sinhogarismo<\/strong>. \u00abHay que hacer un esfuerzo conjunto para darle respuesta\u00bb, ha manifestado.<\/p>\n<p>La iniciativa llega despu\u00e9s de que, a ra\u00edz de las quejas recibidas, la sindicatura haya constatado en el \u00faltimo a\u00f1o un \u00abaumento de la extrema situaci\u00f3n de vulnerabilidad\u00bb de las personas que viven en la calle, una preocupaci\u00f3n entre la ciudadan\u00eda por la \u00abincomodidad\u00bb ante la transformaci\u00f3n del espacio urbano, y la dificultad de obtener respuestas efectivas de las administraciones.<\/p>\n<p>La cumbre quiere abordar tres cuestiones, principalmente: compartir<strong> un diagn\u00f3stico conjunto<\/strong> a partir de los datos m\u00e1s recientes, formalizar un compromiso colectivo para <strong>definir y desarrollar actuaciones<\/strong> a escala local y metropolitana, y constituir grupos de trabajo con representantes de las diferentes administraciones que, bajo la direcci\u00f3n del S\u00edndic de Greuges, elaboren en un plazo breve <strong>las bases del acuerdo<\/strong> propuesto por Gim\u00e9nez-Salinas.<\/p>\n","protected":false},"excerpt":{"rendered":"<p>El S\u00edndic de Greuges, el defensor del pueblo catal\u00e1n, ha convocado a la Generalitat de Catalu\u00f1a y a los ayuntamientos a una cumbre con el objetivo de \u00abestablecer unas nuevas bases para gestionar con eficacia\u00bb el fen\u00f3meno del sinhogarismo y los asentamientos urbanos. El encuentro tendr\u00e1 lugar el 11 de diciembre en el Recinto Modernista &#8230; <a title=\"El S\u00edndic de Greuges convoca una cumbre para mejorar la gesti\u00f3n del sinhogarismo\" class=\"read-more\" href=\"https:\/\/www.eltriangle.eu\/es\/2025\/11\/26\/el-sindic-de-greuges-convoca-una-cumbre-para-mejorar-la-gestion-del-sinhogarismo\/\" aria-label=\"Leer m\u00e1s sobre El S\u00edndic de Greuges convoca una cumbre para mejorar la gesti\u00f3n del sinhogarismo\">Leer m\u00e1s<\/a><\/p>\n","protected":false},"author":2,"featured_media":160907,"comment_status":"open","ping_status":"closed","sticky":false,"template":"","format":"standard","meta":{"_acf_changed":false,"pmpro_default_level":"","footnotes":""},"categories":[24,76,90,74],"tags":[9182,2006,5748],"class_list":["post-348087","post","type-post","status-publish","format-standard","has-post-thumbnail","hentry","category-actualidad","category-en-la-calle","category-local","category-poderes","tag-esther-gimenez-salinas","tag-sindic-de-greuges-es","tag-sinhogarismo","lh_instant_articles-syndicate-yes","pmpro-has-access"],"acf":[],"yoast_head":"<!-- This site is optimized with the Yoast SEO plugin v27.4 - https:\/\/yoast.com\/product\/yoast-seo-wordpress\/ -->\n<title>El S\u00edndic de Greuges convoca una cumbre para mejorar la gesti\u00f3n del sinhogarismo - El Triangle<\/title>\n<meta name=\"description\" content=\"El S\u00edndic de Greuges, el defensor del pueblo catal\u00e1n, ha convocado a la Generalitat de Catalu\u00f1a y a los ayuntamientos a una cumbre con el objetivo de\" class=\"yoast-seo-meta-tag\" \/>\n<meta name=\"robots\" content=\"index, follow, max-snippet:-1, max-image-preview:large, max-video-preview:-1\" \/>\n<link rel=\"canonical\" href=\"https:\/\/www.eltriangle.eu\/es\/2025\/11\/26\/el-sindic-de-greuges-convoca-una-cumbre-para-mejorar-la-gestion-del-sinhogarismo\/\" class=\"yoast-seo-meta-tag\" \/>\n<meta property=\"og:locale\" content=\"es_ES\" class=\"yoast-seo-meta-tag\" \/>\n<meta property=\"og:type\" content=\"article\" class=\"yoast-seo-meta-tag\" \/>\n<meta property=\"og:title\" content=\"El S\u00edndic de Greuges convoca una cumbre para mejorar la gesti\u00f3n del sinhogarismo - El Triangle\" class=\"yoast-seo-meta-tag\" \/>\n<meta property=\"og:description\" content=\"El S\u00edndic de Greuges, el defensor del pueblo catal\u00e1n, ha convocado a la Generalitat de Catalu\u00f1a y a los ayuntamientos a una cumbre con el objetivo de\" class=\"yoast-seo-meta-tag\" \/>\n<meta property=\"og:url\" content=\"https:\/\/www.eltriangle.eu\/es\/2025\/11\/26\/el-sindic-de-greuges-convoca-una-cumbre-para-mejorar-la-gestion-del-sinhogarismo\/\" class=\"yoast-seo-meta-tag\" \/>\n<meta property=\"og:site_name\" content=\"El Triangle\" class=\"yoast-seo-meta-tag\" \/>\n<meta property=\"article:publisher\" content=\"https:\/\/www.facebook.com\/El-Triangle-Diari-101787399020302\" class=\"yoast-seo-meta-tag\" \/>\n<meta property=\"article:published_time\" content=\"2025-11-26T13:00:32+00:00\" class=\"yoast-seo-meta-tag\" \/>\n<meta property=\"article:modified_time\" content=\"2025-11-26T16:36:34+00:00\" class=\"yoast-seo-meta-tag\" \/>\n<meta property=\"og:image\" content=\"https:\/\/www.eltriangle.eu\/wp-content\/uploads\/2022\/10\/persones-sense-llar-dormint-al-carrer-arrels-fundacio.jpg\" class=\"yoast-seo-meta-tag\" \/>\n\t<meta property=\"og:image:width\" content=\"1200\" class=\"yoast-seo-meta-tag\" \/>\n\t<meta property=\"og:image:height\" content=\"628\" class=\"yoast-seo-meta-tag\" \/>\n\t<meta property=\"og:image:type\" content=\"image\/jpeg\" class=\"yoast-seo-meta-tag\" \/>\n<meta name=\"author\" content=\"Redacci\u00f3n\" class=\"yoast-seo-meta-tag\" \/>\n<meta name=\"twitter:card\" content=\"summary_large_image\" class=\"yoast-seo-meta-tag\" \/>\n<meta name=\"twitter:creator\" content=\"@El_Triangle\" class=\"yoast-seo-meta-tag\" \/>\n<meta name=\"twitter:site\" content=\"@El_Triangle\" class=\"yoast-seo-meta-tag\" \/>\n<meta name=\"twitter:label1\" content=\"Escrito por\" class=\"yoast-seo-meta-tag\" \/>\n\t<meta name=\"twitter:data1\" content=\"Redacci\u00f3n\" class=\"yoast-seo-meta-tag\" \/>\n\t<meta name=\"twitter:label2\" content=\"Tiempo de lectura\" class=\"yoast-seo-meta-tag\" \/>\n\t<meta name=\"twitter:data2\" content=\"1 minuto\" class=\"yoast-seo-meta-tag\" \/>\n<script type=\"application\/ld+json\" class=\"yoast-schema-graph\">{\"@context\":\"https:\\\/\\\/schema.org\",\"@graph\":[{\"@type\":\"NewsArticle\",\"@id\":\"https:\\\/\\\/www.eltriangle.eu\\\/es\\\/2025\\\/11\\\/26\\\/el-sindic-de-greuges-convoca-una-cumbre-para-mejorar-la-gestion-del-sinhogarismo\\\/#article\",\"isPartOf\":{\"@id\":\"https:\\\/\\\/www.eltriangle.eu\\\/es\\\/2025\\\/11\\\/26\\\/el-sindic-de-greuges-convoca-una-cumbre-para-mejorar-la-gestion-del-sinhogarismo\\\/\"},\"author\":{\"name\":\"Redacci\u00f3n\",\"@id\":\"https:\\\/\\\/www.eltriangle.eu\\\/es\\\/#\\\/schema\\\/person\\\/164a138451b4f28d35c3f5984dac8e18\"},\"headline\":\"El S\u00edndic de Greuges convoca una cumbre para mejorar la gesti\u00f3n del sinhogarismo\",\"datePublished\":\"2025-11-26T13:00:32+00:00\",\"dateModified\":\"2025-11-26T16:36:34+00:00\",\"mainEntityOfPage\":{\"@id\":\"https:\\\/\\\/www.eltriangle.eu\\\/es\\\/2025\\\/11\\\/26\\\/el-sindic-de-greuges-convoca-una-cumbre-para-mejorar-la-gestion-del-sinhogarismo\\\/\"},\"wordCount\":278,\"commentCount\":0,\"publisher\":{\"@id\":\"https:\\\/\\\/www.eltriangle.eu\\\/es\\\/#organization\"},\"image\":{\"@id\":\"https:\\\/\\\/www.eltriangle.eu\\\/es\\\/2025\\\/11\\\/26\\\/el-sindic-de-greuges-convoca-una-cumbre-para-mejorar-la-gestion-del-sinhogarismo\\\/#primaryimage\"},\"thumbnailUrl\":\"https:\\\/\\\/www.eltriangle.eu\\\/wp-content\\\/uploads\\\/2022\\\/10\\\/persones-sense-llar-dormint-al-carrer-arrels-fundacio.jpg\",\"keywords\":[\"Esther Gim\u00e9nez-Salinas\",\"S\u00edndic de Greuges\",\"sinhogarismo\"],\"articleSection\":[\"Actualidad\",\"En la calle\",\"Local\",\"Poderes\"],\"inLanguage\":\"es\",\"potentialAction\":[{\"@type\":\"CommentAction\",\"name\":\"Comment\",\"target\":[\"https:\\\/\\\/www.eltriangle.eu\\\/es\\\/2025\\\/11\\\/26\\\/el-sindic-de-greuges-convoca-una-cumbre-para-mejorar-la-gestion-del-sinhogarismo\\\/#respond\"]}]},{\"@type\":\"WebPage\",\"@id\":\"https:\\\/\\\/www.eltriangle.eu\\\/es\\\/2025\\\/11\\\/26\\\/el-sindic-de-greuges-convoca-una-cumbre-para-mejorar-la-gestion-del-sinhogarismo\\\/\",\"url\":\"https:\\\/\\\/www.eltriangle.eu\\\/es\\\/2025\\\/11\\\/26\\\/el-sindic-de-greuges-convoca-una-cumbre-para-mejorar-la-gestion-del-sinhogarismo\\\/\",\"name\":\"El S\u00edndic de Greuges convoca una cumbre para mejorar la gesti\u00f3n del sinhogarismo - El Triangle\",\"isPartOf\":{\"@id\":\"https:\\\/\\\/www.eltriangle.eu\\\/es\\\/#website\"},\"primaryImageOfPage\":{\"@id\":\"https:\\\/\\\/www.eltriangle.eu\\\/es\\\/2025\\\/11\\\/26\\\/el-sindic-de-greuges-convoca-una-cumbre-para-mejorar-la-gestion-del-sinhogarismo\\\/#primaryimage\"},\"image\":{\"@id\":\"https:\\\/\\\/www.eltriangle.eu\\\/es\\\/2025\\\/11\\\/26\\\/el-sindic-de-greuges-convoca-una-cumbre-para-mejorar-la-gestion-del-sinhogarismo\\\/#primaryimage\"},\"thumbnailUrl\":\"https:\\\/\\\/www.eltriangle.eu\\\/wp-content\\\/uploads\\\/2022\\\/10\\\/persones-sense-llar-dormint-al-carrer-arrels-fundacio.jpg\",\"datePublished\":\"2025-11-26T13:00:32+00:00\",\"dateModified\":\"2025-11-26T16:36:34+00:00\",\"description\":\"El S\u00edndic de Greuges, el defensor del pueblo catal\u00e1n, ha convocado a la Generalitat de Catalu\u00f1a y a los ayuntamientos a una cumbre con el objetivo de\",\"breadcrumb\":{\"@id\":\"https:\\\/\\\/www.eltriangle.eu\\\/es\\\/2025\\\/11\\\/26\\\/el-sindic-de-greuges-convoca-una-cumbre-para-mejorar-la-gestion-del-sinhogarismo\\\/#breadcrumb\"},\"inLanguage\":\"es\",\"potentialAction\":[{\"@type\":\"ReadAction\",\"target\":[\"https:\\\/\\\/www.eltriangle.eu\\\/es\\\/2025\\\/11\\\/26\\\/el-sindic-de-greuges-convoca-una-cumbre-para-mejorar-la-gestion-del-sinhogarismo\\\/\"]}]},{\"@type\":\"ImageObject\",\"inLanguage\":\"es\",\"@id\":\"https:\\\/\\\/www.eltriangle.eu\\\/es\\\/2025\\\/11\\\/26\\\/el-sindic-de-greuges-convoca-una-cumbre-para-mejorar-la-gestion-del-sinhogarismo\\\/#primaryimage\",\"url\":\"https:\\\/\\\/www.eltriangle.eu\\\/wp-content\\\/uploads\\\/2022\\\/10\\\/persones-sense-llar-dormint-al-carrer-arrels-fundacio.jpg\",\"contentUrl\":\"https:\\\/\\\/www.eltriangle.eu\\\/wp-content\\\/uploads\\\/2022\\\/10\\\/persones-sense-llar-dormint-al-carrer-arrels-fundacio.jpg\",\"width\":1200,\"height\":628,\"caption\":\"Personas sin hogar durmiendo en la calle (Arrels Fundaci\u00f3).\"},{\"@type\":\"BreadcrumbList\",\"@id\":\"https:\\\/\\\/www.eltriangle.eu\\\/es\\\/2025\\\/11\\\/26\\\/el-sindic-de-greuges-convoca-una-cumbre-para-mejorar-la-gestion-del-sinhogarismo\\\/#breadcrumb\",\"itemListElement\":[{\"@type\":\"ListItem\",\"position\":1,\"name\":\"Portada\",\"item\":\"https:\\\/\\\/www.eltriangle.eu\\\/es\\\/\"},{\"@type\":\"ListItem\",\"position\":2,\"name\":\"El S\u00edndic de Greuges convoca una cumbre para mejorar la gesti\u00f3n del sinhogarismo\"}]},{\"@type\":\"WebSite\",\"@id\":\"https:\\\/\\\/www.eltriangle.eu\\\/es\\\/#website\",\"url\":\"https:\\\/\\\/www.eltriangle.eu\\\/es\\\/\",\"name\":\"El Triangle\",\"description\":\"El Triangle \u00e9s un Diari d&#039;informaci\u00f3 general, editat a Catalunya i escrit en llengua catalana, especialitzat en investigaci\u00f3 period\u00edstica\",\"publisher\":{\"@id\":\"https:\\\/\\\/www.eltriangle.eu\\\/es\\\/#organization\"},\"potentialAction\":[{\"@type\":\"SearchAction\",\"target\":{\"@type\":\"EntryPoint\",\"urlTemplate\":\"https:\\\/\\\/www.eltriangle.eu\\\/es\\\/?s={search_term_string}\"},\"query-input\":{\"@type\":\"PropertyValueSpecification\",\"valueRequired\":true,\"valueName\":\"search_term_string\"}}],\"inLanguage\":\"es\"},{\"@type\":[\"Organization\",\"NewsMediaOrganization\"],\"@id\":\"https:\\\/\\\/www.eltriangle.eu\\\/es\\\/#organization\",\"name\":\"El Triangle\",\"url\":\"https:\\\/\\\/www.eltriangle.eu\\\/es\\\/\",\"logo\":{\"@type\":\"ImageObject\",\"inLanguage\":\"es\",\"@id\":\"https:\\\/\\\/www.eltriangle.eu\\\/es\\\/#\\\/schema\\\/logo\\\/image\\\/\",\"url\":\"https:\\\/\\\/www.eltriangle.eu\\\/wp-content\\\/uploads\\\/2020\\\/11\\\/triangle_logo-ajustado.jpg\",\"contentUrl\":\"https:\\\/\\\/www.eltriangle.eu\\\/wp-content\\\/uploads\\\/2020\\\/11\\\/triangle_logo-ajustado.jpg\",\"width\":521,\"height\":92,\"caption\":\"El Triangle\"},\"image\":{\"@id\":\"https:\\\/\\\/www.eltriangle.eu\\\/es\\\/#\\\/schema\\\/logo\\\/image\\\/\"},\"sameAs\":[\"https:\\\/\\\/www.facebook.com\\\/El-Triangle-Diari-101787399020302\",\"https:\\\/\\\/x.com\\\/El_Triangle\",\"https:\\\/\\\/www.youtube.com\\\/channel\\\/UCTIjmYEMYSpdGonuAgNhbcg\"]},{\"@type\":\"Person\",\"@id\":\"https:\\\/\\\/www.eltriangle.eu\\\/es\\\/#\\\/schema\\\/person\\\/164a138451b4f28d35c3f5984dac8e18\",\"name\":\"Redacci\u00f3n\",\"image\":{\"@type\":\"ImageObject\",\"inLanguage\":\"es\",\"@id\":\"\\\/\\\/www.gravatar.com\\\/avatar\\\/147263d1a435839b8405c79279bb6558?s=96&#038;r=g&#038;d=mm\",\"url\":\"\\\/\\\/www.gravatar.com\\\/avatar\\\/147263d1a435839b8405c79279bb6558?s=96&#038;r=g&#038;d=mm\",\"contentUrl\":\"\\\/\\\/www.gravatar.com\\\/avatar\\\/147263d1a435839b8405c79279bb6558?s=96&#038;r=g&#038;d=mm\",\"caption\":\"Redacci\u00f3n\"},\"url\":\"https:\\\/\\\/www.eltriangle.eu\\\/es\\\/author\\\/autor-1\\\/\"},{\"@type\":\"SiteNavigationElement\",\"@id\":\"https:\\\/\\\/www.eltriangle.eu\\\/es\\\/#site-navigation\",\"cssSelector\":[\".cib-main-menu\"]},{\"@type\":\"WPHeader\",\"@id\":\"https:\\\/\\\/www.eltriangle.eu\\\/es\\\/#header\",\"cssSelector\":[\".cib-header\"]},{\"@type\":\"WPFooter\",\"@id\":\"https:\\\/\\\/www.eltriangle.eu\\\/es\\\/#footer\",\"cssSelector\":[\".cib-footer\"]}]}<\/script>\n<!-- \/ Yoast SEO plugin. -->","yoast_head_json":{"title":"El S\u00edndic de Greuges convoca una cumbre para mejorar la gesti\u00f3n del sinhogarismo - El Triangle","description":"El S\u00edndic de Greuges, el defensor del pueblo catal\u00e1n, ha convocado a la Generalitat de Catalu\u00f1a y a los ayuntamientos a una cumbre con el objetivo de","robots":{"index":"index","follow":"follow","max-snippet":"max-snippet:-1","max-image-preview":"max-image-preview:large","max-video-preview":"max-video-preview:-1"},"canonical":"https:\/\/www.eltriangle.eu\/es\/2025\/11\/26\/el-sindic-de-greuges-convoca-una-cumbre-para-mejorar-la-gestion-del-sinhogarismo\/","og_locale":"es_ES","og_type":"article","og_title":"El S\u00edndic de Greuges convoca una cumbre para mejorar la gesti\u00f3n del sinhogarismo - El Triangle","og_description":"El S\u00edndic de Greuges, el defensor del pueblo catal\u00e1n, ha convocado a la Generalitat de Catalu\u00f1a y a los ayuntamientos a una cumbre con el objetivo de","og_url":"https:\/\/www.eltriangle.eu\/es\/2025\/11\/26\/el-sindic-de-greuges-convoca-una-cumbre-para-mejorar-la-gestion-del-sinhogarismo\/","og_site_name":"El Triangle","article_publisher":"https:\/\/www.facebook.com\/El-Triangle-Diari-101787399020302","article_published_time":"2025-11-26T13:00:32+00:00","article_modified_time":"2025-11-26T16:36:34+00:00","og_image":[{"width":1200,"height":628,"url":"https:\/\/www.eltriangle.eu\/wp-content\/uploads\/2022\/10\/persones-sense-llar-dormint-al-carrer-arrels-fundacio.jpg","type":"image\/jpeg"}],"author":"Redacci\u00f3n","twitter_card":"summary_large_image","twitter_creator":"@El_Triangle","twitter_site":"@El_Triangle","twitter_misc":{"Escrito por":"Redacci\u00f3n","Tiempo de lectura":"1 minuto"},"schema":{"@context":"https:\/\/schema.org","@graph":[{"@type":"NewsArticle","@id":"https:\/\/www.eltriangle.eu\/es\/2025\/11\/26\/el-sindic-de-greuges-convoca-una-cumbre-para-mejorar-la-gestion-del-sinhogarismo\/#article","isPartOf":{"@id":"https:\/\/www.eltriangle.eu\/es\/2025\/11\/26\/el-sindic-de-greuges-convoca-una-cumbre-para-mejorar-la-gestion-del-sinhogarismo\/"},"author":{"name":"Redacci\u00f3n","@id":"https:\/\/www.eltriangle.eu\/es\/#\/schema\/person\/164a138451b4f28d35c3f5984dac8e18"},"headline":"El S\u00edndic de Greuges convoca una cumbre para mejorar la gesti\u00f3n del sinhogarismo","datePublished":"2025-11-26T13:00:32+00:00","dateModified":"2025-11-26T16:36:34+00:00","mainEntityOfPage":{"@id":"https:\/\/www.eltriangle.eu\/es\/2025\/11\/26\/el-sindic-de-greuges-convoca-una-cumbre-para-mejorar-la-gestion-del-sinhogarismo\/"},"wordCount":278,"commentCount":0,"publisher":{"@id":"https:\/\/www.eltriangle.eu\/es\/#organization"},"image":{"@id":"https:\/\/www.eltriangle.eu\/es\/2025\/11\/26\/el-sindic-de-greuges-convoca-una-cumbre-para-mejorar-la-gestion-del-sinhogarismo\/#primaryimage"},"thumbnailUrl":"https:\/\/www.eltriangle.eu\/wp-content\/uploads\/2022\/10\/persones-sense-llar-dormint-al-carrer-arrels-fundacio.jpg","keywords":["Esther Gim\u00e9nez-Salinas","S\u00edndic de Greuges","sinhogarismo"],"articleSection":["Actualidad","En la calle","Local","Poderes"],"inLanguage":"es","potentialAction":[{"@type":"CommentAction","name":"Comment","target":["https:\/\/www.eltriangle.eu\/es\/2025\/11\/26\/el-sindic-de-greuges-convoca-una-cumbre-para-mejorar-la-gestion-del-sinhogarismo\/#respond"]}]},{"@type":"WebPage","@id":"https:\/\/www.eltriangle.eu\/es\/2025\/11\/26\/el-sindic-de-greuges-convoca-una-cumbre-para-mejorar-la-gestion-del-sinhogarismo\/","url":"https:\/\/www.eltriangle.eu\/es\/2025\/11\/26\/el-sindic-de-greuges-convoca-una-cumbre-para-mejorar-la-gestion-del-sinhogarismo\/","name":"El S\u00edndic de Greuges convoca una cumbre para mejorar la gesti\u00f3n del sinhogarismo - El Triangle","isPartOf":{"@id":"https:\/\/www.eltriangle.eu\/es\/#website"},"primaryImageOfPage":{"@id":"https:\/\/www.eltriangle.eu\/es\/2025\/11\/26\/el-sindic-de-greuges-convoca-una-cumbre-para-mejorar-la-gestion-del-sinhogarismo\/#primaryimage"},"image":{"@id":"https:\/\/www.eltriangle.eu\/es\/2025\/11\/26\/el-sindic-de-greuges-convoca-una-cumbre-para-mejorar-la-gestion-del-sinhogarismo\/#primaryimage"},"thumbnailUrl":"https:\/\/www.eltriangle.eu\/wp-content\/uploads\/2022\/10\/persones-sense-llar-dormint-al-carrer-arrels-fundacio.jpg","datePublished":"2025-11-26T13:00:32+00:00","dateModified":"2025-11-26T16:36:34+00:00","description":"El S\u00edndic de Greuges, el defensor del pueblo catal\u00e1n, ha convocado a la Generalitat de Catalu\u00f1a y a los ayuntamientos a una cumbre con el objetivo de","breadcrumb":{"@id":"https:\/\/www.eltriangle.eu\/es\/2025\/11\/26\/el-sindic-de-greuges-convoca-una-cumbre-para-mejorar-la-gestion-del-sinhogarismo\/#breadcrumb"},"inLanguage":"es","potentialAction":[{"@type":"ReadAction","target":["https:\/\/www.eltriangle.eu\/es\/2025\/11\/26\/el-sindic-de-greuges-convoca-una-cumbre-para-mejorar-la-gestion-del-sinhogarismo\/"]}]},{"@type":"ImageObject","inLanguage":"es","@id":"https:\/\/www.eltriangle.eu\/es\/2025\/11\/26\/el-sindic-de-greuges-convoca-una-cumbre-para-mejorar-la-gestion-del-sinhogarismo\/#primaryimage","url":"https:\/\/www.eltriangle.eu\/wp-content\/uploads\/2022\/10\/persones-sense-llar-dormint-al-carrer-arrels-fundacio.jpg","contentUrl":"https:\/\/www.eltriangle.eu\/wp-content\/uploads\/2022\/10\/persones-sense-llar-dormint-al-carrer-arrels-fundacio.jpg","width":1200,"height":628,"caption":"Personas sin hogar durmiendo en la calle (Arrels Fundaci\u00f3)."},{"@type":"BreadcrumbList","@id":"https:\/\/www.eltriangle.eu\/es\/2025\/11\/26\/el-sindic-de-greuges-convoca-una-cumbre-para-mejorar-la-gestion-del-sinhogarismo\/#breadcrumb","itemListElement":[{"@type":"ListItem","position":1,"name":"Portada","item":"https:\/\/www.eltriangle.eu\/es\/"},{"@type":"ListItem","position":2,"name":"El S\u00edndic de Greuges convoca una cumbre para mejorar la gesti\u00f3n del sinhogarismo"}]},{"@type":"WebSite","@id":"https:\/\/www.eltriangle.eu\/es\/#website","url":"https:\/\/www.eltriangle.eu\/es\/","name":"El Triangle","description":"El Triangle \u00e9s un Diari d&#039;informaci\u00f3 general, editat a Catalunya i escrit en llengua catalana, especialitzat en investigaci\u00f3 period\u00edstica","publisher":{"@id":"https:\/\/www.eltriangle.eu\/es\/#organization"},"potentialAction":[{"@type":"SearchAction","target":{"@type":"EntryPoint","urlTemplate":"https:\/\/www.eltriangle.eu\/es\/?s={search_term_string}"},"query-input":{"@type":"PropertyValueSpecification","valueRequired":true,"valueName":"search_term_string"}}],"inLanguage":"es"},{"@type":["Organization","NewsMediaOrganization"],"@id":"https:\/\/www.eltriangle.eu\/es\/#organization","name":"El Triangle","url":"https:\/\/www.eltriangle.eu\/es\/","logo":{"@type":"ImageObject","inLanguage":"es","@id":"https:\/\/www.eltriangle.eu\/es\/#\/schema\/logo\/image\/","url":"https:\/\/www.eltriangle.eu\/wp-content\/uploads\/2020\/11\/triangle_logo-ajustado.jpg","contentUrl":"https:\/\/www.eltriangle.eu\/wp-content\/uploads\/2020\/11\/triangle_logo-ajustado.jpg","width":521,"height":92,"caption":"El Triangle"},"image":{"@id":"https:\/\/www.eltriangle.eu\/es\/#\/schema\/logo\/image\/"},"sameAs":["https:\/\/www.facebook.com\/El-Triangle-Diari-101787399020302","https:\/\/x.com\/El_Triangle","https:\/\/www.youtube.com\/channel\/UCTIjmYEMYSpdGonuAgNhbcg"]},{"@type":"Person","@id":"https:\/\/www.eltriangle.eu\/es\/#\/schema\/person\/164a138451b4f28d35c3f5984dac8e18","name":"Redacci\u00f3n","image":{"@type":"ImageObject","inLanguage":"es","@id":"\/\/www.gravatar.com\/avatar\/147263d1a435839b8405c79279bb6558?s=96&#038;r=g&#038;d=mm","url":"\/\/www.gravatar.com\/avatar\/147263d1a435839b8405c79279bb6558?s=96&#038;r=g&#038;d=mm","contentUrl":"\/\/www.gravatar.com\/avatar\/147263d1a435839b8405c79279bb6558?s=96&#038;r=g&#038;d=mm","caption":"Redacci\u00f3n"},"url":"https:\/\/www.eltriangle.eu\/es\/author\/autor-1\/"},{"@type":"SiteNavigationElement","@id":"https:\/\/www.eltriangle.eu\/es\/#site-navigation","cssSelector":[".cib-main-menu"]},{"@type":"WPHeader","@id":"https:\/\/www.eltriangle.eu\/es\/#header","cssSelector":[".cib-header"]},{"@type":"WPFooter","@id":"https:\/\/www.eltriangle.eu\/es\/#footer","cssSelector":[".cib-footer"]}]}},"amp_enabled":true,"_links":{"self":[{"href":"https:\/\/www.eltriangle.eu\/es\/wp-json\/wp\/v2\/posts\/348087","targetHints":{"allow":["GET"]}}],"collection":[{"href":"https:\/\/www.eltriangle.eu\/es\/wp-json\/wp\/v2\/posts"}],"about":[{"href":"https:\/\/www.eltriangle.eu\/es\/wp-json\/wp\/v2\/types\/post"}],"author":[{"embeddable":true,"href":"https:\/\/www.eltriangle.eu\/es\/wp-json\/wp\/v2\/users\/2"}],"replies":[{"embeddable":true,"href":"https:\/\/www.eltriangle.eu\/es\/wp-json\/wp\/v2\/comments?post=348087"}],"version-history":[{"count":0,"href":"https:\/\/www.eltriangle.eu\/es\/wp-json\/wp\/v2\/posts\/348087\/revisions"}],"wp:featuredmedia":[{"embeddable":true,"href":"https:\/\/www.eltriangle.eu\/es\/wp-json\/wp\/v2\/media\/160907"}],"wp:attachment":[{"href":"https:\/\/www.eltriangle.eu\/es\/wp-json\/wp\/v2\/media?parent=348087"}],"wp:term":[{"taxonomy":"category","embeddable":true,"href":"https:\/\/www.eltriangle.eu\/es\/wp-json\/wp\/v2\/categories?post=348087"},{"taxonomy":"post_tag","embeddable":true,"href":"https:\/\/www.eltriangle.eu\/es\/wp-json\/wp\/v2\/tags?post=348087"}],"curies":[{"name":"wp","href":"https:\/\/api.w.org\/{rel}","templated":true}]}}