{"id":347926,"date":"2025-11-25T16:40:14","date_gmt":"2025-11-25T15:40:14","guid":{"rendered":null},"modified":"2025-11-25T19:39:19","modified_gmt":"2025-11-25T18:39:19","slug":"el-govern-defiende-que-no-puede-vetar-a-israel-en-actos-deportivos","status":"publish","type":"post","link":"https:\/\/www.eltriangle.eu\/es\/2025\/11\/25\/el-govern-defiende-que-no-puede-vetar-a-israel-en-actos-deportivos\/","title":{"rendered":"El Govern dice que no puede vetar a Israel en actos deportivos"},"content":{"rendered":"<p>El consejero de Deportes, <strong>Berni \u00c1lvarez<\/strong>, ha defendido que <strong>el Govern no tiene \u00abpotestad\u00bb para vetar la participaci\u00f3n de equipos o deportistas israel\u00edes en determinados eventos deportivos<\/strong>, aunque tengan lugar en Catalu\u00f1a.<\/p>\n<p>En una comparecencia en el Parlament este martes, el consejero ha dicho que \u00abentiende las voces\u00bb que piden la exclusi\u00f3n de deportistas de Israel en competiciones por el genocidio perpetrado en Gaza, pero que el ejecutivo catal\u00e1n \u00abno es el que establece los criterios de admisi\u00f3n y participaci\u00f3n\u00bb en la mayor\u00eda de estos acontecimientos.<\/p>\n<p>\u00abNosotros hemos hecho un trabajo diplom\u00e1tico al m\u00e1ximo nivel para promover criterios coherentes con los derechos humanos, pero hay cosas que no dependen del Gobierno\u00bb, ha remarcado el consejero.<\/p>\n<p>\u00c1lvarez ha concretado que, en muchos casos, quien decide la admisi\u00f3n y la participaci\u00f3n de los pa\u00edses en las competiciones deportivas es el <strong>Comit\u00e9 Ol\u00edmpico Internacional, las federaciones internacionales o las entidades privadas<\/strong>.<\/p>\n","protected":false},"excerpt":{"rendered":"<p>El consejero de Deportes, Berni \u00c1lvarez, ha defendido que el Govern no tiene \u00abpotestad\u00bb para vetar la participaci\u00f3n de equipos o deportistas israel\u00edes en determinados eventos deportivos, aunque tengan lugar en Catalu\u00f1a. En una comparecencia en el Parlament este martes, el consejero ha dicho que \u00abentiende las voces\u00bb que piden la exclusi\u00f3n de deportistas de &#8230; <a title=\"El Govern dice que no puede vetar a Israel en actos deportivos\" class=\"read-more\" href=\"https:\/\/www.eltriangle.eu\/es\/2025\/11\/25\/el-govern-defiende-que-no-puede-vetar-a-israel-en-actos-deportivos\/\" aria-label=\"Leer m\u00e1s sobre El Govern dice que no puede vetar a Israel en actos deportivos\">Leer m\u00e1s<\/a><\/p>\n","protected":false},"author":97,"featured_media":291155,"comment_status":"open","ping_status":"closed","sticky":false,"template":"","format":"standard","meta":{"_acf_changed":false,"pmpro_default_level":"","footnotes":""},"categories":[24,88,74],"tags":[8896,7668,1889],"class_list":["post-347926","post","type-post","status-publish","format-standard","has-post-thumbnail","hentry","category-actualidad","category-deportes","category-poderes","tag-berni-alvarez","tag-deporte","tag-israel-es","lh_instant_articles-syndicate-yes","pmpro-has-access"],"acf":[],"yoast_head":"<!-- This site is optimized with the Yoast SEO plugin v27.4 - https:\/\/yoast.com\/product\/yoast-seo-wordpress\/ -->\n<title>El Govern dice que no puede vetar a Israel en actos deportivos - El Triangle<\/title>\n<meta name=\"description\" content=\"El consejero de Deportes, Berni \u00c1lvarez, ha defendido que el Govern no tiene &quot;potestad&quot; para vetar la participaci\u00f3n de equipos o deportistas israel\u00edes en\" class=\"yoast-seo-meta-tag\" \/>\n<meta name=\"robots\" content=\"index, follow, max-snippet:-1, max-image-preview:large, max-video-preview:-1\" \/>\n<link rel=\"canonical\" href=\"https:\/\/www.eltriangle.eu\/es\/2025\/11\/25\/el-govern-defiende-que-no-puede-vetar-a-israel-en-actos-deportivos\/\" class=\"yoast-seo-meta-tag\" \/>\n<meta property=\"og:locale\" content=\"es_ES\" class=\"yoast-seo-meta-tag\" \/>\n<meta property=\"og:type\" content=\"article\" class=\"yoast-seo-meta-tag\" \/>\n<meta property=\"og:title\" content=\"El Govern dice que no puede vetar a Israel en actos deportivos - El Triangle\" class=\"yoast-seo-meta-tag\" \/>\n<meta property=\"og:description\" content=\"El consejero de Deportes, Berni \u00c1lvarez, ha defendido que el Govern no tiene &quot;potestad&quot; para vetar la participaci\u00f3n de equipos o deportistas israel\u00edes en\" class=\"yoast-seo-meta-tag\" \/>\n<meta property=\"og:url\" content=\"https:\/\/www.eltriangle.eu\/es\/2025\/11\/25\/el-govern-defiende-que-no-puede-vetar-a-israel-en-actos-deportivos\/\" class=\"yoast-seo-meta-tag\" \/>\n<meta property=\"og:site_name\" content=\"El Triangle\" class=\"yoast-seo-meta-tag\" \/>\n<meta property=\"article:publisher\" content=\"https:\/\/www.facebook.com\/El-Triangle-Diari-101787399020302\" class=\"yoast-seo-meta-tag\" \/>\n<meta property=\"article:published_time\" content=\"2025-11-25T15:40:14+00:00\" class=\"yoast-seo-meta-tag\" \/>\n<meta property=\"article:modified_time\" content=\"2025-11-25T18:39:19+00:00\" class=\"yoast-seo-meta-tag\" \/>\n<meta property=\"og:image\" content=\"https:\/\/www.eltriangle.eu\/wp-content\/uploads\/2024\/11\/el-conseller-desports-de-la-generalitat-berni-alvarez-foto-parlament-de-cartalunya-sergio-ramos-ladevesa.jpg\" class=\"yoast-seo-meta-tag\" \/>\n\t<meta property=\"og:image:width\" content=\"1200\" class=\"yoast-seo-meta-tag\" \/>\n\t<meta property=\"og:image:height\" content=\"800\" class=\"yoast-seo-meta-tag\" \/>\n\t<meta property=\"og:image:type\" content=\"image\/jpeg\" class=\"yoast-seo-meta-tag\" \/>\n<meta name=\"author\" content=\"xavier\" class=\"yoast-seo-meta-tag\" \/>\n<meta name=\"twitter:card\" content=\"summary_large_image\" class=\"yoast-seo-meta-tag\" \/>\n<meta name=\"twitter:creator\" content=\"@El_Triangle\" class=\"yoast-seo-meta-tag\" \/>\n<meta name=\"twitter:site\" content=\"@El_Triangle\" class=\"yoast-seo-meta-tag\" \/>\n<meta name=\"twitter:label1\" content=\"Escrito por\" class=\"yoast-seo-meta-tag\" \/>\n\t<meta name=\"twitter:data1\" content=\"xavier\" class=\"yoast-seo-meta-tag\" \/>\n\t<meta name=\"twitter:label2\" content=\"Tiempo de lectura\" class=\"yoast-seo-meta-tag\" \/>\n\t<meta name=\"twitter:data2\" content=\"1 minuto\" class=\"yoast-seo-meta-tag\" \/>\n<script type=\"application\/ld+json\" class=\"yoast-schema-graph\">{\"@context\":\"https:\\\/\\\/schema.org\",\"@graph\":[{\"@type\":\"NewsArticle\",\"@id\":\"https:\\\/\\\/www.eltriangle.eu\\\/es\\\/2025\\\/11\\\/25\\\/el-govern-defiende-que-no-puede-vetar-a-israel-en-actos-deportivos\\\/#article\",\"isPartOf\":{\"@id\":\"https:\\\/\\\/www.eltriangle.eu\\\/es\\\/2025\\\/11\\\/25\\\/el-govern-defiende-que-no-puede-vetar-a-israel-en-actos-deportivos\\\/\"},\"author\":{\"name\":\"xavier\",\"@id\":\"https:\\\/\\\/www.eltriangle.eu\\\/es\\\/#\\\/schema\\\/person\\\/df9cb61ef0b061092c35cf7a8636dfc6\"},\"headline\":\"El Govern dice que no puede vetar a Israel en actos deportivos\",\"datePublished\":\"2025-11-25T15:40:14+00:00\",\"dateModified\":\"2025-11-25T18:39:19+00:00\",\"mainEntityOfPage\":{\"@id\":\"https:\\\/\\\/www.eltriangle.eu\\\/es\\\/2025\\\/11\\\/25\\\/el-govern-defiende-que-no-puede-vetar-a-israel-en-actos-deportivos\\\/\"},\"wordCount\":174,\"commentCount\":0,\"publisher\":{\"@id\":\"https:\\\/\\\/www.eltriangle.eu\\\/es\\\/#organization\"},\"image\":{\"@id\":\"https:\\\/\\\/www.eltriangle.eu\\\/es\\\/2025\\\/11\\\/25\\\/el-govern-defiende-que-no-puede-vetar-a-israel-en-actos-deportivos\\\/#primaryimage\"},\"thumbnailUrl\":\"https:\\\/\\\/www.eltriangle.eu\\\/wp-content\\\/uploads\\\/2024\\\/11\\\/el-conseller-desports-de-la-generalitat-berni-alvarez-foto-parlament-de-cartalunya-sergio-ramos-ladevesa.jpg\",\"keywords\":[\"Berni \u00c1lvarez\",\"Deporte\",\"Israel\"],\"articleSection\":[\"Actualidad\",\"Deportes\",\"Poderes\"],\"inLanguage\":\"es\",\"potentialAction\":[{\"@type\":\"CommentAction\",\"name\":\"Comment\",\"target\":[\"https:\\\/\\\/www.eltriangle.eu\\\/es\\\/2025\\\/11\\\/25\\\/el-govern-defiende-que-no-puede-vetar-a-israel-en-actos-deportivos\\\/#respond\"]}]},{\"@type\":\"WebPage\",\"@id\":\"https:\\\/\\\/www.eltriangle.eu\\\/es\\\/2025\\\/11\\\/25\\\/el-govern-defiende-que-no-puede-vetar-a-israel-en-actos-deportivos\\\/\",\"url\":\"https:\\\/\\\/www.eltriangle.eu\\\/es\\\/2025\\\/11\\\/25\\\/el-govern-defiende-que-no-puede-vetar-a-israel-en-actos-deportivos\\\/\",\"name\":\"El Govern dice que no puede vetar a Israel en actos deportivos - El Triangle\",\"isPartOf\":{\"@id\":\"https:\\\/\\\/www.eltriangle.eu\\\/es\\\/#website\"},\"primaryImageOfPage\":{\"@id\":\"https:\\\/\\\/www.eltriangle.eu\\\/es\\\/2025\\\/11\\\/25\\\/el-govern-defiende-que-no-puede-vetar-a-israel-en-actos-deportivos\\\/#primaryimage\"},\"image\":{\"@id\":\"https:\\\/\\\/www.eltriangle.eu\\\/es\\\/2025\\\/11\\\/25\\\/el-govern-defiende-que-no-puede-vetar-a-israel-en-actos-deportivos\\\/#primaryimage\"},\"thumbnailUrl\":\"https:\\\/\\\/www.eltriangle.eu\\\/wp-content\\\/uploads\\\/2024\\\/11\\\/el-conseller-desports-de-la-generalitat-berni-alvarez-foto-parlament-de-cartalunya-sergio-ramos-ladevesa.jpg\",\"datePublished\":\"2025-11-25T15:40:14+00:00\",\"dateModified\":\"2025-11-25T18:39:19+00:00\",\"description\":\"El consejero de Deportes, Berni \u00c1lvarez, ha defendido que el Govern no tiene \\\"potestad\\\" para vetar la participaci\u00f3n de equipos o deportistas israel\u00edes en\",\"breadcrumb\":{\"@id\":\"https:\\\/\\\/www.eltriangle.eu\\\/es\\\/2025\\\/11\\\/25\\\/el-govern-defiende-que-no-puede-vetar-a-israel-en-actos-deportivos\\\/#breadcrumb\"},\"inLanguage\":\"es\",\"potentialAction\":[{\"@type\":\"ReadAction\",\"target\":[\"https:\\\/\\\/www.eltriangle.eu\\\/es\\\/2025\\\/11\\\/25\\\/el-govern-defiende-que-no-puede-vetar-a-israel-en-actos-deportivos\\\/\"]}]},{\"@type\":\"ImageObject\",\"inLanguage\":\"es\",\"@id\":\"https:\\\/\\\/www.eltriangle.eu\\\/es\\\/2025\\\/11\\\/25\\\/el-govern-defiende-que-no-puede-vetar-a-israel-en-actos-deportivos\\\/#primaryimage\",\"url\":\"https:\\\/\\\/www.eltriangle.eu\\\/wp-content\\\/uploads\\\/2024\\\/11\\\/el-conseller-desports-de-la-generalitat-berni-alvarez-foto-parlament-de-cartalunya-sergio-ramos-ladevesa.jpg\",\"contentUrl\":\"https:\\\/\\\/www.eltriangle.eu\\\/wp-content\\\/uploads\\\/2024\\\/11\\\/el-conseller-desports-de-la-generalitat-berni-alvarez-foto-parlament-de-cartalunya-sergio-ramos-ladevesa.jpg\",\"width\":1200,\"height\":800,\"caption\":\"El conseller d'Esports de la Generalitat, Berni \u00c1lvarez - Foto Parlament de Cartalunya, Sergio Ramos Ladevesa\"},{\"@type\":\"BreadcrumbList\",\"@id\":\"https:\\\/\\\/www.eltriangle.eu\\\/es\\\/2025\\\/11\\\/25\\\/el-govern-defiende-que-no-puede-vetar-a-israel-en-actos-deportivos\\\/#breadcrumb\",\"itemListElement\":[{\"@type\":\"ListItem\",\"position\":1,\"name\":\"Portada\",\"item\":\"https:\\\/\\\/www.eltriangle.eu\\\/es\\\/\"},{\"@type\":\"ListItem\",\"position\":2,\"name\":\"El Govern dice que no puede vetar a Israel en actos deportivos\"}]},{\"@type\":\"WebSite\",\"@id\":\"https:\\\/\\\/www.eltriangle.eu\\\/es\\\/#website\",\"url\":\"https:\\\/\\\/www.eltriangle.eu\\\/es\\\/\",\"name\":\"El Triangle\",\"description\":\"El Triangle \u00e9s un Diari d&#039;informaci\u00f3 general, editat a Catalunya i escrit en llengua catalana, especialitzat en investigaci\u00f3 period\u00edstica\",\"publisher\":{\"@id\":\"https:\\\/\\\/www.eltriangle.eu\\\/es\\\/#organization\"},\"potentialAction\":[{\"@type\":\"SearchAction\",\"target\":{\"@type\":\"EntryPoint\",\"urlTemplate\":\"https:\\\/\\\/www.eltriangle.eu\\\/es\\\/?s={search_term_string}\"},\"query-input\":{\"@type\":\"PropertyValueSpecification\",\"valueRequired\":true,\"valueName\":\"search_term_string\"}}],\"inLanguage\":\"es\"},{\"@type\":[\"Organization\",\"NewsMediaOrganization\"],\"@id\":\"https:\\\/\\\/www.eltriangle.eu\\\/es\\\/#organization\",\"name\":\"El Triangle\",\"url\":\"https:\\\/\\\/www.eltriangle.eu\\\/es\\\/\",\"logo\":{\"@type\":\"ImageObject\",\"inLanguage\":\"es\",\"@id\":\"https:\\\/\\\/www.eltriangle.eu\\\/es\\\/#\\\/schema\\\/logo\\\/image\\\/\",\"url\":\"https:\\\/\\\/www.eltriangle.eu\\\/wp-content\\\/uploads\\\/2020\\\/11\\\/triangle_logo-ajustado.jpg\",\"contentUrl\":\"https:\\\/\\\/www.eltriangle.eu\\\/wp-content\\\/uploads\\\/2020\\\/11\\\/triangle_logo-ajustado.jpg\",\"width\":521,\"height\":92,\"caption\":\"El Triangle\"},\"image\":{\"@id\":\"https:\\\/\\\/www.eltriangle.eu\\\/es\\\/#\\\/schema\\\/logo\\\/image\\\/\"},\"sameAs\":[\"https:\\\/\\\/www.facebook.com\\\/El-Triangle-Diari-101787399020302\",\"https:\\\/\\\/x.com\\\/El_Triangle\",\"https:\\\/\\\/www.youtube.com\\\/channel\\\/UCTIjmYEMYSpdGonuAgNhbcg\"]},{\"@type\":\"Person\",\"@id\":\"https:\\\/\\\/www.eltriangle.eu\\\/es\\\/#\\\/schema\\\/person\\\/df9cb61ef0b061092c35cf7a8636dfc6\",\"name\":\"xavier\",\"image\":{\"@type\":\"ImageObject\",\"inLanguage\":\"es\",\"@id\":\"\\\/\\\/www.gravatar.com\\\/avatar\\\/70cc50ebe4287089b363a6a3c8fa3e72?s=96&#038;r=g&#038;d=mm\",\"url\":\"\\\/\\\/www.gravatar.com\\\/avatar\\\/70cc50ebe4287089b363a6a3c8fa3e72?s=96&#038;r=g&#038;d=mm\",\"contentUrl\":\"\\\/\\\/www.gravatar.com\\\/avatar\\\/70cc50ebe4287089b363a6a3c8fa3e72?s=96&#038;r=g&#038;d=mm\",\"caption\":\"xavier\"},\"url\":\"https:\\\/\\\/www.eltriangle.eu\\\/es\\\/author\\\/xavier\\\/\"},{\"@type\":\"SiteNavigationElement\",\"@id\":\"https:\\\/\\\/www.eltriangle.eu\\\/es\\\/#site-navigation\",\"cssSelector\":[\".cib-main-menu\"]},{\"@type\":\"WPHeader\",\"@id\":\"https:\\\/\\\/www.eltriangle.eu\\\/es\\\/#header\",\"cssSelector\":[\".cib-header\"]},{\"@type\":\"WPFooter\",\"@id\":\"https:\\\/\\\/www.eltriangle.eu\\\/es\\\/#footer\",\"cssSelector\":[\".cib-footer\"]}]}<\/script>\n<!-- \/ Yoast SEO plugin. -->","yoast_head_json":{"title":"El Govern dice que no puede vetar a Israel en actos deportivos - El Triangle","description":"El consejero de Deportes, Berni \u00c1lvarez, ha defendido que el Govern no tiene \"potestad\" para vetar la participaci\u00f3n de equipos o deportistas israel\u00edes en","robots":{"index":"index","follow":"follow","max-snippet":"max-snippet:-1","max-image-preview":"max-image-preview:large","max-video-preview":"max-video-preview:-1"},"canonical":"https:\/\/www.eltriangle.eu\/es\/2025\/11\/25\/el-govern-defiende-que-no-puede-vetar-a-israel-en-actos-deportivos\/","og_locale":"es_ES","og_type":"article","og_title":"El Govern dice que no puede vetar a Israel en actos deportivos - El Triangle","og_description":"El consejero de Deportes, Berni \u00c1lvarez, ha defendido que el Govern no tiene \"potestad\" para vetar la participaci\u00f3n de equipos o deportistas israel\u00edes en","og_url":"https:\/\/www.eltriangle.eu\/es\/2025\/11\/25\/el-govern-defiende-que-no-puede-vetar-a-israel-en-actos-deportivos\/","og_site_name":"El Triangle","article_publisher":"https:\/\/www.facebook.com\/El-Triangle-Diari-101787399020302","article_published_time":"2025-11-25T15:40:14+00:00","article_modified_time":"2025-11-25T18:39:19+00:00","og_image":[{"width":1200,"height":800,"url":"https:\/\/www.eltriangle.eu\/wp-content\/uploads\/2024\/11\/el-conseller-desports-de-la-generalitat-berni-alvarez-foto-parlament-de-cartalunya-sergio-ramos-ladevesa.jpg","type":"image\/jpeg"}],"author":"xavier","twitter_card":"summary_large_image","twitter_creator":"@El_Triangle","twitter_site":"@El_Triangle","twitter_misc":{"Escrito por":"xavier","Tiempo de lectura":"1 minuto"},"schema":{"@context":"https:\/\/schema.org","@graph":[{"@type":"NewsArticle","@id":"https:\/\/www.eltriangle.eu\/es\/2025\/11\/25\/el-govern-defiende-que-no-puede-vetar-a-israel-en-actos-deportivos\/#article","isPartOf":{"@id":"https:\/\/www.eltriangle.eu\/es\/2025\/11\/25\/el-govern-defiende-que-no-puede-vetar-a-israel-en-actos-deportivos\/"},"author":{"name":"xavier","@id":"https:\/\/www.eltriangle.eu\/es\/#\/schema\/person\/df9cb61ef0b061092c35cf7a8636dfc6"},"headline":"El Govern dice que no puede vetar a Israel en actos deportivos","datePublished":"2025-11-25T15:40:14+00:00","dateModified":"2025-11-25T18:39:19+00:00","mainEntityOfPage":{"@id":"https:\/\/www.eltriangle.eu\/es\/2025\/11\/25\/el-govern-defiende-que-no-puede-vetar-a-israel-en-actos-deportivos\/"},"wordCount":174,"commentCount":0,"publisher":{"@id":"https:\/\/www.eltriangle.eu\/es\/#organization"},"image":{"@id":"https:\/\/www.eltriangle.eu\/es\/2025\/11\/25\/el-govern-defiende-que-no-puede-vetar-a-israel-en-actos-deportivos\/#primaryimage"},"thumbnailUrl":"https:\/\/www.eltriangle.eu\/wp-content\/uploads\/2024\/11\/el-conseller-desports-de-la-generalitat-berni-alvarez-foto-parlament-de-cartalunya-sergio-ramos-ladevesa.jpg","keywords":["Berni \u00c1lvarez","Deporte","Israel"],"articleSection":["Actualidad","Deportes","Poderes"],"inLanguage":"es","potentialAction":[{"@type":"CommentAction","name":"Comment","target":["https:\/\/www.eltriangle.eu\/es\/2025\/11\/25\/el-govern-defiende-que-no-puede-vetar-a-israel-en-actos-deportivos\/#respond"]}]},{"@type":"WebPage","@id":"https:\/\/www.eltriangle.eu\/es\/2025\/11\/25\/el-govern-defiende-que-no-puede-vetar-a-israel-en-actos-deportivos\/","url":"https:\/\/www.eltriangle.eu\/es\/2025\/11\/25\/el-govern-defiende-que-no-puede-vetar-a-israel-en-actos-deportivos\/","name":"El Govern dice que no puede vetar a Israel en actos deportivos - El Triangle","isPartOf":{"@id":"https:\/\/www.eltriangle.eu\/es\/#website"},"primaryImageOfPage":{"@id":"https:\/\/www.eltriangle.eu\/es\/2025\/11\/25\/el-govern-defiende-que-no-puede-vetar-a-israel-en-actos-deportivos\/#primaryimage"},"image":{"@id":"https:\/\/www.eltriangle.eu\/es\/2025\/11\/25\/el-govern-defiende-que-no-puede-vetar-a-israel-en-actos-deportivos\/#primaryimage"},"thumbnailUrl":"https:\/\/www.eltriangle.eu\/wp-content\/uploads\/2024\/11\/el-conseller-desports-de-la-generalitat-berni-alvarez-foto-parlament-de-cartalunya-sergio-ramos-ladevesa.jpg","datePublished":"2025-11-25T15:40:14+00:00","dateModified":"2025-11-25T18:39:19+00:00","description":"El consejero de Deportes, Berni \u00c1lvarez, ha defendido que el Govern no tiene \"potestad\" para vetar la participaci\u00f3n de equipos o deportistas israel\u00edes en","breadcrumb":{"@id":"https:\/\/www.eltriangle.eu\/es\/2025\/11\/25\/el-govern-defiende-que-no-puede-vetar-a-israel-en-actos-deportivos\/#breadcrumb"},"inLanguage":"es","potentialAction":[{"@type":"ReadAction","target":["https:\/\/www.eltriangle.eu\/es\/2025\/11\/25\/el-govern-defiende-que-no-puede-vetar-a-israel-en-actos-deportivos\/"]}]},{"@type":"ImageObject","inLanguage":"es","@id":"https:\/\/www.eltriangle.eu\/es\/2025\/11\/25\/el-govern-defiende-que-no-puede-vetar-a-israel-en-actos-deportivos\/#primaryimage","url":"https:\/\/www.eltriangle.eu\/wp-content\/uploads\/2024\/11\/el-conseller-desports-de-la-generalitat-berni-alvarez-foto-parlament-de-cartalunya-sergio-ramos-ladevesa.jpg","contentUrl":"https:\/\/www.eltriangle.eu\/wp-content\/uploads\/2024\/11\/el-conseller-desports-de-la-generalitat-berni-alvarez-foto-parlament-de-cartalunya-sergio-ramos-ladevesa.jpg","width":1200,"height":800,"caption":"El conseller d'Esports de la Generalitat, Berni \u00c1lvarez - Foto Parlament de Cartalunya, Sergio Ramos Ladevesa"},{"@type":"BreadcrumbList","@id":"https:\/\/www.eltriangle.eu\/es\/2025\/11\/25\/el-govern-defiende-que-no-puede-vetar-a-israel-en-actos-deportivos\/#breadcrumb","itemListElement":[{"@type":"ListItem","position":1,"name":"Portada","item":"https:\/\/www.eltriangle.eu\/es\/"},{"@type":"ListItem","position":2,"name":"El Govern dice que no puede vetar a Israel en actos deportivos"}]},{"@type":"WebSite","@id":"https:\/\/www.eltriangle.eu\/es\/#website","url":"https:\/\/www.eltriangle.eu\/es\/","name":"El Triangle","description":"El Triangle \u00e9s un Diari d&#039;informaci\u00f3 general, editat a Catalunya i escrit en llengua catalana, especialitzat en investigaci\u00f3 period\u00edstica","publisher":{"@id":"https:\/\/www.eltriangle.eu\/es\/#organization"},"potentialAction":[{"@type":"SearchAction","target":{"@type":"EntryPoint","urlTemplate":"https:\/\/www.eltriangle.eu\/es\/?s={search_term_string}"},"query-input":{"@type":"PropertyValueSpecification","valueRequired":true,"valueName":"search_term_string"}}],"inLanguage":"es"},{"@type":["Organization","NewsMediaOrganization"],"@id":"https:\/\/www.eltriangle.eu\/es\/#organization","name":"El Triangle","url":"https:\/\/www.eltriangle.eu\/es\/","logo":{"@type":"ImageObject","inLanguage":"es","@id":"https:\/\/www.eltriangle.eu\/es\/#\/schema\/logo\/image\/","url":"https:\/\/www.eltriangle.eu\/wp-content\/uploads\/2020\/11\/triangle_logo-ajustado.jpg","contentUrl":"https:\/\/www.eltriangle.eu\/wp-content\/uploads\/2020\/11\/triangle_logo-ajustado.jpg","width":521,"height":92,"caption":"El Triangle"},"image":{"@id":"https:\/\/www.eltriangle.eu\/es\/#\/schema\/logo\/image\/"},"sameAs":["https:\/\/www.facebook.com\/El-Triangle-Diari-101787399020302","https:\/\/x.com\/El_Triangle","https:\/\/www.youtube.com\/channel\/UCTIjmYEMYSpdGonuAgNhbcg"]},{"@type":"Person","@id":"https:\/\/www.eltriangle.eu\/es\/#\/schema\/person\/df9cb61ef0b061092c35cf7a8636dfc6","name":"xavier","image":{"@type":"ImageObject","inLanguage":"es","@id":"\/\/www.gravatar.com\/avatar\/70cc50ebe4287089b363a6a3c8fa3e72?s=96&#038;r=g&#038;d=mm","url":"\/\/www.gravatar.com\/avatar\/70cc50ebe4287089b363a6a3c8fa3e72?s=96&#038;r=g&#038;d=mm","contentUrl":"\/\/www.gravatar.com\/avatar\/70cc50ebe4287089b363a6a3c8fa3e72?s=96&#038;r=g&#038;d=mm","caption":"xavier"},"url":"https:\/\/www.eltriangle.eu\/es\/author\/xavier\/"},{"@type":"SiteNavigationElement","@id":"https:\/\/www.eltriangle.eu\/es\/#site-navigation","cssSelector":[".cib-main-menu"]},{"@type":"WPHeader","@id":"https:\/\/www.eltriangle.eu\/es\/#header","cssSelector":[".cib-header"]},{"@type":"WPFooter","@id":"https:\/\/www.eltriangle.eu\/es\/#footer","cssSelector":[".cib-footer"]}]}},"amp_enabled":true,"_links":{"self":[{"href":"https:\/\/www.eltriangle.eu\/es\/wp-json\/wp\/v2\/posts\/347926","targetHints":{"allow":["GET"]}}],"collection":[{"href":"https:\/\/www.eltriangle.eu\/es\/wp-json\/wp\/v2\/posts"}],"about":[{"href":"https:\/\/www.eltriangle.eu\/es\/wp-json\/wp\/v2\/types\/post"}],"author":[{"embeddable":true,"href":"https:\/\/www.eltriangle.eu\/es\/wp-json\/wp\/v2\/users\/97"}],"replies":[{"embeddable":true,"href":"https:\/\/www.eltriangle.eu\/es\/wp-json\/wp\/v2\/comments?post=347926"}],"version-history":[{"count":0,"href":"https:\/\/www.eltriangle.eu\/es\/wp-json\/wp\/v2\/posts\/347926\/revisions"}],"wp:featuredmedia":[{"embeddable":true,"href":"https:\/\/www.eltriangle.eu\/es\/wp-json\/wp\/v2\/media\/291155"}],"wp:attachment":[{"href":"https:\/\/www.eltriangle.eu\/es\/wp-json\/wp\/v2\/media?parent=347926"}],"wp:term":[{"taxonomy":"category","embeddable":true,"href":"https:\/\/www.eltriangle.eu\/es\/wp-json\/wp\/v2\/categories?post=347926"},{"taxonomy":"post_tag","embeddable":true,"href":"https:\/\/www.eltriangle.eu\/es\/wp-json\/wp\/v2\/tags?post=347926"}],"curies":[{"name":"wp","href":"https:\/\/api.w.org\/{rel}","templated":true}]}}