{"id":347689,"date":"2025-11-25T09:31:50","date_gmt":"2025-11-25T08:31:50","guid":{"rendered":null},"modified":"2025-11-25T10:43:44","modified_gmt":"2025-11-25T09:43:44","slug":"el-gobierno-pone-en-marcha-una-campana-para-identificar-ciberestafas-durante-el-black-friday-y-la-navidad","status":"publish","type":"post","link":"https:\/\/www.eltriangle.eu\/es\/2025\/11\/25\/el-gobierno-pone-en-marcha-una-campana-para-identificar-ciberestafas-durante-el-black-friday-y-la-navidad\/","title":{"rendered":"El Govern pone en marcha una campa\u00f1a para identificar ciberestafas durante el &#8216;Black Friday&#8217; y la Navidad"},"content":{"rendered":"<p>El Gobierno de la Generalitat, a trav\u00e9s de la Agencia de Ciberseguridad de Catalu\u00f1a, ha puesto en marcha una campa\u00f1a para que la ciudadan\u00eda aprenda a detectar estafas en la compra por Internet, <strong>coincidiendo con el <em>Black Friday<\/em> y el inicio de la campa\u00f1a de Navidad<\/strong>. La iniciativa quiere concienciar a la poblaci\u00f3n y ofrecer los recursos y conocimientos necesarios para <strong>prevenir las estafas y fomentar la compra en l\u00ednea de forma segura<\/strong>.<\/p>\n<p>Seg\u00fan la empresa de ciberseguridad Trend Micro, el <strong>70% de los correos electr\u00f3nicos que se reciben con rebajas y ofertas comerciales durante la \u00e9poca del <em>Black Friday<\/em> son fraudulentos<\/strong>, una tendencia que previsiblemente seguir\u00e1 aumentando por el impulso de la inteligencia artificial, que ya es capaz de crear comunicaciones personalizadas para cada v\u00edctima.<\/p>\n<p>Bajo el lema<em> \u00abPor Black Friday identifica las ofertas sospechosas\u00bb <\/em>y <em>\u00abEs tiempo de regalos, identifica la compra segura\u00bb, <\/em>la campa\u00f1a utiliza el recurso visual del CAPTCHA para simbolizar la detecci\u00f3n de anuncios y ofertas sospechosas, y al mismo tiempo, destacar los elementos que hacen que una compra sea segura. <strong>El CAPTCHA es una herramienta de seguridad<\/strong> en forma de test de im\u00e1genes que se utiliza popularmente en las p\u00e1ginas web para verificar que el usuario es una persona real.<\/p>\n<h2>Alerta de anuncios enga\u00f1osos<\/h2>\n<p>La directora de la Agencia de Ciberseguridad de Catalu\u00f1a, <strong>Laura Caballero<\/strong>, alerta de que por estas fechas aumenta el riesgo de caer en estafas relacionadas con la compra en l\u00ednea. \u00abDurante la temporada de Black Friday y Navidad, es habitual que la gente compre por Internet por la comodidad que supone, pero hay que estar alerta ante los anuncios enga\u00f1osos que circulan en las redes sociales y en los buscadores. Especialmente debemos fijarnos en ciberestafas en productos del sector de la moda, la tecnolog\u00eda o la cosm\u00e9tica\u00bb, explica Caballero.<\/p>\n<p>De hecho, seg\u00fan un informe de la ONU, el a\u00f1o pasado solo un 30% de los productos bajaron de precio durante el <em>Black Friday<\/em>, tomando como referencia el precio m\u00ednimo de los meses de septiembre y octubre.<\/p>\n<p>Los ciberestafadores dise\u00f1an y publican anuncios falsos en Google, Instagram, Facebook o TikTok que imitan marcas oficiales para generar confianza. A menudo, ofrecen los productos a precios muy bajos para llamar la atenci\u00f3n y conducir a las v\u00edctimas a p\u00e1ginas web fraudulentas,<strong> donde les roban los datos personales y bancarios, adem\u00e1s del quedarse con el dinero de la compra.<\/strong> Seg\u00fan la empresa de ciberseguridad NordVPN, en los d\u00edas previos al <em>Black Friday<\/em> aumenta un 250% el n\u00famero de tiendas en l\u00ednea que son falsas.<\/p>\n<p>Por este motivo, la Agencia de Ciberseguridad de Catalu\u00f1a insiste en la importancia de revisar bien el proceso de compra antes de realizar ninguna acci\u00f3n: es muy importante <strong>comprobar que la direcci\u00f3n web de la p\u00e1gina donde se est\u00e1 realizando la compra sea el oficial de la tienda y, sobre todo, desconfiar de las ofertas incre\u00edbles<\/strong> o aquellas que incitan a comprar con urgencia.<\/p>\n","protected":false},"excerpt":{"rendered":"<p>El Gobierno de la Generalitat, a trav\u00e9s de la Agencia de Ciberseguridad de Catalu\u00f1a, ha puesto en marcha una campa\u00f1a para que la ciudadan\u00eda aprenda a detectar estafas en la compra por Internet, coincidiendo con el Black Friday y el inicio de la campa\u00f1a de Navidad. La iniciativa quiere concienciar a la poblaci\u00f3n y ofrecer &#8230; <a title=\"El Govern pone en marcha una campa\u00f1a para identificar ciberestafas durante el &#8216;Black Friday&#8217; y la Navidad\" class=\"read-more\" href=\"https:\/\/www.eltriangle.eu\/es\/2025\/11\/25\/el-gobierno-pone-en-marcha-una-campana-para-identificar-ciberestafas-durante-el-black-friday-y-la-navidad\/\" aria-label=\"Leer m\u00e1s sobre El Govern pone en marcha una campa\u00f1a para identificar ciberestafas durante el &#8216;Black Friday&#8217; y la Navidad\">Leer m\u00e1s<\/a><\/p>\n","protected":false},"author":231,"featured_media":347687,"comment_status":"open","ping_status":"closed","sticky":false,"template":"","format":"standard","meta":{"_acf_changed":false,"pmpro_default_level":"","footnotes":""},"categories":[24,82,74],"tags":[9015,1559],"class_list":["post-347689","post","type-post","status-publish","format-standard","has-post-thumbnail","hentry","category-actualidad","category-economia","category-poderes","tag-consumo","tag-generalitat-es","lh_instant_articles-syndicate-yes","pmpro-has-access"],"acf":[],"yoast_head":"<!-- This site is optimized with the Yoast SEO plugin v27.4 - https:\/\/yoast.com\/product\/yoast-seo-wordpress\/ -->\n<title>El Govern pone en marcha una campa\u00f1a para identificar ciberestafas durante el &#039;Black Friday&#039; y la Navidad - El Triangle<\/title>\n<meta name=\"description\" content=\"El Gobierno de la Generalitat, a trav\u00e9s de la Agencia de Ciberseguridad de Catalu\u00f1a, ha puesto en marcha una campa\u00f1a para que la ciudadan\u00eda aprenda a\" class=\"yoast-seo-meta-tag\" \/>\n<meta name=\"robots\" content=\"index, follow, max-snippet:-1, max-image-preview:large, max-video-preview:-1\" \/>\n<link rel=\"canonical\" href=\"https:\/\/www.eltriangle.eu\/es\/2025\/11\/25\/el-gobierno-pone-en-marcha-una-campana-para-identificar-ciberestafas-durante-el-black-friday-y-la-navidad\/\" class=\"yoast-seo-meta-tag\" \/>\n<meta property=\"og:locale\" content=\"es_ES\" class=\"yoast-seo-meta-tag\" \/>\n<meta property=\"og:type\" content=\"article\" class=\"yoast-seo-meta-tag\" \/>\n<meta property=\"og:title\" content=\"El Govern pone en marcha una campa\u00f1a para identificar ciberestafas durante el &#039;Black Friday&#039; y la Navidad - El Triangle\" class=\"yoast-seo-meta-tag\" \/>\n<meta property=\"og:description\" content=\"El Gobierno de la Generalitat, a trav\u00e9s de la Agencia de Ciberseguridad de Catalu\u00f1a, ha puesto en marcha una campa\u00f1a para que la ciudadan\u00eda aprenda a\" class=\"yoast-seo-meta-tag\" \/>\n<meta property=\"og:url\" content=\"https:\/\/www.eltriangle.eu\/es\/2025\/11\/25\/el-gobierno-pone-en-marcha-una-campana-para-identificar-ciberestafas-durante-el-black-friday-y-la-navidad\/\" class=\"yoast-seo-meta-tag\" \/>\n<meta property=\"og:site_name\" content=\"El Triangle\" class=\"yoast-seo-meta-tag\" \/>\n<meta property=\"article:publisher\" content=\"https:\/\/www.facebook.com\/El-Triangle-Diari-101787399020302\" class=\"yoast-seo-meta-tag\" \/>\n<meta property=\"article:published_time\" content=\"2025-11-25T08:31:50+00:00\" class=\"yoast-seo-meta-tag\" \/>\n<meta property=\"article:modified_time\" content=\"2025-11-25T09:43:44+00:00\" class=\"yoast-seo-meta-tag\" \/>\n<meta property=\"og:image\" content=\"https:\/\/www.eltriangle.eu\/wp-content\/uploads\/2025\/11\/campanya-identificacio-estafes-black-friday.png\" class=\"yoast-seo-meta-tag\" \/>\n\t<meta property=\"og:image:width\" content=\"1280\" class=\"yoast-seo-meta-tag\" \/>\n\t<meta property=\"og:image:height\" content=\"720\" class=\"yoast-seo-meta-tag\" \/>\n\t<meta property=\"og:image:type\" content=\"image\/png\" class=\"yoast-seo-meta-tag\" \/>\n<meta name=\"author\" content=\"Jordi Oliveres\" class=\"yoast-seo-meta-tag\" \/>\n<meta name=\"twitter:card\" content=\"summary_large_image\" class=\"yoast-seo-meta-tag\" \/>\n<meta name=\"twitter:creator\" content=\"@El_Triangle\" class=\"yoast-seo-meta-tag\" \/>\n<meta name=\"twitter:site\" content=\"@El_Triangle\" class=\"yoast-seo-meta-tag\" \/>\n<meta name=\"twitter:label1\" content=\"Escrito por\" class=\"yoast-seo-meta-tag\" \/>\n\t<meta name=\"twitter:data1\" content=\"Jordi Oliveres\" class=\"yoast-seo-meta-tag\" \/>\n\t<meta name=\"twitter:label2\" content=\"Tiempo de lectura\" class=\"yoast-seo-meta-tag\" \/>\n\t<meta name=\"twitter:data2\" content=\"3 minutos\" class=\"yoast-seo-meta-tag\" \/>\n<script type=\"application\/ld+json\" class=\"yoast-schema-graph\">{\"@context\":\"https:\\\/\\\/schema.org\",\"@graph\":[{\"@type\":\"NewsArticle\",\"@id\":\"https:\\\/\\\/www.eltriangle.eu\\\/es\\\/2025\\\/11\\\/25\\\/el-gobierno-pone-en-marcha-una-campana-para-identificar-ciberestafas-durante-el-black-friday-y-la-navidad\\\/#article\",\"isPartOf\":{\"@id\":\"https:\\\/\\\/www.eltriangle.eu\\\/es\\\/2025\\\/11\\\/25\\\/el-gobierno-pone-en-marcha-una-campana-para-identificar-ciberestafas-durante-el-black-friday-y-la-navidad\\\/\"},\"author\":{\"name\":\"Jordi Oliveres\",\"@id\":\"https:\\\/\\\/www.eltriangle.eu\\\/es\\\/#\\\/schema\\\/person\\\/fa28773e300c15e3c4743d46b7fec511\"},\"headline\":\"El Govern pone en marcha una campa\u00f1a para identificar ciberestafas durante el &#8216;Black Friday&#8217; y la Navidad\",\"datePublished\":\"2025-11-25T08:31:50+00:00\",\"dateModified\":\"2025-11-25T09:43:44+00:00\",\"mainEntityOfPage\":{\"@id\":\"https:\\\/\\\/www.eltriangle.eu\\\/es\\\/2025\\\/11\\\/25\\\/el-gobierno-pone-en-marcha-una-campana-para-identificar-ciberestafas-durante-el-black-friday-y-la-navidad\\\/\"},\"wordCount\":536,\"commentCount\":0,\"publisher\":{\"@id\":\"https:\\\/\\\/www.eltriangle.eu\\\/es\\\/#organization\"},\"image\":{\"@id\":\"https:\\\/\\\/www.eltriangle.eu\\\/es\\\/2025\\\/11\\\/25\\\/el-gobierno-pone-en-marcha-una-campana-para-identificar-ciberestafas-durante-el-black-friday-y-la-navidad\\\/#primaryimage\"},\"thumbnailUrl\":\"https:\\\/\\\/www.eltriangle.eu\\\/wp-content\\\/uploads\\\/2025\\\/11\\\/campanya-identificacio-estafes-black-friday.png\",\"keywords\":[\"Consumo\",\"Generalitat\"],\"articleSection\":[\"Actualidad\",\"Economia\",\"Poderes\"],\"inLanguage\":\"es\",\"potentialAction\":[{\"@type\":\"CommentAction\",\"name\":\"Comment\",\"target\":[\"https:\\\/\\\/www.eltriangle.eu\\\/es\\\/2025\\\/11\\\/25\\\/el-gobierno-pone-en-marcha-una-campana-para-identificar-ciberestafas-durante-el-black-friday-y-la-navidad\\\/#respond\"]}]},{\"@type\":\"WebPage\",\"@id\":\"https:\\\/\\\/www.eltriangle.eu\\\/es\\\/2025\\\/11\\\/25\\\/el-gobierno-pone-en-marcha-una-campana-para-identificar-ciberestafas-durante-el-black-friday-y-la-navidad\\\/\",\"url\":\"https:\\\/\\\/www.eltriangle.eu\\\/es\\\/2025\\\/11\\\/25\\\/el-gobierno-pone-en-marcha-una-campana-para-identificar-ciberestafas-durante-el-black-friday-y-la-navidad\\\/\",\"name\":\"El Govern pone en marcha una campa\u00f1a para identificar ciberestafas durante el 'Black Friday' y la Navidad - El Triangle\",\"isPartOf\":{\"@id\":\"https:\\\/\\\/www.eltriangle.eu\\\/es\\\/#website\"},\"primaryImageOfPage\":{\"@id\":\"https:\\\/\\\/www.eltriangle.eu\\\/es\\\/2025\\\/11\\\/25\\\/el-gobierno-pone-en-marcha-una-campana-para-identificar-ciberestafas-durante-el-black-friday-y-la-navidad\\\/#primaryimage\"},\"image\":{\"@id\":\"https:\\\/\\\/www.eltriangle.eu\\\/es\\\/2025\\\/11\\\/25\\\/el-gobierno-pone-en-marcha-una-campana-para-identificar-ciberestafas-durante-el-black-friday-y-la-navidad\\\/#primaryimage\"},\"thumbnailUrl\":\"https:\\\/\\\/www.eltriangle.eu\\\/wp-content\\\/uploads\\\/2025\\\/11\\\/campanya-identificacio-estafes-black-friday.png\",\"datePublished\":\"2025-11-25T08:31:50+00:00\",\"dateModified\":\"2025-11-25T09:43:44+00:00\",\"description\":\"El Gobierno de la Generalitat, a trav\u00e9s de la Agencia de Ciberseguridad de Catalu\u00f1a, ha puesto en marcha una campa\u00f1a para que la ciudadan\u00eda aprenda a\",\"breadcrumb\":{\"@id\":\"https:\\\/\\\/www.eltriangle.eu\\\/es\\\/2025\\\/11\\\/25\\\/el-gobierno-pone-en-marcha-una-campana-para-identificar-ciberestafas-durante-el-black-friday-y-la-navidad\\\/#breadcrumb\"},\"inLanguage\":\"es\",\"potentialAction\":[{\"@type\":\"ReadAction\",\"target\":[\"https:\\\/\\\/www.eltriangle.eu\\\/es\\\/2025\\\/11\\\/25\\\/el-gobierno-pone-en-marcha-una-campana-para-identificar-ciberestafas-durante-el-black-friday-y-la-navidad\\\/\"]}]},{\"@type\":\"ImageObject\",\"inLanguage\":\"es\",\"@id\":\"https:\\\/\\\/www.eltriangle.eu\\\/es\\\/2025\\\/11\\\/25\\\/el-gobierno-pone-en-marcha-una-campana-para-identificar-ciberestafas-durante-el-black-friday-y-la-navidad\\\/#primaryimage\",\"url\":\"https:\\\/\\\/www.eltriangle.eu\\\/wp-content\\\/uploads\\\/2025\\\/11\\\/campanya-identificacio-estafes-black-friday.png\",\"contentUrl\":\"https:\\\/\\\/www.eltriangle.eu\\\/wp-content\\\/uploads\\\/2025\\\/11\\\/campanya-identificacio-estafes-black-friday.png\",\"width\":1280,\"height\":720},{\"@type\":\"BreadcrumbList\",\"@id\":\"https:\\\/\\\/www.eltriangle.eu\\\/es\\\/2025\\\/11\\\/25\\\/el-gobierno-pone-en-marcha-una-campana-para-identificar-ciberestafas-durante-el-black-friday-y-la-navidad\\\/#breadcrumb\",\"itemListElement\":[{\"@type\":\"ListItem\",\"position\":1,\"name\":\"Portada\",\"item\":\"https:\\\/\\\/www.eltriangle.eu\\\/es\\\/\"},{\"@type\":\"ListItem\",\"position\":2,\"name\":\"El Govern pone en marcha una campa\u00f1a para identificar ciberestafas durante el &#8216;Black Friday&#8217; y la Navidad\"}]},{\"@type\":\"WebSite\",\"@id\":\"https:\\\/\\\/www.eltriangle.eu\\\/es\\\/#website\",\"url\":\"https:\\\/\\\/www.eltriangle.eu\\\/es\\\/\",\"name\":\"El Triangle\",\"description\":\"El Triangle \u00e9s un Diari d&#039;informaci\u00f3 general, editat a Catalunya i escrit en llengua catalana, especialitzat en investigaci\u00f3 period\u00edstica\",\"publisher\":{\"@id\":\"https:\\\/\\\/www.eltriangle.eu\\\/es\\\/#organization\"},\"potentialAction\":[{\"@type\":\"SearchAction\",\"target\":{\"@type\":\"EntryPoint\",\"urlTemplate\":\"https:\\\/\\\/www.eltriangle.eu\\\/es\\\/?s={search_term_string}\"},\"query-input\":{\"@type\":\"PropertyValueSpecification\",\"valueRequired\":true,\"valueName\":\"search_term_string\"}}],\"inLanguage\":\"es\"},{\"@type\":[\"Organization\",\"NewsMediaOrganization\"],\"@id\":\"https:\\\/\\\/www.eltriangle.eu\\\/es\\\/#organization\",\"name\":\"El Triangle\",\"url\":\"https:\\\/\\\/www.eltriangle.eu\\\/es\\\/\",\"logo\":{\"@type\":\"ImageObject\",\"inLanguage\":\"es\",\"@id\":\"https:\\\/\\\/www.eltriangle.eu\\\/es\\\/#\\\/schema\\\/logo\\\/image\\\/\",\"url\":\"https:\\\/\\\/www.eltriangle.eu\\\/wp-content\\\/uploads\\\/2020\\\/11\\\/triangle_logo-ajustado.jpg\",\"contentUrl\":\"https:\\\/\\\/www.eltriangle.eu\\\/wp-content\\\/uploads\\\/2020\\\/11\\\/triangle_logo-ajustado.jpg\",\"width\":521,\"height\":92,\"caption\":\"El Triangle\"},\"image\":{\"@id\":\"https:\\\/\\\/www.eltriangle.eu\\\/es\\\/#\\\/schema\\\/logo\\\/image\\\/\"},\"sameAs\":[\"https:\\\/\\\/www.facebook.com\\\/El-Triangle-Diari-101787399020302\",\"https:\\\/\\\/x.com\\\/El_Triangle\",\"https:\\\/\\\/www.youtube.com\\\/channel\\\/UCTIjmYEMYSpdGonuAgNhbcg\"]},{\"@type\":\"Person\",\"@id\":\"https:\\\/\\\/www.eltriangle.eu\\\/es\\\/#\\\/schema\\\/person\\\/fa28773e300c15e3c4743d46b7fec511\",\"name\":\"Jordi Oliveres\",\"image\":{\"@type\":\"ImageObject\",\"inLanguage\":\"es\",\"@id\":\"\\\/\\\/www.gravatar.com\\\/avatar\\\/fda2746de6be9f96a2918ddc8a96ac50?s=96&#038;r=g&#038;d=mm\",\"url\":\"\\\/\\\/www.gravatar.com\\\/avatar\\\/fda2746de6be9f96a2918ddc8a96ac50?s=96&#038;r=g&#038;d=mm\",\"contentUrl\":\"\\\/\\\/www.gravatar.com\\\/avatar\\\/fda2746de6be9f96a2918ddc8a96ac50?s=96&#038;r=g&#038;d=mm\",\"caption\":\"Jordi Oliveres\"},\"url\":\"https:\\\/\\\/www.eltriangle.eu\\\/es\\\/author\\\/jordi\\\/\"},{\"@type\":\"SiteNavigationElement\",\"@id\":\"https:\\\/\\\/www.eltriangle.eu\\\/es\\\/#site-navigation\",\"cssSelector\":[\".cib-main-menu\"]},{\"@type\":\"WPHeader\",\"@id\":\"https:\\\/\\\/www.eltriangle.eu\\\/es\\\/#header\",\"cssSelector\":[\".cib-header\"]},{\"@type\":\"WPFooter\",\"@id\":\"https:\\\/\\\/www.eltriangle.eu\\\/es\\\/#footer\",\"cssSelector\":[\".cib-footer\"]}]}<\/script>\n<!-- \/ Yoast SEO plugin. -->","yoast_head_json":{"title":"El Govern pone en marcha una campa\u00f1a para identificar ciberestafas durante el 'Black Friday' y la Navidad - El Triangle","description":"El Gobierno de la Generalitat, a trav\u00e9s de la Agencia de Ciberseguridad de Catalu\u00f1a, ha puesto en marcha una campa\u00f1a para que la ciudadan\u00eda aprenda a","robots":{"index":"index","follow":"follow","max-snippet":"max-snippet:-1","max-image-preview":"max-image-preview:large","max-video-preview":"max-video-preview:-1"},"canonical":"https:\/\/www.eltriangle.eu\/es\/2025\/11\/25\/el-gobierno-pone-en-marcha-una-campana-para-identificar-ciberestafas-durante-el-black-friday-y-la-navidad\/","og_locale":"es_ES","og_type":"article","og_title":"El Govern pone en marcha una campa\u00f1a para identificar ciberestafas durante el 'Black Friday' y la Navidad - El Triangle","og_description":"El Gobierno de la Generalitat, a trav\u00e9s de la Agencia de Ciberseguridad de Catalu\u00f1a, ha puesto en marcha una campa\u00f1a para que la ciudadan\u00eda aprenda a","og_url":"https:\/\/www.eltriangle.eu\/es\/2025\/11\/25\/el-gobierno-pone-en-marcha-una-campana-para-identificar-ciberestafas-durante-el-black-friday-y-la-navidad\/","og_site_name":"El Triangle","article_publisher":"https:\/\/www.facebook.com\/El-Triangle-Diari-101787399020302","article_published_time":"2025-11-25T08:31:50+00:00","article_modified_time":"2025-11-25T09:43:44+00:00","og_image":[{"width":1280,"height":720,"url":"https:\/\/www.eltriangle.eu\/wp-content\/uploads\/2025\/11\/campanya-identificacio-estafes-black-friday.png","type":"image\/png"}],"author":"Jordi Oliveres","twitter_card":"summary_large_image","twitter_creator":"@El_Triangle","twitter_site":"@El_Triangle","twitter_misc":{"Escrito por":"Jordi Oliveres","Tiempo de lectura":"3 minutos"},"schema":{"@context":"https:\/\/schema.org","@graph":[{"@type":"NewsArticle","@id":"https:\/\/www.eltriangle.eu\/es\/2025\/11\/25\/el-gobierno-pone-en-marcha-una-campana-para-identificar-ciberestafas-durante-el-black-friday-y-la-navidad\/#article","isPartOf":{"@id":"https:\/\/www.eltriangle.eu\/es\/2025\/11\/25\/el-gobierno-pone-en-marcha-una-campana-para-identificar-ciberestafas-durante-el-black-friday-y-la-navidad\/"},"author":{"name":"Jordi Oliveres","@id":"https:\/\/www.eltriangle.eu\/es\/#\/schema\/person\/fa28773e300c15e3c4743d46b7fec511"},"headline":"El Govern pone en marcha una campa\u00f1a para identificar ciberestafas durante el &#8216;Black Friday&#8217; y la Navidad","datePublished":"2025-11-25T08:31:50+00:00","dateModified":"2025-11-25T09:43:44+00:00","mainEntityOfPage":{"@id":"https:\/\/www.eltriangle.eu\/es\/2025\/11\/25\/el-gobierno-pone-en-marcha-una-campana-para-identificar-ciberestafas-durante-el-black-friday-y-la-navidad\/"},"wordCount":536,"commentCount":0,"publisher":{"@id":"https:\/\/www.eltriangle.eu\/es\/#organization"},"image":{"@id":"https:\/\/www.eltriangle.eu\/es\/2025\/11\/25\/el-gobierno-pone-en-marcha-una-campana-para-identificar-ciberestafas-durante-el-black-friday-y-la-navidad\/#primaryimage"},"thumbnailUrl":"https:\/\/www.eltriangle.eu\/wp-content\/uploads\/2025\/11\/campanya-identificacio-estafes-black-friday.png","keywords":["Consumo","Generalitat"],"articleSection":["Actualidad","Economia","Poderes"],"inLanguage":"es","potentialAction":[{"@type":"CommentAction","name":"Comment","target":["https:\/\/www.eltriangle.eu\/es\/2025\/11\/25\/el-gobierno-pone-en-marcha-una-campana-para-identificar-ciberestafas-durante-el-black-friday-y-la-navidad\/#respond"]}]},{"@type":"WebPage","@id":"https:\/\/www.eltriangle.eu\/es\/2025\/11\/25\/el-gobierno-pone-en-marcha-una-campana-para-identificar-ciberestafas-durante-el-black-friday-y-la-navidad\/","url":"https:\/\/www.eltriangle.eu\/es\/2025\/11\/25\/el-gobierno-pone-en-marcha-una-campana-para-identificar-ciberestafas-durante-el-black-friday-y-la-navidad\/","name":"El Govern pone en marcha una campa\u00f1a para identificar ciberestafas durante el 'Black Friday' y la Navidad - El Triangle","isPartOf":{"@id":"https:\/\/www.eltriangle.eu\/es\/#website"},"primaryImageOfPage":{"@id":"https:\/\/www.eltriangle.eu\/es\/2025\/11\/25\/el-gobierno-pone-en-marcha-una-campana-para-identificar-ciberestafas-durante-el-black-friday-y-la-navidad\/#primaryimage"},"image":{"@id":"https:\/\/www.eltriangle.eu\/es\/2025\/11\/25\/el-gobierno-pone-en-marcha-una-campana-para-identificar-ciberestafas-durante-el-black-friday-y-la-navidad\/#primaryimage"},"thumbnailUrl":"https:\/\/www.eltriangle.eu\/wp-content\/uploads\/2025\/11\/campanya-identificacio-estafes-black-friday.png","datePublished":"2025-11-25T08:31:50+00:00","dateModified":"2025-11-25T09:43:44+00:00","description":"El Gobierno de la Generalitat, a trav\u00e9s de la Agencia de Ciberseguridad de Catalu\u00f1a, ha puesto en marcha una campa\u00f1a para que la ciudadan\u00eda aprenda a","breadcrumb":{"@id":"https:\/\/www.eltriangle.eu\/es\/2025\/11\/25\/el-gobierno-pone-en-marcha-una-campana-para-identificar-ciberestafas-durante-el-black-friday-y-la-navidad\/#breadcrumb"},"inLanguage":"es","potentialAction":[{"@type":"ReadAction","target":["https:\/\/www.eltriangle.eu\/es\/2025\/11\/25\/el-gobierno-pone-en-marcha-una-campana-para-identificar-ciberestafas-durante-el-black-friday-y-la-navidad\/"]}]},{"@type":"ImageObject","inLanguage":"es","@id":"https:\/\/www.eltriangle.eu\/es\/2025\/11\/25\/el-gobierno-pone-en-marcha-una-campana-para-identificar-ciberestafas-durante-el-black-friday-y-la-navidad\/#primaryimage","url":"https:\/\/www.eltriangle.eu\/wp-content\/uploads\/2025\/11\/campanya-identificacio-estafes-black-friday.png","contentUrl":"https:\/\/www.eltriangle.eu\/wp-content\/uploads\/2025\/11\/campanya-identificacio-estafes-black-friday.png","width":1280,"height":720},{"@type":"BreadcrumbList","@id":"https:\/\/www.eltriangle.eu\/es\/2025\/11\/25\/el-gobierno-pone-en-marcha-una-campana-para-identificar-ciberestafas-durante-el-black-friday-y-la-navidad\/#breadcrumb","itemListElement":[{"@type":"ListItem","position":1,"name":"Portada","item":"https:\/\/www.eltriangle.eu\/es\/"},{"@type":"ListItem","position":2,"name":"El Govern pone en marcha una campa\u00f1a para identificar ciberestafas durante el &#8216;Black Friday&#8217; y la Navidad"}]},{"@type":"WebSite","@id":"https:\/\/www.eltriangle.eu\/es\/#website","url":"https:\/\/www.eltriangle.eu\/es\/","name":"El Triangle","description":"El Triangle \u00e9s un Diari d&#039;informaci\u00f3 general, editat a Catalunya i escrit en llengua catalana, especialitzat en investigaci\u00f3 period\u00edstica","publisher":{"@id":"https:\/\/www.eltriangle.eu\/es\/#organization"},"potentialAction":[{"@type":"SearchAction","target":{"@type":"EntryPoint","urlTemplate":"https:\/\/www.eltriangle.eu\/es\/?s={search_term_string}"},"query-input":{"@type":"PropertyValueSpecification","valueRequired":true,"valueName":"search_term_string"}}],"inLanguage":"es"},{"@type":["Organization","NewsMediaOrganization"],"@id":"https:\/\/www.eltriangle.eu\/es\/#organization","name":"El Triangle","url":"https:\/\/www.eltriangle.eu\/es\/","logo":{"@type":"ImageObject","inLanguage":"es","@id":"https:\/\/www.eltriangle.eu\/es\/#\/schema\/logo\/image\/","url":"https:\/\/www.eltriangle.eu\/wp-content\/uploads\/2020\/11\/triangle_logo-ajustado.jpg","contentUrl":"https:\/\/www.eltriangle.eu\/wp-content\/uploads\/2020\/11\/triangle_logo-ajustado.jpg","width":521,"height":92,"caption":"El Triangle"},"image":{"@id":"https:\/\/www.eltriangle.eu\/es\/#\/schema\/logo\/image\/"},"sameAs":["https:\/\/www.facebook.com\/El-Triangle-Diari-101787399020302","https:\/\/x.com\/El_Triangle","https:\/\/www.youtube.com\/channel\/UCTIjmYEMYSpdGonuAgNhbcg"]},{"@type":"Person","@id":"https:\/\/www.eltriangle.eu\/es\/#\/schema\/person\/fa28773e300c15e3c4743d46b7fec511","name":"Jordi Oliveres","image":{"@type":"ImageObject","inLanguage":"es","@id":"\/\/www.gravatar.com\/avatar\/fda2746de6be9f96a2918ddc8a96ac50?s=96&#038;r=g&#038;d=mm","url":"\/\/www.gravatar.com\/avatar\/fda2746de6be9f96a2918ddc8a96ac50?s=96&#038;r=g&#038;d=mm","contentUrl":"\/\/www.gravatar.com\/avatar\/fda2746de6be9f96a2918ddc8a96ac50?s=96&#038;r=g&#038;d=mm","caption":"Jordi Oliveres"},"url":"https:\/\/www.eltriangle.eu\/es\/author\/jordi\/"},{"@type":"SiteNavigationElement","@id":"https:\/\/www.eltriangle.eu\/es\/#site-navigation","cssSelector":[".cib-main-menu"]},{"@type":"WPHeader","@id":"https:\/\/www.eltriangle.eu\/es\/#header","cssSelector":[".cib-header"]},{"@type":"WPFooter","@id":"https:\/\/www.eltriangle.eu\/es\/#footer","cssSelector":[".cib-footer"]}]}},"amp_enabled":true,"_links":{"self":[{"href":"https:\/\/www.eltriangle.eu\/es\/wp-json\/wp\/v2\/posts\/347689","targetHints":{"allow":["GET"]}}],"collection":[{"href":"https:\/\/www.eltriangle.eu\/es\/wp-json\/wp\/v2\/posts"}],"about":[{"href":"https:\/\/www.eltriangle.eu\/es\/wp-json\/wp\/v2\/types\/post"}],"author":[{"embeddable":true,"href":"https:\/\/www.eltriangle.eu\/es\/wp-json\/wp\/v2\/users\/231"}],"replies":[{"embeddable":true,"href":"https:\/\/www.eltriangle.eu\/es\/wp-json\/wp\/v2\/comments?post=347689"}],"version-history":[{"count":0,"href":"https:\/\/www.eltriangle.eu\/es\/wp-json\/wp\/v2\/posts\/347689\/revisions"}],"wp:featuredmedia":[{"embeddable":true,"href":"https:\/\/www.eltriangle.eu\/es\/wp-json\/wp\/v2\/media\/347687"}],"wp:attachment":[{"href":"https:\/\/www.eltriangle.eu\/es\/wp-json\/wp\/v2\/media?parent=347689"}],"wp:term":[{"taxonomy":"category","embeddable":true,"href":"https:\/\/www.eltriangle.eu\/es\/wp-json\/wp\/v2\/categories?post=347689"},{"taxonomy":"post_tag","embeddable":true,"href":"https:\/\/www.eltriangle.eu\/es\/wp-json\/wp\/v2\/tags?post=347689"}],"curies":[{"name":"wp","href":"https:\/\/api.w.org\/{rel}","templated":true}]}}