{"id":347661,"date":"2025-11-25T06:00:13","date_gmt":"2025-11-25T05:00:13","guid":{"rendered":null},"modified":"2025-11-25T13:58:05","modified_gmt":"2025-11-25T12:58:05","slug":"la-comissio-economica-de-laporta-toca-fondo-con-un-relevo-clandestino","status":"publish","type":"post","link":"https:\/\/www.eltriangle.eu\/es\/2025\/11\/25\/la-comissio-economica-de-laporta-toca-fondo-con-un-relevo-clandestino\/","title":{"rendered":"La Comissi\u00f3 Econ\u00f2mica de Laporta toca fondo con un relevo clandestino"},"content":{"rendered":"<p>Intentando provocar el menor ruido, <strong>Joan Laporta se ha ventilado al anterior presidente de la Comissi\u00f3 Econ\u00f3mica Estrat\u00e9gica, Joan B. Casas<\/strong>, sustituido en silencio por uno de sus miembros, <strong>Carme Hortal\u00e0<\/strong>, que ya fue presentada en la \u00faltima asamblea de compromisarios, de 19 de octubre, como presidenta. De hecho, Joan B. Casas, ya hab\u00eda dejado de ejercer hacia al menos un par de a\u00f1os, seg\u00fan trascendi\u00f3, afectado por el efecto en su salud de una serie de acciones sociales (burofax) en los que se llamaba y reclamaba a su Comissi\u00f3 a mantenerse firme en sus criterios o a desmarcarse de los desmanes de Laporta en las trampas, trucos y embustes contables detectados por algunos socios y elevados ante la Comissi\u00f3 de Disciplina y finalmente ante los juzgados. Las denuncias acusaban a la Comissi\u00f3 Econ\u00f2mica Estrat\u00e9gica de complicidad y de directa responsabilidad en un enga\u00f1o a los socios de proporciones realmente extraordinarias.<\/p>\n<p>En la web oficial del FC Barcelona, Joan B. Casas ha seguido formalmente en la presidencia hasta hace apenas unos d\u00edas, de forma que Carme Hortal\u00e0 actu\u00f3 como presidenta en la asamblea ordinaria \u00faltima sin que los socios, ni nadie, fueran informados de este relevo tan importante como sospechoso, ya que la directiva tampoco lo comunic\u00f3 sin que mediara poderosa raz\u00f3n alguna, al menos aparente, para tramitarlo de esta forma clandestina. Como la sustituci\u00f3n real se produjo bastante antes de la fecha de la asamblea, en el orden del d\u00eda s\u00ed se incluy\u00f3 la ratificaci\u00f3n de un nuevo miembro, <strong>Josep Sol\u00e9 i Molina<\/strong>, aunque sin que en el proceso se aludiera a la dimisi\u00f3n, o sustituci\u00f3n, de Joan B. Casas, del que no se conocen exactamente las causas reales de su desaparici\u00f3n.<\/p>\n<p>M\u00e1s all\u00e1 de trascender que el disgusto causado por ese burofax pod\u00eda asociarse al agravamiento de algunos problemas de salud del expresidente, la historia moderna de esta Comissi\u00f3 Econ\u00f2mica ha dejado un rastro de verg\u00fcenza ajena, servilismo y ocultaci\u00f3n a los socios de la cr\u00edtica realidad del club.<\/p>\n<h2>Una Comisi\u00f3n Econ\u00f3mica atrapada en el servilismo y la manipulaci\u00f3n<\/h2>\n<p>Una actitud de encubrimiento y de embauque permanente iniciado por <strong>Jaume Guardiola<\/strong>, ex CEO del Banc de Sabadell de quien se sospecha que se gan\u00f3 el cargo a base de usar su influencia residual en el banco, tras jubilarse, para hacer lo que hubiera que hacer en la obtenci\u00f3n del aval de Joan Laporta para poder ser proclamado presidente el 17 de marzo. El caso fue que Jaume Guardiola, lo mismo que <strong>Javier Tebas<\/strong>, <strong>Carles Tusquets<\/strong> y los responsables financieros del Sabadell sab\u00edan que quienes finalmente sostuvieron el grueso del aval, <strong>Jos\u00e9 E\u00edas<\/strong> y Mediapro (<strong>Jaume Roures<\/strong> en la trastienda) no pod\u00edan formalizarlo de acuerdo a la ley y los estatutos.<\/p>\n<p>Jaume Guardiola, adem\u00e1s de colaborar en una manifiesta infracci\u00f3n estatutaria, minti\u00f3 a los socios sobre las cuentas del ejercicio 2020-21, sus primeras cuentas, proponiendo a los socios aprobarlas con 481 millones de p\u00e9rdidas. En realidad, sin embargo, Laporta solo declar\u00f3 ante Hacienda n\u00fameros rojos por 270 millones en total como sab\u00eda perfectamente Jaume Guardiola, quien tambi\u00e9n aprob\u00f3 la temeraria y ruinosa palanca de Sixth Street con una plusval\u00eda falsa e inventada de 157,7 millones. Adem\u00e1s, dio luz verde con plena consciencia de sus consecuencias otro inexistente truco contable con la venta de Bar\u00e7a Studios antes de abandonar esa presidencia para ocupar al del Cercle d\u2019Econom\u00eda, asombrosamente avalado por el m\u00e9rito de haber trinchado la estructura econ\u00f3mica del FC Barcelona para muchos a\u00f1os.<\/p>\n<p>Pero as\u00ed es y as\u00ed funcionan los c\u00edrculos del poder en este pa\u00eds, donde los Laporta y los Guardiola, por citar dos ejemplos paradigm\u00e1ticos, tienden a propulsar su imagen, carisma y popularidad, tanto m\u00e1s cuando m\u00e1s evidentes y trascendentales son sus fechor\u00edas y tejemanejes. La burla final de Jaume Guardiola es que ahora ha reaparecido en el entorno del Bar\u00e7a como futuro vicepresidente de la junta de V\u00edctor Font con un discurso de presentaci\u00f3n en el que alerta, critica y condena la situaci\u00f3n financiera del club, tan lamentable, a la que \u00e9l mismo contribuy\u00f3 destacadamente con su protagonismo y complicidad. Alucinante.<\/p>\n<p>Si Joan B. Casas era consciente de la herencia envenenada y manipulada a los ojos de los socios, y del mundo, tras la fuga de Jaume Guardiola, cabe suponer que s\u00ed porque en el breve ejercicio de sus funciones, antes de hibernar como presidente para no salir en las fotos, no dio muestras de lo contrario. En parte por inacci\u00f3n y tambi\u00e9n porque si las acusaciones de los socios le incomodaron seriamente pudo reaccionar o bien desminti\u00e9ndolas o bien dimitiendo. Pero solo se limit\u00f3 a ausentarse y permanecer oculto, quiz\u00e1 por prevenir complicaciones de salud o qui\u00e9n sabe si por cierto grado de cobard\u00eda.<\/p>\n<p>En la despedida, escenificada por la junta sin dejar clara la causa, dimisi\u00f3n por disconformidad o renuncia por problemas personales, no hay que descartar que directamente Joan B. Casas fuera apartado de la circulaci\u00f3n, que fuera \u2018suprimido\u2019 de la web por la conveniencia de disponer de alguien verdaderamente efectivo en el cargo a la hora de asistir a las reuniones ordinarias y luego dar la cara en las asambleas como hizo su sustituta Carme Hortal\u00e1 de forma ciertamente desafortunada y rid\u00edcula.<\/p>\n<h2>El papel fallido de Carme Hortal\u00e0 en la asamblea<\/h2>\n<p>Hortal\u00e0 no dio ni una a derechas en su intervenci\u00f3n a la hora de pedir la aprobaci\u00f3n de las cuentas del ejercicio 2024-25, refiri\u00e9ndose al \u00e9xito, por segundo a\u00f1o consecutivo, de obtener beneficios ordinarios y la satisfacci\u00f3n por el objetivo alcanzado de sostenibilidad econ\u00f3mica, afirmaciones ciertamente desconcertantes (embusteras en realidad) si en los dos cursos cerrados 2023-24 y 2024-25 a los que se refiri\u00f3 se han registrado p\u00e9rdidas acumuladas de 187 millones para un patrimonio neto negativo de 153 millones y 230 millones en rojo del mandato desde 2021. Hablar de \u2018beneficios\u2019 continuados y de &#8216;sostenibilidad&#8217; son una burla para el socio y desde luego un desprestigio para cualquiera de esa comisi\u00f3n y especialmente para ella misma que lleva m\u00e1s de 30 a\u00f1os en el sector financiero desempe\u00f1ando m\u00faltiples cargos directivos en GVC Gaesco (actualmente directora de Riesgos y Cumplimiento Normativo desde 2020, en la empresa desde 1997) y es miembro de la Junta de Gobierno del Institut Catal\u00e0 de Finances (ICF) desde abril 2024, adem\u00e1s de consejera independiente de Parlem (2023) y vicepresidenta del Fondo General de Garant\u00eda de Inversiones (FOGAIN).<\/p>\n<p>Por m\u00e1s que la prensa boba barcelonista, que se cree ciegamente todo lo que Laporta y su junta explican en la asamblea, pueda enredar a los socios est\u00e1 claro que, entre los profesionales del \u00e1mbito financiero, su participaci\u00f3n en la asamblea le habr\u00e1 destrozado su reputaci\u00f3n. La sensaci\u00f3n, por c\u00f3mo se quit\u00f3 de encima con argumentos incomprensibles el deterioro de Bar\u00e7a Vision para evitar mirar cara a cara al balance, es que alguien le escribi\u00f3 ese pobre discurso de la verg\u00fcenza, repleto de lagunas, tonter\u00edas y errores. Por ejemplo, cuando quiso poner de relieve el incremento de los ingresos de un a\u00f1o a otro, afirm\u00f3 que la mejora de la explotaci\u00f3n del estadio hab\u00eda sido de 21 millones y de 27 millones la del \u00e1rea comercial. En realidad, fueron 49 millones y 99 millones las cifras. Un desastre y un insulto, aunque inapreciable porque para los pocos socios presentes y los presuntamente conectados ya era un galimat\u00edas incomprensible lo que hab\u00eda explicado el Tesorero, <strong>Ferran Oliv\u00e9<\/strong>, m\u00e1s que de forma intencionada para fomentar el caos antes de ese parip\u00e9 de la Comissi\u00f3 Econ\u00f3mica aparentando que act\u00faa de control y defensa de los socios.<\/p>\n<p>\u00cdndice de dignidad, cero seg\u00fan todos los balances.<\/p>\n<p>&nbsp;<\/p>\n","protected":false},"excerpt":{"rendered":"<p>Intentando provocar el menor ruido, Joan Laporta se ha ventilado al anterior presidente de la Comissi\u00f3 Econ\u00f3mica Estrat\u00e9gica, Joan B. Casas, sustituido en silencio por uno de sus miembros, Carme Hortal\u00e0, que ya fue presentada en la \u00faltima asamblea de compromisarios, de 19 de octubre, como presidenta. De hecho, Joan B. Casas, ya hab\u00eda dejado &#8230; <a title=\"La Comissi\u00f3 Econ\u00f2mica de Laporta toca fondo con un relevo clandestino\" class=\"read-more\" href=\"https:\/\/www.eltriangle.eu\/es\/2025\/11\/25\/la-comissio-economica-de-laporta-toca-fondo-con-un-relevo-clandestino\/\" aria-label=\"Leer m\u00e1s sobre La Comissi\u00f3 Econ\u00f2mica de Laporta toca fondo con un relevo clandestino\">Leer m\u00e1s<\/a><\/p>\n","protected":false},"author":97,"featured_media":344279,"comment_status":"open","ping_status":"closed","sticky":false,"template":"","format":"standard","meta":{"_acf_changed":false,"pmpro_default_level":"","footnotes":""},"categories":[966],"tags":[563,233],"class_list":["post-347661","post","type-post","status-publish","format-standard","has-post-thumbnail","hentry","category-clamnou-es","tag-fc-barcelona-es","tag-joan-laporta-es","lh_instant_articles-syndicate-yes","pmpro-has-access"],"acf":[],"yoast_head":"<!-- This site is optimized with the Yoast SEO plugin v27.4 - https:\/\/yoast.com\/product\/yoast-seo-wordpress\/ -->\n<title>La Comissi\u00f3 Econ\u00f2mica de Laporta toca fondo con un relevo clandestino - El Triangle<\/title>\n<meta name=\"description\" content=\"Intentando provocar el menor ruido, Joan Laporta se ha ventilado al anterior presidente de la Comissi\u00f3 Econ\u00f3mica Estrat\u00e9gica, Joan B. Casas, sustituido en\" class=\"yoast-seo-meta-tag\" \/>\n<meta name=\"robots\" content=\"index, follow, max-snippet:-1, max-image-preview:large, max-video-preview:-1\" \/>\n<link rel=\"canonical\" href=\"https:\/\/www.eltriangle.eu\/es\/2025\/11\/25\/la-comissio-economica-de-laporta-toca-fondo-con-un-relevo-clandestino\/\" class=\"yoast-seo-meta-tag\" \/>\n<meta property=\"og:locale\" content=\"es_ES\" class=\"yoast-seo-meta-tag\" \/>\n<meta property=\"og:type\" content=\"article\" class=\"yoast-seo-meta-tag\" \/>\n<meta property=\"og:title\" content=\"La Comissi\u00f3 Econ\u00f2mica de Laporta toca fondo con un relevo clandestino - El Triangle\" class=\"yoast-seo-meta-tag\" \/>\n<meta property=\"og:description\" content=\"Intentando provocar el menor ruido, Joan Laporta se ha ventilado al anterior presidente de la Comissi\u00f3 Econ\u00f3mica Estrat\u00e9gica, Joan B. Casas, sustituido en\" class=\"yoast-seo-meta-tag\" \/>\n<meta property=\"og:url\" content=\"https:\/\/www.eltriangle.eu\/es\/2025\/11\/25\/la-comissio-economica-de-laporta-toca-fondo-con-un-relevo-clandestino\/\" class=\"yoast-seo-meta-tag\" \/>\n<meta property=\"og:site_name\" content=\"El Triangle\" class=\"yoast-seo-meta-tag\" \/>\n<meta property=\"article:publisher\" content=\"https:\/\/www.facebook.com\/El-Triangle-Diari-101787399020302\" class=\"yoast-seo-meta-tag\" \/>\n<meta property=\"article:published_time\" content=\"2025-11-25T05:00:13+00:00\" class=\"yoast-seo-meta-tag\" \/>\n<meta property=\"article:modified_time\" content=\"2025-11-25T12:58:05+00:00\" class=\"yoast-seo-meta-tag\" \/>\n<meta property=\"og:image\" content=\"https:\/\/www.eltriangle.eu\/wp-content\/uploads\/2025\/11\/joan-laporta-assemblea-barca-2025.jpg\" class=\"yoast-seo-meta-tag\" \/>\n\t<meta property=\"og:image:width\" content=\"1280\" class=\"yoast-seo-meta-tag\" \/>\n\t<meta property=\"og:image:height\" content=\"853\" class=\"yoast-seo-meta-tag\" \/>\n\t<meta property=\"og:image:type\" content=\"image\/jpeg\" class=\"yoast-seo-meta-tag\" \/>\n<meta name=\"author\" content=\"xavier\" class=\"yoast-seo-meta-tag\" \/>\n<meta name=\"twitter:card\" content=\"summary_large_image\" class=\"yoast-seo-meta-tag\" \/>\n<meta name=\"twitter:creator\" content=\"@El_Triangle\" class=\"yoast-seo-meta-tag\" \/>\n<meta name=\"twitter:site\" content=\"@El_Triangle\" class=\"yoast-seo-meta-tag\" \/>\n<meta name=\"twitter:label1\" content=\"Escrito por\" class=\"yoast-seo-meta-tag\" \/>\n\t<meta name=\"twitter:data1\" content=\"xavier\" class=\"yoast-seo-meta-tag\" \/>\n\t<meta name=\"twitter:label2\" content=\"Tiempo de lectura\" class=\"yoast-seo-meta-tag\" \/>\n\t<meta name=\"twitter:data2\" content=\"7 minutos\" class=\"yoast-seo-meta-tag\" \/>\n<script type=\"application\/ld+json\" class=\"yoast-schema-graph\">{\"@context\":\"https:\\\/\\\/schema.org\",\"@graph\":[{\"@type\":\"NewsArticle\",\"@id\":\"https:\\\/\\\/www.eltriangle.eu\\\/es\\\/2025\\\/11\\\/25\\\/la-comissio-economica-de-laporta-toca-fondo-con-un-relevo-clandestino\\\/#article\",\"isPartOf\":{\"@id\":\"https:\\\/\\\/www.eltriangle.eu\\\/es\\\/2025\\\/11\\\/25\\\/la-comissio-economica-de-laporta-toca-fondo-con-un-relevo-clandestino\\\/\"},\"author\":{\"name\":\"xavier\",\"@id\":\"https:\\\/\\\/www.eltriangle.eu\\\/es\\\/#\\\/schema\\\/person\\\/df9cb61ef0b061092c35cf7a8636dfc6\"},\"headline\":\"La Comissi\u00f3 Econ\u00f2mica de Laporta toca fondo con un relevo clandestino\",\"datePublished\":\"2025-11-25T05:00:13+00:00\",\"dateModified\":\"2025-11-25T12:58:05+00:00\",\"mainEntityOfPage\":{\"@id\":\"https:\\\/\\\/www.eltriangle.eu\\\/es\\\/2025\\\/11\\\/25\\\/la-comissio-economica-de-laporta-toca-fondo-con-un-relevo-clandestino\\\/\"},\"wordCount\":1339,\"commentCount\":1,\"publisher\":{\"@id\":\"https:\\\/\\\/www.eltriangle.eu\\\/es\\\/#organization\"},\"image\":{\"@id\":\"https:\\\/\\\/www.eltriangle.eu\\\/es\\\/2025\\\/11\\\/25\\\/la-comissio-economica-de-laporta-toca-fondo-con-un-relevo-clandestino\\\/#primaryimage\"},\"thumbnailUrl\":\"https:\\\/\\\/www.eltriangle.eu\\\/wp-content\\\/uploads\\\/2025\\\/11\\\/joan-laporta-assemblea-barca-2025.jpg\",\"keywords\":[\"FC Barcelona\",\"Joan Laporta\"],\"articleSection\":[\"ClamNou\"],\"inLanguage\":\"es\",\"potentialAction\":[{\"@type\":\"CommentAction\",\"name\":\"Comment\",\"target\":[\"https:\\\/\\\/www.eltriangle.eu\\\/es\\\/2025\\\/11\\\/25\\\/la-comissio-economica-de-laporta-toca-fondo-con-un-relevo-clandestino\\\/#respond\"]}]},{\"@type\":\"WebPage\",\"@id\":\"https:\\\/\\\/www.eltriangle.eu\\\/es\\\/2025\\\/11\\\/25\\\/la-comissio-economica-de-laporta-toca-fondo-con-un-relevo-clandestino\\\/\",\"url\":\"https:\\\/\\\/www.eltriangle.eu\\\/es\\\/2025\\\/11\\\/25\\\/la-comissio-economica-de-laporta-toca-fondo-con-un-relevo-clandestino\\\/\",\"name\":\"La Comissi\u00f3 Econ\u00f2mica de Laporta toca fondo con un relevo clandestino - El Triangle\",\"isPartOf\":{\"@id\":\"https:\\\/\\\/www.eltriangle.eu\\\/es\\\/#website\"},\"primaryImageOfPage\":{\"@id\":\"https:\\\/\\\/www.eltriangle.eu\\\/es\\\/2025\\\/11\\\/25\\\/la-comissio-economica-de-laporta-toca-fondo-con-un-relevo-clandestino\\\/#primaryimage\"},\"image\":{\"@id\":\"https:\\\/\\\/www.eltriangle.eu\\\/es\\\/2025\\\/11\\\/25\\\/la-comissio-economica-de-laporta-toca-fondo-con-un-relevo-clandestino\\\/#primaryimage\"},\"thumbnailUrl\":\"https:\\\/\\\/www.eltriangle.eu\\\/wp-content\\\/uploads\\\/2025\\\/11\\\/joan-laporta-assemblea-barca-2025.jpg\",\"datePublished\":\"2025-11-25T05:00:13+00:00\",\"dateModified\":\"2025-11-25T12:58:05+00:00\",\"description\":\"Intentando provocar el menor ruido, Joan Laporta se ha ventilado al anterior presidente de la Comissi\u00f3 Econ\u00f3mica Estrat\u00e9gica, Joan B. Casas, sustituido en\",\"breadcrumb\":{\"@id\":\"https:\\\/\\\/www.eltriangle.eu\\\/es\\\/2025\\\/11\\\/25\\\/la-comissio-economica-de-laporta-toca-fondo-con-un-relevo-clandestino\\\/#breadcrumb\"},\"inLanguage\":\"es\",\"potentialAction\":[{\"@type\":\"ReadAction\",\"target\":[\"https:\\\/\\\/www.eltriangle.eu\\\/es\\\/2025\\\/11\\\/25\\\/la-comissio-economica-de-laporta-toca-fondo-con-un-relevo-clandestino\\\/\"]}]},{\"@type\":\"ImageObject\",\"inLanguage\":\"es\",\"@id\":\"https:\\\/\\\/www.eltriangle.eu\\\/es\\\/2025\\\/11\\\/25\\\/la-comissio-economica-de-laporta-toca-fondo-con-un-relevo-clandestino\\\/#primaryimage\",\"url\":\"https:\\\/\\\/www.eltriangle.eu\\\/wp-content\\\/uploads\\\/2025\\\/11\\\/joan-laporta-assemblea-barca-2025.jpg\",\"contentUrl\":\"https:\\\/\\\/www.eltriangle.eu\\\/wp-content\\\/uploads\\\/2025\\\/11\\\/joan-laporta-assemblea-barca-2025.jpg\",\"width\":1280,\"height\":853,\"caption\":\"Joan Laporta, durant l'assemblea del Bar\u00e7a del 2025 (FC Barcelona)\"},{\"@type\":\"BreadcrumbList\",\"@id\":\"https:\\\/\\\/www.eltriangle.eu\\\/es\\\/2025\\\/11\\\/25\\\/la-comissio-economica-de-laporta-toca-fondo-con-un-relevo-clandestino\\\/#breadcrumb\",\"itemListElement\":[{\"@type\":\"ListItem\",\"position\":1,\"name\":\"Portada\",\"item\":\"https:\\\/\\\/www.eltriangle.eu\\\/es\\\/\"},{\"@type\":\"ListItem\",\"position\":2,\"name\":\"La Comissi\u00f3 Econ\u00f2mica de Laporta toca fondo con un relevo clandestino\"}]},{\"@type\":\"WebSite\",\"@id\":\"https:\\\/\\\/www.eltriangle.eu\\\/es\\\/#website\",\"url\":\"https:\\\/\\\/www.eltriangle.eu\\\/es\\\/\",\"name\":\"El Triangle\",\"description\":\"El Triangle \u00e9s un Diari d&#039;informaci\u00f3 general, editat a Catalunya i escrit en llengua catalana, especialitzat en investigaci\u00f3 period\u00edstica\",\"publisher\":{\"@id\":\"https:\\\/\\\/www.eltriangle.eu\\\/es\\\/#organization\"},\"potentialAction\":[{\"@type\":\"SearchAction\",\"target\":{\"@type\":\"EntryPoint\",\"urlTemplate\":\"https:\\\/\\\/www.eltriangle.eu\\\/es\\\/?s={search_term_string}\"},\"query-input\":{\"@type\":\"PropertyValueSpecification\",\"valueRequired\":true,\"valueName\":\"search_term_string\"}}],\"inLanguage\":\"es\"},{\"@type\":[\"Organization\",\"NewsMediaOrganization\"],\"@id\":\"https:\\\/\\\/www.eltriangle.eu\\\/es\\\/#organization\",\"name\":\"El Triangle\",\"url\":\"https:\\\/\\\/www.eltriangle.eu\\\/es\\\/\",\"logo\":{\"@type\":\"ImageObject\",\"inLanguage\":\"es\",\"@id\":\"https:\\\/\\\/www.eltriangle.eu\\\/es\\\/#\\\/schema\\\/logo\\\/image\\\/\",\"url\":\"https:\\\/\\\/www.eltriangle.eu\\\/wp-content\\\/uploads\\\/2020\\\/11\\\/triangle_logo-ajustado.jpg\",\"contentUrl\":\"https:\\\/\\\/www.eltriangle.eu\\\/wp-content\\\/uploads\\\/2020\\\/11\\\/triangle_logo-ajustado.jpg\",\"width\":521,\"height\":92,\"caption\":\"El Triangle\"},\"image\":{\"@id\":\"https:\\\/\\\/www.eltriangle.eu\\\/es\\\/#\\\/schema\\\/logo\\\/image\\\/\"},\"sameAs\":[\"https:\\\/\\\/www.facebook.com\\\/El-Triangle-Diari-101787399020302\",\"https:\\\/\\\/x.com\\\/El_Triangle\",\"https:\\\/\\\/www.youtube.com\\\/channel\\\/UCTIjmYEMYSpdGonuAgNhbcg\"]},{\"@type\":\"Person\",\"@id\":\"https:\\\/\\\/www.eltriangle.eu\\\/es\\\/#\\\/schema\\\/person\\\/df9cb61ef0b061092c35cf7a8636dfc6\",\"name\":\"xavier\",\"image\":{\"@type\":\"ImageObject\",\"inLanguage\":\"es\",\"@id\":\"\\\/\\\/www.gravatar.com\\\/avatar\\\/70cc50ebe4287089b363a6a3c8fa3e72?s=96&#038;r=g&#038;d=mm\",\"url\":\"\\\/\\\/www.gravatar.com\\\/avatar\\\/70cc50ebe4287089b363a6a3c8fa3e72?s=96&#038;r=g&#038;d=mm\",\"contentUrl\":\"\\\/\\\/www.gravatar.com\\\/avatar\\\/70cc50ebe4287089b363a6a3c8fa3e72?s=96&#038;r=g&#038;d=mm\",\"caption\":\"xavier\"},\"url\":\"https:\\\/\\\/www.eltriangle.eu\\\/es\\\/author\\\/xavier\\\/\"},{\"@type\":\"SiteNavigationElement\",\"@id\":\"https:\\\/\\\/www.eltriangle.eu\\\/es\\\/#site-navigation\",\"cssSelector\":[\".cib-main-menu\"]},{\"@type\":\"WPHeader\",\"@id\":\"https:\\\/\\\/www.eltriangle.eu\\\/es\\\/#header\",\"cssSelector\":[\".cib-header\"]},{\"@type\":\"WPFooter\",\"@id\":\"https:\\\/\\\/www.eltriangle.eu\\\/es\\\/#footer\",\"cssSelector\":[\".cib-footer\"]}]}<\/script>\n<!-- \/ Yoast SEO plugin. -->","yoast_head_json":{"title":"La Comissi\u00f3 Econ\u00f2mica de Laporta toca fondo con un relevo clandestino - El Triangle","description":"Intentando provocar el menor ruido, Joan Laporta se ha ventilado al anterior presidente de la Comissi\u00f3 Econ\u00f3mica Estrat\u00e9gica, Joan B. Casas, sustituido en","robots":{"index":"index","follow":"follow","max-snippet":"max-snippet:-1","max-image-preview":"max-image-preview:large","max-video-preview":"max-video-preview:-1"},"canonical":"https:\/\/www.eltriangle.eu\/es\/2025\/11\/25\/la-comissio-economica-de-laporta-toca-fondo-con-un-relevo-clandestino\/","og_locale":"es_ES","og_type":"article","og_title":"La Comissi\u00f3 Econ\u00f2mica de Laporta toca fondo con un relevo clandestino - El Triangle","og_description":"Intentando provocar el menor ruido, Joan Laporta se ha ventilado al anterior presidente de la Comissi\u00f3 Econ\u00f3mica Estrat\u00e9gica, Joan B. Casas, sustituido en","og_url":"https:\/\/www.eltriangle.eu\/es\/2025\/11\/25\/la-comissio-economica-de-laporta-toca-fondo-con-un-relevo-clandestino\/","og_site_name":"El Triangle","article_publisher":"https:\/\/www.facebook.com\/El-Triangle-Diari-101787399020302","article_published_time":"2025-11-25T05:00:13+00:00","article_modified_time":"2025-11-25T12:58:05+00:00","og_image":[{"width":1280,"height":853,"url":"https:\/\/www.eltriangle.eu\/wp-content\/uploads\/2025\/11\/joan-laporta-assemblea-barca-2025.jpg","type":"image\/jpeg"}],"author":"xavier","twitter_card":"summary_large_image","twitter_creator":"@El_Triangle","twitter_site":"@El_Triangle","twitter_misc":{"Escrito por":"xavier","Tiempo de lectura":"7 minutos"},"schema":{"@context":"https:\/\/schema.org","@graph":[{"@type":"NewsArticle","@id":"https:\/\/www.eltriangle.eu\/es\/2025\/11\/25\/la-comissio-economica-de-laporta-toca-fondo-con-un-relevo-clandestino\/#article","isPartOf":{"@id":"https:\/\/www.eltriangle.eu\/es\/2025\/11\/25\/la-comissio-economica-de-laporta-toca-fondo-con-un-relevo-clandestino\/"},"author":{"name":"xavier","@id":"https:\/\/www.eltriangle.eu\/es\/#\/schema\/person\/df9cb61ef0b061092c35cf7a8636dfc6"},"headline":"La Comissi\u00f3 Econ\u00f2mica de Laporta toca fondo con un relevo clandestino","datePublished":"2025-11-25T05:00:13+00:00","dateModified":"2025-11-25T12:58:05+00:00","mainEntityOfPage":{"@id":"https:\/\/www.eltriangle.eu\/es\/2025\/11\/25\/la-comissio-economica-de-laporta-toca-fondo-con-un-relevo-clandestino\/"},"wordCount":1339,"commentCount":1,"publisher":{"@id":"https:\/\/www.eltriangle.eu\/es\/#organization"},"image":{"@id":"https:\/\/www.eltriangle.eu\/es\/2025\/11\/25\/la-comissio-economica-de-laporta-toca-fondo-con-un-relevo-clandestino\/#primaryimage"},"thumbnailUrl":"https:\/\/www.eltriangle.eu\/wp-content\/uploads\/2025\/11\/joan-laporta-assemblea-barca-2025.jpg","keywords":["FC Barcelona","Joan Laporta"],"articleSection":["ClamNou"],"inLanguage":"es","potentialAction":[{"@type":"CommentAction","name":"Comment","target":["https:\/\/www.eltriangle.eu\/es\/2025\/11\/25\/la-comissio-economica-de-laporta-toca-fondo-con-un-relevo-clandestino\/#respond"]}]},{"@type":"WebPage","@id":"https:\/\/www.eltriangle.eu\/es\/2025\/11\/25\/la-comissio-economica-de-laporta-toca-fondo-con-un-relevo-clandestino\/","url":"https:\/\/www.eltriangle.eu\/es\/2025\/11\/25\/la-comissio-economica-de-laporta-toca-fondo-con-un-relevo-clandestino\/","name":"La Comissi\u00f3 Econ\u00f2mica de Laporta toca fondo con un relevo clandestino - El Triangle","isPartOf":{"@id":"https:\/\/www.eltriangle.eu\/es\/#website"},"primaryImageOfPage":{"@id":"https:\/\/www.eltriangle.eu\/es\/2025\/11\/25\/la-comissio-economica-de-laporta-toca-fondo-con-un-relevo-clandestino\/#primaryimage"},"image":{"@id":"https:\/\/www.eltriangle.eu\/es\/2025\/11\/25\/la-comissio-economica-de-laporta-toca-fondo-con-un-relevo-clandestino\/#primaryimage"},"thumbnailUrl":"https:\/\/www.eltriangle.eu\/wp-content\/uploads\/2025\/11\/joan-laporta-assemblea-barca-2025.jpg","datePublished":"2025-11-25T05:00:13+00:00","dateModified":"2025-11-25T12:58:05+00:00","description":"Intentando provocar el menor ruido, Joan Laporta se ha ventilado al anterior presidente de la Comissi\u00f3 Econ\u00f3mica Estrat\u00e9gica, Joan B. Casas, sustituido en","breadcrumb":{"@id":"https:\/\/www.eltriangle.eu\/es\/2025\/11\/25\/la-comissio-economica-de-laporta-toca-fondo-con-un-relevo-clandestino\/#breadcrumb"},"inLanguage":"es","potentialAction":[{"@type":"ReadAction","target":["https:\/\/www.eltriangle.eu\/es\/2025\/11\/25\/la-comissio-economica-de-laporta-toca-fondo-con-un-relevo-clandestino\/"]}]},{"@type":"ImageObject","inLanguage":"es","@id":"https:\/\/www.eltriangle.eu\/es\/2025\/11\/25\/la-comissio-economica-de-laporta-toca-fondo-con-un-relevo-clandestino\/#primaryimage","url":"https:\/\/www.eltriangle.eu\/wp-content\/uploads\/2025\/11\/joan-laporta-assemblea-barca-2025.jpg","contentUrl":"https:\/\/www.eltriangle.eu\/wp-content\/uploads\/2025\/11\/joan-laporta-assemblea-barca-2025.jpg","width":1280,"height":853,"caption":"Joan Laporta, durant l'assemblea del Bar\u00e7a del 2025 (FC Barcelona)"},{"@type":"BreadcrumbList","@id":"https:\/\/www.eltriangle.eu\/es\/2025\/11\/25\/la-comissio-economica-de-laporta-toca-fondo-con-un-relevo-clandestino\/#breadcrumb","itemListElement":[{"@type":"ListItem","position":1,"name":"Portada","item":"https:\/\/www.eltriangle.eu\/es\/"},{"@type":"ListItem","position":2,"name":"La Comissi\u00f3 Econ\u00f2mica de Laporta toca fondo con un relevo clandestino"}]},{"@type":"WebSite","@id":"https:\/\/www.eltriangle.eu\/es\/#website","url":"https:\/\/www.eltriangle.eu\/es\/","name":"El Triangle","description":"El Triangle \u00e9s un Diari d&#039;informaci\u00f3 general, editat a Catalunya i escrit en llengua catalana, especialitzat en investigaci\u00f3 period\u00edstica","publisher":{"@id":"https:\/\/www.eltriangle.eu\/es\/#organization"},"potentialAction":[{"@type":"SearchAction","target":{"@type":"EntryPoint","urlTemplate":"https:\/\/www.eltriangle.eu\/es\/?s={search_term_string}"},"query-input":{"@type":"PropertyValueSpecification","valueRequired":true,"valueName":"search_term_string"}}],"inLanguage":"es"},{"@type":["Organization","NewsMediaOrganization"],"@id":"https:\/\/www.eltriangle.eu\/es\/#organization","name":"El Triangle","url":"https:\/\/www.eltriangle.eu\/es\/","logo":{"@type":"ImageObject","inLanguage":"es","@id":"https:\/\/www.eltriangle.eu\/es\/#\/schema\/logo\/image\/","url":"https:\/\/www.eltriangle.eu\/wp-content\/uploads\/2020\/11\/triangle_logo-ajustado.jpg","contentUrl":"https:\/\/www.eltriangle.eu\/wp-content\/uploads\/2020\/11\/triangle_logo-ajustado.jpg","width":521,"height":92,"caption":"El Triangle"},"image":{"@id":"https:\/\/www.eltriangle.eu\/es\/#\/schema\/logo\/image\/"},"sameAs":["https:\/\/www.facebook.com\/El-Triangle-Diari-101787399020302","https:\/\/x.com\/El_Triangle","https:\/\/www.youtube.com\/channel\/UCTIjmYEMYSpdGonuAgNhbcg"]},{"@type":"Person","@id":"https:\/\/www.eltriangle.eu\/es\/#\/schema\/person\/df9cb61ef0b061092c35cf7a8636dfc6","name":"xavier","image":{"@type":"ImageObject","inLanguage":"es","@id":"\/\/www.gravatar.com\/avatar\/70cc50ebe4287089b363a6a3c8fa3e72?s=96&#038;r=g&#038;d=mm","url":"\/\/www.gravatar.com\/avatar\/70cc50ebe4287089b363a6a3c8fa3e72?s=96&#038;r=g&#038;d=mm","contentUrl":"\/\/www.gravatar.com\/avatar\/70cc50ebe4287089b363a6a3c8fa3e72?s=96&#038;r=g&#038;d=mm","caption":"xavier"},"url":"https:\/\/www.eltriangle.eu\/es\/author\/xavier\/"},{"@type":"SiteNavigationElement","@id":"https:\/\/www.eltriangle.eu\/es\/#site-navigation","cssSelector":[".cib-main-menu"]},{"@type":"WPHeader","@id":"https:\/\/www.eltriangle.eu\/es\/#header","cssSelector":[".cib-header"]},{"@type":"WPFooter","@id":"https:\/\/www.eltriangle.eu\/es\/#footer","cssSelector":[".cib-footer"]}]}},"amp_enabled":true,"_links":{"self":[{"href":"https:\/\/www.eltriangle.eu\/es\/wp-json\/wp\/v2\/posts\/347661","targetHints":{"allow":["GET"]}}],"collection":[{"href":"https:\/\/www.eltriangle.eu\/es\/wp-json\/wp\/v2\/posts"}],"about":[{"href":"https:\/\/www.eltriangle.eu\/es\/wp-json\/wp\/v2\/types\/post"}],"author":[{"embeddable":true,"href":"https:\/\/www.eltriangle.eu\/es\/wp-json\/wp\/v2\/users\/97"}],"replies":[{"embeddable":true,"href":"https:\/\/www.eltriangle.eu\/es\/wp-json\/wp\/v2\/comments?post=347661"}],"version-history":[{"count":0,"href":"https:\/\/www.eltriangle.eu\/es\/wp-json\/wp\/v2\/posts\/347661\/revisions"}],"wp:featuredmedia":[{"embeddable":true,"href":"https:\/\/www.eltriangle.eu\/es\/wp-json\/wp\/v2\/media\/344279"}],"wp:attachment":[{"href":"https:\/\/www.eltriangle.eu\/es\/wp-json\/wp\/v2\/media?parent=347661"}],"wp:term":[{"taxonomy":"category","embeddable":true,"href":"https:\/\/www.eltriangle.eu\/es\/wp-json\/wp\/v2\/categories?post=347661"},{"taxonomy":"post_tag","embeddable":true,"href":"https:\/\/www.eltriangle.eu\/es\/wp-json\/wp\/v2\/tags?post=347661"}],"curies":[{"name":"wp","href":"https:\/\/api.w.org\/{rel}","templated":true}]}}