{"id":347379,"date":"2025-11-26T06:00:26","date_gmt":"2025-11-26T05:00:26","guid":{"rendered":null},"modified":"2025-11-23T12:22:15","modified_gmt":"2025-11-23T11:22:15","slug":"la-rtve-renovada-triunfa-entre-la-audiencia-catalana","status":"publish","type":"post","link":"https:\/\/www.eltriangle.eu\/es\/2025\/11\/26\/la-rtve-renovada-triunfa-entre-la-audiencia-catalana\/","title":{"rendered":"La RTVE renovada triunfa entre la audiencia catalana"},"content":{"rendered":"<p>El canal de televisi\u00f3n de La 1 fue el m\u00e1s visto en Catalu\u00f1a la ma\u00f1ana y la noche del jueves pasado. El resto de franjas fueron lideradas por TV3. Este 20 de noviembre, <em>La Hora de La 1<\/em>, el matinal que presenta <strong>Silvia Intxaurrondo<\/strong>, tuvo 56.000 espectadores, lo que represent\u00f3 un 16,7% de cuota de audiencia. Qued\u00f3 por delante de <em>Els Matins<\/em>, programa presentado por <strong>Ariadna Oltra<\/strong> en TV3, que fue seguido por 48.000 espectadores, casi tres puntos menos de <em>share<\/em> que el de La 1. El programa de <strong>Ana Rosa Quintana<\/strong> en Antena 3 qued\u00f3 muy por debajo: 24.000 espectadores y 5,7% de cuota de pantalla.<\/p>\n<p>El relevo de <em>La Hora de La 1<\/em> lo toma cada d\u00eda <em>Ma\u00f1aneros<\/em>, que presentan <strong>Javier Ruiz<\/strong> y <strong>Adela Gonz\u00e1lez<\/strong>, entre las 10:30 y las 15 horas. El pasado d\u00eda 20 tuvo un <em>share<\/em> del 12,1% (144.000 espectadores). El <em>Tot es Mou<\/em>, de TV3, con <em>Helena Garc\u00eda Melero<\/em>, qued\u00f3 muy por debajo: 69.000 espectadores y 13,5% de share.<\/p>\n<p>Por la noche, ya es habitual en las \u00faltimas semanas que La 1 se lleve el liderazgo los jueves gracias al <em>Futuro Imperfecto<\/em> de <strong>Andreu Buenafuente<\/strong>. Enganch\u00f3 a la pantalla del televisor a 173.000 espectadores, con una cuota de casi el 18%. Tambi\u00e9n fue una gran noche para <strong>David Broncano<\/strong> y <em>La Revuelta<\/em>. La visita del cantante <strong>Alejandro Sanz<\/strong> a su programa tuvo 231.000 seguidores (un 13,4% de<em> share<\/em>). Los catalanes prefieren casi siempre ver a Broncano que a <strong>Pablo Motos<\/strong> y su <em>Hormiguero<\/em>. Este jueves concentr\u00f3 s\u00f3lo la mitad de espectadores que Broncano.<\/p>\n<h2><strong><em>Malas lenguas<\/em><\/strong><strong>, el revulsivo de la tarde<\/strong><\/h2>\n<p>El <em>Malas lenguas<\/em> de <strong>Jes\u00fas Cintora <\/strong>ha sido un revulsivo de las tardes televisivas en Catalu\u00f1a. Desde su estreno, en abril pasado, no ha parado de crecer en audiencia. Adem\u00e1s, se emite simult\u00e1neamente por La 1 y La 2. Este jueves sum\u00f3 entre las dos cadenas cerca de 200.000 espectadores, mientras el resto de <em>magazines<\/em> de tarde quedaban muy lejos de esta cifra. <em>La Selva<\/em> de <strong>Xavier Grasset<\/strong> tuvo 122.000.<\/p>\n<p>Otro programa de La 1 que ha incrementado su audiencia en Catalu\u00f1a es el <em>Telediario<\/em> 2, el informativo de noche, desde que lo presenta <strong>Pepa Bueno<\/strong>. Se elev\u00f3 hasta los 188.000 espectadores (10,4%).<\/p>\n<p>TV3 sigue siendo la cadena m\u00e1s vista cada d\u00eda, salvo contadas excepciones, a menudo vinculadas a transmisiones deportivas de gran seguimiento. Este d\u00eda 20, TV3 tuvo un buen empuj\u00f3n a su audiencia, con la transmisi\u00f3n del partido de f\u00fatbol de <em>La Champions<\/em> femenina entre el Chelsea y el Bar\u00e7a (412.000 espectadores y 23,1% de<em> share<\/em>).<\/p>\n<h2><strong>Objeto de odio de PP y Vox<\/strong><\/h2>\n<p>La 1 ha superado a Antena 3 en su persecuci\u00f3n de la televisi\u00f3n p\u00fablica de la Generalitat. El giro period\u00edstico adoptado por RTVE ha hecho fortuna en Catalu\u00f1a. La 1 y La 2 se han convertido en escenarios televisivos que ejercen de contrapeso al predominio de la derecha y de la extrema derecha en los contenidos informativos de Antena 3. Lejos quedan Telecinco, La Sexta o Cuatro. Y en Espa\u00f1a pasa m\u00e1s o menos lo mismo.<\/p>\n<p>El talante de periodistas como Silvia Intxaurrondo, Javier Ruiz, Adela Gonz\u00e1lez, Jes\u00fas Cintora o Pepa Bueno engancha a un p\u00fablico que quiere huir del bombardeo conservador y agresivo contra el gobierno espa\u00f1ol y las ideas progresistas desde los numerosos medios que componen la <em>Fachoesfera<\/em>. Para muchos catalanes progresistas mirar La 1 y La 2 se ha convertido en una especie de b\u00e1lsamo contra los insultos, amenazas, noticias falsas y tergiversaciones que profieren diarios, radios, televisiones y digitales de derecha y extrema derecha.<\/p>\n<p>Cada d\u00eda que pasa, el giro progresista de RTVE gana m\u00e1s adeptos. Es un fen\u00f3meno que se extiende a toda Espa\u00f1a. Se entiende la frustraci\u00f3n que ha desatado en las filas del PP y Vox.<\/p>\n","protected":false},"excerpt":{"rendered":"<p>El canal de televisi\u00f3n de La 1 fue el m\u00e1s visto en Catalu\u00f1a la ma\u00f1ana y la noche del jueves pasado. El resto de franjas fueron lideradas por TV3. Este 20 de noviembre, La Hora de La 1, el matinal que presenta Silvia Intxaurrondo, tuvo 56.000 espectadores, lo que represent\u00f3 un 16,7% de cuota de &#8230; <a title=\"La RTVE renovada triunfa entre la audiencia catalana\" class=\"read-more\" href=\"https:\/\/www.eltriangle.eu\/es\/2025\/11\/26\/la-rtve-renovada-triunfa-entre-la-audiencia-catalana\/\" aria-label=\"Leer m\u00e1s sobre La RTVE renovada triunfa entre la audiencia catalana\">Leer m\u00e1s<\/a><\/p>\n","protected":false},"author":93,"featured_media":347374,"comment_status":"open","ping_status":"closed","sticky":false,"template":"","format":"standard","meta":{"_acf_changed":false,"pmpro_default_level":"","footnotes":""},"categories":[24,131,78,74],"tags":[4945,8078,4937,6233,9117,9118,8498,311],"class_list":["post-347379","post","type-post","status-publish","format-standard","has-post-thumbnail","hentry","category-actualidad","category-apertura-es","category-media","category-poderes","tag-david-broncano-es","tag-jesus-cintora-es","tag-la-1-es","tag-la-2-es","tag-malas-lenguas","tag-pepa-bueno","tag-silvia-intxaurrondo-es","tag-tv3-es","lh_instant_articles-syndicate-yes","pmpro-has-access"],"acf":[],"yoast_head":"<!-- This site is optimized with the Yoast SEO plugin v27.4 - https:\/\/yoast.com\/product\/yoast-seo-wordpress\/ -->\n<title>La RTVE renovada triunfa entre la audiencia catalana - El Triangle<\/title>\n<meta name=\"description\" content=\"El canal de televisi\u00f3n de La 1 fue el m\u00e1s visto en Catalu\u00f1a la ma\u00f1ana y la noche del jueves pasado. El resto de franjas fueron lideradas por TV3. Este 20\" class=\"yoast-seo-meta-tag\" \/>\n<meta name=\"robots\" content=\"index, follow, max-snippet:-1, max-image-preview:large, max-video-preview:-1\" \/>\n<link rel=\"canonical\" href=\"https:\/\/www.eltriangle.eu\/es\/2025\/11\/26\/la-rtve-renovada-triunfa-entre-la-audiencia-catalana\/\" class=\"yoast-seo-meta-tag\" \/>\n<meta property=\"og:locale\" content=\"es_ES\" class=\"yoast-seo-meta-tag\" \/>\n<meta property=\"og:type\" content=\"article\" class=\"yoast-seo-meta-tag\" \/>\n<meta property=\"og:title\" content=\"La RTVE renovada triunfa entre la audiencia catalana - El Triangle\" class=\"yoast-seo-meta-tag\" \/>\n<meta property=\"og:description\" content=\"El canal de televisi\u00f3n de La 1 fue el m\u00e1s visto en Catalu\u00f1a la ma\u00f1ana y la noche del jueves pasado. El resto de franjas fueron lideradas por TV3. Este 20\" class=\"yoast-seo-meta-tag\" \/>\n<meta property=\"og:url\" content=\"https:\/\/www.eltriangle.eu\/es\/2025\/11\/26\/la-rtve-renovada-triunfa-entre-la-audiencia-catalana\/\" class=\"yoast-seo-meta-tag\" \/>\n<meta property=\"og:site_name\" content=\"El Triangle\" class=\"yoast-seo-meta-tag\" \/>\n<meta property=\"article:publisher\" content=\"https:\/\/www.facebook.com\/El-Triangle-Diari-101787399020302\" class=\"yoast-seo-meta-tag\" \/>\n<meta property=\"article:published_time\" content=\"2025-11-26T05:00:26+00:00\" class=\"yoast-seo-meta-tag\" \/>\n<meta property=\"og:image\" content=\"https:\/\/www.eltriangle.eu\/wp-content\/uploads\/2025\/11\/presentadors-la-1-silvia-intxaurrondo-javier-ruiz-jesus-cintora-pepa-bueno.jpg\" class=\"yoast-seo-meta-tag\" \/>\n\t<meta property=\"og:image:width\" content=\"1241\" class=\"yoast-seo-meta-tag\" \/>\n\t<meta property=\"og:image:height\" content=\"725\" class=\"yoast-seo-meta-tag\" \/>\n\t<meta property=\"og:image:type\" content=\"image\/jpeg\" class=\"yoast-seo-meta-tag\" \/>\n<meta name=\"author\" content=\"redaccio\" class=\"yoast-seo-meta-tag\" \/>\n<meta name=\"twitter:card\" content=\"summary_large_image\" class=\"yoast-seo-meta-tag\" \/>\n<meta name=\"twitter:creator\" content=\"@El_Triangle\" class=\"yoast-seo-meta-tag\" \/>\n<meta name=\"twitter:site\" content=\"@El_Triangle\" class=\"yoast-seo-meta-tag\" \/>\n<meta name=\"twitter:label1\" content=\"Escrito por\" class=\"yoast-seo-meta-tag\" \/>\n\t<meta name=\"twitter:data1\" content=\"redaccio\" class=\"yoast-seo-meta-tag\" \/>\n\t<meta name=\"twitter:label2\" content=\"Tiempo de lectura\" class=\"yoast-seo-meta-tag\" \/>\n\t<meta name=\"twitter:data2\" content=\"3 minutos\" class=\"yoast-seo-meta-tag\" \/>\n<script type=\"application\/ld+json\" class=\"yoast-schema-graph\">{\"@context\":\"https:\\\/\\\/schema.org\",\"@graph\":[{\"@type\":\"NewsArticle\",\"@id\":\"https:\\\/\\\/www.eltriangle.eu\\\/es\\\/2025\\\/11\\\/26\\\/la-rtve-renovada-triunfa-entre-la-audiencia-catalana\\\/#article\",\"isPartOf\":{\"@id\":\"https:\\\/\\\/www.eltriangle.eu\\\/es\\\/2025\\\/11\\\/26\\\/la-rtve-renovada-triunfa-entre-la-audiencia-catalana\\\/\"},\"author\":{\"name\":\"redaccio\",\"@id\":\"https:\\\/\\\/www.eltriangle.eu\\\/es\\\/#\\\/schema\\\/person\\\/7e5bff7fe0202e362b26fcec2bd6f383\"},\"headline\":\"La RTVE renovada triunfa entre la audiencia catalana\",\"datePublished\":\"2025-11-26T05:00:26+00:00\",\"mainEntityOfPage\":{\"@id\":\"https:\\\/\\\/www.eltriangle.eu\\\/es\\\/2025\\\/11\\\/26\\\/la-rtve-renovada-triunfa-entre-la-audiencia-catalana\\\/\"},\"wordCount\":631,\"commentCount\":0,\"publisher\":{\"@id\":\"https:\\\/\\\/www.eltriangle.eu\\\/es\\\/#organization\"},\"image\":{\"@id\":\"https:\\\/\\\/www.eltriangle.eu\\\/es\\\/2025\\\/11\\\/26\\\/la-rtve-renovada-triunfa-entre-la-audiencia-catalana\\\/#primaryimage\"},\"thumbnailUrl\":\"https:\\\/\\\/www.eltriangle.eu\\\/wp-content\\\/uploads\\\/2025\\\/11\\\/presentadors-la-1-silvia-intxaurrondo-javier-ruiz-jesus-cintora-pepa-bueno.jpg\",\"keywords\":[\"David Broncano\",\"Jes\u00fas Cintora\",\"La 1\",\"La 2\",\"Malas lenguas\",\"Pepa Bueno\",\"Silvia Intxaurrondo\",\"TV3\"],\"articleSection\":[\"Actualidad\",\"Apertura\",\"Media\",\"Poderes\"],\"inLanguage\":\"es\",\"potentialAction\":[{\"@type\":\"CommentAction\",\"name\":\"Comment\",\"target\":[\"https:\\\/\\\/www.eltriangle.eu\\\/es\\\/2025\\\/11\\\/26\\\/la-rtve-renovada-triunfa-entre-la-audiencia-catalana\\\/#respond\"]}]},{\"@type\":\"WebPage\",\"@id\":\"https:\\\/\\\/www.eltriangle.eu\\\/es\\\/2025\\\/11\\\/26\\\/la-rtve-renovada-triunfa-entre-la-audiencia-catalana\\\/\",\"url\":\"https:\\\/\\\/www.eltriangle.eu\\\/es\\\/2025\\\/11\\\/26\\\/la-rtve-renovada-triunfa-entre-la-audiencia-catalana\\\/\",\"name\":\"La RTVE renovada triunfa entre la audiencia catalana - El Triangle\",\"isPartOf\":{\"@id\":\"https:\\\/\\\/www.eltriangle.eu\\\/es\\\/#website\"},\"primaryImageOfPage\":{\"@id\":\"https:\\\/\\\/www.eltriangle.eu\\\/es\\\/2025\\\/11\\\/26\\\/la-rtve-renovada-triunfa-entre-la-audiencia-catalana\\\/#primaryimage\"},\"image\":{\"@id\":\"https:\\\/\\\/www.eltriangle.eu\\\/es\\\/2025\\\/11\\\/26\\\/la-rtve-renovada-triunfa-entre-la-audiencia-catalana\\\/#primaryimage\"},\"thumbnailUrl\":\"https:\\\/\\\/www.eltriangle.eu\\\/wp-content\\\/uploads\\\/2025\\\/11\\\/presentadors-la-1-silvia-intxaurrondo-javier-ruiz-jesus-cintora-pepa-bueno.jpg\",\"datePublished\":\"2025-11-26T05:00:26+00:00\",\"description\":\"El canal de televisi\u00f3n de La 1 fue el m\u00e1s visto en Catalu\u00f1a la ma\u00f1ana y la noche del jueves pasado. El resto de franjas fueron lideradas por TV3. Este 20\",\"breadcrumb\":{\"@id\":\"https:\\\/\\\/www.eltriangle.eu\\\/es\\\/2025\\\/11\\\/26\\\/la-rtve-renovada-triunfa-entre-la-audiencia-catalana\\\/#breadcrumb\"},\"inLanguage\":\"es\",\"potentialAction\":[{\"@type\":\"ReadAction\",\"target\":[\"https:\\\/\\\/www.eltriangle.eu\\\/es\\\/2025\\\/11\\\/26\\\/la-rtve-renovada-triunfa-entre-la-audiencia-catalana\\\/\"]}]},{\"@type\":\"ImageObject\",\"inLanguage\":\"es\",\"@id\":\"https:\\\/\\\/www.eltriangle.eu\\\/es\\\/2025\\\/11\\\/26\\\/la-rtve-renovada-triunfa-entre-la-audiencia-catalana\\\/#primaryimage\",\"url\":\"https:\\\/\\\/www.eltriangle.eu\\\/wp-content\\\/uploads\\\/2025\\\/11\\\/presentadors-la-1-silvia-intxaurrondo-javier-ruiz-jesus-cintora-pepa-bueno.jpg\",\"contentUrl\":\"https:\\\/\\\/www.eltriangle.eu\\\/wp-content\\\/uploads\\\/2025\\\/11\\\/presentadors-la-1-silvia-intxaurrondo-javier-ruiz-jesus-cintora-pepa-bueno.jpg\",\"width\":1241,\"height\":725},{\"@type\":\"BreadcrumbList\",\"@id\":\"https:\\\/\\\/www.eltriangle.eu\\\/es\\\/2025\\\/11\\\/26\\\/la-rtve-renovada-triunfa-entre-la-audiencia-catalana\\\/#breadcrumb\",\"itemListElement\":[{\"@type\":\"ListItem\",\"position\":1,\"name\":\"Portada\",\"item\":\"https:\\\/\\\/www.eltriangle.eu\\\/es\\\/\"},{\"@type\":\"ListItem\",\"position\":2,\"name\":\"La RTVE renovada triunfa entre la audiencia catalana\"}]},{\"@type\":\"WebSite\",\"@id\":\"https:\\\/\\\/www.eltriangle.eu\\\/es\\\/#website\",\"url\":\"https:\\\/\\\/www.eltriangle.eu\\\/es\\\/\",\"name\":\"El Triangle\",\"description\":\"El Triangle \u00e9s un Diari d&#039;informaci\u00f3 general, editat a Catalunya i escrit en llengua catalana, especialitzat en investigaci\u00f3 period\u00edstica\",\"publisher\":{\"@id\":\"https:\\\/\\\/www.eltriangle.eu\\\/es\\\/#organization\"},\"potentialAction\":[{\"@type\":\"SearchAction\",\"target\":{\"@type\":\"EntryPoint\",\"urlTemplate\":\"https:\\\/\\\/www.eltriangle.eu\\\/es\\\/?s={search_term_string}\"},\"query-input\":{\"@type\":\"PropertyValueSpecification\",\"valueRequired\":true,\"valueName\":\"search_term_string\"}}],\"inLanguage\":\"es\"},{\"@type\":[\"Organization\",\"NewsMediaOrganization\"],\"@id\":\"https:\\\/\\\/www.eltriangle.eu\\\/es\\\/#organization\",\"name\":\"El Triangle\",\"url\":\"https:\\\/\\\/www.eltriangle.eu\\\/es\\\/\",\"logo\":{\"@type\":\"ImageObject\",\"inLanguage\":\"es\",\"@id\":\"https:\\\/\\\/www.eltriangle.eu\\\/es\\\/#\\\/schema\\\/logo\\\/image\\\/\",\"url\":\"https:\\\/\\\/www.eltriangle.eu\\\/wp-content\\\/uploads\\\/2020\\\/11\\\/triangle_logo-ajustado.jpg\",\"contentUrl\":\"https:\\\/\\\/www.eltriangle.eu\\\/wp-content\\\/uploads\\\/2020\\\/11\\\/triangle_logo-ajustado.jpg\",\"width\":521,\"height\":92,\"caption\":\"El Triangle\"},\"image\":{\"@id\":\"https:\\\/\\\/www.eltriangle.eu\\\/es\\\/#\\\/schema\\\/logo\\\/image\\\/\"},\"sameAs\":[\"https:\\\/\\\/www.facebook.com\\\/El-Triangle-Diari-101787399020302\",\"https:\\\/\\\/x.com\\\/El_Triangle\",\"https:\\\/\\\/www.youtube.com\\\/channel\\\/UCTIjmYEMYSpdGonuAgNhbcg\"]},{\"@type\":\"Person\",\"@id\":\"https:\\\/\\\/www.eltriangle.eu\\\/es\\\/#\\\/schema\\\/person\\\/7e5bff7fe0202e362b26fcec2bd6f383\",\"name\":\"redaccio\",\"image\":{\"@type\":\"ImageObject\",\"inLanguage\":\"es\",\"@id\":\"\\\/\\\/www.gravatar.com\\\/avatar\\\/5661b3e51fe6027f31ed1f408d22a917?s=96&#038;r=g&#038;d=mm\",\"url\":\"\\\/\\\/www.gravatar.com\\\/avatar\\\/5661b3e51fe6027f31ed1f408d22a917?s=96&#038;r=g&#038;d=mm\",\"contentUrl\":\"\\\/\\\/www.gravatar.com\\\/avatar\\\/5661b3e51fe6027f31ed1f408d22a917?s=96&#038;r=g&#038;d=mm\",\"caption\":\"redaccio\"},\"url\":\"https:\\\/\\\/www.eltriangle.eu\\\/es\\\/author\\\/redaccio\\\/\"},{\"@type\":\"SiteNavigationElement\",\"@id\":\"https:\\\/\\\/www.eltriangle.eu\\\/es\\\/#site-navigation\",\"cssSelector\":[\".cib-main-menu\"]},{\"@type\":\"WPHeader\",\"@id\":\"https:\\\/\\\/www.eltriangle.eu\\\/es\\\/#header\",\"cssSelector\":[\".cib-header\"]},{\"@type\":\"WPFooter\",\"@id\":\"https:\\\/\\\/www.eltriangle.eu\\\/es\\\/#footer\",\"cssSelector\":[\".cib-footer\"]}]}<\/script>\n<!-- \/ Yoast SEO plugin. -->","yoast_head_json":{"title":"La RTVE renovada triunfa entre la audiencia catalana - El Triangle","description":"El canal de televisi\u00f3n de La 1 fue el m\u00e1s visto en Catalu\u00f1a la ma\u00f1ana y la noche del jueves pasado. El resto de franjas fueron lideradas por TV3. Este 20","robots":{"index":"index","follow":"follow","max-snippet":"max-snippet:-1","max-image-preview":"max-image-preview:large","max-video-preview":"max-video-preview:-1"},"canonical":"https:\/\/www.eltriangle.eu\/es\/2025\/11\/26\/la-rtve-renovada-triunfa-entre-la-audiencia-catalana\/","og_locale":"es_ES","og_type":"article","og_title":"La RTVE renovada triunfa entre la audiencia catalana - El Triangle","og_description":"El canal de televisi\u00f3n de La 1 fue el m\u00e1s visto en Catalu\u00f1a la ma\u00f1ana y la noche del jueves pasado. El resto de franjas fueron lideradas por TV3. Este 20","og_url":"https:\/\/www.eltriangle.eu\/es\/2025\/11\/26\/la-rtve-renovada-triunfa-entre-la-audiencia-catalana\/","og_site_name":"El Triangle","article_publisher":"https:\/\/www.facebook.com\/El-Triangle-Diari-101787399020302","article_published_time":"2025-11-26T05:00:26+00:00","og_image":[{"width":1241,"height":725,"url":"https:\/\/www.eltriangle.eu\/wp-content\/uploads\/2025\/11\/presentadors-la-1-silvia-intxaurrondo-javier-ruiz-jesus-cintora-pepa-bueno.jpg","type":"image\/jpeg"}],"author":"redaccio","twitter_card":"summary_large_image","twitter_creator":"@El_Triangle","twitter_site":"@El_Triangle","twitter_misc":{"Escrito por":"redaccio","Tiempo de lectura":"3 minutos"},"schema":{"@context":"https:\/\/schema.org","@graph":[{"@type":"NewsArticle","@id":"https:\/\/www.eltriangle.eu\/es\/2025\/11\/26\/la-rtve-renovada-triunfa-entre-la-audiencia-catalana\/#article","isPartOf":{"@id":"https:\/\/www.eltriangle.eu\/es\/2025\/11\/26\/la-rtve-renovada-triunfa-entre-la-audiencia-catalana\/"},"author":{"name":"redaccio","@id":"https:\/\/www.eltriangle.eu\/es\/#\/schema\/person\/7e5bff7fe0202e362b26fcec2bd6f383"},"headline":"La RTVE renovada triunfa entre la audiencia catalana","datePublished":"2025-11-26T05:00:26+00:00","mainEntityOfPage":{"@id":"https:\/\/www.eltriangle.eu\/es\/2025\/11\/26\/la-rtve-renovada-triunfa-entre-la-audiencia-catalana\/"},"wordCount":631,"commentCount":0,"publisher":{"@id":"https:\/\/www.eltriangle.eu\/es\/#organization"},"image":{"@id":"https:\/\/www.eltriangle.eu\/es\/2025\/11\/26\/la-rtve-renovada-triunfa-entre-la-audiencia-catalana\/#primaryimage"},"thumbnailUrl":"https:\/\/www.eltriangle.eu\/wp-content\/uploads\/2025\/11\/presentadors-la-1-silvia-intxaurrondo-javier-ruiz-jesus-cintora-pepa-bueno.jpg","keywords":["David Broncano","Jes\u00fas Cintora","La 1","La 2","Malas lenguas","Pepa Bueno","Silvia Intxaurrondo","TV3"],"articleSection":["Actualidad","Apertura","Media","Poderes"],"inLanguage":"es","potentialAction":[{"@type":"CommentAction","name":"Comment","target":["https:\/\/www.eltriangle.eu\/es\/2025\/11\/26\/la-rtve-renovada-triunfa-entre-la-audiencia-catalana\/#respond"]}]},{"@type":"WebPage","@id":"https:\/\/www.eltriangle.eu\/es\/2025\/11\/26\/la-rtve-renovada-triunfa-entre-la-audiencia-catalana\/","url":"https:\/\/www.eltriangle.eu\/es\/2025\/11\/26\/la-rtve-renovada-triunfa-entre-la-audiencia-catalana\/","name":"La RTVE renovada triunfa entre la audiencia catalana - El Triangle","isPartOf":{"@id":"https:\/\/www.eltriangle.eu\/es\/#website"},"primaryImageOfPage":{"@id":"https:\/\/www.eltriangle.eu\/es\/2025\/11\/26\/la-rtve-renovada-triunfa-entre-la-audiencia-catalana\/#primaryimage"},"image":{"@id":"https:\/\/www.eltriangle.eu\/es\/2025\/11\/26\/la-rtve-renovada-triunfa-entre-la-audiencia-catalana\/#primaryimage"},"thumbnailUrl":"https:\/\/www.eltriangle.eu\/wp-content\/uploads\/2025\/11\/presentadors-la-1-silvia-intxaurrondo-javier-ruiz-jesus-cintora-pepa-bueno.jpg","datePublished":"2025-11-26T05:00:26+00:00","description":"El canal de televisi\u00f3n de La 1 fue el m\u00e1s visto en Catalu\u00f1a la ma\u00f1ana y la noche del jueves pasado. El resto de franjas fueron lideradas por TV3. Este 20","breadcrumb":{"@id":"https:\/\/www.eltriangle.eu\/es\/2025\/11\/26\/la-rtve-renovada-triunfa-entre-la-audiencia-catalana\/#breadcrumb"},"inLanguage":"es","potentialAction":[{"@type":"ReadAction","target":["https:\/\/www.eltriangle.eu\/es\/2025\/11\/26\/la-rtve-renovada-triunfa-entre-la-audiencia-catalana\/"]}]},{"@type":"ImageObject","inLanguage":"es","@id":"https:\/\/www.eltriangle.eu\/es\/2025\/11\/26\/la-rtve-renovada-triunfa-entre-la-audiencia-catalana\/#primaryimage","url":"https:\/\/www.eltriangle.eu\/wp-content\/uploads\/2025\/11\/presentadors-la-1-silvia-intxaurrondo-javier-ruiz-jesus-cintora-pepa-bueno.jpg","contentUrl":"https:\/\/www.eltriangle.eu\/wp-content\/uploads\/2025\/11\/presentadors-la-1-silvia-intxaurrondo-javier-ruiz-jesus-cintora-pepa-bueno.jpg","width":1241,"height":725},{"@type":"BreadcrumbList","@id":"https:\/\/www.eltriangle.eu\/es\/2025\/11\/26\/la-rtve-renovada-triunfa-entre-la-audiencia-catalana\/#breadcrumb","itemListElement":[{"@type":"ListItem","position":1,"name":"Portada","item":"https:\/\/www.eltriangle.eu\/es\/"},{"@type":"ListItem","position":2,"name":"La RTVE renovada triunfa entre la audiencia catalana"}]},{"@type":"WebSite","@id":"https:\/\/www.eltriangle.eu\/es\/#website","url":"https:\/\/www.eltriangle.eu\/es\/","name":"El Triangle","description":"El Triangle \u00e9s un Diari d&#039;informaci\u00f3 general, editat a Catalunya i escrit en llengua catalana, especialitzat en investigaci\u00f3 period\u00edstica","publisher":{"@id":"https:\/\/www.eltriangle.eu\/es\/#organization"},"potentialAction":[{"@type":"SearchAction","target":{"@type":"EntryPoint","urlTemplate":"https:\/\/www.eltriangle.eu\/es\/?s={search_term_string}"},"query-input":{"@type":"PropertyValueSpecification","valueRequired":true,"valueName":"search_term_string"}}],"inLanguage":"es"},{"@type":["Organization","NewsMediaOrganization"],"@id":"https:\/\/www.eltriangle.eu\/es\/#organization","name":"El Triangle","url":"https:\/\/www.eltriangle.eu\/es\/","logo":{"@type":"ImageObject","inLanguage":"es","@id":"https:\/\/www.eltriangle.eu\/es\/#\/schema\/logo\/image\/","url":"https:\/\/www.eltriangle.eu\/wp-content\/uploads\/2020\/11\/triangle_logo-ajustado.jpg","contentUrl":"https:\/\/www.eltriangle.eu\/wp-content\/uploads\/2020\/11\/triangle_logo-ajustado.jpg","width":521,"height":92,"caption":"El Triangle"},"image":{"@id":"https:\/\/www.eltriangle.eu\/es\/#\/schema\/logo\/image\/"},"sameAs":["https:\/\/www.facebook.com\/El-Triangle-Diari-101787399020302","https:\/\/x.com\/El_Triangle","https:\/\/www.youtube.com\/channel\/UCTIjmYEMYSpdGonuAgNhbcg"]},{"@type":"Person","@id":"https:\/\/www.eltriangle.eu\/es\/#\/schema\/person\/7e5bff7fe0202e362b26fcec2bd6f383","name":"redaccio","image":{"@type":"ImageObject","inLanguage":"es","@id":"\/\/www.gravatar.com\/avatar\/5661b3e51fe6027f31ed1f408d22a917?s=96&#038;r=g&#038;d=mm","url":"\/\/www.gravatar.com\/avatar\/5661b3e51fe6027f31ed1f408d22a917?s=96&#038;r=g&#038;d=mm","contentUrl":"\/\/www.gravatar.com\/avatar\/5661b3e51fe6027f31ed1f408d22a917?s=96&#038;r=g&#038;d=mm","caption":"redaccio"},"url":"https:\/\/www.eltriangle.eu\/es\/author\/redaccio\/"},{"@type":"SiteNavigationElement","@id":"https:\/\/www.eltriangle.eu\/es\/#site-navigation","cssSelector":[".cib-main-menu"]},{"@type":"WPHeader","@id":"https:\/\/www.eltriangle.eu\/es\/#header","cssSelector":[".cib-header"]},{"@type":"WPFooter","@id":"https:\/\/www.eltriangle.eu\/es\/#footer","cssSelector":[".cib-footer"]}]}},"amp_enabled":true,"_links":{"self":[{"href":"https:\/\/www.eltriangle.eu\/es\/wp-json\/wp\/v2\/posts\/347379","targetHints":{"allow":["GET"]}}],"collection":[{"href":"https:\/\/www.eltriangle.eu\/es\/wp-json\/wp\/v2\/posts"}],"about":[{"href":"https:\/\/www.eltriangle.eu\/es\/wp-json\/wp\/v2\/types\/post"}],"author":[{"embeddable":true,"href":"https:\/\/www.eltriangle.eu\/es\/wp-json\/wp\/v2\/users\/93"}],"replies":[{"embeddable":true,"href":"https:\/\/www.eltriangle.eu\/es\/wp-json\/wp\/v2\/comments?post=347379"}],"version-history":[{"count":0,"href":"https:\/\/www.eltriangle.eu\/es\/wp-json\/wp\/v2\/posts\/347379\/revisions"}],"wp:featuredmedia":[{"embeddable":true,"href":"https:\/\/www.eltriangle.eu\/es\/wp-json\/wp\/v2\/media\/347374"}],"wp:attachment":[{"href":"https:\/\/www.eltriangle.eu\/es\/wp-json\/wp\/v2\/media?parent=347379"}],"wp:term":[{"taxonomy":"category","embeddable":true,"href":"https:\/\/www.eltriangle.eu\/es\/wp-json\/wp\/v2\/categories?post=347379"},{"taxonomy":"post_tag","embeddable":true,"href":"https:\/\/www.eltriangle.eu\/es\/wp-json\/wp\/v2\/tags?post=347379"}],"curies":[{"name":"wp","href":"https:\/\/api.w.org\/{rel}","templated":true}]}}