{"id":345122,"date":"2025-11-06T10:30:08","date_gmt":"2025-11-06T09:30:08","guid":{"rendered":null},"modified":"2025-11-06T13:18:07","modified_gmt":"2025-11-06T12:18:07","slug":"la-generalitat-registra-482-posibles-casos-de-acoso-escolar-este-curso","status":"publish","type":"post","link":"https:\/\/www.eltriangle.eu\/es\/2025\/11\/06\/la-generalitat-registra-482-posibles-casos-de-acoso-escolar-este-curso\/","title":{"rendered":"La Generalitat registra 482 posibles casos de acoso escolar este curso"},"content":{"rendered":"<p>El <strong>Departamento de Educaci\u00f3n de la Generalitat<\/strong> ha registrado<strong> 482 posibles casos de acoso escolar<\/strong> desde el inicio de este curso. Los casos se han contabilizado en el<strong> Registro de Violencias hacia el Alumnado (REVA)<\/strong>, que se comenz\u00f3 a implementar el curso pasado y lleg\u00f3 entonces a los 1.696 posibles casos.<\/p>\n<p>Por otro lado, este curso 2025-2026 se han incorporado<strong> 14 centros nuevos al programa <em>#aqu\u00edproubullying<\/em><\/strong> (Aqu\u00ed basta de <em>bullying<\/em>), que llega ya a 294 escuelas e institutos. Sumarse proporciona formaci\u00f3n para todo el claustro, que ya ha llegado a m\u00e1s de 5.000 docentes. El Departamento de Educaci\u00f3n ha dado a conocer las cifras este jueves, coincidiendo con el<strong> D\u00eda Internacional contra la Violencia y el Acoso Escolar<\/strong>, establecido por la UNESCO.<\/p>\n<p>Los centros, cuando registran un caso en el REVA, pueden solicitar el asesoramiento de la <strong>Unidad de Apoyo al Alumnado en Situaci\u00f3n de Violencia (USAV)<\/strong>, encargada de atender y gestionar alertas procedentes de cualquier miembro de la comunidad educativa, y en situaciones de violencia dentro o fuera del centro.<\/p>\n<p>En cuanto al programa contra el <em>bullying<\/em>, la novedad de este a\u00f1o ha sido la creaci\u00f3n de <strong>una red estable de encuentros de centros participantes en l\u00ednea<\/strong>, que les permite intercambiar experiencias y establecer buenas pr\u00e1cticas sobre prevenci\u00f3n y tratamiento del acoso.<\/p>\n<p>Adem\u00e1s, los <strong>coordinadores de coeducaci\u00f3n, convivencia y bienestar<\/strong> de todos los centros educativos catalanes comienzan este mes un calendario de seminarios para potenciar el intercambio de experiencias y el trabajo en red. Este proyecto, aplicado a petici\u00f3n de los propios coordinadores, llega despu\u00e9s de dos a\u00f1os de puesta en marcha de esta figura. En ese tiempo, los coordinadores ya han recibido una formaci\u00f3n inicial y una de profundizaci\u00f3n en violencias.<\/p>\n","protected":false},"excerpt":{"rendered":"<p>El Departamento de Educaci\u00f3n de la Generalitat ha registrado 482 posibles casos de acoso escolar desde el inicio de este curso. Los casos se han contabilizado en el Registro de Violencias hacia el Alumnado (REVA), que se comenz\u00f3 a implementar el curso pasado y lleg\u00f3 entonces a los 1.696 posibles casos. Por otro lado, este &#8230; <a title=\"La Generalitat registra 482 posibles casos de acoso escolar este curso\" class=\"read-more\" href=\"https:\/\/www.eltriangle.eu\/es\/2025\/11\/06\/la-generalitat-registra-482-posibles-casos-de-acoso-escolar-este-curso\/\" aria-label=\"Leer m\u00e1s sobre La Generalitat registra 482 posibles casos de acoso escolar este curso\">Leer m\u00e1s<\/a><\/p>\n","protected":false},"author":2,"featured_media":345113,"comment_status":"open","ping_status":"closed","sticky":false,"template":"","format":"standard","meta":{"_acf_changed":false,"pmpro_default_level":"","footnotes":""},"categories":[24,98],"tags":[2826,2473,427],"class_list":["post-345122","post","type-post","status-publish","format-standard","has-post-thumbnail","hentry","category-actualidad","category-educacion","tag-acoso-escolar","tag-bullying-es","tag-departament-deducacio","lh_instant_articles-syndicate-yes","pmpro-has-access"],"acf":[],"yoast_head":"<!-- This site is optimized with the Yoast SEO plugin v27.4 - https:\/\/yoast.com\/product\/yoast-seo-wordpress\/ -->\n<title>La Generalitat registra 482 posibles casos de acoso escolar este curso - El Triangle<\/title>\n<meta name=\"description\" content=\"El Departamento de Educaci\u00f3n de la Generalitat ha registrado 482 posibles casos de acoso escolar desde el inicio de este curso. Los casos se han\" class=\"yoast-seo-meta-tag\" \/>\n<meta name=\"robots\" content=\"index, follow, max-snippet:-1, max-image-preview:large, max-video-preview:-1\" \/>\n<link rel=\"canonical\" href=\"https:\/\/www.eltriangle.eu\/es\/2025\/11\/06\/la-generalitat-registra-482-posibles-casos-de-acoso-escolar-este-curso\/\" class=\"yoast-seo-meta-tag\" \/>\n<meta property=\"og:locale\" content=\"es_ES\" class=\"yoast-seo-meta-tag\" \/>\n<meta property=\"og:type\" content=\"article\" class=\"yoast-seo-meta-tag\" \/>\n<meta property=\"og:title\" content=\"La Generalitat registra 482 posibles casos de acoso escolar este curso - El Triangle\" class=\"yoast-seo-meta-tag\" \/>\n<meta property=\"og:description\" content=\"El Departamento de Educaci\u00f3n de la Generalitat ha registrado 482 posibles casos de acoso escolar desde el inicio de este curso. Los casos se han\" class=\"yoast-seo-meta-tag\" \/>\n<meta property=\"og:url\" content=\"https:\/\/www.eltriangle.eu\/es\/2025\/11\/06\/la-generalitat-registra-482-posibles-casos-de-acoso-escolar-este-curso\/\" class=\"yoast-seo-meta-tag\" \/>\n<meta property=\"og:site_name\" content=\"El Triangle\" class=\"yoast-seo-meta-tag\" \/>\n<meta property=\"article:publisher\" content=\"https:\/\/www.facebook.com\/El-Triangle-Diari-101787399020302\" class=\"yoast-seo-meta-tag\" \/>\n<meta property=\"article:published_time\" content=\"2025-11-06T09:30:08+00:00\" class=\"yoast-seo-meta-tag\" \/>\n<meta property=\"article:modified_time\" content=\"2025-11-06T12:18:07+00:00\" class=\"yoast-seo-meta-tag\" \/>\n<meta property=\"og:image\" content=\"https:\/\/www.eltriangle.eu\/wp-content\/uploads\/2025\/11\/passadis-escola-camp-tarragona.jpg\" class=\"yoast-seo-meta-tag\" \/>\n\t<meta property=\"og:image:width\" content=\"1280\" class=\"yoast-seo-meta-tag\" \/>\n\t<meta property=\"og:image:height\" content=\"853\" class=\"yoast-seo-meta-tag\" \/>\n\t<meta property=\"og:image:type\" content=\"image\/jpeg\" class=\"yoast-seo-meta-tag\" \/>\n<meta name=\"author\" content=\"Redacci\u00f3n\" class=\"yoast-seo-meta-tag\" \/>\n<meta name=\"twitter:card\" content=\"summary_large_image\" class=\"yoast-seo-meta-tag\" \/>\n<meta name=\"twitter:creator\" content=\"@El_Triangle\" class=\"yoast-seo-meta-tag\" \/>\n<meta name=\"twitter:site\" content=\"@El_Triangle\" class=\"yoast-seo-meta-tag\" \/>\n<meta name=\"twitter:label1\" content=\"Escrito por\" class=\"yoast-seo-meta-tag\" \/>\n\t<meta name=\"twitter:data1\" content=\"Redacci\u00f3n\" class=\"yoast-seo-meta-tag\" \/>\n\t<meta name=\"twitter:label2\" content=\"Tiempo de lectura\" class=\"yoast-seo-meta-tag\" \/>\n\t<meta name=\"twitter:data2\" content=\"1 minuto\" class=\"yoast-seo-meta-tag\" \/>\n<script type=\"application\/ld+json\" class=\"yoast-schema-graph\">{\"@context\":\"https:\\\/\\\/schema.org\",\"@graph\":[{\"@type\":\"NewsArticle\",\"@id\":\"https:\\\/\\\/www.eltriangle.eu\\\/es\\\/2025\\\/11\\\/06\\\/la-generalitat-registra-482-posibles-casos-de-acoso-escolar-este-curso\\\/#article\",\"isPartOf\":{\"@id\":\"https:\\\/\\\/www.eltriangle.eu\\\/es\\\/2025\\\/11\\\/06\\\/la-generalitat-registra-482-posibles-casos-de-acoso-escolar-este-curso\\\/\"},\"author\":{\"name\":\"Redacci\u00f3n\",\"@id\":\"https:\\\/\\\/www.eltriangle.eu\\\/es\\\/#\\\/schema\\\/person\\\/164a138451b4f28d35c3f5984dac8e18\"},\"headline\":\"La Generalitat registra 482 posibles casos de acoso escolar este curso\",\"datePublished\":\"2025-11-06T09:30:08+00:00\",\"dateModified\":\"2025-11-06T12:18:07+00:00\",\"mainEntityOfPage\":{\"@id\":\"https:\\\/\\\/www.eltriangle.eu\\\/es\\\/2025\\\/11\\\/06\\\/la-generalitat-registra-482-posibles-casos-de-acoso-escolar-este-curso\\\/\"},\"wordCount\":307,\"commentCount\":0,\"publisher\":{\"@id\":\"https:\\\/\\\/www.eltriangle.eu\\\/es\\\/#organization\"},\"image\":{\"@id\":\"https:\\\/\\\/www.eltriangle.eu\\\/es\\\/2025\\\/11\\\/06\\\/la-generalitat-registra-482-posibles-casos-de-acoso-escolar-este-curso\\\/#primaryimage\"},\"thumbnailUrl\":\"https:\\\/\\\/www.eltriangle.eu\\\/wp-content\\\/uploads\\\/2025\\\/11\\\/passadis-escola-camp-tarragona.jpg\",\"keywords\":[\"acoso escolar\",\"bullying\",\"Departament d'Educaci\u00f3\"],\"articleSection\":[\"Actualidad\",\"Educaci\u00f3n\"],\"inLanguage\":\"es\",\"potentialAction\":[{\"@type\":\"CommentAction\",\"name\":\"Comment\",\"target\":[\"https:\\\/\\\/www.eltriangle.eu\\\/es\\\/2025\\\/11\\\/06\\\/la-generalitat-registra-482-posibles-casos-de-acoso-escolar-este-curso\\\/#respond\"]}]},{\"@type\":\"WebPage\",\"@id\":\"https:\\\/\\\/www.eltriangle.eu\\\/es\\\/2025\\\/11\\\/06\\\/la-generalitat-registra-482-posibles-casos-de-acoso-escolar-este-curso\\\/\",\"url\":\"https:\\\/\\\/www.eltriangle.eu\\\/es\\\/2025\\\/11\\\/06\\\/la-generalitat-registra-482-posibles-casos-de-acoso-escolar-este-curso\\\/\",\"name\":\"La Generalitat registra 482 posibles casos de acoso escolar este curso - El Triangle\",\"isPartOf\":{\"@id\":\"https:\\\/\\\/www.eltriangle.eu\\\/es\\\/#website\"},\"primaryImageOfPage\":{\"@id\":\"https:\\\/\\\/www.eltriangle.eu\\\/es\\\/2025\\\/11\\\/06\\\/la-generalitat-registra-482-posibles-casos-de-acoso-escolar-este-curso\\\/#primaryimage\"},\"image\":{\"@id\":\"https:\\\/\\\/www.eltriangle.eu\\\/es\\\/2025\\\/11\\\/06\\\/la-generalitat-registra-482-posibles-casos-de-acoso-escolar-este-curso\\\/#primaryimage\"},\"thumbnailUrl\":\"https:\\\/\\\/www.eltriangle.eu\\\/wp-content\\\/uploads\\\/2025\\\/11\\\/passadis-escola-camp-tarragona.jpg\",\"datePublished\":\"2025-11-06T09:30:08+00:00\",\"dateModified\":\"2025-11-06T12:18:07+00:00\",\"description\":\"El Departamento de Educaci\u00f3n de la Generalitat ha registrado 482 posibles casos de acoso escolar desde el inicio de este curso. Los casos se han\",\"breadcrumb\":{\"@id\":\"https:\\\/\\\/www.eltriangle.eu\\\/es\\\/2025\\\/11\\\/06\\\/la-generalitat-registra-482-posibles-casos-de-acoso-escolar-este-curso\\\/#breadcrumb\"},\"inLanguage\":\"es\",\"potentialAction\":[{\"@type\":\"ReadAction\",\"target\":[\"https:\\\/\\\/www.eltriangle.eu\\\/es\\\/2025\\\/11\\\/06\\\/la-generalitat-registra-482-posibles-casos-de-acoso-escolar-este-curso\\\/\"]}]},{\"@type\":\"ImageObject\",\"inLanguage\":\"es\",\"@id\":\"https:\\\/\\\/www.eltriangle.eu\\\/es\\\/2025\\\/11\\\/06\\\/la-generalitat-registra-482-posibles-casos-de-acoso-escolar-este-curso\\\/#primaryimage\",\"url\":\"https:\\\/\\\/www.eltriangle.eu\\\/wp-content\\\/uploads\\\/2025\\\/11\\\/passadis-escola-camp-tarragona.jpg\",\"contentUrl\":\"https:\\\/\\\/www.eltriangle.eu\\\/wp-content\\\/uploads\\\/2025\\\/11\\\/passadis-escola-camp-tarragona.jpg\",\"width\":1280,\"height\":853,\"caption\":\"Passad\u00eds d'una escola del Camp de Tarragona (Eloi Tost - ACN)\"},{\"@type\":\"BreadcrumbList\",\"@id\":\"https:\\\/\\\/www.eltriangle.eu\\\/es\\\/2025\\\/11\\\/06\\\/la-generalitat-registra-482-posibles-casos-de-acoso-escolar-este-curso\\\/#breadcrumb\",\"itemListElement\":[{\"@type\":\"ListItem\",\"position\":1,\"name\":\"Portada\",\"item\":\"https:\\\/\\\/www.eltriangle.eu\\\/es\\\/\"},{\"@type\":\"ListItem\",\"position\":2,\"name\":\"La Generalitat registra 482 posibles casos de acoso escolar este curso\"}]},{\"@type\":\"WebSite\",\"@id\":\"https:\\\/\\\/www.eltriangle.eu\\\/es\\\/#website\",\"url\":\"https:\\\/\\\/www.eltriangle.eu\\\/es\\\/\",\"name\":\"El Triangle\",\"description\":\"El Triangle \u00e9s un Diari d&#039;informaci\u00f3 general, editat a Catalunya i escrit en llengua catalana, especialitzat en investigaci\u00f3 period\u00edstica\",\"publisher\":{\"@id\":\"https:\\\/\\\/www.eltriangle.eu\\\/es\\\/#organization\"},\"potentialAction\":[{\"@type\":\"SearchAction\",\"target\":{\"@type\":\"EntryPoint\",\"urlTemplate\":\"https:\\\/\\\/www.eltriangle.eu\\\/es\\\/?s={search_term_string}\"},\"query-input\":{\"@type\":\"PropertyValueSpecification\",\"valueRequired\":true,\"valueName\":\"search_term_string\"}}],\"inLanguage\":\"es\"},{\"@type\":[\"Organization\",\"NewsMediaOrganization\"],\"@id\":\"https:\\\/\\\/www.eltriangle.eu\\\/es\\\/#organization\",\"name\":\"El Triangle\",\"url\":\"https:\\\/\\\/www.eltriangle.eu\\\/es\\\/\",\"logo\":{\"@type\":\"ImageObject\",\"inLanguage\":\"es\",\"@id\":\"https:\\\/\\\/www.eltriangle.eu\\\/es\\\/#\\\/schema\\\/logo\\\/image\\\/\",\"url\":\"https:\\\/\\\/www.eltriangle.eu\\\/wp-content\\\/uploads\\\/2020\\\/11\\\/triangle_logo-ajustado.jpg\",\"contentUrl\":\"https:\\\/\\\/www.eltriangle.eu\\\/wp-content\\\/uploads\\\/2020\\\/11\\\/triangle_logo-ajustado.jpg\",\"width\":521,\"height\":92,\"caption\":\"El Triangle\"},\"image\":{\"@id\":\"https:\\\/\\\/www.eltriangle.eu\\\/es\\\/#\\\/schema\\\/logo\\\/image\\\/\"},\"sameAs\":[\"https:\\\/\\\/www.facebook.com\\\/El-Triangle-Diari-101787399020302\",\"https:\\\/\\\/x.com\\\/El_Triangle\",\"https:\\\/\\\/www.youtube.com\\\/channel\\\/UCTIjmYEMYSpdGonuAgNhbcg\"]},{\"@type\":\"Person\",\"@id\":\"https:\\\/\\\/www.eltriangle.eu\\\/es\\\/#\\\/schema\\\/person\\\/164a138451b4f28d35c3f5984dac8e18\",\"name\":\"Redacci\u00f3n\",\"image\":{\"@type\":\"ImageObject\",\"inLanguage\":\"es\",\"@id\":\"\\\/\\\/www.gravatar.com\\\/avatar\\\/147263d1a435839b8405c79279bb6558?s=96&#038;r=g&#038;d=mm\",\"url\":\"\\\/\\\/www.gravatar.com\\\/avatar\\\/147263d1a435839b8405c79279bb6558?s=96&#038;r=g&#038;d=mm\",\"contentUrl\":\"\\\/\\\/www.gravatar.com\\\/avatar\\\/147263d1a435839b8405c79279bb6558?s=96&#038;r=g&#038;d=mm\",\"caption\":\"Redacci\u00f3n\"},\"url\":\"https:\\\/\\\/www.eltriangle.eu\\\/es\\\/author\\\/autor-1\\\/\"},{\"@type\":\"SiteNavigationElement\",\"@id\":\"https:\\\/\\\/www.eltriangle.eu\\\/es\\\/#site-navigation\",\"cssSelector\":[\".cib-main-menu\"]},{\"@type\":\"WPHeader\",\"@id\":\"https:\\\/\\\/www.eltriangle.eu\\\/es\\\/#header\",\"cssSelector\":[\".cib-header\"]},{\"@type\":\"WPFooter\",\"@id\":\"https:\\\/\\\/www.eltriangle.eu\\\/es\\\/#footer\",\"cssSelector\":[\".cib-footer\"]}]}<\/script>\n<!-- \/ Yoast SEO plugin. -->","yoast_head_json":{"title":"La Generalitat registra 482 posibles casos de acoso escolar este curso - El Triangle","description":"El Departamento de Educaci\u00f3n de la Generalitat ha registrado 482 posibles casos de acoso escolar desde el inicio de este curso. Los casos se han","robots":{"index":"index","follow":"follow","max-snippet":"max-snippet:-1","max-image-preview":"max-image-preview:large","max-video-preview":"max-video-preview:-1"},"canonical":"https:\/\/www.eltriangle.eu\/es\/2025\/11\/06\/la-generalitat-registra-482-posibles-casos-de-acoso-escolar-este-curso\/","og_locale":"es_ES","og_type":"article","og_title":"La Generalitat registra 482 posibles casos de acoso escolar este curso - El Triangle","og_description":"El Departamento de Educaci\u00f3n de la Generalitat ha registrado 482 posibles casos de acoso escolar desde el inicio de este curso. Los casos se han","og_url":"https:\/\/www.eltriangle.eu\/es\/2025\/11\/06\/la-generalitat-registra-482-posibles-casos-de-acoso-escolar-este-curso\/","og_site_name":"El Triangle","article_publisher":"https:\/\/www.facebook.com\/El-Triangle-Diari-101787399020302","article_published_time":"2025-11-06T09:30:08+00:00","article_modified_time":"2025-11-06T12:18:07+00:00","og_image":[{"width":1280,"height":853,"url":"https:\/\/www.eltriangle.eu\/wp-content\/uploads\/2025\/11\/passadis-escola-camp-tarragona.jpg","type":"image\/jpeg"}],"author":"Redacci\u00f3n","twitter_card":"summary_large_image","twitter_creator":"@El_Triangle","twitter_site":"@El_Triangle","twitter_misc":{"Escrito por":"Redacci\u00f3n","Tiempo de lectura":"1 minuto"},"schema":{"@context":"https:\/\/schema.org","@graph":[{"@type":"NewsArticle","@id":"https:\/\/www.eltriangle.eu\/es\/2025\/11\/06\/la-generalitat-registra-482-posibles-casos-de-acoso-escolar-este-curso\/#article","isPartOf":{"@id":"https:\/\/www.eltriangle.eu\/es\/2025\/11\/06\/la-generalitat-registra-482-posibles-casos-de-acoso-escolar-este-curso\/"},"author":{"name":"Redacci\u00f3n","@id":"https:\/\/www.eltriangle.eu\/es\/#\/schema\/person\/164a138451b4f28d35c3f5984dac8e18"},"headline":"La Generalitat registra 482 posibles casos de acoso escolar este curso","datePublished":"2025-11-06T09:30:08+00:00","dateModified":"2025-11-06T12:18:07+00:00","mainEntityOfPage":{"@id":"https:\/\/www.eltriangle.eu\/es\/2025\/11\/06\/la-generalitat-registra-482-posibles-casos-de-acoso-escolar-este-curso\/"},"wordCount":307,"commentCount":0,"publisher":{"@id":"https:\/\/www.eltriangle.eu\/es\/#organization"},"image":{"@id":"https:\/\/www.eltriangle.eu\/es\/2025\/11\/06\/la-generalitat-registra-482-posibles-casos-de-acoso-escolar-este-curso\/#primaryimage"},"thumbnailUrl":"https:\/\/www.eltriangle.eu\/wp-content\/uploads\/2025\/11\/passadis-escola-camp-tarragona.jpg","keywords":["acoso escolar","bullying","Departament d'Educaci\u00f3"],"articleSection":["Actualidad","Educaci\u00f3n"],"inLanguage":"es","potentialAction":[{"@type":"CommentAction","name":"Comment","target":["https:\/\/www.eltriangle.eu\/es\/2025\/11\/06\/la-generalitat-registra-482-posibles-casos-de-acoso-escolar-este-curso\/#respond"]}]},{"@type":"WebPage","@id":"https:\/\/www.eltriangle.eu\/es\/2025\/11\/06\/la-generalitat-registra-482-posibles-casos-de-acoso-escolar-este-curso\/","url":"https:\/\/www.eltriangle.eu\/es\/2025\/11\/06\/la-generalitat-registra-482-posibles-casos-de-acoso-escolar-este-curso\/","name":"La Generalitat registra 482 posibles casos de acoso escolar este curso - El Triangle","isPartOf":{"@id":"https:\/\/www.eltriangle.eu\/es\/#website"},"primaryImageOfPage":{"@id":"https:\/\/www.eltriangle.eu\/es\/2025\/11\/06\/la-generalitat-registra-482-posibles-casos-de-acoso-escolar-este-curso\/#primaryimage"},"image":{"@id":"https:\/\/www.eltriangle.eu\/es\/2025\/11\/06\/la-generalitat-registra-482-posibles-casos-de-acoso-escolar-este-curso\/#primaryimage"},"thumbnailUrl":"https:\/\/www.eltriangle.eu\/wp-content\/uploads\/2025\/11\/passadis-escola-camp-tarragona.jpg","datePublished":"2025-11-06T09:30:08+00:00","dateModified":"2025-11-06T12:18:07+00:00","description":"El Departamento de Educaci\u00f3n de la Generalitat ha registrado 482 posibles casos de acoso escolar desde el inicio de este curso. Los casos se han","breadcrumb":{"@id":"https:\/\/www.eltriangle.eu\/es\/2025\/11\/06\/la-generalitat-registra-482-posibles-casos-de-acoso-escolar-este-curso\/#breadcrumb"},"inLanguage":"es","potentialAction":[{"@type":"ReadAction","target":["https:\/\/www.eltriangle.eu\/es\/2025\/11\/06\/la-generalitat-registra-482-posibles-casos-de-acoso-escolar-este-curso\/"]}]},{"@type":"ImageObject","inLanguage":"es","@id":"https:\/\/www.eltriangle.eu\/es\/2025\/11\/06\/la-generalitat-registra-482-posibles-casos-de-acoso-escolar-este-curso\/#primaryimage","url":"https:\/\/www.eltriangle.eu\/wp-content\/uploads\/2025\/11\/passadis-escola-camp-tarragona.jpg","contentUrl":"https:\/\/www.eltriangle.eu\/wp-content\/uploads\/2025\/11\/passadis-escola-camp-tarragona.jpg","width":1280,"height":853,"caption":"Passad\u00eds d'una escola del Camp de Tarragona (Eloi Tost - ACN)"},{"@type":"BreadcrumbList","@id":"https:\/\/www.eltriangle.eu\/es\/2025\/11\/06\/la-generalitat-registra-482-posibles-casos-de-acoso-escolar-este-curso\/#breadcrumb","itemListElement":[{"@type":"ListItem","position":1,"name":"Portada","item":"https:\/\/www.eltriangle.eu\/es\/"},{"@type":"ListItem","position":2,"name":"La Generalitat registra 482 posibles casos de acoso escolar este curso"}]},{"@type":"WebSite","@id":"https:\/\/www.eltriangle.eu\/es\/#website","url":"https:\/\/www.eltriangle.eu\/es\/","name":"El Triangle","description":"El Triangle \u00e9s un Diari d&#039;informaci\u00f3 general, editat a Catalunya i escrit en llengua catalana, especialitzat en investigaci\u00f3 period\u00edstica","publisher":{"@id":"https:\/\/www.eltriangle.eu\/es\/#organization"},"potentialAction":[{"@type":"SearchAction","target":{"@type":"EntryPoint","urlTemplate":"https:\/\/www.eltriangle.eu\/es\/?s={search_term_string}"},"query-input":{"@type":"PropertyValueSpecification","valueRequired":true,"valueName":"search_term_string"}}],"inLanguage":"es"},{"@type":["Organization","NewsMediaOrganization"],"@id":"https:\/\/www.eltriangle.eu\/es\/#organization","name":"El Triangle","url":"https:\/\/www.eltriangle.eu\/es\/","logo":{"@type":"ImageObject","inLanguage":"es","@id":"https:\/\/www.eltriangle.eu\/es\/#\/schema\/logo\/image\/","url":"https:\/\/www.eltriangle.eu\/wp-content\/uploads\/2020\/11\/triangle_logo-ajustado.jpg","contentUrl":"https:\/\/www.eltriangle.eu\/wp-content\/uploads\/2020\/11\/triangle_logo-ajustado.jpg","width":521,"height":92,"caption":"El Triangle"},"image":{"@id":"https:\/\/www.eltriangle.eu\/es\/#\/schema\/logo\/image\/"},"sameAs":["https:\/\/www.facebook.com\/El-Triangle-Diari-101787399020302","https:\/\/x.com\/El_Triangle","https:\/\/www.youtube.com\/channel\/UCTIjmYEMYSpdGonuAgNhbcg"]},{"@type":"Person","@id":"https:\/\/www.eltriangle.eu\/es\/#\/schema\/person\/164a138451b4f28d35c3f5984dac8e18","name":"Redacci\u00f3n","image":{"@type":"ImageObject","inLanguage":"es","@id":"\/\/www.gravatar.com\/avatar\/147263d1a435839b8405c79279bb6558?s=96&#038;r=g&#038;d=mm","url":"\/\/www.gravatar.com\/avatar\/147263d1a435839b8405c79279bb6558?s=96&#038;r=g&#038;d=mm","contentUrl":"\/\/www.gravatar.com\/avatar\/147263d1a435839b8405c79279bb6558?s=96&#038;r=g&#038;d=mm","caption":"Redacci\u00f3n"},"url":"https:\/\/www.eltriangle.eu\/es\/author\/autor-1\/"},{"@type":"SiteNavigationElement","@id":"https:\/\/www.eltriangle.eu\/es\/#site-navigation","cssSelector":[".cib-main-menu"]},{"@type":"WPHeader","@id":"https:\/\/www.eltriangle.eu\/es\/#header","cssSelector":[".cib-header"]},{"@type":"WPFooter","@id":"https:\/\/www.eltriangle.eu\/es\/#footer","cssSelector":[".cib-footer"]}]}},"amp_enabled":true,"_links":{"self":[{"href":"https:\/\/www.eltriangle.eu\/es\/wp-json\/wp\/v2\/posts\/345122","targetHints":{"allow":["GET"]}}],"collection":[{"href":"https:\/\/www.eltriangle.eu\/es\/wp-json\/wp\/v2\/posts"}],"about":[{"href":"https:\/\/www.eltriangle.eu\/es\/wp-json\/wp\/v2\/types\/post"}],"author":[{"embeddable":true,"href":"https:\/\/www.eltriangle.eu\/es\/wp-json\/wp\/v2\/users\/2"}],"replies":[{"embeddable":true,"href":"https:\/\/www.eltriangle.eu\/es\/wp-json\/wp\/v2\/comments?post=345122"}],"version-history":[{"count":0,"href":"https:\/\/www.eltriangle.eu\/es\/wp-json\/wp\/v2\/posts\/345122\/revisions"}],"wp:featuredmedia":[{"embeddable":true,"href":"https:\/\/www.eltriangle.eu\/es\/wp-json\/wp\/v2\/media\/345113"}],"wp:attachment":[{"href":"https:\/\/www.eltriangle.eu\/es\/wp-json\/wp\/v2\/media?parent=345122"}],"wp:term":[{"taxonomy":"category","embeddable":true,"href":"https:\/\/www.eltriangle.eu\/es\/wp-json\/wp\/v2\/categories?post=345122"},{"taxonomy":"post_tag","embeddable":true,"href":"https:\/\/www.eltriangle.eu\/es\/wp-json\/wp\/v2\/tags?post=345122"}],"curies":[{"name":"wp","href":"https:\/\/api.w.org\/{rel}","templated":true}]}}