{"id":345106,"date":"2025-11-06T11:00:23","date_gmt":"2025-11-06T10:00:23","guid":{"rendered":null},"modified":"2025-11-06T17:39:09","modified_gmt":"2025-11-06T16:39:09","slug":"oriol-pujol-asegura-que-su-padre-quiere-ir-al-juicio-pero-desde-barcelona","status":"publish","type":"post","link":"https:\/\/www.eltriangle.eu\/es\/2025\/11\/06\/oriol-pujol-asegura-que-su-padre-quiere-ir-al-juicio-pero-desde-barcelona\/","title":{"rendered":"Oriol Pujol asegura que su padre quiere ir al juicio, pero desde Barcelona"},"content":{"rendered":"<p>El exdirigente de CDC <strong>Oriol Pujol<\/strong> ha asegurado que su padre, el expresidente catal\u00e1n <strong>Jordi Pujol<\/strong>, quiere asistir a su juicio, pero desde Barcelona porque \u00abel cuerpo no le aguanta para ir all\u00ed\u00bb. En una entrevista en Catalunya R\u00e0dio, el hijo de Jordi Pujol ha confirmado que han detectado <a href=\"https:\/\/www.eltriangle.eu\/es\/2025\/11\/05\/pujol-alega-que-tiene-marcadores-de-alzheimer\/\" target=\"_blank\" rel=\"noopener\">marcadores de Alzheimer<\/a> en la sangre de su padre, pero ha negado que la intenci\u00f3n de la familia sea pedir la inhabilitaci\u00f3n para no ser juzgado.<\/p>\n<p><strong>\u00abEn ning\u00fan caso mi padre est\u00e1 pidiendo no ir a juicio, mi padre quiere ir a juicio\u00bb<\/strong>, ha insistido Oriol Pujol, que ha se\u00f1alado, no obstante, que hacerlo desde Madrid \u00abpuede ser bastante mortal\u00bb para el expresidente catal\u00e1n, debido a su condici\u00f3n f\u00edsica. Por otro lado, se ha mostrado convencido de que \u00abno habr\u00e1 ninguna prisi\u00f3n\u00bb y que <a href=\"https:\/\/www.eltriangle.eu\/es\/2025\/09\/15\/el-juicio-contra-la-familia-pujol-ferrusola-comenzara-el-24-de-noviembre\/\" target=\"_blank\" rel=\"noopener\">el juicio<\/a> \u00abir\u00e1 bien\u00bb, por lo que se ha mostrado \u00abmuy tranquilo\u00bb.<\/p>\n<p>Oriol Pujol ha explicado que su padre <strong>\u00abtiene un problema de habla, le cuesta recordar los nombres de los hijos y nietos y se desubica\u00bb<\/strong>. Con todo, ha a\u00f1adido que tiene d\u00edas malos y d\u00edas buenos, pero ha puesto el acento en que el problema es que tiene un cuerpo \u00abcastigado\u00bb y ha se\u00f1alado que el juicio supone ir a Madrid m\u00e1s de 40 d\u00edas acumulados en 6 meses.<\/p>\n<p>El hijo del expresidente catal\u00e1n ha admitido que su familia se ha sentido sola, sobre todo durante los a\u00f1os iniciales, en los que gestionaron una \u00abavalancha de falsedades\u00bb. El exdirigente de CDC considera que ha sido una instrucci\u00f3n con \u00abdirecci\u00f3n pol\u00edtica\u00bb y que la ciudadan\u00eda ha acabado entendiendo que \u00abla jugada era la cabeza de Pujol\u00bb.<\/p>\n<p>Seg\u00fan ha dicho, <strong>han matado \u00abpol\u00edticamente\u00bb a su padre<\/strong> y ha habido un \u00abproceso de ridiculizaci\u00f3n\u00bb tambi\u00e9n desde Catalu\u00f1a. Preguntado por si cree que Catalu\u00f1a ha perdonado al expresidente de la Generalitat, ha respondido que no sabe si la palabra es perdonar, pero cree que s\u00ed le han entendido. En cuanto al dinero que su familia ten\u00eda en <strong>Andorra<\/strong> fruto de la herencia de su abuelo, Oriol Pujol ha admitido que es \u00abvergonzoso\u00bb y que no es una \u00abcosa bonita\u00bb.<\/p>\n","protected":false},"excerpt":{"rendered":"<p>El exdirigente de CDC Oriol Pujol ha asegurado que su padre, el expresidente catal\u00e1n Jordi Pujol, quiere asistir a su juicio, pero desde Barcelona porque \u00abel cuerpo no le aguanta para ir all\u00ed\u00bb. En una entrevista en Catalunya R\u00e0dio, el hijo de Jordi Pujol ha confirmado que han detectado marcadores de Alzheimer en la sangre &#8230; <a title=\"Oriol Pujol asegura que su padre quiere ir al juicio, pero desde Barcelona\" class=\"read-more\" href=\"https:\/\/www.eltriangle.eu\/es\/2025\/11\/06\/oriol-pujol-asegura-que-su-padre-quiere-ir-al-juicio-pero-desde-barcelona\/\" aria-label=\"Leer m\u00e1s sobre Oriol Pujol asegura que su padre quiere ir al juicio, pero desde Barcelona\">Leer m\u00e1s<\/a><\/p>\n","protected":false},"author":190,"featured_media":305890,"comment_status":"open","ping_status":"closed","sticky":false,"template":"","format":"standard","meta":{"_acf_changed":false,"pmpro_default_level":"","footnotes":""},"categories":[24,74,96],"tags":[593,771,5775],"class_list":["post-345106","post","type-post","status-publish","format-standard","has-post-thumbnail","hentry","category-actualidad","category-poderes","category-tribunales","tag-cas-pujol-es","tag-jordi-pujol-es","tag-oriol-pujol-es","lh_instant_articles-syndicate-yes","pmpro-has-access"],"acf":[],"yoast_head":"<!-- This site is optimized with the Yoast SEO plugin v27.4 - https:\/\/yoast.com\/product\/yoast-seo-wordpress\/ -->\n<title>Oriol Pujol asegura que su padre quiere ir al juicio, pero desde Barcelona - El Triangle<\/title>\n<meta name=\"description\" content=\"El exdirigente de CDC Oriol Pujol ha asegurado que su padre, el expresidente catal\u00e1n Jordi Pujol, quiere asistir a su juicio, pero desde Barcelona porque\" class=\"yoast-seo-meta-tag\" \/>\n<meta name=\"robots\" content=\"index, follow, max-snippet:-1, max-image-preview:large, max-video-preview:-1\" \/>\n<link rel=\"canonical\" href=\"https:\/\/www.eltriangle.eu\/es\/2025\/11\/06\/oriol-pujol-asegura-que-su-padre-quiere-ir-al-juicio-pero-desde-barcelona\/\" class=\"yoast-seo-meta-tag\" \/>\n<meta property=\"og:locale\" content=\"es_ES\" class=\"yoast-seo-meta-tag\" \/>\n<meta property=\"og:type\" content=\"article\" class=\"yoast-seo-meta-tag\" \/>\n<meta property=\"og:title\" content=\"Oriol Pujol asegura que su padre quiere ir al juicio, pero desde Barcelona - El Triangle\" class=\"yoast-seo-meta-tag\" \/>\n<meta property=\"og:description\" content=\"El exdirigente de CDC Oriol Pujol ha asegurado que su padre, el expresidente catal\u00e1n Jordi Pujol, quiere asistir a su juicio, pero desde Barcelona porque\" class=\"yoast-seo-meta-tag\" \/>\n<meta property=\"og:url\" content=\"https:\/\/www.eltriangle.eu\/es\/2025\/11\/06\/oriol-pujol-asegura-que-su-padre-quiere-ir-al-juicio-pero-desde-barcelona\/\" class=\"yoast-seo-meta-tag\" \/>\n<meta property=\"og:site_name\" content=\"El Triangle\" class=\"yoast-seo-meta-tag\" \/>\n<meta property=\"article:publisher\" content=\"https:\/\/www.facebook.com\/El-Triangle-Diari-101787399020302\" class=\"yoast-seo-meta-tag\" \/>\n<meta property=\"article:published_time\" content=\"2025-11-06T10:00:23+00:00\" class=\"yoast-seo-meta-tag\" \/>\n<meta property=\"article:modified_time\" content=\"2025-11-06T16:39:09+00:00\" class=\"yoast-seo-meta-tag\" \/>\n<meta property=\"og:image\" content=\"https:\/\/www.eltriangle.eu\/wp-content\/uploads\/2025\/02\/lexpresident-de-la-generalitat-jordi-pujol-mar-marti-acn.jpg\" class=\"yoast-seo-meta-tag\" \/>\n\t<meta property=\"og:image:width\" content=\"1200\" class=\"yoast-seo-meta-tag\" \/>\n\t<meta property=\"og:image:height\" content=\"675\" class=\"yoast-seo-meta-tag\" \/>\n\t<meta property=\"og:image:type\" content=\"image\/jpeg\" class=\"yoast-seo-meta-tag\" \/>\n<meta name=\"author\" content=\"Redacci\u00f3 \/ Ag\u00e8ncies\" class=\"yoast-seo-meta-tag\" \/>\n<meta name=\"twitter:card\" content=\"summary_large_image\" class=\"yoast-seo-meta-tag\" \/>\n<meta name=\"twitter:creator\" content=\"@El_Triangle\" class=\"yoast-seo-meta-tag\" \/>\n<meta name=\"twitter:site\" content=\"@El_Triangle\" class=\"yoast-seo-meta-tag\" \/>\n<meta name=\"twitter:label1\" content=\"Escrito por\" class=\"yoast-seo-meta-tag\" \/>\n\t<meta name=\"twitter:data1\" content=\"Redacci\u00f3 \/ Ag\u00e8ncies\" class=\"yoast-seo-meta-tag\" \/>\n\t<meta name=\"twitter:label2\" content=\"Tiempo de lectura\" class=\"yoast-seo-meta-tag\" \/>\n\t<meta name=\"twitter:data2\" content=\"2 minutos\" class=\"yoast-seo-meta-tag\" \/>\n<script type=\"application\/ld+json\" class=\"yoast-schema-graph\">{\"@context\":\"https:\\\/\\\/schema.org\",\"@graph\":[{\"@type\":\"NewsArticle\",\"@id\":\"https:\\\/\\\/www.eltriangle.eu\\\/es\\\/2025\\\/11\\\/06\\\/oriol-pujol-asegura-que-su-padre-quiere-ir-al-juicio-pero-desde-barcelona\\\/#article\",\"isPartOf\":{\"@id\":\"https:\\\/\\\/www.eltriangle.eu\\\/es\\\/2025\\\/11\\\/06\\\/oriol-pujol-asegura-que-su-padre-quiere-ir-al-juicio-pero-desde-barcelona\\\/\"},\"author\":{\"name\":\"Redacci\u00f3 \\\/ Ag\u00e8ncies\",\"@id\":\"https:\\\/\\\/www.eltriangle.eu\\\/es\\\/#\\\/schema\\\/person\\\/64856baeb85b6977ea0d14f347aa650f\"},\"headline\":\"Oriol Pujol asegura que su padre quiere ir al juicio, pero desde Barcelona\",\"datePublished\":\"2025-11-06T10:00:23+00:00\",\"dateModified\":\"2025-11-06T16:39:09+00:00\",\"mainEntityOfPage\":{\"@id\":\"https:\\\/\\\/www.eltriangle.eu\\\/es\\\/2025\\\/11\\\/06\\\/oriol-pujol-asegura-que-su-padre-quiere-ir-al-juicio-pero-desde-barcelona\\\/\"},\"wordCount\":390,\"commentCount\":0,\"publisher\":{\"@id\":\"https:\\\/\\\/www.eltriangle.eu\\\/es\\\/#organization\"},\"image\":{\"@id\":\"https:\\\/\\\/www.eltriangle.eu\\\/es\\\/2025\\\/11\\\/06\\\/oriol-pujol-asegura-que-su-padre-quiere-ir-al-juicio-pero-desde-barcelona\\\/#primaryimage\"},\"thumbnailUrl\":\"https:\\\/\\\/www.eltriangle.eu\\\/wp-content\\\/uploads\\\/2025\\\/02\\\/lexpresident-de-la-generalitat-jordi-pujol-mar-marti-acn.jpg\",\"keywords\":[\"Cas Pujol\",\"Jordi Pujol\",\"Oriol Pujol\"],\"articleSection\":[\"Actualidad\",\"Poderes\",\"Tribunales\"],\"inLanguage\":\"es\",\"potentialAction\":[{\"@type\":\"CommentAction\",\"name\":\"Comment\",\"target\":[\"https:\\\/\\\/www.eltriangle.eu\\\/es\\\/2025\\\/11\\\/06\\\/oriol-pujol-asegura-que-su-padre-quiere-ir-al-juicio-pero-desde-barcelona\\\/#respond\"]}]},{\"@type\":\"WebPage\",\"@id\":\"https:\\\/\\\/www.eltriangle.eu\\\/es\\\/2025\\\/11\\\/06\\\/oriol-pujol-asegura-que-su-padre-quiere-ir-al-juicio-pero-desde-barcelona\\\/\",\"url\":\"https:\\\/\\\/www.eltriangle.eu\\\/es\\\/2025\\\/11\\\/06\\\/oriol-pujol-asegura-que-su-padre-quiere-ir-al-juicio-pero-desde-barcelona\\\/\",\"name\":\"Oriol Pujol asegura que su padre quiere ir al juicio, pero desde Barcelona - El Triangle\",\"isPartOf\":{\"@id\":\"https:\\\/\\\/www.eltriangle.eu\\\/es\\\/#website\"},\"primaryImageOfPage\":{\"@id\":\"https:\\\/\\\/www.eltriangle.eu\\\/es\\\/2025\\\/11\\\/06\\\/oriol-pujol-asegura-que-su-padre-quiere-ir-al-juicio-pero-desde-barcelona\\\/#primaryimage\"},\"image\":{\"@id\":\"https:\\\/\\\/www.eltriangle.eu\\\/es\\\/2025\\\/11\\\/06\\\/oriol-pujol-asegura-que-su-padre-quiere-ir-al-juicio-pero-desde-barcelona\\\/#primaryimage\"},\"thumbnailUrl\":\"https:\\\/\\\/www.eltriangle.eu\\\/wp-content\\\/uploads\\\/2025\\\/02\\\/lexpresident-de-la-generalitat-jordi-pujol-mar-marti-acn.jpg\",\"datePublished\":\"2025-11-06T10:00:23+00:00\",\"dateModified\":\"2025-11-06T16:39:09+00:00\",\"description\":\"El exdirigente de CDC Oriol Pujol ha asegurado que su padre, el expresidente catal\u00e1n Jordi Pujol, quiere asistir a su juicio, pero desde Barcelona porque\",\"breadcrumb\":{\"@id\":\"https:\\\/\\\/www.eltriangle.eu\\\/es\\\/2025\\\/11\\\/06\\\/oriol-pujol-asegura-que-su-padre-quiere-ir-al-juicio-pero-desde-barcelona\\\/#breadcrumb\"},\"inLanguage\":\"es\",\"potentialAction\":[{\"@type\":\"ReadAction\",\"target\":[\"https:\\\/\\\/www.eltriangle.eu\\\/es\\\/2025\\\/11\\\/06\\\/oriol-pujol-asegura-que-su-padre-quiere-ir-al-juicio-pero-desde-barcelona\\\/\"]}]},{\"@type\":\"ImageObject\",\"inLanguage\":\"es\",\"@id\":\"https:\\\/\\\/www.eltriangle.eu\\\/es\\\/2025\\\/11\\\/06\\\/oriol-pujol-asegura-que-su-padre-quiere-ir-al-juicio-pero-desde-barcelona\\\/#primaryimage\",\"url\":\"https:\\\/\\\/www.eltriangle.eu\\\/wp-content\\\/uploads\\\/2025\\\/02\\\/lexpresident-de-la-generalitat-jordi-pujol-mar-marti-acn.jpg\",\"contentUrl\":\"https:\\\/\\\/www.eltriangle.eu\\\/wp-content\\\/uploads\\\/2025\\\/02\\\/lexpresident-de-la-generalitat-jordi-pujol-mar-marti-acn.jpg\",\"width\":1200,\"height\":675,\"caption\":\"El expresidente de la Generalitat Jordi Pujol (Mar Mart\u00ed, ACN).\"},{\"@type\":\"BreadcrumbList\",\"@id\":\"https:\\\/\\\/www.eltriangle.eu\\\/es\\\/2025\\\/11\\\/06\\\/oriol-pujol-asegura-que-su-padre-quiere-ir-al-juicio-pero-desde-barcelona\\\/#breadcrumb\",\"itemListElement\":[{\"@type\":\"ListItem\",\"position\":1,\"name\":\"Portada\",\"item\":\"https:\\\/\\\/www.eltriangle.eu\\\/es\\\/\"},{\"@type\":\"ListItem\",\"position\":2,\"name\":\"Oriol Pujol asegura que su padre quiere ir al juicio, pero desde Barcelona\"}]},{\"@type\":\"WebSite\",\"@id\":\"https:\\\/\\\/www.eltriangle.eu\\\/es\\\/#website\",\"url\":\"https:\\\/\\\/www.eltriangle.eu\\\/es\\\/\",\"name\":\"El Triangle\",\"description\":\"El Triangle \u00e9s un Diari d&#039;informaci\u00f3 general, editat a Catalunya i escrit en llengua catalana, especialitzat en investigaci\u00f3 period\u00edstica\",\"publisher\":{\"@id\":\"https:\\\/\\\/www.eltriangle.eu\\\/es\\\/#organization\"},\"potentialAction\":[{\"@type\":\"SearchAction\",\"target\":{\"@type\":\"EntryPoint\",\"urlTemplate\":\"https:\\\/\\\/www.eltriangle.eu\\\/es\\\/?s={search_term_string}\"},\"query-input\":{\"@type\":\"PropertyValueSpecification\",\"valueRequired\":true,\"valueName\":\"search_term_string\"}}],\"inLanguage\":\"es\"},{\"@type\":[\"Organization\",\"NewsMediaOrganization\"],\"@id\":\"https:\\\/\\\/www.eltriangle.eu\\\/es\\\/#organization\",\"name\":\"El Triangle\",\"url\":\"https:\\\/\\\/www.eltriangle.eu\\\/es\\\/\",\"logo\":{\"@type\":\"ImageObject\",\"inLanguage\":\"es\",\"@id\":\"https:\\\/\\\/www.eltriangle.eu\\\/es\\\/#\\\/schema\\\/logo\\\/image\\\/\",\"url\":\"https:\\\/\\\/www.eltriangle.eu\\\/wp-content\\\/uploads\\\/2020\\\/11\\\/triangle_logo-ajustado.jpg\",\"contentUrl\":\"https:\\\/\\\/www.eltriangle.eu\\\/wp-content\\\/uploads\\\/2020\\\/11\\\/triangle_logo-ajustado.jpg\",\"width\":521,\"height\":92,\"caption\":\"El Triangle\"},\"image\":{\"@id\":\"https:\\\/\\\/www.eltriangle.eu\\\/es\\\/#\\\/schema\\\/logo\\\/image\\\/\"},\"sameAs\":[\"https:\\\/\\\/www.facebook.com\\\/El-Triangle-Diari-101787399020302\",\"https:\\\/\\\/x.com\\\/El_Triangle\",\"https:\\\/\\\/www.youtube.com\\\/channel\\\/UCTIjmYEMYSpdGonuAgNhbcg\"]},{\"@type\":\"Person\",\"@id\":\"https:\\\/\\\/www.eltriangle.eu\\\/es\\\/#\\\/schema\\\/person\\\/64856baeb85b6977ea0d14f347aa650f\",\"name\":\"Redacci\u00f3 \\\/ Ag\u00e8ncies\",\"image\":{\"@type\":\"ImageObject\",\"inLanguage\":\"es\",\"@id\":\"\\\/\\\/www.gravatar.com\\\/avatar\\\/351b28574babbd1ad908587a8fb19654?s=96&#038;r=g&#038;d=mm\",\"url\":\"\\\/\\\/www.gravatar.com\\\/avatar\\\/351b28574babbd1ad908587a8fb19654?s=96&#038;r=g&#038;d=mm\",\"contentUrl\":\"\\\/\\\/www.gravatar.com\\\/avatar\\\/351b28574babbd1ad908587a8fb19654?s=96&#038;r=g&#038;d=mm\",\"caption\":\"Redacci\u00f3 \\\/ Ag\u00e8ncies\"},\"url\":\"https:\\\/\\\/www.eltriangle.eu\\\/es\\\/author\\\/redaccioagencies\\\/\"},{\"@type\":\"SiteNavigationElement\",\"@id\":\"https:\\\/\\\/www.eltriangle.eu\\\/es\\\/#site-navigation\",\"cssSelector\":[\".cib-main-menu\"]},{\"@type\":\"WPHeader\",\"@id\":\"https:\\\/\\\/www.eltriangle.eu\\\/es\\\/#header\",\"cssSelector\":[\".cib-header\"]},{\"@type\":\"WPFooter\",\"@id\":\"https:\\\/\\\/www.eltriangle.eu\\\/es\\\/#footer\",\"cssSelector\":[\".cib-footer\"]}]}<\/script>\n<!-- \/ Yoast SEO plugin. -->","yoast_head_json":{"title":"Oriol Pujol asegura que su padre quiere ir al juicio, pero desde Barcelona - El Triangle","description":"El exdirigente de CDC Oriol Pujol ha asegurado que su padre, el expresidente catal\u00e1n Jordi Pujol, quiere asistir a su juicio, pero desde Barcelona porque","robots":{"index":"index","follow":"follow","max-snippet":"max-snippet:-1","max-image-preview":"max-image-preview:large","max-video-preview":"max-video-preview:-1"},"canonical":"https:\/\/www.eltriangle.eu\/es\/2025\/11\/06\/oriol-pujol-asegura-que-su-padre-quiere-ir-al-juicio-pero-desde-barcelona\/","og_locale":"es_ES","og_type":"article","og_title":"Oriol Pujol asegura que su padre quiere ir al juicio, pero desde Barcelona - El Triangle","og_description":"El exdirigente de CDC Oriol Pujol ha asegurado que su padre, el expresidente catal\u00e1n Jordi Pujol, quiere asistir a su juicio, pero desde Barcelona porque","og_url":"https:\/\/www.eltriangle.eu\/es\/2025\/11\/06\/oriol-pujol-asegura-que-su-padre-quiere-ir-al-juicio-pero-desde-barcelona\/","og_site_name":"El Triangle","article_publisher":"https:\/\/www.facebook.com\/El-Triangle-Diari-101787399020302","article_published_time":"2025-11-06T10:00:23+00:00","article_modified_time":"2025-11-06T16:39:09+00:00","og_image":[{"width":1200,"height":675,"url":"https:\/\/www.eltriangle.eu\/wp-content\/uploads\/2025\/02\/lexpresident-de-la-generalitat-jordi-pujol-mar-marti-acn.jpg","type":"image\/jpeg"}],"author":"Redacci\u00f3 \/ Ag\u00e8ncies","twitter_card":"summary_large_image","twitter_creator":"@El_Triangle","twitter_site":"@El_Triangle","twitter_misc":{"Escrito por":"Redacci\u00f3 \/ Ag\u00e8ncies","Tiempo de lectura":"2 minutos"},"schema":{"@context":"https:\/\/schema.org","@graph":[{"@type":"NewsArticle","@id":"https:\/\/www.eltriangle.eu\/es\/2025\/11\/06\/oriol-pujol-asegura-que-su-padre-quiere-ir-al-juicio-pero-desde-barcelona\/#article","isPartOf":{"@id":"https:\/\/www.eltriangle.eu\/es\/2025\/11\/06\/oriol-pujol-asegura-que-su-padre-quiere-ir-al-juicio-pero-desde-barcelona\/"},"author":{"name":"Redacci\u00f3 \/ Ag\u00e8ncies","@id":"https:\/\/www.eltriangle.eu\/es\/#\/schema\/person\/64856baeb85b6977ea0d14f347aa650f"},"headline":"Oriol Pujol asegura que su padre quiere ir al juicio, pero desde Barcelona","datePublished":"2025-11-06T10:00:23+00:00","dateModified":"2025-11-06T16:39:09+00:00","mainEntityOfPage":{"@id":"https:\/\/www.eltriangle.eu\/es\/2025\/11\/06\/oriol-pujol-asegura-que-su-padre-quiere-ir-al-juicio-pero-desde-barcelona\/"},"wordCount":390,"commentCount":0,"publisher":{"@id":"https:\/\/www.eltriangle.eu\/es\/#organization"},"image":{"@id":"https:\/\/www.eltriangle.eu\/es\/2025\/11\/06\/oriol-pujol-asegura-que-su-padre-quiere-ir-al-juicio-pero-desde-barcelona\/#primaryimage"},"thumbnailUrl":"https:\/\/www.eltriangle.eu\/wp-content\/uploads\/2025\/02\/lexpresident-de-la-generalitat-jordi-pujol-mar-marti-acn.jpg","keywords":["Cas Pujol","Jordi Pujol","Oriol Pujol"],"articleSection":["Actualidad","Poderes","Tribunales"],"inLanguage":"es","potentialAction":[{"@type":"CommentAction","name":"Comment","target":["https:\/\/www.eltriangle.eu\/es\/2025\/11\/06\/oriol-pujol-asegura-que-su-padre-quiere-ir-al-juicio-pero-desde-barcelona\/#respond"]}]},{"@type":"WebPage","@id":"https:\/\/www.eltriangle.eu\/es\/2025\/11\/06\/oriol-pujol-asegura-que-su-padre-quiere-ir-al-juicio-pero-desde-barcelona\/","url":"https:\/\/www.eltriangle.eu\/es\/2025\/11\/06\/oriol-pujol-asegura-que-su-padre-quiere-ir-al-juicio-pero-desde-barcelona\/","name":"Oriol Pujol asegura que su padre quiere ir al juicio, pero desde Barcelona - El Triangle","isPartOf":{"@id":"https:\/\/www.eltriangle.eu\/es\/#website"},"primaryImageOfPage":{"@id":"https:\/\/www.eltriangle.eu\/es\/2025\/11\/06\/oriol-pujol-asegura-que-su-padre-quiere-ir-al-juicio-pero-desde-barcelona\/#primaryimage"},"image":{"@id":"https:\/\/www.eltriangle.eu\/es\/2025\/11\/06\/oriol-pujol-asegura-que-su-padre-quiere-ir-al-juicio-pero-desde-barcelona\/#primaryimage"},"thumbnailUrl":"https:\/\/www.eltriangle.eu\/wp-content\/uploads\/2025\/02\/lexpresident-de-la-generalitat-jordi-pujol-mar-marti-acn.jpg","datePublished":"2025-11-06T10:00:23+00:00","dateModified":"2025-11-06T16:39:09+00:00","description":"El exdirigente de CDC Oriol Pujol ha asegurado que su padre, el expresidente catal\u00e1n Jordi Pujol, quiere asistir a su juicio, pero desde Barcelona porque","breadcrumb":{"@id":"https:\/\/www.eltriangle.eu\/es\/2025\/11\/06\/oriol-pujol-asegura-que-su-padre-quiere-ir-al-juicio-pero-desde-barcelona\/#breadcrumb"},"inLanguage":"es","potentialAction":[{"@type":"ReadAction","target":["https:\/\/www.eltriangle.eu\/es\/2025\/11\/06\/oriol-pujol-asegura-que-su-padre-quiere-ir-al-juicio-pero-desde-barcelona\/"]}]},{"@type":"ImageObject","inLanguage":"es","@id":"https:\/\/www.eltriangle.eu\/es\/2025\/11\/06\/oriol-pujol-asegura-que-su-padre-quiere-ir-al-juicio-pero-desde-barcelona\/#primaryimage","url":"https:\/\/www.eltriangle.eu\/wp-content\/uploads\/2025\/02\/lexpresident-de-la-generalitat-jordi-pujol-mar-marti-acn.jpg","contentUrl":"https:\/\/www.eltriangle.eu\/wp-content\/uploads\/2025\/02\/lexpresident-de-la-generalitat-jordi-pujol-mar-marti-acn.jpg","width":1200,"height":675,"caption":"El expresidente de la Generalitat Jordi Pujol (Mar Mart\u00ed, ACN)."},{"@type":"BreadcrumbList","@id":"https:\/\/www.eltriangle.eu\/es\/2025\/11\/06\/oriol-pujol-asegura-que-su-padre-quiere-ir-al-juicio-pero-desde-barcelona\/#breadcrumb","itemListElement":[{"@type":"ListItem","position":1,"name":"Portada","item":"https:\/\/www.eltriangle.eu\/es\/"},{"@type":"ListItem","position":2,"name":"Oriol Pujol asegura que su padre quiere ir al juicio, pero desde Barcelona"}]},{"@type":"WebSite","@id":"https:\/\/www.eltriangle.eu\/es\/#website","url":"https:\/\/www.eltriangle.eu\/es\/","name":"El Triangle","description":"El Triangle \u00e9s un Diari d&#039;informaci\u00f3 general, editat a Catalunya i escrit en llengua catalana, especialitzat en investigaci\u00f3 period\u00edstica","publisher":{"@id":"https:\/\/www.eltriangle.eu\/es\/#organization"},"potentialAction":[{"@type":"SearchAction","target":{"@type":"EntryPoint","urlTemplate":"https:\/\/www.eltriangle.eu\/es\/?s={search_term_string}"},"query-input":{"@type":"PropertyValueSpecification","valueRequired":true,"valueName":"search_term_string"}}],"inLanguage":"es"},{"@type":["Organization","NewsMediaOrganization"],"@id":"https:\/\/www.eltriangle.eu\/es\/#organization","name":"El Triangle","url":"https:\/\/www.eltriangle.eu\/es\/","logo":{"@type":"ImageObject","inLanguage":"es","@id":"https:\/\/www.eltriangle.eu\/es\/#\/schema\/logo\/image\/","url":"https:\/\/www.eltriangle.eu\/wp-content\/uploads\/2020\/11\/triangle_logo-ajustado.jpg","contentUrl":"https:\/\/www.eltriangle.eu\/wp-content\/uploads\/2020\/11\/triangle_logo-ajustado.jpg","width":521,"height":92,"caption":"El Triangle"},"image":{"@id":"https:\/\/www.eltriangle.eu\/es\/#\/schema\/logo\/image\/"},"sameAs":["https:\/\/www.facebook.com\/El-Triangle-Diari-101787399020302","https:\/\/x.com\/El_Triangle","https:\/\/www.youtube.com\/channel\/UCTIjmYEMYSpdGonuAgNhbcg"]},{"@type":"Person","@id":"https:\/\/www.eltriangle.eu\/es\/#\/schema\/person\/64856baeb85b6977ea0d14f347aa650f","name":"Redacci\u00f3 \/ Ag\u00e8ncies","image":{"@type":"ImageObject","inLanguage":"es","@id":"\/\/www.gravatar.com\/avatar\/351b28574babbd1ad908587a8fb19654?s=96&#038;r=g&#038;d=mm","url":"\/\/www.gravatar.com\/avatar\/351b28574babbd1ad908587a8fb19654?s=96&#038;r=g&#038;d=mm","contentUrl":"\/\/www.gravatar.com\/avatar\/351b28574babbd1ad908587a8fb19654?s=96&#038;r=g&#038;d=mm","caption":"Redacci\u00f3 \/ Ag\u00e8ncies"},"url":"https:\/\/www.eltriangle.eu\/es\/author\/redaccioagencies\/"},{"@type":"SiteNavigationElement","@id":"https:\/\/www.eltriangle.eu\/es\/#site-navigation","cssSelector":[".cib-main-menu"]},{"@type":"WPHeader","@id":"https:\/\/www.eltriangle.eu\/es\/#header","cssSelector":[".cib-header"]},{"@type":"WPFooter","@id":"https:\/\/www.eltriangle.eu\/es\/#footer","cssSelector":[".cib-footer"]}]}},"amp_enabled":true,"_links":{"self":[{"href":"https:\/\/www.eltriangle.eu\/es\/wp-json\/wp\/v2\/posts\/345106","targetHints":{"allow":["GET"]}}],"collection":[{"href":"https:\/\/www.eltriangle.eu\/es\/wp-json\/wp\/v2\/posts"}],"about":[{"href":"https:\/\/www.eltriangle.eu\/es\/wp-json\/wp\/v2\/types\/post"}],"author":[{"embeddable":true,"href":"https:\/\/www.eltriangle.eu\/es\/wp-json\/wp\/v2\/users\/190"}],"replies":[{"embeddable":true,"href":"https:\/\/www.eltriangle.eu\/es\/wp-json\/wp\/v2\/comments?post=345106"}],"version-history":[{"count":0,"href":"https:\/\/www.eltriangle.eu\/es\/wp-json\/wp\/v2\/posts\/345106\/revisions"}],"wp:featuredmedia":[{"embeddable":true,"href":"https:\/\/www.eltriangle.eu\/es\/wp-json\/wp\/v2\/media\/305890"}],"wp:attachment":[{"href":"https:\/\/www.eltriangle.eu\/es\/wp-json\/wp\/v2\/media?parent=345106"}],"wp:term":[{"taxonomy":"category","embeddable":true,"href":"https:\/\/www.eltriangle.eu\/es\/wp-json\/wp\/v2\/categories?post=345106"},{"taxonomy":"post_tag","embeddable":true,"href":"https:\/\/www.eltriangle.eu\/es\/wp-json\/wp\/v2\/tags?post=345106"}],"curies":[{"name":"wp","href":"https:\/\/api.w.org\/{rel}","templated":true}]}}