{"id":339114,"date":"2025-09-29T13:50:43","date_gmt":"2025-09-29T11:50:43","guid":{"rendered":null},"modified":"2025-09-29T17:15:37","modified_gmt":"2025-09-29T15:15:37","slug":"alerta-maxima-en-el-sur-de-cataluna-por-lluvias-torrenciales-y-riesgo-de-tiempo-violento","status":"publish","type":"post","link":"https:\/\/www.eltriangle.eu\/es\/2025\/09\/29\/alerta-maxima-en-el-sur-de-cataluna-por-lluvias-torrenciales-y-riesgo-de-tiempo-violento\/","title":{"rendered":"Catalu\u00f1a da por superadas las horas m\u00e1s dif\u00edciles del temporal"},"content":{"rendered":"<p>Catalu\u00f1a ya da por superadas las horas m\u00e1s dif\u00edciles del temporal. Despu\u00e9s de que el <strong>Departamento de Educaci\u00f3n de la Generalitat<\/strong> decidiera domingo la suspensi\u00f3n de las clases de lunes, las autoridades han destacado que la mejora del tiempo hace mediod\u00eda de lunes a que se pase de nivel rojo a naranja.<\/p>\n<p>Ahora, el temporal se desplaza hacia sur, por lo cual las <strong>Tierras del Ebro<\/strong> empezar\u00e1n a entrar en normalidad, pero despu\u00e9s de evaluar los da\u00f1os, como las carreteras o las instalaciones el\u00e9ctricas.<\/p>\n<p>Domingo, <strong>Protecci\u00f3 Civil<\/strong> envi\u00f3 alertas a los m\u00f3viles de la zona informando de lluvias torrenciales y pidiendo a la ciudadan\u00eda que evitaran desplazamientos y actividades al exterior. En el mensaje tambi\u00e9n se alertaba del riesgo de acercarse o de atravesar rieras, torrentes o barrancos.<\/p>\n<p>Por su parte, <strong>el presidente de la Generalitat, Salvador Illa<\/strong>, particip\u00f3 de la reuni\u00f3n del <strong>Centro de Coordinaci\u00f3n Operativa de Catalu\u00f1a (CECAT)<\/strong> para conocer y seguir la evoluci\u00f3n de las lluvias y sus consecuencias. A la vegada, Illa se puso en contacto con los alcaldes de los municipios para hacer un seguimientos de las afectaciones.<\/p>\n<p>Fue la consejera de<strong> Interior y Seguridad, Nuria Parlon<\/strong>,\u00a0 la que inform\u00f3 que que el peor ya hab\u00eda pasado y que no se han producido incidencias graves. Parlon ha destacado el comportamiento de la ciudadan\u00eda, que ha seguido las indicaciones de las autoridades.<\/p>\n<p>La <strong>Agencia Estatal de Meteorolog\u00eda (Aemet)<\/strong> hab\u00eda extendido hasta el\u00a0 mediod\u00eda de hoy lunes el aviso rojo por acumulaci\u00f3n de lluvias en el Ebro. Pero ante la mejora, el <strong>Servicio Meteorol\u00f3gico de Catalu\u00f1a (Meteocat)<\/strong> ha rebajado a nivel naranja lo alerta por lluvias torrenciales en el Baix Ebre y el Montsi\u00e0, en concreto al nivel 3 de 6.<\/p>\n<p>Domingo, el alerta se hab\u00eda situado en 5 de 6. No obstante, este lunes todav\u00eda se pueden superar los 20 litros por metro cuadrado en 30 minutos.<\/p>\n<p>Hoy por la tarde, Protecci\u00f3n Civil ha enviado una alerta a los tel\u00e9fonos m\u00f3viles del Montsi\u00e0 i del Baix Ebre para informar que ma\u00f1ana martes se reprenden las clases en las dos comarcas. No obstante, el mensaje tambi\u00e9n remarca que aunque disminuya la intensidad de las lluvias, todav\u00eda puede llover, por lo que hace un llamamiento a mantener la precauci\u00f3n hasta ma\u00f1ana.<\/p>\n<h2>Afectaciones<\/h2>\n<p>Uno de los municipios que registr\u00f3 m\u00e1s agua fue <strong>Amposta<\/strong>. Su alcalde, Adam Tom\u00e0s, explic\u00f3 a lo ACN que prev\u00e9n que pueda haber alguna afectaci\u00f3n a caminos e instalaciones deportivas. Aun as\u00ed, ha destacado que al pabell\u00f3n esta vez no ha entrado agua, puesto que las bombas lo han podido recoger.<\/p>\n<p>En <strong>Deltebre<\/strong> se han despertado con algunas calles inundadas con un palmo de agua. Seg\u00fan fuentes municipales son zonas donde cuando hay alta intensidad de lluvia acostumbra a acumularse agua y desde primera hora la brigada evalu\u00f3 posibles da\u00f1os. Con todo, no tienen constancia de desperfectos importantes.<\/p>\n<p>Tambi\u00e9n se revisaron las escuelas, que estaban cerradas como todas las Tierras del Ebro. El resto de equipaciones municipales estaban cerrados, excepto el Ayuntamiento y el Consejo de Riumar.<\/p>\n<p>El CAP solo atendi\u00f3 urgencias.En <strong>l&#8217;Aldea<\/strong> cayeron unos 109 litros por m\u00b2 hasta primera hora de este lunes. Desde el consistorio apuntaron que tienen campos inundados, si bien se tuvieron que revisar la afectaci\u00f3n en caminos. Al casco urbano no hubieron incidencias y por precauci\u00f3n se mantuvieron cerrados todas las equipaciones municipales, a excepci\u00f3n del ayuntamiento, que rest\u00f3 abierto.<\/p>\n<p>La situaci\u00f3n tampoco fue preocupante en <strong>Alcanar<\/strong> donde durante la noche cayeron hasta 40 litros por m\u00b2 en media hora. La lluvia, pero, les dio una tregua a primera hora, un hecho que ayud\u00f3 a drenar toda la que ha ca\u00eddo desde este domingo.<\/p>\n<p>Tampoco en <strong>Ulldecona<\/strong> han tenido que lamentar da\u00f1os. Hasta la madrugada, al n\u00facleo de los Valentins hab\u00edan ca\u00eddo 80 litros, si bien al casco urbano la lluvia fue m\u00e1s exigua. Por ahora, no constan afectaciones ni en calles ni en aparcamientos sepultados. El CAP solo ha atendido urgencias.<\/p>\n<p>En cuanto a las intensidades, las lluvias han dejado registros de 52,4 litros por metro cuadrado en media hora a <strong>Amposta<\/strong> y 27,6 en <strong>l&#8217;Aldea<\/strong>, seg\u00fan el Servicio Meteorol\u00f3gico de Catalu\u00f1a (Meteocat).<\/p>\n<p>La <strong>Conferencia Hidrogr\u00e1fica del Ebro<\/strong> alert\u00f3 de la posibilidad de crecida de los barrancos de Pixadors, Vinaixarop y Rocaborba, en el Baix Ebre.<\/p>\n<p>Precisamente, uno de los municipios afectados, <strong>Mas de Barberans<\/strong>, ha estado sin luz durante toda la noche pasada. Otras localidades, como <strong>R\u00e0pita<\/strong>, tambi\u00e9n han tenido problemas con el servicio el\u00e9ctrico.<\/p>\n<p>A primera hora de la tarde de lunes todas las carreteras ya estaban en servicio. Durante la ma\u00f1ana, pero, han estado cortadas la N-340 en diferentes tramos, la C-12 de Amposta a Tortosa, la TV-3314 entre Godall y Ulldecona, la TV-3408 a Amposta, y la TP-3311 entre Santa B\u00e0rbara y la S\u00e9nia.<\/p>\n<p>Por otro lado, el tel\u00e9fono de emergencias 112 ha recibido 108 llamadas que han generado 90 expedientes. M\u00e1s de la mitad de las llamadas proven\u00edan del Montsi\u00e0 (51,46%). Por su parte, los Bomberos de la Generalitat han atendido 26 servicios entre las 7 de la ma\u00f1ana y la una de la tarde.<\/p>\n<h2>Aviso<\/h2>\n<p>El <strong>Meteocat<\/strong> emiti\u00f3 domingo por la tarde un aviso de tiempo violento en el Baix Ebre y en el Montsi\u00e0, con peligro m\u00e1ximo (6 de 6). Paralelamente, Protecci\u00f3n Civil activ\u00f3 una alerta a los m\u00f3viles de las comarcas del Baix Ebre, el Montsi\u00e0 y la Terra Alta por la previsi\u00f3n de lluvias torrenciales.<\/p>\n<p>Los <strong>Bomberos de la Generalitat<\/strong> reforzaron los dispositivos con m\u00e1s personal en los parques, unidades especializadas y equipos de rescate subacu\u00e1tico desplazados a Amposta.<\/p>\n<p>Tambi\u00e9n los <strong>Agentes Rurales<\/strong> trabajan en la zona con tareas de vigilancia y se\u00f1alizaci\u00f3n de pasos impracticables. Protecci\u00f3n Civil insiste a evitar desplazamientos y actividades al exterior, no acercarse a r\u00edos ni barrancos y subir a pisos superiores si entra agua a la vivienda.<\/p>\n","protected":false},"excerpt":{"rendered":"<p>Catalu\u00f1a ya da por superadas las horas m\u00e1s dif\u00edciles del temporal. Despu\u00e9s de que el Departamento de Educaci\u00f3n de la Generalitat decidiera domingo la suspensi\u00f3n de las clases de lunes, las autoridades han destacado que la mejora del tiempo hace mediod\u00eda de lunes a que se pase de nivel rojo a naranja. Ahora, el temporal &#8230; <a title=\"Catalu\u00f1a da por superadas las horas m\u00e1s dif\u00edciles del temporal\" class=\"read-more\" href=\"https:\/\/www.eltriangle.eu\/es\/2025\/09\/29\/alerta-maxima-en-el-sur-de-cataluna-por-lluvias-torrenciales-y-riesgo-de-tiempo-violento\/\" aria-label=\"Leer m\u00e1s sobre Catalu\u00f1a da por superadas las horas m\u00e1s dif\u00edciles del temporal\">Leer m\u00e1s<\/a><\/p>\n","protected":false},"author":93,"featured_media":339161,"comment_status":"open","ping_status":"closed","sticky":false,"template":"","format":"standard","meta":{"_acf_changed":false,"pmpro_default_level":"","footnotes":""},"categories":[24,131,94],"tags":[8510,378,407,3481],"class_list":["post-339114","post","type-post","status-publish","format-standard","has-post-thumbnail","hentry","category-actualidad","category-apertura-es","category-medio-ambiente","tag-aemet-es","tag-catalunya-es","tag-proteccio-civil-es","tag-servicio-meteorologico-de-cataluna","lh_instant_articles-syndicate-yes","pmpro-has-access"],"acf":[],"yoast_head":"<!-- This site is optimized with the Yoast SEO plugin v27.4 - https:\/\/yoast.com\/product\/yoast-seo-wordpress\/ -->\n<title>Catalu\u00f1a da por superadas las horas m\u00e1s dif\u00edciles del temporal - El Triangle<\/title>\n<meta name=\"description\" content=\"Catalu\u00f1a ya da por superadas las horas m\u00e1s dif\u00edciles del temporal. Despu\u00e9s de que el Departamento de Educaci\u00f3n de la Generalitat decidiera domingo la\" class=\"yoast-seo-meta-tag\" \/>\n<meta name=\"robots\" content=\"index, follow, max-snippet:-1, max-image-preview:large, max-video-preview:-1\" \/>\n<link rel=\"canonical\" href=\"https:\/\/www.eltriangle.eu\/es\/2025\/09\/29\/alerta-maxima-en-el-sur-de-cataluna-por-lluvias-torrenciales-y-riesgo-de-tiempo-violento\/\" class=\"yoast-seo-meta-tag\" \/>\n<meta property=\"og:locale\" content=\"es_ES\" class=\"yoast-seo-meta-tag\" \/>\n<meta property=\"og:type\" content=\"article\" class=\"yoast-seo-meta-tag\" \/>\n<meta property=\"og:title\" content=\"Catalu\u00f1a da por superadas las horas m\u00e1s dif\u00edciles del temporal - El Triangle\" class=\"yoast-seo-meta-tag\" \/>\n<meta property=\"og:description\" content=\"Catalu\u00f1a ya da por superadas las horas m\u00e1s dif\u00edciles del temporal. Despu\u00e9s de que el Departamento de Educaci\u00f3n de la Generalitat decidiera domingo la\" class=\"yoast-seo-meta-tag\" \/>\n<meta property=\"og:url\" content=\"https:\/\/www.eltriangle.eu\/es\/2025\/09\/29\/alerta-maxima-en-el-sur-de-cataluna-por-lluvias-torrenciales-y-riesgo-de-tiempo-violento\/\" class=\"yoast-seo-meta-tag\" \/>\n<meta property=\"og:site_name\" content=\"El Triangle\" class=\"yoast-seo-meta-tag\" \/>\n<meta property=\"article:publisher\" content=\"https:\/\/www.facebook.com\/El-Triangle-Diari-101787399020302\" class=\"yoast-seo-meta-tag\" \/>\n<meta property=\"article:published_time\" content=\"2025-09-29T11:50:43+00:00\" class=\"yoast-seo-meta-tag\" \/>\n<meta property=\"article:modified_time\" content=\"2025-09-29T15:15:37+00:00\" class=\"yoast-seo-meta-tag\" \/>\n<meta property=\"og:image\" content=\"https:\/\/www.eltriangle.eu\/wp-content\/uploads\/2025\/09\/barranc-galera-masdenverge-pluja-torrencial.jpg\" class=\"yoast-seo-meta-tag\" \/>\n\t<meta property=\"og:image:width\" content=\"1280\" class=\"yoast-seo-meta-tag\" \/>\n\t<meta property=\"og:image:height\" content=\"853\" class=\"yoast-seo-meta-tag\" \/>\n\t<meta property=\"og:image:type\" content=\"image\/jpeg\" class=\"yoast-seo-meta-tag\" \/>\n<meta name=\"author\" content=\"redaccio\" class=\"yoast-seo-meta-tag\" \/>\n<meta name=\"twitter:card\" content=\"summary_large_image\" class=\"yoast-seo-meta-tag\" \/>\n<meta name=\"twitter:creator\" content=\"@El_Triangle\" class=\"yoast-seo-meta-tag\" \/>\n<meta name=\"twitter:site\" content=\"@El_Triangle\" class=\"yoast-seo-meta-tag\" \/>\n<meta name=\"twitter:label1\" content=\"Escrito por\" class=\"yoast-seo-meta-tag\" \/>\n\t<meta name=\"twitter:data1\" content=\"redaccio\" class=\"yoast-seo-meta-tag\" \/>\n\t<meta name=\"twitter:label2\" content=\"Tiempo de lectura\" class=\"yoast-seo-meta-tag\" \/>\n\t<meta name=\"twitter:data2\" content=\"5 minutos\" class=\"yoast-seo-meta-tag\" \/>\n<script type=\"application\/ld+json\" class=\"yoast-schema-graph\">{\"@context\":\"https:\\\/\\\/schema.org\",\"@graph\":[{\"@type\":\"NewsArticle\",\"@id\":\"https:\\\/\\\/www.eltriangle.eu\\\/es\\\/2025\\\/09\\\/29\\\/alerta-maxima-en-el-sur-de-cataluna-por-lluvias-torrenciales-y-riesgo-de-tiempo-violento\\\/#article\",\"isPartOf\":{\"@id\":\"https:\\\/\\\/www.eltriangle.eu\\\/es\\\/2025\\\/09\\\/29\\\/alerta-maxima-en-el-sur-de-cataluna-por-lluvias-torrenciales-y-riesgo-de-tiempo-violento\\\/\"},\"author\":{\"name\":\"redaccio\",\"@id\":\"https:\\\/\\\/www.eltriangle.eu\\\/es\\\/#\\\/schema\\\/person\\\/7e5bff7fe0202e362b26fcec2bd6f383\"},\"headline\":\"Catalu\u00f1a da por superadas las horas m\u00e1s dif\u00edciles del temporal\",\"datePublished\":\"2025-09-29T11:50:43+00:00\",\"dateModified\":\"2025-09-29T15:15:37+00:00\",\"mainEntityOfPage\":{\"@id\":\"https:\\\/\\\/www.eltriangle.eu\\\/es\\\/2025\\\/09\\\/29\\\/alerta-maxima-en-el-sur-de-cataluna-por-lluvias-torrenciales-y-riesgo-de-tiempo-violento\\\/\"},\"wordCount\":1039,\"commentCount\":0,\"publisher\":{\"@id\":\"https:\\\/\\\/www.eltriangle.eu\\\/es\\\/#organization\"},\"image\":{\"@id\":\"https:\\\/\\\/www.eltriangle.eu\\\/es\\\/2025\\\/09\\\/29\\\/alerta-maxima-en-el-sur-de-cataluna-por-lluvias-torrenciales-y-riesgo-de-tiempo-violento\\\/#primaryimage\"},\"thumbnailUrl\":\"https:\\\/\\\/www.eltriangle.eu\\\/wp-content\\\/uploads\\\/2025\\\/09\\\/barranc-galera-masdenverge-lluvias-torrenciales.jpg\",\"keywords\":[\"AEMET\",\"Catalunya\",\"Protecci\u00f3 Civil\",\"Servicio Meteorol\u00f3gico de Catalu\u00f1a\"],\"articleSection\":[\"Actualidad\",\"Apertura\",\"Medio ambiente\"],\"inLanguage\":\"es\",\"potentialAction\":[{\"@type\":\"CommentAction\",\"name\":\"Comment\",\"target\":[\"https:\\\/\\\/www.eltriangle.eu\\\/es\\\/2025\\\/09\\\/29\\\/alerta-maxima-en-el-sur-de-cataluna-por-lluvias-torrenciales-y-riesgo-de-tiempo-violento\\\/#respond\"]}]},{\"@type\":\"WebPage\",\"@id\":\"https:\\\/\\\/www.eltriangle.eu\\\/es\\\/2025\\\/09\\\/29\\\/alerta-maxima-en-el-sur-de-cataluna-por-lluvias-torrenciales-y-riesgo-de-tiempo-violento\\\/\",\"url\":\"https:\\\/\\\/www.eltriangle.eu\\\/es\\\/2025\\\/09\\\/29\\\/alerta-maxima-en-el-sur-de-cataluna-por-lluvias-torrenciales-y-riesgo-de-tiempo-violento\\\/\",\"name\":\"Catalu\u00f1a da por superadas las horas m\u00e1s dif\u00edciles del temporal - El Triangle\",\"isPartOf\":{\"@id\":\"https:\\\/\\\/www.eltriangle.eu\\\/es\\\/#website\"},\"primaryImageOfPage\":{\"@id\":\"https:\\\/\\\/www.eltriangle.eu\\\/es\\\/2025\\\/09\\\/29\\\/alerta-maxima-en-el-sur-de-cataluna-por-lluvias-torrenciales-y-riesgo-de-tiempo-violento\\\/#primaryimage\"},\"image\":{\"@id\":\"https:\\\/\\\/www.eltriangle.eu\\\/es\\\/2025\\\/09\\\/29\\\/alerta-maxima-en-el-sur-de-cataluna-por-lluvias-torrenciales-y-riesgo-de-tiempo-violento\\\/#primaryimage\"},\"thumbnailUrl\":\"https:\\\/\\\/www.eltriangle.eu\\\/wp-content\\\/uploads\\\/2025\\\/09\\\/barranc-galera-masdenverge-lluvias-torrenciales.jpg\",\"datePublished\":\"2025-09-29T11:50:43+00:00\",\"dateModified\":\"2025-09-29T15:15:37+00:00\",\"description\":\"Catalu\u00f1a ya da por superadas las horas m\u00e1s dif\u00edciles del temporal. Despu\u00e9s de que el Departamento de Educaci\u00f3n de la Generalitat decidiera domingo la\",\"breadcrumb\":{\"@id\":\"https:\\\/\\\/www.eltriangle.eu\\\/es\\\/2025\\\/09\\\/29\\\/alerta-maxima-en-el-sur-de-cataluna-por-lluvias-torrenciales-y-riesgo-de-tiempo-violento\\\/#breadcrumb\"},\"inLanguage\":\"es\",\"potentialAction\":[{\"@type\":\"ReadAction\",\"target\":[\"https:\\\/\\\/www.eltriangle.eu\\\/es\\\/2025\\\/09\\\/29\\\/alerta-maxima-en-el-sur-de-cataluna-por-lluvias-torrenciales-y-riesgo-de-tiempo-violento\\\/\"]}]},{\"@type\":\"ImageObject\",\"inLanguage\":\"es\",\"@id\":\"https:\\\/\\\/www.eltriangle.eu\\\/es\\\/2025\\\/09\\\/29\\\/alerta-maxima-en-el-sur-de-cataluna-por-lluvias-torrenciales-y-riesgo-de-tiempo-violento\\\/#primaryimage\",\"url\":\"https:\\\/\\\/www.eltriangle.eu\\\/wp-content\\\/uploads\\\/2025\\\/09\\\/barranc-galera-masdenverge-lluvias-torrenciales.jpg\",\"contentUrl\":\"https:\\\/\\\/www.eltriangle.eu\\\/wp-content\\\/uploads\\\/2025\\\/09\\\/barranc-galera-masdenverge-lluvias-torrenciales.jpg\",\"width\":1280,\"height\":853,\"caption\":\"El barranco de Galera en Masdenverge tras intensas lluvias. Las autoridades han alertado sobre posibles inundaciones.\"},{\"@type\":\"BreadcrumbList\",\"@id\":\"https:\\\/\\\/www.eltriangle.eu\\\/es\\\/2025\\\/09\\\/29\\\/alerta-maxima-en-el-sur-de-cataluna-por-lluvias-torrenciales-y-riesgo-de-tiempo-violento\\\/#breadcrumb\",\"itemListElement\":[{\"@type\":\"ListItem\",\"position\":1,\"name\":\"Portada\",\"item\":\"https:\\\/\\\/www.eltriangle.eu\\\/es\\\/\"},{\"@type\":\"ListItem\",\"position\":2,\"name\":\"Catalu\u00f1a da por superadas las horas m\u00e1s dif\u00edciles del temporal\"}]},{\"@type\":\"WebSite\",\"@id\":\"https:\\\/\\\/www.eltriangle.eu\\\/es\\\/#website\",\"url\":\"https:\\\/\\\/www.eltriangle.eu\\\/es\\\/\",\"name\":\"El Triangle\",\"description\":\"El Triangle \u00e9s un Diari d&#039;informaci\u00f3 general, editat a Catalunya i escrit en llengua catalana, especialitzat en investigaci\u00f3 period\u00edstica\",\"publisher\":{\"@id\":\"https:\\\/\\\/www.eltriangle.eu\\\/es\\\/#organization\"},\"potentialAction\":[{\"@type\":\"SearchAction\",\"target\":{\"@type\":\"EntryPoint\",\"urlTemplate\":\"https:\\\/\\\/www.eltriangle.eu\\\/es\\\/?s={search_term_string}\"},\"query-input\":{\"@type\":\"PropertyValueSpecification\",\"valueRequired\":true,\"valueName\":\"search_term_string\"}}],\"inLanguage\":\"es\"},{\"@type\":[\"Organization\",\"NewsMediaOrganization\"],\"@id\":\"https:\\\/\\\/www.eltriangle.eu\\\/es\\\/#organization\",\"name\":\"El Triangle\",\"url\":\"https:\\\/\\\/www.eltriangle.eu\\\/es\\\/\",\"logo\":{\"@type\":\"ImageObject\",\"inLanguage\":\"es\",\"@id\":\"https:\\\/\\\/www.eltriangle.eu\\\/es\\\/#\\\/schema\\\/logo\\\/image\\\/\",\"url\":\"https:\\\/\\\/www.eltriangle.eu\\\/wp-content\\\/uploads\\\/2020\\\/11\\\/triangle_logo-ajustado.jpg\",\"contentUrl\":\"https:\\\/\\\/www.eltriangle.eu\\\/wp-content\\\/uploads\\\/2020\\\/11\\\/triangle_logo-ajustado.jpg\",\"width\":521,\"height\":92,\"caption\":\"El Triangle\"},\"image\":{\"@id\":\"https:\\\/\\\/www.eltriangle.eu\\\/es\\\/#\\\/schema\\\/logo\\\/image\\\/\"},\"sameAs\":[\"https:\\\/\\\/www.facebook.com\\\/El-Triangle-Diari-101787399020302\",\"https:\\\/\\\/x.com\\\/El_Triangle\",\"https:\\\/\\\/www.youtube.com\\\/channel\\\/UCTIjmYEMYSpdGonuAgNhbcg\"]},{\"@type\":\"Person\",\"@id\":\"https:\\\/\\\/www.eltriangle.eu\\\/es\\\/#\\\/schema\\\/person\\\/7e5bff7fe0202e362b26fcec2bd6f383\",\"name\":\"redaccio\",\"image\":{\"@type\":\"ImageObject\",\"inLanguage\":\"es\",\"@id\":\"\\\/\\\/www.gravatar.com\\\/avatar\\\/5661b3e51fe6027f31ed1f408d22a917?s=96&#038;r=g&#038;d=mm\",\"url\":\"\\\/\\\/www.gravatar.com\\\/avatar\\\/5661b3e51fe6027f31ed1f408d22a917?s=96&#038;r=g&#038;d=mm\",\"contentUrl\":\"\\\/\\\/www.gravatar.com\\\/avatar\\\/5661b3e51fe6027f31ed1f408d22a917?s=96&#038;r=g&#038;d=mm\",\"caption\":\"redaccio\"},\"url\":\"https:\\\/\\\/www.eltriangle.eu\\\/es\\\/author\\\/redaccio\\\/\"},{\"@type\":\"SiteNavigationElement\",\"@id\":\"https:\\\/\\\/www.eltriangle.eu\\\/es\\\/#site-navigation\",\"cssSelector\":[\".cib-main-menu\"]},{\"@type\":\"WPHeader\",\"@id\":\"https:\\\/\\\/www.eltriangle.eu\\\/es\\\/#header\",\"cssSelector\":[\".cib-header\"]},{\"@type\":\"WPFooter\",\"@id\":\"https:\\\/\\\/www.eltriangle.eu\\\/es\\\/#footer\",\"cssSelector\":[\".cib-footer\"]}]}<\/script>\n<!-- \/ Yoast SEO plugin. -->","yoast_head_json":{"title":"Catalu\u00f1a da por superadas las horas m\u00e1s dif\u00edciles del temporal - El Triangle","description":"Catalu\u00f1a ya da por superadas las horas m\u00e1s dif\u00edciles del temporal. Despu\u00e9s de que el Departamento de Educaci\u00f3n de la Generalitat decidiera domingo la","robots":{"index":"index","follow":"follow","max-snippet":"max-snippet:-1","max-image-preview":"max-image-preview:large","max-video-preview":"max-video-preview:-1"},"canonical":"https:\/\/www.eltriangle.eu\/es\/2025\/09\/29\/alerta-maxima-en-el-sur-de-cataluna-por-lluvias-torrenciales-y-riesgo-de-tiempo-violento\/","og_locale":"es_ES","og_type":"article","og_title":"Catalu\u00f1a da por superadas las horas m\u00e1s dif\u00edciles del temporal - El Triangle","og_description":"Catalu\u00f1a ya da por superadas las horas m\u00e1s dif\u00edciles del temporal. Despu\u00e9s de que el Departamento de Educaci\u00f3n de la Generalitat decidiera domingo la","og_url":"https:\/\/www.eltriangle.eu\/es\/2025\/09\/29\/alerta-maxima-en-el-sur-de-cataluna-por-lluvias-torrenciales-y-riesgo-de-tiempo-violento\/","og_site_name":"El Triangle","article_publisher":"https:\/\/www.facebook.com\/El-Triangle-Diari-101787399020302","article_published_time":"2025-09-29T11:50:43+00:00","article_modified_time":"2025-09-29T15:15:37+00:00","og_image":[{"width":1280,"height":853,"url":"https:\/\/www.eltriangle.eu\/wp-content\/uploads\/2025\/09\/barranc-galera-masdenverge-pluja-torrencial.jpg","type":"image\/jpeg"}],"author":"redaccio","twitter_card":"summary_large_image","twitter_creator":"@El_Triangle","twitter_site":"@El_Triangle","twitter_misc":{"Escrito por":"redaccio","Tiempo de lectura":"5 minutos"},"schema":{"@context":"https:\/\/schema.org","@graph":[{"@type":"NewsArticle","@id":"https:\/\/www.eltriangle.eu\/es\/2025\/09\/29\/alerta-maxima-en-el-sur-de-cataluna-por-lluvias-torrenciales-y-riesgo-de-tiempo-violento\/#article","isPartOf":{"@id":"https:\/\/www.eltriangle.eu\/es\/2025\/09\/29\/alerta-maxima-en-el-sur-de-cataluna-por-lluvias-torrenciales-y-riesgo-de-tiempo-violento\/"},"author":{"name":"redaccio","@id":"https:\/\/www.eltriangle.eu\/es\/#\/schema\/person\/7e5bff7fe0202e362b26fcec2bd6f383"},"headline":"Catalu\u00f1a da por superadas las horas m\u00e1s dif\u00edciles del temporal","datePublished":"2025-09-29T11:50:43+00:00","dateModified":"2025-09-29T15:15:37+00:00","mainEntityOfPage":{"@id":"https:\/\/www.eltriangle.eu\/es\/2025\/09\/29\/alerta-maxima-en-el-sur-de-cataluna-por-lluvias-torrenciales-y-riesgo-de-tiempo-violento\/"},"wordCount":1039,"commentCount":0,"publisher":{"@id":"https:\/\/www.eltriangle.eu\/es\/#organization"},"image":{"@id":"https:\/\/www.eltriangle.eu\/es\/2025\/09\/29\/alerta-maxima-en-el-sur-de-cataluna-por-lluvias-torrenciales-y-riesgo-de-tiempo-violento\/#primaryimage"},"thumbnailUrl":"https:\/\/www.eltriangle.eu\/wp-content\/uploads\/2025\/09\/barranc-galera-masdenverge-lluvias-torrenciales.jpg","keywords":["AEMET","Catalunya","Protecci\u00f3 Civil","Servicio Meteorol\u00f3gico de Catalu\u00f1a"],"articleSection":["Actualidad","Apertura","Medio ambiente"],"inLanguage":"es","potentialAction":[{"@type":"CommentAction","name":"Comment","target":["https:\/\/www.eltriangle.eu\/es\/2025\/09\/29\/alerta-maxima-en-el-sur-de-cataluna-por-lluvias-torrenciales-y-riesgo-de-tiempo-violento\/#respond"]}]},{"@type":"WebPage","@id":"https:\/\/www.eltriangle.eu\/es\/2025\/09\/29\/alerta-maxima-en-el-sur-de-cataluna-por-lluvias-torrenciales-y-riesgo-de-tiempo-violento\/","url":"https:\/\/www.eltriangle.eu\/es\/2025\/09\/29\/alerta-maxima-en-el-sur-de-cataluna-por-lluvias-torrenciales-y-riesgo-de-tiempo-violento\/","name":"Catalu\u00f1a da por superadas las horas m\u00e1s dif\u00edciles del temporal - El Triangle","isPartOf":{"@id":"https:\/\/www.eltriangle.eu\/es\/#website"},"primaryImageOfPage":{"@id":"https:\/\/www.eltriangle.eu\/es\/2025\/09\/29\/alerta-maxima-en-el-sur-de-cataluna-por-lluvias-torrenciales-y-riesgo-de-tiempo-violento\/#primaryimage"},"image":{"@id":"https:\/\/www.eltriangle.eu\/es\/2025\/09\/29\/alerta-maxima-en-el-sur-de-cataluna-por-lluvias-torrenciales-y-riesgo-de-tiempo-violento\/#primaryimage"},"thumbnailUrl":"https:\/\/www.eltriangle.eu\/wp-content\/uploads\/2025\/09\/barranc-galera-masdenverge-lluvias-torrenciales.jpg","datePublished":"2025-09-29T11:50:43+00:00","dateModified":"2025-09-29T15:15:37+00:00","description":"Catalu\u00f1a ya da por superadas las horas m\u00e1s dif\u00edciles del temporal. Despu\u00e9s de que el Departamento de Educaci\u00f3n de la Generalitat decidiera domingo la","breadcrumb":{"@id":"https:\/\/www.eltriangle.eu\/es\/2025\/09\/29\/alerta-maxima-en-el-sur-de-cataluna-por-lluvias-torrenciales-y-riesgo-de-tiempo-violento\/#breadcrumb"},"inLanguage":"es","potentialAction":[{"@type":"ReadAction","target":["https:\/\/www.eltriangle.eu\/es\/2025\/09\/29\/alerta-maxima-en-el-sur-de-cataluna-por-lluvias-torrenciales-y-riesgo-de-tiempo-violento\/"]}]},{"@type":"ImageObject","inLanguage":"es","@id":"https:\/\/www.eltriangle.eu\/es\/2025\/09\/29\/alerta-maxima-en-el-sur-de-cataluna-por-lluvias-torrenciales-y-riesgo-de-tiempo-violento\/#primaryimage","url":"https:\/\/www.eltriangle.eu\/wp-content\/uploads\/2025\/09\/barranc-galera-masdenverge-lluvias-torrenciales.jpg","contentUrl":"https:\/\/www.eltriangle.eu\/wp-content\/uploads\/2025\/09\/barranc-galera-masdenverge-lluvias-torrenciales.jpg","width":1280,"height":853,"caption":"El barranco de Galera en Masdenverge tras intensas lluvias. Las autoridades han alertado sobre posibles inundaciones."},{"@type":"BreadcrumbList","@id":"https:\/\/www.eltriangle.eu\/es\/2025\/09\/29\/alerta-maxima-en-el-sur-de-cataluna-por-lluvias-torrenciales-y-riesgo-de-tiempo-violento\/#breadcrumb","itemListElement":[{"@type":"ListItem","position":1,"name":"Portada","item":"https:\/\/www.eltriangle.eu\/es\/"},{"@type":"ListItem","position":2,"name":"Catalu\u00f1a da por superadas las horas m\u00e1s dif\u00edciles del temporal"}]},{"@type":"WebSite","@id":"https:\/\/www.eltriangle.eu\/es\/#website","url":"https:\/\/www.eltriangle.eu\/es\/","name":"El Triangle","description":"El Triangle \u00e9s un Diari d&#039;informaci\u00f3 general, editat a Catalunya i escrit en llengua catalana, especialitzat en investigaci\u00f3 period\u00edstica","publisher":{"@id":"https:\/\/www.eltriangle.eu\/es\/#organization"},"potentialAction":[{"@type":"SearchAction","target":{"@type":"EntryPoint","urlTemplate":"https:\/\/www.eltriangle.eu\/es\/?s={search_term_string}"},"query-input":{"@type":"PropertyValueSpecification","valueRequired":true,"valueName":"search_term_string"}}],"inLanguage":"es"},{"@type":["Organization","NewsMediaOrganization"],"@id":"https:\/\/www.eltriangle.eu\/es\/#organization","name":"El Triangle","url":"https:\/\/www.eltriangle.eu\/es\/","logo":{"@type":"ImageObject","inLanguage":"es","@id":"https:\/\/www.eltriangle.eu\/es\/#\/schema\/logo\/image\/","url":"https:\/\/www.eltriangle.eu\/wp-content\/uploads\/2020\/11\/triangle_logo-ajustado.jpg","contentUrl":"https:\/\/www.eltriangle.eu\/wp-content\/uploads\/2020\/11\/triangle_logo-ajustado.jpg","width":521,"height":92,"caption":"El Triangle"},"image":{"@id":"https:\/\/www.eltriangle.eu\/es\/#\/schema\/logo\/image\/"},"sameAs":["https:\/\/www.facebook.com\/El-Triangle-Diari-101787399020302","https:\/\/x.com\/El_Triangle","https:\/\/www.youtube.com\/channel\/UCTIjmYEMYSpdGonuAgNhbcg"]},{"@type":"Person","@id":"https:\/\/www.eltriangle.eu\/es\/#\/schema\/person\/7e5bff7fe0202e362b26fcec2bd6f383","name":"redaccio","image":{"@type":"ImageObject","inLanguage":"es","@id":"\/\/www.gravatar.com\/avatar\/5661b3e51fe6027f31ed1f408d22a917?s=96&#038;r=g&#038;d=mm","url":"\/\/www.gravatar.com\/avatar\/5661b3e51fe6027f31ed1f408d22a917?s=96&#038;r=g&#038;d=mm","contentUrl":"\/\/www.gravatar.com\/avatar\/5661b3e51fe6027f31ed1f408d22a917?s=96&#038;r=g&#038;d=mm","caption":"redaccio"},"url":"https:\/\/www.eltriangle.eu\/es\/author\/redaccio\/"},{"@type":"SiteNavigationElement","@id":"https:\/\/www.eltriangle.eu\/es\/#site-navigation","cssSelector":[".cib-main-menu"]},{"@type":"WPHeader","@id":"https:\/\/www.eltriangle.eu\/es\/#header","cssSelector":[".cib-header"]},{"@type":"WPFooter","@id":"https:\/\/www.eltriangle.eu\/es\/#footer","cssSelector":[".cib-footer"]}]}},"amp_enabled":true,"_links":{"self":[{"href":"https:\/\/www.eltriangle.eu\/es\/wp-json\/wp\/v2\/posts\/339114","targetHints":{"allow":["GET"]}}],"collection":[{"href":"https:\/\/www.eltriangle.eu\/es\/wp-json\/wp\/v2\/posts"}],"about":[{"href":"https:\/\/www.eltriangle.eu\/es\/wp-json\/wp\/v2\/types\/post"}],"author":[{"embeddable":true,"href":"https:\/\/www.eltriangle.eu\/es\/wp-json\/wp\/v2\/users\/93"}],"replies":[{"embeddable":true,"href":"https:\/\/www.eltriangle.eu\/es\/wp-json\/wp\/v2\/comments?post=339114"}],"version-history":[{"count":0,"href":"https:\/\/www.eltriangle.eu\/es\/wp-json\/wp\/v2\/posts\/339114\/revisions"}],"wp:featuredmedia":[{"embeddable":true,"href":"https:\/\/www.eltriangle.eu\/es\/wp-json\/wp\/v2\/media\/339161"}],"wp:attachment":[{"href":"https:\/\/www.eltriangle.eu\/es\/wp-json\/wp\/v2\/media?parent=339114"}],"wp:term":[{"taxonomy":"category","embeddable":true,"href":"https:\/\/www.eltriangle.eu\/es\/wp-json\/wp\/v2\/categories?post=339114"},{"taxonomy":"post_tag","embeddable":true,"href":"https:\/\/www.eltriangle.eu\/es\/wp-json\/wp\/v2\/tags?post=339114"}],"curies":[{"name":"wp","href":"https:\/\/api.w.org\/{rel}","templated":true}]}}