{"id":336750,"date":"2025-09-10T19:15:18","date_gmt":"2025-09-10T17:15:18","guid":{"rendered":null},"modified":"2025-09-10T19:19:35","modified_gmt":"2025-09-10T17:19:35","slug":"washington-critica-las-medidas-de-espana-contra-israel-envalentonan-a-terroristas","status":"publish","type":"post","link":"https:\/\/www.eltriangle.eu\/es\/2025\/09\/10\/washington-critica-las-medidas-de-espana-contra-israel-envalentonan-a-terroristas\/","title":{"rendered":"Washington critica las medidas de Espa\u00f1a contra Israel: \u00abenvalentonan a terroristas\u00bb"},"content":{"rendered":"<p data-start=\"220\" data-end=\"553\"><strong>Estados Unidos<\/strong> ha expresado su preocupaci\u00f3n ante el <strong>paquete de medidas impulsado por el Gobierno espa\u00f1ol contra Israel<\/strong>. La administraci\u00f3n norteamericana considera que estas decisiones podr\u00edan <strong>\u00abenvalentar a los terroristas\u00bb<\/strong> y dificultar el desarrollo de operaciones militares conjuntas.<\/p>\n<p data-start=\"555\" data-end=\"915\">Un portavoz del Departamento de Estado asegur\u00f3 que Espa\u00f1a, como miembro de la OTAN, debe actuar con responsabilidad y no poner en riesgo la seguridad internacional. Las cr\u00edticas llegan despu\u00e9s de que el gobierno de <strong>Pedro S\u00e1nchez<\/strong> anunciara un conjunto de iniciativas para incrementar la presi\u00f3n diplom\u00e1tica y pol\u00edtica sobre Tel Aviv en respuesta a la situaci\u00f3n en Gaza.<\/p>\n<h2 data-start=\"922\" data-end=\"963\">Reacci\u00f3n de Israel y respuesta espa\u00f1ola<\/h2>\n<p data-start=\"965\" data-end=\"1373\">El ejecutivo espa\u00f1ol ha aprobado <a href=\"https:\/\/www.eltriangle.eu\/es\/2025\/09\/08\/sanchez-anuncia-el-embargo-de-armas-a-israel\/?swcfpc=1\">nueve medidas inmediatas<\/a>, entre las que destacan el <strong>embargo total de armas<\/strong> a Israel, la prohibici\u00f3n de entrada a puertos y aeropuertos espa\u00f1oles de tr\u00e1fico militar hacia el pa\u00eds, restricciones consulares a los ciudadanos vinculados a los asentamientos ilegales, la prohibici\u00f3n de importar productos provenientes de estos asentamientos y el aumento de la ayuda humanitaria destinada a Palestina.<\/p>\n<p data-start=\"1375\" data-end=\"1663\"><a href=\"https:\/\/www.eltriangle.eu\/es\/2025\/09\/08\/espana-llama-a-consultas-a-la-embajadora-en-israel\/?swcfpc=1\">Israel ha respondido<\/a> acusando a Espa\u00f1a de antisemitismo y ha vetado la entrada en el pa\u00eds de las ministras <strong>Yolanda D\u00edaz<\/strong> y <strong>Sira Rego<\/strong>. Ante este gesto, el Ministerio de Exteriores espa\u00f1ol ha decidido llamar a consulta a la embajadora en Tel Aviv, en una muestra de firmeza ante la escalada diplom\u00e1tica.<\/p>\n<p data-start=\"1665\" data-end=\"2040\">A pesar de las restricciones anunciadas, los <strong>Estados Unidos mantendr\u00e1n el uso de las bases militares de Rota y Mor\u00f3n<\/strong> para el transporte de material b\u00e9lico. El convenio bilateral de defensa vigente permite a los aviones norteamericanos hacer escala en territorio espa\u00f1ol sin necesidad de detallar el destino final de las cargas, lo que garantiza la continuidad de las operaciones militares.<\/p>\n","protected":false},"excerpt":{"rendered":"<p>Estados Unidos ha expresado su preocupaci\u00f3n ante el paquete de medidas impulsado por el Gobierno espa\u00f1ol contra Israel. La administraci\u00f3n norteamericana considera que estas decisiones podr\u00edan \u00abenvalentar a los terroristas\u00bb y dificultar el desarrollo de operaciones militares conjuntas. Un portavoz del Departamento de Estado asegur\u00f3 que Espa\u00f1a, como miembro de la OTAN, debe actuar con &#8230; <a title=\"Washington critica las medidas de Espa\u00f1a contra Israel: \u00abenvalentonan a terroristas\u00bb\" class=\"read-more\" href=\"https:\/\/www.eltriangle.eu\/es\/2025\/09\/10\/washington-critica-las-medidas-de-espana-contra-israel-envalentonan-a-terroristas\/\" aria-label=\"Leer m\u00e1s sobre Washington critica las medidas de Espa\u00f1a contra Israel: \u00abenvalentonan a terroristas\u00bb\">Leer m\u00e1s<\/a><\/p>\n","protected":false},"author":97,"featured_media":316652,"comment_status":"open","ping_status":"closed","sticky":false,"template":"","format":"standard","meta":{"_acf_changed":false,"pmpro_default_level":"","footnotes":""},"categories":[24],"tags":[1108,6772,1889],"class_list":["post-336750","post","type-post","status-publish","format-standard","has-post-thumbnail","hentry","category-actualidad","tag-espana","tag-estats-units-es","tag-israel-es","lh_instant_articles-syndicate-yes","pmpro-has-access"],"acf":[],"yoast_head":"<!-- This site is optimized with the Yoast SEO plugin v27.4 - https:\/\/yoast.com\/product\/yoast-seo-wordpress\/ -->\n<title>Washington critica las medidas de Espa\u00f1a contra Israel: &quot;envalentonan a terroristas&quot; - El Triangle<\/title>\n<meta name=\"description\" content=\"Estados Unidos ha expresado su preocupaci\u00f3n ante el paquete de medidas impulsado por el Gobierno espa\u00f1ol contra Israel. La administraci\u00f3n norteamericana\" class=\"yoast-seo-meta-tag\" \/>\n<meta name=\"robots\" content=\"index, follow, max-snippet:-1, max-image-preview:large, max-video-preview:-1\" \/>\n<link rel=\"canonical\" href=\"https:\/\/www.eltriangle.eu\/es\/2025\/09\/10\/washington-critica-las-medidas-de-espana-contra-israel-envalentonan-a-terroristas\/\" class=\"yoast-seo-meta-tag\" \/>\n<meta property=\"og:locale\" content=\"es_ES\" class=\"yoast-seo-meta-tag\" \/>\n<meta property=\"og:type\" content=\"article\" class=\"yoast-seo-meta-tag\" \/>\n<meta property=\"og:title\" content=\"Washington critica las medidas de Espa\u00f1a contra Israel: &quot;envalentonan a terroristas&quot; - El Triangle\" class=\"yoast-seo-meta-tag\" \/>\n<meta property=\"og:description\" content=\"Estados Unidos ha expresado su preocupaci\u00f3n ante el paquete de medidas impulsado por el Gobierno espa\u00f1ol contra Israel. La administraci\u00f3n norteamericana\" class=\"yoast-seo-meta-tag\" \/>\n<meta property=\"og:url\" content=\"https:\/\/www.eltriangle.eu\/es\/2025\/09\/10\/washington-critica-las-medidas-de-espana-contra-israel-envalentonan-a-terroristas\/\" class=\"yoast-seo-meta-tag\" \/>\n<meta property=\"og:site_name\" content=\"El Triangle\" class=\"yoast-seo-meta-tag\" \/>\n<meta property=\"article:publisher\" content=\"https:\/\/www.facebook.com\/El-Triangle-Diari-101787399020302\" class=\"yoast-seo-meta-tag\" \/>\n<meta property=\"article:published_time\" content=\"2025-09-10T17:15:18+00:00\" class=\"yoast-seo-meta-tag\" \/>\n<meta property=\"article:modified_time\" content=\"2025-09-10T17:19:35+00:00\" class=\"yoast-seo-meta-tag\" \/>\n<meta property=\"og:image\" content=\"https:\/\/www.eltriangle.eu\/wp-content\/uploads\/2025\/04\/el-president-dels-eua-donald-trump-en-un-acte-a-la-casa-blanca-acn.jpg\" class=\"yoast-seo-meta-tag\" \/>\n\t<meta property=\"og:image:width\" content=\"1200\" class=\"yoast-seo-meta-tag\" \/>\n\t<meta property=\"og:image:height\" content=\"675\" class=\"yoast-seo-meta-tag\" \/>\n\t<meta property=\"og:image:type\" content=\"image\/jpeg\" class=\"yoast-seo-meta-tag\" \/>\n<meta name=\"author\" content=\"xavier\" class=\"yoast-seo-meta-tag\" \/>\n<meta name=\"twitter:card\" content=\"summary_large_image\" class=\"yoast-seo-meta-tag\" \/>\n<meta name=\"twitter:creator\" content=\"@El_Triangle\" class=\"yoast-seo-meta-tag\" \/>\n<meta name=\"twitter:site\" content=\"@El_Triangle\" class=\"yoast-seo-meta-tag\" \/>\n<meta name=\"twitter:label1\" content=\"Escrito por\" class=\"yoast-seo-meta-tag\" \/>\n\t<meta name=\"twitter:data1\" content=\"xavier\" class=\"yoast-seo-meta-tag\" \/>\n\t<meta name=\"twitter:label2\" content=\"Tiempo de lectura\" class=\"yoast-seo-meta-tag\" \/>\n\t<meta name=\"twitter:data2\" content=\"2 minutos\" class=\"yoast-seo-meta-tag\" \/>\n<script type=\"application\/ld+json\" class=\"yoast-schema-graph\">{\"@context\":\"https:\\\/\\\/schema.org\",\"@graph\":[{\"@type\":\"NewsArticle\",\"@id\":\"https:\\\/\\\/www.eltriangle.eu\\\/es\\\/2025\\\/09\\\/10\\\/washington-critica-las-medidas-de-espana-contra-israel-envalentonan-a-terroristas\\\/#article\",\"isPartOf\":{\"@id\":\"https:\\\/\\\/www.eltriangle.eu\\\/es\\\/2025\\\/09\\\/10\\\/washington-critica-las-medidas-de-espana-contra-israel-envalentonan-a-terroristas\\\/\"},\"author\":{\"name\":\"xavier\",\"@id\":\"https:\\\/\\\/www.eltriangle.eu\\\/es\\\/#\\\/schema\\\/person\\\/df9cb61ef0b061092c35cf7a8636dfc6\"},\"headline\":\"Washington critica las medidas de Espa\u00f1a contra Israel: \u00abenvalentonan a terroristas\u00bb\",\"datePublished\":\"2025-09-10T17:15:18+00:00\",\"dateModified\":\"2025-09-10T17:19:35+00:00\",\"mainEntityOfPage\":{\"@id\":\"https:\\\/\\\/www.eltriangle.eu\\\/es\\\/2025\\\/09\\\/10\\\/washington-critica-las-medidas-de-espana-contra-israel-envalentonan-a-terroristas\\\/\"},\"wordCount\":320,\"commentCount\":0,\"publisher\":{\"@id\":\"https:\\\/\\\/www.eltriangle.eu\\\/es\\\/#organization\"},\"image\":{\"@id\":\"https:\\\/\\\/www.eltriangle.eu\\\/es\\\/2025\\\/09\\\/10\\\/washington-critica-las-medidas-de-espana-contra-israel-envalentonan-a-terroristas\\\/#primaryimage\"},\"thumbnailUrl\":\"https:\\\/\\\/www.eltriangle.eu\\\/wp-content\\\/uploads\\\/2025\\\/04\\\/el-president-dels-eua-donald-trump-en-un-acte-a-la-casa-blanca-acn.jpg\",\"keywords\":[\"Espa\u00f1a\",\"Estats Units\",\"Israel\"],\"articleSection\":[\"Actualidad\"],\"inLanguage\":\"es\",\"potentialAction\":[{\"@type\":\"CommentAction\",\"name\":\"Comment\",\"target\":[\"https:\\\/\\\/www.eltriangle.eu\\\/es\\\/2025\\\/09\\\/10\\\/washington-critica-las-medidas-de-espana-contra-israel-envalentonan-a-terroristas\\\/#respond\"]}]},{\"@type\":\"WebPage\",\"@id\":\"https:\\\/\\\/www.eltriangle.eu\\\/es\\\/2025\\\/09\\\/10\\\/washington-critica-las-medidas-de-espana-contra-israel-envalentonan-a-terroristas\\\/\",\"url\":\"https:\\\/\\\/www.eltriangle.eu\\\/es\\\/2025\\\/09\\\/10\\\/washington-critica-las-medidas-de-espana-contra-israel-envalentonan-a-terroristas\\\/\",\"name\":\"Washington critica las medidas de Espa\u00f1a contra Israel: \\\"envalentonan a terroristas\\\" - El Triangle\",\"isPartOf\":{\"@id\":\"https:\\\/\\\/www.eltriangle.eu\\\/es\\\/#website\"},\"primaryImageOfPage\":{\"@id\":\"https:\\\/\\\/www.eltriangle.eu\\\/es\\\/2025\\\/09\\\/10\\\/washington-critica-las-medidas-de-espana-contra-israel-envalentonan-a-terroristas\\\/#primaryimage\"},\"image\":{\"@id\":\"https:\\\/\\\/www.eltriangle.eu\\\/es\\\/2025\\\/09\\\/10\\\/washington-critica-las-medidas-de-espana-contra-israel-envalentonan-a-terroristas\\\/#primaryimage\"},\"thumbnailUrl\":\"https:\\\/\\\/www.eltriangle.eu\\\/wp-content\\\/uploads\\\/2025\\\/04\\\/el-president-dels-eua-donald-trump-en-un-acte-a-la-casa-blanca-acn.jpg\",\"datePublished\":\"2025-09-10T17:15:18+00:00\",\"dateModified\":\"2025-09-10T17:19:35+00:00\",\"description\":\"Estados Unidos ha expresado su preocupaci\u00f3n ante el paquete de medidas impulsado por el Gobierno espa\u00f1ol contra Israel. La administraci\u00f3n norteamericana\",\"breadcrumb\":{\"@id\":\"https:\\\/\\\/www.eltriangle.eu\\\/es\\\/2025\\\/09\\\/10\\\/washington-critica-las-medidas-de-espana-contra-israel-envalentonan-a-terroristas\\\/#breadcrumb\"},\"inLanguage\":\"es\",\"potentialAction\":[{\"@type\":\"ReadAction\",\"target\":[\"https:\\\/\\\/www.eltriangle.eu\\\/es\\\/2025\\\/09\\\/10\\\/washington-critica-las-medidas-de-espana-contra-israel-envalentonan-a-terroristas\\\/\"]}]},{\"@type\":\"ImageObject\",\"inLanguage\":\"es\",\"@id\":\"https:\\\/\\\/www.eltriangle.eu\\\/es\\\/2025\\\/09\\\/10\\\/washington-critica-las-medidas-de-espana-contra-israel-envalentonan-a-terroristas\\\/#primaryimage\",\"url\":\"https:\\\/\\\/www.eltriangle.eu\\\/wp-content\\\/uploads\\\/2025\\\/04\\\/el-president-dels-eua-donald-trump-en-un-acte-a-la-casa-blanca-acn.jpg\",\"contentUrl\":\"https:\\\/\\\/www.eltriangle.eu\\\/wp-content\\\/uploads\\\/2025\\\/04\\\/el-president-dels-eua-donald-trump-en-un-acte-a-la-casa-blanca-acn.jpg\",\"width\":1200,\"height\":675,\"caption\":\"El presidente de EE. UU., Donald Trump, en un acto en la Casa Blanca (ACN).\"},{\"@type\":\"BreadcrumbList\",\"@id\":\"https:\\\/\\\/www.eltriangle.eu\\\/es\\\/2025\\\/09\\\/10\\\/washington-critica-las-medidas-de-espana-contra-israel-envalentonan-a-terroristas\\\/#breadcrumb\",\"itemListElement\":[{\"@type\":\"ListItem\",\"position\":1,\"name\":\"Portada\",\"item\":\"https:\\\/\\\/www.eltriangle.eu\\\/es\\\/\"},{\"@type\":\"ListItem\",\"position\":2,\"name\":\"Washington critica las medidas de Espa\u00f1a contra Israel: &#8220;envalentonan a terroristas&#8221;\"}]},{\"@type\":\"WebSite\",\"@id\":\"https:\\\/\\\/www.eltriangle.eu\\\/es\\\/#website\",\"url\":\"https:\\\/\\\/www.eltriangle.eu\\\/es\\\/\",\"name\":\"El Triangle\",\"description\":\"El Triangle \u00e9s un Diari d&#039;informaci\u00f3 general, editat a Catalunya i escrit en llengua catalana, especialitzat en investigaci\u00f3 period\u00edstica\",\"publisher\":{\"@id\":\"https:\\\/\\\/www.eltriangle.eu\\\/es\\\/#organization\"},\"potentialAction\":[{\"@type\":\"SearchAction\",\"target\":{\"@type\":\"EntryPoint\",\"urlTemplate\":\"https:\\\/\\\/www.eltriangle.eu\\\/es\\\/?s={search_term_string}\"},\"query-input\":{\"@type\":\"PropertyValueSpecification\",\"valueRequired\":true,\"valueName\":\"search_term_string\"}}],\"inLanguage\":\"es\"},{\"@type\":[\"Organization\",\"NewsMediaOrganization\"],\"@id\":\"https:\\\/\\\/www.eltriangle.eu\\\/es\\\/#organization\",\"name\":\"El Triangle\",\"url\":\"https:\\\/\\\/www.eltriangle.eu\\\/es\\\/\",\"logo\":{\"@type\":\"ImageObject\",\"inLanguage\":\"es\",\"@id\":\"https:\\\/\\\/www.eltriangle.eu\\\/es\\\/#\\\/schema\\\/logo\\\/image\\\/\",\"url\":\"https:\\\/\\\/www.eltriangle.eu\\\/wp-content\\\/uploads\\\/2020\\\/11\\\/triangle_logo-ajustado.jpg\",\"contentUrl\":\"https:\\\/\\\/www.eltriangle.eu\\\/wp-content\\\/uploads\\\/2020\\\/11\\\/triangle_logo-ajustado.jpg\",\"width\":521,\"height\":92,\"caption\":\"El Triangle\"},\"image\":{\"@id\":\"https:\\\/\\\/www.eltriangle.eu\\\/es\\\/#\\\/schema\\\/logo\\\/image\\\/\"},\"sameAs\":[\"https:\\\/\\\/www.facebook.com\\\/El-Triangle-Diari-101787399020302\",\"https:\\\/\\\/x.com\\\/El_Triangle\",\"https:\\\/\\\/www.youtube.com\\\/channel\\\/UCTIjmYEMYSpdGonuAgNhbcg\"]},{\"@type\":\"Person\",\"@id\":\"https:\\\/\\\/www.eltriangle.eu\\\/es\\\/#\\\/schema\\\/person\\\/df9cb61ef0b061092c35cf7a8636dfc6\",\"name\":\"xavier\",\"image\":{\"@type\":\"ImageObject\",\"inLanguage\":\"es\",\"@id\":\"\\\/\\\/www.gravatar.com\\\/avatar\\\/70cc50ebe4287089b363a6a3c8fa3e72?s=96&#038;r=g&#038;d=mm\",\"url\":\"\\\/\\\/www.gravatar.com\\\/avatar\\\/70cc50ebe4287089b363a6a3c8fa3e72?s=96&#038;r=g&#038;d=mm\",\"contentUrl\":\"\\\/\\\/www.gravatar.com\\\/avatar\\\/70cc50ebe4287089b363a6a3c8fa3e72?s=96&#038;r=g&#038;d=mm\",\"caption\":\"xavier\"},\"url\":\"https:\\\/\\\/www.eltriangle.eu\\\/es\\\/author\\\/xavier\\\/\"},{\"@type\":\"SiteNavigationElement\",\"@id\":\"https:\\\/\\\/www.eltriangle.eu\\\/es\\\/#site-navigation\",\"cssSelector\":[\".cib-main-menu\"]},{\"@type\":\"WPHeader\",\"@id\":\"https:\\\/\\\/www.eltriangle.eu\\\/es\\\/#header\",\"cssSelector\":[\".cib-header\"]},{\"@type\":\"WPFooter\",\"@id\":\"https:\\\/\\\/www.eltriangle.eu\\\/es\\\/#footer\",\"cssSelector\":[\".cib-footer\"]}]}<\/script>\n<!-- \/ Yoast SEO plugin. -->","yoast_head_json":{"title":"Washington critica las medidas de Espa\u00f1a contra Israel: \"envalentonan a terroristas\" - El Triangle","description":"Estados Unidos ha expresado su preocupaci\u00f3n ante el paquete de medidas impulsado por el Gobierno espa\u00f1ol contra Israel. La administraci\u00f3n norteamericana","robots":{"index":"index","follow":"follow","max-snippet":"max-snippet:-1","max-image-preview":"max-image-preview:large","max-video-preview":"max-video-preview:-1"},"canonical":"https:\/\/www.eltriangle.eu\/es\/2025\/09\/10\/washington-critica-las-medidas-de-espana-contra-israel-envalentonan-a-terroristas\/","og_locale":"es_ES","og_type":"article","og_title":"Washington critica las medidas de Espa\u00f1a contra Israel: \"envalentonan a terroristas\" - El Triangle","og_description":"Estados Unidos ha expresado su preocupaci\u00f3n ante el paquete de medidas impulsado por el Gobierno espa\u00f1ol contra Israel. La administraci\u00f3n norteamericana","og_url":"https:\/\/www.eltriangle.eu\/es\/2025\/09\/10\/washington-critica-las-medidas-de-espana-contra-israel-envalentonan-a-terroristas\/","og_site_name":"El Triangle","article_publisher":"https:\/\/www.facebook.com\/El-Triangle-Diari-101787399020302","article_published_time":"2025-09-10T17:15:18+00:00","article_modified_time":"2025-09-10T17:19:35+00:00","og_image":[{"width":1200,"height":675,"url":"https:\/\/www.eltriangle.eu\/wp-content\/uploads\/2025\/04\/el-president-dels-eua-donald-trump-en-un-acte-a-la-casa-blanca-acn.jpg","type":"image\/jpeg"}],"author":"xavier","twitter_card":"summary_large_image","twitter_creator":"@El_Triangle","twitter_site":"@El_Triangle","twitter_misc":{"Escrito por":"xavier","Tiempo de lectura":"2 minutos"},"schema":{"@context":"https:\/\/schema.org","@graph":[{"@type":"NewsArticle","@id":"https:\/\/www.eltriangle.eu\/es\/2025\/09\/10\/washington-critica-las-medidas-de-espana-contra-israel-envalentonan-a-terroristas\/#article","isPartOf":{"@id":"https:\/\/www.eltriangle.eu\/es\/2025\/09\/10\/washington-critica-las-medidas-de-espana-contra-israel-envalentonan-a-terroristas\/"},"author":{"name":"xavier","@id":"https:\/\/www.eltriangle.eu\/es\/#\/schema\/person\/df9cb61ef0b061092c35cf7a8636dfc6"},"headline":"Washington critica las medidas de Espa\u00f1a contra Israel: \u00abenvalentonan a terroristas\u00bb","datePublished":"2025-09-10T17:15:18+00:00","dateModified":"2025-09-10T17:19:35+00:00","mainEntityOfPage":{"@id":"https:\/\/www.eltriangle.eu\/es\/2025\/09\/10\/washington-critica-las-medidas-de-espana-contra-israel-envalentonan-a-terroristas\/"},"wordCount":320,"commentCount":0,"publisher":{"@id":"https:\/\/www.eltriangle.eu\/es\/#organization"},"image":{"@id":"https:\/\/www.eltriangle.eu\/es\/2025\/09\/10\/washington-critica-las-medidas-de-espana-contra-israel-envalentonan-a-terroristas\/#primaryimage"},"thumbnailUrl":"https:\/\/www.eltriangle.eu\/wp-content\/uploads\/2025\/04\/el-president-dels-eua-donald-trump-en-un-acte-a-la-casa-blanca-acn.jpg","keywords":["Espa\u00f1a","Estats Units","Israel"],"articleSection":["Actualidad"],"inLanguage":"es","potentialAction":[{"@type":"CommentAction","name":"Comment","target":["https:\/\/www.eltriangle.eu\/es\/2025\/09\/10\/washington-critica-las-medidas-de-espana-contra-israel-envalentonan-a-terroristas\/#respond"]}]},{"@type":"WebPage","@id":"https:\/\/www.eltriangle.eu\/es\/2025\/09\/10\/washington-critica-las-medidas-de-espana-contra-israel-envalentonan-a-terroristas\/","url":"https:\/\/www.eltriangle.eu\/es\/2025\/09\/10\/washington-critica-las-medidas-de-espana-contra-israel-envalentonan-a-terroristas\/","name":"Washington critica las medidas de Espa\u00f1a contra Israel: \"envalentonan a terroristas\" - El Triangle","isPartOf":{"@id":"https:\/\/www.eltriangle.eu\/es\/#website"},"primaryImageOfPage":{"@id":"https:\/\/www.eltriangle.eu\/es\/2025\/09\/10\/washington-critica-las-medidas-de-espana-contra-israel-envalentonan-a-terroristas\/#primaryimage"},"image":{"@id":"https:\/\/www.eltriangle.eu\/es\/2025\/09\/10\/washington-critica-las-medidas-de-espana-contra-israel-envalentonan-a-terroristas\/#primaryimage"},"thumbnailUrl":"https:\/\/www.eltriangle.eu\/wp-content\/uploads\/2025\/04\/el-president-dels-eua-donald-trump-en-un-acte-a-la-casa-blanca-acn.jpg","datePublished":"2025-09-10T17:15:18+00:00","dateModified":"2025-09-10T17:19:35+00:00","description":"Estados Unidos ha expresado su preocupaci\u00f3n ante el paquete de medidas impulsado por el Gobierno espa\u00f1ol contra Israel. La administraci\u00f3n norteamericana","breadcrumb":{"@id":"https:\/\/www.eltriangle.eu\/es\/2025\/09\/10\/washington-critica-las-medidas-de-espana-contra-israel-envalentonan-a-terroristas\/#breadcrumb"},"inLanguage":"es","potentialAction":[{"@type":"ReadAction","target":["https:\/\/www.eltriangle.eu\/es\/2025\/09\/10\/washington-critica-las-medidas-de-espana-contra-israel-envalentonan-a-terroristas\/"]}]},{"@type":"ImageObject","inLanguage":"es","@id":"https:\/\/www.eltriangle.eu\/es\/2025\/09\/10\/washington-critica-las-medidas-de-espana-contra-israel-envalentonan-a-terroristas\/#primaryimage","url":"https:\/\/www.eltriangle.eu\/wp-content\/uploads\/2025\/04\/el-president-dels-eua-donald-trump-en-un-acte-a-la-casa-blanca-acn.jpg","contentUrl":"https:\/\/www.eltriangle.eu\/wp-content\/uploads\/2025\/04\/el-president-dels-eua-donald-trump-en-un-acte-a-la-casa-blanca-acn.jpg","width":1200,"height":675,"caption":"El presidente de EE. UU., Donald Trump, en un acto en la Casa Blanca (ACN)."},{"@type":"BreadcrumbList","@id":"https:\/\/www.eltriangle.eu\/es\/2025\/09\/10\/washington-critica-las-medidas-de-espana-contra-israel-envalentonan-a-terroristas\/#breadcrumb","itemListElement":[{"@type":"ListItem","position":1,"name":"Portada","item":"https:\/\/www.eltriangle.eu\/es\/"},{"@type":"ListItem","position":2,"name":"Washington critica las medidas de Espa\u00f1a contra Israel: &#8220;envalentonan a terroristas&#8221;"}]},{"@type":"WebSite","@id":"https:\/\/www.eltriangle.eu\/es\/#website","url":"https:\/\/www.eltriangle.eu\/es\/","name":"El Triangle","description":"El Triangle \u00e9s un Diari d&#039;informaci\u00f3 general, editat a Catalunya i escrit en llengua catalana, especialitzat en investigaci\u00f3 period\u00edstica","publisher":{"@id":"https:\/\/www.eltriangle.eu\/es\/#organization"},"potentialAction":[{"@type":"SearchAction","target":{"@type":"EntryPoint","urlTemplate":"https:\/\/www.eltriangle.eu\/es\/?s={search_term_string}"},"query-input":{"@type":"PropertyValueSpecification","valueRequired":true,"valueName":"search_term_string"}}],"inLanguage":"es"},{"@type":["Organization","NewsMediaOrganization"],"@id":"https:\/\/www.eltriangle.eu\/es\/#organization","name":"El Triangle","url":"https:\/\/www.eltriangle.eu\/es\/","logo":{"@type":"ImageObject","inLanguage":"es","@id":"https:\/\/www.eltriangle.eu\/es\/#\/schema\/logo\/image\/","url":"https:\/\/www.eltriangle.eu\/wp-content\/uploads\/2020\/11\/triangle_logo-ajustado.jpg","contentUrl":"https:\/\/www.eltriangle.eu\/wp-content\/uploads\/2020\/11\/triangle_logo-ajustado.jpg","width":521,"height":92,"caption":"El Triangle"},"image":{"@id":"https:\/\/www.eltriangle.eu\/es\/#\/schema\/logo\/image\/"},"sameAs":["https:\/\/www.facebook.com\/El-Triangle-Diari-101787399020302","https:\/\/x.com\/El_Triangle","https:\/\/www.youtube.com\/channel\/UCTIjmYEMYSpdGonuAgNhbcg"]},{"@type":"Person","@id":"https:\/\/www.eltriangle.eu\/es\/#\/schema\/person\/df9cb61ef0b061092c35cf7a8636dfc6","name":"xavier","image":{"@type":"ImageObject","inLanguage":"es","@id":"\/\/www.gravatar.com\/avatar\/70cc50ebe4287089b363a6a3c8fa3e72?s=96&#038;r=g&#038;d=mm","url":"\/\/www.gravatar.com\/avatar\/70cc50ebe4287089b363a6a3c8fa3e72?s=96&#038;r=g&#038;d=mm","contentUrl":"\/\/www.gravatar.com\/avatar\/70cc50ebe4287089b363a6a3c8fa3e72?s=96&#038;r=g&#038;d=mm","caption":"xavier"},"url":"https:\/\/www.eltriangle.eu\/es\/author\/xavier\/"},{"@type":"SiteNavigationElement","@id":"https:\/\/www.eltriangle.eu\/es\/#site-navigation","cssSelector":[".cib-main-menu"]},{"@type":"WPHeader","@id":"https:\/\/www.eltriangle.eu\/es\/#header","cssSelector":[".cib-header"]},{"@type":"WPFooter","@id":"https:\/\/www.eltriangle.eu\/es\/#footer","cssSelector":[".cib-footer"]}]}},"amp_enabled":true,"_links":{"self":[{"href":"https:\/\/www.eltriangle.eu\/es\/wp-json\/wp\/v2\/posts\/336750","targetHints":{"allow":["GET"]}}],"collection":[{"href":"https:\/\/www.eltriangle.eu\/es\/wp-json\/wp\/v2\/posts"}],"about":[{"href":"https:\/\/www.eltriangle.eu\/es\/wp-json\/wp\/v2\/types\/post"}],"author":[{"embeddable":true,"href":"https:\/\/www.eltriangle.eu\/es\/wp-json\/wp\/v2\/users\/97"}],"replies":[{"embeddable":true,"href":"https:\/\/www.eltriangle.eu\/es\/wp-json\/wp\/v2\/comments?post=336750"}],"version-history":[{"count":0,"href":"https:\/\/www.eltriangle.eu\/es\/wp-json\/wp\/v2\/posts\/336750\/revisions"}],"wp:featuredmedia":[{"embeddable":true,"href":"https:\/\/www.eltriangle.eu\/es\/wp-json\/wp\/v2\/media\/316652"}],"wp:attachment":[{"href":"https:\/\/www.eltriangle.eu\/es\/wp-json\/wp\/v2\/media?parent=336750"}],"wp:term":[{"taxonomy":"category","embeddable":true,"href":"https:\/\/www.eltriangle.eu\/es\/wp-json\/wp\/v2\/categories?post=336750"},{"taxonomy":"post_tag","embeddable":true,"href":"https:\/\/www.eltriangle.eu\/es\/wp-json\/wp\/v2\/tags?post=336750"}],"curies":[{"name":"wp","href":"https:\/\/api.w.org\/{rel}","templated":true}]}}