{"id":332889,"date":"2025-08-07T06:00:58","date_gmt":"2025-08-07T04:00:58","guid":{"rendered":null},"modified":"2025-08-06T18:54:34","modified_gmt":"2025-08-06T16:54:34","slug":"ecos-del-pasado","status":"publish","type":"post","link":"https:\/\/www.eltriangle.eu\/es\/2025\/08\/07\/ecos-del-pasado\/","title":{"rendered":"Ecos del pasado"},"content":{"rendered":"<p>Este mes de agosto se cumplen 80 a\u00f1os de la capitulaci\u00f3n del imperio japon\u00e9s que conllev\u00f3 el t\u00e9rmino de la II Guerra Mundial. La conclusi\u00f3n de un conflicto que asol\u00f3 buena parte de Europa y del globo, un enfrentamiento que durante seis a\u00f1os se cobr\u00f3 la vida de cerca de sesenta millones de personas, seg\u00fan las estimaciones m\u00e1s conservadoras. Medio siglo de odios viscerales que dieron lugar a la matanza indiscriminada de todo tipo de minor\u00edas (gitanos, disidentes, homosexuales, entre otros), as\u00ed como el exterminio del pueblo jud\u00edo con hasta seis millones de muertos. La sangre derramada supuso el triunfo del rencor acumulado, a la vez que el desmoronamiento del progreso invocado durante siglos.<\/p>\n<p>En tiempos en los cuales el gran temor subyace en los fanatismos religiosos, resulta cuanto menos curioso que las formas m\u00e1s crueles y destructivas proviniesen de la naci\u00f3n que nos dio a pensadores de la talla de <strong>Hegel<\/strong> o <strong>Kant<\/strong>, adem\u00e1s de las bellas sinfon\u00edas de <strong>Beethoven<\/strong>.<\/p>\n<p>Tras la cat\u00e1strofe, el relato fue claro al enfatizar los logros alcanzados en el per\u00edodo postconflicto: El nacimiento de las Naciones Unidas, Bretton Woods, as\u00ed como el establecimiento de los primeros cimientos de la Uni\u00f3n Europea. Parec\u00eda rehuir del sentimiento de culpa, acallar las voces de los civiles masacrados en Hiroshima y Nagasaki a trav\u00e9s de las sucesivas proclamas que invocaban la inquebrantable cooperaci\u00f3n internacional obtenida. D\u00e9cadas despu\u00e9s, Vietnam, la cumbre de las Azores, la guerra actual de Ucrania, muestran las carencias de un sistema incapaz de superar la dial\u00e9ctica de estados, negado a trascender a los intereses monetarios y los choques \u00e9tnico-culturales. La \u201cRealpolitik\u201d personificada por <strong>Kissinger<\/strong> y definida en <em>El Pr\u00edncipe<\/em> de Maquiavelo, sigue siendo la piedra angular de la diplomacia mundial, tambi\u00e9n la raz\u00f3n del silencio ante las injusticias que asolan el pueblo saharaui y yemen\u00ed.<\/p>\n<p><strong>Karl Marx<\/strong> en su obra <em>El 18 Brumario de Luis Bonaparte<\/em> dijo que \u201cla historia se repite dos veces, primero como tragedia y luego como farsa\u201d. Quiz\u00e1s estemos condenados a repetir los pecados capitales que nos llevaron a una autodestrucci\u00f3n sin precedentes en el pasado, todo dentro de la sociedad del espect\u00e1culo que ejemplifica el siglo XXI. Solo as\u00ed entendemos la chuler\u00eda del presidente Trump al amenazar a sus socios con aranceles, con la misma frivolidad con la que dec\u00eda \u201c<em>\u00a1Est\u00e1s despedido!<\/em>\u201d en el cl\u00e1sico programa de televisi\u00f3n de la NBC. Tal vez la farsa a la que hac\u00eda menci\u00f3n Marx sea la de reconocer a Palestina como estado por parte del gobierno espa\u00f1ol, siendo el pa\u00eds que m\u00e1s armas y municiones ha importado desde Israel entre febrero y mayo de este mismo a\u00f1o. Mientras, miles de palestinos sufren las tropel\u00edas de unas gentes convertidas de v\u00edctimas a verdugos.<\/p>\n<p>Queda claro que las ense\u00f1anzas acerca de la II Guerra Mundial jam\u00e1s fueron tales, tan solo un mero juicio moral a un ayer que se vislumbra de nuevo en el horizonte. De entre las cenizas de los conflictos b\u00e9licos que sacuden el mundo, Alemania anuncia un rearme sin parang\u00f3n que le llevar\u00e1 a ser el mayor presupuesto militar de Europa; de la misma forma, Jap\u00f3n se pliega al extremismo nacionalista de la formaci\u00f3n pol\u00edtica Sanseito que tan calamitosos resultados les dio anta\u00f1o.<\/p>\n<p>Sin embargo, continuaremos asociando \u00fanicamente la gran guerra que sacudi\u00f3 la mitad del siglo pasado a los desvar\u00edos de <strong>Hitler<\/strong> y otros tantos tiranos de la \u00e9poca, con una poblaci\u00f3n percibida como meros t\u00edteres de la dictadura. No entenderemos qu\u00e9 los llev\u00f3 a dar rienda suelta a esa crueldad sin miramientos, a ese odio fervoroso a la otredad, a esa desesperaci\u00f3n que sin duda trunc\u00f3 la totalidad de sus vidas.<\/p>\n<p>En paralelo, las fr\u00e1giles democracias occidentales siguen cayendo como piezas de domin\u00f3 ante la vor\u00e1gine xen\u00f3foba que se abre paso, respuestas f\u00e1ciles en tiempos de incertidumbre, proclamas sencillas que socorren el auxilio de una clase obrera ahogada por la precarizaci\u00f3n laboral y el aumento del precio de la vivienda. El radicalismo en pleno 2025 no es m\u00e1s que la derrota categ\u00f3rica de una izquierda obcecada en la batalla cultural y desprovista de cualquier \u00e1nimo por elevar las condiciones materiales de la poblaci\u00f3n.<\/p>\n<p>Es momento de aprender de la II Guerra Mundial. Solo a trav\u00e9s de su estudio podremos evitar caer en los mismos errores.<\/p>\n","protected":false},"excerpt":{"rendered":"<p>Este mes de agosto se cumplen 80 a\u00f1os de la capitulaci\u00f3n del imperio japon\u00e9s que conllev\u00f3 el t\u00e9rmino de la II Guerra Mundial. La conclusi\u00f3n de un conflicto que asol\u00f3 buena parte de Europa y del globo, un enfrentamiento que durante seis a\u00f1os se cobr\u00f3 la vida de cerca de sesenta millones de personas, seg\u00fan &#8230; <a title=\"Ecos del pasado\" class=\"read-more\" href=\"https:\/\/www.eltriangle.eu\/es\/2025\/08\/07\/ecos-del-pasado\/\" aria-label=\"Leer m\u00e1s sobre Ecos del pasado\">Leer m\u00e1s<\/a><\/p>\n","protected":false},"author":174,"featured_media":0,"comment_status":"open","ping_status":"closed","sticky":false,"template":"","format":"standard","meta":{"_acf_changed":false,"pmpro_default_level":"","footnotes":""},"categories":[10],"tags":[7941,7066,7939,7940,7321,5116],"class_list":["post-332889","post","type-post","status-publish","format-standard","hentry","category-opinion","tag-henry-kissinger-es","tag-hitler-es","tag-ii-guerra-mundial-es","tag-karl-marx-es","tag-maquiavelo","tag-trump-es","lh_instant_articles-syndicate-yes","pmpro-has-access"],"acf":[],"yoast_head":"<!-- This site is optimized with the Yoast SEO plugin v27.4 - https:\/\/yoast.com\/product\/yoast-seo-wordpress\/ -->\n<title>Ecos del pasado - El Triangle<\/title>\n<meta name=\"description\" content=\"Este mes de agosto se cumplen 80 a\u00f1os de la capitulaci\u00f3n del imperio japon\u00e9s que conllev\u00f3 el t\u00e9rmino de la II Guerra Mundial. La conclusi\u00f3n de un\" class=\"yoast-seo-meta-tag\" \/>\n<meta name=\"robots\" content=\"index, follow, max-snippet:-1, max-image-preview:large, max-video-preview:-1\" \/>\n<link rel=\"canonical\" href=\"https:\/\/www.eltriangle.eu\/es\/2025\/08\/07\/ecos-del-pasado\/\" class=\"yoast-seo-meta-tag\" \/>\n<meta property=\"og:locale\" content=\"es_ES\" class=\"yoast-seo-meta-tag\" \/>\n<meta property=\"og:type\" content=\"article\" class=\"yoast-seo-meta-tag\" \/>\n<meta property=\"og:title\" content=\"Ecos del pasado - El Triangle\" class=\"yoast-seo-meta-tag\" \/>\n<meta property=\"og:description\" content=\"Este mes de agosto se cumplen 80 a\u00f1os de la capitulaci\u00f3n del imperio japon\u00e9s que conllev\u00f3 el t\u00e9rmino de la II Guerra Mundial. La conclusi\u00f3n de un\" class=\"yoast-seo-meta-tag\" \/>\n<meta property=\"og:url\" content=\"https:\/\/www.eltriangle.eu\/es\/2025\/08\/07\/ecos-del-pasado\/\" class=\"yoast-seo-meta-tag\" \/>\n<meta property=\"og:site_name\" content=\"El Triangle\" class=\"yoast-seo-meta-tag\" \/>\n<meta property=\"article:publisher\" content=\"https:\/\/www.facebook.com\/El-Triangle-Diari-101787399020302\" class=\"yoast-seo-meta-tag\" \/>\n<meta property=\"article:published_time\" content=\"2025-08-07T04:00:58+00:00\" class=\"yoast-seo-meta-tag\" \/>\n<meta name=\"author\" content=\"\u00c1lvaro Cort\u00e9s Oliva\" class=\"yoast-seo-meta-tag\" \/>\n<meta name=\"twitter:card\" content=\"summary_large_image\" class=\"yoast-seo-meta-tag\" \/>\n<meta name=\"twitter:creator\" content=\"@El_Triangle\" class=\"yoast-seo-meta-tag\" \/>\n<meta name=\"twitter:site\" content=\"@El_Triangle\" class=\"yoast-seo-meta-tag\" \/>\n<meta name=\"twitter:label1\" content=\"Escrito por\" class=\"yoast-seo-meta-tag\" \/>\n\t<meta name=\"twitter:data1\" content=\"\u00c1lvaro Cort\u00e9s Oliva\" class=\"yoast-seo-meta-tag\" \/>\n\t<meta name=\"twitter:label2\" content=\"Tiempo de lectura\" class=\"yoast-seo-meta-tag\" \/>\n\t<meta name=\"twitter:data2\" content=\"4 minutos\" class=\"yoast-seo-meta-tag\" \/>\n<script type=\"application\/ld+json\" class=\"yoast-schema-graph\">{\"@context\":\"https:\\\/\\\/schema.org\",\"@graph\":[{\"@type\":\"NewsArticle\",\"@id\":\"https:\\\/\\\/www.eltriangle.eu\\\/es\\\/2025\\\/08\\\/07\\\/ecos-del-pasado\\\/#article\",\"isPartOf\":{\"@id\":\"https:\\\/\\\/www.eltriangle.eu\\\/es\\\/2025\\\/08\\\/07\\\/ecos-del-pasado\\\/\"},\"author\":{\"name\":\"\u00c1lvaro Cort\u00e9s Oliva\",\"@id\":\"https:\\\/\\\/www.eltriangle.eu\\\/es\\\/#\\\/schema\\\/person\\\/5f6d328b4a64d88f816a599e42436271\"},\"headline\":\"Ecos del pasado\",\"datePublished\":\"2025-08-07T04:00:58+00:00\",\"mainEntityOfPage\":{\"@id\":\"https:\\\/\\\/www.eltriangle.eu\\\/es\\\/2025\\\/08\\\/07\\\/ecos-del-pasado\\\/\"},\"wordCount\":768,\"commentCount\":0,\"publisher\":{\"@id\":\"https:\\\/\\\/www.eltriangle.eu\\\/es\\\/#organization\"},\"keywords\":[\"Henry Kissinger\",\"Hitler\",\"II Guerra Mundial\",\"Karl Marx\",\"Maquiavelo\",\"Trump\"],\"articleSection\":[\"Opini\u00f3n\"],\"inLanguage\":\"es\",\"potentialAction\":[{\"@type\":\"CommentAction\",\"name\":\"Comment\",\"target\":[\"https:\\\/\\\/www.eltriangle.eu\\\/es\\\/2025\\\/08\\\/07\\\/ecos-del-pasado\\\/#respond\"]}]},{\"@type\":\"WebPage\",\"@id\":\"https:\\\/\\\/www.eltriangle.eu\\\/es\\\/2025\\\/08\\\/07\\\/ecos-del-pasado\\\/\",\"url\":\"https:\\\/\\\/www.eltriangle.eu\\\/es\\\/2025\\\/08\\\/07\\\/ecos-del-pasado\\\/\",\"name\":\"Ecos del pasado - El Triangle\",\"isPartOf\":{\"@id\":\"https:\\\/\\\/www.eltriangle.eu\\\/es\\\/#website\"},\"datePublished\":\"2025-08-07T04:00:58+00:00\",\"description\":\"Este mes de agosto se cumplen 80 a\u00f1os de la capitulaci\u00f3n del imperio japon\u00e9s que conllev\u00f3 el t\u00e9rmino de la II Guerra Mundial. La conclusi\u00f3n de un\",\"breadcrumb\":{\"@id\":\"https:\\\/\\\/www.eltriangle.eu\\\/es\\\/2025\\\/08\\\/07\\\/ecos-del-pasado\\\/#breadcrumb\"},\"inLanguage\":\"es\",\"potentialAction\":[{\"@type\":\"ReadAction\",\"target\":[\"https:\\\/\\\/www.eltriangle.eu\\\/es\\\/2025\\\/08\\\/07\\\/ecos-del-pasado\\\/\"]}]},{\"@type\":\"BreadcrumbList\",\"@id\":\"https:\\\/\\\/www.eltriangle.eu\\\/es\\\/2025\\\/08\\\/07\\\/ecos-del-pasado\\\/#breadcrumb\",\"itemListElement\":[{\"@type\":\"ListItem\",\"position\":1,\"name\":\"Portada\",\"item\":\"https:\\\/\\\/www.eltriangle.eu\\\/es\\\/\"},{\"@type\":\"ListItem\",\"position\":2,\"name\":\"Ecos del pasado\"}]},{\"@type\":\"WebSite\",\"@id\":\"https:\\\/\\\/www.eltriangle.eu\\\/es\\\/#website\",\"url\":\"https:\\\/\\\/www.eltriangle.eu\\\/es\\\/\",\"name\":\"El Triangle\",\"description\":\"El Triangle \u00e9s un Diari d&#039;informaci\u00f3 general, editat a Catalunya i escrit en llengua catalana, especialitzat en investigaci\u00f3 period\u00edstica\",\"publisher\":{\"@id\":\"https:\\\/\\\/www.eltriangle.eu\\\/es\\\/#organization\"},\"potentialAction\":[{\"@type\":\"SearchAction\",\"target\":{\"@type\":\"EntryPoint\",\"urlTemplate\":\"https:\\\/\\\/www.eltriangle.eu\\\/es\\\/?s={search_term_string}\"},\"query-input\":{\"@type\":\"PropertyValueSpecification\",\"valueRequired\":true,\"valueName\":\"search_term_string\"}}],\"inLanguage\":\"es\"},{\"@type\":[\"Organization\",\"NewsMediaOrganization\"],\"@id\":\"https:\\\/\\\/www.eltriangle.eu\\\/es\\\/#organization\",\"name\":\"El Triangle\",\"url\":\"https:\\\/\\\/www.eltriangle.eu\\\/es\\\/\",\"logo\":{\"@type\":\"ImageObject\",\"inLanguage\":\"es\",\"@id\":\"https:\\\/\\\/www.eltriangle.eu\\\/es\\\/#\\\/schema\\\/logo\\\/image\\\/\",\"url\":\"https:\\\/\\\/www.eltriangle.eu\\\/wp-content\\\/uploads\\\/2020\\\/11\\\/triangle_logo-ajustado.jpg\",\"contentUrl\":\"https:\\\/\\\/www.eltriangle.eu\\\/wp-content\\\/uploads\\\/2020\\\/11\\\/triangle_logo-ajustado.jpg\",\"width\":521,\"height\":92,\"caption\":\"El Triangle\"},\"image\":{\"@id\":\"https:\\\/\\\/www.eltriangle.eu\\\/es\\\/#\\\/schema\\\/logo\\\/image\\\/\"},\"sameAs\":[\"https:\\\/\\\/www.facebook.com\\\/El-Triangle-Diari-101787399020302\",\"https:\\\/\\\/x.com\\\/El_Triangle\",\"https:\\\/\\\/www.youtube.com\\\/channel\\\/UCTIjmYEMYSpdGonuAgNhbcg\"]},{\"@type\":\"Person\",\"@id\":\"https:\\\/\\\/www.eltriangle.eu\\\/es\\\/#\\\/schema\\\/person\\\/5f6d328b4a64d88f816a599e42436271\",\"name\":\"\u00c1lvaro Cort\u00e9s Oliva\",\"image\":{\"@type\":\"ImageObject\",\"inLanguage\":\"es\",\"@id\":\"https:\\\/\\\/www.eltriangle.eu\\\/wp-content\\\/uploads\\\/2023\\\/01\\\/whatsapp-image-2023-01-06-at-192051-96x96.jpeg\",\"url\":\"https:\\\/\\\/www.eltriangle.eu\\\/wp-content\\\/uploads\\\/2023\\\/01\\\/whatsapp-image-2023-01-06-at-192051-96x96.jpeg\",\"contentUrl\":\"https:\\\/\\\/www.eltriangle.eu\\\/wp-content\\\/uploads\\\/2023\\\/01\\\/whatsapp-image-2023-01-06-at-192051-96x96.jpeg\",\"caption\":\"\u00c1lvaro Cort\u00e9s Oliva\"},\"description\":\"Llicenciat en hist\u00f2ria i m\u00e0ster d'estudis americans\",\"url\":\"https:\\\/\\\/www.eltriangle.eu\\\/es\\\/author\\\/alvaro-cortes\\\/\"},{\"@type\":\"SiteNavigationElement\",\"@id\":\"https:\\\/\\\/www.eltriangle.eu\\\/es\\\/#site-navigation\",\"cssSelector\":[\".cib-main-menu\"]},{\"@type\":\"WPHeader\",\"@id\":\"https:\\\/\\\/www.eltriangle.eu\\\/es\\\/#header\",\"cssSelector\":[\".cib-header\"]},{\"@type\":\"WPFooter\",\"@id\":\"https:\\\/\\\/www.eltriangle.eu\\\/es\\\/#footer\",\"cssSelector\":[\".cib-footer\"]}]}<\/script>\n<!-- \/ Yoast SEO plugin. -->","yoast_head_json":{"title":"Ecos del pasado - El Triangle","description":"Este mes de agosto se cumplen 80 a\u00f1os de la capitulaci\u00f3n del imperio japon\u00e9s que conllev\u00f3 el t\u00e9rmino de la II Guerra Mundial. La conclusi\u00f3n de un","robots":{"index":"index","follow":"follow","max-snippet":"max-snippet:-1","max-image-preview":"max-image-preview:large","max-video-preview":"max-video-preview:-1"},"canonical":"https:\/\/www.eltriangle.eu\/es\/2025\/08\/07\/ecos-del-pasado\/","og_locale":"es_ES","og_type":"article","og_title":"Ecos del pasado - El Triangle","og_description":"Este mes de agosto se cumplen 80 a\u00f1os de la capitulaci\u00f3n del imperio japon\u00e9s que conllev\u00f3 el t\u00e9rmino de la II Guerra Mundial. La conclusi\u00f3n de un","og_url":"https:\/\/www.eltriangle.eu\/es\/2025\/08\/07\/ecos-del-pasado\/","og_site_name":"El Triangle","article_publisher":"https:\/\/www.facebook.com\/El-Triangle-Diari-101787399020302","article_published_time":"2025-08-07T04:00:58+00:00","author":"\u00c1lvaro Cort\u00e9s Oliva","twitter_card":"summary_large_image","twitter_creator":"@El_Triangle","twitter_site":"@El_Triangle","twitter_misc":{"Escrito por":"\u00c1lvaro Cort\u00e9s Oliva","Tiempo de lectura":"4 minutos"},"schema":{"@context":"https:\/\/schema.org","@graph":[{"@type":"NewsArticle","@id":"https:\/\/www.eltriangle.eu\/es\/2025\/08\/07\/ecos-del-pasado\/#article","isPartOf":{"@id":"https:\/\/www.eltriangle.eu\/es\/2025\/08\/07\/ecos-del-pasado\/"},"author":{"name":"\u00c1lvaro Cort\u00e9s Oliva","@id":"https:\/\/www.eltriangle.eu\/es\/#\/schema\/person\/5f6d328b4a64d88f816a599e42436271"},"headline":"Ecos del pasado","datePublished":"2025-08-07T04:00:58+00:00","mainEntityOfPage":{"@id":"https:\/\/www.eltriangle.eu\/es\/2025\/08\/07\/ecos-del-pasado\/"},"wordCount":768,"commentCount":0,"publisher":{"@id":"https:\/\/www.eltriangle.eu\/es\/#organization"},"keywords":["Henry Kissinger","Hitler","II Guerra Mundial","Karl Marx","Maquiavelo","Trump"],"articleSection":["Opini\u00f3n"],"inLanguage":"es","potentialAction":[{"@type":"CommentAction","name":"Comment","target":["https:\/\/www.eltriangle.eu\/es\/2025\/08\/07\/ecos-del-pasado\/#respond"]}]},{"@type":"WebPage","@id":"https:\/\/www.eltriangle.eu\/es\/2025\/08\/07\/ecos-del-pasado\/","url":"https:\/\/www.eltriangle.eu\/es\/2025\/08\/07\/ecos-del-pasado\/","name":"Ecos del pasado - El Triangle","isPartOf":{"@id":"https:\/\/www.eltriangle.eu\/es\/#website"},"datePublished":"2025-08-07T04:00:58+00:00","description":"Este mes de agosto se cumplen 80 a\u00f1os de la capitulaci\u00f3n del imperio japon\u00e9s que conllev\u00f3 el t\u00e9rmino de la II Guerra Mundial. La conclusi\u00f3n de un","breadcrumb":{"@id":"https:\/\/www.eltriangle.eu\/es\/2025\/08\/07\/ecos-del-pasado\/#breadcrumb"},"inLanguage":"es","potentialAction":[{"@type":"ReadAction","target":["https:\/\/www.eltriangle.eu\/es\/2025\/08\/07\/ecos-del-pasado\/"]}]},{"@type":"BreadcrumbList","@id":"https:\/\/www.eltriangle.eu\/es\/2025\/08\/07\/ecos-del-pasado\/#breadcrumb","itemListElement":[{"@type":"ListItem","position":1,"name":"Portada","item":"https:\/\/www.eltriangle.eu\/es\/"},{"@type":"ListItem","position":2,"name":"Ecos del pasado"}]},{"@type":"WebSite","@id":"https:\/\/www.eltriangle.eu\/es\/#website","url":"https:\/\/www.eltriangle.eu\/es\/","name":"El Triangle","description":"El Triangle \u00e9s un Diari d&#039;informaci\u00f3 general, editat a Catalunya i escrit en llengua catalana, especialitzat en investigaci\u00f3 period\u00edstica","publisher":{"@id":"https:\/\/www.eltriangle.eu\/es\/#organization"},"potentialAction":[{"@type":"SearchAction","target":{"@type":"EntryPoint","urlTemplate":"https:\/\/www.eltriangle.eu\/es\/?s={search_term_string}"},"query-input":{"@type":"PropertyValueSpecification","valueRequired":true,"valueName":"search_term_string"}}],"inLanguage":"es"},{"@type":["Organization","NewsMediaOrganization"],"@id":"https:\/\/www.eltriangle.eu\/es\/#organization","name":"El Triangle","url":"https:\/\/www.eltriangle.eu\/es\/","logo":{"@type":"ImageObject","inLanguage":"es","@id":"https:\/\/www.eltriangle.eu\/es\/#\/schema\/logo\/image\/","url":"https:\/\/www.eltriangle.eu\/wp-content\/uploads\/2020\/11\/triangle_logo-ajustado.jpg","contentUrl":"https:\/\/www.eltriangle.eu\/wp-content\/uploads\/2020\/11\/triangle_logo-ajustado.jpg","width":521,"height":92,"caption":"El Triangle"},"image":{"@id":"https:\/\/www.eltriangle.eu\/es\/#\/schema\/logo\/image\/"},"sameAs":["https:\/\/www.facebook.com\/El-Triangle-Diari-101787399020302","https:\/\/x.com\/El_Triangle","https:\/\/www.youtube.com\/channel\/UCTIjmYEMYSpdGonuAgNhbcg"]},{"@type":"Person","@id":"https:\/\/www.eltriangle.eu\/es\/#\/schema\/person\/5f6d328b4a64d88f816a599e42436271","name":"\u00c1lvaro Cort\u00e9s Oliva","image":{"@type":"ImageObject","inLanguage":"es","@id":"https:\/\/www.eltriangle.eu\/wp-content\/uploads\/2023\/01\/whatsapp-image-2023-01-06-at-192051-96x96.jpeg","url":"https:\/\/www.eltriangle.eu\/wp-content\/uploads\/2023\/01\/whatsapp-image-2023-01-06-at-192051-96x96.jpeg","contentUrl":"https:\/\/www.eltriangle.eu\/wp-content\/uploads\/2023\/01\/whatsapp-image-2023-01-06-at-192051-96x96.jpeg","caption":"\u00c1lvaro Cort\u00e9s Oliva"},"description":"Llicenciat en hist\u00f2ria i m\u00e0ster d'estudis americans","url":"https:\/\/www.eltriangle.eu\/es\/author\/alvaro-cortes\/"},{"@type":"SiteNavigationElement","@id":"https:\/\/www.eltriangle.eu\/es\/#site-navigation","cssSelector":[".cib-main-menu"]},{"@type":"WPHeader","@id":"https:\/\/www.eltriangle.eu\/es\/#header","cssSelector":[".cib-header"]},{"@type":"WPFooter","@id":"https:\/\/www.eltriangle.eu\/es\/#footer","cssSelector":[".cib-footer"]}]}},"amp_enabled":true,"_links":{"self":[{"href":"https:\/\/www.eltriangle.eu\/es\/wp-json\/wp\/v2\/posts\/332889","targetHints":{"allow":["GET"]}}],"collection":[{"href":"https:\/\/www.eltriangle.eu\/es\/wp-json\/wp\/v2\/posts"}],"about":[{"href":"https:\/\/www.eltriangle.eu\/es\/wp-json\/wp\/v2\/types\/post"}],"author":[{"embeddable":true,"href":"https:\/\/www.eltriangle.eu\/es\/wp-json\/wp\/v2\/users\/174"}],"replies":[{"embeddable":true,"href":"https:\/\/www.eltriangle.eu\/es\/wp-json\/wp\/v2\/comments?post=332889"}],"version-history":[{"count":0,"href":"https:\/\/www.eltriangle.eu\/es\/wp-json\/wp\/v2\/posts\/332889\/revisions"}],"wp:attachment":[{"href":"https:\/\/www.eltriangle.eu\/es\/wp-json\/wp\/v2\/media?parent=332889"}],"wp:term":[{"taxonomy":"category","embeddable":true,"href":"https:\/\/www.eltriangle.eu\/es\/wp-json\/wp\/v2\/categories?post=332889"},{"taxonomy":"post_tag","embeddable":true,"href":"https:\/\/www.eltriangle.eu\/es\/wp-json\/wp\/v2\/tags?post=332889"}],"curies":[{"name":"wp","href":"https:\/\/api.w.org\/{rel}","templated":true}]}}