{"id":330475,"date":"2025-07-19T17:08:52","date_gmt":"2025-07-19T15:08:52","guid":{"rendered":null},"modified":"2025-07-19T17:55:43","modified_gmt":"2025-07-19T15:55:43","slug":"unos-3-000-docentes-podrian-cambiar-de-destino-por-un-error-en-la-adjudicacion-de-plazas","status":"publish","type":"post","link":"https:\/\/www.eltriangle.eu\/es\/2025\/07\/19\/unos-3-000-docentes-podrian-cambiar-de-destino-por-un-error-en-la-adjudicacion-de-plazas\/","title":{"rendered":"Unos 3.000 docentes podr\u00edan cambiar de destino por un error en la adjudicaci\u00f3n de plazas"},"content":{"rendered":"<p>La consellera de Educaci\u00f3n, <strong>Esther Niub\u00f3<\/strong>, ha estimado que unos <strong>3.000 docentes<\/strong> ver\u00e1n modificado su destino cuando se repita el proceso de adjudicaci\u00f3n de plazas, tras detectarse una incidencia que afecta al 5% de los <strong>57.000 aspirantes<\/strong>. En una entrevista en <strong>Catalunya R\u00e0dio<\/strong>, Niub\u00f3 ha explicado que el cambio \u00ablo m\u00e1s probable\u00bb es que suponga una mejora de destino para los afectados. Ha atribuido el problema a la \u00ab<strong>decisi\u00f3n unilateral<\/strong>\u00bb de una persona que habr\u00eda actuado contra la normativa y las resoluciones internas del <strong>Departamento de Educaci\u00f3n<\/strong>\u00a0y ha asegurado que <strong>no se retrasar\u00e1 el inicio de curso<\/strong>.<\/p>\n<p>La consellera ha remarcado la gravedad de los hechos y ha anunciado que ha solicitado una <strong>comparecencia urgente en el Parlament<\/strong>\u00a0para dar m\u00e1s explicaciones. Tambi\u00e9n ha detallado que ya se ha convocado una <strong>Junta central de Direcciones<\/strong> y se ha informado a los <strong>grupos parlamentarios<\/strong>. Seg\u00fan ha dicho, durante el fin de semana se est\u00e1 trabajando para que la repetici\u00f3n del proceso se haga \u00ab<strong>con la m\u00e1xima brevedad y garant\u00edas<\/strong>\u00ab. Sin embargo, ha insistido en que por ahora solo hay \u00ab<strong>indicios<\/strong>\u00bb y habr\u00e1 que ser rigurosos con el <strong>expediente abierto<\/strong> para depurar responsabilidades.<\/p>\n<p>Niub\u00f3 ha reiterado que el error no afectar\u00e1 al calendario lectivo y ha querido tranquilizar tanto al profesorado como a las familias y al alumnado. \u00ab<strong>El 1 de septiembre<\/strong> es el momento en que ten\u00edan que tomar y <strong>tomar\u00e1n posesi\u00f3n estos docentes<\/strong>\u00ab, ha afirmado. Con esta declaraci\u00f3n ha respondido tambi\u00e9n a la petici\u00f3n del sindicato <strong>Ustec<\/strong>, que <strong>hab\u00eda pedido aplazar el inicio de curso a ra\u00edz de la incidencia.<\/strong><\/p>\n","protected":false},"excerpt":{"rendered":"<p>La consellera de Educaci\u00f3n, Esther Niub\u00f3, ha estimado que unos 3.000 docentes ver\u00e1n modificado su destino cuando se repita el proceso de adjudicaci\u00f3n de plazas, tras detectarse una incidencia que afecta al 5% de los 57.000 aspirantes. En una entrevista en Catalunya R\u00e0dio, Niub\u00f3 ha explicado que el cambio \u00ablo m\u00e1s probable\u00bb es que suponga &#8230; <a title=\"Unos 3.000 docentes podr\u00edan cambiar de destino por un error en la adjudicaci\u00f3n de plazas\" class=\"read-more\" href=\"https:\/\/www.eltriangle.eu\/es\/2025\/07\/19\/unos-3-000-docentes-podrian-cambiar-de-destino-por-un-error-en-la-adjudicacion-de-plazas\/\" aria-label=\"Leer m\u00e1s sobre Unos 3.000 docentes podr\u00edan cambiar de destino por un error en la adjudicaci\u00f3n de plazas\">Leer m\u00e1s<\/a><\/p>\n","protected":false},"author":93,"featured_media":330466,"comment_status":"open","ping_status":"closed","sticky":false,"template":"","format":"standard","meta":{"_acf_changed":false,"pmpro_default_level":"","footnotes":""},"categories":[24,98],"tags":[3723,5137],"class_list":["post-330475","post","type-post","status-publish","format-standard","has-post-thumbnail","hentry","category-actualidad","category-educacion","tag-departament-deducacio-es","tag-esther-niubo-es","lh_instant_articles-syndicate-yes","pmpro-has-access"],"acf":[],"yoast_head":"<!-- This site is optimized with the Yoast SEO plugin v27.4 - https:\/\/yoast.com\/product\/yoast-seo-wordpress\/ -->\n<title>Unos 3.000 docentes podr\u00edan cambiar de destino por un error en la adjudicaci\u00f3n de plazas - El Triangle<\/title>\n<meta name=\"description\" content=\"La consellera de Educaci\u00f3n, Esther Niub\u00f3, ha estimado que unos 3.000 docentes ver\u00e1n modificado su destino cuando se repita el proceso de adjudicaci\u00f3n de\" class=\"yoast-seo-meta-tag\" \/>\n<meta name=\"robots\" content=\"index, follow, max-snippet:-1, max-image-preview:large, max-video-preview:-1\" \/>\n<link rel=\"canonical\" href=\"https:\/\/www.eltriangle.eu\/es\/2025\/07\/19\/unos-3-000-docentes-podrian-cambiar-de-destino-por-un-error-en-la-adjudicacion-de-plazas\/\" class=\"yoast-seo-meta-tag\" \/>\n<meta property=\"og:locale\" content=\"es_ES\" class=\"yoast-seo-meta-tag\" \/>\n<meta property=\"og:type\" content=\"article\" class=\"yoast-seo-meta-tag\" \/>\n<meta property=\"og:title\" content=\"Unos 3.000 docentes podr\u00edan cambiar de destino por un error en la adjudicaci\u00f3n de plazas - El Triangle\" class=\"yoast-seo-meta-tag\" \/>\n<meta property=\"og:description\" content=\"La consellera de Educaci\u00f3n, Esther Niub\u00f3, ha estimado que unos 3.000 docentes ver\u00e1n modificado su destino cuando se repita el proceso de adjudicaci\u00f3n de\" class=\"yoast-seo-meta-tag\" \/>\n<meta property=\"og:url\" content=\"https:\/\/www.eltriangle.eu\/es\/2025\/07\/19\/unos-3-000-docentes-podrian-cambiar-de-destino-por-un-error-en-la-adjudicacion-de-plazas\/\" class=\"yoast-seo-meta-tag\" \/>\n<meta property=\"og:site_name\" content=\"El Triangle\" class=\"yoast-seo-meta-tag\" \/>\n<meta property=\"article:publisher\" content=\"https:\/\/www.facebook.com\/El-Triangle-Diari-101787399020302\" class=\"yoast-seo-meta-tag\" \/>\n<meta property=\"article:published_time\" content=\"2025-07-19T15:08:52+00:00\" class=\"yoast-seo-meta-tag\" \/>\n<meta property=\"article:modified_time\" content=\"2025-07-19T15:55:43+00:00\" class=\"yoast-seo-meta-tag\" \/>\n<meta property=\"og:image\" content=\"https:\/\/www.eltriangle.eu\/wp-content\/uploads\/2025\/07\/la-consellera-esther-niubo-durant-la-sessio-de-control-al-govern-catala-nico-tomas-acn.jpg\" class=\"yoast-seo-meta-tag\" \/>\n\t<meta property=\"og:image:width\" content=\"1200\" class=\"yoast-seo-meta-tag\" \/>\n\t<meta property=\"og:image:height\" content=\"675\" class=\"yoast-seo-meta-tag\" \/>\n\t<meta property=\"og:image:type\" content=\"image\/jpeg\" class=\"yoast-seo-meta-tag\" \/>\n<meta name=\"author\" content=\"redaccio\" class=\"yoast-seo-meta-tag\" \/>\n<meta name=\"twitter:card\" content=\"summary_large_image\" class=\"yoast-seo-meta-tag\" \/>\n<meta name=\"twitter:creator\" content=\"@El_Triangle\" class=\"yoast-seo-meta-tag\" \/>\n<meta name=\"twitter:site\" content=\"@El_Triangle\" class=\"yoast-seo-meta-tag\" \/>\n<meta name=\"twitter:label1\" content=\"Escrito por\" class=\"yoast-seo-meta-tag\" \/>\n\t<meta name=\"twitter:data1\" content=\"redaccio\" class=\"yoast-seo-meta-tag\" \/>\n\t<meta name=\"twitter:label2\" content=\"Tiempo de lectura\" class=\"yoast-seo-meta-tag\" \/>\n\t<meta name=\"twitter:data2\" content=\"1 minuto\" class=\"yoast-seo-meta-tag\" \/>\n<script type=\"application\/ld+json\" class=\"yoast-schema-graph\">{\"@context\":\"https:\\\/\\\/schema.org\",\"@graph\":[{\"@type\":\"NewsArticle\",\"@id\":\"https:\\\/\\\/www.eltriangle.eu\\\/es\\\/2025\\\/07\\\/19\\\/unos-3-000-docentes-podrian-cambiar-de-destino-por-un-error-en-la-adjudicacion-de-plazas\\\/#article\",\"isPartOf\":{\"@id\":\"https:\\\/\\\/www.eltriangle.eu\\\/es\\\/2025\\\/07\\\/19\\\/unos-3-000-docentes-podrian-cambiar-de-destino-por-un-error-en-la-adjudicacion-de-plazas\\\/\"},\"author\":{\"name\":\"redaccio\",\"@id\":\"https:\\\/\\\/www.eltriangle.eu\\\/es\\\/#\\\/schema\\\/person\\\/7e5bff7fe0202e362b26fcec2bd6f383\"},\"headline\":\"Unos 3.000 docentes podr\u00edan cambiar de destino por un error en la adjudicaci\u00f3n de plazas\",\"datePublished\":\"2025-07-19T15:08:52+00:00\",\"dateModified\":\"2025-07-19T15:55:43+00:00\",\"mainEntityOfPage\":{\"@id\":\"https:\\\/\\\/www.eltriangle.eu\\\/es\\\/2025\\\/07\\\/19\\\/unos-3-000-docentes-podrian-cambiar-de-destino-por-un-error-en-la-adjudicacion-de-plazas\\\/\"},\"wordCount\":295,\"commentCount\":0,\"publisher\":{\"@id\":\"https:\\\/\\\/www.eltriangle.eu\\\/es\\\/#organization\"},\"image\":{\"@id\":\"https:\\\/\\\/www.eltriangle.eu\\\/es\\\/2025\\\/07\\\/19\\\/unos-3-000-docentes-podrian-cambiar-de-destino-por-un-error-en-la-adjudicacion-de-plazas\\\/#primaryimage\"},\"thumbnailUrl\":\"https:\\\/\\\/www.eltriangle.eu\\\/wp-content\\\/uploads\\\/2025\\\/07\\\/la-consellera-esther-niubo-durant-la-sessio-de-control-al-govern-catala-nico-tomas-acn.jpg\",\"keywords\":[\"Departament d'Educaci\u00f3\",\"Esther Niub\u00f3\"],\"articleSection\":[\"Actualidad\",\"Educaci\u00f3n\"],\"inLanguage\":\"es\",\"potentialAction\":[{\"@type\":\"CommentAction\",\"name\":\"Comment\",\"target\":[\"https:\\\/\\\/www.eltriangle.eu\\\/es\\\/2025\\\/07\\\/19\\\/unos-3-000-docentes-podrian-cambiar-de-destino-por-un-error-en-la-adjudicacion-de-plazas\\\/#respond\"]}]},{\"@type\":\"WebPage\",\"@id\":\"https:\\\/\\\/www.eltriangle.eu\\\/es\\\/2025\\\/07\\\/19\\\/unos-3-000-docentes-podrian-cambiar-de-destino-por-un-error-en-la-adjudicacion-de-plazas\\\/\",\"url\":\"https:\\\/\\\/www.eltriangle.eu\\\/es\\\/2025\\\/07\\\/19\\\/unos-3-000-docentes-podrian-cambiar-de-destino-por-un-error-en-la-adjudicacion-de-plazas\\\/\",\"name\":\"Unos 3.000 docentes podr\u00edan cambiar de destino por un error en la adjudicaci\u00f3n de plazas - El Triangle\",\"isPartOf\":{\"@id\":\"https:\\\/\\\/www.eltriangle.eu\\\/es\\\/#website\"},\"primaryImageOfPage\":{\"@id\":\"https:\\\/\\\/www.eltriangle.eu\\\/es\\\/2025\\\/07\\\/19\\\/unos-3-000-docentes-podrian-cambiar-de-destino-por-un-error-en-la-adjudicacion-de-plazas\\\/#primaryimage\"},\"image\":{\"@id\":\"https:\\\/\\\/www.eltriangle.eu\\\/es\\\/2025\\\/07\\\/19\\\/unos-3-000-docentes-podrian-cambiar-de-destino-por-un-error-en-la-adjudicacion-de-plazas\\\/#primaryimage\"},\"thumbnailUrl\":\"https:\\\/\\\/www.eltriangle.eu\\\/wp-content\\\/uploads\\\/2025\\\/07\\\/la-consellera-esther-niubo-durant-la-sessio-de-control-al-govern-catala-nico-tomas-acn.jpg\",\"datePublished\":\"2025-07-19T15:08:52+00:00\",\"dateModified\":\"2025-07-19T15:55:43+00:00\",\"description\":\"La consellera de Educaci\u00f3n, Esther Niub\u00f3, ha estimado que unos 3.000 docentes ver\u00e1n modificado su destino cuando se repita el proceso de adjudicaci\u00f3n de\",\"breadcrumb\":{\"@id\":\"https:\\\/\\\/www.eltriangle.eu\\\/es\\\/2025\\\/07\\\/19\\\/unos-3-000-docentes-podrian-cambiar-de-destino-por-un-error-en-la-adjudicacion-de-plazas\\\/#breadcrumb\"},\"inLanguage\":\"es\",\"potentialAction\":[{\"@type\":\"ReadAction\",\"target\":[\"https:\\\/\\\/www.eltriangle.eu\\\/es\\\/2025\\\/07\\\/19\\\/unos-3-000-docentes-podrian-cambiar-de-destino-por-un-error-en-la-adjudicacion-de-plazas\\\/\"]}]},{\"@type\":\"ImageObject\",\"inLanguage\":\"es\",\"@id\":\"https:\\\/\\\/www.eltriangle.eu\\\/es\\\/2025\\\/07\\\/19\\\/unos-3-000-docentes-podrian-cambiar-de-destino-por-un-error-en-la-adjudicacion-de-plazas\\\/#primaryimage\",\"url\":\"https:\\\/\\\/www.eltriangle.eu\\\/wp-content\\\/uploads\\\/2025\\\/07\\\/la-consellera-esther-niubo-durant-la-sessio-de-control-al-govern-catala-nico-tomas-acn.jpg\",\"contentUrl\":\"https:\\\/\\\/www.eltriangle.eu\\\/wp-content\\\/uploads\\\/2025\\\/07\\\/la-consellera-esther-niubo-durant-la-sessio-de-control-al-govern-catala-nico-tomas-acn.jpg\",\"width\":1200,\"height\":675,\"caption\":\"La consellera Esther Niub\u00f3 durante la sesi\u00f3n de control al Gobierno catal\u00e1n (Nico Tom\u00e1s, ACN).\"},{\"@type\":\"BreadcrumbList\",\"@id\":\"https:\\\/\\\/www.eltriangle.eu\\\/es\\\/2025\\\/07\\\/19\\\/unos-3-000-docentes-podrian-cambiar-de-destino-por-un-error-en-la-adjudicacion-de-plazas\\\/#breadcrumb\",\"itemListElement\":[{\"@type\":\"ListItem\",\"position\":1,\"name\":\"Portada\",\"item\":\"https:\\\/\\\/www.eltriangle.eu\\\/es\\\/\"},{\"@type\":\"ListItem\",\"position\":2,\"name\":\"Unos 3.000 docentes podr\u00edan cambiar de destino por un error en la adjudicaci\u00f3n de plazas\"}]},{\"@type\":\"WebSite\",\"@id\":\"https:\\\/\\\/www.eltriangle.eu\\\/es\\\/#website\",\"url\":\"https:\\\/\\\/www.eltriangle.eu\\\/es\\\/\",\"name\":\"El Triangle\",\"description\":\"El Triangle \u00e9s un Diari d&#039;informaci\u00f3 general, editat a Catalunya i escrit en llengua catalana, especialitzat en investigaci\u00f3 period\u00edstica\",\"publisher\":{\"@id\":\"https:\\\/\\\/www.eltriangle.eu\\\/es\\\/#organization\"},\"potentialAction\":[{\"@type\":\"SearchAction\",\"target\":{\"@type\":\"EntryPoint\",\"urlTemplate\":\"https:\\\/\\\/www.eltriangle.eu\\\/es\\\/?s={search_term_string}\"},\"query-input\":{\"@type\":\"PropertyValueSpecification\",\"valueRequired\":true,\"valueName\":\"search_term_string\"}}],\"inLanguage\":\"es\"},{\"@type\":[\"Organization\",\"NewsMediaOrganization\"],\"@id\":\"https:\\\/\\\/www.eltriangle.eu\\\/es\\\/#organization\",\"name\":\"El Triangle\",\"url\":\"https:\\\/\\\/www.eltriangle.eu\\\/es\\\/\",\"logo\":{\"@type\":\"ImageObject\",\"inLanguage\":\"es\",\"@id\":\"https:\\\/\\\/www.eltriangle.eu\\\/es\\\/#\\\/schema\\\/logo\\\/image\\\/\",\"url\":\"https:\\\/\\\/www.eltriangle.eu\\\/wp-content\\\/uploads\\\/2020\\\/11\\\/triangle_logo-ajustado.jpg\",\"contentUrl\":\"https:\\\/\\\/www.eltriangle.eu\\\/wp-content\\\/uploads\\\/2020\\\/11\\\/triangle_logo-ajustado.jpg\",\"width\":521,\"height\":92,\"caption\":\"El Triangle\"},\"image\":{\"@id\":\"https:\\\/\\\/www.eltriangle.eu\\\/es\\\/#\\\/schema\\\/logo\\\/image\\\/\"},\"sameAs\":[\"https:\\\/\\\/www.facebook.com\\\/El-Triangle-Diari-101787399020302\",\"https:\\\/\\\/x.com\\\/El_Triangle\",\"https:\\\/\\\/www.youtube.com\\\/channel\\\/UCTIjmYEMYSpdGonuAgNhbcg\"]},{\"@type\":\"Person\",\"@id\":\"https:\\\/\\\/www.eltriangle.eu\\\/es\\\/#\\\/schema\\\/person\\\/7e5bff7fe0202e362b26fcec2bd6f383\",\"name\":\"redaccio\",\"image\":{\"@type\":\"ImageObject\",\"inLanguage\":\"es\",\"@id\":\"\\\/\\\/www.gravatar.com\\\/avatar\\\/5661b3e51fe6027f31ed1f408d22a917?s=96&#038;r=g&#038;d=mm\",\"url\":\"\\\/\\\/www.gravatar.com\\\/avatar\\\/5661b3e51fe6027f31ed1f408d22a917?s=96&#038;r=g&#038;d=mm\",\"contentUrl\":\"\\\/\\\/www.gravatar.com\\\/avatar\\\/5661b3e51fe6027f31ed1f408d22a917?s=96&#038;r=g&#038;d=mm\",\"caption\":\"redaccio\"},\"url\":\"https:\\\/\\\/www.eltriangle.eu\\\/es\\\/author\\\/redaccio\\\/\"},{\"@type\":\"SiteNavigationElement\",\"@id\":\"https:\\\/\\\/www.eltriangle.eu\\\/es\\\/#site-navigation\",\"cssSelector\":[\".cib-main-menu\"]},{\"@type\":\"WPHeader\",\"@id\":\"https:\\\/\\\/www.eltriangle.eu\\\/es\\\/#header\",\"cssSelector\":[\".cib-header\"]},{\"@type\":\"WPFooter\",\"@id\":\"https:\\\/\\\/www.eltriangle.eu\\\/es\\\/#footer\",\"cssSelector\":[\".cib-footer\"]}]}<\/script>\n<!-- \/ Yoast SEO plugin. -->","yoast_head_json":{"title":"Unos 3.000 docentes podr\u00edan cambiar de destino por un error en la adjudicaci\u00f3n de plazas - El Triangle","description":"La consellera de Educaci\u00f3n, Esther Niub\u00f3, ha estimado que unos 3.000 docentes ver\u00e1n modificado su destino cuando se repita el proceso de adjudicaci\u00f3n de","robots":{"index":"index","follow":"follow","max-snippet":"max-snippet:-1","max-image-preview":"max-image-preview:large","max-video-preview":"max-video-preview:-1"},"canonical":"https:\/\/www.eltriangle.eu\/es\/2025\/07\/19\/unos-3-000-docentes-podrian-cambiar-de-destino-por-un-error-en-la-adjudicacion-de-plazas\/","og_locale":"es_ES","og_type":"article","og_title":"Unos 3.000 docentes podr\u00edan cambiar de destino por un error en la adjudicaci\u00f3n de plazas - El Triangle","og_description":"La consellera de Educaci\u00f3n, Esther Niub\u00f3, ha estimado que unos 3.000 docentes ver\u00e1n modificado su destino cuando se repita el proceso de adjudicaci\u00f3n de","og_url":"https:\/\/www.eltriangle.eu\/es\/2025\/07\/19\/unos-3-000-docentes-podrian-cambiar-de-destino-por-un-error-en-la-adjudicacion-de-plazas\/","og_site_name":"El Triangle","article_publisher":"https:\/\/www.facebook.com\/El-Triangle-Diari-101787399020302","article_published_time":"2025-07-19T15:08:52+00:00","article_modified_time":"2025-07-19T15:55:43+00:00","og_image":[{"width":1200,"height":675,"url":"https:\/\/www.eltriangle.eu\/wp-content\/uploads\/2025\/07\/la-consellera-esther-niubo-durant-la-sessio-de-control-al-govern-catala-nico-tomas-acn.jpg","type":"image\/jpeg"}],"author":"redaccio","twitter_card":"summary_large_image","twitter_creator":"@El_Triangle","twitter_site":"@El_Triangle","twitter_misc":{"Escrito por":"redaccio","Tiempo de lectura":"1 minuto"},"schema":{"@context":"https:\/\/schema.org","@graph":[{"@type":"NewsArticle","@id":"https:\/\/www.eltriangle.eu\/es\/2025\/07\/19\/unos-3-000-docentes-podrian-cambiar-de-destino-por-un-error-en-la-adjudicacion-de-plazas\/#article","isPartOf":{"@id":"https:\/\/www.eltriangle.eu\/es\/2025\/07\/19\/unos-3-000-docentes-podrian-cambiar-de-destino-por-un-error-en-la-adjudicacion-de-plazas\/"},"author":{"name":"redaccio","@id":"https:\/\/www.eltriangle.eu\/es\/#\/schema\/person\/7e5bff7fe0202e362b26fcec2bd6f383"},"headline":"Unos 3.000 docentes podr\u00edan cambiar de destino por un error en la adjudicaci\u00f3n de plazas","datePublished":"2025-07-19T15:08:52+00:00","dateModified":"2025-07-19T15:55:43+00:00","mainEntityOfPage":{"@id":"https:\/\/www.eltriangle.eu\/es\/2025\/07\/19\/unos-3-000-docentes-podrian-cambiar-de-destino-por-un-error-en-la-adjudicacion-de-plazas\/"},"wordCount":295,"commentCount":0,"publisher":{"@id":"https:\/\/www.eltriangle.eu\/es\/#organization"},"image":{"@id":"https:\/\/www.eltriangle.eu\/es\/2025\/07\/19\/unos-3-000-docentes-podrian-cambiar-de-destino-por-un-error-en-la-adjudicacion-de-plazas\/#primaryimage"},"thumbnailUrl":"https:\/\/www.eltriangle.eu\/wp-content\/uploads\/2025\/07\/la-consellera-esther-niubo-durant-la-sessio-de-control-al-govern-catala-nico-tomas-acn.jpg","keywords":["Departament d'Educaci\u00f3","Esther Niub\u00f3"],"articleSection":["Actualidad","Educaci\u00f3n"],"inLanguage":"es","potentialAction":[{"@type":"CommentAction","name":"Comment","target":["https:\/\/www.eltriangle.eu\/es\/2025\/07\/19\/unos-3-000-docentes-podrian-cambiar-de-destino-por-un-error-en-la-adjudicacion-de-plazas\/#respond"]}]},{"@type":"WebPage","@id":"https:\/\/www.eltriangle.eu\/es\/2025\/07\/19\/unos-3-000-docentes-podrian-cambiar-de-destino-por-un-error-en-la-adjudicacion-de-plazas\/","url":"https:\/\/www.eltriangle.eu\/es\/2025\/07\/19\/unos-3-000-docentes-podrian-cambiar-de-destino-por-un-error-en-la-adjudicacion-de-plazas\/","name":"Unos 3.000 docentes podr\u00edan cambiar de destino por un error en la adjudicaci\u00f3n de plazas - El Triangle","isPartOf":{"@id":"https:\/\/www.eltriangle.eu\/es\/#website"},"primaryImageOfPage":{"@id":"https:\/\/www.eltriangle.eu\/es\/2025\/07\/19\/unos-3-000-docentes-podrian-cambiar-de-destino-por-un-error-en-la-adjudicacion-de-plazas\/#primaryimage"},"image":{"@id":"https:\/\/www.eltriangle.eu\/es\/2025\/07\/19\/unos-3-000-docentes-podrian-cambiar-de-destino-por-un-error-en-la-adjudicacion-de-plazas\/#primaryimage"},"thumbnailUrl":"https:\/\/www.eltriangle.eu\/wp-content\/uploads\/2025\/07\/la-consellera-esther-niubo-durant-la-sessio-de-control-al-govern-catala-nico-tomas-acn.jpg","datePublished":"2025-07-19T15:08:52+00:00","dateModified":"2025-07-19T15:55:43+00:00","description":"La consellera de Educaci\u00f3n, Esther Niub\u00f3, ha estimado que unos 3.000 docentes ver\u00e1n modificado su destino cuando se repita el proceso de adjudicaci\u00f3n de","breadcrumb":{"@id":"https:\/\/www.eltriangle.eu\/es\/2025\/07\/19\/unos-3-000-docentes-podrian-cambiar-de-destino-por-un-error-en-la-adjudicacion-de-plazas\/#breadcrumb"},"inLanguage":"es","potentialAction":[{"@type":"ReadAction","target":["https:\/\/www.eltriangle.eu\/es\/2025\/07\/19\/unos-3-000-docentes-podrian-cambiar-de-destino-por-un-error-en-la-adjudicacion-de-plazas\/"]}]},{"@type":"ImageObject","inLanguage":"es","@id":"https:\/\/www.eltriangle.eu\/es\/2025\/07\/19\/unos-3-000-docentes-podrian-cambiar-de-destino-por-un-error-en-la-adjudicacion-de-plazas\/#primaryimage","url":"https:\/\/www.eltriangle.eu\/wp-content\/uploads\/2025\/07\/la-consellera-esther-niubo-durant-la-sessio-de-control-al-govern-catala-nico-tomas-acn.jpg","contentUrl":"https:\/\/www.eltriangle.eu\/wp-content\/uploads\/2025\/07\/la-consellera-esther-niubo-durant-la-sessio-de-control-al-govern-catala-nico-tomas-acn.jpg","width":1200,"height":675,"caption":"La consellera Esther Niub\u00f3 durante la sesi\u00f3n de control al Gobierno catal\u00e1n (Nico Tom\u00e1s, ACN)."},{"@type":"BreadcrumbList","@id":"https:\/\/www.eltriangle.eu\/es\/2025\/07\/19\/unos-3-000-docentes-podrian-cambiar-de-destino-por-un-error-en-la-adjudicacion-de-plazas\/#breadcrumb","itemListElement":[{"@type":"ListItem","position":1,"name":"Portada","item":"https:\/\/www.eltriangle.eu\/es\/"},{"@type":"ListItem","position":2,"name":"Unos 3.000 docentes podr\u00edan cambiar de destino por un error en la adjudicaci\u00f3n de plazas"}]},{"@type":"WebSite","@id":"https:\/\/www.eltriangle.eu\/es\/#website","url":"https:\/\/www.eltriangle.eu\/es\/","name":"El Triangle","description":"El Triangle \u00e9s un Diari d&#039;informaci\u00f3 general, editat a Catalunya i escrit en llengua catalana, especialitzat en investigaci\u00f3 period\u00edstica","publisher":{"@id":"https:\/\/www.eltriangle.eu\/es\/#organization"},"potentialAction":[{"@type":"SearchAction","target":{"@type":"EntryPoint","urlTemplate":"https:\/\/www.eltriangle.eu\/es\/?s={search_term_string}"},"query-input":{"@type":"PropertyValueSpecification","valueRequired":true,"valueName":"search_term_string"}}],"inLanguage":"es"},{"@type":["Organization","NewsMediaOrganization"],"@id":"https:\/\/www.eltriangle.eu\/es\/#organization","name":"El Triangle","url":"https:\/\/www.eltriangle.eu\/es\/","logo":{"@type":"ImageObject","inLanguage":"es","@id":"https:\/\/www.eltriangle.eu\/es\/#\/schema\/logo\/image\/","url":"https:\/\/www.eltriangle.eu\/wp-content\/uploads\/2020\/11\/triangle_logo-ajustado.jpg","contentUrl":"https:\/\/www.eltriangle.eu\/wp-content\/uploads\/2020\/11\/triangle_logo-ajustado.jpg","width":521,"height":92,"caption":"El Triangle"},"image":{"@id":"https:\/\/www.eltriangle.eu\/es\/#\/schema\/logo\/image\/"},"sameAs":["https:\/\/www.facebook.com\/El-Triangle-Diari-101787399020302","https:\/\/x.com\/El_Triangle","https:\/\/www.youtube.com\/channel\/UCTIjmYEMYSpdGonuAgNhbcg"]},{"@type":"Person","@id":"https:\/\/www.eltriangle.eu\/es\/#\/schema\/person\/7e5bff7fe0202e362b26fcec2bd6f383","name":"redaccio","image":{"@type":"ImageObject","inLanguage":"es","@id":"\/\/www.gravatar.com\/avatar\/5661b3e51fe6027f31ed1f408d22a917?s=96&#038;r=g&#038;d=mm","url":"\/\/www.gravatar.com\/avatar\/5661b3e51fe6027f31ed1f408d22a917?s=96&#038;r=g&#038;d=mm","contentUrl":"\/\/www.gravatar.com\/avatar\/5661b3e51fe6027f31ed1f408d22a917?s=96&#038;r=g&#038;d=mm","caption":"redaccio"},"url":"https:\/\/www.eltriangle.eu\/es\/author\/redaccio\/"},{"@type":"SiteNavigationElement","@id":"https:\/\/www.eltriangle.eu\/es\/#site-navigation","cssSelector":[".cib-main-menu"]},{"@type":"WPHeader","@id":"https:\/\/www.eltriangle.eu\/es\/#header","cssSelector":[".cib-header"]},{"@type":"WPFooter","@id":"https:\/\/www.eltriangle.eu\/es\/#footer","cssSelector":[".cib-footer"]}]}},"amp_enabled":true,"_links":{"self":[{"href":"https:\/\/www.eltriangle.eu\/es\/wp-json\/wp\/v2\/posts\/330475","targetHints":{"allow":["GET"]}}],"collection":[{"href":"https:\/\/www.eltriangle.eu\/es\/wp-json\/wp\/v2\/posts"}],"about":[{"href":"https:\/\/www.eltriangle.eu\/es\/wp-json\/wp\/v2\/types\/post"}],"author":[{"embeddable":true,"href":"https:\/\/www.eltriangle.eu\/es\/wp-json\/wp\/v2\/users\/93"}],"replies":[{"embeddable":true,"href":"https:\/\/www.eltriangle.eu\/es\/wp-json\/wp\/v2\/comments?post=330475"}],"version-history":[{"count":0,"href":"https:\/\/www.eltriangle.eu\/es\/wp-json\/wp\/v2\/posts\/330475\/revisions"}],"wp:featuredmedia":[{"embeddable":true,"href":"https:\/\/www.eltriangle.eu\/es\/wp-json\/wp\/v2\/media\/330466"}],"wp:attachment":[{"href":"https:\/\/www.eltriangle.eu\/es\/wp-json\/wp\/v2\/media?parent=330475"}],"wp:term":[{"taxonomy":"category","embeddable":true,"href":"https:\/\/www.eltriangle.eu\/es\/wp-json\/wp\/v2\/categories?post=330475"},{"taxonomy":"post_tag","embeddable":true,"href":"https:\/\/www.eltriangle.eu\/es\/wp-json\/wp\/v2\/tags?post=330475"}],"curies":[{"name":"wp","href":"https:\/\/api.w.org\/{rel}","templated":true}]}}