{"id":330325,"date":"2025-07-18T13:00:09","date_gmt":"2025-07-18T11:00:09","guid":{"rendered":null},"modified":"2025-07-18T17:03:17","modified_gmt":"2025-07-18T15:03:17","slug":"la-generalitat-detiene-la-adjudicacion-de-plazas-docentes-por-incidencias-en-el-sistema","status":"publish","type":"post","link":"https:\/\/www.eltriangle.eu\/es\/2025\/07\/18\/la-generalitat-detiene-la-adjudicacion-de-plazas-docentes-por-incidencias-en-el-sistema\/","title":{"rendered":"La Generalitat detiene la adjudicaci\u00f3n de plazas docentes por incidencias en el sistema"},"content":{"rendered":"<p>El <strong>Departamento de Educaci\u00f3n de la Generalitat<\/strong> ha decidido paralizar el <strong>procedimiento de adjudicaciones de plazas para maestros<\/strong> correspondiente al curso 2025\/26 por la detecci\u00f3n de incidencias.<\/p>\n<p>Seg\u00fan ha avanzado <em>La Vanguardia<\/em> y ha confirmado la ACN citando fuentes de Educaci\u00f3n, el par\u00f3n obligar\u00e1 a <strong>rehacer todo el proceso de adjudicaci\u00f3n<\/strong>, que se prev\u00e9 que pueda acabar finalmente la semana que viene.<\/p>\n<p>El departamento que encabeza la consejera <strong>Esther Niub\u00f3<\/strong> ha abierto un <strong>expediente informativo<\/strong> para saber por qu\u00e9 no se han seguido las instrucciones que se dieron, cu\u00e1l ha sido el problema concreto y cu\u00e1ntas plazas est\u00e1n afectadas, a\u00f1ade la misma informaci\u00f3n.<\/p>\n<p>Adem\u00e1s, ha pedido disculpas a los afectados y la comparecencia urgente de la consejera Niub\u00f3 en el Parlamento de Catalu\u00f1a, la semana pr\u00f3xima.<\/p>\n<p>El gobierno de la Generalitat tambi\u00e9n ha informado a los partidos pol\u00edticos y ha invitado a los sindicatos y a la s\u00edndica de greuges (la defensora del pueblo catal\u00e1n), por transparencia, a <strong>participar en el nuevo proceso de adjudicaci\u00f3n<\/strong>.<\/p>\n<h2><strong>Varias incidencias<\/strong><\/h2>\n<p>Algunas incidencias han desembocado en la adjudicaci\u00f3n de plazas a interinos ante funcionarios, y las hay que han causado que cientos de plazas no hayan entrado en la lista de plazas disponibles para que fueran distribuidas.<\/p>\n<p>Errores en las listas provisionales se reprodujeron en las listas definitivas, que han aparecido este jueves, y que 24 horas despu\u00e9s fueron retiradas por los numerosos errores que contienen.<\/p>\n<p>Adem\u00e1s, las listas definitivas contienen errores que no hab\u00edan aparecido en las provisionales. Por todo ello debe repetirse desde el principio todo el procedimiento.<\/p>\n<h2><strong>USTEC exige responsabilidades<\/strong><\/h2>\n<p>El sindicato <strong>USTEC-STEs (IAC)<\/strong> ha exigido al gobierno de la Generalitat responsabilidades inmediatas ante una gesti\u00f3n que considera \u00abnegligente\u00bb, y destituir a los responsables de unos errores que, a su juicio, \u00absuponen un maltrato grave al personal\u00bb.<\/p>\n<p>En un comunicado, tambi\u00e9n ha exigido que se protejan los derechos de las personas afectadas. Para USTEC, se ha producido una irregularidad \u00abadministrativa grave\u00bb que puede \u00abtener efecto domin\u00f3 y afectar a miles de plazas\u00bb y ha dado lugar a una situaci\u00f3n \u00abgrav\u00edsima\u00bb.<\/p>\n<p>Adem\u00e1s, esta organizaci\u00f3n ha pedido que se informe formalmente de la repetici\u00f3n del proceso a todas las personas afectadas y ha a\u00f1adido que deben poder presentar alegaciones.<\/p>\n","protected":false},"excerpt":{"rendered":"<p>El Departamento de Educaci\u00f3n de la Generalitat ha decidido paralizar el procedimiento de adjudicaciones de plazas para maestros correspondiente al curso 2025\/26 por la detecci\u00f3n de incidencias. Seg\u00fan ha avanzado La Vanguardia y ha confirmado la ACN citando fuentes de Educaci\u00f3n, el par\u00f3n obligar\u00e1 a rehacer todo el proceso de adjudicaci\u00f3n, que se prev\u00e9 que &#8230; <a title=\"La Generalitat detiene la adjudicaci\u00f3n de plazas docentes por incidencias en el sistema\" class=\"read-more\" href=\"https:\/\/www.eltriangle.eu\/es\/2025\/07\/18\/la-generalitat-detiene-la-adjudicacion-de-plazas-docentes-por-incidencias-en-el-sistema\/\" aria-label=\"Leer m\u00e1s sobre La Generalitat detiene la adjudicaci\u00f3n de plazas docentes por incidencias en el sistema\">Leer m\u00e1s<\/a><\/p>\n","protected":false},"author":2,"featured_media":323368,"comment_status":"open","ping_status":"closed","sticky":false,"template":"","format":"standard","meta":{"_acf_changed":false,"pmpro_default_level":"","footnotes":""},"categories":[24,98,74],"tags":[3723,5137],"class_list":["post-330325","post","type-post","status-publish","format-standard","has-post-thumbnail","hentry","category-actualidad","category-educacion","category-poderes","tag-departament-deducacio-es","tag-esther-niubo-es","lh_instant_articles-syndicate-yes","pmpro-has-access"],"acf":[],"yoast_head":"<!-- This site is optimized with the Yoast SEO plugin v27.4 - https:\/\/yoast.com\/product\/yoast-seo-wordpress\/ -->\n<title>La Generalitat detiene la adjudicaci\u00f3n de plazas docentes por incidencias en el sistema - El Triangle<\/title>\n<meta name=\"description\" content=\"El Departamento de Educaci\u00f3n de la Generalitat ha decidido paralizar el procedimiento de adjudicaciones de plazas para maestros correspondiente al curso\" class=\"yoast-seo-meta-tag\" \/>\n<meta name=\"robots\" content=\"index, follow, max-snippet:-1, max-image-preview:large, max-video-preview:-1\" \/>\n<link rel=\"canonical\" href=\"https:\/\/www.eltriangle.eu\/es\/2025\/07\/18\/la-generalitat-detiene-la-adjudicacion-de-plazas-docentes-por-incidencias-en-el-sistema\/\" class=\"yoast-seo-meta-tag\" \/>\n<meta property=\"og:locale\" content=\"es_ES\" class=\"yoast-seo-meta-tag\" \/>\n<meta property=\"og:type\" content=\"article\" class=\"yoast-seo-meta-tag\" \/>\n<meta property=\"og:title\" content=\"La Generalitat detiene la adjudicaci\u00f3n de plazas docentes por incidencias en el sistema - El Triangle\" class=\"yoast-seo-meta-tag\" \/>\n<meta property=\"og:description\" content=\"El Departamento de Educaci\u00f3n de la Generalitat ha decidido paralizar el procedimiento de adjudicaciones de plazas para maestros correspondiente al curso\" class=\"yoast-seo-meta-tag\" \/>\n<meta property=\"og:url\" content=\"https:\/\/www.eltriangle.eu\/es\/2025\/07\/18\/la-generalitat-detiene-la-adjudicacion-de-plazas-docentes-por-incidencias-en-el-sistema\/\" class=\"yoast-seo-meta-tag\" \/>\n<meta property=\"og:site_name\" content=\"El Triangle\" class=\"yoast-seo-meta-tag\" \/>\n<meta property=\"article:publisher\" content=\"https:\/\/www.facebook.com\/El-Triangle-Diari-101787399020302\" class=\"yoast-seo-meta-tag\" \/>\n<meta property=\"article:published_time\" content=\"2025-07-18T11:00:09+00:00\" class=\"yoast-seo-meta-tag\" \/>\n<meta property=\"article:modified_time\" content=\"2025-07-18T15:03:17+00:00\" class=\"yoast-seo-meta-tag\" \/>\n<meta property=\"og:image\" content=\"https:\/\/www.eltriangle.eu\/wp-content\/uploads\/2025\/06\/ester-niubo-al-parlament-parlament.jpeg\" class=\"yoast-seo-meta-tag\" \/>\n\t<meta property=\"og:image:width\" content=\"1200\" class=\"yoast-seo-meta-tag\" \/>\n\t<meta property=\"og:image:height\" content=\"800\" class=\"yoast-seo-meta-tag\" \/>\n\t<meta property=\"og:image:type\" content=\"image\/jpeg\" class=\"yoast-seo-meta-tag\" \/>\n<meta name=\"author\" content=\"Redacci\u00f3n\" class=\"yoast-seo-meta-tag\" \/>\n<meta name=\"twitter:card\" content=\"summary_large_image\" class=\"yoast-seo-meta-tag\" \/>\n<meta name=\"twitter:creator\" content=\"@El_Triangle\" class=\"yoast-seo-meta-tag\" \/>\n<meta name=\"twitter:site\" content=\"@El_Triangle\" class=\"yoast-seo-meta-tag\" \/>\n<meta name=\"twitter:label1\" content=\"Escrito por\" class=\"yoast-seo-meta-tag\" \/>\n\t<meta name=\"twitter:data1\" content=\"Redacci\u00f3n\" class=\"yoast-seo-meta-tag\" \/>\n\t<meta name=\"twitter:label2\" content=\"Tiempo de lectura\" class=\"yoast-seo-meta-tag\" \/>\n\t<meta name=\"twitter:data2\" content=\"2 minutos\" class=\"yoast-seo-meta-tag\" \/>\n<script type=\"application\/ld+json\" class=\"yoast-schema-graph\">{\"@context\":\"https:\\\/\\\/schema.org\",\"@graph\":[{\"@type\":\"NewsArticle\",\"@id\":\"https:\\\/\\\/www.eltriangle.eu\\\/es\\\/2025\\\/07\\\/18\\\/la-generalitat-detiene-la-adjudicacion-de-plazas-docentes-por-incidencias-en-el-sistema\\\/#article\",\"isPartOf\":{\"@id\":\"https:\\\/\\\/www.eltriangle.eu\\\/es\\\/2025\\\/07\\\/18\\\/la-generalitat-detiene-la-adjudicacion-de-plazas-docentes-por-incidencias-en-el-sistema\\\/\"},\"author\":{\"name\":\"Redacci\u00f3n\",\"@id\":\"https:\\\/\\\/www.eltriangle.eu\\\/es\\\/#\\\/schema\\\/person\\\/164a138451b4f28d35c3f5984dac8e18\"},\"headline\":\"La Generalitat detiene la adjudicaci\u00f3n de plazas docentes por incidencias en el sistema\",\"datePublished\":\"2025-07-18T11:00:09+00:00\",\"dateModified\":\"2025-07-18T15:03:17+00:00\",\"mainEntityOfPage\":{\"@id\":\"https:\\\/\\\/www.eltriangle.eu\\\/es\\\/2025\\\/07\\\/18\\\/la-generalitat-detiene-la-adjudicacion-de-plazas-docentes-por-incidencias-en-el-sistema\\\/\"},\"wordCount\":409,\"commentCount\":0,\"publisher\":{\"@id\":\"https:\\\/\\\/www.eltriangle.eu\\\/es\\\/#organization\"},\"image\":{\"@id\":\"https:\\\/\\\/www.eltriangle.eu\\\/es\\\/2025\\\/07\\\/18\\\/la-generalitat-detiene-la-adjudicacion-de-plazas-docentes-por-incidencias-en-el-sistema\\\/#primaryimage\"},\"thumbnailUrl\":\"https:\\\/\\\/www.eltriangle.eu\\\/wp-content\\\/uploads\\\/2025\\\/06\\\/ester-niubo-al-parlament-parlament.jpeg\",\"keywords\":[\"Departament d'Educaci\u00f3\",\"Esther Niub\u00f3\"],\"articleSection\":[\"Actualidad\",\"Educaci\u00f3n\",\"Poderes\"],\"inLanguage\":\"es\",\"potentialAction\":[{\"@type\":\"CommentAction\",\"name\":\"Comment\",\"target\":[\"https:\\\/\\\/www.eltriangle.eu\\\/es\\\/2025\\\/07\\\/18\\\/la-generalitat-detiene-la-adjudicacion-de-plazas-docentes-por-incidencias-en-el-sistema\\\/#respond\"]}]},{\"@type\":\"WebPage\",\"@id\":\"https:\\\/\\\/www.eltriangle.eu\\\/es\\\/2025\\\/07\\\/18\\\/la-generalitat-detiene-la-adjudicacion-de-plazas-docentes-por-incidencias-en-el-sistema\\\/\",\"url\":\"https:\\\/\\\/www.eltriangle.eu\\\/es\\\/2025\\\/07\\\/18\\\/la-generalitat-detiene-la-adjudicacion-de-plazas-docentes-por-incidencias-en-el-sistema\\\/\",\"name\":\"La Generalitat detiene la adjudicaci\u00f3n de plazas docentes por incidencias en el sistema - El Triangle\",\"isPartOf\":{\"@id\":\"https:\\\/\\\/www.eltriangle.eu\\\/es\\\/#website\"},\"primaryImageOfPage\":{\"@id\":\"https:\\\/\\\/www.eltriangle.eu\\\/es\\\/2025\\\/07\\\/18\\\/la-generalitat-detiene-la-adjudicacion-de-plazas-docentes-por-incidencias-en-el-sistema\\\/#primaryimage\"},\"image\":{\"@id\":\"https:\\\/\\\/www.eltriangle.eu\\\/es\\\/2025\\\/07\\\/18\\\/la-generalitat-detiene-la-adjudicacion-de-plazas-docentes-por-incidencias-en-el-sistema\\\/#primaryimage\"},\"thumbnailUrl\":\"https:\\\/\\\/www.eltriangle.eu\\\/wp-content\\\/uploads\\\/2025\\\/06\\\/ester-niubo-al-parlament-parlament.jpeg\",\"datePublished\":\"2025-07-18T11:00:09+00:00\",\"dateModified\":\"2025-07-18T15:03:17+00:00\",\"description\":\"El Departamento de Educaci\u00f3n de la Generalitat ha decidido paralizar el procedimiento de adjudicaciones de plazas para maestros correspondiente al curso\",\"breadcrumb\":{\"@id\":\"https:\\\/\\\/www.eltriangle.eu\\\/es\\\/2025\\\/07\\\/18\\\/la-generalitat-detiene-la-adjudicacion-de-plazas-docentes-por-incidencias-en-el-sistema\\\/#breadcrumb\"},\"inLanguage\":\"es\",\"potentialAction\":[{\"@type\":\"ReadAction\",\"target\":[\"https:\\\/\\\/www.eltriangle.eu\\\/es\\\/2025\\\/07\\\/18\\\/la-generalitat-detiene-la-adjudicacion-de-plazas-docentes-por-incidencias-en-el-sistema\\\/\"]}]},{\"@type\":\"ImageObject\",\"inLanguage\":\"es\",\"@id\":\"https:\\\/\\\/www.eltriangle.eu\\\/es\\\/2025\\\/07\\\/18\\\/la-generalitat-detiene-la-adjudicacion-de-plazas-docentes-por-incidencias-en-el-sistema\\\/#primaryimage\",\"url\":\"https:\\\/\\\/www.eltriangle.eu\\\/wp-content\\\/uploads\\\/2025\\\/06\\\/ester-niubo-al-parlament-parlament.jpeg\",\"contentUrl\":\"https:\\\/\\\/www.eltriangle.eu\\\/wp-content\\\/uploads\\\/2025\\\/06\\\/ester-niubo-al-parlament-parlament.jpeg\",\"width\":1200,\"height\":800},{\"@type\":\"BreadcrumbList\",\"@id\":\"https:\\\/\\\/www.eltriangle.eu\\\/es\\\/2025\\\/07\\\/18\\\/la-generalitat-detiene-la-adjudicacion-de-plazas-docentes-por-incidencias-en-el-sistema\\\/#breadcrumb\",\"itemListElement\":[{\"@type\":\"ListItem\",\"position\":1,\"name\":\"Portada\",\"item\":\"https:\\\/\\\/www.eltriangle.eu\\\/es\\\/\"},{\"@type\":\"ListItem\",\"position\":2,\"name\":\"La Generalitat detiene la adjudicaci\u00f3n de plazas docentes por incidencias en el sistema\"}]},{\"@type\":\"WebSite\",\"@id\":\"https:\\\/\\\/www.eltriangle.eu\\\/es\\\/#website\",\"url\":\"https:\\\/\\\/www.eltriangle.eu\\\/es\\\/\",\"name\":\"El Triangle\",\"description\":\"El Triangle \u00e9s un Diari d&#039;informaci\u00f3 general, editat a Catalunya i escrit en llengua catalana, especialitzat en investigaci\u00f3 period\u00edstica\",\"publisher\":{\"@id\":\"https:\\\/\\\/www.eltriangle.eu\\\/es\\\/#organization\"},\"potentialAction\":[{\"@type\":\"SearchAction\",\"target\":{\"@type\":\"EntryPoint\",\"urlTemplate\":\"https:\\\/\\\/www.eltriangle.eu\\\/es\\\/?s={search_term_string}\"},\"query-input\":{\"@type\":\"PropertyValueSpecification\",\"valueRequired\":true,\"valueName\":\"search_term_string\"}}],\"inLanguage\":\"es\"},{\"@type\":[\"Organization\",\"NewsMediaOrganization\"],\"@id\":\"https:\\\/\\\/www.eltriangle.eu\\\/es\\\/#organization\",\"name\":\"El Triangle\",\"url\":\"https:\\\/\\\/www.eltriangle.eu\\\/es\\\/\",\"logo\":{\"@type\":\"ImageObject\",\"inLanguage\":\"es\",\"@id\":\"https:\\\/\\\/www.eltriangle.eu\\\/es\\\/#\\\/schema\\\/logo\\\/image\\\/\",\"url\":\"https:\\\/\\\/www.eltriangle.eu\\\/wp-content\\\/uploads\\\/2020\\\/11\\\/triangle_logo-ajustado.jpg\",\"contentUrl\":\"https:\\\/\\\/www.eltriangle.eu\\\/wp-content\\\/uploads\\\/2020\\\/11\\\/triangle_logo-ajustado.jpg\",\"width\":521,\"height\":92,\"caption\":\"El Triangle\"},\"image\":{\"@id\":\"https:\\\/\\\/www.eltriangle.eu\\\/es\\\/#\\\/schema\\\/logo\\\/image\\\/\"},\"sameAs\":[\"https:\\\/\\\/www.facebook.com\\\/El-Triangle-Diari-101787399020302\",\"https:\\\/\\\/x.com\\\/El_Triangle\",\"https:\\\/\\\/www.youtube.com\\\/channel\\\/UCTIjmYEMYSpdGonuAgNhbcg\"]},{\"@type\":\"Person\",\"@id\":\"https:\\\/\\\/www.eltriangle.eu\\\/es\\\/#\\\/schema\\\/person\\\/164a138451b4f28d35c3f5984dac8e18\",\"name\":\"Redacci\u00f3n\",\"image\":{\"@type\":\"ImageObject\",\"inLanguage\":\"es\",\"@id\":\"\\\/\\\/www.gravatar.com\\\/avatar\\\/147263d1a435839b8405c79279bb6558?s=96&#038;r=g&#038;d=mm\",\"url\":\"\\\/\\\/www.gravatar.com\\\/avatar\\\/147263d1a435839b8405c79279bb6558?s=96&#038;r=g&#038;d=mm\",\"contentUrl\":\"\\\/\\\/www.gravatar.com\\\/avatar\\\/147263d1a435839b8405c79279bb6558?s=96&#038;r=g&#038;d=mm\",\"caption\":\"Redacci\u00f3n\"},\"url\":\"https:\\\/\\\/www.eltriangle.eu\\\/es\\\/author\\\/autor-1\\\/\"},{\"@type\":\"SiteNavigationElement\",\"@id\":\"https:\\\/\\\/www.eltriangle.eu\\\/es\\\/#site-navigation\",\"cssSelector\":[\".cib-main-menu\"]},{\"@type\":\"WPHeader\",\"@id\":\"https:\\\/\\\/www.eltriangle.eu\\\/es\\\/#header\",\"cssSelector\":[\".cib-header\"]},{\"@type\":\"WPFooter\",\"@id\":\"https:\\\/\\\/www.eltriangle.eu\\\/es\\\/#footer\",\"cssSelector\":[\".cib-footer\"]}]}<\/script>\n<!-- \/ Yoast SEO plugin. -->","yoast_head_json":{"title":"La Generalitat detiene la adjudicaci\u00f3n de plazas docentes por incidencias en el sistema - El Triangle","description":"El Departamento de Educaci\u00f3n de la Generalitat ha decidido paralizar el procedimiento de adjudicaciones de plazas para maestros correspondiente al curso","robots":{"index":"index","follow":"follow","max-snippet":"max-snippet:-1","max-image-preview":"max-image-preview:large","max-video-preview":"max-video-preview:-1"},"canonical":"https:\/\/www.eltriangle.eu\/es\/2025\/07\/18\/la-generalitat-detiene-la-adjudicacion-de-plazas-docentes-por-incidencias-en-el-sistema\/","og_locale":"es_ES","og_type":"article","og_title":"La Generalitat detiene la adjudicaci\u00f3n de plazas docentes por incidencias en el sistema - El Triangle","og_description":"El Departamento de Educaci\u00f3n de la Generalitat ha decidido paralizar el procedimiento de adjudicaciones de plazas para maestros correspondiente al curso","og_url":"https:\/\/www.eltriangle.eu\/es\/2025\/07\/18\/la-generalitat-detiene-la-adjudicacion-de-plazas-docentes-por-incidencias-en-el-sistema\/","og_site_name":"El Triangle","article_publisher":"https:\/\/www.facebook.com\/El-Triangle-Diari-101787399020302","article_published_time":"2025-07-18T11:00:09+00:00","article_modified_time":"2025-07-18T15:03:17+00:00","og_image":[{"width":1200,"height":800,"url":"https:\/\/www.eltriangle.eu\/wp-content\/uploads\/2025\/06\/ester-niubo-al-parlament-parlament.jpeg","type":"image\/jpeg"}],"author":"Redacci\u00f3n","twitter_card":"summary_large_image","twitter_creator":"@El_Triangle","twitter_site":"@El_Triangle","twitter_misc":{"Escrito por":"Redacci\u00f3n","Tiempo de lectura":"2 minutos"},"schema":{"@context":"https:\/\/schema.org","@graph":[{"@type":"NewsArticle","@id":"https:\/\/www.eltriangle.eu\/es\/2025\/07\/18\/la-generalitat-detiene-la-adjudicacion-de-plazas-docentes-por-incidencias-en-el-sistema\/#article","isPartOf":{"@id":"https:\/\/www.eltriangle.eu\/es\/2025\/07\/18\/la-generalitat-detiene-la-adjudicacion-de-plazas-docentes-por-incidencias-en-el-sistema\/"},"author":{"name":"Redacci\u00f3n","@id":"https:\/\/www.eltriangle.eu\/es\/#\/schema\/person\/164a138451b4f28d35c3f5984dac8e18"},"headline":"La Generalitat detiene la adjudicaci\u00f3n de plazas docentes por incidencias en el sistema","datePublished":"2025-07-18T11:00:09+00:00","dateModified":"2025-07-18T15:03:17+00:00","mainEntityOfPage":{"@id":"https:\/\/www.eltriangle.eu\/es\/2025\/07\/18\/la-generalitat-detiene-la-adjudicacion-de-plazas-docentes-por-incidencias-en-el-sistema\/"},"wordCount":409,"commentCount":0,"publisher":{"@id":"https:\/\/www.eltriangle.eu\/es\/#organization"},"image":{"@id":"https:\/\/www.eltriangle.eu\/es\/2025\/07\/18\/la-generalitat-detiene-la-adjudicacion-de-plazas-docentes-por-incidencias-en-el-sistema\/#primaryimage"},"thumbnailUrl":"https:\/\/www.eltriangle.eu\/wp-content\/uploads\/2025\/06\/ester-niubo-al-parlament-parlament.jpeg","keywords":["Departament d'Educaci\u00f3","Esther Niub\u00f3"],"articleSection":["Actualidad","Educaci\u00f3n","Poderes"],"inLanguage":"es","potentialAction":[{"@type":"CommentAction","name":"Comment","target":["https:\/\/www.eltriangle.eu\/es\/2025\/07\/18\/la-generalitat-detiene-la-adjudicacion-de-plazas-docentes-por-incidencias-en-el-sistema\/#respond"]}]},{"@type":"WebPage","@id":"https:\/\/www.eltriangle.eu\/es\/2025\/07\/18\/la-generalitat-detiene-la-adjudicacion-de-plazas-docentes-por-incidencias-en-el-sistema\/","url":"https:\/\/www.eltriangle.eu\/es\/2025\/07\/18\/la-generalitat-detiene-la-adjudicacion-de-plazas-docentes-por-incidencias-en-el-sistema\/","name":"La Generalitat detiene la adjudicaci\u00f3n de plazas docentes por incidencias en el sistema - El Triangle","isPartOf":{"@id":"https:\/\/www.eltriangle.eu\/es\/#website"},"primaryImageOfPage":{"@id":"https:\/\/www.eltriangle.eu\/es\/2025\/07\/18\/la-generalitat-detiene-la-adjudicacion-de-plazas-docentes-por-incidencias-en-el-sistema\/#primaryimage"},"image":{"@id":"https:\/\/www.eltriangle.eu\/es\/2025\/07\/18\/la-generalitat-detiene-la-adjudicacion-de-plazas-docentes-por-incidencias-en-el-sistema\/#primaryimage"},"thumbnailUrl":"https:\/\/www.eltriangle.eu\/wp-content\/uploads\/2025\/06\/ester-niubo-al-parlament-parlament.jpeg","datePublished":"2025-07-18T11:00:09+00:00","dateModified":"2025-07-18T15:03:17+00:00","description":"El Departamento de Educaci\u00f3n de la Generalitat ha decidido paralizar el procedimiento de adjudicaciones de plazas para maestros correspondiente al curso","breadcrumb":{"@id":"https:\/\/www.eltriangle.eu\/es\/2025\/07\/18\/la-generalitat-detiene-la-adjudicacion-de-plazas-docentes-por-incidencias-en-el-sistema\/#breadcrumb"},"inLanguage":"es","potentialAction":[{"@type":"ReadAction","target":["https:\/\/www.eltriangle.eu\/es\/2025\/07\/18\/la-generalitat-detiene-la-adjudicacion-de-plazas-docentes-por-incidencias-en-el-sistema\/"]}]},{"@type":"ImageObject","inLanguage":"es","@id":"https:\/\/www.eltriangle.eu\/es\/2025\/07\/18\/la-generalitat-detiene-la-adjudicacion-de-plazas-docentes-por-incidencias-en-el-sistema\/#primaryimage","url":"https:\/\/www.eltriangle.eu\/wp-content\/uploads\/2025\/06\/ester-niubo-al-parlament-parlament.jpeg","contentUrl":"https:\/\/www.eltriangle.eu\/wp-content\/uploads\/2025\/06\/ester-niubo-al-parlament-parlament.jpeg","width":1200,"height":800},{"@type":"BreadcrumbList","@id":"https:\/\/www.eltriangle.eu\/es\/2025\/07\/18\/la-generalitat-detiene-la-adjudicacion-de-plazas-docentes-por-incidencias-en-el-sistema\/#breadcrumb","itemListElement":[{"@type":"ListItem","position":1,"name":"Portada","item":"https:\/\/www.eltriangle.eu\/es\/"},{"@type":"ListItem","position":2,"name":"La Generalitat detiene la adjudicaci\u00f3n de plazas docentes por incidencias en el sistema"}]},{"@type":"WebSite","@id":"https:\/\/www.eltriangle.eu\/es\/#website","url":"https:\/\/www.eltriangle.eu\/es\/","name":"El Triangle","description":"El Triangle \u00e9s un Diari d&#039;informaci\u00f3 general, editat a Catalunya i escrit en llengua catalana, especialitzat en investigaci\u00f3 period\u00edstica","publisher":{"@id":"https:\/\/www.eltriangle.eu\/es\/#organization"},"potentialAction":[{"@type":"SearchAction","target":{"@type":"EntryPoint","urlTemplate":"https:\/\/www.eltriangle.eu\/es\/?s={search_term_string}"},"query-input":{"@type":"PropertyValueSpecification","valueRequired":true,"valueName":"search_term_string"}}],"inLanguage":"es"},{"@type":["Organization","NewsMediaOrganization"],"@id":"https:\/\/www.eltriangle.eu\/es\/#organization","name":"El Triangle","url":"https:\/\/www.eltriangle.eu\/es\/","logo":{"@type":"ImageObject","inLanguage":"es","@id":"https:\/\/www.eltriangle.eu\/es\/#\/schema\/logo\/image\/","url":"https:\/\/www.eltriangle.eu\/wp-content\/uploads\/2020\/11\/triangle_logo-ajustado.jpg","contentUrl":"https:\/\/www.eltriangle.eu\/wp-content\/uploads\/2020\/11\/triangle_logo-ajustado.jpg","width":521,"height":92,"caption":"El Triangle"},"image":{"@id":"https:\/\/www.eltriangle.eu\/es\/#\/schema\/logo\/image\/"},"sameAs":["https:\/\/www.facebook.com\/El-Triangle-Diari-101787399020302","https:\/\/x.com\/El_Triangle","https:\/\/www.youtube.com\/channel\/UCTIjmYEMYSpdGonuAgNhbcg"]},{"@type":"Person","@id":"https:\/\/www.eltriangle.eu\/es\/#\/schema\/person\/164a138451b4f28d35c3f5984dac8e18","name":"Redacci\u00f3n","image":{"@type":"ImageObject","inLanguage":"es","@id":"\/\/www.gravatar.com\/avatar\/147263d1a435839b8405c79279bb6558?s=96&#038;r=g&#038;d=mm","url":"\/\/www.gravatar.com\/avatar\/147263d1a435839b8405c79279bb6558?s=96&#038;r=g&#038;d=mm","contentUrl":"\/\/www.gravatar.com\/avatar\/147263d1a435839b8405c79279bb6558?s=96&#038;r=g&#038;d=mm","caption":"Redacci\u00f3n"},"url":"https:\/\/www.eltriangle.eu\/es\/author\/autor-1\/"},{"@type":"SiteNavigationElement","@id":"https:\/\/www.eltriangle.eu\/es\/#site-navigation","cssSelector":[".cib-main-menu"]},{"@type":"WPHeader","@id":"https:\/\/www.eltriangle.eu\/es\/#header","cssSelector":[".cib-header"]},{"@type":"WPFooter","@id":"https:\/\/www.eltriangle.eu\/es\/#footer","cssSelector":[".cib-footer"]}]}},"amp_enabled":true,"_links":{"self":[{"href":"https:\/\/www.eltriangle.eu\/es\/wp-json\/wp\/v2\/posts\/330325","targetHints":{"allow":["GET"]}}],"collection":[{"href":"https:\/\/www.eltriangle.eu\/es\/wp-json\/wp\/v2\/posts"}],"about":[{"href":"https:\/\/www.eltriangle.eu\/es\/wp-json\/wp\/v2\/types\/post"}],"author":[{"embeddable":true,"href":"https:\/\/www.eltriangle.eu\/es\/wp-json\/wp\/v2\/users\/2"}],"replies":[{"embeddable":true,"href":"https:\/\/www.eltriangle.eu\/es\/wp-json\/wp\/v2\/comments?post=330325"}],"version-history":[{"count":0,"href":"https:\/\/www.eltriangle.eu\/es\/wp-json\/wp\/v2\/posts\/330325\/revisions"}],"wp:featuredmedia":[{"embeddable":true,"href":"https:\/\/www.eltriangle.eu\/es\/wp-json\/wp\/v2\/media\/323368"}],"wp:attachment":[{"href":"https:\/\/www.eltriangle.eu\/es\/wp-json\/wp\/v2\/media?parent=330325"}],"wp:term":[{"taxonomy":"category","embeddable":true,"href":"https:\/\/www.eltriangle.eu\/es\/wp-json\/wp\/v2\/categories?post=330325"},{"taxonomy":"post_tag","embeddable":true,"href":"https:\/\/www.eltriangle.eu\/es\/wp-json\/wp\/v2\/tags?post=330325"}],"curies":[{"name":"wp","href":"https:\/\/api.w.org\/{rel}","templated":true}]}}