{"id":320785,"date":"2025-05-22T11:00:12","date_gmt":"2025-05-22T09:00:12","guid":{"rendered":null},"modified":"2025-05-22T12:21:43","modified_gmt":"2025-05-22T10:21:43","slug":"niubo-dice-que-la-legislacion-ampara-el-panuelo-y-pide-distinguirlo-del-velo-integral","status":"publish","type":"post","link":"https:\/\/www.eltriangle.eu\/es\/2025\/05\/22\/niubo-dice-que-la-legislacion-ampara-el-panuelo-y-pide-distinguirlo-del-velo-integral\/","title":{"rendered":"Niub\u00f3 dice que la legislaci\u00f3n ampara el pa\u00f1uelo y pide distinguirlo del velo integral"},"content":{"rendered":"<p>La consejera de Educaci\u00f3n de la Generalitat,<strong> Esther Niub\u00f3<\/strong>, ha afirmado que el <strong>pa\u00f1uelo<\/strong> est\u00e1 \u201camparado\u201d por la legislaci\u00f3n y ha pedido distinguir este elemento del <strong>velo integral<\/strong>. En declaraciones a los medios, despu\u00e9s de que <a href=\"https:\/\/www.eltriangle.eu\/es\/2025\/05\/21\/junts-defiende-prohibir-el-velo-en-escuelas-el-burca-y-el-nicab\/?swcfpc=1\" target=\"_blank\" rel=\"noopener\">Junts apostara por prohibir el velo en las escuelas<\/a>,\u00a0ha recordado que la<strong> libertad religiosa<\/strong> es un \u201cderecho fundamental\u201d recogido en la<strong> Declaraci\u00f3n Universal de los Derechos Humanos<\/strong> y que no corresponde al <strong>Parlamento de Catalu\u00f1a<\/strong> hacer una regulaci\u00f3n.<\/p>\n<p>Adem\u00e1s, ha indicado que el sistema educativo dispone de un <strong>marco regulador<\/strong> \u201cque permite la diversidad cultural y religiosa\u201d en los centros. La titular de Educaci\u00f3n ha a\u00f1adido que va acompa\u00f1ado de unas normas de convivencia en las que cualquier vestimenta o velo que pueda perjudicar el desarrollo de una actividad curricular o que tenga un efecto negativo en la comunicaci\u00f3n o en la seguridad \u201cya no est\u00e1 permitido\u201d.<\/p>\n<p>La consejera ha asegurado que en Educaci\u00f3n no les constan problem\u00e1ticas que hayan hecho llegar direcciones de centros educativos en relaci\u00f3n con el velo integral.<\/p>\n","protected":false},"excerpt":{"rendered":"<p>La consejera de Educaci\u00f3n de la Generalitat, Esther Niub\u00f3, ha afirmado que el pa\u00f1uelo est\u00e1 \u201camparado\u201d por la legislaci\u00f3n y ha pedido distinguir este elemento del velo integral. En declaraciones a los medios, despu\u00e9s de que Junts apostara por prohibir el velo en las escuelas,\u00a0ha recordado que la libertad religiosa es un \u201cderecho fundamental\u201d recogido &#8230; <a title=\"Niub\u00f3 dice que la legislaci\u00f3n ampara el pa\u00f1uelo y pide distinguirlo del velo integral\" class=\"read-more\" href=\"https:\/\/www.eltriangle.eu\/es\/2025\/05\/22\/niubo-dice-que-la-legislacion-ampara-el-panuelo-y-pide-distinguirlo-del-velo-integral\/\" aria-label=\"Leer m\u00e1s sobre Niub\u00f3 dice que la legislaci\u00f3n ampara el pa\u00f1uelo y pide distinguirlo del velo integral\">Leer m\u00e1s<\/a><\/p>\n","protected":false},"author":179,"featured_media":320779,"comment_status":"open","ping_status":"closed","sticky":false,"template":"","format":"standard","meta":{"_acf_changed":false,"pmpro_default_level":"","footnotes":""},"categories":[24,98],"tags":[5137],"class_list":["post-320785","post","type-post","status-publish","format-standard","has-post-thumbnail","hentry","category-actualidad","category-educacion","tag-esther-niubo-es","lh_instant_articles-syndicate-yes","pmpro-has-access"],"acf":[],"yoast_head":"<!-- This site is optimized with the Yoast SEO plugin v27.4 - https:\/\/yoast.com\/product\/yoast-seo-wordpress\/ -->\n<title>Niub\u00f3 dice que la legislaci\u00f3n ampara el pa\u00f1uelo y pide distinguirlo del velo integral - El Triangle<\/title>\n<meta name=\"description\" content=\"La consejera de Educaci\u00f3n de la Generalitat, Esther Niub\u00f3, ha afirmado que el pa\u00f1uelo est\u00e1 \u201camparado\u201d por la legislaci\u00f3n y ha pedido distinguir este\" class=\"yoast-seo-meta-tag\" \/>\n<meta name=\"robots\" content=\"index, follow, max-snippet:-1, max-image-preview:large, max-video-preview:-1\" \/>\n<link rel=\"canonical\" href=\"https:\/\/www.eltriangle.eu\/es\/2025\/05\/22\/niubo-dice-que-la-legislacion-ampara-el-panuelo-y-pide-distinguirlo-del-velo-integral\/\" class=\"yoast-seo-meta-tag\" \/>\n<meta property=\"og:locale\" content=\"es_ES\" class=\"yoast-seo-meta-tag\" \/>\n<meta property=\"og:type\" content=\"article\" class=\"yoast-seo-meta-tag\" \/>\n<meta property=\"og:title\" content=\"Niub\u00f3 dice que la legislaci\u00f3n ampara el pa\u00f1uelo y pide distinguirlo del velo integral - El Triangle\" class=\"yoast-seo-meta-tag\" \/>\n<meta property=\"og:description\" content=\"La consejera de Educaci\u00f3n de la Generalitat, Esther Niub\u00f3, ha afirmado que el pa\u00f1uelo est\u00e1 \u201camparado\u201d por la legislaci\u00f3n y ha pedido distinguir este\" class=\"yoast-seo-meta-tag\" \/>\n<meta property=\"og:url\" content=\"https:\/\/www.eltriangle.eu\/es\/2025\/05\/22\/niubo-dice-que-la-legislacion-ampara-el-panuelo-y-pide-distinguirlo-del-velo-integral\/\" class=\"yoast-seo-meta-tag\" \/>\n<meta property=\"og:site_name\" content=\"El Triangle\" class=\"yoast-seo-meta-tag\" \/>\n<meta property=\"article:publisher\" content=\"https:\/\/www.facebook.com\/El-Triangle-Diari-101787399020302\" class=\"yoast-seo-meta-tag\" \/>\n<meta property=\"article:published_time\" content=\"2025-05-22T09:00:12+00:00\" class=\"yoast-seo-meta-tag\" \/>\n<meta property=\"article:modified_time\" content=\"2025-05-22T10:21:43+00:00\" class=\"yoast-seo-meta-tag\" \/>\n<meta property=\"og:image\" content=\"https:\/\/www.eltriangle.eu\/wp-content\/uploads\/2025\/05\/la-consellera-deducacio-esther-niubo-foto-acn-maria-belmez-e1747908222974.jpg\" class=\"yoast-seo-meta-tag\" \/>\n\t<meta property=\"og:image:width\" content=\"1200\" class=\"yoast-seo-meta-tag\" \/>\n\t<meta property=\"og:image:height\" content=\"800\" class=\"yoast-seo-meta-tag\" \/>\n\t<meta property=\"og:image:type\" content=\"image\/jpeg\" class=\"yoast-seo-meta-tag\" \/>\n<meta name=\"author\" content=\"Redacci\u00f3 \/ ACN\" class=\"yoast-seo-meta-tag\" \/>\n<meta name=\"twitter:card\" content=\"summary_large_image\" class=\"yoast-seo-meta-tag\" \/>\n<meta name=\"twitter:creator\" content=\"@El_Triangle\" class=\"yoast-seo-meta-tag\" \/>\n<meta name=\"twitter:site\" content=\"@El_Triangle\" class=\"yoast-seo-meta-tag\" \/>\n<meta name=\"twitter:label1\" content=\"Escrito por\" class=\"yoast-seo-meta-tag\" \/>\n\t<meta name=\"twitter:data1\" content=\"Redacci\u00f3 \/ ACN\" class=\"yoast-seo-meta-tag\" \/>\n\t<meta name=\"twitter:label2\" content=\"Tiempo de lectura\" class=\"yoast-seo-meta-tag\" \/>\n\t<meta name=\"twitter:data2\" content=\"1 minuto\" class=\"yoast-seo-meta-tag\" \/>\n<script type=\"application\/ld+json\" class=\"yoast-schema-graph\">{\"@context\":\"https:\\\/\\\/schema.org\",\"@graph\":[{\"@type\":\"NewsArticle\",\"@id\":\"https:\\\/\\\/www.eltriangle.eu\\\/es\\\/2025\\\/05\\\/22\\\/niubo-dice-que-la-legislacion-ampara-el-panuelo-y-pide-distinguirlo-del-velo-integral\\\/#article\",\"isPartOf\":{\"@id\":\"https:\\\/\\\/www.eltriangle.eu\\\/es\\\/2025\\\/05\\\/22\\\/niubo-dice-que-la-legislacion-ampara-el-panuelo-y-pide-distinguirlo-del-velo-integral\\\/\"},\"author\":{\"name\":\"Redacci\u00f3 \\\/ ACN\",\"@id\":\"https:\\\/\\\/www.eltriangle.eu\\\/es\\\/#\\\/schema\\\/person\\\/6e5938f06dd4dcd413779558fbf437d9\"},\"headline\":\"Niub\u00f3 dice que la legislaci\u00f3n ampara el pa\u00f1uelo y pide distinguirlo del velo integral\",\"datePublished\":\"2025-05-22T09:00:12+00:00\",\"dateModified\":\"2025-05-22T10:21:43+00:00\",\"mainEntityOfPage\":{\"@id\":\"https:\\\/\\\/www.eltriangle.eu\\\/es\\\/2025\\\/05\\\/22\\\/niubo-dice-que-la-legislacion-ampara-el-panuelo-y-pide-distinguirlo-del-velo-integral\\\/\"},\"wordCount\":200,\"commentCount\":0,\"publisher\":{\"@id\":\"https:\\\/\\\/www.eltriangle.eu\\\/es\\\/#organization\"},\"image\":{\"@id\":\"https:\\\/\\\/www.eltriangle.eu\\\/es\\\/2025\\\/05\\\/22\\\/niubo-dice-que-la-legislacion-ampara-el-panuelo-y-pide-distinguirlo-del-velo-integral\\\/#primaryimage\"},\"thumbnailUrl\":\"https:\\\/\\\/www.eltriangle.eu\\\/wp-content\\\/uploads\\\/2025\\\/05\\\/la-consellera-deducacio-esther-niubo-foto-acn-maria-belmez-e1747908222974.jpg\",\"keywords\":[\"Esther Niub\u00f3\"],\"articleSection\":[\"Actualidad\",\"Educaci\u00f3n\"],\"inLanguage\":\"es\",\"potentialAction\":[{\"@type\":\"CommentAction\",\"name\":\"Comment\",\"target\":[\"https:\\\/\\\/www.eltriangle.eu\\\/es\\\/2025\\\/05\\\/22\\\/niubo-dice-que-la-legislacion-ampara-el-panuelo-y-pide-distinguirlo-del-velo-integral\\\/#respond\"]}]},{\"@type\":\"WebPage\",\"@id\":\"https:\\\/\\\/www.eltriangle.eu\\\/es\\\/2025\\\/05\\\/22\\\/niubo-dice-que-la-legislacion-ampara-el-panuelo-y-pide-distinguirlo-del-velo-integral\\\/\",\"url\":\"https:\\\/\\\/www.eltriangle.eu\\\/es\\\/2025\\\/05\\\/22\\\/niubo-dice-que-la-legislacion-ampara-el-panuelo-y-pide-distinguirlo-del-velo-integral\\\/\",\"name\":\"Niub\u00f3 dice que la legislaci\u00f3n ampara el pa\u00f1uelo y pide distinguirlo del velo integral - El Triangle\",\"isPartOf\":{\"@id\":\"https:\\\/\\\/www.eltriangle.eu\\\/es\\\/#website\"},\"primaryImageOfPage\":{\"@id\":\"https:\\\/\\\/www.eltriangle.eu\\\/es\\\/2025\\\/05\\\/22\\\/niubo-dice-que-la-legislacion-ampara-el-panuelo-y-pide-distinguirlo-del-velo-integral\\\/#primaryimage\"},\"image\":{\"@id\":\"https:\\\/\\\/www.eltriangle.eu\\\/es\\\/2025\\\/05\\\/22\\\/niubo-dice-que-la-legislacion-ampara-el-panuelo-y-pide-distinguirlo-del-velo-integral\\\/#primaryimage\"},\"thumbnailUrl\":\"https:\\\/\\\/www.eltriangle.eu\\\/wp-content\\\/uploads\\\/2025\\\/05\\\/la-consellera-deducacio-esther-niubo-foto-acn-maria-belmez-e1747908222974.jpg\",\"datePublished\":\"2025-05-22T09:00:12+00:00\",\"dateModified\":\"2025-05-22T10:21:43+00:00\",\"description\":\"La consejera de Educaci\u00f3n de la Generalitat, Esther Niub\u00f3, ha afirmado que el pa\u00f1uelo est\u00e1 \u201camparado\u201d por la legislaci\u00f3n y ha pedido distinguir este\",\"breadcrumb\":{\"@id\":\"https:\\\/\\\/www.eltriangle.eu\\\/es\\\/2025\\\/05\\\/22\\\/niubo-dice-que-la-legislacion-ampara-el-panuelo-y-pide-distinguirlo-del-velo-integral\\\/#breadcrumb\"},\"inLanguage\":\"es\",\"potentialAction\":[{\"@type\":\"ReadAction\",\"target\":[\"https:\\\/\\\/www.eltriangle.eu\\\/es\\\/2025\\\/05\\\/22\\\/niubo-dice-que-la-legislacion-ampara-el-panuelo-y-pide-distinguirlo-del-velo-integral\\\/\"]}]},{\"@type\":\"ImageObject\",\"inLanguage\":\"es\",\"@id\":\"https:\\\/\\\/www.eltriangle.eu\\\/es\\\/2025\\\/05\\\/22\\\/niubo-dice-que-la-legislacion-ampara-el-panuelo-y-pide-distinguirlo-del-velo-integral\\\/#primaryimage\",\"url\":\"https:\\\/\\\/www.eltriangle.eu\\\/wp-content\\\/uploads\\\/2025\\\/05\\\/la-consellera-deducacio-esther-niubo-foto-acn-maria-belmez-e1747908222974.jpg\",\"contentUrl\":\"https:\\\/\\\/www.eltriangle.eu\\\/wp-content\\\/uploads\\\/2025\\\/05\\\/la-consellera-deducacio-esther-niubo-foto-acn-maria-belmez-e1747908222974.jpg\",\"width\":1200,\"height\":800,\"caption\":\"La consellera d'Educaci\u00f3, Esther Niub\u00f3 - Foto: ACN, Mar\u00eda B\u00e9lmez\"},{\"@type\":\"BreadcrumbList\",\"@id\":\"https:\\\/\\\/www.eltriangle.eu\\\/es\\\/2025\\\/05\\\/22\\\/niubo-dice-que-la-legislacion-ampara-el-panuelo-y-pide-distinguirlo-del-velo-integral\\\/#breadcrumb\",\"itemListElement\":[{\"@type\":\"ListItem\",\"position\":1,\"name\":\"Portada\",\"item\":\"https:\\\/\\\/www.eltriangle.eu\\\/es\\\/\"},{\"@type\":\"ListItem\",\"position\":2,\"name\":\"Niub\u00f3 dice que la legislaci\u00f3n ampara el pa\u00f1uelo y pide distinguirlo del velo integral\"}]},{\"@type\":\"WebSite\",\"@id\":\"https:\\\/\\\/www.eltriangle.eu\\\/es\\\/#website\",\"url\":\"https:\\\/\\\/www.eltriangle.eu\\\/es\\\/\",\"name\":\"El Triangle\",\"description\":\"El Triangle \u00e9s un Diari d&#039;informaci\u00f3 general, editat a Catalunya i escrit en llengua catalana, especialitzat en investigaci\u00f3 period\u00edstica\",\"publisher\":{\"@id\":\"https:\\\/\\\/www.eltriangle.eu\\\/es\\\/#organization\"},\"potentialAction\":[{\"@type\":\"SearchAction\",\"target\":{\"@type\":\"EntryPoint\",\"urlTemplate\":\"https:\\\/\\\/www.eltriangle.eu\\\/es\\\/?s={search_term_string}\"},\"query-input\":{\"@type\":\"PropertyValueSpecification\",\"valueRequired\":true,\"valueName\":\"search_term_string\"}}],\"inLanguage\":\"es\"},{\"@type\":[\"Organization\",\"NewsMediaOrganization\"],\"@id\":\"https:\\\/\\\/www.eltriangle.eu\\\/es\\\/#organization\",\"name\":\"El Triangle\",\"url\":\"https:\\\/\\\/www.eltriangle.eu\\\/es\\\/\",\"logo\":{\"@type\":\"ImageObject\",\"inLanguage\":\"es\",\"@id\":\"https:\\\/\\\/www.eltriangle.eu\\\/es\\\/#\\\/schema\\\/logo\\\/image\\\/\",\"url\":\"https:\\\/\\\/www.eltriangle.eu\\\/wp-content\\\/uploads\\\/2020\\\/11\\\/triangle_logo-ajustado.jpg\",\"contentUrl\":\"https:\\\/\\\/www.eltriangle.eu\\\/wp-content\\\/uploads\\\/2020\\\/11\\\/triangle_logo-ajustado.jpg\",\"width\":521,\"height\":92,\"caption\":\"El Triangle\"},\"image\":{\"@id\":\"https:\\\/\\\/www.eltriangle.eu\\\/es\\\/#\\\/schema\\\/logo\\\/image\\\/\"},\"sameAs\":[\"https:\\\/\\\/www.facebook.com\\\/El-Triangle-Diari-101787399020302\",\"https:\\\/\\\/x.com\\\/El_Triangle\",\"https:\\\/\\\/www.youtube.com\\\/channel\\\/UCTIjmYEMYSpdGonuAgNhbcg\"]},{\"@type\":\"Person\",\"@id\":\"https:\\\/\\\/www.eltriangle.eu\\\/es\\\/#\\\/schema\\\/person\\\/6e5938f06dd4dcd413779558fbf437d9\",\"name\":\"Redacci\u00f3 \\\/ ACN\",\"image\":{\"@type\":\"ImageObject\",\"inLanguage\":\"es\",\"@id\":\"\\\/\\\/www.gravatar.com\\\/avatar\\\/a5bc366245a614da74d9f8d49d1b53bf?s=96&#038;r=g&#038;d=mm\",\"url\":\"\\\/\\\/www.gravatar.com\\\/avatar\\\/a5bc366245a614da74d9f8d49d1b53bf?s=96&#038;r=g&#038;d=mm\",\"contentUrl\":\"\\\/\\\/www.gravatar.com\\\/avatar\\\/a5bc366245a614da74d9f8d49d1b53bf?s=96&#038;r=g&#038;d=mm\",\"caption\":\"Redacci\u00f3 \\\/ ACN\"},\"url\":\"https:\\\/\\\/www.eltriangle.eu\\\/es\\\/author\\\/redaccioacn\\\/\"},{\"@type\":\"SiteNavigationElement\",\"@id\":\"https:\\\/\\\/www.eltriangle.eu\\\/es\\\/#site-navigation\",\"cssSelector\":[\".cib-main-menu\"]},{\"@type\":\"WPHeader\",\"@id\":\"https:\\\/\\\/www.eltriangle.eu\\\/es\\\/#header\",\"cssSelector\":[\".cib-header\"]},{\"@type\":\"WPFooter\",\"@id\":\"https:\\\/\\\/www.eltriangle.eu\\\/es\\\/#footer\",\"cssSelector\":[\".cib-footer\"]}]}<\/script>\n<!-- \/ Yoast SEO plugin. -->","yoast_head_json":{"title":"Niub\u00f3 dice que la legislaci\u00f3n ampara el pa\u00f1uelo y pide distinguirlo del velo integral - El Triangle","description":"La consejera de Educaci\u00f3n de la Generalitat, Esther Niub\u00f3, ha afirmado que el pa\u00f1uelo est\u00e1 \u201camparado\u201d por la legislaci\u00f3n y ha pedido distinguir este","robots":{"index":"index","follow":"follow","max-snippet":"max-snippet:-1","max-image-preview":"max-image-preview:large","max-video-preview":"max-video-preview:-1"},"canonical":"https:\/\/www.eltriangle.eu\/es\/2025\/05\/22\/niubo-dice-que-la-legislacion-ampara-el-panuelo-y-pide-distinguirlo-del-velo-integral\/","og_locale":"es_ES","og_type":"article","og_title":"Niub\u00f3 dice que la legislaci\u00f3n ampara el pa\u00f1uelo y pide distinguirlo del velo integral - El Triangle","og_description":"La consejera de Educaci\u00f3n de la Generalitat, Esther Niub\u00f3, ha afirmado que el pa\u00f1uelo est\u00e1 \u201camparado\u201d por la legislaci\u00f3n y ha pedido distinguir este","og_url":"https:\/\/www.eltriangle.eu\/es\/2025\/05\/22\/niubo-dice-que-la-legislacion-ampara-el-panuelo-y-pide-distinguirlo-del-velo-integral\/","og_site_name":"El Triangle","article_publisher":"https:\/\/www.facebook.com\/El-Triangle-Diari-101787399020302","article_published_time":"2025-05-22T09:00:12+00:00","article_modified_time":"2025-05-22T10:21:43+00:00","og_image":[{"width":1200,"height":800,"url":"https:\/\/www.eltriangle.eu\/wp-content\/uploads\/2025\/05\/la-consellera-deducacio-esther-niubo-foto-acn-maria-belmez-e1747908222974.jpg","type":"image\/jpeg"}],"author":"Redacci\u00f3 \/ ACN","twitter_card":"summary_large_image","twitter_creator":"@El_Triangle","twitter_site":"@El_Triangle","twitter_misc":{"Escrito por":"Redacci\u00f3 \/ ACN","Tiempo de lectura":"1 minuto"},"schema":{"@context":"https:\/\/schema.org","@graph":[{"@type":"NewsArticle","@id":"https:\/\/www.eltriangle.eu\/es\/2025\/05\/22\/niubo-dice-que-la-legislacion-ampara-el-panuelo-y-pide-distinguirlo-del-velo-integral\/#article","isPartOf":{"@id":"https:\/\/www.eltriangle.eu\/es\/2025\/05\/22\/niubo-dice-que-la-legislacion-ampara-el-panuelo-y-pide-distinguirlo-del-velo-integral\/"},"author":{"name":"Redacci\u00f3 \/ ACN","@id":"https:\/\/www.eltriangle.eu\/es\/#\/schema\/person\/6e5938f06dd4dcd413779558fbf437d9"},"headline":"Niub\u00f3 dice que la legislaci\u00f3n ampara el pa\u00f1uelo y pide distinguirlo del velo integral","datePublished":"2025-05-22T09:00:12+00:00","dateModified":"2025-05-22T10:21:43+00:00","mainEntityOfPage":{"@id":"https:\/\/www.eltriangle.eu\/es\/2025\/05\/22\/niubo-dice-que-la-legislacion-ampara-el-panuelo-y-pide-distinguirlo-del-velo-integral\/"},"wordCount":200,"commentCount":0,"publisher":{"@id":"https:\/\/www.eltriangle.eu\/es\/#organization"},"image":{"@id":"https:\/\/www.eltriangle.eu\/es\/2025\/05\/22\/niubo-dice-que-la-legislacion-ampara-el-panuelo-y-pide-distinguirlo-del-velo-integral\/#primaryimage"},"thumbnailUrl":"https:\/\/www.eltriangle.eu\/wp-content\/uploads\/2025\/05\/la-consellera-deducacio-esther-niubo-foto-acn-maria-belmez-e1747908222974.jpg","keywords":["Esther Niub\u00f3"],"articleSection":["Actualidad","Educaci\u00f3n"],"inLanguage":"es","potentialAction":[{"@type":"CommentAction","name":"Comment","target":["https:\/\/www.eltriangle.eu\/es\/2025\/05\/22\/niubo-dice-que-la-legislacion-ampara-el-panuelo-y-pide-distinguirlo-del-velo-integral\/#respond"]}]},{"@type":"WebPage","@id":"https:\/\/www.eltriangle.eu\/es\/2025\/05\/22\/niubo-dice-que-la-legislacion-ampara-el-panuelo-y-pide-distinguirlo-del-velo-integral\/","url":"https:\/\/www.eltriangle.eu\/es\/2025\/05\/22\/niubo-dice-que-la-legislacion-ampara-el-panuelo-y-pide-distinguirlo-del-velo-integral\/","name":"Niub\u00f3 dice que la legislaci\u00f3n ampara el pa\u00f1uelo y pide distinguirlo del velo integral - El Triangle","isPartOf":{"@id":"https:\/\/www.eltriangle.eu\/es\/#website"},"primaryImageOfPage":{"@id":"https:\/\/www.eltriangle.eu\/es\/2025\/05\/22\/niubo-dice-que-la-legislacion-ampara-el-panuelo-y-pide-distinguirlo-del-velo-integral\/#primaryimage"},"image":{"@id":"https:\/\/www.eltriangle.eu\/es\/2025\/05\/22\/niubo-dice-que-la-legislacion-ampara-el-panuelo-y-pide-distinguirlo-del-velo-integral\/#primaryimage"},"thumbnailUrl":"https:\/\/www.eltriangle.eu\/wp-content\/uploads\/2025\/05\/la-consellera-deducacio-esther-niubo-foto-acn-maria-belmez-e1747908222974.jpg","datePublished":"2025-05-22T09:00:12+00:00","dateModified":"2025-05-22T10:21:43+00:00","description":"La consejera de Educaci\u00f3n de la Generalitat, Esther Niub\u00f3, ha afirmado que el pa\u00f1uelo est\u00e1 \u201camparado\u201d por la legislaci\u00f3n y ha pedido distinguir este","breadcrumb":{"@id":"https:\/\/www.eltriangle.eu\/es\/2025\/05\/22\/niubo-dice-que-la-legislacion-ampara-el-panuelo-y-pide-distinguirlo-del-velo-integral\/#breadcrumb"},"inLanguage":"es","potentialAction":[{"@type":"ReadAction","target":["https:\/\/www.eltriangle.eu\/es\/2025\/05\/22\/niubo-dice-que-la-legislacion-ampara-el-panuelo-y-pide-distinguirlo-del-velo-integral\/"]}]},{"@type":"ImageObject","inLanguage":"es","@id":"https:\/\/www.eltriangle.eu\/es\/2025\/05\/22\/niubo-dice-que-la-legislacion-ampara-el-panuelo-y-pide-distinguirlo-del-velo-integral\/#primaryimage","url":"https:\/\/www.eltriangle.eu\/wp-content\/uploads\/2025\/05\/la-consellera-deducacio-esther-niubo-foto-acn-maria-belmez-e1747908222974.jpg","contentUrl":"https:\/\/www.eltriangle.eu\/wp-content\/uploads\/2025\/05\/la-consellera-deducacio-esther-niubo-foto-acn-maria-belmez-e1747908222974.jpg","width":1200,"height":800,"caption":"La consellera d'Educaci\u00f3, Esther Niub\u00f3 - Foto: ACN, Mar\u00eda B\u00e9lmez"},{"@type":"BreadcrumbList","@id":"https:\/\/www.eltriangle.eu\/es\/2025\/05\/22\/niubo-dice-que-la-legislacion-ampara-el-panuelo-y-pide-distinguirlo-del-velo-integral\/#breadcrumb","itemListElement":[{"@type":"ListItem","position":1,"name":"Portada","item":"https:\/\/www.eltriangle.eu\/es\/"},{"@type":"ListItem","position":2,"name":"Niub\u00f3 dice que la legislaci\u00f3n ampara el pa\u00f1uelo y pide distinguirlo del velo integral"}]},{"@type":"WebSite","@id":"https:\/\/www.eltriangle.eu\/es\/#website","url":"https:\/\/www.eltriangle.eu\/es\/","name":"El Triangle","description":"El Triangle \u00e9s un Diari d&#039;informaci\u00f3 general, editat a Catalunya i escrit en llengua catalana, especialitzat en investigaci\u00f3 period\u00edstica","publisher":{"@id":"https:\/\/www.eltriangle.eu\/es\/#organization"},"potentialAction":[{"@type":"SearchAction","target":{"@type":"EntryPoint","urlTemplate":"https:\/\/www.eltriangle.eu\/es\/?s={search_term_string}"},"query-input":{"@type":"PropertyValueSpecification","valueRequired":true,"valueName":"search_term_string"}}],"inLanguage":"es"},{"@type":["Organization","NewsMediaOrganization"],"@id":"https:\/\/www.eltriangle.eu\/es\/#organization","name":"El Triangle","url":"https:\/\/www.eltriangle.eu\/es\/","logo":{"@type":"ImageObject","inLanguage":"es","@id":"https:\/\/www.eltriangle.eu\/es\/#\/schema\/logo\/image\/","url":"https:\/\/www.eltriangle.eu\/wp-content\/uploads\/2020\/11\/triangle_logo-ajustado.jpg","contentUrl":"https:\/\/www.eltriangle.eu\/wp-content\/uploads\/2020\/11\/triangle_logo-ajustado.jpg","width":521,"height":92,"caption":"El Triangle"},"image":{"@id":"https:\/\/www.eltriangle.eu\/es\/#\/schema\/logo\/image\/"},"sameAs":["https:\/\/www.facebook.com\/El-Triangle-Diari-101787399020302","https:\/\/x.com\/El_Triangle","https:\/\/www.youtube.com\/channel\/UCTIjmYEMYSpdGonuAgNhbcg"]},{"@type":"Person","@id":"https:\/\/www.eltriangle.eu\/es\/#\/schema\/person\/6e5938f06dd4dcd413779558fbf437d9","name":"Redacci\u00f3 \/ ACN","image":{"@type":"ImageObject","inLanguage":"es","@id":"\/\/www.gravatar.com\/avatar\/a5bc366245a614da74d9f8d49d1b53bf?s=96&#038;r=g&#038;d=mm","url":"\/\/www.gravatar.com\/avatar\/a5bc366245a614da74d9f8d49d1b53bf?s=96&#038;r=g&#038;d=mm","contentUrl":"\/\/www.gravatar.com\/avatar\/a5bc366245a614da74d9f8d49d1b53bf?s=96&#038;r=g&#038;d=mm","caption":"Redacci\u00f3 \/ ACN"},"url":"https:\/\/www.eltriangle.eu\/es\/author\/redaccioacn\/"},{"@type":"SiteNavigationElement","@id":"https:\/\/www.eltriangle.eu\/es\/#site-navigation","cssSelector":[".cib-main-menu"]},{"@type":"WPHeader","@id":"https:\/\/www.eltriangle.eu\/es\/#header","cssSelector":[".cib-header"]},{"@type":"WPFooter","@id":"https:\/\/www.eltriangle.eu\/es\/#footer","cssSelector":[".cib-footer"]}]}},"amp_enabled":true,"_links":{"self":[{"href":"https:\/\/www.eltriangle.eu\/es\/wp-json\/wp\/v2\/posts\/320785","targetHints":{"allow":["GET"]}}],"collection":[{"href":"https:\/\/www.eltriangle.eu\/es\/wp-json\/wp\/v2\/posts"}],"about":[{"href":"https:\/\/www.eltriangle.eu\/es\/wp-json\/wp\/v2\/types\/post"}],"author":[{"embeddable":true,"href":"https:\/\/www.eltriangle.eu\/es\/wp-json\/wp\/v2\/users\/179"}],"replies":[{"embeddable":true,"href":"https:\/\/www.eltriangle.eu\/es\/wp-json\/wp\/v2\/comments?post=320785"}],"version-history":[{"count":0,"href":"https:\/\/www.eltriangle.eu\/es\/wp-json\/wp\/v2\/posts\/320785\/revisions"}],"wp:featuredmedia":[{"embeddable":true,"href":"https:\/\/www.eltriangle.eu\/es\/wp-json\/wp\/v2\/media\/320779"}],"wp:attachment":[{"href":"https:\/\/www.eltriangle.eu\/es\/wp-json\/wp\/v2\/media?parent=320785"}],"wp:term":[{"taxonomy":"category","embeddable":true,"href":"https:\/\/www.eltriangle.eu\/es\/wp-json\/wp\/v2\/categories?post=320785"},{"taxonomy":"post_tag","embeddable":true,"href":"https:\/\/www.eltriangle.eu\/es\/wp-json\/wp\/v2\/tags?post=320785"}],"curies":[{"name":"wp","href":"https:\/\/api.w.org\/{rel}","templated":true}]}}