{"id":317219,"date":"2025-04-30T10:00:42","date_gmt":"2025-04-30T08:00:42","guid":{"rendered":null},"modified":"2025-04-30T13:52:09","modified_gmt":"2025-04-30T11:52:09","slug":"el-registro-civil-dejara-de-inscribir-de-forma-directa-a-los-bebes-nacidos-por-vientre-de-alquiler","status":"publish","type":"post","link":"https:\/\/www.eltriangle.eu\/es\/2025\/04\/30\/el-registro-civil-dejara-de-inscribir-de-forma-directa-a-los-bebes-nacidos-por-vientre-de-alquiler\/","title":{"rendered":"El Registro Civil dejar\u00e1 de inscribir de forma directa a los beb\u00e9s nacidos por vientre de alquiler"},"content":{"rendered":"<p>El <strong>Registro Civil<\/strong> dejar\u00e1 de inscribir de forma directa a los beb\u00e9s nacidos por vientre de alquiler, una pr\u00e1ctica prohibida desde 2006 en Espa\u00f1a. El <strong>Ministerio de la Presidencia, Justicia y Relaciones con las Cortes<\/strong> ha aprobado una instrucci\u00f3n para hacer cumplir la sentencia del <strong>Tribunal Supremo<\/strong> de 2024 que rechaza regularizar ni\u00f1os nacidos por gestaci\u00f3n subrogada, aunque lo avalen jueces, resoluciones de otro pa\u00eds o haya un contrato de gestaci\u00f3n por sustituci\u00f3n.<\/p>\n<p>A partir de ahora, por tanto, s\u00f3lo se podr\u00e1 formalizar la inscripci\u00f3n siguiendo los caminos habituales de determinaci\u00f3n de la filiaci\u00f3n (la relaci\u00f3n jur\u00eddica entre hijos y padres): por v\u00ednculo biol\u00f3gico (si se ha sido donante) o por adopci\u00f3n. El objetivo del gobierno espa\u00f1ol es evitar que los ciudadanos espa\u00f1oles burlen la prohibici\u00f3n de esta pr\u00e1ctica en Espa\u00f1a y la practiquen en el extranjero. La nueva instrucci\u00f3n se publicar\u00e1 el jueves en el<strong> Bolet\u00edn Oficial del Estado (BOE)<\/strong>.<\/p>\n<p>Hasta ahora, los ni\u00f1os nacidos por vientre de alquiler en el extranjero pod\u00edan ser inscritos en el Registro Civil si cumpl\u00edan ciertos requisitos formales, como la presentaci\u00f3n de una resoluci\u00f3n judicial de un tribunal que garantizase la eficiencia legal del consentimiento prestado o el reconocimiento a una sentencia dictada en otro pa\u00eds. Ahora, sin embargo, el r\u00e9gimen registral se adecua a la sentencia del Supremo de diciembre de 2024, que negaba la remisi\u00f3n a una resoluci\u00f3n judicial norteamericana que validaba un contrato de gestaci\u00f3n subrogada.<\/p>\n<p>La sentencia conclu\u00eda que la protecci\u00f3n del menor debe partir de las leyes y convenios aplicables en Espa\u00f1a y de la jurisprudencia que los interpreta, y reitera que <strong>el contrato de gestaci\u00f3n subrogada cosifica a la mujer gestante y al menor<\/strong>. La nueva instrucci\u00f3n, contin\u00faa el ministerio, tambi\u00e9n se alinea con la doctrina del <strong>Tribunal Europeo de los Derechos Humanos<\/strong>. Adem\u00e1s, esta pr\u00e1ctica est\u00e1 prohibida tambi\u00e9n en pa\u00edses como Alemania, Francia o Italia.<\/p>\n<p>A pesar de su prohibici\u00f3n desde 2006, hasta 154 ni\u00f1os fueron inscritos en el Registro Civil en virtud de una resoluci\u00f3n judicial extranjera durante 2024.<\/p>\n","protected":false},"excerpt":{"rendered":"<p>El Registro Civil dejar\u00e1 de inscribir de forma directa a los beb\u00e9s nacidos por vientre de alquiler, una pr\u00e1ctica prohibida desde 2006 en Espa\u00f1a. El Ministerio de la Presidencia, Justicia y Relaciones con las Cortes ha aprobado una instrucci\u00f3n para hacer cumplir la sentencia del Tribunal Supremo de 2024 que rechaza regularizar ni\u00f1os nacidos por &#8230; <a title=\"El Registro Civil dejar\u00e1 de inscribir de forma directa a los beb\u00e9s nacidos por vientre de alquiler\" class=\"read-more\" href=\"https:\/\/www.eltriangle.eu\/es\/2025\/04\/30\/el-registro-civil-dejara-de-inscribir-de-forma-directa-a-los-bebes-nacidos-por-vientre-de-alquiler\/\" aria-label=\"Leer m\u00e1s sobre El Registro Civil dejar\u00e1 de inscribir de forma directa a los beb\u00e9s nacidos por vientre de alquiler\">Leer m\u00e1s<\/a><\/p>\n","protected":false},"author":179,"featured_media":317217,"comment_status":"open","ping_status":"closed","sticky":false,"template":"","format":"standard","meta":{"_acf_changed":false,"pmpro_default_level":"","footnotes":""},"categories":[24,131,76,74],"tags":[5232,279,6482],"class_list":["post-317219","post","type-post","status-publish","format-standard","has-post-thumbnail","hentry","category-actualidad","category-apertura-es","category-en-la-calle","category-poderes","tag-butlleti-oficial-de-lestat-boe-es","tag-tribunal-supremo","tag-vientres-de-alquiler","lh_instant_articles-syndicate-yes","pmpro-has-access"],"acf":[],"yoast_head":"<!-- This site is optimized with the Yoast SEO plugin v27.4 - https:\/\/yoast.com\/product\/yoast-seo-wordpress\/ -->\n<title>El Registro Civil dejar\u00e1 de inscribir de forma directa a los beb\u00e9s nacidos por vientre de alquiler - El Triangle<\/title>\n<meta name=\"description\" content=\"El Registro Civil dejar\u00e1 de inscribir de forma directa a los beb\u00e9s nacidos por vientre de alquiler, una pr\u00e1ctica prohibida desde 2006 en Espa\u00f1a. El\" class=\"yoast-seo-meta-tag\" \/>\n<meta name=\"robots\" content=\"index, follow, max-snippet:-1, max-image-preview:large, max-video-preview:-1\" \/>\n<link rel=\"canonical\" href=\"https:\/\/www.eltriangle.eu\/es\/2025\/04\/30\/el-registro-civil-dejara-de-inscribir-de-forma-directa-a-los-bebes-nacidos-por-vientre-de-alquiler\/\" class=\"yoast-seo-meta-tag\" \/>\n<meta property=\"og:locale\" content=\"es_ES\" class=\"yoast-seo-meta-tag\" \/>\n<meta property=\"og:type\" content=\"article\" class=\"yoast-seo-meta-tag\" \/>\n<meta property=\"og:title\" content=\"El Registro Civil dejar\u00e1 de inscribir de forma directa a los beb\u00e9s nacidos por vientre de alquiler - El Triangle\" class=\"yoast-seo-meta-tag\" \/>\n<meta property=\"og:description\" content=\"El Registro Civil dejar\u00e1 de inscribir de forma directa a los beb\u00e9s nacidos por vientre de alquiler, una pr\u00e1ctica prohibida desde 2006 en Espa\u00f1a. El\" class=\"yoast-seo-meta-tag\" \/>\n<meta property=\"og:url\" content=\"https:\/\/www.eltriangle.eu\/es\/2025\/04\/30\/el-registro-civil-dejara-de-inscribir-de-forma-directa-a-los-bebes-nacidos-por-vientre-de-alquiler\/\" class=\"yoast-seo-meta-tag\" \/>\n<meta property=\"og:site_name\" content=\"El Triangle\" class=\"yoast-seo-meta-tag\" \/>\n<meta property=\"article:publisher\" content=\"https:\/\/www.facebook.com\/El-Triangle-Diari-101787399020302\" class=\"yoast-seo-meta-tag\" \/>\n<meta property=\"article:published_time\" content=\"2025-04-30T08:00:42+00:00\" class=\"yoast-seo-meta-tag\" \/>\n<meta property=\"article:modified_time\" content=\"2025-04-30T11:52:09+00:00\" class=\"yoast-seo-meta-tag\" \/>\n<meta property=\"og:image\" content=\"https:\/\/www.eltriangle.eu\/wp-content\/uploads\/2025\/04\/3740807-e1746003197123.jpg\" class=\"yoast-seo-meta-tag\" \/>\n\t<meta property=\"og:image:width\" content=\"900\" class=\"yoast-seo-meta-tag\" \/>\n\t<meta property=\"og:image:height\" content=\"1200\" class=\"yoast-seo-meta-tag\" \/>\n\t<meta property=\"og:image:type\" content=\"image\/jpeg\" class=\"yoast-seo-meta-tag\" \/>\n<meta name=\"author\" content=\"Redacci\u00f3 \/ ACN\" class=\"yoast-seo-meta-tag\" \/>\n<meta name=\"twitter:card\" content=\"summary_large_image\" class=\"yoast-seo-meta-tag\" \/>\n<meta name=\"twitter:creator\" content=\"@El_Triangle\" class=\"yoast-seo-meta-tag\" \/>\n<meta name=\"twitter:site\" content=\"@El_Triangle\" class=\"yoast-seo-meta-tag\" \/>\n<meta name=\"twitter:label1\" content=\"Escrito por\" class=\"yoast-seo-meta-tag\" \/>\n\t<meta name=\"twitter:data1\" content=\"Redacci\u00f3 \/ ACN\" class=\"yoast-seo-meta-tag\" \/>\n\t<meta name=\"twitter:label2\" content=\"Tiempo de lectura\" class=\"yoast-seo-meta-tag\" \/>\n\t<meta name=\"twitter:data2\" content=\"2 minutos\" class=\"yoast-seo-meta-tag\" \/>\n<script type=\"application\/ld+json\" class=\"yoast-schema-graph\">{\"@context\":\"https:\\\/\\\/schema.org\",\"@graph\":[{\"@type\":\"NewsArticle\",\"@id\":\"https:\\\/\\\/www.eltriangle.eu\\\/es\\\/2025\\\/04\\\/30\\\/el-registro-civil-dejara-de-inscribir-de-forma-directa-a-los-bebes-nacidos-por-vientre-de-alquiler\\\/#article\",\"isPartOf\":{\"@id\":\"https:\\\/\\\/www.eltriangle.eu\\\/es\\\/2025\\\/04\\\/30\\\/el-registro-civil-dejara-de-inscribir-de-forma-directa-a-los-bebes-nacidos-por-vientre-de-alquiler\\\/\"},\"author\":{\"name\":\"Redacci\u00f3 \\\/ ACN\",\"@id\":\"https:\\\/\\\/www.eltriangle.eu\\\/es\\\/#\\\/schema\\\/person\\\/6e5938f06dd4dcd413779558fbf437d9\"},\"headline\":\"El Registro Civil dejar\u00e1 de inscribir de forma directa a los beb\u00e9s nacidos por vientre de alquiler\",\"datePublished\":\"2025-04-30T08:00:42+00:00\",\"dateModified\":\"2025-04-30T11:52:09+00:00\",\"mainEntityOfPage\":{\"@id\":\"https:\\\/\\\/www.eltriangle.eu\\\/es\\\/2025\\\/04\\\/30\\\/el-registro-civil-dejara-de-inscribir-de-forma-directa-a-los-bebes-nacidos-por-vientre-de-alquiler\\\/\"},\"wordCount\":395,\"commentCount\":0,\"publisher\":{\"@id\":\"https:\\\/\\\/www.eltriangle.eu\\\/es\\\/#organization\"},\"image\":{\"@id\":\"https:\\\/\\\/www.eltriangle.eu\\\/es\\\/2025\\\/04\\\/30\\\/el-registro-civil-dejara-de-inscribir-de-forma-directa-a-los-bebes-nacidos-por-vientre-de-alquiler\\\/#primaryimage\"},\"thumbnailUrl\":\"https:\\\/\\\/www.eltriangle.eu\\\/wp-content\\\/uploads\\\/2025\\\/04\\\/3740807-e1746003197123.jpg\",\"keywords\":[\"Butllet\u00ed Oficial de l'Estat (BOE)\",\"Tribunal Supremo\",\"Vientres de alquiler\"],\"articleSection\":[\"Actualidad\",\"Apertura\",\"En la calle\",\"Poderes\"],\"inLanguage\":\"es\",\"potentialAction\":[{\"@type\":\"CommentAction\",\"name\":\"Comment\",\"target\":[\"https:\\\/\\\/www.eltriangle.eu\\\/es\\\/2025\\\/04\\\/30\\\/el-registro-civil-dejara-de-inscribir-de-forma-directa-a-los-bebes-nacidos-por-vientre-de-alquiler\\\/#respond\"]}]},{\"@type\":\"WebPage\",\"@id\":\"https:\\\/\\\/www.eltriangle.eu\\\/es\\\/2025\\\/04\\\/30\\\/el-registro-civil-dejara-de-inscribir-de-forma-directa-a-los-bebes-nacidos-por-vientre-de-alquiler\\\/\",\"url\":\"https:\\\/\\\/www.eltriangle.eu\\\/es\\\/2025\\\/04\\\/30\\\/el-registro-civil-dejara-de-inscribir-de-forma-directa-a-los-bebes-nacidos-por-vientre-de-alquiler\\\/\",\"name\":\"El Registro Civil dejar\u00e1 de inscribir de forma directa a los beb\u00e9s nacidos por vientre de alquiler - El Triangle\",\"isPartOf\":{\"@id\":\"https:\\\/\\\/www.eltriangle.eu\\\/es\\\/#website\"},\"primaryImageOfPage\":{\"@id\":\"https:\\\/\\\/www.eltriangle.eu\\\/es\\\/2025\\\/04\\\/30\\\/el-registro-civil-dejara-de-inscribir-de-forma-directa-a-los-bebes-nacidos-por-vientre-de-alquiler\\\/#primaryimage\"},\"image\":{\"@id\":\"https:\\\/\\\/www.eltriangle.eu\\\/es\\\/2025\\\/04\\\/30\\\/el-registro-civil-dejara-de-inscribir-de-forma-directa-a-los-bebes-nacidos-por-vientre-de-alquiler\\\/#primaryimage\"},\"thumbnailUrl\":\"https:\\\/\\\/www.eltriangle.eu\\\/wp-content\\\/uploads\\\/2025\\\/04\\\/3740807-e1746003197123.jpg\",\"datePublished\":\"2025-04-30T08:00:42+00:00\",\"dateModified\":\"2025-04-30T11:52:09+00:00\",\"description\":\"El Registro Civil dejar\u00e1 de inscribir de forma directa a los beb\u00e9s nacidos por vientre de alquiler, una pr\u00e1ctica prohibida desde 2006 en Espa\u00f1a. El\",\"breadcrumb\":{\"@id\":\"https:\\\/\\\/www.eltriangle.eu\\\/es\\\/2025\\\/04\\\/30\\\/el-registro-civil-dejara-de-inscribir-de-forma-directa-a-los-bebes-nacidos-por-vientre-de-alquiler\\\/#breadcrumb\"},\"inLanguage\":\"es\",\"potentialAction\":[{\"@type\":\"ReadAction\",\"target\":[\"https:\\\/\\\/www.eltriangle.eu\\\/es\\\/2025\\\/04\\\/30\\\/el-registro-civil-dejara-de-inscribir-de-forma-directa-a-los-bebes-nacidos-por-vientre-de-alquiler\\\/\"]}]},{\"@type\":\"ImageObject\",\"inLanguage\":\"es\",\"@id\":\"https:\\\/\\\/www.eltriangle.eu\\\/es\\\/2025\\\/04\\\/30\\\/el-registro-civil-dejara-de-inscribir-de-forma-directa-a-los-bebes-nacidos-por-vientre-de-alquiler\\\/#primaryimage\",\"url\":\"https:\\\/\\\/www.eltriangle.eu\\\/wp-content\\\/uploads\\\/2025\\\/04\\\/3740807-e1746003197123.jpg\",\"contentUrl\":\"https:\\\/\\\/www.eltriangle.eu\\\/wp-content\\\/uploads\\\/2025\\\/04\\\/3740807-e1746003197123.jpg\",\"width\":900,\"height\":1200,\"caption\":\"Imagen de un beb\u00e9 (ACN \\\/ Departamento de Salud)\"},{\"@type\":\"BreadcrumbList\",\"@id\":\"https:\\\/\\\/www.eltriangle.eu\\\/es\\\/2025\\\/04\\\/30\\\/el-registro-civil-dejara-de-inscribir-de-forma-directa-a-los-bebes-nacidos-por-vientre-de-alquiler\\\/#breadcrumb\",\"itemListElement\":[{\"@type\":\"ListItem\",\"position\":1,\"name\":\"Portada\",\"item\":\"https:\\\/\\\/www.eltriangle.eu\\\/es\\\/\"},{\"@type\":\"ListItem\",\"position\":2,\"name\":\"El Registro Civil dejar\u00e1 de inscribir de forma directa a los beb\u00e9s nacidos por vientre de alquiler\"}]},{\"@type\":\"WebSite\",\"@id\":\"https:\\\/\\\/www.eltriangle.eu\\\/es\\\/#website\",\"url\":\"https:\\\/\\\/www.eltriangle.eu\\\/es\\\/\",\"name\":\"El Triangle\",\"description\":\"El Triangle \u00e9s un Diari d&#039;informaci\u00f3 general, editat a Catalunya i escrit en llengua catalana, especialitzat en investigaci\u00f3 period\u00edstica\",\"publisher\":{\"@id\":\"https:\\\/\\\/www.eltriangle.eu\\\/es\\\/#organization\"},\"potentialAction\":[{\"@type\":\"SearchAction\",\"target\":{\"@type\":\"EntryPoint\",\"urlTemplate\":\"https:\\\/\\\/www.eltriangle.eu\\\/es\\\/?s={search_term_string}\"},\"query-input\":{\"@type\":\"PropertyValueSpecification\",\"valueRequired\":true,\"valueName\":\"search_term_string\"}}],\"inLanguage\":\"es\"},{\"@type\":[\"Organization\",\"NewsMediaOrganization\"],\"@id\":\"https:\\\/\\\/www.eltriangle.eu\\\/es\\\/#organization\",\"name\":\"El Triangle\",\"url\":\"https:\\\/\\\/www.eltriangle.eu\\\/es\\\/\",\"logo\":{\"@type\":\"ImageObject\",\"inLanguage\":\"es\",\"@id\":\"https:\\\/\\\/www.eltriangle.eu\\\/es\\\/#\\\/schema\\\/logo\\\/image\\\/\",\"url\":\"https:\\\/\\\/www.eltriangle.eu\\\/wp-content\\\/uploads\\\/2020\\\/11\\\/triangle_logo-ajustado.jpg\",\"contentUrl\":\"https:\\\/\\\/www.eltriangle.eu\\\/wp-content\\\/uploads\\\/2020\\\/11\\\/triangle_logo-ajustado.jpg\",\"width\":521,\"height\":92,\"caption\":\"El Triangle\"},\"image\":{\"@id\":\"https:\\\/\\\/www.eltriangle.eu\\\/es\\\/#\\\/schema\\\/logo\\\/image\\\/\"},\"sameAs\":[\"https:\\\/\\\/www.facebook.com\\\/El-Triangle-Diari-101787399020302\",\"https:\\\/\\\/x.com\\\/El_Triangle\",\"https:\\\/\\\/www.youtube.com\\\/channel\\\/UCTIjmYEMYSpdGonuAgNhbcg\"]},{\"@type\":\"Person\",\"@id\":\"https:\\\/\\\/www.eltriangle.eu\\\/es\\\/#\\\/schema\\\/person\\\/6e5938f06dd4dcd413779558fbf437d9\",\"name\":\"Redacci\u00f3 \\\/ ACN\",\"image\":{\"@type\":\"ImageObject\",\"inLanguage\":\"es\",\"@id\":\"\\\/\\\/www.gravatar.com\\\/avatar\\\/a5bc366245a614da74d9f8d49d1b53bf?s=96&#038;r=g&#038;d=mm\",\"url\":\"\\\/\\\/www.gravatar.com\\\/avatar\\\/a5bc366245a614da74d9f8d49d1b53bf?s=96&#038;r=g&#038;d=mm\",\"contentUrl\":\"\\\/\\\/www.gravatar.com\\\/avatar\\\/a5bc366245a614da74d9f8d49d1b53bf?s=96&#038;r=g&#038;d=mm\",\"caption\":\"Redacci\u00f3 \\\/ ACN\"},\"url\":\"https:\\\/\\\/www.eltriangle.eu\\\/es\\\/author\\\/redaccioacn\\\/\"},{\"@type\":\"SiteNavigationElement\",\"@id\":\"https:\\\/\\\/www.eltriangle.eu\\\/es\\\/#site-navigation\",\"cssSelector\":[\".cib-main-menu\"]},{\"@type\":\"WPHeader\",\"@id\":\"https:\\\/\\\/www.eltriangle.eu\\\/es\\\/#header\",\"cssSelector\":[\".cib-header\"]},{\"@type\":\"WPFooter\",\"@id\":\"https:\\\/\\\/www.eltriangle.eu\\\/es\\\/#footer\",\"cssSelector\":[\".cib-footer\"]}]}<\/script>\n<!-- \/ Yoast SEO plugin. -->","yoast_head_json":{"title":"El Registro Civil dejar\u00e1 de inscribir de forma directa a los beb\u00e9s nacidos por vientre de alquiler - El Triangle","description":"El Registro Civil dejar\u00e1 de inscribir de forma directa a los beb\u00e9s nacidos por vientre de alquiler, una pr\u00e1ctica prohibida desde 2006 en Espa\u00f1a. El","robots":{"index":"index","follow":"follow","max-snippet":"max-snippet:-1","max-image-preview":"max-image-preview:large","max-video-preview":"max-video-preview:-1"},"canonical":"https:\/\/www.eltriangle.eu\/es\/2025\/04\/30\/el-registro-civil-dejara-de-inscribir-de-forma-directa-a-los-bebes-nacidos-por-vientre-de-alquiler\/","og_locale":"es_ES","og_type":"article","og_title":"El Registro Civil dejar\u00e1 de inscribir de forma directa a los beb\u00e9s nacidos por vientre de alquiler - El Triangle","og_description":"El Registro Civil dejar\u00e1 de inscribir de forma directa a los beb\u00e9s nacidos por vientre de alquiler, una pr\u00e1ctica prohibida desde 2006 en Espa\u00f1a. El","og_url":"https:\/\/www.eltriangle.eu\/es\/2025\/04\/30\/el-registro-civil-dejara-de-inscribir-de-forma-directa-a-los-bebes-nacidos-por-vientre-de-alquiler\/","og_site_name":"El Triangle","article_publisher":"https:\/\/www.facebook.com\/El-Triangle-Diari-101787399020302","article_published_time":"2025-04-30T08:00:42+00:00","article_modified_time":"2025-04-30T11:52:09+00:00","og_image":[{"width":900,"height":1200,"url":"https:\/\/www.eltriangle.eu\/wp-content\/uploads\/2025\/04\/3740807-e1746003197123.jpg","type":"image\/jpeg"}],"author":"Redacci\u00f3 \/ ACN","twitter_card":"summary_large_image","twitter_creator":"@El_Triangle","twitter_site":"@El_Triangle","twitter_misc":{"Escrito por":"Redacci\u00f3 \/ ACN","Tiempo de lectura":"2 minutos"},"schema":{"@context":"https:\/\/schema.org","@graph":[{"@type":"NewsArticle","@id":"https:\/\/www.eltriangle.eu\/es\/2025\/04\/30\/el-registro-civil-dejara-de-inscribir-de-forma-directa-a-los-bebes-nacidos-por-vientre-de-alquiler\/#article","isPartOf":{"@id":"https:\/\/www.eltriangle.eu\/es\/2025\/04\/30\/el-registro-civil-dejara-de-inscribir-de-forma-directa-a-los-bebes-nacidos-por-vientre-de-alquiler\/"},"author":{"name":"Redacci\u00f3 \/ ACN","@id":"https:\/\/www.eltriangle.eu\/es\/#\/schema\/person\/6e5938f06dd4dcd413779558fbf437d9"},"headline":"El Registro Civil dejar\u00e1 de inscribir de forma directa a los beb\u00e9s nacidos por vientre de alquiler","datePublished":"2025-04-30T08:00:42+00:00","dateModified":"2025-04-30T11:52:09+00:00","mainEntityOfPage":{"@id":"https:\/\/www.eltriangle.eu\/es\/2025\/04\/30\/el-registro-civil-dejara-de-inscribir-de-forma-directa-a-los-bebes-nacidos-por-vientre-de-alquiler\/"},"wordCount":395,"commentCount":0,"publisher":{"@id":"https:\/\/www.eltriangle.eu\/es\/#organization"},"image":{"@id":"https:\/\/www.eltriangle.eu\/es\/2025\/04\/30\/el-registro-civil-dejara-de-inscribir-de-forma-directa-a-los-bebes-nacidos-por-vientre-de-alquiler\/#primaryimage"},"thumbnailUrl":"https:\/\/www.eltriangle.eu\/wp-content\/uploads\/2025\/04\/3740807-e1746003197123.jpg","keywords":["Butllet\u00ed Oficial de l'Estat (BOE)","Tribunal Supremo","Vientres de alquiler"],"articleSection":["Actualidad","Apertura","En la calle","Poderes"],"inLanguage":"es","potentialAction":[{"@type":"CommentAction","name":"Comment","target":["https:\/\/www.eltriangle.eu\/es\/2025\/04\/30\/el-registro-civil-dejara-de-inscribir-de-forma-directa-a-los-bebes-nacidos-por-vientre-de-alquiler\/#respond"]}]},{"@type":"WebPage","@id":"https:\/\/www.eltriangle.eu\/es\/2025\/04\/30\/el-registro-civil-dejara-de-inscribir-de-forma-directa-a-los-bebes-nacidos-por-vientre-de-alquiler\/","url":"https:\/\/www.eltriangle.eu\/es\/2025\/04\/30\/el-registro-civil-dejara-de-inscribir-de-forma-directa-a-los-bebes-nacidos-por-vientre-de-alquiler\/","name":"El Registro Civil dejar\u00e1 de inscribir de forma directa a los beb\u00e9s nacidos por vientre de alquiler - El Triangle","isPartOf":{"@id":"https:\/\/www.eltriangle.eu\/es\/#website"},"primaryImageOfPage":{"@id":"https:\/\/www.eltriangle.eu\/es\/2025\/04\/30\/el-registro-civil-dejara-de-inscribir-de-forma-directa-a-los-bebes-nacidos-por-vientre-de-alquiler\/#primaryimage"},"image":{"@id":"https:\/\/www.eltriangle.eu\/es\/2025\/04\/30\/el-registro-civil-dejara-de-inscribir-de-forma-directa-a-los-bebes-nacidos-por-vientre-de-alquiler\/#primaryimage"},"thumbnailUrl":"https:\/\/www.eltriangle.eu\/wp-content\/uploads\/2025\/04\/3740807-e1746003197123.jpg","datePublished":"2025-04-30T08:00:42+00:00","dateModified":"2025-04-30T11:52:09+00:00","description":"El Registro Civil dejar\u00e1 de inscribir de forma directa a los beb\u00e9s nacidos por vientre de alquiler, una pr\u00e1ctica prohibida desde 2006 en Espa\u00f1a. El","breadcrumb":{"@id":"https:\/\/www.eltriangle.eu\/es\/2025\/04\/30\/el-registro-civil-dejara-de-inscribir-de-forma-directa-a-los-bebes-nacidos-por-vientre-de-alquiler\/#breadcrumb"},"inLanguage":"es","potentialAction":[{"@type":"ReadAction","target":["https:\/\/www.eltriangle.eu\/es\/2025\/04\/30\/el-registro-civil-dejara-de-inscribir-de-forma-directa-a-los-bebes-nacidos-por-vientre-de-alquiler\/"]}]},{"@type":"ImageObject","inLanguage":"es","@id":"https:\/\/www.eltriangle.eu\/es\/2025\/04\/30\/el-registro-civil-dejara-de-inscribir-de-forma-directa-a-los-bebes-nacidos-por-vientre-de-alquiler\/#primaryimage","url":"https:\/\/www.eltriangle.eu\/wp-content\/uploads\/2025\/04\/3740807-e1746003197123.jpg","contentUrl":"https:\/\/www.eltriangle.eu\/wp-content\/uploads\/2025\/04\/3740807-e1746003197123.jpg","width":900,"height":1200,"caption":"Imagen de un beb\u00e9 (ACN \/ Departamento de Salud)"},{"@type":"BreadcrumbList","@id":"https:\/\/www.eltriangle.eu\/es\/2025\/04\/30\/el-registro-civil-dejara-de-inscribir-de-forma-directa-a-los-bebes-nacidos-por-vientre-de-alquiler\/#breadcrumb","itemListElement":[{"@type":"ListItem","position":1,"name":"Portada","item":"https:\/\/www.eltriangle.eu\/es\/"},{"@type":"ListItem","position":2,"name":"El Registro Civil dejar\u00e1 de inscribir de forma directa a los beb\u00e9s nacidos por vientre de alquiler"}]},{"@type":"WebSite","@id":"https:\/\/www.eltriangle.eu\/es\/#website","url":"https:\/\/www.eltriangle.eu\/es\/","name":"El Triangle","description":"El Triangle \u00e9s un Diari d&#039;informaci\u00f3 general, editat a Catalunya i escrit en llengua catalana, especialitzat en investigaci\u00f3 period\u00edstica","publisher":{"@id":"https:\/\/www.eltriangle.eu\/es\/#organization"},"potentialAction":[{"@type":"SearchAction","target":{"@type":"EntryPoint","urlTemplate":"https:\/\/www.eltriangle.eu\/es\/?s={search_term_string}"},"query-input":{"@type":"PropertyValueSpecification","valueRequired":true,"valueName":"search_term_string"}}],"inLanguage":"es"},{"@type":["Organization","NewsMediaOrganization"],"@id":"https:\/\/www.eltriangle.eu\/es\/#organization","name":"El Triangle","url":"https:\/\/www.eltriangle.eu\/es\/","logo":{"@type":"ImageObject","inLanguage":"es","@id":"https:\/\/www.eltriangle.eu\/es\/#\/schema\/logo\/image\/","url":"https:\/\/www.eltriangle.eu\/wp-content\/uploads\/2020\/11\/triangle_logo-ajustado.jpg","contentUrl":"https:\/\/www.eltriangle.eu\/wp-content\/uploads\/2020\/11\/triangle_logo-ajustado.jpg","width":521,"height":92,"caption":"El Triangle"},"image":{"@id":"https:\/\/www.eltriangle.eu\/es\/#\/schema\/logo\/image\/"},"sameAs":["https:\/\/www.facebook.com\/El-Triangle-Diari-101787399020302","https:\/\/x.com\/El_Triangle","https:\/\/www.youtube.com\/channel\/UCTIjmYEMYSpdGonuAgNhbcg"]},{"@type":"Person","@id":"https:\/\/www.eltriangle.eu\/es\/#\/schema\/person\/6e5938f06dd4dcd413779558fbf437d9","name":"Redacci\u00f3 \/ ACN","image":{"@type":"ImageObject","inLanguage":"es","@id":"\/\/www.gravatar.com\/avatar\/a5bc366245a614da74d9f8d49d1b53bf?s=96&#038;r=g&#038;d=mm","url":"\/\/www.gravatar.com\/avatar\/a5bc366245a614da74d9f8d49d1b53bf?s=96&#038;r=g&#038;d=mm","contentUrl":"\/\/www.gravatar.com\/avatar\/a5bc366245a614da74d9f8d49d1b53bf?s=96&#038;r=g&#038;d=mm","caption":"Redacci\u00f3 \/ ACN"},"url":"https:\/\/www.eltriangle.eu\/es\/author\/redaccioacn\/"},{"@type":"SiteNavigationElement","@id":"https:\/\/www.eltriangle.eu\/es\/#site-navigation","cssSelector":[".cib-main-menu"]},{"@type":"WPHeader","@id":"https:\/\/www.eltriangle.eu\/es\/#header","cssSelector":[".cib-header"]},{"@type":"WPFooter","@id":"https:\/\/www.eltriangle.eu\/es\/#footer","cssSelector":[".cib-footer"]}]}},"amp_enabled":true,"_links":{"self":[{"href":"https:\/\/www.eltriangle.eu\/es\/wp-json\/wp\/v2\/posts\/317219","targetHints":{"allow":["GET"]}}],"collection":[{"href":"https:\/\/www.eltriangle.eu\/es\/wp-json\/wp\/v2\/posts"}],"about":[{"href":"https:\/\/www.eltriangle.eu\/es\/wp-json\/wp\/v2\/types\/post"}],"author":[{"embeddable":true,"href":"https:\/\/www.eltriangle.eu\/es\/wp-json\/wp\/v2\/users\/179"}],"replies":[{"embeddable":true,"href":"https:\/\/www.eltriangle.eu\/es\/wp-json\/wp\/v2\/comments?post=317219"}],"version-history":[{"count":0,"href":"https:\/\/www.eltriangle.eu\/es\/wp-json\/wp\/v2\/posts\/317219\/revisions"}],"wp:featuredmedia":[{"embeddable":true,"href":"https:\/\/www.eltriangle.eu\/es\/wp-json\/wp\/v2\/media\/317217"}],"wp:attachment":[{"href":"https:\/\/www.eltriangle.eu\/es\/wp-json\/wp\/v2\/media?parent=317219"}],"wp:term":[{"taxonomy":"category","embeddable":true,"href":"https:\/\/www.eltriangle.eu\/es\/wp-json\/wp\/v2\/categories?post=317219"},{"taxonomy":"post_tag","embeddable":true,"href":"https:\/\/www.eltriangle.eu\/es\/wp-json\/wp\/v2\/tags?post=317219"}],"curies":[{"name":"wp","href":"https:\/\/api.w.org\/{rel}","templated":true}]}}