{"id":314277,"date":"2025-04-11T09:30:32","date_gmt":"2025-04-11T07:30:32","guid":{"rendered":null},"modified":"2025-04-11T12:30:34","modified_gmt":"2025-04-11T10:30:34","slug":"roger-espanol-pide-13-anos-de-carcel-para-los-policias-procesados-por-quitarle-el-ojo-el-1-o","status":"publish","type":"post","link":"https:\/\/www.eltriangle.eu\/es\/2025\/04\/11\/roger-espanol-pide-13-anos-de-carcel-para-los-policias-procesados-por-quitarle-el-ojo-el-1-o\/","title":{"rendered":"Roger Espa\u00f1ol pide 13 a\u00f1os de c\u00e1rcel para los polic\u00edas procesados por quitarle el ojo"},"content":{"rendered":"<p><strong>Roger Espa\u00f1ol<\/strong> ha pedido<strong>\u00a013 a\u00f1os de c\u00e1rcel para los polic\u00edas nacionales procesados<\/strong> como presuntos responsables de <strong>quitarle el ojo el 1-O<\/strong>. En el escrito de acusaci\u00f3n, el activista plantea imponer una pena de nueve a\u00f1os de prisi\u00f3n a los agentes por<strong> delito de lesiones con p\u00e9rdida de \u00f3rgano<\/strong> y de cuatro a\u00f1os de prisi\u00f3n por <strong>tortura<\/strong>, as\u00ed como la <strong>inhabilitaci\u00f3n<\/strong> durante el periodo que dure la condena.<\/p>\n<p>La defensa de Espa\u00f1ol, ejercida por el centro para la defensa de los derechos humanos <strong>Ir\u00eddia<\/strong>, ha pedido condenar a los procesados por el delito de tortura al considerar que el disparo que le caus\u00f3 la p\u00e9rdida del ojo \u00abse efectu\u00f3 <strong>como represalia<\/strong> por participar\u00bb en el 1-O y ten\u00eda, seg\u00fan argumenta, una \u00abintenci\u00f3n clara de castigarlo\u00bb.<\/p>\n<p>El escrito sostiene que los cuatro agentes procesados eran \u00abperfectamente conocedores de que no exist\u00eda una situaci\u00f3n de peligro hacia ninguno de los agentes policiales actuantes ni hacia terceros\u00bb, que \u00abla reuni\u00f3n era pac\u00edfica\u00bb y que \u00abpor la proximidad con que se encontraban los manifestantes era altamente probable que las balas de caucho produjeran lesiones de gravedad\u00bb.<\/p>\n<p>\u00abEsta decisi\u00f3n era compartida y aceptada por los cuatro acusados, desde su posici\u00f3n en la escala de mando, verbalizada en esa direcci\u00f3n y que no fue revertida en ning\u00fan momento a pesar de que la evoluci\u00f3n de los acontecimientos cuando se iban produciendo disparos con las escopetas de caucho, llegando a dispararse en ese punto hasta diecisiete balas\u00bb, a\u00f1ade el documento.<\/p>\n<p>La defensa de Espa\u00f1ol asegura que el polic\u00eda que le quit\u00f3 el ojo dispar\u00f3 contra \u00e9l en tres ocasiones y fue la \u00faltima bala, disparada \u00abvoluntariamente\u00bb, seg\u00fan subraya el documento, la que impact\u00f3 contra su rostro, cuando se encontraba \u00abentre periodistas con las manos levantadas\u00bb, a una distancia de \u00absolo 14,12 metros\u00bb. El disparo <strong>caus\u00f3 al activista un estallido del globo ocular derecho con fractura orbital y maxilar<\/strong>, as\u00ed como <strong>lesiones f\u00edsicas y ps\u00edquicas graves<\/strong>, con<strong> secuelas permanentes<\/strong>, remarca el escrito.<\/p>\n<p>Tras la presentaci\u00f3n del escrito de acusaci\u00f3n, Espa\u00f1ol se ha mostrado \u00abconvencido\u00bb de que su caso es \u00abde los m\u00e1s claros\u00bb para \u00abpoder denunciar el abuso que se hace de las escopetas de energ\u00eda cin\u00e9tica en situaciones de protesta\u00bb. \u00abEste mar de impunidad se tiene que acabar. No entender\u00eda otro veredicto que el de culpabilidad\u00bb, ha remarcado.<\/p>\n","protected":false},"excerpt":{"rendered":"<p>Roger Espa\u00f1ol ha pedido\u00a013 a\u00f1os de c\u00e1rcel para los polic\u00edas nacionales procesados como presuntos responsables de quitarle el ojo el 1-O. En el escrito de acusaci\u00f3n, el activista plantea imponer una pena de nueve a\u00f1os de prisi\u00f3n a los agentes por delito de lesiones con p\u00e9rdida de \u00f3rgano y de cuatro a\u00f1os de prisi\u00f3n por &#8230; <a title=\"Roger Espa\u00f1ol pide 13 a\u00f1os de c\u00e1rcel para los polic\u00edas procesados por quitarle el ojo\" class=\"read-more\" href=\"https:\/\/www.eltriangle.eu\/es\/2025\/04\/11\/roger-espanol-pide-13-anos-de-carcel-para-los-policias-procesados-por-quitarle-el-ojo-el-1-o\/\" aria-label=\"Leer m\u00e1s sobre Roger Espa\u00f1ol pide 13 a\u00f1os de c\u00e1rcel para los polic\u00edas procesados por quitarle el ojo\">Leer m\u00e1s<\/a><\/p>\n","protected":false},"author":179,"featured_media":314275,"comment_status":"open","ping_status":"closed","sticky":false,"template":"","format":"standard","meta":{"_acf_changed":false,"pmpro_default_level":"","footnotes":""},"categories":[24,76,74,96],"tags":[458,779,3335],"class_list":["post-314277","post","type-post","status-publish","format-standard","has-post-thumbnail","hentry","category-actualidad","category-en-la-calle","category-poderes","category-tribunales","tag-1-o-es","tag-policia-nacional-es","tag-roger-espanol-es","lh_instant_articles-syndicate-yes","pmpro-has-access"],"acf":[],"yoast_head":"<!-- This site is optimized with the Yoast SEO plugin v27.4 - https:\/\/yoast.com\/product\/yoast-seo-wordpress\/ -->\n<title>Roger Espa\u00f1ol pide 13 a\u00f1os de c\u00e1rcel para los polic\u00edas procesados por quitarle el ojo - El Triangle<\/title>\n<meta name=\"description\" content=\"Roger Espa\u00f1ol ha pedido\u00a013 a\u00f1os de c\u00e1rcel para los polic\u00edas nacionales procesados como presuntos responsables de quitarle el ojo el 1-O. En el escrito de\" class=\"yoast-seo-meta-tag\" \/>\n<meta name=\"robots\" content=\"index, follow, max-snippet:-1, max-image-preview:large, max-video-preview:-1\" \/>\n<link rel=\"canonical\" href=\"https:\/\/www.eltriangle.eu\/es\/2025\/04\/11\/roger-espanol-pide-13-anos-de-carcel-para-los-policias-procesados-por-quitarle-el-ojo-el-1-o\/\" class=\"yoast-seo-meta-tag\" \/>\n<meta property=\"og:locale\" content=\"es_ES\" class=\"yoast-seo-meta-tag\" \/>\n<meta property=\"og:type\" content=\"article\" class=\"yoast-seo-meta-tag\" \/>\n<meta property=\"og:title\" content=\"Roger Espa\u00f1ol pide 13 a\u00f1os de c\u00e1rcel para los polic\u00edas procesados por quitarle el ojo - El Triangle\" class=\"yoast-seo-meta-tag\" \/>\n<meta property=\"og:description\" content=\"Roger Espa\u00f1ol ha pedido\u00a013 a\u00f1os de c\u00e1rcel para los polic\u00edas nacionales procesados como presuntos responsables de quitarle el ojo el 1-O. En el escrito de\" class=\"yoast-seo-meta-tag\" \/>\n<meta property=\"og:url\" content=\"https:\/\/www.eltriangle.eu\/es\/2025\/04\/11\/roger-espanol-pide-13-anos-de-carcel-para-los-policias-procesados-por-quitarle-el-ojo-el-1-o\/\" class=\"yoast-seo-meta-tag\" \/>\n<meta property=\"og:site_name\" content=\"El Triangle\" class=\"yoast-seo-meta-tag\" \/>\n<meta property=\"article:publisher\" content=\"https:\/\/www.facebook.com\/El-Triangle-Diari-101787399020302\" class=\"yoast-seo-meta-tag\" \/>\n<meta property=\"article:published_time\" content=\"2025-04-11T07:30:32+00:00\" class=\"yoast-seo-meta-tag\" \/>\n<meta property=\"article:modified_time\" content=\"2025-04-11T10:30:34+00:00\" class=\"yoast-seo-meta-tag\" \/>\n<meta property=\"og:image\" content=\"https:\/\/www.eltriangle.eu\/wp-content\/uploads\/2025\/04\/roger-espanol-foto-acn-nico-tomas.jpeg\" class=\"yoast-seo-meta-tag\" \/>\n\t<meta property=\"og:image:width\" content=\"1200\" class=\"yoast-seo-meta-tag\" \/>\n\t<meta property=\"og:image:height\" content=\"800\" class=\"yoast-seo-meta-tag\" \/>\n\t<meta property=\"og:image:type\" content=\"image\/jpeg\" class=\"yoast-seo-meta-tag\" \/>\n<meta name=\"author\" content=\"Redacci\u00f3 \/ ACN\" class=\"yoast-seo-meta-tag\" \/>\n<meta name=\"twitter:card\" content=\"summary_large_image\" class=\"yoast-seo-meta-tag\" \/>\n<meta name=\"twitter:creator\" content=\"@El_Triangle\" class=\"yoast-seo-meta-tag\" \/>\n<meta name=\"twitter:site\" content=\"@El_Triangle\" class=\"yoast-seo-meta-tag\" \/>\n<meta name=\"twitter:label1\" content=\"Escrito por\" class=\"yoast-seo-meta-tag\" \/>\n\t<meta name=\"twitter:data1\" content=\"Redacci\u00f3 \/ ACN\" class=\"yoast-seo-meta-tag\" \/>\n\t<meta name=\"twitter:label2\" content=\"Tiempo de lectura\" class=\"yoast-seo-meta-tag\" \/>\n\t<meta name=\"twitter:data2\" content=\"2 minutos\" class=\"yoast-seo-meta-tag\" \/>\n<script type=\"application\/ld+json\" class=\"yoast-schema-graph\">{\"@context\":\"https:\\\/\\\/schema.org\",\"@graph\":[{\"@type\":\"NewsArticle\",\"@id\":\"https:\\\/\\\/www.eltriangle.eu\\\/es\\\/2025\\\/04\\\/11\\\/roger-espanol-pide-13-anos-de-carcel-para-los-policias-procesados-por-quitarle-el-ojo-el-1-o\\\/#article\",\"isPartOf\":{\"@id\":\"https:\\\/\\\/www.eltriangle.eu\\\/es\\\/2025\\\/04\\\/11\\\/roger-espanol-pide-13-anos-de-carcel-para-los-policias-procesados-por-quitarle-el-ojo-el-1-o\\\/\"},\"author\":{\"name\":\"Redacci\u00f3 \\\/ ACN\",\"@id\":\"https:\\\/\\\/www.eltriangle.eu\\\/es\\\/#\\\/schema\\\/person\\\/6e5938f06dd4dcd413779558fbf437d9\"},\"headline\":\"Roger Espa\u00f1ol pide 13 a\u00f1os de c\u00e1rcel para los polic\u00edas procesados por quitarle el ojo\",\"datePublished\":\"2025-04-11T07:30:32+00:00\",\"dateModified\":\"2025-04-11T10:30:34+00:00\",\"mainEntityOfPage\":{\"@id\":\"https:\\\/\\\/www.eltriangle.eu\\\/es\\\/2025\\\/04\\\/11\\\/roger-espanol-pide-13-anos-de-carcel-para-los-policias-procesados-por-quitarle-el-ojo-el-1-o\\\/\"},\"wordCount\":436,\"commentCount\":0,\"publisher\":{\"@id\":\"https:\\\/\\\/www.eltriangle.eu\\\/es\\\/#organization\"},\"image\":{\"@id\":\"https:\\\/\\\/www.eltriangle.eu\\\/es\\\/2025\\\/04\\\/11\\\/roger-espanol-pide-13-anos-de-carcel-para-los-policias-procesados-por-quitarle-el-ojo-el-1-o\\\/#primaryimage\"},\"thumbnailUrl\":\"https:\\\/\\\/www.eltriangle.eu\\\/wp-content\\\/uploads\\\/2025\\\/04\\\/roger-espanol-foto-acn-nico-tomas.jpeg\",\"keywords\":[\"1-O\",\"Polic\u00eda Nacional\",\"Roger Espa\u00f1ol\"],\"articleSection\":[\"Actualidad\",\"En la calle\",\"Poderes\",\"Tribunales\"],\"inLanguage\":\"es\",\"potentialAction\":[{\"@type\":\"CommentAction\",\"name\":\"Comment\",\"target\":[\"https:\\\/\\\/www.eltriangle.eu\\\/es\\\/2025\\\/04\\\/11\\\/roger-espanol-pide-13-anos-de-carcel-para-los-policias-procesados-por-quitarle-el-ojo-el-1-o\\\/#respond\"]}]},{\"@type\":\"WebPage\",\"@id\":\"https:\\\/\\\/www.eltriangle.eu\\\/es\\\/2025\\\/04\\\/11\\\/roger-espanol-pide-13-anos-de-carcel-para-los-policias-procesados-por-quitarle-el-ojo-el-1-o\\\/\",\"url\":\"https:\\\/\\\/www.eltriangle.eu\\\/es\\\/2025\\\/04\\\/11\\\/roger-espanol-pide-13-anos-de-carcel-para-los-policias-procesados-por-quitarle-el-ojo-el-1-o\\\/\",\"name\":\"Roger Espa\u00f1ol pide 13 a\u00f1os de c\u00e1rcel para los polic\u00edas procesados por quitarle el ojo - El Triangle\",\"isPartOf\":{\"@id\":\"https:\\\/\\\/www.eltriangle.eu\\\/es\\\/#website\"},\"primaryImageOfPage\":{\"@id\":\"https:\\\/\\\/www.eltriangle.eu\\\/es\\\/2025\\\/04\\\/11\\\/roger-espanol-pide-13-anos-de-carcel-para-los-policias-procesados-por-quitarle-el-ojo-el-1-o\\\/#primaryimage\"},\"image\":{\"@id\":\"https:\\\/\\\/www.eltriangle.eu\\\/es\\\/2025\\\/04\\\/11\\\/roger-espanol-pide-13-anos-de-carcel-para-los-policias-procesados-por-quitarle-el-ojo-el-1-o\\\/#primaryimage\"},\"thumbnailUrl\":\"https:\\\/\\\/www.eltriangle.eu\\\/wp-content\\\/uploads\\\/2025\\\/04\\\/roger-espanol-foto-acn-nico-tomas.jpeg\",\"datePublished\":\"2025-04-11T07:30:32+00:00\",\"dateModified\":\"2025-04-11T10:30:34+00:00\",\"description\":\"Roger Espa\u00f1ol ha pedido\u00a013 a\u00f1os de c\u00e1rcel para los polic\u00edas nacionales procesados como presuntos responsables de quitarle el ojo el 1-O. En el escrito de\",\"breadcrumb\":{\"@id\":\"https:\\\/\\\/www.eltriangle.eu\\\/es\\\/2025\\\/04\\\/11\\\/roger-espanol-pide-13-anos-de-carcel-para-los-policias-procesados-por-quitarle-el-ojo-el-1-o\\\/#breadcrumb\"},\"inLanguage\":\"es\",\"potentialAction\":[{\"@type\":\"ReadAction\",\"target\":[\"https:\\\/\\\/www.eltriangle.eu\\\/es\\\/2025\\\/04\\\/11\\\/roger-espanol-pide-13-anos-de-carcel-para-los-policias-procesados-por-quitarle-el-ojo-el-1-o\\\/\"]}]},{\"@type\":\"ImageObject\",\"inLanguage\":\"es\",\"@id\":\"https:\\\/\\\/www.eltriangle.eu\\\/es\\\/2025\\\/04\\\/11\\\/roger-espanol-pide-13-anos-de-carcel-para-los-policias-procesados-por-quitarle-el-ojo-el-1-o\\\/#primaryimage\",\"url\":\"https:\\\/\\\/www.eltriangle.eu\\\/wp-content\\\/uploads\\\/2025\\\/04\\\/roger-espanol-foto-acn-nico-tomas.jpeg\",\"contentUrl\":\"https:\\\/\\\/www.eltriangle.eu\\\/wp-content\\\/uploads\\\/2025\\\/04\\\/roger-espanol-foto-acn-nico-tomas.jpeg\",\"width\":1200,\"height\":800,\"caption\":\"Roger Espa\u00f1ol - Foto: ACN, Nico Tom\u00e1s\"},{\"@type\":\"BreadcrumbList\",\"@id\":\"https:\\\/\\\/www.eltriangle.eu\\\/es\\\/2025\\\/04\\\/11\\\/roger-espanol-pide-13-anos-de-carcel-para-los-policias-procesados-por-quitarle-el-ojo-el-1-o\\\/#breadcrumb\",\"itemListElement\":[{\"@type\":\"ListItem\",\"position\":1,\"name\":\"Portada\",\"item\":\"https:\\\/\\\/www.eltriangle.eu\\\/es\\\/\"},{\"@type\":\"ListItem\",\"position\":2,\"name\":\"Roger Espa\u00f1ol pide 13 a\u00f1os de c\u00e1rcel para los polic\u00edas procesados por quitarle el ojo\"}]},{\"@type\":\"WebSite\",\"@id\":\"https:\\\/\\\/www.eltriangle.eu\\\/es\\\/#website\",\"url\":\"https:\\\/\\\/www.eltriangle.eu\\\/es\\\/\",\"name\":\"El Triangle\",\"description\":\"El Triangle \u00e9s un Diari d&#039;informaci\u00f3 general, editat a Catalunya i escrit en llengua catalana, especialitzat en investigaci\u00f3 period\u00edstica\",\"publisher\":{\"@id\":\"https:\\\/\\\/www.eltriangle.eu\\\/es\\\/#organization\"},\"potentialAction\":[{\"@type\":\"SearchAction\",\"target\":{\"@type\":\"EntryPoint\",\"urlTemplate\":\"https:\\\/\\\/www.eltriangle.eu\\\/es\\\/?s={search_term_string}\"},\"query-input\":{\"@type\":\"PropertyValueSpecification\",\"valueRequired\":true,\"valueName\":\"search_term_string\"}}],\"inLanguage\":\"es\"},{\"@type\":[\"Organization\",\"NewsMediaOrganization\"],\"@id\":\"https:\\\/\\\/www.eltriangle.eu\\\/es\\\/#organization\",\"name\":\"El Triangle\",\"url\":\"https:\\\/\\\/www.eltriangle.eu\\\/es\\\/\",\"logo\":{\"@type\":\"ImageObject\",\"inLanguage\":\"es\",\"@id\":\"https:\\\/\\\/www.eltriangle.eu\\\/es\\\/#\\\/schema\\\/logo\\\/image\\\/\",\"url\":\"https:\\\/\\\/www.eltriangle.eu\\\/wp-content\\\/uploads\\\/2020\\\/11\\\/triangle_logo-ajustado.jpg\",\"contentUrl\":\"https:\\\/\\\/www.eltriangle.eu\\\/wp-content\\\/uploads\\\/2020\\\/11\\\/triangle_logo-ajustado.jpg\",\"width\":521,\"height\":92,\"caption\":\"El Triangle\"},\"image\":{\"@id\":\"https:\\\/\\\/www.eltriangle.eu\\\/es\\\/#\\\/schema\\\/logo\\\/image\\\/\"},\"sameAs\":[\"https:\\\/\\\/www.facebook.com\\\/El-Triangle-Diari-101787399020302\",\"https:\\\/\\\/x.com\\\/El_Triangle\",\"https:\\\/\\\/www.youtube.com\\\/channel\\\/UCTIjmYEMYSpdGonuAgNhbcg\"]},{\"@type\":\"Person\",\"@id\":\"https:\\\/\\\/www.eltriangle.eu\\\/es\\\/#\\\/schema\\\/person\\\/6e5938f06dd4dcd413779558fbf437d9\",\"name\":\"Redacci\u00f3 \\\/ ACN\",\"image\":{\"@type\":\"ImageObject\",\"inLanguage\":\"es\",\"@id\":\"\\\/\\\/www.gravatar.com\\\/avatar\\\/a5bc366245a614da74d9f8d49d1b53bf?s=96&#038;r=g&#038;d=mm\",\"url\":\"\\\/\\\/www.gravatar.com\\\/avatar\\\/a5bc366245a614da74d9f8d49d1b53bf?s=96&#038;r=g&#038;d=mm\",\"contentUrl\":\"\\\/\\\/www.gravatar.com\\\/avatar\\\/a5bc366245a614da74d9f8d49d1b53bf?s=96&#038;r=g&#038;d=mm\",\"caption\":\"Redacci\u00f3 \\\/ ACN\"},\"url\":\"https:\\\/\\\/www.eltriangle.eu\\\/es\\\/author\\\/redaccioacn\\\/\"},{\"@type\":\"SiteNavigationElement\",\"@id\":\"https:\\\/\\\/www.eltriangle.eu\\\/es\\\/#site-navigation\",\"cssSelector\":[\".cib-main-menu\"]},{\"@type\":\"WPHeader\",\"@id\":\"https:\\\/\\\/www.eltriangle.eu\\\/es\\\/#header\",\"cssSelector\":[\".cib-header\"]},{\"@type\":\"WPFooter\",\"@id\":\"https:\\\/\\\/www.eltriangle.eu\\\/es\\\/#footer\",\"cssSelector\":[\".cib-footer\"]}]}<\/script>\n<!-- \/ Yoast SEO plugin. -->","yoast_head_json":{"title":"Roger Espa\u00f1ol pide 13 a\u00f1os de c\u00e1rcel para los polic\u00edas procesados por quitarle el ojo - El Triangle","description":"Roger Espa\u00f1ol ha pedido\u00a013 a\u00f1os de c\u00e1rcel para los polic\u00edas nacionales procesados como presuntos responsables de quitarle el ojo el 1-O. En el escrito de","robots":{"index":"index","follow":"follow","max-snippet":"max-snippet:-1","max-image-preview":"max-image-preview:large","max-video-preview":"max-video-preview:-1"},"canonical":"https:\/\/www.eltriangle.eu\/es\/2025\/04\/11\/roger-espanol-pide-13-anos-de-carcel-para-los-policias-procesados-por-quitarle-el-ojo-el-1-o\/","og_locale":"es_ES","og_type":"article","og_title":"Roger Espa\u00f1ol pide 13 a\u00f1os de c\u00e1rcel para los polic\u00edas procesados por quitarle el ojo - El Triangle","og_description":"Roger Espa\u00f1ol ha pedido\u00a013 a\u00f1os de c\u00e1rcel para los polic\u00edas nacionales procesados como presuntos responsables de quitarle el ojo el 1-O. En el escrito de","og_url":"https:\/\/www.eltriangle.eu\/es\/2025\/04\/11\/roger-espanol-pide-13-anos-de-carcel-para-los-policias-procesados-por-quitarle-el-ojo-el-1-o\/","og_site_name":"El Triangle","article_publisher":"https:\/\/www.facebook.com\/El-Triangle-Diari-101787399020302","article_published_time":"2025-04-11T07:30:32+00:00","article_modified_time":"2025-04-11T10:30:34+00:00","og_image":[{"width":1200,"height":800,"url":"https:\/\/www.eltriangle.eu\/wp-content\/uploads\/2025\/04\/roger-espanol-foto-acn-nico-tomas.jpeg","type":"image\/jpeg"}],"author":"Redacci\u00f3 \/ ACN","twitter_card":"summary_large_image","twitter_creator":"@El_Triangle","twitter_site":"@El_Triangle","twitter_misc":{"Escrito por":"Redacci\u00f3 \/ ACN","Tiempo de lectura":"2 minutos"},"schema":{"@context":"https:\/\/schema.org","@graph":[{"@type":"NewsArticle","@id":"https:\/\/www.eltriangle.eu\/es\/2025\/04\/11\/roger-espanol-pide-13-anos-de-carcel-para-los-policias-procesados-por-quitarle-el-ojo-el-1-o\/#article","isPartOf":{"@id":"https:\/\/www.eltriangle.eu\/es\/2025\/04\/11\/roger-espanol-pide-13-anos-de-carcel-para-los-policias-procesados-por-quitarle-el-ojo-el-1-o\/"},"author":{"name":"Redacci\u00f3 \/ ACN","@id":"https:\/\/www.eltriangle.eu\/es\/#\/schema\/person\/6e5938f06dd4dcd413779558fbf437d9"},"headline":"Roger Espa\u00f1ol pide 13 a\u00f1os de c\u00e1rcel para los polic\u00edas procesados por quitarle el ojo","datePublished":"2025-04-11T07:30:32+00:00","dateModified":"2025-04-11T10:30:34+00:00","mainEntityOfPage":{"@id":"https:\/\/www.eltriangle.eu\/es\/2025\/04\/11\/roger-espanol-pide-13-anos-de-carcel-para-los-policias-procesados-por-quitarle-el-ojo-el-1-o\/"},"wordCount":436,"commentCount":0,"publisher":{"@id":"https:\/\/www.eltriangle.eu\/es\/#organization"},"image":{"@id":"https:\/\/www.eltriangle.eu\/es\/2025\/04\/11\/roger-espanol-pide-13-anos-de-carcel-para-los-policias-procesados-por-quitarle-el-ojo-el-1-o\/#primaryimage"},"thumbnailUrl":"https:\/\/www.eltriangle.eu\/wp-content\/uploads\/2025\/04\/roger-espanol-foto-acn-nico-tomas.jpeg","keywords":["1-O","Polic\u00eda Nacional","Roger Espa\u00f1ol"],"articleSection":["Actualidad","En la calle","Poderes","Tribunales"],"inLanguage":"es","potentialAction":[{"@type":"CommentAction","name":"Comment","target":["https:\/\/www.eltriangle.eu\/es\/2025\/04\/11\/roger-espanol-pide-13-anos-de-carcel-para-los-policias-procesados-por-quitarle-el-ojo-el-1-o\/#respond"]}]},{"@type":"WebPage","@id":"https:\/\/www.eltriangle.eu\/es\/2025\/04\/11\/roger-espanol-pide-13-anos-de-carcel-para-los-policias-procesados-por-quitarle-el-ojo-el-1-o\/","url":"https:\/\/www.eltriangle.eu\/es\/2025\/04\/11\/roger-espanol-pide-13-anos-de-carcel-para-los-policias-procesados-por-quitarle-el-ojo-el-1-o\/","name":"Roger Espa\u00f1ol pide 13 a\u00f1os de c\u00e1rcel para los polic\u00edas procesados por quitarle el ojo - El Triangle","isPartOf":{"@id":"https:\/\/www.eltriangle.eu\/es\/#website"},"primaryImageOfPage":{"@id":"https:\/\/www.eltriangle.eu\/es\/2025\/04\/11\/roger-espanol-pide-13-anos-de-carcel-para-los-policias-procesados-por-quitarle-el-ojo-el-1-o\/#primaryimage"},"image":{"@id":"https:\/\/www.eltriangle.eu\/es\/2025\/04\/11\/roger-espanol-pide-13-anos-de-carcel-para-los-policias-procesados-por-quitarle-el-ojo-el-1-o\/#primaryimage"},"thumbnailUrl":"https:\/\/www.eltriangle.eu\/wp-content\/uploads\/2025\/04\/roger-espanol-foto-acn-nico-tomas.jpeg","datePublished":"2025-04-11T07:30:32+00:00","dateModified":"2025-04-11T10:30:34+00:00","description":"Roger Espa\u00f1ol ha pedido\u00a013 a\u00f1os de c\u00e1rcel para los polic\u00edas nacionales procesados como presuntos responsables de quitarle el ojo el 1-O. En el escrito de","breadcrumb":{"@id":"https:\/\/www.eltriangle.eu\/es\/2025\/04\/11\/roger-espanol-pide-13-anos-de-carcel-para-los-policias-procesados-por-quitarle-el-ojo-el-1-o\/#breadcrumb"},"inLanguage":"es","potentialAction":[{"@type":"ReadAction","target":["https:\/\/www.eltriangle.eu\/es\/2025\/04\/11\/roger-espanol-pide-13-anos-de-carcel-para-los-policias-procesados-por-quitarle-el-ojo-el-1-o\/"]}]},{"@type":"ImageObject","inLanguage":"es","@id":"https:\/\/www.eltriangle.eu\/es\/2025\/04\/11\/roger-espanol-pide-13-anos-de-carcel-para-los-policias-procesados-por-quitarle-el-ojo-el-1-o\/#primaryimage","url":"https:\/\/www.eltriangle.eu\/wp-content\/uploads\/2025\/04\/roger-espanol-foto-acn-nico-tomas.jpeg","contentUrl":"https:\/\/www.eltriangle.eu\/wp-content\/uploads\/2025\/04\/roger-espanol-foto-acn-nico-tomas.jpeg","width":1200,"height":800,"caption":"Roger Espa\u00f1ol - Foto: ACN, Nico Tom\u00e1s"},{"@type":"BreadcrumbList","@id":"https:\/\/www.eltriangle.eu\/es\/2025\/04\/11\/roger-espanol-pide-13-anos-de-carcel-para-los-policias-procesados-por-quitarle-el-ojo-el-1-o\/#breadcrumb","itemListElement":[{"@type":"ListItem","position":1,"name":"Portada","item":"https:\/\/www.eltriangle.eu\/es\/"},{"@type":"ListItem","position":2,"name":"Roger Espa\u00f1ol pide 13 a\u00f1os de c\u00e1rcel para los polic\u00edas procesados por quitarle el ojo"}]},{"@type":"WebSite","@id":"https:\/\/www.eltriangle.eu\/es\/#website","url":"https:\/\/www.eltriangle.eu\/es\/","name":"El Triangle","description":"El Triangle \u00e9s un Diari d&#039;informaci\u00f3 general, editat a Catalunya i escrit en llengua catalana, especialitzat en investigaci\u00f3 period\u00edstica","publisher":{"@id":"https:\/\/www.eltriangle.eu\/es\/#organization"},"potentialAction":[{"@type":"SearchAction","target":{"@type":"EntryPoint","urlTemplate":"https:\/\/www.eltriangle.eu\/es\/?s={search_term_string}"},"query-input":{"@type":"PropertyValueSpecification","valueRequired":true,"valueName":"search_term_string"}}],"inLanguage":"es"},{"@type":["Organization","NewsMediaOrganization"],"@id":"https:\/\/www.eltriangle.eu\/es\/#organization","name":"El Triangle","url":"https:\/\/www.eltriangle.eu\/es\/","logo":{"@type":"ImageObject","inLanguage":"es","@id":"https:\/\/www.eltriangle.eu\/es\/#\/schema\/logo\/image\/","url":"https:\/\/www.eltriangle.eu\/wp-content\/uploads\/2020\/11\/triangle_logo-ajustado.jpg","contentUrl":"https:\/\/www.eltriangle.eu\/wp-content\/uploads\/2020\/11\/triangle_logo-ajustado.jpg","width":521,"height":92,"caption":"El Triangle"},"image":{"@id":"https:\/\/www.eltriangle.eu\/es\/#\/schema\/logo\/image\/"},"sameAs":["https:\/\/www.facebook.com\/El-Triangle-Diari-101787399020302","https:\/\/x.com\/El_Triangle","https:\/\/www.youtube.com\/channel\/UCTIjmYEMYSpdGonuAgNhbcg"]},{"@type":"Person","@id":"https:\/\/www.eltriangle.eu\/es\/#\/schema\/person\/6e5938f06dd4dcd413779558fbf437d9","name":"Redacci\u00f3 \/ ACN","image":{"@type":"ImageObject","inLanguage":"es","@id":"\/\/www.gravatar.com\/avatar\/a5bc366245a614da74d9f8d49d1b53bf?s=96&#038;r=g&#038;d=mm","url":"\/\/www.gravatar.com\/avatar\/a5bc366245a614da74d9f8d49d1b53bf?s=96&#038;r=g&#038;d=mm","contentUrl":"\/\/www.gravatar.com\/avatar\/a5bc366245a614da74d9f8d49d1b53bf?s=96&#038;r=g&#038;d=mm","caption":"Redacci\u00f3 \/ ACN"},"url":"https:\/\/www.eltriangle.eu\/es\/author\/redaccioacn\/"},{"@type":"SiteNavigationElement","@id":"https:\/\/www.eltriangle.eu\/es\/#site-navigation","cssSelector":[".cib-main-menu"]},{"@type":"WPHeader","@id":"https:\/\/www.eltriangle.eu\/es\/#header","cssSelector":[".cib-header"]},{"@type":"WPFooter","@id":"https:\/\/www.eltriangle.eu\/es\/#footer","cssSelector":[".cib-footer"]}]}},"amp_enabled":true,"_links":{"self":[{"href":"https:\/\/www.eltriangle.eu\/es\/wp-json\/wp\/v2\/posts\/314277","targetHints":{"allow":["GET"]}}],"collection":[{"href":"https:\/\/www.eltriangle.eu\/es\/wp-json\/wp\/v2\/posts"}],"about":[{"href":"https:\/\/www.eltriangle.eu\/es\/wp-json\/wp\/v2\/types\/post"}],"author":[{"embeddable":true,"href":"https:\/\/www.eltriangle.eu\/es\/wp-json\/wp\/v2\/users\/179"}],"replies":[{"embeddable":true,"href":"https:\/\/www.eltriangle.eu\/es\/wp-json\/wp\/v2\/comments?post=314277"}],"version-history":[{"count":0,"href":"https:\/\/www.eltriangle.eu\/es\/wp-json\/wp\/v2\/posts\/314277\/revisions"}],"wp:featuredmedia":[{"embeddable":true,"href":"https:\/\/www.eltriangle.eu\/es\/wp-json\/wp\/v2\/media\/314275"}],"wp:attachment":[{"href":"https:\/\/www.eltriangle.eu\/es\/wp-json\/wp\/v2\/media?parent=314277"}],"wp:term":[{"taxonomy":"category","embeddable":true,"href":"https:\/\/www.eltriangle.eu\/es\/wp-json\/wp\/v2\/categories?post=314277"},{"taxonomy":"post_tag","embeddable":true,"href":"https:\/\/www.eltriangle.eu\/es\/wp-json\/wp\/v2\/tags?post=314277"}],"curies":[{"name":"wp","href":"https:\/\/api.w.org\/{rel}","templated":true}]}}