{"id":312346,"date":"2025-03-31T08:30:12","date_gmt":"2025-03-31T06:30:12","guid":{"rendered":null},"modified":"2025-03-31T13:21:31","modified_gmt":"2025-03-31T11:21:31","slug":"cornella-inaugura-el-ciclo-ciudades-defensoras-de-los-derechos-humanos","status":"publish","type":"post","link":"https:\/\/www.eltriangle.eu\/es\/2025\/03\/31\/cornella-inaugura-el-ciclo-ciudades-defensoras-de-los-derechos-humanos\/","title":{"rendered":"Cornell\u00e0 inaugura el ciclo Ciudades Defensoras de los Derechos Humanos"},"content":{"rendered":"<p>La ciudad de <strong>Cornell\u00e0 de Llobregat<\/strong> ha acogido este lunes el acto inaugural de la XV edici\u00f3n del proyecto <strong>Ciudades Defensoras de los Derechos Humanos<\/strong>, organizado por el Fondo Catal\u00e1n de Cooperaci\u00f3n y gestionado por la Comisi\u00f3n Catalana de Ayuda al Refugiado (CCAR) en el que participan 29 municipios catalanes, adem\u00e1s de otras administraciones. El objetivo del ciclo es educar, sensibilizar e incidir en la pol\u00edtica y la sociedad para <strong>denunciar la persecuci\u00f3n que los y las defensoras de los derechos humanos sufren en muchos pa\u00edses<\/strong>.<\/p>\n<p>En el acto de inauguraci\u00f3n han estado presentes cinco defensoras invitadas a la gira de primavera de esta edici\u00f3n: <strong>Nadine Feghaly<\/strong> (L\u00edbano), ilustradora y terapeuta art\u00edstica establecida desde hace 13 a\u00f1os en Barcelona; <strong>Sani Ladan<\/strong> (Camer\u00fan), que trabaja en el \u00e1mbito de la incidencia pol\u00edtica y como especialista en pol\u00edtica exterior, seguridad, migraciones internacionales y en temas relacionados con Oriente Medio, \u00c1frica Central y Occidental; <strong>Mar\u00eda<\/strong> <strong>Caal<\/strong> (Guatemala), que lucha contra las empresas extractivas que operan en los territorios habitados por las comunidades nativas; <strong>Ana Mar\u00eda Hern\u00e1ndez<\/strong> (M\u00e9xico), que trabaja por la protecci\u00f3n integral feminista de las activistas desde la Iniciativa Mesoamericana de Defensoras de Derechos Humanos (IM-Defensoras); y <strong>Mar\u00eda<\/strong> <strong>Galindo<\/strong> (Bolivia), activista que, en 1992, cofund\u00f3 <em>Mujeres Creando<\/em>, un colectivo feminista, anarquista y autogestionado con diferentes l\u00edneas de trabajo.<\/p>\n<p>Estos cinco testimonios visitar\u00e1n los institutos de Cornell\u00e0 Neus Catal\u00e0, Maria Aur\u00e8lia Capmany, Esteve Terradas, Miquel Mart\u00ed i Pol y Francesc Maci\u00e0 durante el mes de abril con el objetivo de mejorar el conocimiento y la promoci\u00f3n de los derechos humanos en las escuelas.<\/p>\n<p>Adem\u00e1s de Cornell\u00e0, en esta nueva edici\u00f3n de Ciudades Defensoras de los Derechos Humanos tambi\u00e9n colaboran <strong>Barber\u00e0 del Vall\u00e8s<\/strong>, <strong>Begues<\/strong>, <strong>Caldes de Montbui<\/strong>, <strong>Castelldefels<\/strong>, <strong>El Prat de Llobregat<\/strong>, <strong>Esplugues de Llobregat<\/strong>, <strong>Gav\u00e0<\/strong>, <strong>Girona<\/strong>, <strong>Granollers<\/strong>, <strong>Matar\u00f3<\/strong>, <strong>Molins de Rei<\/strong>, <strong>Mollet del Vall\u00e8s<\/strong>, <strong>Reus<\/strong>, <strong>Rub\u00ed<\/strong>, <strong>Sabadell<\/strong>, <strong>Sant Boi de Llobregat<\/strong>, <strong>Santa Coloma de Gramenet<\/strong>, <strong>Sant Cugat del Vall\u00e8s<\/strong>, <strong>Sant Feliu de Llobregat<\/strong>, <strong>Sant Joan Desp\u00ed<\/strong>, <strong>Sant Just Desvern<\/strong>, <strong>Sant Pere de Ribes<\/strong>, <strong>Sant Vicen\u00e7 dels Horts<\/strong>, <strong>Tarragona<\/strong>, <strong>Terrassa<\/strong>, <strong>Viladecans<\/strong>, <strong>Vilafranca del Pened\u00e8s<\/strong> y <strong>Vilanova i la Geltr\u00fa<\/strong>.<\/p>\n","protected":false},"excerpt":{"rendered":"<p>La ciudad de Cornell\u00e0 de Llobregat ha acogido este lunes el acto inaugural de la XV edici\u00f3n del proyecto Ciudades Defensoras de los Derechos Humanos, organizado por el Fondo Catal\u00e1n de Cooperaci\u00f3n y gestionado por la Comisi\u00f3n Catalana de Ayuda al Refugiado (CCAR) en el que participan 29 municipios catalanes, adem\u00e1s de otras administraciones. El &#8230; <a title=\"Cornell\u00e0 inaugura el ciclo Ciudades Defensoras de los Derechos Humanos\" class=\"read-more\" href=\"https:\/\/www.eltriangle.eu\/es\/2025\/03\/31\/cornella-inaugura-el-ciclo-ciudades-defensoras-de-los-derechos-humanos\/\" aria-label=\"Leer m\u00e1s sobre Cornell\u00e0 inaugura el ciclo Ciudades Defensoras de los Derechos Humanos\">Leer m\u00e1s<\/a><\/p>\n","protected":false},"author":93,"featured_media":312343,"comment_status":"open","ping_status":"closed","sticky":false,"template":"","format":"standard","meta":{"_acf_changed":false,"pmpro_default_level":"","footnotes":""},"categories":[24,76,90],"tags":[1498,6727],"class_list":["post-312346","post","type-post","status-publish","format-standard","has-post-thumbnail","hentry","category-actualidad","category-en-la-calle","category-local","tag-cornella-de-llobregat-es","tag-derechos-humanos","lh_instant_articles-syndicate-yes","pmpro-has-access"],"acf":[],"yoast_head":"<!-- This site is optimized with the Yoast SEO plugin v27.4 - https:\/\/yoast.com\/product\/yoast-seo-wordpress\/ -->\n<title>Cornell\u00e0 inaugura el ciclo Ciudades Defensoras de los Derechos Humanos - El Triangle<\/title>\n<meta name=\"description\" content=\"La ciudad de Cornell\u00e0 de Llobregat ha acogido este lunes el acto inaugural de la XV edici\u00f3n del proyecto Ciudades Defensoras de los Derechos Humanos,\" class=\"yoast-seo-meta-tag\" \/>\n<meta name=\"robots\" content=\"index, follow, max-snippet:-1, max-image-preview:large, max-video-preview:-1\" \/>\n<link rel=\"canonical\" href=\"https:\/\/www.eltriangle.eu\/es\/2025\/03\/31\/cornella-inaugura-el-ciclo-ciudades-defensoras-de-los-derechos-humanos\/\" class=\"yoast-seo-meta-tag\" \/>\n<meta property=\"og:locale\" content=\"es_ES\" class=\"yoast-seo-meta-tag\" \/>\n<meta property=\"og:type\" content=\"article\" class=\"yoast-seo-meta-tag\" \/>\n<meta property=\"og:title\" content=\"Cornell\u00e0 inaugura el ciclo Ciudades Defensoras de los Derechos Humanos - El Triangle\" class=\"yoast-seo-meta-tag\" \/>\n<meta property=\"og:description\" content=\"La ciudad de Cornell\u00e0 de Llobregat ha acogido este lunes el acto inaugural de la XV edici\u00f3n del proyecto Ciudades Defensoras de los Derechos Humanos,\" class=\"yoast-seo-meta-tag\" \/>\n<meta property=\"og:url\" content=\"https:\/\/www.eltriangle.eu\/es\/2025\/03\/31\/cornella-inaugura-el-ciclo-ciudades-defensoras-de-los-derechos-humanos\/\" class=\"yoast-seo-meta-tag\" \/>\n<meta property=\"og:site_name\" content=\"El Triangle\" class=\"yoast-seo-meta-tag\" \/>\n<meta property=\"article:publisher\" content=\"https:\/\/www.facebook.com\/El-Triangle-Diari-101787399020302\" class=\"yoast-seo-meta-tag\" \/>\n<meta property=\"article:published_time\" content=\"2025-03-31T06:30:12+00:00\" class=\"yoast-seo-meta-tag\" \/>\n<meta property=\"article:modified_time\" content=\"2025-03-31T11:21:31+00:00\" class=\"yoast-seo-meta-tag\" \/>\n<meta property=\"og:image\" content=\"https:\/\/www.eltriangle.eu\/wp-content\/uploads\/2025\/03\/activistes-que-han-assistit-a-la-inauguracio-de-la-xv-edicio-de-ciutats-defensores-dels-drets-humans-ajuntament-de-cornella.jpeg\" class=\"yoast-seo-meta-tag\" \/>\n\t<meta property=\"og:image:width\" content=\"800\" class=\"yoast-seo-meta-tag\" \/>\n\t<meta property=\"og:image:height\" content=\"565\" class=\"yoast-seo-meta-tag\" \/>\n\t<meta property=\"og:image:type\" content=\"image\/jpeg\" class=\"yoast-seo-meta-tag\" \/>\n<meta name=\"author\" content=\"redaccio\" class=\"yoast-seo-meta-tag\" \/>\n<meta name=\"twitter:card\" content=\"summary_large_image\" class=\"yoast-seo-meta-tag\" \/>\n<meta name=\"twitter:creator\" content=\"@El_Triangle\" class=\"yoast-seo-meta-tag\" \/>\n<meta name=\"twitter:site\" content=\"@El_Triangle\" class=\"yoast-seo-meta-tag\" \/>\n<meta name=\"twitter:label1\" content=\"Escrito por\" class=\"yoast-seo-meta-tag\" \/>\n\t<meta name=\"twitter:data1\" content=\"redaccio\" class=\"yoast-seo-meta-tag\" \/>\n\t<meta name=\"twitter:label2\" content=\"Tiempo de lectura\" class=\"yoast-seo-meta-tag\" \/>\n\t<meta name=\"twitter:data2\" content=\"2 minutos\" class=\"yoast-seo-meta-tag\" \/>\n<script type=\"application\/ld+json\" class=\"yoast-schema-graph\">{\"@context\":\"https:\\\/\\\/schema.org\",\"@graph\":[{\"@type\":\"NewsArticle\",\"@id\":\"https:\\\/\\\/www.eltriangle.eu\\\/es\\\/2025\\\/03\\\/31\\\/cornella-inaugura-el-ciclo-ciudades-defensoras-de-los-derechos-humanos\\\/#article\",\"isPartOf\":{\"@id\":\"https:\\\/\\\/www.eltriangle.eu\\\/es\\\/2025\\\/03\\\/31\\\/cornella-inaugura-el-ciclo-ciudades-defensoras-de-los-derechos-humanos\\\/\"},\"author\":{\"name\":\"redaccio\",\"@id\":\"https:\\\/\\\/www.eltriangle.eu\\\/es\\\/#\\\/schema\\\/person\\\/7e5bff7fe0202e362b26fcec2bd6f383\"},\"headline\":\"Cornell\u00e0 inaugura el ciclo Ciudades Defensoras de los Derechos Humanos\",\"datePublished\":\"2025-03-31T06:30:12+00:00\",\"dateModified\":\"2025-03-31T11:21:31+00:00\",\"mainEntityOfPage\":{\"@id\":\"https:\\\/\\\/www.eltriangle.eu\\\/es\\\/2025\\\/03\\\/31\\\/cornella-inaugura-el-ciclo-ciudades-defensoras-de-los-derechos-humanos\\\/\"},\"wordCount\":385,\"commentCount\":0,\"publisher\":{\"@id\":\"https:\\\/\\\/www.eltriangle.eu\\\/es\\\/#organization\"},\"image\":{\"@id\":\"https:\\\/\\\/www.eltriangle.eu\\\/es\\\/2025\\\/03\\\/31\\\/cornella-inaugura-el-ciclo-ciudades-defensoras-de-los-derechos-humanos\\\/#primaryimage\"},\"thumbnailUrl\":\"https:\\\/\\\/www.eltriangle.eu\\\/wp-content\\\/uploads\\\/2025\\\/03\\\/activistes-que-han-assistit-a-la-inauguracio-de-la-xv-edicio-de-ciutats-defensores-dels-drets-humans-ajuntament-de-cornella.jpeg\",\"keywords\":[\"Cornell\u00e0 de Llobregat\",\"Derechos humanos\"],\"articleSection\":[\"Actualidad\",\"En la calle\",\"Local\"],\"inLanguage\":\"es\",\"potentialAction\":[{\"@type\":\"CommentAction\",\"name\":\"Comment\",\"target\":[\"https:\\\/\\\/www.eltriangle.eu\\\/es\\\/2025\\\/03\\\/31\\\/cornella-inaugura-el-ciclo-ciudades-defensoras-de-los-derechos-humanos\\\/#respond\"]}]},{\"@type\":\"WebPage\",\"@id\":\"https:\\\/\\\/www.eltriangle.eu\\\/es\\\/2025\\\/03\\\/31\\\/cornella-inaugura-el-ciclo-ciudades-defensoras-de-los-derechos-humanos\\\/\",\"url\":\"https:\\\/\\\/www.eltriangle.eu\\\/es\\\/2025\\\/03\\\/31\\\/cornella-inaugura-el-ciclo-ciudades-defensoras-de-los-derechos-humanos\\\/\",\"name\":\"Cornell\u00e0 inaugura el ciclo Ciudades Defensoras de los Derechos Humanos - El Triangle\",\"isPartOf\":{\"@id\":\"https:\\\/\\\/www.eltriangle.eu\\\/es\\\/#website\"},\"primaryImageOfPage\":{\"@id\":\"https:\\\/\\\/www.eltriangle.eu\\\/es\\\/2025\\\/03\\\/31\\\/cornella-inaugura-el-ciclo-ciudades-defensoras-de-los-derechos-humanos\\\/#primaryimage\"},\"image\":{\"@id\":\"https:\\\/\\\/www.eltriangle.eu\\\/es\\\/2025\\\/03\\\/31\\\/cornella-inaugura-el-ciclo-ciudades-defensoras-de-los-derechos-humanos\\\/#primaryimage\"},\"thumbnailUrl\":\"https:\\\/\\\/www.eltriangle.eu\\\/wp-content\\\/uploads\\\/2025\\\/03\\\/activistes-que-han-assistit-a-la-inauguracio-de-la-xv-edicio-de-ciutats-defensores-dels-drets-humans-ajuntament-de-cornella.jpeg\",\"datePublished\":\"2025-03-31T06:30:12+00:00\",\"dateModified\":\"2025-03-31T11:21:31+00:00\",\"description\":\"La ciudad de Cornell\u00e0 de Llobregat ha acogido este lunes el acto inaugural de la XV edici\u00f3n del proyecto Ciudades Defensoras de los Derechos Humanos,\",\"breadcrumb\":{\"@id\":\"https:\\\/\\\/www.eltriangle.eu\\\/es\\\/2025\\\/03\\\/31\\\/cornella-inaugura-el-ciclo-ciudades-defensoras-de-los-derechos-humanos\\\/#breadcrumb\"},\"inLanguage\":\"es\",\"potentialAction\":[{\"@type\":\"ReadAction\",\"target\":[\"https:\\\/\\\/www.eltriangle.eu\\\/es\\\/2025\\\/03\\\/31\\\/cornella-inaugura-el-ciclo-ciudades-defensoras-de-los-derechos-humanos\\\/\"]}]},{\"@type\":\"ImageObject\",\"inLanguage\":\"es\",\"@id\":\"https:\\\/\\\/www.eltriangle.eu\\\/es\\\/2025\\\/03\\\/31\\\/cornella-inaugura-el-ciclo-ciudades-defensoras-de-los-derechos-humanos\\\/#primaryimage\",\"url\":\"https:\\\/\\\/www.eltriangle.eu\\\/wp-content\\\/uploads\\\/2025\\\/03\\\/activistes-que-han-assistit-a-la-inauguracio-de-la-xv-edicio-de-ciutats-defensores-dels-drets-humans-ajuntament-de-cornella.jpeg\",\"contentUrl\":\"https:\\\/\\\/www.eltriangle.eu\\\/wp-content\\\/uploads\\\/2025\\\/03\\\/activistes-que-han-assistit-a-la-inauguracio-de-la-xv-edicio-de-ciutats-defensores-dels-drets-humans-ajuntament-de-cornella.jpeg\",\"width\":800,\"height\":565,\"caption\":\"Activistas que han asistido a la inauguraci\u00f3n de la XV edici\u00f3n de Ciudades Defensoras de los Derechos Humanos (Ayuntamiento de Cornell\u00e0)\"},{\"@type\":\"BreadcrumbList\",\"@id\":\"https:\\\/\\\/www.eltriangle.eu\\\/es\\\/2025\\\/03\\\/31\\\/cornella-inaugura-el-ciclo-ciudades-defensoras-de-los-derechos-humanos\\\/#breadcrumb\",\"itemListElement\":[{\"@type\":\"ListItem\",\"position\":1,\"name\":\"Portada\",\"item\":\"https:\\\/\\\/www.eltriangle.eu\\\/es\\\/\"},{\"@type\":\"ListItem\",\"position\":2,\"name\":\"Cornell\u00e0 inaugura el ciclo Ciudades Defensoras de los Derechos Humanos\"}]},{\"@type\":\"WebSite\",\"@id\":\"https:\\\/\\\/www.eltriangle.eu\\\/es\\\/#website\",\"url\":\"https:\\\/\\\/www.eltriangle.eu\\\/es\\\/\",\"name\":\"El Triangle\",\"description\":\"El Triangle \u00e9s un Diari d&#039;informaci\u00f3 general, editat a Catalunya i escrit en llengua catalana, especialitzat en investigaci\u00f3 period\u00edstica\",\"publisher\":{\"@id\":\"https:\\\/\\\/www.eltriangle.eu\\\/es\\\/#organization\"},\"potentialAction\":[{\"@type\":\"SearchAction\",\"target\":{\"@type\":\"EntryPoint\",\"urlTemplate\":\"https:\\\/\\\/www.eltriangle.eu\\\/es\\\/?s={search_term_string}\"},\"query-input\":{\"@type\":\"PropertyValueSpecification\",\"valueRequired\":true,\"valueName\":\"search_term_string\"}}],\"inLanguage\":\"es\"},{\"@type\":[\"Organization\",\"NewsMediaOrganization\"],\"@id\":\"https:\\\/\\\/www.eltriangle.eu\\\/es\\\/#organization\",\"name\":\"El Triangle\",\"url\":\"https:\\\/\\\/www.eltriangle.eu\\\/es\\\/\",\"logo\":{\"@type\":\"ImageObject\",\"inLanguage\":\"es\",\"@id\":\"https:\\\/\\\/www.eltriangle.eu\\\/es\\\/#\\\/schema\\\/logo\\\/image\\\/\",\"url\":\"https:\\\/\\\/www.eltriangle.eu\\\/wp-content\\\/uploads\\\/2020\\\/11\\\/triangle_logo-ajustado.jpg\",\"contentUrl\":\"https:\\\/\\\/www.eltriangle.eu\\\/wp-content\\\/uploads\\\/2020\\\/11\\\/triangle_logo-ajustado.jpg\",\"width\":521,\"height\":92,\"caption\":\"El Triangle\"},\"image\":{\"@id\":\"https:\\\/\\\/www.eltriangle.eu\\\/es\\\/#\\\/schema\\\/logo\\\/image\\\/\"},\"sameAs\":[\"https:\\\/\\\/www.facebook.com\\\/El-Triangle-Diari-101787399020302\",\"https:\\\/\\\/x.com\\\/El_Triangle\",\"https:\\\/\\\/www.youtube.com\\\/channel\\\/UCTIjmYEMYSpdGonuAgNhbcg\"]},{\"@type\":\"Person\",\"@id\":\"https:\\\/\\\/www.eltriangle.eu\\\/es\\\/#\\\/schema\\\/person\\\/7e5bff7fe0202e362b26fcec2bd6f383\",\"name\":\"redaccio\",\"image\":{\"@type\":\"ImageObject\",\"inLanguage\":\"es\",\"@id\":\"\\\/\\\/www.gravatar.com\\\/avatar\\\/5661b3e51fe6027f31ed1f408d22a917?s=96&#038;r=g&#038;d=mm\",\"url\":\"\\\/\\\/www.gravatar.com\\\/avatar\\\/5661b3e51fe6027f31ed1f408d22a917?s=96&#038;r=g&#038;d=mm\",\"contentUrl\":\"\\\/\\\/www.gravatar.com\\\/avatar\\\/5661b3e51fe6027f31ed1f408d22a917?s=96&#038;r=g&#038;d=mm\",\"caption\":\"redaccio\"},\"url\":\"https:\\\/\\\/www.eltriangle.eu\\\/es\\\/author\\\/redaccio\\\/\"},{\"@type\":\"SiteNavigationElement\",\"@id\":\"https:\\\/\\\/www.eltriangle.eu\\\/es\\\/#site-navigation\",\"cssSelector\":[\".cib-main-menu\"]},{\"@type\":\"WPHeader\",\"@id\":\"https:\\\/\\\/www.eltriangle.eu\\\/es\\\/#header\",\"cssSelector\":[\".cib-header\"]},{\"@type\":\"WPFooter\",\"@id\":\"https:\\\/\\\/www.eltriangle.eu\\\/es\\\/#footer\",\"cssSelector\":[\".cib-footer\"]}]}<\/script>\n<!-- \/ Yoast SEO plugin. -->","yoast_head_json":{"title":"Cornell\u00e0 inaugura el ciclo Ciudades Defensoras de los Derechos Humanos - El Triangle","description":"La ciudad de Cornell\u00e0 de Llobregat ha acogido este lunes el acto inaugural de la XV edici\u00f3n del proyecto Ciudades Defensoras de los Derechos Humanos,","robots":{"index":"index","follow":"follow","max-snippet":"max-snippet:-1","max-image-preview":"max-image-preview:large","max-video-preview":"max-video-preview:-1"},"canonical":"https:\/\/www.eltriangle.eu\/es\/2025\/03\/31\/cornella-inaugura-el-ciclo-ciudades-defensoras-de-los-derechos-humanos\/","og_locale":"es_ES","og_type":"article","og_title":"Cornell\u00e0 inaugura el ciclo Ciudades Defensoras de los Derechos Humanos - El Triangle","og_description":"La ciudad de Cornell\u00e0 de Llobregat ha acogido este lunes el acto inaugural de la XV edici\u00f3n del proyecto Ciudades Defensoras de los Derechos Humanos,","og_url":"https:\/\/www.eltriangle.eu\/es\/2025\/03\/31\/cornella-inaugura-el-ciclo-ciudades-defensoras-de-los-derechos-humanos\/","og_site_name":"El Triangle","article_publisher":"https:\/\/www.facebook.com\/El-Triangle-Diari-101787399020302","article_published_time":"2025-03-31T06:30:12+00:00","article_modified_time":"2025-03-31T11:21:31+00:00","og_image":[{"width":800,"height":565,"url":"https:\/\/www.eltriangle.eu\/wp-content\/uploads\/2025\/03\/activistes-que-han-assistit-a-la-inauguracio-de-la-xv-edicio-de-ciutats-defensores-dels-drets-humans-ajuntament-de-cornella.jpeg","type":"image\/jpeg"}],"author":"redaccio","twitter_card":"summary_large_image","twitter_creator":"@El_Triangle","twitter_site":"@El_Triangle","twitter_misc":{"Escrito por":"redaccio","Tiempo de lectura":"2 minutos"},"schema":{"@context":"https:\/\/schema.org","@graph":[{"@type":"NewsArticle","@id":"https:\/\/www.eltriangle.eu\/es\/2025\/03\/31\/cornella-inaugura-el-ciclo-ciudades-defensoras-de-los-derechos-humanos\/#article","isPartOf":{"@id":"https:\/\/www.eltriangle.eu\/es\/2025\/03\/31\/cornella-inaugura-el-ciclo-ciudades-defensoras-de-los-derechos-humanos\/"},"author":{"name":"redaccio","@id":"https:\/\/www.eltriangle.eu\/es\/#\/schema\/person\/7e5bff7fe0202e362b26fcec2bd6f383"},"headline":"Cornell\u00e0 inaugura el ciclo Ciudades Defensoras de los Derechos Humanos","datePublished":"2025-03-31T06:30:12+00:00","dateModified":"2025-03-31T11:21:31+00:00","mainEntityOfPage":{"@id":"https:\/\/www.eltriangle.eu\/es\/2025\/03\/31\/cornella-inaugura-el-ciclo-ciudades-defensoras-de-los-derechos-humanos\/"},"wordCount":385,"commentCount":0,"publisher":{"@id":"https:\/\/www.eltriangle.eu\/es\/#organization"},"image":{"@id":"https:\/\/www.eltriangle.eu\/es\/2025\/03\/31\/cornella-inaugura-el-ciclo-ciudades-defensoras-de-los-derechos-humanos\/#primaryimage"},"thumbnailUrl":"https:\/\/www.eltriangle.eu\/wp-content\/uploads\/2025\/03\/activistes-que-han-assistit-a-la-inauguracio-de-la-xv-edicio-de-ciutats-defensores-dels-drets-humans-ajuntament-de-cornella.jpeg","keywords":["Cornell\u00e0 de Llobregat","Derechos humanos"],"articleSection":["Actualidad","En la calle","Local"],"inLanguage":"es","potentialAction":[{"@type":"CommentAction","name":"Comment","target":["https:\/\/www.eltriangle.eu\/es\/2025\/03\/31\/cornella-inaugura-el-ciclo-ciudades-defensoras-de-los-derechos-humanos\/#respond"]}]},{"@type":"WebPage","@id":"https:\/\/www.eltriangle.eu\/es\/2025\/03\/31\/cornella-inaugura-el-ciclo-ciudades-defensoras-de-los-derechos-humanos\/","url":"https:\/\/www.eltriangle.eu\/es\/2025\/03\/31\/cornella-inaugura-el-ciclo-ciudades-defensoras-de-los-derechos-humanos\/","name":"Cornell\u00e0 inaugura el ciclo Ciudades Defensoras de los Derechos Humanos - El Triangle","isPartOf":{"@id":"https:\/\/www.eltriangle.eu\/es\/#website"},"primaryImageOfPage":{"@id":"https:\/\/www.eltriangle.eu\/es\/2025\/03\/31\/cornella-inaugura-el-ciclo-ciudades-defensoras-de-los-derechos-humanos\/#primaryimage"},"image":{"@id":"https:\/\/www.eltriangle.eu\/es\/2025\/03\/31\/cornella-inaugura-el-ciclo-ciudades-defensoras-de-los-derechos-humanos\/#primaryimage"},"thumbnailUrl":"https:\/\/www.eltriangle.eu\/wp-content\/uploads\/2025\/03\/activistes-que-han-assistit-a-la-inauguracio-de-la-xv-edicio-de-ciutats-defensores-dels-drets-humans-ajuntament-de-cornella.jpeg","datePublished":"2025-03-31T06:30:12+00:00","dateModified":"2025-03-31T11:21:31+00:00","description":"La ciudad de Cornell\u00e0 de Llobregat ha acogido este lunes el acto inaugural de la XV edici\u00f3n del proyecto Ciudades Defensoras de los Derechos Humanos,","breadcrumb":{"@id":"https:\/\/www.eltriangle.eu\/es\/2025\/03\/31\/cornella-inaugura-el-ciclo-ciudades-defensoras-de-los-derechos-humanos\/#breadcrumb"},"inLanguage":"es","potentialAction":[{"@type":"ReadAction","target":["https:\/\/www.eltriangle.eu\/es\/2025\/03\/31\/cornella-inaugura-el-ciclo-ciudades-defensoras-de-los-derechos-humanos\/"]}]},{"@type":"ImageObject","inLanguage":"es","@id":"https:\/\/www.eltriangle.eu\/es\/2025\/03\/31\/cornella-inaugura-el-ciclo-ciudades-defensoras-de-los-derechos-humanos\/#primaryimage","url":"https:\/\/www.eltriangle.eu\/wp-content\/uploads\/2025\/03\/activistes-que-han-assistit-a-la-inauguracio-de-la-xv-edicio-de-ciutats-defensores-dels-drets-humans-ajuntament-de-cornella.jpeg","contentUrl":"https:\/\/www.eltriangle.eu\/wp-content\/uploads\/2025\/03\/activistes-que-han-assistit-a-la-inauguracio-de-la-xv-edicio-de-ciutats-defensores-dels-drets-humans-ajuntament-de-cornella.jpeg","width":800,"height":565,"caption":"Activistas que han asistido a la inauguraci\u00f3n de la XV edici\u00f3n de Ciudades Defensoras de los Derechos Humanos (Ayuntamiento de Cornell\u00e0)"},{"@type":"BreadcrumbList","@id":"https:\/\/www.eltriangle.eu\/es\/2025\/03\/31\/cornella-inaugura-el-ciclo-ciudades-defensoras-de-los-derechos-humanos\/#breadcrumb","itemListElement":[{"@type":"ListItem","position":1,"name":"Portada","item":"https:\/\/www.eltriangle.eu\/es\/"},{"@type":"ListItem","position":2,"name":"Cornell\u00e0 inaugura el ciclo Ciudades Defensoras de los Derechos Humanos"}]},{"@type":"WebSite","@id":"https:\/\/www.eltriangle.eu\/es\/#website","url":"https:\/\/www.eltriangle.eu\/es\/","name":"El Triangle","description":"El Triangle \u00e9s un Diari d&#039;informaci\u00f3 general, editat a Catalunya i escrit en llengua catalana, especialitzat en investigaci\u00f3 period\u00edstica","publisher":{"@id":"https:\/\/www.eltriangle.eu\/es\/#organization"},"potentialAction":[{"@type":"SearchAction","target":{"@type":"EntryPoint","urlTemplate":"https:\/\/www.eltriangle.eu\/es\/?s={search_term_string}"},"query-input":{"@type":"PropertyValueSpecification","valueRequired":true,"valueName":"search_term_string"}}],"inLanguage":"es"},{"@type":["Organization","NewsMediaOrganization"],"@id":"https:\/\/www.eltriangle.eu\/es\/#organization","name":"El Triangle","url":"https:\/\/www.eltriangle.eu\/es\/","logo":{"@type":"ImageObject","inLanguage":"es","@id":"https:\/\/www.eltriangle.eu\/es\/#\/schema\/logo\/image\/","url":"https:\/\/www.eltriangle.eu\/wp-content\/uploads\/2020\/11\/triangle_logo-ajustado.jpg","contentUrl":"https:\/\/www.eltriangle.eu\/wp-content\/uploads\/2020\/11\/triangle_logo-ajustado.jpg","width":521,"height":92,"caption":"El Triangle"},"image":{"@id":"https:\/\/www.eltriangle.eu\/es\/#\/schema\/logo\/image\/"},"sameAs":["https:\/\/www.facebook.com\/El-Triangle-Diari-101787399020302","https:\/\/x.com\/El_Triangle","https:\/\/www.youtube.com\/channel\/UCTIjmYEMYSpdGonuAgNhbcg"]},{"@type":"Person","@id":"https:\/\/www.eltriangle.eu\/es\/#\/schema\/person\/7e5bff7fe0202e362b26fcec2bd6f383","name":"redaccio","image":{"@type":"ImageObject","inLanguage":"es","@id":"\/\/www.gravatar.com\/avatar\/5661b3e51fe6027f31ed1f408d22a917?s=96&#038;r=g&#038;d=mm","url":"\/\/www.gravatar.com\/avatar\/5661b3e51fe6027f31ed1f408d22a917?s=96&#038;r=g&#038;d=mm","contentUrl":"\/\/www.gravatar.com\/avatar\/5661b3e51fe6027f31ed1f408d22a917?s=96&#038;r=g&#038;d=mm","caption":"redaccio"},"url":"https:\/\/www.eltriangle.eu\/es\/author\/redaccio\/"},{"@type":"SiteNavigationElement","@id":"https:\/\/www.eltriangle.eu\/es\/#site-navigation","cssSelector":[".cib-main-menu"]},{"@type":"WPHeader","@id":"https:\/\/www.eltriangle.eu\/es\/#header","cssSelector":[".cib-header"]},{"@type":"WPFooter","@id":"https:\/\/www.eltriangle.eu\/es\/#footer","cssSelector":[".cib-footer"]}]}},"amp_enabled":true,"_links":{"self":[{"href":"https:\/\/www.eltriangle.eu\/es\/wp-json\/wp\/v2\/posts\/312346","targetHints":{"allow":["GET"]}}],"collection":[{"href":"https:\/\/www.eltriangle.eu\/es\/wp-json\/wp\/v2\/posts"}],"about":[{"href":"https:\/\/www.eltriangle.eu\/es\/wp-json\/wp\/v2\/types\/post"}],"author":[{"embeddable":true,"href":"https:\/\/www.eltriangle.eu\/es\/wp-json\/wp\/v2\/users\/93"}],"replies":[{"embeddable":true,"href":"https:\/\/www.eltriangle.eu\/es\/wp-json\/wp\/v2\/comments?post=312346"}],"version-history":[{"count":0,"href":"https:\/\/www.eltriangle.eu\/es\/wp-json\/wp\/v2\/posts\/312346\/revisions"}],"wp:featuredmedia":[{"embeddable":true,"href":"https:\/\/www.eltriangle.eu\/es\/wp-json\/wp\/v2\/media\/312343"}],"wp:attachment":[{"href":"https:\/\/www.eltriangle.eu\/es\/wp-json\/wp\/v2\/media?parent=312346"}],"wp:term":[{"taxonomy":"category","embeddable":true,"href":"https:\/\/www.eltriangle.eu\/es\/wp-json\/wp\/v2\/categories?post=312346"},{"taxonomy":"post_tag","embeddable":true,"href":"https:\/\/www.eltriangle.eu\/es\/wp-json\/wp\/v2\/tags?post=312346"}],"curies":[{"name":"wp","href":"https:\/\/api.w.org\/{rel}","templated":true}]}}