{"id":312195,"date":"2025-03-31T06:00:19","date_gmt":"2025-03-31T04:00:19","guid":{"rendered":null},"modified":"2025-03-31T08:54:06","modified_gmt":"2025-03-31T06:54:06","slug":"la-derecha-contra-los-derechos","status":"publish","type":"post","link":"https:\/\/www.eltriangle.eu\/es\/2025\/03\/31\/la-derecha-contra-los-derechos\/","title":{"rendered":"La derecha contra los derechos"},"content":{"rendered":"<p>Cuando era un adolescente me entristec\u00eda y enfadaba ver a gente durmiendo o pidiendo dinero por las calles de Barcelona. Entonces cre\u00eda que el responsable de que estuvieran malviviendo en estas condiciones era culpa del franquismo. Pero Franco muri\u00f3, lleg\u00f3 la democracia y cincuenta a\u00f1os despu\u00e9s sigue habiendo gente durmiendo en la calle y pidiendo limosna tirada por el suelo. El \u00faltimo recuento del que tengo noticia situaba en 1.400 las personas que no ten\u00edan un techo bajo el que cobijarse para pasar la noche.<\/p>\n<p>Muchos estudiantes de la Facultad de Ciencias de la Comunicaci\u00f3n de la Universidad Aut\u00f3noma de Barcelona (UAB) propon\u00edan hacer reportajes sobre los sin techo cuando, como profesor que fui de ella, les ped\u00eda que eligieran un tema para hacer un trabajo period\u00edstico. A ellos tambi\u00e9n les choca, medio siglo despu\u00e9s de que me impactara a m\u00ed, que tantos hombres y mujeres tengan que dormir en la calle.<\/p>\n<p>Los estudiantes quer\u00edan hacer el reportaje para entender las razones de esta injusticia y yo les dec\u00eda que ten\u00edan que buscar una vertiente original, creativa, que no hicieran todos el mismo trabajo, que se esforzaran en buscar alg\u00fan enfoque original del tema. <strong>Jes\u00fas Mart\u00ednez<\/strong>, con quien coincidimos como docentes en la UAB, lo ha hecho. Ha escrito el libro \u00abEl peso\u00bb (Editorial Comba), en el que describe su relaci\u00f3n con dos hombres que vivieron mucho tiempo en la calle, dos <em>sintecho<\/em>. Vivieron, he dicho. Ambos est\u00e1n muertos. Uno de ellos asesinado por el compa\u00f1ero con el que dorm\u00eda una noche en la calle. Ambos murieron m\u00e1s j\u00f3venes que yo. Uno escrib\u00eda poes\u00edas. Una de estas poes\u00edas da t\u00edtulo al libro de Mart\u00ednez, que os recomiendo y recomendar\u00eda a mis alumnos si a\u00fan fuese profesor.<\/p>\n<p><strong>L\u00eddia Pitarch<\/strong>, doctora en Derecho Global y Seguridad Humana, es sargento de la Guardia Urbana de Barcelona. Su trabajo como polic\u00eda local la llev\u00f3 a conocer de cerca el mundo de los sin hogar y la exclusi\u00f3n social en el distrito de Ciutat Vella. En el libro \u00abEntre portales\u00bb (Icaria editorial) explica la historia de supervivencia de mujeres que viven en la calle. L\u00f3gicamente, tambi\u00e9n os lo recomiendo.<\/p>\n<p>Pero si el franquismo est\u00e1 muerto, \u00bfpor qu\u00e9 hay mujeres y hombres durmiendo en la calle?, se preguntar\u00eda el joven Siscu Baiges. El adulto Siscu Baiges ha ido este fin de semana a ver algunas pel\u00edculas que se han proyectado en los cines Girona en el marco del Festival de Cine y Derechos Humanos de Catalu\u00f1a \u00abImpacte\u00bb. El lema de la edici\u00f3n de este a\u00f1o, la quinta, es \u00abLa derecha contra los derechos\u00bb. En el cartel de promoci\u00f3n del festival aparec\u00edan los rostros de <strong>Donald Trump<\/strong>, <strong>Elon Musk<\/strong>, <strong>V\u00edktor Orb\u00e1n<\/strong>, <strong>Javier Milei<\/strong>, <strong>Marine Le Pen<\/strong>, <strong>Giorgia Meloni<\/strong>, <strong>Santiago Abascal<\/strong> y <strong>S\u00edlvia Orriols<\/strong>. \u00bfSon ellos los culpables de que se vulneren los derechos de las personas que viven en las calles de Barcelona, Budapest, Par\u00eds, Roma, Madrid o Ripoll? La respuesta es, evidentemente, que no. Hay algo m\u00e1s de fondo que falla. El sistema capitalista es la respuesta que r\u00e1pidamente me viene a la cabeza. E inmediatamente pienso que, como cambiar el sistema capitalista por otro parece misi\u00f3n imposible, por lo que habr\u00eda que apostar es por recortar sus efectos m\u00e1s agresivos, m\u00e1s inhumanos, m\u00e1s injustos.<\/p>\n<p>\u00bfUn capitalismo de &#8216;rostro amable&#8217; encontrar\u00eda techo para todo el mundo que lo necesita? La pregunta llega, adem\u00e1s, en un momento en que la problem\u00e1tica de la vivienda afecta a gran parte de la poblaci\u00f3n de nuestras sociedades. \u00bfSe puede encontrar techo para las personas que no tienen al mismo tiempo que se ponen a un nivel asequible los precios de los alquileres y las hipotecas? Deber\u00eda ser posible. Y sigo creyendo que son las opciones de izquierdas las que pueden o deber\u00edan poder encontrar la f\u00f3rmula que lo permita.<\/p>\n<p>La asistencia a las proyecciones del festival \u00abImpacte\u00bb me gener\u00f3 dos reacciones. Una, la de la frustraci\u00f3n de ver c\u00f3mo en Ir\u00e1n matan a mujeres por quitarse el velo, en Hungr\u00eda ganan elecciones los que proh\u00edben la fiesta del orgullo gay y se acercan a <strong>Putin<\/strong> porque as\u00ed dicen que su pa\u00eds vivir\u00e1 en paz, o en Rusia impera un asesino. La otra, la constataci\u00f3n de que en Ir\u00e1n, en Hungr\u00eda, en Rusia y en todas partes hay gente que lucha contra las injusticias y en defensa de los derechos humanos.<\/p>\n<p>Frustraci\u00f3n contra esperanza; extrema derecha, populismo y nacionalismo contra la voluntad de vivir en paz y respet\u00e1ndonos los unos a los otros. En una escena de la pel\u00edcula \u00abMy Stolen Planet\u00bb, de la directora iran\u00ed <strong>Farahnaz Sharifi<\/strong>, que ha obendio el premio al mejor largometraje del festival &#8216;Impacte&#8217;, un grupo de mujeres cantan la canci\u00f3n <em>Imagine<\/em> de <strong>John Lennon<\/strong>. Al m\u00fasico brit\u00e1nico lo asesinaron el 8 de diciembre de 1980, cuando Franco hac\u00eda cinco a\u00f1os que estaba muerto y yo ya sab\u00eda que los <em>sintecho<\/em> segu\u00edan en las calles de mi ciudad tras la desaparici\u00f3n de la dictadura.<\/p>\n<p>Cuesta, pero no quiero que la frustraci\u00f3n se imponga a la esperanza y la ilusi\u00f3n por el mundo que Lennon imaginaba.<\/p>\n","protected":false},"excerpt":{"rendered":"<p>Cuando era un adolescente me entristec\u00eda y enfadaba ver a gente durmiendo o pidiendo dinero por las calles de Barcelona. Entonces cre\u00eda que el responsable de que estuvieran malviviendo en estas condiciones era culpa del franquismo. Pero Franco muri\u00f3, lleg\u00f3 la democracia y cincuenta a\u00f1os despu\u00e9s sigue habiendo gente durmiendo en la calle y pidiendo &#8230; <a title=\"La derecha contra los derechos\" class=\"read-more\" href=\"https:\/\/www.eltriangle.eu\/es\/2025\/03\/31\/la-derecha-contra-los-derechos\/\" aria-label=\"Leer m\u00e1s sobre La derecha contra los derechos\">Leer m\u00e1s<\/a><\/p>\n","protected":false},"author":22,"featured_media":0,"comment_status":"open","ping_status":"closed","sticky":false,"template":"","format":"standard","meta":{"_acf_changed":false,"pmpro_default_level":"","footnotes":""},"categories":[10],"tags":[6727,6729,5131,6728,1138,544],"class_list":["post-312195","post","type-post","status-publish","format-standard","hentry","category-opinion","tag-derechos-humanos","tag-hungria","tag-iran-es","tag-jesus-martinez-es","tag-rusia","tag-sin-techo","lh_instant_articles-syndicate-yes","pmpro-has-access"],"acf":[],"yoast_head":"<!-- This site is optimized with the Yoast SEO plugin v27.4 - https:\/\/yoast.com\/product\/yoast-seo-wordpress\/ -->\n<title>La derecha contra los derechos - El Triangle<\/title>\n<meta name=\"description\" content=\"Cuando era un adolescente me entristec\u00eda y enfadaba ver a gente durmiendo o pidiendo dinero por las calles de Barcelona. Entonces cre\u00eda que el responsable\" class=\"yoast-seo-meta-tag\" \/>\n<meta name=\"robots\" content=\"index, follow, max-snippet:-1, max-image-preview:large, max-video-preview:-1\" \/>\n<link rel=\"canonical\" href=\"https:\/\/www.eltriangle.eu\/es\/2025\/03\/31\/la-derecha-contra-los-derechos\/\" class=\"yoast-seo-meta-tag\" \/>\n<meta property=\"og:locale\" content=\"es_ES\" class=\"yoast-seo-meta-tag\" \/>\n<meta property=\"og:type\" content=\"article\" class=\"yoast-seo-meta-tag\" \/>\n<meta property=\"og:title\" content=\"La derecha contra los derechos - El Triangle\" class=\"yoast-seo-meta-tag\" \/>\n<meta property=\"og:description\" content=\"Cuando era un adolescente me entristec\u00eda y enfadaba ver a gente durmiendo o pidiendo dinero por las calles de Barcelona. Entonces cre\u00eda que el responsable\" class=\"yoast-seo-meta-tag\" \/>\n<meta property=\"og:url\" content=\"https:\/\/www.eltriangle.eu\/es\/2025\/03\/31\/la-derecha-contra-los-derechos\/\" class=\"yoast-seo-meta-tag\" \/>\n<meta property=\"og:site_name\" content=\"El Triangle\" class=\"yoast-seo-meta-tag\" \/>\n<meta property=\"article:publisher\" content=\"https:\/\/www.facebook.com\/El-Triangle-Diari-101787399020302\" class=\"yoast-seo-meta-tag\" \/>\n<meta property=\"article:published_time\" content=\"2025-03-31T04:00:19+00:00\" class=\"yoast-seo-meta-tag\" \/>\n<meta property=\"article:modified_time\" content=\"2025-03-31T06:54:06+00:00\" class=\"yoast-seo-meta-tag\" \/>\n<meta name=\"author\" content=\"Siscu Baiges\" class=\"yoast-seo-meta-tag\" \/>\n<meta name=\"twitter:card\" content=\"summary_large_image\" class=\"yoast-seo-meta-tag\" \/>\n<meta name=\"twitter:creator\" content=\"@El_Triangle\" class=\"yoast-seo-meta-tag\" \/>\n<meta name=\"twitter:site\" content=\"@El_Triangle\" class=\"yoast-seo-meta-tag\" \/>\n<meta name=\"twitter:label1\" content=\"Escrito por\" class=\"yoast-seo-meta-tag\" \/>\n\t<meta name=\"twitter:data1\" content=\"Siscu Baiges\" class=\"yoast-seo-meta-tag\" \/>\n\t<meta name=\"twitter:label2\" content=\"Tiempo de lectura\" class=\"yoast-seo-meta-tag\" \/>\n\t<meta name=\"twitter:data2\" content=\"5 minutos\" class=\"yoast-seo-meta-tag\" \/>\n<script type=\"application\/ld+json\" class=\"yoast-schema-graph\">{\"@context\":\"https:\\\/\\\/schema.org\",\"@graph\":[{\"@type\":\"NewsArticle\",\"@id\":\"https:\\\/\\\/www.eltriangle.eu\\\/es\\\/2025\\\/03\\\/31\\\/la-derecha-contra-los-derechos\\\/#article\",\"isPartOf\":{\"@id\":\"https:\\\/\\\/www.eltriangle.eu\\\/es\\\/2025\\\/03\\\/31\\\/la-derecha-contra-los-derechos\\\/\"},\"author\":{\"name\":\"Siscu Baiges\",\"@id\":\"https:\\\/\\\/www.eltriangle.eu\\\/es\\\/#\\\/schema\\\/person\\\/0a3b9054387ca3a8836b3c340a9a3ab1\"},\"headline\":\"La derecha contra los derechos\",\"datePublished\":\"2025-03-31T04:00:19+00:00\",\"dateModified\":\"2025-03-31T06:54:06+00:00\",\"mainEntityOfPage\":{\"@id\":\"https:\\\/\\\/www.eltriangle.eu\\\/es\\\/2025\\\/03\\\/31\\\/la-derecha-contra-los-derechos\\\/\"},\"wordCount\":924,\"commentCount\":0,\"publisher\":{\"@id\":\"https:\\\/\\\/www.eltriangle.eu\\\/es\\\/#organization\"},\"keywords\":[\"Derechos humanos\",\"Hungr\u00eda\",\"Ir\u00e1n\",\"Jes\u00fas Mart\u00ednez\",\"Rusia\",\"sin techo\"],\"articleSection\":[\"Opini\u00f3n\"],\"inLanguage\":\"es\",\"potentialAction\":[{\"@type\":\"CommentAction\",\"name\":\"Comment\",\"target\":[\"https:\\\/\\\/www.eltriangle.eu\\\/es\\\/2025\\\/03\\\/31\\\/la-derecha-contra-los-derechos\\\/#respond\"]}]},{\"@type\":\"WebPage\",\"@id\":\"https:\\\/\\\/www.eltriangle.eu\\\/es\\\/2025\\\/03\\\/31\\\/la-derecha-contra-los-derechos\\\/\",\"url\":\"https:\\\/\\\/www.eltriangle.eu\\\/es\\\/2025\\\/03\\\/31\\\/la-derecha-contra-los-derechos\\\/\",\"name\":\"La derecha contra los derechos - El Triangle\",\"isPartOf\":{\"@id\":\"https:\\\/\\\/www.eltriangle.eu\\\/es\\\/#website\"},\"datePublished\":\"2025-03-31T04:00:19+00:00\",\"dateModified\":\"2025-03-31T06:54:06+00:00\",\"description\":\"Cuando era un adolescente me entristec\u00eda y enfadaba ver a gente durmiendo o pidiendo dinero por las calles de Barcelona. Entonces cre\u00eda que el responsable\",\"breadcrumb\":{\"@id\":\"https:\\\/\\\/www.eltriangle.eu\\\/es\\\/2025\\\/03\\\/31\\\/la-derecha-contra-los-derechos\\\/#breadcrumb\"},\"inLanguage\":\"es\",\"potentialAction\":[{\"@type\":\"ReadAction\",\"target\":[\"https:\\\/\\\/www.eltriangle.eu\\\/es\\\/2025\\\/03\\\/31\\\/la-derecha-contra-los-derechos\\\/\"]}]},{\"@type\":\"BreadcrumbList\",\"@id\":\"https:\\\/\\\/www.eltriangle.eu\\\/es\\\/2025\\\/03\\\/31\\\/la-derecha-contra-los-derechos\\\/#breadcrumb\",\"itemListElement\":[{\"@type\":\"ListItem\",\"position\":1,\"name\":\"Portada\",\"item\":\"https:\\\/\\\/www.eltriangle.eu\\\/es\\\/\"},{\"@type\":\"ListItem\",\"position\":2,\"name\":\"La derecha contra los derechos\"}]},{\"@type\":\"WebSite\",\"@id\":\"https:\\\/\\\/www.eltriangle.eu\\\/es\\\/#website\",\"url\":\"https:\\\/\\\/www.eltriangle.eu\\\/es\\\/\",\"name\":\"El Triangle\",\"description\":\"El Triangle \u00e9s un Diari d&#039;informaci\u00f3 general, editat a Catalunya i escrit en llengua catalana, especialitzat en investigaci\u00f3 period\u00edstica\",\"publisher\":{\"@id\":\"https:\\\/\\\/www.eltriangle.eu\\\/es\\\/#organization\"},\"potentialAction\":[{\"@type\":\"SearchAction\",\"target\":{\"@type\":\"EntryPoint\",\"urlTemplate\":\"https:\\\/\\\/www.eltriangle.eu\\\/es\\\/?s={search_term_string}\"},\"query-input\":{\"@type\":\"PropertyValueSpecification\",\"valueRequired\":true,\"valueName\":\"search_term_string\"}}],\"inLanguage\":\"es\"},{\"@type\":[\"Organization\",\"NewsMediaOrganization\"],\"@id\":\"https:\\\/\\\/www.eltriangle.eu\\\/es\\\/#organization\",\"name\":\"El Triangle\",\"url\":\"https:\\\/\\\/www.eltriangle.eu\\\/es\\\/\",\"logo\":{\"@type\":\"ImageObject\",\"inLanguage\":\"es\",\"@id\":\"https:\\\/\\\/www.eltriangle.eu\\\/es\\\/#\\\/schema\\\/logo\\\/image\\\/\",\"url\":\"https:\\\/\\\/www.eltriangle.eu\\\/wp-content\\\/uploads\\\/2020\\\/11\\\/triangle_logo-ajustado.jpg\",\"contentUrl\":\"https:\\\/\\\/www.eltriangle.eu\\\/wp-content\\\/uploads\\\/2020\\\/11\\\/triangle_logo-ajustado.jpg\",\"width\":521,\"height\":92,\"caption\":\"El Triangle\"},\"image\":{\"@id\":\"https:\\\/\\\/www.eltriangle.eu\\\/es\\\/#\\\/schema\\\/logo\\\/image\\\/\"},\"sameAs\":[\"https:\\\/\\\/www.facebook.com\\\/El-Triangle-Diari-101787399020302\",\"https:\\\/\\\/x.com\\\/El_Triangle\",\"https:\\\/\\\/www.youtube.com\\\/channel\\\/UCTIjmYEMYSpdGonuAgNhbcg\"]},{\"@type\":\"Person\",\"@id\":\"https:\\\/\\\/www.eltriangle.eu\\\/es\\\/#\\\/schema\\\/person\\\/0a3b9054387ca3a8836b3c340a9a3ab1\",\"name\":\"Siscu Baiges\",\"image\":{\"@type\":\"ImageObject\",\"inLanguage\":\"es\",\"@id\":\"https:\\\/\\\/www.eltriangle.eu\\\/wp-content\\\/uploads\\\/2025\\\/10\\\/siscu-baiges_avatar-96x96.jpg\",\"url\":\"https:\\\/\\\/www.eltriangle.eu\\\/wp-content\\\/uploads\\\/2025\\\/10\\\/siscu-baiges_avatar-96x96.jpg\",\"contentUrl\":\"https:\\\/\\\/www.eltriangle.eu\\\/wp-content\\\/uploads\\\/2025\\\/10\\\/siscu-baiges_avatar-96x96.jpg\",\"caption\":\"Siscu Baiges\"},\"description\":\"Periodista de Solidaritat i Comunicaci\u00f3 - SICOM, activista, cabrejat amb les injust\u00edcies\",\"sameAs\":[\"https:\\\/\\\/es-es.facebook.com\\\/siscup\"],\"url\":\"https:\\\/\\\/www.eltriangle.eu\\\/es\\\/author\\\/autor-78\\\/\"},{\"@type\":\"SiteNavigationElement\",\"@id\":\"https:\\\/\\\/www.eltriangle.eu\\\/es\\\/#site-navigation\",\"cssSelector\":[\".cib-main-menu\"]},{\"@type\":\"WPHeader\",\"@id\":\"https:\\\/\\\/www.eltriangle.eu\\\/es\\\/#header\",\"cssSelector\":[\".cib-header\"]},{\"@type\":\"WPFooter\",\"@id\":\"https:\\\/\\\/www.eltriangle.eu\\\/es\\\/#footer\",\"cssSelector\":[\".cib-footer\"]}]}<\/script>\n<!-- \/ Yoast SEO plugin. -->","yoast_head_json":{"title":"La derecha contra los derechos - El Triangle","description":"Cuando era un adolescente me entristec\u00eda y enfadaba ver a gente durmiendo o pidiendo dinero por las calles de Barcelona. Entonces cre\u00eda que el responsable","robots":{"index":"index","follow":"follow","max-snippet":"max-snippet:-1","max-image-preview":"max-image-preview:large","max-video-preview":"max-video-preview:-1"},"canonical":"https:\/\/www.eltriangle.eu\/es\/2025\/03\/31\/la-derecha-contra-los-derechos\/","og_locale":"es_ES","og_type":"article","og_title":"La derecha contra los derechos - El Triangle","og_description":"Cuando era un adolescente me entristec\u00eda y enfadaba ver a gente durmiendo o pidiendo dinero por las calles de Barcelona. Entonces cre\u00eda que el responsable","og_url":"https:\/\/www.eltriangle.eu\/es\/2025\/03\/31\/la-derecha-contra-los-derechos\/","og_site_name":"El Triangle","article_publisher":"https:\/\/www.facebook.com\/El-Triangle-Diari-101787399020302","article_published_time":"2025-03-31T04:00:19+00:00","article_modified_time":"2025-03-31T06:54:06+00:00","author":"Siscu Baiges","twitter_card":"summary_large_image","twitter_creator":"@El_Triangle","twitter_site":"@El_Triangle","twitter_misc":{"Escrito por":"Siscu Baiges","Tiempo de lectura":"5 minutos"},"schema":{"@context":"https:\/\/schema.org","@graph":[{"@type":"NewsArticle","@id":"https:\/\/www.eltriangle.eu\/es\/2025\/03\/31\/la-derecha-contra-los-derechos\/#article","isPartOf":{"@id":"https:\/\/www.eltriangle.eu\/es\/2025\/03\/31\/la-derecha-contra-los-derechos\/"},"author":{"name":"Siscu Baiges","@id":"https:\/\/www.eltriangle.eu\/es\/#\/schema\/person\/0a3b9054387ca3a8836b3c340a9a3ab1"},"headline":"La derecha contra los derechos","datePublished":"2025-03-31T04:00:19+00:00","dateModified":"2025-03-31T06:54:06+00:00","mainEntityOfPage":{"@id":"https:\/\/www.eltriangle.eu\/es\/2025\/03\/31\/la-derecha-contra-los-derechos\/"},"wordCount":924,"commentCount":0,"publisher":{"@id":"https:\/\/www.eltriangle.eu\/es\/#organization"},"keywords":["Derechos humanos","Hungr\u00eda","Ir\u00e1n","Jes\u00fas Mart\u00ednez","Rusia","sin techo"],"articleSection":["Opini\u00f3n"],"inLanguage":"es","potentialAction":[{"@type":"CommentAction","name":"Comment","target":["https:\/\/www.eltriangle.eu\/es\/2025\/03\/31\/la-derecha-contra-los-derechos\/#respond"]}]},{"@type":"WebPage","@id":"https:\/\/www.eltriangle.eu\/es\/2025\/03\/31\/la-derecha-contra-los-derechos\/","url":"https:\/\/www.eltriangle.eu\/es\/2025\/03\/31\/la-derecha-contra-los-derechos\/","name":"La derecha contra los derechos - El Triangle","isPartOf":{"@id":"https:\/\/www.eltriangle.eu\/es\/#website"},"datePublished":"2025-03-31T04:00:19+00:00","dateModified":"2025-03-31T06:54:06+00:00","description":"Cuando era un adolescente me entristec\u00eda y enfadaba ver a gente durmiendo o pidiendo dinero por las calles de Barcelona. Entonces cre\u00eda que el responsable","breadcrumb":{"@id":"https:\/\/www.eltriangle.eu\/es\/2025\/03\/31\/la-derecha-contra-los-derechos\/#breadcrumb"},"inLanguage":"es","potentialAction":[{"@type":"ReadAction","target":["https:\/\/www.eltriangle.eu\/es\/2025\/03\/31\/la-derecha-contra-los-derechos\/"]}]},{"@type":"BreadcrumbList","@id":"https:\/\/www.eltriangle.eu\/es\/2025\/03\/31\/la-derecha-contra-los-derechos\/#breadcrumb","itemListElement":[{"@type":"ListItem","position":1,"name":"Portada","item":"https:\/\/www.eltriangle.eu\/es\/"},{"@type":"ListItem","position":2,"name":"La derecha contra los derechos"}]},{"@type":"WebSite","@id":"https:\/\/www.eltriangle.eu\/es\/#website","url":"https:\/\/www.eltriangle.eu\/es\/","name":"El Triangle","description":"El Triangle \u00e9s un Diari d&#039;informaci\u00f3 general, editat a Catalunya i escrit en llengua catalana, especialitzat en investigaci\u00f3 period\u00edstica","publisher":{"@id":"https:\/\/www.eltriangle.eu\/es\/#organization"},"potentialAction":[{"@type":"SearchAction","target":{"@type":"EntryPoint","urlTemplate":"https:\/\/www.eltriangle.eu\/es\/?s={search_term_string}"},"query-input":{"@type":"PropertyValueSpecification","valueRequired":true,"valueName":"search_term_string"}}],"inLanguage":"es"},{"@type":["Organization","NewsMediaOrganization"],"@id":"https:\/\/www.eltriangle.eu\/es\/#organization","name":"El Triangle","url":"https:\/\/www.eltriangle.eu\/es\/","logo":{"@type":"ImageObject","inLanguage":"es","@id":"https:\/\/www.eltriangle.eu\/es\/#\/schema\/logo\/image\/","url":"https:\/\/www.eltriangle.eu\/wp-content\/uploads\/2020\/11\/triangle_logo-ajustado.jpg","contentUrl":"https:\/\/www.eltriangle.eu\/wp-content\/uploads\/2020\/11\/triangle_logo-ajustado.jpg","width":521,"height":92,"caption":"El Triangle"},"image":{"@id":"https:\/\/www.eltriangle.eu\/es\/#\/schema\/logo\/image\/"},"sameAs":["https:\/\/www.facebook.com\/El-Triangle-Diari-101787399020302","https:\/\/x.com\/El_Triangle","https:\/\/www.youtube.com\/channel\/UCTIjmYEMYSpdGonuAgNhbcg"]},{"@type":"Person","@id":"https:\/\/www.eltriangle.eu\/es\/#\/schema\/person\/0a3b9054387ca3a8836b3c340a9a3ab1","name":"Siscu Baiges","image":{"@type":"ImageObject","inLanguage":"es","@id":"https:\/\/www.eltriangle.eu\/wp-content\/uploads\/2025\/10\/siscu-baiges_avatar-96x96.jpg","url":"https:\/\/www.eltriangle.eu\/wp-content\/uploads\/2025\/10\/siscu-baiges_avatar-96x96.jpg","contentUrl":"https:\/\/www.eltriangle.eu\/wp-content\/uploads\/2025\/10\/siscu-baiges_avatar-96x96.jpg","caption":"Siscu Baiges"},"description":"Periodista de Solidaritat i Comunicaci\u00f3 - SICOM, activista, cabrejat amb les injust\u00edcies","sameAs":["https:\/\/es-es.facebook.com\/siscup"],"url":"https:\/\/www.eltriangle.eu\/es\/author\/autor-78\/"},{"@type":"SiteNavigationElement","@id":"https:\/\/www.eltriangle.eu\/es\/#site-navigation","cssSelector":[".cib-main-menu"]},{"@type":"WPHeader","@id":"https:\/\/www.eltriangle.eu\/es\/#header","cssSelector":[".cib-header"]},{"@type":"WPFooter","@id":"https:\/\/www.eltriangle.eu\/es\/#footer","cssSelector":[".cib-footer"]}]}},"amp_enabled":true,"_links":{"self":[{"href":"https:\/\/www.eltriangle.eu\/es\/wp-json\/wp\/v2\/posts\/312195","targetHints":{"allow":["GET"]}}],"collection":[{"href":"https:\/\/www.eltriangle.eu\/es\/wp-json\/wp\/v2\/posts"}],"about":[{"href":"https:\/\/www.eltriangle.eu\/es\/wp-json\/wp\/v2\/types\/post"}],"author":[{"embeddable":true,"href":"https:\/\/www.eltriangle.eu\/es\/wp-json\/wp\/v2\/users\/22"}],"replies":[{"embeddable":true,"href":"https:\/\/www.eltriangle.eu\/es\/wp-json\/wp\/v2\/comments?post=312195"}],"version-history":[{"count":0,"href":"https:\/\/www.eltriangle.eu\/es\/wp-json\/wp\/v2\/posts\/312195\/revisions"}],"wp:attachment":[{"href":"https:\/\/www.eltriangle.eu\/es\/wp-json\/wp\/v2\/media?parent=312195"}],"wp:term":[{"taxonomy":"category","embeddable":true,"href":"https:\/\/www.eltriangle.eu\/es\/wp-json\/wp\/v2\/categories?post=312195"},{"taxonomy":"post_tag","embeddable":true,"href":"https:\/\/www.eltriangle.eu\/es\/wp-json\/wp\/v2\/tags?post=312195"}],"curies":[{"name":"wp","href":"https:\/\/api.w.org\/{rel}","templated":true}]}}