{"id":311973,"date":"2025-03-28T10:30:39","date_gmt":"2025-03-28T09:30:39","guid":{"rendered":null},"modified":"2025-03-28T13:28:42","modified_gmt":"2025-03-28T12:28:42","slug":"acuerdo-in-extremis-entre-diaz-y-montero-para-que-los-preceptores-del-smi-no-tributen-este-ano","status":"publish","type":"post","link":"https:\/\/www.eltriangle.eu\/es\/2025\/03\/28\/acuerdo-in-extremis-entre-diaz-y-montero-para-que-los-preceptores-del-smi-no-tributen-este-ano\/","title":{"rendered":"Acuerdo &#8216;in extremis&#8217; entre D\u00edaz y Montero para que los preceptores del SMI no tributen este a\u00f1o"},"content":{"rendered":"<p>Los ministerios de <strong>Hacienda<\/strong> y de <strong>Trabajo <\/strong>han llegado a un acuerdo <em>in extremis <\/em>para que los preceptores del <strong>Salario M\u00ednimo Interprofesional (SMI) <\/strong>queden exentos del <strong>IRPF<\/strong> durante este 2025. Despu\u00e9s de que, este jueves, seg\u00fan ha explicado la titular de Trabajo y l\u00edder de Sumar, <strong>Yolanda<\/strong> <strong>D\u00edaz<\/strong>, las negociaciones entre ambos ministerios se rompieran, finalmente ha habido pacto este viernes con la titular de Hacienda,<strong> Mar\u00eda Jes\u00fas Montero<\/strong>.<\/p>\n<p>Seg\u00fan han detallado fuentes del ejecutivo espa\u00f1ol, el pacto prev\u00e9 introducir una deducci\u00f3n en la cuota del impuesto de la renta que har\u00eda que los asalariados que cobran 1.184 euros mensuales, o menos, no tributen. El pacto ha llegado pocas horas antes de la reuni\u00f3n de la Mesa que debe abordar los vetos de Hacienda a las iniciativas de <strong>Sumar<\/strong>, <strong>Podemos<\/strong> y <strong>PP<\/strong> para que los perceptores del SMI queden exentos del IRPF.<\/p>\n<p>El tira y afloja entre Trabajo y Hacienda ha llegado hasta el punto de que, este mismo viernes, a primera hora de la ma\u00f1ana, D\u00edaz ha acusado a Montero de dar \u00abla instrucci\u00f3n de romper las negociaciones\u00bb y ha se\u00f1alado que lo que parece es que la titular de Hacienda piensa \u00abque el salario m\u00ednimo es muy elevado\u00bb.<\/p>\n","protected":false},"excerpt":{"rendered":"<p>Los ministerios de Hacienda y de Trabajo han llegado a un acuerdo in extremis para que los preceptores del Salario M\u00ednimo Interprofesional (SMI) queden exentos del IRPF durante este 2025. Despu\u00e9s de que, este jueves, seg\u00fan ha explicado la titular de Trabajo y l\u00edder de Sumar, Yolanda D\u00edaz, las negociaciones entre ambos ministerios se rompieran, &#8230; <a title=\"Acuerdo &#8216;in extremis&#8217; entre D\u00edaz y Montero para que los preceptores del SMI no tributen este a\u00f1o\" class=\"read-more\" href=\"https:\/\/www.eltriangle.eu\/es\/2025\/03\/28\/acuerdo-in-extremis-entre-diaz-y-montero-para-que-los-preceptores-del-smi-no-tributen-este-ano\/\" aria-label=\"Leer m\u00e1s sobre Acuerdo &#8216;in extremis&#8217; entre D\u00edaz y Montero para que los preceptores del SMI no tributen este a\u00f1o\">Leer m\u00e1s<\/a><\/p>\n","protected":false},"author":93,"featured_media":311968,"comment_status":"open","ping_status":"closed","sticky":false,"template":"","format":"standard","meta":{"_acf_changed":false,"pmpro_default_level":"","footnotes":""},"categories":[24,82,74],"tags":[4010,706,6357,1154],"class_list":["post-311973","post","type-post","status-publish","format-standard","has-post-thumbnail","hentry","category-actualidad","category-economia","category-poderes","tag-iprf","tag-maria-jesus-montero-es","tag-salario-minimo-interprofesional-smi","tag-yolanda-diaz-es","lh_instant_articles-syndicate-yes","pmpro-has-access"],"acf":[],"yoast_head":"<!-- This site is optimized with the Yoast SEO plugin v27.4 - https:\/\/yoast.com\/product\/yoast-seo-wordpress\/ -->\n<title>Acuerdo &#039;in extremis&#039; entre D\u00edaz y Montero para que los preceptores del SMI no tributen este a\u00f1o - El Triangle<\/title>\n<meta name=\"description\" content=\"Los ministerios de Hacienda y de Trabajo han llegado a un acuerdo in extremis para que los preceptores del Salario M\u00ednimo Interprofesional (SMI) queden\" class=\"yoast-seo-meta-tag\" \/>\n<meta name=\"robots\" content=\"index, follow, max-snippet:-1, max-image-preview:large, max-video-preview:-1\" \/>\n<link rel=\"canonical\" href=\"https:\/\/www.eltriangle.eu\/es\/2025\/03\/28\/acuerdo-in-extremis-entre-diaz-y-montero-para-que-los-preceptores-del-smi-no-tributen-este-ano\/\" class=\"yoast-seo-meta-tag\" \/>\n<meta property=\"og:locale\" content=\"es_ES\" class=\"yoast-seo-meta-tag\" \/>\n<meta property=\"og:type\" content=\"article\" class=\"yoast-seo-meta-tag\" \/>\n<meta property=\"og:title\" content=\"Acuerdo &#039;in extremis&#039; entre D\u00edaz y Montero para que los preceptores del SMI no tributen este a\u00f1o - El Triangle\" class=\"yoast-seo-meta-tag\" \/>\n<meta property=\"og:description\" content=\"Los ministerios de Hacienda y de Trabajo han llegado a un acuerdo in extremis para que los preceptores del Salario M\u00ednimo Interprofesional (SMI) queden\" class=\"yoast-seo-meta-tag\" \/>\n<meta property=\"og:url\" content=\"https:\/\/www.eltriangle.eu\/es\/2025\/03\/28\/acuerdo-in-extremis-entre-diaz-y-montero-para-que-los-preceptores-del-smi-no-tributen-este-ano\/\" class=\"yoast-seo-meta-tag\" \/>\n<meta property=\"og:site_name\" content=\"El Triangle\" class=\"yoast-seo-meta-tag\" \/>\n<meta property=\"article:publisher\" content=\"https:\/\/www.facebook.com\/El-Triangle-Diari-101787399020302\" class=\"yoast-seo-meta-tag\" \/>\n<meta property=\"article:published_time\" content=\"2025-03-28T09:30:39+00:00\" class=\"yoast-seo-meta-tag\" \/>\n<meta property=\"article:modified_time\" content=\"2025-03-28T12:28:42+00:00\" class=\"yoast-seo-meta-tag\" \/>\n<meta property=\"og:image\" content=\"https:\/\/www.eltriangle.eu\/wp-content\/uploads\/2025\/03\/b4c6b8ae-3a1c-475e-9274-e7808aa78ae8-e1743156769440.jpg\" class=\"yoast-seo-meta-tag\" \/>\n\t<meta property=\"og:image:width\" content=\"1200\" class=\"yoast-seo-meta-tag\" \/>\n\t<meta property=\"og:image:height\" content=\"900\" class=\"yoast-seo-meta-tag\" \/>\n\t<meta property=\"og:image:type\" content=\"image\/jpeg\" class=\"yoast-seo-meta-tag\" \/>\n<meta name=\"author\" content=\"redaccio\" class=\"yoast-seo-meta-tag\" \/>\n<meta name=\"twitter:card\" content=\"summary_large_image\" class=\"yoast-seo-meta-tag\" \/>\n<meta name=\"twitter:creator\" content=\"@El_Triangle\" class=\"yoast-seo-meta-tag\" \/>\n<meta name=\"twitter:site\" content=\"@El_Triangle\" class=\"yoast-seo-meta-tag\" \/>\n<meta name=\"twitter:label1\" content=\"Escrito por\" class=\"yoast-seo-meta-tag\" \/>\n\t<meta name=\"twitter:data1\" content=\"redaccio\" class=\"yoast-seo-meta-tag\" \/>\n\t<meta name=\"twitter:label2\" content=\"Tiempo de lectura\" class=\"yoast-seo-meta-tag\" \/>\n\t<meta name=\"twitter:data2\" content=\"1 minuto\" class=\"yoast-seo-meta-tag\" \/>\n<script type=\"application\/ld+json\" class=\"yoast-schema-graph\">{\"@context\":\"https:\\\/\\\/schema.org\",\"@graph\":[{\"@type\":\"NewsArticle\",\"@id\":\"https:\\\/\\\/www.eltriangle.eu\\\/es\\\/2025\\\/03\\\/28\\\/acuerdo-in-extremis-entre-diaz-y-montero-para-que-los-preceptores-del-smi-no-tributen-este-ano\\\/#article\",\"isPartOf\":{\"@id\":\"https:\\\/\\\/www.eltriangle.eu\\\/es\\\/2025\\\/03\\\/28\\\/acuerdo-in-extremis-entre-diaz-y-montero-para-que-los-preceptores-del-smi-no-tributen-este-ano\\\/\"},\"author\":{\"name\":\"redaccio\",\"@id\":\"https:\\\/\\\/www.eltriangle.eu\\\/es\\\/#\\\/schema\\\/person\\\/7e5bff7fe0202e362b26fcec2bd6f383\"},\"headline\":\"Acuerdo &#8216;in extremis&#8217; entre D\u00edaz y Montero para que los preceptores del SMI no tributen este a\u00f1o\",\"datePublished\":\"2025-03-28T09:30:39+00:00\",\"dateModified\":\"2025-03-28T12:28:42+00:00\",\"mainEntityOfPage\":{\"@id\":\"https:\\\/\\\/www.eltriangle.eu\\\/es\\\/2025\\\/03\\\/28\\\/acuerdo-in-extremis-entre-diaz-y-montero-para-que-los-preceptores-del-smi-no-tributen-este-ano\\\/\"},\"wordCount\":234,\"commentCount\":0,\"publisher\":{\"@id\":\"https:\\\/\\\/www.eltriangle.eu\\\/es\\\/#organization\"},\"image\":{\"@id\":\"https:\\\/\\\/www.eltriangle.eu\\\/es\\\/2025\\\/03\\\/28\\\/acuerdo-in-extremis-entre-diaz-y-montero-para-que-los-preceptores-del-smi-no-tributen-este-ano\\\/#primaryimage\"},\"thumbnailUrl\":\"https:\\\/\\\/www.eltriangle.eu\\\/wp-content\\\/uploads\\\/2025\\\/03\\\/b4c6b8ae-3a1c-475e-9274-e7808aa78ae8-e1743156769440.jpg\",\"keywords\":[\"IPRF\",\"Mar\u00eda Jes\u00fas Montero\",\"Salario M\u00ednimo Interprofesional (SMI)\",\"Yolanda D\u00edaz\"],\"articleSection\":[\"Actualidad\",\"Economia\",\"Poderes\"],\"inLanguage\":\"es\",\"potentialAction\":[{\"@type\":\"CommentAction\",\"name\":\"Comment\",\"target\":[\"https:\\\/\\\/www.eltriangle.eu\\\/es\\\/2025\\\/03\\\/28\\\/acuerdo-in-extremis-entre-diaz-y-montero-para-que-los-preceptores-del-smi-no-tributen-este-ano\\\/#respond\"]}]},{\"@type\":\"WebPage\",\"@id\":\"https:\\\/\\\/www.eltriangle.eu\\\/es\\\/2025\\\/03\\\/28\\\/acuerdo-in-extremis-entre-diaz-y-montero-para-que-los-preceptores-del-smi-no-tributen-este-ano\\\/\",\"url\":\"https:\\\/\\\/www.eltriangle.eu\\\/es\\\/2025\\\/03\\\/28\\\/acuerdo-in-extremis-entre-diaz-y-montero-para-que-los-preceptores-del-smi-no-tributen-este-ano\\\/\",\"name\":\"Acuerdo 'in extremis' entre D\u00edaz y Montero para que los preceptores del SMI no tributen este a\u00f1o - El Triangle\",\"isPartOf\":{\"@id\":\"https:\\\/\\\/www.eltriangle.eu\\\/es\\\/#website\"},\"primaryImageOfPage\":{\"@id\":\"https:\\\/\\\/www.eltriangle.eu\\\/es\\\/2025\\\/03\\\/28\\\/acuerdo-in-extremis-entre-diaz-y-montero-para-que-los-preceptores-del-smi-no-tributen-este-ano\\\/#primaryimage\"},\"image\":{\"@id\":\"https:\\\/\\\/www.eltriangle.eu\\\/es\\\/2025\\\/03\\\/28\\\/acuerdo-in-extremis-entre-diaz-y-montero-para-que-los-preceptores-del-smi-no-tributen-este-ano\\\/#primaryimage\"},\"thumbnailUrl\":\"https:\\\/\\\/www.eltriangle.eu\\\/wp-content\\\/uploads\\\/2025\\\/03\\\/b4c6b8ae-3a1c-475e-9274-e7808aa78ae8-e1743156769440.jpg\",\"datePublished\":\"2025-03-28T09:30:39+00:00\",\"dateModified\":\"2025-03-28T12:28:42+00:00\",\"description\":\"Los ministerios de Hacienda y de Trabajo han llegado a un acuerdo in extremis para que los preceptores del Salario M\u00ednimo Interprofesional (SMI) queden\",\"breadcrumb\":{\"@id\":\"https:\\\/\\\/www.eltriangle.eu\\\/es\\\/2025\\\/03\\\/28\\\/acuerdo-in-extremis-entre-diaz-y-montero-para-que-los-preceptores-del-smi-no-tributen-este-ano\\\/#breadcrumb\"},\"inLanguage\":\"es\",\"potentialAction\":[{\"@type\":\"ReadAction\",\"target\":[\"https:\\\/\\\/www.eltriangle.eu\\\/es\\\/2025\\\/03\\\/28\\\/acuerdo-in-extremis-entre-diaz-y-montero-para-que-los-preceptores-del-smi-no-tributen-este-ano\\\/\"]}]},{\"@type\":\"ImageObject\",\"inLanguage\":\"es\",\"@id\":\"https:\\\/\\\/www.eltriangle.eu\\\/es\\\/2025\\\/03\\\/28\\\/acuerdo-in-extremis-entre-diaz-y-montero-para-que-los-preceptores-del-smi-no-tributen-este-ano\\\/#primaryimage\",\"url\":\"https:\\\/\\\/www.eltriangle.eu\\\/wp-content\\\/uploads\\\/2025\\\/03\\\/b4c6b8ae-3a1c-475e-9274-e7808aa78ae8-e1743156769440.jpg\",\"contentUrl\":\"https:\\\/\\\/www.eltriangle.eu\\\/wp-content\\\/uploads\\\/2025\\\/03\\\/b4c6b8ae-3a1c-475e-9274-e7808aa78ae8-e1743156769440.jpg\",\"width\":1200,\"height\":900,\"caption\":\"La ministra de Hacienda y vicepresidenta primera del gobierno espa\u00f1ol, Mar\u00eda Jes\u00fas Montero, y la ministra de Trabajo y vicepresidenta segunda, Yolanda D\u00edaz, en el Congreso (Congreso de los Diputados)\"},{\"@type\":\"BreadcrumbList\",\"@id\":\"https:\\\/\\\/www.eltriangle.eu\\\/es\\\/2025\\\/03\\\/28\\\/acuerdo-in-extremis-entre-diaz-y-montero-para-que-los-preceptores-del-smi-no-tributen-este-ano\\\/#breadcrumb\",\"itemListElement\":[{\"@type\":\"ListItem\",\"position\":1,\"name\":\"Portada\",\"item\":\"https:\\\/\\\/www.eltriangle.eu\\\/es\\\/\"},{\"@type\":\"ListItem\",\"position\":2,\"name\":\"Acuerdo &#8216;in extremis&#8217; entre D\u00edaz y Montero para que los preceptores del SMI no tributen este a\u00f1o\"}]},{\"@type\":\"WebSite\",\"@id\":\"https:\\\/\\\/www.eltriangle.eu\\\/es\\\/#website\",\"url\":\"https:\\\/\\\/www.eltriangle.eu\\\/es\\\/\",\"name\":\"El Triangle\",\"description\":\"El Triangle \u00e9s un Diari d&#039;informaci\u00f3 general, editat a Catalunya i escrit en llengua catalana, especialitzat en investigaci\u00f3 period\u00edstica\",\"publisher\":{\"@id\":\"https:\\\/\\\/www.eltriangle.eu\\\/es\\\/#organization\"},\"potentialAction\":[{\"@type\":\"SearchAction\",\"target\":{\"@type\":\"EntryPoint\",\"urlTemplate\":\"https:\\\/\\\/www.eltriangle.eu\\\/es\\\/?s={search_term_string}\"},\"query-input\":{\"@type\":\"PropertyValueSpecification\",\"valueRequired\":true,\"valueName\":\"search_term_string\"}}],\"inLanguage\":\"es\"},{\"@type\":[\"Organization\",\"NewsMediaOrganization\"],\"@id\":\"https:\\\/\\\/www.eltriangle.eu\\\/es\\\/#organization\",\"name\":\"El Triangle\",\"url\":\"https:\\\/\\\/www.eltriangle.eu\\\/es\\\/\",\"logo\":{\"@type\":\"ImageObject\",\"inLanguage\":\"es\",\"@id\":\"https:\\\/\\\/www.eltriangle.eu\\\/es\\\/#\\\/schema\\\/logo\\\/image\\\/\",\"url\":\"https:\\\/\\\/www.eltriangle.eu\\\/wp-content\\\/uploads\\\/2020\\\/11\\\/triangle_logo-ajustado.jpg\",\"contentUrl\":\"https:\\\/\\\/www.eltriangle.eu\\\/wp-content\\\/uploads\\\/2020\\\/11\\\/triangle_logo-ajustado.jpg\",\"width\":521,\"height\":92,\"caption\":\"El Triangle\"},\"image\":{\"@id\":\"https:\\\/\\\/www.eltriangle.eu\\\/es\\\/#\\\/schema\\\/logo\\\/image\\\/\"},\"sameAs\":[\"https:\\\/\\\/www.facebook.com\\\/El-Triangle-Diari-101787399020302\",\"https:\\\/\\\/x.com\\\/El_Triangle\",\"https:\\\/\\\/www.youtube.com\\\/channel\\\/UCTIjmYEMYSpdGonuAgNhbcg\"]},{\"@type\":\"Person\",\"@id\":\"https:\\\/\\\/www.eltriangle.eu\\\/es\\\/#\\\/schema\\\/person\\\/7e5bff7fe0202e362b26fcec2bd6f383\",\"name\":\"redaccio\",\"image\":{\"@type\":\"ImageObject\",\"inLanguage\":\"es\",\"@id\":\"\\\/\\\/www.gravatar.com\\\/avatar\\\/5661b3e51fe6027f31ed1f408d22a917?s=96&#038;r=g&#038;d=mm\",\"url\":\"\\\/\\\/www.gravatar.com\\\/avatar\\\/5661b3e51fe6027f31ed1f408d22a917?s=96&#038;r=g&#038;d=mm\",\"contentUrl\":\"\\\/\\\/www.gravatar.com\\\/avatar\\\/5661b3e51fe6027f31ed1f408d22a917?s=96&#038;r=g&#038;d=mm\",\"caption\":\"redaccio\"},\"url\":\"https:\\\/\\\/www.eltriangle.eu\\\/es\\\/author\\\/redaccio\\\/\"},{\"@type\":\"SiteNavigationElement\",\"@id\":\"https:\\\/\\\/www.eltriangle.eu\\\/es\\\/#site-navigation\",\"cssSelector\":[\".cib-main-menu\"]},{\"@type\":\"WPHeader\",\"@id\":\"https:\\\/\\\/www.eltriangle.eu\\\/es\\\/#header\",\"cssSelector\":[\".cib-header\"]},{\"@type\":\"WPFooter\",\"@id\":\"https:\\\/\\\/www.eltriangle.eu\\\/es\\\/#footer\",\"cssSelector\":[\".cib-footer\"]}]}<\/script>\n<!-- \/ Yoast SEO plugin. -->","yoast_head_json":{"title":"Acuerdo 'in extremis' entre D\u00edaz y Montero para que los preceptores del SMI no tributen este a\u00f1o - El Triangle","description":"Los ministerios de Hacienda y de Trabajo han llegado a un acuerdo in extremis para que los preceptores del Salario M\u00ednimo Interprofesional (SMI) queden","robots":{"index":"index","follow":"follow","max-snippet":"max-snippet:-1","max-image-preview":"max-image-preview:large","max-video-preview":"max-video-preview:-1"},"canonical":"https:\/\/www.eltriangle.eu\/es\/2025\/03\/28\/acuerdo-in-extremis-entre-diaz-y-montero-para-que-los-preceptores-del-smi-no-tributen-este-ano\/","og_locale":"es_ES","og_type":"article","og_title":"Acuerdo 'in extremis' entre D\u00edaz y Montero para que los preceptores del SMI no tributen este a\u00f1o - El Triangle","og_description":"Los ministerios de Hacienda y de Trabajo han llegado a un acuerdo in extremis para que los preceptores del Salario M\u00ednimo Interprofesional (SMI) queden","og_url":"https:\/\/www.eltriangle.eu\/es\/2025\/03\/28\/acuerdo-in-extremis-entre-diaz-y-montero-para-que-los-preceptores-del-smi-no-tributen-este-ano\/","og_site_name":"El Triangle","article_publisher":"https:\/\/www.facebook.com\/El-Triangle-Diari-101787399020302","article_published_time":"2025-03-28T09:30:39+00:00","article_modified_time":"2025-03-28T12:28:42+00:00","og_image":[{"width":1200,"height":900,"url":"https:\/\/www.eltriangle.eu\/wp-content\/uploads\/2025\/03\/b4c6b8ae-3a1c-475e-9274-e7808aa78ae8-e1743156769440.jpg","type":"image\/jpeg"}],"author":"redaccio","twitter_card":"summary_large_image","twitter_creator":"@El_Triangle","twitter_site":"@El_Triangle","twitter_misc":{"Escrito por":"redaccio","Tiempo de lectura":"1 minuto"},"schema":{"@context":"https:\/\/schema.org","@graph":[{"@type":"NewsArticle","@id":"https:\/\/www.eltriangle.eu\/es\/2025\/03\/28\/acuerdo-in-extremis-entre-diaz-y-montero-para-que-los-preceptores-del-smi-no-tributen-este-ano\/#article","isPartOf":{"@id":"https:\/\/www.eltriangle.eu\/es\/2025\/03\/28\/acuerdo-in-extremis-entre-diaz-y-montero-para-que-los-preceptores-del-smi-no-tributen-este-ano\/"},"author":{"name":"redaccio","@id":"https:\/\/www.eltriangle.eu\/es\/#\/schema\/person\/7e5bff7fe0202e362b26fcec2bd6f383"},"headline":"Acuerdo &#8216;in extremis&#8217; entre D\u00edaz y Montero para que los preceptores del SMI no tributen este a\u00f1o","datePublished":"2025-03-28T09:30:39+00:00","dateModified":"2025-03-28T12:28:42+00:00","mainEntityOfPage":{"@id":"https:\/\/www.eltriangle.eu\/es\/2025\/03\/28\/acuerdo-in-extremis-entre-diaz-y-montero-para-que-los-preceptores-del-smi-no-tributen-este-ano\/"},"wordCount":234,"commentCount":0,"publisher":{"@id":"https:\/\/www.eltriangle.eu\/es\/#organization"},"image":{"@id":"https:\/\/www.eltriangle.eu\/es\/2025\/03\/28\/acuerdo-in-extremis-entre-diaz-y-montero-para-que-los-preceptores-del-smi-no-tributen-este-ano\/#primaryimage"},"thumbnailUrl":"https:\/\/www.eltriangle.eu\/wp-content\/uploads\/2025\/03\/b4c6b8ae-3a1c-475e-9274-e7808aa78ae8-e1743156769440.jpg","keywords":["IPRF","Mar\u00eda Jes\u00fas Montero","Salario M\u00ednimo Interprofesional (SMI)","Yolanda D\u00edaz"],"articleSection":["Actualidad","Economia","Poderes"],"inLanguage":"es","potentialAction":[{"@type":"CommentAction","name":"Comment","target":["https:\/\/www.eltriangle.eu\/es\/2025\/03\/28\/acuerdo-in-extremis-entre-diaz-y-montero-para-que-los-preceptores-del-smi-no-tributen-este-ano\/#respond"]}]},{"@type":"WebPage","@id":"https:\/\/www.eltriangle.eu\/es\/2025\/03\/28\/acuerdo-in-extremis-entre-diaz-y-montero-para-que-los-preceptores-del-smi-no-tributen-este-ano\/","url":"https:\/\/www.eltriangle.eu\/es\/2025\/03\/28\/acuerdo-in-extremis-entre-diaz-y-montero-para-que-los-preceptores-del-smi-no-tributen-este-ano\/","name":"Acuerdo 'in extremis' entre D\u00edaz y Montero para que los preceptores del SMI no tributen este a\u00f1o - El Triangle","isPartOf":{"@id":"https:\/\/www.eltriangle.eu\/es\/#website"},"primaryImageOfPage":{"@id":"https:\/\/www.eltriangle.eu\/es\/2025\/03\/28\/acuerdo-in-extremis-entre-diaz-y-montero-para-que-los-preceptores-del-smi-no-tributen-este-ano\/#primaryimage"},"image":{"@id":"https:\/\/www.eltriangle.eu\/es\/2025\/03\/28\/acuerdo-in-extremis-entre-diaz-y-montero-para-que-los-preceptores-del-smi-no-tributen-este-ano\/#primaryimage"},"thumbnailUrl":"https:\/\/www.eltriangle.eu\/wp-content\/uploads\/2025\/03\/b4c6b8ae-3a1c-475e-9274-e7808aa78ae8-e1743156769440.jpg","datePublished":"2025-03-28T09:30:39+00:00","dateModified":"2025-03-28T12:28:42+00:00","description":"Los ministerios de Hacienda y de Trabajo han llegado a un acuerdo in extremis para que los preceptores del Salario M\u00ednimo Interprofesional (SMI) queden","breadcrumb":{"@id":"https:\/\/www.eltriangle.eu\/es\/2025\/03\/28\/acuerdo-in-extremis-entre-diaz-y-montero-para-que-los-preceptores-del-smi-no-tributen-este-ano\/#breadcrumb"},"inLanguage":"es","potentialAction":[{"@type":"ReadAction","target":["https:\/\/www.eltriangle.eu\/es\/2025\/03\/28\/acuerdo-in-extremis-entre-diaz-y-montero-para-que-los-preceptores-del-smi-no-tributen-este-ano\/"]}]},{"@type":"ImageObject","inLanguage":"es","@id":"https:\/\/www.eltriangle.eu\/es\/2025\/03\/28\/acuerdo-in-extremis-entre-diaz-y-montero-para-que-los-preceptores-del-smi-no-tributen-este-ano\/#primaryimage","url":"https:\/\/www.eltriangle.eu\/wp-content\/uploads\/2025\/03\/b4c6b8ae-3a1c-475e-9274-e7808aa78ae8-e1743156769440.jpg","contentUrl":"https:\/\/www.eltriangle.eu\/wp-content\/uploads\/2025\/03\/b4c6b8ae-3a1c-475e-9274-e7808aa78ae8-e1743156769440.jpg","width":1200,"height":900,"caption":"La ministra de Hacienda y vicepresidenta primera del gobierno espa\u00f1ol, Mar\u00eda Jes\u00fas Montero, y la ministra de Trabajo y vicepresidenta segunda, Yolanda D\u00edaz, en el Congreso (Congreso de los Diputados)"},{"@type":"BreadcrumbList","@id":"https:\/\/www.eltriangle.eu\/es\/2025\/03\/28\/acuerdo-in-extremis-entre-diaz-y-montero-para-que-los-preceptores-del-smi-no-tributen-este-ano\/#breadcrumb","itemListElement":[{"@type":"ListItem","position":1,"name":"Portada","item":"https:\/\/www.eltriangle.eu\/es\/"},{"@type":"ListItem","position":2,"name":"Acuerdo &#8216;in extremis&#8217; entre D\u00edaz y Montero para que los preceptores del SMI no tributen este a\u00f1o"}]},{"@type":"WebSite","@id":"https:\/\/www.eltriangle.eu\/es\/#website","url":"https:\/\/www.eltriangle.eu\/es\/","name":"El Triangle","description":"El Triangle \u00e9s un Diari d&#039;informaci\u00f3 general, editat a Catalunya i escrit en llengua catalana, especialitzat en investigaci\u00f3 period\u00edstica","publisher":{"@id":"https:\/\/www.eltriangle.eu\/es\/#organization"},"potentialAction":[{"@type":"SearchAction","target":{"@type":"EntryPoint","urlTemplate":"https:\/\/www.eltriangle.eu\/es\/?s={search_term_string}"},"query-input":{"@type":"PropertyValueSpecification","valueRequired":true,"valueName":"search_term_string"}}],"inLanguage":"es"},{"@type":["Organization","NewsMediaOrganization"],"@id":"https:\/\/www.eltriangle.eu\/es\/#organization","name":"El Triangle","url":"https:\/\/www.eltriangle.eu\/es\/","logo":{"@type":"ImageObject","inLanguage":"es","@id":"https:\/\/www.eltriangle.eu\/es\/#\/schema\/logo\/image\/","url":"https:\/\/www.eltriangle.eu\/wp-content\/uploads\/2020\/11\/triangle_logo-ajustado.jpg","contentUrl":"https:\/\/www.eltriangle.eu\/wp-content\/uploads\/2020\/11\/triangle_logo-ajustado.jpg","width":521,"height":92,"caption":"El Triangle"},"image":{"@id":"https:\/\/www.eltriangle.eu\/es\/#\/schema\/logo\/image\/"},"sameAs":["https:\/\/www.facebook.com\/El-Triangle-Diari-101787399020302","https:\/\/x.com\/El_Triangle","https:\/\/www.youtube.com\/channel\/UCTIjmYEMYSpdGonuAgNhbcg"]},{"@type":"Person","@id":"https:\/\/www.eltriangle.eu\/es\/#\/schema\/person\/7e5bff7fe0202e362b26fcec2bd6f383","name":"redaccio","image":{"@type":"ImageObject","inLanguage":"es","@id":"\/\/www.gravatar.com\/avatar\/5661b3e51fe6027f31ed1f408d22a917?s=96&#038;r=g&#038;d=mm","url":"\/\/www.gravatar.com\/avatar\/5661b3e51fe6027f31ed1f408d22a917?s=96&#038;r=g&#038;d=mm","contentUrl":"\/\/www.gravatar.com\/avatar\/5661b3e51fe6027f31ed1f408d22a917?s=96&#038;r=g&#038;d=mm","caption":"redaccio"},"url":"https:\/\/www.eltriangle.eu\/es\/author\/redaccio\/"},{"@type":"SiteNavigationElement","@id":"https:\/\/www.eltriangle.eu\/es\/#site-navigation","cssSelector":[".cib-main-menu"]},{"@type":"WPHeader","@id":"https:\/\/www.eltriangle.eu\/es\/#header","cssSelector":[".cib-header"]},{"@type":"WPFooter","@id":"https:\/\/www.eltriangle.eu\/es\/#footer","cssSelector":[".cib-footer"]}]}},"amp_enabled":true,"_links":{"self":[{"href":"https:\/\/www.eltriangle.eu\/es\/wp-json\/wp\/v2\/posts\/311973","targetHints":{"allow":["GET"]}}],"collection":[{"href":"https:\/\/www.eltriangle.eu\/es\/wp-json\/wp\/v2\/posts"}],"about":[{"href":"https:\/\/www.eltriangle.eu\/es\/wp-json\/wp\/v2\/types\/post"}],"author":[{"embeddable":true,"href":"https:\/\/www.eltriangle.eu\/es\/wp-json\/wp\/v2\/users\/93"}],"replies":[{"embeddable":true,"href":"https:\/\/www.eltriangle.eu\/es\/wp-json\/wp\/v2\/comments?post=311973"}],"version-history":[{"count":0,"href":"https:\/\/www.eltriangle.eu\/es\/wp-json\/wp\/v2\/posts\/311973\/revisions"}],"wp:featuredmedia":[{"embeddable":true,"href":"https:\/\/www.eltriangle.eu\/es\/wp-json\/wp\/v2\/media\/311968"}],"wp:attachment":[{"href":"https:\/\/www.eltriangle.eu\/es\/wp-json\/wp\/v2\/media?parent=311973"}],"wp:term":[{"taxonomy":"category","embeddable":true,"href":"https:\/\/www.eltriangle.eu\/es\/wp-json\/wp\/v2\/categories?post=311973"},{"taxonomy":"post_tag","embeddable":true,"href":"https:\/\/www.eltriangle.eu\/es\/wp-json\/wp\/v2\/tags?post=311973"}],"curies":[{"name":"wp","href":"https:\/\/api.w.org\/{rel}","templated":true}]}}