{"id":311955,"date":"2025-03-28T10:33:41","date_gmt":"2025-03-28T09:33:41","guid":{"rendered":null},"modified":"2025-03-28T10:33:41","modified_gmt":"2025-03-28T09:33:41","slug":"laporta-y-birladeanu-ningunearon-a-parlem-para-dejarlo-fuera-del-barca-mobile","status":"publish","type":"post","link":"https:\/\/www.eltriangle.eu\/es\/2025\/03\/28\/laporta-y-birladeanu-ningunearon-a-parlem-para-dejarlo-fuera-del-barca-mobile\/","title":{"rendered":"Laporta y Birladeanu ningunearon a Parlem para dejarlo fuera del Bar\u00e7a Mobile"},"content":{"rendered":"<p>La exhibici\u00f3n de favoritismo de<strong> Joan Laporta<\/strong> hacia su nuevo mejor amigo en los negocios del Bar\u00e7a, <strong>Ruslan Birladeanu<\/strong>, est\u00e1 a punto de provocar otro de esos conflictos que afectan doblemente a la estructura financiera del club y a su propia imagen. En este caso, por haberle dado una patada comercial y \u00e9tica al operador catal\u00e1n <strong>Parlem<\/strong> en beneficio de una arriesgada iniciativa propia en materia de telefon\u00eda y servicios, <strong>Bar\u00e7a Mobile<\/strong>, que <strong>podr\u00eda acabar en un pleito por la paternidad del proyecto<\/strong>.<\/p>\n<p>El caso es que nuevas investigaciones period\u00edsticas sobre Ruslan Birladeanu han conducido a otra revelaci\u00f3n sorprendente, en este caso relacionada con Bar\u00e7a Mobile, uno de los tres contratos cerrados con Laporta con <strong>New Era Visionary Group (NEVG)<\/strong>, una compa\u00f1\u00eda fundada hace menos de un a\u00f1o con un capital de 3.000 euros. A pesar de este minimalismo de su capital, de sus recursos y de su demostrada inexperiencia en el sector de las telecomunicaciones y de la comercializaci\u00f3n de entradas para grandes espect\u00e1culos, NEVG ha contratado a <strong>MasOrange<\/strong> para desarrollar la cobertura 5G del futuro<strong> Espai Bar\u00e7a<\/strong> y ha avanzado 28 millones de 72 millones por m\u00e1s de 300 asientos VIP del Spotify por 30 a\u00f1os. Estas dos operaciones han dejado alucinados y fuera de combate a los gigantes del sector que tambi\u00e9n pujaban por ese contrato tan t\u00e9cnico, como <strong>Cellnex<\/strong> o <strong>Telef\u00f3nica<\/strong>, y, por la parte que le toca, a <strong>LaLiga<\/strong> de <strong>Javier Tebas<\/strong>, que ha trasladado al <strong>Consejo Superior de Deportes<\/strong> sus dudas m\u00e1s que razonables y sospechas fundadas de ser otra broma financiera de mal gusto propia de Laporta al estilo Bar\u00e7a Vision.<\/p>\n<p>Sobre Bar\u00e7a Mobile, el proyecto consiste en ofrecer a los socios y seguidores del Bar\u00e7a \u00abtarifas m\u00f3viles, servicios de datos y fibra \u00f3ptica, entre otras posibilidades, adem\u00e1s de <em>roaming<\/em> con ventajas y descuentos especiales\u00bb. Una iniciativa l\u00f3gica e interesante en origen aunque ahora salpicada por un posible esc\u00e1ndalo tras ponerse al descubierto una trama de lo que podr\u00eda ser un caso de plagio o de <em>secuestro<\/em>\u00a0industrial por parte de NEVG en nombre y representaci\u00f3n del FC Barcelona.<\/p>\n<p>Los hechos contrastados por<em> El Peri\u00f3dico<\/em> y el diario <em>Ara<\/em> se sit\u00faan en el tiempo antes de que NEVG procediera al anuncio de Bar\u00e7a Mobile, al parecer en los mismos t\u00e9rminos, especificaciones y alcance de un proyecto id\u00e9ntico que el operador catal\u00e1n Parlem hab\u00eda presentado al club. Seg\u00fan estas fuentes, adem\u00e1s del rechazo a la propuesta de Parlem, el club asumi\u00f3 como propia una oferta casi id\u00e9ntica, por no decir gemela, adem\u00e1s de contratar a tres altos cargos de Parlem, responsables de haberla definido y personalizado para ofrecerla a los socios y seguidores azulgrana. Uno de los tres especialistas fichado&#8217; para Bar\u00e7a Mobile hab\u00eda sido precisamente uno de los ponentes de Parlem en la presentaci\u00f3n ante el Bar\u00e7a.<\/p>\n<p><strong>Los hechos y su secuencia son lo bastante elocuentes<\/strong> como para suponer, por parte de Parlem, la operadora catalana que habr\u00eda sido la gran afectada por esta jugarreta comercial, que Bar\u00e7a Mobile se parecer\u00e1 bastante a su proposici\u00f3n orientada a que la afici\u00f3n barcelonista pudiera elegir servicios personalizados en clave Bar\u00e7a en materia de telefon\u00eda y la tecnolog\u00eda asociada a nivel de usuario.<\/p>\n<p>Una vez consultada, Parlem, ha dejado abierta <strong>su determinaci\u00f3n de demandar al club<\/strong> por Bar\u00e7a Mobile si su equipo legal ve indicios probados de que ha sido copiado de su propuesta primera, sobre todo con el argumento de que tres desarrolladores de su equipo fueron tentados y contratados por el Bar\u00e7a desde Parlem para implementar un producto id\u00e9ntico si se diera el caso.<\/p>\n<p>Lo que s\u00ed es indiscutible es<strong> la falsa atribuci\u00f3n por parte del FC Barcelona<\/strong> de que New Era Visionary Group era \u00abl\u00edder mundial en conectividad e integraciones de infraestrtucturas\u00bb cuando hizo p\u00fablico el acuerdo con el club el 21 de noviembre de 2024. En realidad, New Era Visionary Group <strong>no es m\u00e1s que una tapadera laportista<\/strong> que le ha permitido al presidente elegir a quien le conven\u00eda como contratista para los servicios tecnol\u00f3gicos en telecomunicaciones para el nuevo estadio y para ese probable negocio que deber\u00eda ser Bar\u00e7a Mobile.<\/p>\n<p>Laporta sugiri\u00f3 a <strong>Limak<\/strong>, la constructora turca responsable de entregar el nuevo Spotify completamente operativo, la elecci\u00f3n de New Era Visionary Group para intermediar y supervisar en este \u00e1mbito, de forma que fue esta sociedad y no el Bar\u00e7a la que decidi\u00f3, tambi\u00e9n unilateralmente, sin intervenci\u00f3n directa del club ni de la directiva azulgrana, que el pastel se lo llevara MasOrange y que Bar\u00e7a Mobile pueda acabar siendo un gran negocio para NEVG con permiso de Parlem, en funci\u00f3n de si se detecta y puede demostrar que ha habido una imitaci\u00f3n exagerada.<\/p>\n<p>M\u00e1s all\u00e1 de que el Bar\u00e7a de Laporta le haya dado la espalda -y algo m\u00e1s- a un operador catal\u00e1n como Parlem, que ya hab\u00eda colaborado con el Bar\u00e7a cuando el actual presidente volvi\u00f3 al palco y decidi\u00f3 cortar con Telef\u00f3nica, las primeras consecuencias de su estrecha relaci\u00f3n con Ruslan Birladeanu, el empresario moldavo que nunca hab\u00eda iniciado ni progresado en negocios vinculados a ambos sectores, telecomunicaciones y explotaci\u00f3n de entradas de lujo en la alta competici\u00f3n de f\u00fatbol, <strong>est\u00e1n proyectando una imagen extremadamente perjudicial de la instituci\u00f3n azulgrana<\/strong> desde que se supo, porque a petici\u00f3n expresa de Laporta deb\u00eda ser absolutamente confidencial,<strong> el origen sospechoso del dinero de la operaci\u00f3n Olmo<\/strong>, que Ruslan Birladeanu era solamente una tapadera.<\/p>\n","protected":false},"excerpt":{"rendered":"<p>La exhibici\u00f3n de favoritismo de Joan Laporta hacia su nuevo mejor amigo en los negocios del Bar\u00e7a, Ruslan Birladeanu, est\u00e1 a punto de provocar otro de esos conflictos que afectan doblemente a la estructura financiera del club y a su propia imagen. En este caso, por haberle dado una patada comercial y \u00e9tica al operador &#8230; <a title=\"Laporta y Birladeanu ningunearon a Parlem para dejarlo fuera del Bar\u00e7a Mobile\" class=\"read-more\" href=\"https:\/\/www.eltriangle.eu\/es\/2025\/03\/28\/laporta-y-birladeanu-ningunearon-a-parlem-para-dejarlo-fuera-del-barca-mobile\/\" aria-label=\"Leer m\u00e1s sobre Laporta y Birladeanu ningunearon a Parlem para dejarlo fuera del Bar\u00e7a Mobile\">Leer m\u00e1s<\/a><\/p>\n","protected":false},"author":2,"featured_media":305991,"comment_status":"open","ping_status":"closed","sticky":false,"template":"","format":"standard","meta":{"_acf_changed":false,"pmpro_default_level":"","footnotes":""},"categories":[966],"tags":[563,233,6717],"class_list":["post-311955","post","type-post","status-publish","format-standard","has-post-thumbnail","hentry","category-clamnou-es","tag-fc-barcelona-es","tag-joan-laporta-es","tag-ruslan-birladeanu-es","lh_instant_articles-syndicate-yes","pmpro-has-access"],"acf":[],"yoast_head":"<!-- This site is optimized with the Yoast SEO plugin v27.4 - https:\/\/yoast.com\/product\/yoast-seo-wordpress\/ -->\n<title>Laporta y Birladeanu ningunearon a Parlem para dejarlo fuera del Bar\u00e7a Mobile - El Triangle<\/title>\n<meta name=\"description\" content=\"La exhibici\u00f3n de favoritismo de Joan Laporta hacia su nuevo mejor amigo en los negocios del Bar\u00e7a, Ruslan Birladeanu, est\u00e1 a punto de provocar otro de\" class=\"yoast-seo-meta-tag\" \/>\n<meta name=\"robots\" content=\"index, follow, max-snippet:-1, max-image-preview:large, max-video-preview:-1\" \/>\n<link rel=\"canonical\" href=\"https:\/\/www.eltriangle.eu\/es\/2025\/03\/28\/laporta-y-birladeanu-ningunearon-a-parlem-para-dejarlo-fuera-del-barca-mobile\/\" class=\"yoast-seo-meta-tag\" \/>\n<meta property=\"og:locale\" content=\"es_ES\" class=\"yoast-seo-meta-tag\" \/>\n<meta property=\"og:type\" content=\"article\" class=\"yoast-seo-meta-tag\" \/>\n<meta property=\"og:title\" content=\"Laporta y Birladeanu ningunearon a Parlem para dejarlo fuera del Bar\u00e7a Mobile - El Triangle\" class=\"yoast-seo-meta-tag\" \/>\n<meta property=\"og:description\" content=\"La exhibici\u00f3n de favoritismo de Joan Laporta hacia su nuevo mejor amigo en los negocios del Bar\u00e7a, Ruslan Birladeanu, est\u00e1 a punto de provocar otro de\" class=\"yoast-seo-meta-tag\" \/>\n<meta property=\"og:url\" content=\"https:\/\/www.eltriangle.eu\/es\/2025\/03\/28\/laporta-y-birladeanu-ningunearon-a-parlem-para-dejarlo-fuera-del-barca-mobile\/\" class=\"yoast-seo-meta-tag\" \/>\n<meta property=\"og:site_name\" content=\"El Triangle\" class=\"yoast-seo-meta-tag\" \/>\n<meta property=\"article:publisher\" content=\"https:\/\/www.facebook.com\/El-Triangle-Diari-101787399020302\" class=\"yoast-seo-meta-tag\" \/>\n<meta property=\"article:published_time\" content=\"2025-03-28T09:33:41+00:00\" class=\"yoast-seo-meta-tag\" \/>\n<meta property=\"og:image\" content=\"https:\/\/www.eltriangle.eu\/wp-content\/uploads\/2025\/02\/ruslan-birladeanu-foto-ruslan-birladeanu-linkedin.jpg\" class=\"yoast-seo-meta-tag\" \/>\n\t<meta property=\"og:image:width\" content=\"766\" class=\"yoast-seo-meta-tag\" \/>\n\t<meta property=\"og:image:height\" content=\"420\" class=\"yoast-seo-meta-tag\" \/>\n\t<meta property=\"og:image:type\" content=\"image\/jpeg\" class=\"yoast-seo-meta-tag\" \/>\n<meta name=\"author\" content=\"Redacci\u00f3n\" class=\"yoast-seo-meta-tag\" \/>\n<meta name=\"twitter:card\" content=\"summary_large_image\" class=\"yoast-seo-meta-tag\" \/>\n<meta name=\"twitter:creator\" content=\"@El_Triangle\" class=\"yoast-seo-meta-tag\" \/>\n<meta name=\"twitter:site\" content=\"@El_Triangle\" class=\"yoast-seo-meta-tag\" \/>\n<meta name=\"twitter:label1\" content=\"Escrito por\" class=\"yoast-seo-meta-tag\" \/>\n\t<meta name=\"twitter:data1\" content=\"Redacci\u00f3n\" class=\"yoast-seo-meta-tag\" \/>\n\t<meta name=\"twitter:label2\" content=\"Tiempo de lectura\" class=\"yoast-seo-meta-tag\" \/>\n\t<meta name=\"twitter:data2\" content=\"5 minutos\" class=\"yoast-seo-meta-tag\" \/>\n<script type=\"application\/ld+json\" class=\"yoast-schema-graph\">{\"@context\":\"https:\\\/\\\/schema.org\",\"@graph\":[{\"@type\":\"NewsArticle\",\"@id\":\"https:\\\/\\\/www.eltriangle.eu\\\/es\\\/2025\\\/03\\\/28\\\/laporta-y-birladeanu-ningunearon-a-parlem-para-dejarlo-fuera-del-barca-mobile\\\/#article\",\"isPartOf\":{\"@id\":\"https:\\\/\\\/www.eltriangle.eu\\\/es\\\/2025\\\/03\\\/28\\\/laporta-y-birladeanu-ningunearon-a-parlem-para-dejarlo-fuera-del-barca-mobile\\\/\"},\"author\":{\"name\":\"Redacci\u00f3n\",\"@id\":\"https:\\\/\\\/www.eltriangle.eu\\\/es\\\/#\\\/schema\\\/person\\\/164a138451b4f28d35c3f5984dac8e18\"},\"headline\":\"Laporta y Birladeanu ningunearon a Parlem para dejarlo fuera del Bar\u00e7a Mobile\",\"datePublished\":\"2025-03-28T09:33:41+00:00\",\"mainEntityOfPage\":{\"@id\":\"https:\\\/\\\/www.eltriangle.eu\\\/es\\\/2025\\\/03\\\/28\\\/laporta-y-birladeanu-ningunearon-a-parlem-para-dejarlo-fuera-del-barca-mobile\\\/\"},\"wordCount\":983,\"commentCount\":0,\"publisher\":{\"@id\":\"https:\\\/\\\/www.eltriangle.eu\\\/es\\\/#organization\"},\"image\":{\"@id\":\"https:\\\/\\\/www.eltriangle.eu\\\/es\\\/2025\\\/03\\\/28\\\/laporta-y-birladeanu-ningunearon-a-parlem-para-dejarlo-fuera-del-barca-mobile\\\/#primaryimage\"},\"thumbnailUrl\":\"https:\\\/\\\/www.eltriangle.eu\\\/wp-content\\\/uploads\\\/2025\\\/02\\\/ruslan-birladeanu-foto-ruslan-birladeanu-linkedin.jpg\",\"keywords\":[\"FC Barcelona\",\"Joan Laporta\",\"Ruslan Birladeanu\"],\"articleSection\":[\"ClamNou\"],\"inLanguage\":\"es\",\"potentialAction\":[{\"@type\":\"CommentAction\",\"name\":\"Comment\",\"target\":[\"https:\\\/\\\/www.eltriangle.eu\\\/es\\\/2025\\\/03\\\/28\\\/laporta-y-birladeanu-ningunearon-a-parlem-para-dejarlo-fuera-del-barca-mobile\\\/#respond\"]}]},{\"@type\":\"WebPage\",\"@id\":\"https:\\\/\\\/www.eltriangle.eu\\\/es\\\/2025\\\/03\\\/28\\\/laporta-y-birladeanu-ningunearon-a-parlem-para-dejarlo-fuera-del-barca-mobile\\\/\",\"url\":\"https:\\\/\\\/www.eltriangle.eu\\\/es\\\/2025\\\/03\\\/28\\\/laporta-y-birladeanu-ningunearon-a-parlem-para-dejarlo-fuera-del-barca-mobile\\\/\",\"name\":\"Laporta y Birladeanu ningunearon a Parlem para dejarlo fuera del Bar\u00e7a Mobile - El Triangle\",\"isPartOf\":{\"@id\":\"https:\\\/\\\/www.eltriangle.eu\\\/es\\\/#website\"},\"primaryImageOfPage\":{\"@id\":\"https:\\\/\\\/www.eltriangle.eu\\\/es\\\/2025\\\/03\\\/28\\\/laporta-y-birladeanu-ningunearon-a-parlem-para-dejarlo-fuera-del-barca-mobile\\\/#primaryimage\"},\"image\":{\"@id\":\"https:\\\/\\\/www.eltriangle.eu\\\/es\\\/2025\\\/03\\\/28\\\/laporta-y-birladeanu-ningunearon-a-parlem-para-dejarlo-fuera-del-barca-mobile\\\/#primaryimage\"},\"thumbnailUrl\":\"https:\\\/\\\/www.eltriangle.eu\\\/wp-content\\\/uploads\\\/2025\\\/02\\\/ruslan-birladeanu-foto-ruslan-birladeanu-linkedin.jpg\",\"datePublished\":\"2025-03-28T09:33:41+00:00\",\"description\":\"La exhibici\u00f3n de favoritismo de Joan Laporta hacia su nuevo mejor amigo en los negocios del Bar\u00e7a, Ruslan Birladeanu, est\u00e1 a punto de provocar otro de\",\"breadcrumb\":{\"@id\":\"https:\\\/\\\/www.eltriangle.eu\\\/es\\\/2025\\\/03\\\/28\\\/laporta-y-birladeanu-ningunearon-a-parlem-para-dejarlo-fuera-del-barca-mobile\\\/#breadcrumb\"},\"inLanguage\":\"es\",\"potentialAction\":[{\"@type\":\"ReadAction\",\"target\":[\"https:\\\/\\\/www.eltriangle.eu\\\/es\\\/2025\\\/03\\\/28\\\/laporta-y-birladeanu-ningunearon-a-parlem-para-dejarlo-fuera-del-barca-mobile\\\/\"]}]},{\"@type\":\"ImageObject\",\"inLanguage\":\"es\",\"@id\":\"https:\\\/\\\/www.eltriangle.eu\\\/es\\\/2025\\\/03\\\/28\\\/laporta-y-birladeanu-ningunearon-a-parlem-para-dejarlo-fuera-del-barca-mobile\\\/#primaryimage\",\"url\":\"https:\\\/\\\/www.eltriangle.eu\\\/wp-content\\\/uploads\\\/2025\\\/02\\\/ruslan-birladeanu-foto-ruslan-birladeanu-linkedin.jpg\",\"contentUrl\":\"https:\\\/\\\/www.eltriangle.eu\\\/wp-content\\\/uploads\\\/2025\\\/02\\\/ruslan-birladeanu-foto-ruslan-birladeanu-linkedin.jpg\",\"width\":766,\"height\":420,\"caption\":\"Ruslan B\u00eerl\u0103deanu - Foto: Ruslan B\u00eerl\u0103deanu (LinkedIn)\"},{\"@type\":\"BreadcrumbList\",\"@id\":\"https:\\\/\\\/www.eltriangle.eu\\\/es\\\/2025\\\/03\\\/28\\\/laporta-y-birladeanu-ningunearon-a-parlem-para-dejarlo-fuera-del-barca-mobile\\\/#breadcrumb\",\"itemListElement\":[{\"@type\":\"ListItem\",\"position\":1,\"name\":\"Portada\",\"item\":\"https:\\\/\\\/www.eltriangle.eu\\\/es\\\/\"},{\"@type\":\"ListItem\",\"position\":2,\"name\":\"Laporta y Birladeanu ningunearon a Parlem para dejarlo fuera del Bar\u00e7a Mobile\"}]},{\"@type\":\"WebSite\",\"@id\":\"https:\\\/\\\/www.eltriangle.eu\\\/es\\\/#website\",\"url\":\"https:\\\/\\\/www.eltriangle.eu\\\/es\\\/\",\"name\":\"El Triangle\",\"description\":\"El Triangle \u00e9s un Diari d&#039;informaci\u00f3 general, editat a Catalunya i escrit en llengua catalana, especialitzat en investigaci\u00f3 period\u00edstica\",\"publisher\":{\"@id\":\"https:\\\/\\\/www.eltriangle.eu\\\/es\\\/#organization\"},\"potentialAction\":[{\"@type\":\"SearchAction\",\"target\":{\"@type\":\"EntryPoint\",\"urlTemplate\":\"https:\\\/\\\/www.eltriangle.eu\\\/es\\\/?s={search_term_string}\"},\"query-input\":{\"@type\":\"PropertyValueSpecification\",\"valueRequired\":true,\"valueName\":\"search_term_string\"}}],\"inLanguage\":\"es\"},{\"@type\":[\"Organization\",\"NewsMediaOrganization\"],\"@id\":\"https:\\\/\\\/www.eltriangle.eu\\\/es\\\/#organization\",\"name\":\"El Triangle\",\"url\":\"https:\\\/\\\/www.eltriangle.eu\\\/es\\\/\",\"logo\":{\"@type\":\"ImageObject\",\"inLanguage\":\"es\",\"@id\":\"https:\\\/\\\/www.eltriangle.eu\\\/es\\\/#\\\/schema\\\/logo\\\/image\\\/\",\"url\":\"https:\\\/\\\/www.eltriangle.eu\\\/wp-content\\\/uploads\\\/2020\\\/11\\\/triangle_logo-ajustado.jpg\",\"contentUrl\":\"https:\\\/\\\/www.eltriangle.eu\\\/wp-content\\\/uploads\\\/2020\\\/11\\\/triangle_logo-ajustado.jpg\",\"width\":521,\"height\":92,\"caption\":\"El Triangle\"},\"image\":{\"@id\":\"https:\\\/\\\/www.eltriangle.eu\\\/es\\\/#\\\/schema\\\/logo\\\/image\\\/\"},\"sameAs\":[\"https:\\\/\\\/www.facebook.com\\\/El-Triangle-Diari-101787399020302\",\"https:\\\/\\\/x.com\\\/El_Triangle\",\"https:\\\/\\\/www.youtube.com\\\/channel\\\/UCTIjmYEMYSpdGonuAgNhbcg\"]},{\"@type\":\"Person\",\"@id\":\"https:\\\/\\\/www.eltriangle.eu\\\/es\\\/#\\\/schema\\\/person\\\/164a138451b4f28d35c3f5984dac8e18\",\"name\":\"Redacci\u00f3n\",\"image\":{\"@type\":\"ImageObject\",\"inLanguage\":\"es\",\"@id\":\"\\\/\\\/www.gravatar.com\\\/avatar\\\/147263d1a435839b8405c79279bb6558?s=96&#038;r=g&#038;d=mm\",\"url\":\"\\\/\\\/www.gravatar.com\\\/avatar\\\/147263d1a435839b8405c79279bb6558?s=96&#038;r=g&#038;d=mm\",\"contentUrl\":\"\\\/\\\/www.gravatar.com\\\/avatar\\\/147263d1a435839b8405c79279bb6558?s=96&#038;r=g&#038;d=mm\",\"caption\":\"Redacci\u00f3n\"},\"url\":\"https:\\\/\\\/www.eltriangle.eu\\\/es\\\/author\\\/autor-1\\\/\"},{\"@type\":\"SiteNavigationElement\",\"@id\":\"https:\\\/\\\/www.eltriangle.eu\\\/es\\\/#site-navigation\",\"cssSelector\":[\".cib-main-menu\"]},{\"@type\":\"WPHeader\",\"@id\":\"https:\\\/\\\/www.eltriangle.eu\\\/es\\\/#header\",\"cssSelector\":[\".cib-header\"]},{\"@type\":\"WPFooter\",\"@id\":\"https:\\\/\\\/www.eltriangle.eu\\\/es\\\/#footer\",\"cssSelector\":[\".cib-footer\"]}]}<\/script>\n<!-- \/ Yoast SEO plugin. -->","yoast_head_json":{"title":"Laporta y Birladeanu ningunearon a Parlem para dejarlo fuera del Bar\u00e7a Mobile - El Triangle","description":"La exhibici\u00f3n de favoritismo de Joan Laporta hacia su nuevo mejor amigo en los negocios del Bar\u00e7a, Ruslan Birladeanu, est\u00e1 a punto de provocar otro de","robots":{"index":"index","follow":"follow","max-snippet":"max-snippet:-1","max-image-preview":"max-image-preview:large","max-video-preview":"max-video-preview:-1"},"canonical":"https:\/\/www.eltriangle.eu\/es\/2025\/03\/28\/laporta-y-birladeanu-ningunearon-a-parlem-para-dejarlo-fuera-del-barca-mobile\/","og_locale":"es_ES","og_type":"article","og_title":"Laporta y Birladeanu ningunearon a Parlem para dejarlo fuera del Bar\u00e7a Mobile - El Triangle","og_description":"La exhibici\u00f3n de favoritismo de Joan Laporta hacia su nuevo mejor amigo en los negocios del Bar\u00e7a, Ruslan Birladeanu, est\u00e1 a punto de provocar otro de","og_url":"https:\/\/www.eltriangle.eu\/es\/2025\/03\/28\/laporta-y-birladeanu-ningunearon-a-parlem-para-dejarlo-fuera-del-barca-mobile\/","og_site_name":"El Triangle","article_publisher":"https:\/\/www.facebook.com\/El-Triangle-Diari-101787399020302","article_published_time":"2025-03-28T09:33:41+00:00","og_image":[{"width":766,"height":420,"url":"https:\/\/www.eltriangle.eu\/wp-content\/uploads\/2025\/02\/ruslan-birladeanu-foto-ruslan-birladeanu-linkedin.jpg","type":"image\/jpeg"}],"author":"Redacci\u00f3n","twitter_card":"summary_large_image","twitter_creator":"@El_Triangle","twitter_site":"@El_Triangle","twitter_misc":{"Escrito por":"Redacci\u00f3n","Tiempo de lectura":"5 minutos"},"schema":{"@context":"https:\/\/schema.org","@graph":[{"@type":"NewsArticle","@id":"https:\/\/www.eltriangle.eu\/es\/2025\/03\/28\/laporta-y-birladeanu-ningunearon-a-parlem-para-dejarlo-fuera-del-barca-mobile\/#article","isPartOf":{"@id":"https:\/\/www.eltriangle.eu\/es\/2025\/03\/28\/laporta-y-birladeanu-ningunearon-a-parlem-para-dejarlo-fuera-del-barca-mobile\/"},"author":{"name":"Redacci\u00f3n","@id":"https:\/\/www.eltriangle.eu\/es\/#\/schema\/person\/164a138451b4f28d35c3f5984dac8e18"},"headline":"Laporta y Birladeanu ningunearon a Parlem para dejarlo fuera del Bar\u00e7a Mobile","datePublished":"2025-03-28T09:33:41+00:00","mainEntityOfPage":{"@id":"https:\/\/www.eltriangle.eu\/es\/2025\/03\/28\/laporta-y-birladeanu-ningunearon-a-parlem-para-dejarlo-fuera-del-barca-mobile\/"},"wordCount":983,"commentCount":0,"publisher":{"@id":"https:\/\/www.eltriangle.eu\/es\/#organization"},"image":{"@id":"https:\/\/www.eltriangle.eu\/es\/2025\/03\/28\/laporta-y-birladeanu-ningunearon-a-parlem-para-dejarlo-fuera-del-barca-mobile\/#primaryimage"},"thumbnailUrl":"https:\/\/www.eltriangle.eu\/wp-content\/uploads\/2025\/02\/ruslan-birladeanu-foto-ruslan-birladeanu-linkedin.jpg","keywords":["FC Barcelona","Joan Laporta","Ruslan Birladeanu"],"articleSection":["ClamNou"],"inLanguage":"es","potentialAction":[{"@type":"CommentAction","name":"Comment","target":["https:\/\/www.eltriangle.eu\/es\/2025\/03\/28\/laporta-y-birladeanu-ningunearon-a-parlem-para-dejarlo-fuera-del-barca-mobile\/#respond"]}]},{"@type":"WebPage","@id":"https:\/\/www.eltriangle.eu\/es\/2025\/03\/28\/laporta-y-birladeanu-ningunearon-a-parlem-para-dejarlo-fuera-del-barca-mobile\/","url":"https:\/\/www.eltriangle.eu\/es\/2025\/03\/28\/laporta-y-birladeanu-ningunearon-a-parlem-para-dejarlo-fuera-del-barca-mobile\/","name":"Laporta y Birladeanu ningunearon a Parlem para dejarlo fuera del Bar\u00e7a Mobile - El Triangle","isPartOf":{"@id":"https:\/\/www.eltriangle.eu\/es\/#website"},"primaryImageOfPage":{"@id":"https:\/\/www.eltriangle.eu\/es\/2025\/03\/28\/laporta-y-birladeanu-ningunearon-a-parlem-para-dejarlo-fuera-del-barca-mobile\/#primaryimage"},"image":{"@id":"https:\/\/www.eltriangle.eu\/es\/2025\/03\/28\/laporta-y-birladeanu-ningunearon-a-parlem-para-dejarlo-fuera-del-barca-mobile\/#primaryimage"},"thumbnailUrl":"https:\/\/www.eltriangle.eu\/wp-content\/uploads\/2025\/02\/ruslan-birladeanu-foto-ruslan-birladeanu-linkedin.jpg","datePublished":"2025-03-28T09:33:41+00:00","description":"La exhibici\u00f3n de favoritismo de Joan Laporta hacia su nuevo mejor amigo en los negocios del Bar\u00e7a, Ruslan Birladeanu, est\u00e1 a punto de provocar otro de","breadcrumb":{"@id":"https:\/\/www.eltriangle.eu\/es\/2025\/03\/28\/laporta-y-birladeanu-ningunearon-a-parlem-para-dejarlo-fuera-del-barca-mobile\/#breadcrumb"},"inLanguage":"es","potentialAction":[{"@type":"ReadAction","target":["https:\/\/www.eltriangle.eu\/es\/2025\/03\/28\/laporta-y-birladeanu-ningunearon-a-parlem-para-dejarlo-fuera-del-barca-mobile\/"]}]},{"@type":"ImageObject","inLanguage":"es","@id":"https:\/\/www.eltriangle.eu\/es\/2025\/03\/28\/laporta-y-birladeanu-ningunearon-a-parlem-para-dejarlo-fuera-del-barca-mobile\/#primaryimage","url":"https:\/\/www.eltriangle.eu\/wp-content\/uploads\/2025\/02\/ruslan-birladeanu-foto-ruslan-birladeanu-linkedin.jpg","contentUrl":"https:\/\/www.eltriangle.eu\/wp-content\/uploads\/2025\/02\/ruslan-birladeanu-foto-ruslan-birladeanu-linkedin.jpg","width":766,"height":420,"caption":"Ruslan B\u00eerl\u0103deanu - Foto: Ruslan B\u00eerl\u0103deanu (LinkedIn)"},{"@type":"BreadcrumbList","@id":"https:\/\/www.eltriangle.eu\/es\/2025\/03\/28\/laporta-y-birladeanu-ningunearon-a-parlem-para-dejarlo-fuera-del-barca-mobile\/#breadcrumb","itemListElement":[{"@type":"ListItem","position":1,"name":"Portada","item":"https:\/\/www.eltriangle.eu\/es\/"},{"@type":"ListItem","position":2,"name":"Laporta y Birladeanu ningunearon a Parlem para dejarlo fuera del Bar\u00e7a Mobile"}]},{"@type":"WebSite","@id":"https:\/\/www.eltriangle.eu\/es\/#website","url":"https:\/\/www.eltriangle.eu\/es\/","name":"El Triangle","description":"El Triangle \u00e9s un Diari d&#039;informaci\u00f3 general, editat a Catalunya i escrit en llengua catalana, especialitzat en investigaci\u00f3 period\u00edstica","publisher":{"@id":"https:\/\/www.eltriangle.eu\/es\/#organization"},"potentialAction":[{"@type":"SearchAction","target":{"@type":"EntryPoint","urlTemplate":"https:\/\/www.eltriangle.eu\/es\/?s={search_term_string}"},"query-input":{"@type":"PropertyValueSpecification","valueRequired":true,"valueName":"search_term_string"}}],"inLanguage":"es"},{"@type":["Organization","NewsMediaOrganization"],"@id":"https:\/\/www.eltriangle.eu\/es\/#organization","name":"El Triangle","url":"https:\/\/www.eltriangle.eu\/es\/","logo":{"@type":"ImageObject","inLanguage":"es","@id":"https:\/\/www.eltriangle.eu\/es\/#\/schema\/logo\/image\/","url":"https:\/\/www.eltriangle.eu\/wp-content\/uploads\/2020\/11\/triangle_logo-ajustado.jpg","contentUrl":"https:\/\/www.eltriangle.eu\/wp-content\/uploads\/2020\/11\/triangle_logo-ajustado.jpg","width":521,"height":92,"caption":"El Triangle"},"image":{"@id":"https:\/\/www.eltriangle.eu\/es\/#\/schema\/logo\/image\/"},"sameAs":["https:\/\/www.facebook.com\/El-Triangle-Diari-101787399020302","https:\/\/x.com\/El_Triangle","https:\/\/www.youtube.com\/channel\/UCTIjmYEMYSpdGonuAgNhbcg"]},{"@type":"Person","@id":"https:\/\/www.eltriangle.eu\/es\/#\/schema\/person\/164a138451b4f28d35c3f5984dac8e18","name":"Redacci\u00f3n","image":{"@type":"ImageObject","inLanguage":"es","@id":"\/\/www.gravatar.com\/avatar\/147263d1a435839b8405c79279bb6558?s=96&#038;r=g&#038;d=mm","url":"\/\/www.gravatar.com\/avatar\/147263d1a435839b8405c79279bb6558?s=96&#038;r=g&#038;d=mm","contentUrl":"\/\/www.gravatar.com\/avatar\/147263d1a435839b8405c79279bb6558?s=96&#038;r=g&#038;d=mm","caption":"Redacci\u00f3n"},"url":"https:\/\/www.eltriangle.eu\/es\/author\/autor-1\/"},{"@type":"SiteNavigationElement","@id":"https:\/\/www.eltriangle.eu\/es\/#site-navigation","cssSelector":[".cib-main-menu"]},{"@type":"WPHeader","@id":"https:\/\/www.eltriangle.eu\/es\/#header","cssSelector":[".cib-header"]},{"@type":"WPFooter","@id":"https:\/\/www.eltriangle.eu\/es\/#footer","cssSelector":[".cib-footer"]}]}},"amp_enabled":true,"_links":{"self":[{"href":"https:\/\/www.eltriangle.eu\/es\/wp-json\/wp\/v2\/posts\/311955","targetHints":{"allow":["GET"]}}],"collection":[{"href":"https:\/\/www.eltriangle.eu\/es\/wp-json\/wp\/v2\/posts"}],"about":[{"href":"https:\/\/www.eltriangle.eu\/es\/wp-json\/wp\/v2\/types\/post"}],"author":[{"embeddable":true,"href":"https:\/\/www.eltriangle.eu\/es\/wp-json\/wp\/v2\/users\/2"}],"replies":[{"embeddable":true,"href":"https:\/\/www.eltriangle.eu\/es\/wp-json\/wp\/v2\/comments?post=311955"}],"version-history":[{"count":0,"href":"https:\/\/www.eltriangle.eu\/es\/wp-json\/wp\/v2\/posts\/311955\/revisions"}],"wp:featuredmedia":[{"embeddable":true,"href":"https:\/\/www.eltriangle.eu\/es\/wp-json\/wp\/v2\/media\/305991"}],"wp:attachment":[{"href":"https:\/\/www.eltriangle.eu\/es\/wp-json\/wp\/v2\/media?parent=311955"}],"wp:term":[{"taxonomy":"category","embeddable":true,"href":"https:\/\/www.eltriangle.eu\/es\/wp-json\/wp\/v2\/categories?post=311955"},{"taxonomy":"post_tag","embeddable":true,"href":"https:\/\/www.eltriangle.eu\/es\/wp-json\/wp\/v2\/tags?post=311955"}],"curies":[{"name":"wp","href":"https:\/\/api.w.org\/{rel}","templated":true}]}}