{"id":311903,"date":"2025-03-28T06:00:07","date_gmt":"2025-03-28T05:00:07","guid":{"rendered":null},"modified":"2025-03-27T18:44:26","modified_gmt":"2025-03-27T17:44:26","slug":"por-que-barcelona-ha-modificado-el-nombre-de-los-jardines-dedicados-a-verdaguer","status":"publish","type":"post","link":"https:\/\/www.eltriangle.eu\/es\/2025\/03\/28\/por-que-barcelona-ha-modificado-el-nombre-de-los-jardines-dedicados-a-verdaguer\/","title":{"rendered":"\u00bfPor qu\u00e9 Barcelona ha modificado el nombre de los jardines dedicados a Verdaguer?"},"content":{"rendered":"<p>A partir de ahora, <strong>los jardines de Montju\u00efc que llevaban el nombre de jardines de Moss\u00e8n Cinto Verdaguer pasar\u00e1n a llamarse jardines de Jacint Verdaguer (el poeta)<\/strong>. El comit\u00e9 de expertos que revisa el nombre de las calles de Barcelona as\u00ed lo ha cre\u00eddo oportuno. <\/p>\n<p>El cambio de nombre prosper\u00f3 en el pleno del distrito de Sants-Montju\u00efc con el voto de PSC, Junts, BCom\u00fa y ERC y la oposici\u00f3n de PP y Vox.<\/p>\n<p>De un tiempo a esta parte, el revisionismo ha borrado de la gu\u00eda de calles barcelonesa a numerosos militares, religiosos y personajes vinculados con las monarqu\u00edas.  <\/p>\n<p>Esta modificaci\u00f3n del nomencl\u00e1tor recuerda la que se llev\u00f3 a cabo el a\u00f1o pasado con las tres santas de Gracia, \u00c1gata, Magdalena y Rosa, que fueron reemplazadas por tres mujeres vinculadas al barrio y con el mismo nombre de pila que las defenestradas.<\/p>\n","protected":false},"excerpt":{"rendered":"<p>A partir de ahora, los jardines de Montju\u00efc que llevaban el nombre de jardines de Moss\u00e8n Cinto Verdaguer pasar\u00e1n a llamarse jardines de Jacint Verdaguer (el poeta). El comit\u00e9 de expertos que revisa el nombre de las calles de Barcelona as\u00ed lo ha cre\u00eddo oportuno. El cambio de nombre prosper\u00f3 en el pleno del distrito &#8230; <a title=\"\u00bfPor qu\u00e9 Barcelona ha modificado el nombre de los jardines dedicados a Verdaguer?\" class=\"read-more\" href=\"https:\/\/www.eltriangle.eu\/es\/2025\/03\/28\/por-que-barcelona-ha-modificado-el-nombre-de-los-jardines-dedicados-a-verdaguer\/\" aria-label=\"Leer m\u00e1s sobre \u00bfPor qu\u00e9 Barcelona ha modificado el nombre de los jardines dedicados a Verdaguer?\">Leer m\u00e1s<\/a><\/p>\n","protected":false},"author":97,"featured_media":311901,"comment_status":"open","ping_status":"closed","sticky":false,"template":"","format":"standard","meta":{"_acf_changed":false,"pmpro_default_level":"","footnotes":""},"categories":[20],"tags":[3831],"class_list":["post-311903","post","type-post","status-publish","format-standard","has-post-thumbnail","hentry","category-confidencial","tag-ajuntament-de-barcelona-es","lh_instant_articles-syndicate-yes","pmpro-has-access"],"acf":[],"yoast_head":"<!-- This site is optimized with the Yoast SEO plugin v27.4 - https:\/\/yoast.com\/product\/yoast-seo-wordpress\/ -->\n<title>\u00bfPor qu\u00e9 Barcelona ha modificado el nombre de los jardines dedicados a Verdaguer? - El Triangle<\/title>\n<meta name=\"description\" content=\"A partir de ahora, los jardines de Montju\u00efc que llevaban el nombre de jardines de Moss\u00e8n Cinto Verdaguer pasar\u00e1n a llamarse jardines de Jacint Verdaguer\" class=\"yoast-seo-meta-tag\" \/>\n<meta name=\"robots\" content=\"index, follow, max-snippet:-1, max-image-preview:large, max-video-preview:-1\" \/>\n<link rel=\"canonical\" href=\"https:\/\/www.eltriangle.eu\/es\/2025\/03\/28\/por-que-barcelona-ha-modificado-el-nombre-de-los-jardines-dedicados-a-verdaguer\/\" class=\"yoast-seo-meta-tag\" \/>\n<meta property=\"og:locale\" content=\"es_ES\" class=\"yoast-seo-meta-tag\" \/>\n<meta property=\"og:type\" content=\"article\" class=\"yoast-seo-meta-tag\" \/>\n<meta property=\"og:title\" content=\"\u00bfPor qu\u00e9 Barcelona ha modificado el nombre de los jardines dedicados a Verdaguer? - El Triangle\" class=\"yoast-seo-meta-tag\" \/>\n<meta property=\"og:description\" content=\"A partir de ahora, los jardines de Montju\u00efc que llevaban el nombre de jardines de Moss\u00e8n Cinto Verdaguer pasar\u00e1n a llamarse jardines de Jacint Verdaguer\" class=\"yoast-seo-meta-tag\" \/>\n<meta property=\"og:url\" content=\"https:\/\/www.eltriangle.eu\/es\/2025\/03\/28\/por-que-barcelona-ha-modificado-el-nombre-de-los-jardines-dedicados-a-verdaguer\/\" class=\"yoast-seo-meta-tag\" \/>\n<meta property=\"og:site_name\" content=\"El Triangle\" class=\"yoast-seo-meta-tag\" \/>\n<meta property=\"article:publisher\" content=\"https:\/\/www.facebook.com\/El-Triangle-Diari-101787399020302\" class=\"yoast-seo-meta-tag\" \/>\n<meta property=\"article:published_time\" content=\"2025-03-28T05:00:07+00:00\" class=\"yoast-seo-meta-tag\" \/>\n<meta property=\"og:image\" content=\"https:\/\/www.eltriangle.eu\/wp-content\/uploads\/2025\/03\/jardins-de-mossen-cinto-verdaguer.jpg\" class=\"yoast-seo-meta-tag\" \/>\n\t<meta property=\"og:image:width\" content=\"1200\" class=\"yoast-seo-meta-tag\" \/>\n\t<meta property=\"og:image:height\" content=\"675\" class=\"yoast-seo-meta-tag\" \/>\n\t<meta property=\"og:image:type\" content=\"image\/jpeg\" class=\"yoast-seo-meta-tag\" \/>\n<meta name=\"author\" content=\"xavier\" class=\"yoast-seo-meta-tag\" \/>\n<meta name=\"twitter:card\" content=\"summary_large_image\" class=\"yoast-seo-meta-tag\" \/>\n<meta name=\"twitter:creator\" content=\"@El_Triangle\" class=\"yoast-seo-meta-tag\" \/>\n<meta name=\"twitter:site\" content=\"@El_Triangle\" class=\"yoast-seo-meta-tag\" \/>\n<meta name=\"twitter:label1\" content=\"Escrito por\" class=\"yoast-seo-meta-tag\" \/>\n\t<meta name=\"twitter:data1\" content=\"xavier\" class=\"yoast-seo-meta-tag\" \/>\n\t<meta name=\"twitter:label2\" content=\"Tiempo de lectura\" class=\"yoast-seo-meta-tag\" \/>\n\t<meta name=\"twitter:data2\" content=\"1 minuto\" class=\"yoast-seo-meta-tag\" \/>\n<script type=\"application\/ld+json\" class=\"yoast-schema-graph\">{\"@context\":\"https:\\\/\\\/schema.org\",\"@graph\":[{\"@type\":\"NewsArticle\",\"@id\":\"https:\\\/\\\/www.eltriangle.eu\\\/es\\\/2025\\\/03\\\/28\\\/por-que-barcelona-ha-modificado-el-nombre-de-los-jardines-dedicados-a-verdaguer\\\/#article\",\"isPartOf\":{\"@id\":\"https:\\\/\\\/www.eltriangle.eu\\\/es\\\/2025\\\/03\\\/28\\\/por-que-barcelona-ha-modificado-el-nombre-de-los-jardines-dedicados-a-verdaguer\\\/\"},\"author\":{\"name\":\"xavier\",\"@id\":\"https:\\\/\\\/www.eltriangle.eu\\\/es\\\/#\\\/schema\\\/person\\\/df9cb61ef0b061092c35cf7a8636dfc6\"},\"headline\":\"\u00bfPor qu\u00e9 Barcelona ha modificado el nombre de los jardines dedicados a Verdaguer?\",\"datePublished\":\"2025-03-28T05:00:07+00:00\",\"mainEntityOfPage\":{\"@id\":\"https:\\\/\\\/www.eltriangle.eu\\\/es\\\/2025\\\/03\\\/28\\\/por-que-barcelona-ha-modificado-el-nombre-de-los-jardines-dedicados-a-verdaguer\\\/\"},\"wordCount\":166,\"commentCount\":0,\"publisher\":{\"@id\":\"https:\\\/\\\/www.eltriangle.eu\\\/es\\\/#organization\"},\"image\":{\"@id\":\"https:\\\/\\\/www.eltriangle.eu\\\/es\\\/2025\\\/03\\\/28\\\/por-que-barcelona-ha-modificado-el-nombre-de-los-jardines-dedicados-a-verdaguer\\\/#primaryimage\"},\"thumbnailUrl\":\"https:\\\/\\\/www.eltriangle.eu\\\/wp-content\\\/uploads\\\/2025\\\/03\\\/jardins-de-mossen-cinto-verdaguer.jpg\",\"keywords\":[\"Ajuntament de Barcelona\"],\"articleSection\":[\"Confidencial\"],\"inLanguage\":\"es\",\"potentialAction\":[{\"@type\":\"CommentAction\",\"name\":\"Comment\",\"target\":[\"https:\\\/\\\/www.eltriangle.eu\\\/es\\\/2025\\\/03\\\/28\\\/por-que-barcelona-ha-modificado-el-nombre-de-los-jardines-dedicados-a-verdaguer\\\/#respond\"]}]},{\"@type\":\"WebPage\",\"@id\":\"https:\\\/\\\/www.eltriangle.eu\\\/es\\\/2025\\\/03\\\/28\\\/por-que-barcelona-ha-modificado-el-nombre-de-los-jardines-dedicados-a-verdaguer\\\/\",\"url\":\"https:\\\/\\\/www.eltriangle.eu\\\/es\\\/2025\\\/03\\\/28\\\/por-que-barcelona-ha-modificado-el-nombre-de-los-jardines-dedicados-a-verdaguer\\\/\",\"name\":\"\u00bfPor qu\u00e9 Barcelona ha modificado el nombre de los jardines dedicados a Verdaguer? - El Triangle\",\"isPartOf\":{\"@id\":\"https:\\\/\\\/www.eltriangle.eu\\\/es\\\/#website\"},\"primaryImageOfPage\":{\"@id\":\"https:\\\/\\\/www.eltriangle.eu\\\/es\\\/2025\\\/03\\\/28\\\/por-que-barcelona-ha-modificado-el-nombre-de-los-jardines-dedicados-a-verdaguer\\\/#primaryimage\"},\"image\":{\"@id\":\"https:\\\/\\\/www.eltriangle.eu\\\/es\\\/2025\\\/03\\\/28\\\/por-que-barcelona-ha-modificado-el-nombre-de-los-jardines-dedicados-a-verdaguer\\\/#primaryimage\"},\"thumbnailUrl\":\"https:\\\/\\\/www.eltriangle.eu\\\/wp-content\\\/uploads\\\/2025\\\/03\\\/jardins-de-mossen-cinto-verdaguer.jpg\",\"datePublished\":\"2025-03-28T05:00:07+00:00\",\"description\":\"A partir de ahora, los jardines de Montju\u00efc que llevaban el nombre de jardines de Moss\u00e8n Cinto Verdaguer pasar\u00e1n a llamarse jardines de Jacint Verdaguer\",\"breadcrumb\":{\"@id\":\"https:\\\/\\\/www.eltriangle.eu\\\/es\\\/2025\\\/03\\\/28\\\/por-que-barcelona-ha-modificado-el-nombre-de-los-jardines-dedicados-a-verdaguer\\\/#breadcrumb\"},\"inLanguage\":\"es\",\"potentialAction\":[{\"@type\":\"ReadAction\",\"target\":[\"https:\\\/\\\/www.eltriangle.eu\\\/es\\\/2025\\\/03\\\/28\\\/por-que-barcelona-ha-modificado-el-nombre-de-los-jardines-dedicados-a-verdaguer\\\/\"]}]},{\"@type\":\"ImageObject\",\"inLanguage\":\"es\",\"@id\":\"https:\\\/\\\/www.eltriangle.eu\\\/es\\\/2025\\\/03\\\/28\\\/por-que-barcelona-ha-modificado-el-nombre-de-los-jardines-dedicados-a-verdaguer\\\/#primaryimage\",\"url\":\"https:\\\/\\\/www.eltriangle.eu\\\/wp-content\\\/uploads\\\/2025\\\/03\\\/jardins-de-mossen-cinto-verdaguer.jpg\",\"contentUrl\":\"https:\\\/\\\/www.eltriangle.eu\\\/wp-content\\\/uploads\\\/2025\\\/03\\\/jardins-de-mossen-cinto-verdaguer.jpg\",\"width\":1200,\"height\":675,\"caption\":\"Jardins de Moss\u00e8n Cinto Verdaguer\"},{\"@type\":\"BreadcrumbList\",\"@id\":\"https:\\\/\\\/www.eltriangle.eu\\\/es\\\/2025\\\/03\\\/28\\\/por-que-barcelona-ha-modificado-el-nombre-de-los-jardines-dedicados-a-verdaguer\\\/#breadcrumb\",\"itemListElement\":[{\"@type\":\"ListItem\",\"position\":1,\"name\":\"Portada\",\"item\":\"https:\\\/\\\/www.eltriangle.eu\\\/es\\\/\"},{\"@type\":\"ListItem\",\"position\":2,\"name\":\"\u00bfPor qu\u00e9 Barcelona ha modificado el nombre de los jardines dedicados a Verdaguer?\"}]},{\"@type\":\"WebSite\",\"@id\":\"https:\\\/\\\/www.eltriangle.eu\\\/es\\\/#website\",\"url\":\"https:\\\/\\\/www.eltriangle.eu\\\/es\\\/\",\"name\":\"El Triangle\",\"description\":\"El Triangle \u00e9s un Diari d&#039;informaci\u00f3 general, editat a Catalunya i escrit en llengua catalana, especialitzat en investigaci\u00f3 period\u00edstica\",\"publisher\":{\"@id\":\"https:\\\/\\\/www.eltriangle.eu\\\/es\\\/#organization\"},\"potentialAction\":[{\"@type\":\"SearchAction\",\"target\":{\"@type\":\"EntryPoint\",\"urlTemplate\":\"https:\\\/\\\/www.eltriangle.eu\\\/es\\\/?s={search_term_string}\"},\"query-input\":{\"@type\":\"PropertyValueSpecification\",\"valueRequired\":true,\"valueName\":\"search_term_string\"}}],\"inLanguage\":\"es\"},{\"@type\":[\"Organization\",\"NewsMediaOrganization\"],\"@id\":\"https:\\\/\\\/www.eltriangle.eu\\\/es\\\/#organization\",\"name\":\"El Triangle\",\"url\":\"https:\\\/\\\/www.eltriangle.eu\\\/es\\\/\",\"logo\":{\"@type\":\"ImageObject\",\"inLanguage\":\"es\",\"@id\":\"https:\\\/\\\/www.eltriangle.eu\\\/es\\\/#\\\/schema\\\/logo\\\/image\\\/\",\"url\":\"https:\\\/\\\/www.eltriangle.eu\\\/wp-content\\\/uploads\\\/2020\\\/11\\\/triangle_logo-ajustado.jpg\",\"contentUrl\":\"https:\\\/\\\/www.eltriangle.eu\\\/wp-content\\\/uploads\\\/2020\\\/11\\\/triangle_logo-ajustado.jpg\",\"width\":521,\"height\":92,\"caption\":\"El Triangle\"},\"image\":{\"@id\":\"https:\\\/\\\/www.eltriangle.eu\\\/es\\\/#\\\/schema\\\/logo\\\/image\\\/\"},\"sameAs\":[\"https:\\\/\\\/www.facebook.com\\\/El-Triangle-Diari-101787399020302\",\"https:\\\/\\\/x.com\\\/El_Triangle\",\"https:\\\/\\\/www.youtube.com\\\/channel\\\/UCTIjmYEMYSpdGonuAgNhbcg\"]},{\"@type\":\"Person\",\"@id\":\"https:\\\/\\\/www.eltriangle.eu\\\/es\\\/#\\\/schema\\\/person\\\/df9cb61ef0b061092c35cf7a8636dfc6\",\"name\":\"xavier\",\"image\":{\"@type\":\"ImageObject\",\"inLanguage\":\"es\",\"@id\":\"\\\/\\\/www.gravatar.com\\\/avatar\\\/70cc50ebe4287089b363a6a3c8fa3e72?s=96&#038;r=g&#038;d=mm\",\"url\":\"\\\/\\\/www.gravatar.com\\\/avatar\\\/70cc50ebe4287089b363a6a3c8fa3e72?s=96&#038;r=g&#038;d=mm\",\"contentUrl\":\"\\\/\\\/www.gravatar.com\\\/avatar\\\/70cc50ebe4287089b363a6a3c8fa3e72?s=96&#038;r=g&#038;d=mm\",\"caption\":\"xavier\"},\"url\":\"https:\\\/\\\/www.eltriangle.eu\\\/es\\\/author\\\/xavier\\\/\"},{\"@type\":\"SiteNavigationElement\",\"@id\":\"https:\\\/\\\/www.eltriangle.eu\\\/es\\\/#site-navigation\",\"cssSelector\":[\".cib-main-menu\"]},{\"@type\":\"WPHeader\",\"@id\":\"https:\\\/\\\/www.eltriangle.eu\\\/es\\\/#header\",\"cssSelector\":[\".cib-header\"]},{\"@type\":\"WPFooter\",\"@id\":\"https:\\\/\\\/www.eltriangle.eu\\\/es\\\/#footer\",\"cssSelector\":[\".cib-footer\"]}]}<\/script>\n<!-- \/ Yoast SEO plugin. -->","yoast_head_json":{"title":"\u00bfPor qu\u00e9 Barcelona ha modificado el nombre de los jardines dedicados a Verdaguer? - El Triangle","description":"A partir de ahora, los jardines de Montju\u00efc que llevaban el nombre de jardines de Moss\u00e8n Cinto Verdaguer pasar\u00e1n a llamarse jardines de Jacint Verdaguer","robots":{"index":"index","follow":"follow","max-snippet":"max-snippet:-1","max-image-preview":"max-image-preview:large","max-video-preview":"max-video-preview:-1"},"canonical":"https:\/\/www.eltriangle.eu\/es\/2025\/03\/28\/por-que-barcelona-ha-modificado-el-nombre-de-los-jardines-dedicados-a-verdaguer\/","og_locale":"es_ES","og_type":"article","og_title":"\u00bfPor qu\u00e9 Barcelona ha modificado el nombre de los jardines dedicados a Verdaguer? - El Triangle","og_description":"A partir de ahora, los jardines de Montju\u00efc que llevaban el nombre de jardines de Moss\u00e8n Cinto Verdaguer pasar\u00e1n a llamarse jardines de Jacint Verdaguer","og_url":"https:\/\/www.eltriangle.eu\/es\/2025\/03\/28\/por-que-barcelona-ha-modificado-el-nombre-de-los-jardines-dedicados-a-verdaguer\/","og_site_name":"El Triangle","article_publisher":"https:\/\/www.facebook.com\/El-Triangle-Diari-101787399020302","article_published_time":"2025-03-28T05:00:07+00:00","og_image":[{"width":1200,"height":675,"url":"https:\/\/www.eltriangle.eu\/wp-content\/uploads\/2025\/03\/jardins-de-mossen-cinto-verdaguer.jpg","type":"image\/jpeg"}],"author":"xavier","twitter_card":"summary_large_image","twitter_creator":"@El_Triangle","twitter_site":"@El_Triangle","twitter_misc":{"Escrito por":"xavier","Tiempo de lectura":"1 minuto"},"schema":{"@context":"https:\/\/schema.org","@graph":[{"@type":"NewsArticle","@id":"https:\/\/www.eltriangle.eu\/es\/2025\/03\/28\/por-que-barcelona-ha-modificado-el-nombre-de-los-jardines-dedicados-a-verdaguer\/#article","isPartOf":{"@id":"https:\/\/www.eltriangle.eu\/es\/2025\/03\/28\/por-que-barcelona-ha-modificado-el-nombre-de-los-jardines-dedicados-a-verdaguer\/"},"author":{"name":"xavier","@id":"https:\/\/www.eltriangle.eu\/es\/#\/schema\/person\/df9cb61ef0b061092c35cf7a8636dfc6"},"headline":"\u00bfPor qu\u00e9 Barcelona ha modificado el nombre de los jardines dedicados a Verdaguer?","datePublished":"2025-03-28T05:00:07+00:00","mainEntityOfPage":{"@id":"https:\/\/www.eltriangle.eu\/es\/2025\/03\/28\/por-que-barcelona-ha-modificado-el-nombre-de-los-jardines-dedicados-a-verdaguer\/"},"wordCount":166,"commentCount":0,"publisher":{"@id":"https:\/\/www.eltriangle.eu\/es\/#organization"},"image":{"@id":"https:\/\/www.eltriangle.eu\/es\/2025\/03\/28\/por-que-barcelona-ha-modificado-el-nombre-de-los-jardines-dedicados-a-verdaguer\/#primaryimage"},"thumbnailUrl":"https:\/\/www.eltriangle.eu\/wp-content\/uploads\/2025\/03\/jardins-de-mossen-cinto-verdaguer.jpg","keywords":["Ajuntament de Barcelona"],"articleSection":["Confidencial"],"inLanguage":"es","potentialAction":[{"@type":"CommentAction","name":"Comment","target":["https:\/\/www.eltriangle.eu\/es\/2025\/03\/28\/por-que-barcelona-ha-modificado-el-nombre-de-los-jardines-dedicados-a-verdaguer\/#respond"]}]},{"@type":"WebPage","@id":"https:\/\/www.eltriangle.eu\/es\/2025\/03\/28\/por-que-barcelona-ha-modificado-el-nombre-de-los-jardines-dedicados-a-verdaguer\/","url":"https:\/\/www.eltriangle.eu\/es\/2025\/03\/28\/por-que-barcelona-ha-modificado-el-nombre-de-los-jardines-dedicados-a-verdaguer\/","name":"\u00bfPor qu\u00e9 Barcelona ha modificado el nombre de los jardines dedicados a Verdaguer? - El Triangle","isPartOf":{"@id":"https:\/\/www.eltriangle.eu\/es\/#website"},"primaryImageOfPage":{"@id":"https:\/\/www.eltriangle.eu\/es\/2025\/03\/28\/por-que-barcelona-ha-modificado-el-nombre-de-los-jardines-dedicados-a-verdaguer\/#primaryimage"},"image":{"@id":"https:\/\/www.eltriangle.eu\/es\/2025\/03\/28\/por-que-barcelona-ha-modificado-el-nombre-de-los-jardines-dedicados-a-verdaguer\/#primaryimage"},"thumbnailUrl":"https:\/\/www.eltriangle.eu\/wp-content\/uploads\/2025\/03\/jardins-de-mossen-cinto-verdaguer.jpg","datePublished":"2025-03-28T05:00:07+00:00","description":"A partir de ahora, los jardines de Montju\u00efc que llevaban el nombre de jardines de Moss\u00e8n Cinto Verdaguer pasar\u00e1n a llamarse jardines de Jacint Verdaguer","breadcrumb":{"@id":"https:\/\/www.eltriangle.eu\/es\/2025\/03\/28\/por-que-barcelona-ha-modificado-el-nombre-de-los-jardines-dedicados-a-verdaguer\/#breadcrumb"},"inLanguage":"es","potentialAction":[{"@type":"ReadAction","target":["https:\/\/www.eltriangle.eu\/es\/2025\/03\/28\/por-que-barcelona-ha-modificado-el-nombre-de-los-jardines-dedicados-a-verdaguer\/"]}]},{"@type":"ImageObject","inLanguage":"es","@id":"https:\/\/www.eltriangle.eu\/es\/2025\/03\/28\/por-que-barcelona-ha-modificado-el-nombre-de-los-jardines-dedicados-a-verdaguer\/#primaryimage","url":"https:\/\/www.eltriangle.eu\/wp-content\/uploads\/2025\/03\/jardins-de-mossen-cinto-verdaguer.jpg","contentUrl":"https:\/\/www.eltriangle.eu\/wp-content\/uploads\/2025\/03\/jardins-de-mossen-cinto-verdaguer.jpg","width":1200,"height":675,"caption":"Jardins de Moss\u00e8n Cinto Verdaguer"},{"@type":"BreadcrumbList","@id":"https:\/\/www.eltriangle.eu\/es\/2025\/03\/28\/por-que-barcelona-ha-modificado-el-nombre-de-los-jardines-dedicados-a-verdaguer\/#breadcrumb","itemListElement":[{"@type":"ListItem","position":1,"name":"Portada","item":"https:\/\/www.eltriangle.eu\/es\/"},{"@type":"ListItem","position":2,"name":"\u00bfPor qu\u00e9 Barcelona ha modificado el nombre de los jardines dedicados a Verdaguer?"}]},{"@type":"WebSite","@id":"https:\/\/www.eltriangle.eu\/es\/#website","url":"https:\/\/www.eltriangle.eu\/es\/","name":"El Triangle","description":"El Triangle \u00e9s un Diari d&#039;informaci\u00f3 general, editat a Catalunya i escrit en llengua catalana, especialitzat en investigaci\u00f3 period\u00edstica","publisher":{"@id":"https:\/\/www.eltriangle.eu\/es\/#organization"},"potentialAction":[{"@type":"SearchAction","target":{"@type":"EntryPoint","urlTemplate":"https:\/\/www.eltriangle.eu\/es\/?s={search_term_string}"},"query-input":{"@type":"PropertyValueSpecification","valueRequired":true,"valueName":"search_term_string"}}],"inLanguage":"es"},{"@type":["Organization","NewsMediaOrganization"],"@id":"https:\/\/www.eltriangle.eu\/es\/#organization","name":"El Triangle","url":"https:\/\/www.eltriangle.eu\/es\/","logo":{"@type":"ImageObject","inLanguage":"es","@id":"https:\/\/www.eltriangle.eu\/es\/#\/schema\/logo\/image\/","url":"https:\/\/www.eltriangle.eu\/wp-content\/uploads\/2020\/11\/triangle_logo-ajustado.jpg","contentUrl":"https:\/\/www.eltriangle.eu\/wp-content\/uploads\/2020\/11\/triangle_logo-ajustado.jpg","width":521,"height":92,"caption":"El Triangle"},"image":{"@id":"https:\/\/www.eltriangle.eu\/es\/#\/schema\/logo\/image\/"},"sameAs":["https:\/\/www.facebook.com\/El-Triangle-Diari-101787399020302","https:\/\/x.com\/El_Triangle","https:\/\/www.youtube.com\/channel\/UCTIjmYEMYSpdGonuAgNhbcg"]},{"@type":"Person","@id":"https:\/\/www.eltriangle.eu\/es\/#\/schema\/person\/df9cb61ef0b061092c35cf7a8636dfc6","name":"xavier","image":{"@type":"ImageObject","inLanguage":"es","@id":"\/\/www.gravatar.com\/avatar\/70cc50ebe4287089b363a6a3c8fa3e72?s=96&#038;r=g&#038;d=mm","url":"\/\/www.gravatar.com\/avatar\/70cc50ebe4287089b363a6a3c8fa3e72?s=96&#038;r=g&#038;d=mm","contentUrl":"\/\/www.gravatar.com\/avatar\/70cc50ebe4287089b363a6a3c8fa3e72?s=96&#038;r=g&#038;d=mm","caption":"xavier"},"url":"https:\/\/www.eltriangle.eu\/es\/author\/xavier\/"},{"@type":"SiteNavigationElement","@id":"https:\/\/www.eltriangle.eu\/es\/#site-navigation","cssSelector":[".cib-main-menu"]},{"@type":"WPHeader","@id":"https:\/\/www.eltriangle.eu\/es\/#header","cssSelector":[".cib-header"]},{"@type":"WPFooter","@id":"https:\/\/www.eltriangle.eu\/es\/#footer","cssSelector":[".cib-footer"]}]}},"amp_enabled":true,"_links":{"self":[{"href":"https:\/\/www.eltriangle.eu\/es\/wp-json\/wp\/v2\/posts\/311903","targetHints":{"allow":["GET"]}}],"collection":[{"href":"https:\/\/www.eltriangle.eu\/es\/wp-json\/wp\/v2\/posts"}],"about":[{"href":"https:\/\/www.eltriangle.eu\/es\/wp-json\/wp\/v2\/types\/post"}],"author":[{"embeddable":true,"href":"https:\/\/www.eltriangle.eu\/es\/wp-json\/wp\/v2\/users\/97"}],"replies":[{"embeddable":true,"href":"https:\/\/www.eltriangle.eu\/es\/wp-json\/wp\/v2\/comments?post=311903"}],"version-history":[{"count":0,"href":"https:\/\/www.eltriangle.eu\/es\/wp-json\/wp\/v2\/posts\/311903\/revisions"}],"wp:featuredmedia":[{"embeddable":true,"href":"https:\/\/www.eltriangle.eu\/es\/wp-json\/wp\/v2\/media\/311901"}],"wp:attachment":[{"href":"https:\/\/www.eltriangle.eu\/es\/wp-json\/wp\/v2\/media?parent=311903"}],"wp:term":[{"taxonomy":"category","embeddable":true,"href":"https:\/\/www.eltriangle.eu\/es\/wp-json\/wp\/v2\/categories?post=311903"},{"taxonomy":"post_tag","embeddable":true,"href":"https:\/\/www.eltriangle.eu\/es\/wp-json\/wp\/v2\/tags?post=311903"}],"curies":[{"name":"wp","href":"https:\/\/api.w.org\/{rel}","templated":true}]}}