{"id":303513,"date":"2025-02-10T11:20:30","date_gmt":"2025-02-10T10:20:30","guid":{"rendered":null},"modified":"2025-02-10T16:34:24","modified_gmt":"2025-02-10T15:34:24","slug":"el-ppc-defiende-que-mossos-policia-nacional-y-guardia-civil-compartan-mas-ambitos-de-control","status":"publish","type":"post","link":"https:\/\/www.eltriangle.eu\/es\/2025\/02\/10\/el-ppc-defiende-que-mossos-policia-nacional-y-guardia-civil-compartan-mas-ambitos-de-control\/","title":{"rendered":"El PPC defiende que Mossos, Polic\u00eda Nacional y Guardia Civil \u00abcompartan\u00bb m\u00e1s \u00e1mbitos de control"},"content":{"rendered":"<p>El <strong>PPC<\/strong> ha defendido que <strong>Mossos d&#8217;Esquadra<\/strong>, <strong>Polic\u00eda<\/strong> <strong>Nacional<\/strong> y <strong>Guardia<\/strong> <strong>Civil<\/strong> \u00abcompartan\u00bb tareas de control y seguridad ciudadana en otros \u00e1mbitos aparte de puertos y aeropuertos. As\u00ed lo ha dicho el secretario general del PPC,<strong> Santi Rodr\u00edguez<\/strong>, despu\u00e9s de que el Departamento de Interior haya anunciado este lunes que los Mossos podr\u00e1n asumir el control de puertos y aeropuertos a partir de septiembre. El dirigente popular ha apuntado que en Catalu\u00f1a \u00abno sobra ning\u00fan cuerpo policial\u00bb y que es necesario que todos colaboren.<\/p>\n<p>El secretario general del PPC ha insistido en que la plantilla de los Mossos \u00abes corta\u00bb y que \u00abnada les hace pensar\u00bb que las carencias de personal se puedan revertir en septiembre, cuando se prev\u00e9 que el cuerpo asuma el control de puertos y aeropuertos. \u00abEn Catalu\u00f1a no sobra ning\u00fan polic\u00eda, necesitamos a los tres cuerpos\u00bb, ha insistido Rodr\u00edguez.<\/p>\n<p>Tambi\u00e9n sobre el control de fronteras, el dirigente popular ha considerado que \u00abno es oportuno\u00bb que el acceso de extranjeros a Espa\u00f1a dependa de los Mossos y ha apostado por que la Polic\u00eda Nacional y la Guardia Civil sigan manteniendo el control de esta llegada. En esta l\u00ednea, ha anunciado que la plana mayor del PPC asistir\u00e1 ma\u00f1ana a una concentraci\u00f3n del<strong> Sindicato Unificado de Polic\u00eda (SUP)<\/strong> en Barcelona en contra de la cesi\u00f3n de competencias.<\/p>\n","protected":false},"excerpt":{"rendered":"<p>El PPC ha defendido que Mossos d&#8217;Esquadra, Polic\u00eda Nacional y Guardia Civil \u00abcompartan\u00bb tareas de control y seguridad ciudadana en otros \u00e1mbitos aparte de puertos y aeropuertos. As\u00ed lo ha dicho el secretario general del PPC, Santi Rodr\u00edguez, despu\u00e9s de que el Departamento de Interior haya anunciado este lunes que los Mossos podr\u00e1n asumir el &#8230; <a title=\"El PPC defiende que Mossos, Polic\u00eda Nacional y Guardia Civil \u00abcompartan\u00bb m\u00e1s \u00e1mbitos de control\" class=\"read-more\" href=\"https:\/\/www.eltriangle.eu\/es\/2025\/02\/10\/el-ppc-defiende-que-mossos-policia-nacional-y-guardia-civil-compartan-mas-ambitos-de-control\/\" aria-label=\"Leer m\u00e1s sobre El PPC defiende que Mossos, Polic\u00eda Nacional y Guardia Civil \u00abcompartan\u00bb m\u00e1s \u00e1mbitos de control\">Leer m\u00e1s<\/a><\/p>\n","protected":false},"author":179,"featured_media":303507,"comment_status":"open","ping_status":"closed","sticky":false,"template":"","format":"standard","meta":{"_acf_changed":false,"pmpro_default_level":"","footnotes":""},"categories":[24,74],"tags":[282,480,779,253],"class_list":["post-303513","post","type-post","status-publish","format-standard","has-post-thumbnail","hentry","category-actualidad","category-poderes","tag-guardia-civil-es","tag-mossos-desquadra-es","tag-policia-nacional-es","tag-ppc-es","lh_instant_articles-syndicate-yes","pmpro-has-access"],"acf":[],"yoast_head":"<!-- This site is optimized with the Yoast SEO plugin v27.4 - https:\/\/yoast.com\/product\/yoast-seo-wordpress\/ -->\n<title>El PPC defiende que Mossos, Polic\u00eda Nacional y Guardia Civil &quot;compartan&quot; m\u00e1s \u00e1mbitos de control - El Triangle<\/title>\n<meta name=\"description\" content=\"El PPC ha defendido que Mossos d&#039;Esquadra, Polic\u00eda Nacional y Guardia Civil &quot;compartan&quot; tareas de control y seguridad ciudadana en otros \u00e1mbitos aparte de\" class=\"yoast-seo-meta-tag\" \/>\n<meta name=\"robots\" content=\"index, follow, max-snippet:-1, max-image-preview:large, max-video-preview:-1\" \/>\n<link rel=\"canonical\" href=\"https:\/\/www.eltriangle.eu\/es\/2025\/02\/10\/el-ppc-defiende-que-mossos-policia-nacional-y-guardia-civil-compartan-mas-ambitos-de-control\/\" class=\"yoast-seo-meta-tag\" \/>\n<meta property=\"og:locale\" content=\"es_ES\" class=\"yoast-seo-meta-tag\" \/>\n<meta property=\"og:type\" content=\"article\" class=\"yoast-seo-meta-tag\" \/>\n<meta property=\"og:title\" content=\"El PPC defiende que Mossos, Polic\u00eda Nacional y Guardia Civil &quot;compartan&quot; m\u00e1s \u00e1mbitos de control - El Triangle\" class=\"yoast-seo-meta-tag\" \/>\n<meta property=\"og:description\" content=\"El PPC ha defendido que Mossos d&#039;Esquadra, Polic\u00eda Nacional y Guardia Civil &quot;compartan&quot; tareas de control y seguridad ciudadana en otros \u00e1mbitos aparte de\" class=\"yoast-seo-meta-tag\" \/>\n<meta property=\"og:url\" content=\"https:\/\/www.eltriangle.eu\/es\/2025\/02\/10\/el-ppc-defiende-que-mossos-policia-nacional-y-guardia-civil-compartan-mas-ambitos-de-control\/\" class=\"yoast-seo-meta-tag\" \/>\n<meta property=\"og:site_name\" content=\"El Triangle\" class=\"yoast-seo-meta-tag\" \/>\n<meta property=\"article:publisher\" content=\"https:\/\/www.facebook.com\/El-Triangle-Diari-101787399020302\" class=\"yoast-seo-meta-tag\" \/>\n<meta property=\"article:published_time\" content=\"2025-02-10T10:20:30+00:00\" class=\"yoast-seo-meta-tag\" \/>\n<meta property=\"article:modified_time\" content=\"2025-02-10T15:34:24+00:00\" class=\"yoast-seo-meta-tag\" \/>\n<meta property=\"og:image\" content=\"https:\/\/www.eltriangle.eu\/wp-content\/uploads\/2025\/02\/f790040c-4043-46a2-a239-124f1b49ea49-e1739190414501.jpg\" class=\"yoast-seo-meta-tag\" \/>\n\t<meta property=\"og:image:width\" content=\"1200\" class=\"yoast-seo-meta-tag\" \/>\n\t<meta property=\"og:image:height\" content=\"800\" class=\"yoast-seo-meta-tag\" \/>\n\t<meta property=\"og:image:type\" content=\"image\/jpeg\" class=\"yoast-seo-meta-tag\" \/>\n<meta name=\"author\" content=\"Redacci\u00f3 \/ ACN\" class=\"yoast-seo-meta-tag\" \/>\n<meta name=\"twitter:card\" content=\"summary_large_image\" class=\"yoast-seo-meta-tag\" \/>\n<meta name=\"twitter:creator\" content=\"@El_Triangle\" class=\"yoast-seo-meta-tag\" \/>\n<meta name=\"twitter:site\" content=\"@El_Triangle\" class=\"yoast-seo-meta-tag\" \/>\n<meta name=\"twitter:label1\" content=\"Escrito por\" class=\"yoast-seo-meta-tag\" \/>\n\t<meta name=\"twitter:data1\" content=\"Redacci\u00f3 \/ ACN\" class=\"yoast-seo-meta-tag\" \/>\n\t<meta name=\"twitter:label2\" content=\"Tiempo de lectura\" class=\"yoast-seo-meta-tag\" \/>\n\t<meta name=\"twitter:data2\" content=\"1 minuto\" class=\"yoast-seo-meta-tag\" \/>\n<script type=\"application\/ld+json\" class=\"yoast-schema-graph\">{\"@context\":\"https:\\\/\\\/schema.org\",\"@graph\":[{\"@type\":\"NewsArticle\",\"@id\":\"https:\\\/\\\/www.eltriangle.eu\\\/es\\\/2025\\\/02\\\/10\\\/el-ppc-defiende-que-mossos-policia-nacional-y-guardia-civil-compartan-mas-ambitos-de-control\\\/#article\",\"isPartOf\":{\"@id\":\"https:\\\/\\\/www.eltriangle.eu\\\/es\\\/2025\\\/02\\\/10\\\/el-ppc-defiende-que-mossos-policia-nacional-y-guardia-civil-compartan-mas-ambitos-de-control\\\/\"},\"author\":{\"name\":\"Redacci\u00f3 \\\/ ACN\",\"@id\":\"https:\\\/\\\/www.eltriangle.eu\\\/es\\\/#\\\/schema\\\/person\\\/6e5938f06dd4dcd413779558fbf437d9\"},\"headline\":\"El PPC defiende que Mossos, Polic\u00eda Nacional y Guardia Civil \u00abcompartan\u00bb m\u00e1s \u00e1mbitos de control\",\"datePublished\":\"2025-02-10T10:20:30+00:00\",\"dateModified\":\"2025-02-10T15:34:24+00:00\",\"mainEntityOfPage\":{\"@id\":\"https:\\\/\\\/www.eltriangle.eu\\\/es\\\/2025\\\/02\\\/10\\\/el-ppc-defiende-que-mossos-policia-nacional-y-guardia-civil-compartan-mas-ambitos-de-control\\\/\"},\"wordCount\":255,\"commentCount\":0,\"publisher\":{\"@id\":\"https:\\\/\\\/www.eltriangle.eu\\\/es\\\/#organization\"},\"image\":{\"@id\":\"https:\\\/\\\/www.eltriangle.eu\\\/es\\\/2025\\\/02\\\/10\\\/el-ppc-defiende-que-mossos-policia-nacional-y-guardia-civil-compartan-mas-ambitos-de-control\\\/#primaryimage\"},\"thumbnailUrl\":\"https:\\\/\\\/www.eltriangle.eu\\\/wp-content\\\/uploads\\\/2025\\\/02\\\/f790040c-4043-46a2-a239-124f1b49ea49-e1739190414501.jpg\",\"keywords\":[\"Guardia Civil\",\"Mossos d'Esquadra\",\"Polic\u00eda Nacional\",\"PPC\"],\"articleSection\":[\"Actualidad\",\"Poderes\"],\"inLanguage\":\"es\",\"potentialAction\":[{\"@type\":\"CommentAction\",\"name\":\"Comment\",\"target\":[\"https:\\\/\\\/www.eltriangle.eu\\\/es\\\/2025\\\/02\\\/10\\\/el-ppc-defiende-que-mossos-policia-nacional-y-guardia-civil-compartan-mas-ambitos-de-control\\\/#respond\"]}]},{\"@type\":\"WebPage\",\"@id\":\"https:\\\/\\\/www.eltriangle.eu\\\/es\\\/2025\\\/02\\\/10\\\/el-ppc-defiende-que-mossos-policia-nacional-y-guardia-civil-compartan-mas-ambitos-de-control\\\/\",\"url\":\"https:\\\/\\\/www.eltriangle.eu\\\/es\\\/2025\\\/02\\\/10\\\/el-ppc-defiende-que-mossos-policia-nacional-y-guardia-civil-compartan-mas-ambitos-de-control\\\/\",\"name\":\"El PPC defiende que Mossos, Polic\u00eda Nacional y Guardia Civil \\\"compartan\\\" m\u00e1s \u00e1mbitos de control - El Triangle\",\"isPartOf\":{\"@id\":\"https:\\\/\\\/www.eltriangle.eu\\\/es\\\/#website\"},\"primaryImageOfPage\":{\"@id\":\"https:\\\/\\\/www.eltriangle.eu\\\/es\\\/2025\\\/02\\\/10\\\/el-ppc-defiende-que-mossos-policia-nacional-y-guardia-civil-compartan-mas-ambitos-de-control\\\/#primaryimage\"},\"image\":{\"@id\":\"https:\\\/\\\/www.eltriangle.eu\\\/es\\\/2025\\\/02\\\/10\\\/el-ppc-defiende-que-mossos-policia-nacional-y-guardia-civil-compartan-mas-ambitos-de-control\\\/#primaryimage\"},\"thumbnailUrl\":\"https:\\\/\\\/www.eltriangle.eu\\\/wp-content\\\/uploads\\\/2025\\\/02\\\/f790040c-4043-46a2-a239-124f1b49ea49-e1739190414501.jpg\",\"datePublished\":\"2025-02-10T10:20:30+00:00\",\"dateModified\":\"2025-02-10T15:34:24+00:00\",\"description\":\"El PPC ha defendido que Mossos d'Esquadra, Polic\u00eda Nacional y Guardia Civil \\\"compartan\\\" tareas de control y seguridad ciudadana en otros \u00e1mbitos aparte de\",\"breadcrumb\":{\"@id\":\"https:\\\/\\\/www.eltriangle.eu\\\/es\\\/2025\\\/02\\\/10\\\/el-ppc-defiende-que-mossos-policia-nacional-y-guardia-civil-compartan-mas-ambitos-de-control\\\/#breadcrumb\"},\"inLanguage\":\"es\",\"potentialAction\":[{\"@type\":\"ReadAction\",\"target\":[\"https:\\\/\\\/www.eltriangle.eu\\\/es\\\/2025\\\/02\\\/10\\\/el-ppc-defiende-que-mossos-policia-nacional-y-guardia-civil-compartan-mas-ambitos-de-control\\\/\"]}]},{\"@type\":\"ImageObject\",\"inLanguage\":\"es\",\"@id\":\"https:\\\/\\\/www.eltriangle.eu\\\/es\\\/2025\\\/02\\\/10\\\/el-ppc-defiende-que-mossos-policia-nacional-y-guardia-civil-compartan-mas-ambitos-de-control\\\/#primaryimage\",\"url\":\"https:\\\/\\\/www.eltriangle.eu\\\/wp-content\\\/uploads\\\/2025\\\/02\\\/f790040c-4043-46a2-a239-124f1b49ea49-e1739190414501.jpg\",\"contentUrl\":\"https:\\\/\\\/www.eltriangle.eu\\\/wp-content\\\/uploads\\\/2025\\\/02\\\/f790040c-4043-46a2-a239-124f1b49ea49-e1739190414501.jpg\",\"width\":1200,\"height\":800,\"caption\":\"Santi Rodr\u00edguez, secretario general del PPC, en rueda de prensa (ACN)\"},{\"@type\":\"BreadcrumbList\",\"@id\":\"https:\\\/\\\/www.eltriangle.eu\\\/es\\\/2025\\\/02\\\/10\\\/el-ppc-defiende-que-mossos-policia-nacional-y-guardia-civil-compartan-mas-ambitos-de-control\\\/#breadcrumb\",\"itemListElement\":[{\"@type\":\"ListItem\",\"position\":1,\"name\":\"Portada\",\"item\":\"https:\\\/\\\/www.eltriangle.eu\\\/es\\\/\"},{\"@type\":\"ListItem\",\"position\":2,\"name\":\"El PPC defiende que Mossos, Polic\u00eda Nacional y Guardia Civil &#8220;compartan&#8221; m\u00e1s \u00e1mbitos de control\"}]},{\"@type\":\"WebSite\",\"@id\":\"https:\\\/\\\/www.eltriangle.eu\\\/es\\\/#website\",\"url\":\"https:\\\/\\\/www.eltriangle.eu\\\/es\\\/\",\"name\":\"El Triangle\",\"description\":\"El Triangle \u00e9s un Diari d&#039;informaci\u00f3 general, editat a Catalunya i escrit en llengua catalana, especialitzat en investigaci\u00f3 period\u00edstica\",\"publisher\":{\"@id\":\"https:\\\/\\\/www.eltriangle.eu\\\/es\\\/#organization\"},\"potentialAction\":[{\"@type\":\"SearchAction\",\"target\":{\"@type\":\"EntryPoint\",\"urlTemplate\":\"https:\\\/\\\/www.eltriangle.eu\\\/es\\\/?s={search_term_string}\"},\"query-input\":{\"@type\":\"PropertyValueSpecification\",\"valueRequired\":true,\"valueName\":\"search_term_string\"}}],\"inLanguage\":\"es\"},{\"@type\":[\"Organization\",\"NewsMediaOrganization\"],\"@id\":\"https:\\\/\\\/www.eltriangle.eu\\\/es\\\/#organization\",\"name\":\"El Triangle\",\"url\":\"https:\\\/\\\/www.eltriangle.eu\\\/es\\\/\",\"logo\":{\"@type\":\"ImageObject\",\"inLanguage\":\"es\",\"@id\":\"https:\\\/\\\/www.eltriangle.eu\\\/es\\\/#\\\/schema\\\/logo\\\/image\\\/\",\"url\":\"https:\\\/\\\/www.eltriangle.eu\\\/wp-content\\\/uploads\\\/2020\\\/11\\\/triangle_logo-ajustado.jpg\",\"contentUrl\":\"https:\\\/\\\/www.eltriangle.eu\\\/wp-content\\\/uploads\\\/2020\\\/11\\\/triangle_logo-ajustado.jpg\",\"width\":521,\"height\":92,\"caption\":\"El Triangle\"},\"image\":{\"@id\":\"https:\\\/\\\/www.eltriangle.eu\\\/es\\\/#\\\/schema\\\/logo\\\/image\\\/\"},\"sameAs\":[\"https:\\\/\\\/www.facebook.com\\\/El-Triangle-Diari-101787399020302\",\"https:\\\/\\\/x.com\\\/El_Triangle\",\"https:\\\/\\\/www.youtube.com\\\/channel\\\/UCTIjmYEMYSpdGonuAgNhbcg\"]},{\"@type\":\"Person\",\"@id\":\"https:\\\/\\\/www.eltriangle.eu\\\/es\\\/#\\\/schema\\\/person\\\/6e5938f06dd4dcd413779558fbf437d9\",\"name\":\"Redacci\u00f3 \\\/ ACN\",\"image\":{\"@type\":\"ImageObject\",\"inLanguage\":\"es\",\"@id\":\"\\\/\\\/www.gravatar.com\\\/avatar\\\/a5bc366245a614da74d9f8d49d1b53bf?s=96&#038;r=g&#038;d=mm\",\"url\":\"\\\/\\\/www.gravatar.com\\\/avatar\\\/a5bc366245a614da74d9f8d49d1b53bf?s=96&#038;r=g&#038;d=mm\",\"contentUrl\":\"\\\/\\\/www.gravatar.com\\\/avatar\\\/a5bc366245a614da74d9f8d49d1b53bf?s=96&#038;r=g&#038;d=mm\",\"caption\":\"Redacci\u00f3 \\\/ ACN\"},\"url\":\"https:\\\/\\\/www.eltriangle.eu\\\/es\\\/author\\\/redaccioacn\\\/\"},{\"@type\":\"SiteNavigationElement\",\"@id\":\"https:\\\/\\\/www.eltriangle.eu\\\/es\\\/#site-navigation\",\"cssSelector\":[\".cib-main-menu\"]},{\"@type\":\"WPHeader\",\"@id\":\"https:\\\/\\\/www.eltriangle.eu\\\/es\\\/#header\",\"cssSelector\":[\".cib-header\"]},{\"@type\":\"WPFooter\",\"@id\":\"https:\\\/\\\/www.eltriangle.eu\\\/es\\\/#footer\",\"cssSelector\":[\".cib-footer\"]}]}<\/script>\n<!-- \/ Yoast SEO plugin. -->","yoast_head_json":{"title":"El PPC defiende que Mossos, Polic\u00eda Nacional y Guardia Civil \"compartan\" m\u00e1s \u00e1mbitos de control - El Triangle","description":"El PPC ha defendido que Mossos d'Esquadra, Polic\u00eda Nacional y Guardia Civil \"compartan\" tareas de control y seguridad ciudadana en otros \u00e1mbitos aparte de","robots":{"index":"index","follow":"follow","max-snippet":"max-snippet:-1","max-image-preview":"max-image-preview:large","max-video-preview":"max-video-preview:-1"},"canonical":"https:\/\/www.eltriangle.eu\/es\/2025\/02\/10\/el-ppc-defiende-que-mossos-policia-nacional-y-guardia-civil-compartan-mas-ambitos-de-control\/","og_locale":"es_ES","og_type":"article","og_title":"El PPC defiende que Mossos, Polic\u00eda Nacional y Guardia Civil \"compartan\" m\u00e1s \u00e1mbitos de control - El Triangle","og_description":"El PPC ha defendido que Mossos d'Esquadra, Polic\u00eda Nacional y Guardia Civil \"compartan\" tareas de control y seguridad ciudadana en otros \u00e1mbitos aparte de","og_url":"https:\/\/www.eltriangle.eu\/es\/2025\/02\/10\/el-ppc-defiende-que-mossos-policia-nacional-y-guardia-civil-compartan-mas-ambitos-de-control\/","og_site_name":"El Triangle","article_publisher":"https:\/\/www.facebook.com\/El-Triangle-Diari-101787399020302","article_published_time":"2025-02-10T10:20:30+00:00","article_modified_time":"2025-02-10T15:34:24+00:00","og_image":[{"width":1200,"height":800,"url":"https:\/\/www.eltriangle.eu\/wp-content\/uploads\/2025\/02\/f790040c-4043-46a2-a239-124f1b49ea49-e1739190414501.jpg","type":"image\/jpeg"}],"author":"Redacci\u00f3 \/ ACN","twitter_card":"summary_large_image","twitter_creator":"@El_Triangle","twitter_site":"@El_Triangle","twitter_misc":{"Escrito por":"Redacci\u00f3 \/ ACN","Tiempo de lectura":"1 minuto"},"schema":{"@context":"https:\/\/schema.org","@graph":[{"@type":"NewsArticle","@id":"https:\/\/www.eltriangle.eu\/es\/2025\/02\/10\/el-ppc-defiende-que-mossos-policia-nacional-y-guardia-civil-compartan-mas-ambitos-de-control\/#article","isPartOf":{"@id":"https:\/\/www.eltriangle.eu\/es\/2025\/02\/10\/el-ppc-defiende-que-mossos-policia-nacional-y-guardia-civil-compartan-mas-ambitos-de-control\/"},"author":{"name":"Redacci\u00f3 \/ ACN","@id":"https:\/\/www.eltriangle.eu\/es\/#\/schema\/person\/6e5938f06dd4dcd413779558fbf437d9"},"headline":"El PPC defiende que Mossos, Polic\u00eda Nacional y Guardia Civil \u00abcompartan\u00bb m\u00e1s \u00e1mbitos de control","datePublished":"2025-02-10T10:20:30+00:00","dateModified":"2025-02-10T15:34:24+00:00","mainEntityOfPage":{"@id":"https:\/\/www.eltriangle.eu\/es\/2025\/02\/10\/el-ppc-defiende-que-mossos-policia-nacional-y-guardia-civil-compartan-mas-ambitos-de-control\/"},"wordCount":255,"commentCount":0,"publisher":{"@id":"https:\/\/www.eltriangle.eu\/es\/#organization"},"image":{"@id":"https:\/\/www.eltriangle.eu\/es\/2025\/02\/10\/el-ppc-defiende-que-mossos-policia-nacional-y-guardia-civil-compartan-mas-ambitos-de-control\/#primaryimage"},"thumbnailUrl":"https:\/\/www.eltriangle.eu\/wp-content\/uploads\/2025\/02\/f790040c-4043-46a2-a239-124f1b49ea49-e1739190414501.jpg","keywords":["Guardia Civil","Mossos d'Esquadra","Polic\u00eda Nacional","PPC"],"articleSection":["Actualidad","Poderes"],"inLanguage":"es","potentialAction":[{"@type":"CommentAction","name":"Comment","target":["https:\/\/www.eltriangle.eu\/es\/2025\/02\/10\/el-ppc-defiende-que-mossos-policia-nacional-y-guardia-civil-compartan-mas-ambitos-de-control\/#respond"]}]},{"@type":"WebPage","@id":"https:\/\/www.eltriangle.eu\/es\/2025\/02\/10\/el-ppc-defiende-que-mossos-policia-nacional-y-guardia-civil-compartan-mas-ambitos-de-control\/","url":"https:\/\/www.eltriangle.eu\/es\/2025\/02\/10\/el-ppc-defiende-que-mossos-policia-nacional-y-guardia-civil-compartan-mas-ambitos-de-control\/","name":"El PPC defiende que Mossos, Polic\u00eda Nacional y Guardia Civil \"compartan\" m\u00e1s \u00e1mbitos de control - El Triangle","isPartOf":{"@id":"https:\/\/www.eltriangle.eu\/es\/#website"},"primaryImageOfPage":{"@id":"https:\/\/www.eltriangle.eu\/es\/2025\/02\/10\/el-ppc-defiende-que-mossos-policia-nacional-y-guardia-civil-compartan-mas-ambitos-de-control\/#primaryimage"},"image":{"@id":"https:\/\/www.eltriangle.eu\/es\/2025\/02\/10\/el-ppc-defiende-que-mossos-policia-nacional-y-guardia-civil-compartan-mas-ambitos-de-control\/#primaryimage"},"thumbnailUrl":"https:\/\/www.eltriangle.eu\/wp-content\/uploads\/2025\/02\/f790040c-4043-46a2-a239-124f1b49ea49-e1739190414501.jpg","datePublished":"2025-02-10T10:20:30+00:00","dateModified":"2025-02-10T15:34:24+00:00","description":"El PPC ha defendido que Mossos d'Esquadra, Polic\u00eda Nacional y Guardia Civil \"compartan\" tareas de control y seguridad ciudadana en otros \u00e1mbitos aparte de","breadcrumb":{"@id":"https:\/\/www.eltriangle.eu\/es\/2025\/02\/10\/el-ppc-defiende-que-mossos-policia-nacional-y-guardia-civil-compartan-mas-ambitos-de-control\/#breadcrumb"},"inLanguage":"es","potentialAction":[{"@type":"ReadAction","target":["https:\/\/www.eltriangle.eu\/es\/2025\/02\/10\/el-ppc-defiende-que-mossos-policia-nacional-y-guardia-civil-compartan-mas-ambitos-de-control\/"]}]},{"@type":"ImageObject","inLanguage":"es","@id":"https:\/\/www.eltriangle.eu\/es\/2025\/02\/10\/el-ppc-defiende-que-mossos-policia-nacional-y-guardia-civil-compartan-mas-ambitos-de-control\/#primaryimage","url":"https:\/\/www.eltriangle.eu\/wp-content\/uploads\/2025\/02\/f790040c-4043-46a2-a239-124f1b49ea49-e1739190414501.jpg","contentUrl":"https:\/\/www.eltriangle.eu\/wp-content\/uploads\/2025\/02\/f790040c-4043-46a2-a239-124f1b49ea49-e1739190414501.jpg","width":1200,"height":800,"caption":"Santi Rodr\u00edguez, secretario general del PPC, en rueda de prensa (ACN)"},{"@type":"BreadcrumbList","@id":"https:\/\/www.eltriangle.eu\/es\/2025\/02\/10\/el-ppc-defiende-que-mossos-policia-nacional-y-guardia-civil-compartan-mas-ambitos-de-control\/#breadcrumb","itemListElement":[{"@type":"ListItem","position":1,"name":"Portada","item":"https:\/\/www.eltriangle.eu\/es\/"},{"@type":"ListItem","position":2,"name":"El PPC defiende que Mossos, Polic\u00eda Nacional y Guardia Civil &#8220;compartan&#8221; m\u00e1s \u00e1mbitos de control"}]},{"@type":"WebSite","@id":"https:\/\/www.eltriangle.eu\/es\/#website","url":"https:\/\/www.eltriangle.eu\/es\/","name":"El Triangle","description":"El Triangle \u00e9s un Diari d&#039;informaci\u00f3 general, editat a Catalunya i escrit en llengua catalana, especialitzat en investigaci\u00f3 period\u00edstica","publisher":{"@id":"https:\/\/www.eltriangle.eu\/es\/#organization"},"potentialAction":[{"@type":"SearchAction","target":{"@type":"EntryPoint","urlTemplate":"https:\/\/www.eltriangle.eu\/es\/?s={search_term_string}"},"query-input":{"@type":"PropertyValueSpecification","valueRequired":true,"valueName":"search_term_string"}}],"inLanguage":"es"},{"@type":["Organization","NewsMediaOrganization"],"@id":"https:\/\/www.eltriangle.eu\/es\/#organization","name":"El Triangle","url":"https:\/\/www.eltriangle.eu\/es\/","logo":{"@type":"ImageObject","inLanguage":"es","@id":"https:\/\/www.eltriangle.eu\/es\/#\/schema\/logo\/image\/","url":"https:\/\/www.eltriangle.eu\/wp-content\/uploads\/2020\/11\/triangle_logo-ajustado.jpg","contentUrl":"https:\/\/www.eltriangle.eu\/wp-content\/uploads\/2020\/11\/triangle_logo-ajustado.jpg","width":521,"height":92,"caption":"El Triangle"},"image":{"@id":"https:\/\/www.eltriangle.eu\/es\/#\/schema\/logo\/image\/"},"sameAs":["https:\/\/www.facebook.com\/El-Triangle-Diari-101787399020302","https:\/\/x.com\/El_Triangle","https:\/\/www.youtube.com\/channel\/UCTIjmYEMYSpdGonuAgNhbcg"]},{"@type":"Person","@id":"https:\/\/www.eltriangle.eu\/es\/#\/schema\/person\/6e5938f06dd4dcd413779558fbf437d9","name":"Redacci\u00f3 \/ ACN","image":{"@type":"ImageObject","inLanguage":"es","@id":"\/\/www.gravatar.com\/avatar\/a5bc366245a614da74d9f8d49d1b53bf?s=96&#038;r=g&#038;d=mm","url":"\/\/www.gravatar.com\/avatar\/a5bc366245a614da74d9f8d49d1b53bf?s=96&#038;r=g&#038;d=mm","contentUrl":"\/\/www.gravatar.com\/avatar\/a5bc366245a614da74d9f8d49d1b53bf?s=96&#038;r=g&#038;d=mm","caption":"Redacci\u00f3 \/ ACN"},"url":"https:\/\/www.eltriangle.eu\/es\/author\/redaccioacn\/"},{"@type":"SiteNavigationElement","@id":"https:\/\/www.eltriangle.eu\/es\/#site-navigation","cssSelector":[".cib-main-menu"]},{"@type":"WPHeader","@id":"https:\/\/www.eltriangle.eu\/es\/#header","cssSelector":[".cib-header"]},{"@type":"WPFooter","@id":"https:\/\/www.eltriangle.eu\/es\/#footer","cssSelector":[".cib-footer"]}]}},"amp_enabled":true,"_links":{"self":[{"href":"https:\/\/www.eltriangle.eu\/es\/wp-json\/wp\/v2\/posts\/303513","targetHints":{"allow":["GET"]}}],"collection":[{"href":"https:\/\/www.eltriangle.eu\/es\/wp-json\/wp\/v2\/posts"}],"about":[{"href":"https:\/\/www.eltriangle.eu\/es\/wp-json\/wp\/v2\/types\/post"}],"author":[{"embeddable":true,"href":"https:\/\/www.eltriangle.eu\/es\/wp-json\/wp\/v2\/users\/179"}],"replies":[{"embeddable":true,"href":"https:\/\/www.eltriangle.eu\/es\/wp-json\/wp\/v2\/comments?post=303513"}],"version-history":[{"count":0,"href":"https:\/\/www.eltriangle.eu\/es\/wp-json\/wp\/v2\/posts\/303513\/revisions"}],"wp:featuredmedia":[{"embeddable":true,"href":"https:\/\/www.eltriangle.eu\/es\/wp-json\/wp\/v2\/media\/303507"}],"wp:attachment":[{"href":"https:\/\/www.eltriangle.eu\/es\/wp-json\/wp\/v2\/media?parent=303513"}],"wp:term":[{"taxonomy":"category","embeddable":true,"href":"https:\/\/www.eltriangle.eu\/es\/wp-json\/wp\/v2\/categories?post=303513"},{"taxonomy":"post_tag","embeddable":true,"href":"https:\/\/www.eltriangle.eu\/es\/wp-json\/wp\/v2\/tags?post=303513"}],"curies":[{"name":"wp","href":"https:\/\/api.w.org\/{rel}","templated":true}]}}