{"id":303083,"date":"2025-02-07T09:00:54","date_gmt":"2025-02-07T08:00:54","guid":{"rendered":null},"modified":"2025-02-07T11:41:43","modified_gmt":"2025-02-07T10:41:43","slug":"comin-no-teme-que-junts-le-pida-dejar-el-escano-por-la-denuncia-por-acoso-sexual-y-laboral","status":"publish","type":"post","link":"https:\/\/www.eltriangle.eu\/es\/2025\/02\/07\/comin-no-teme-que-junts-le-pida-dejar-el-escano-por-la-denuncia-por-acoso-sexual-y-laboral\/","title":{"rendered":"Com\u00edn no teme que Junts le pida dejar el esca\u00f1o por la denuncia por acoso sexual y laboral"},"content":{"rendered":"<p>El eurodiputado electo de Junts <strong>Toni Com\u00edn<\/strong> no contempla que su partido le pueda pedir dejar el esca\u00f1o en el Parlamento Europeo despu\u00e9s de que se haya hecho p\u00fablica una<strong> denuncia de un exasesor por un supuesto acoso sexual y laboral<\/strong>. Seg\u00fan Com\u00edn, esta posible medida cautelar \u00abno tiene ninguna l\u00f3gica ni fundamento en t\u00e9rminos democr\u00e1ticos\u00bb y \u00abatentar\u00eda contra los principios de la democracia\u00bb.<\/p>\n<p>En una entrevista en SER Catalu\u00f1a, Com\u00edn ha asegurado que donde tiene \u00abning\u00fan temor\u00bb y que no lo contempla\u00bb en ning\u00fan caso\u00bb. En esta l\u00ednea, ha dicho que si Junts est\u00e1 estudiando medidas cautelares \u00abtiene m\u00e1s que ver con intentar ser respetuosos con lo que dice la ley de partidos que con la voluntad del partido\u00bb. En este contexto, el eurodiputado cree que en su caso \u00abno se da la circunstancia de que obligar\u00eda a imponer medidas cautelares\u00bb.<\/p>\n<p>En la entrevista, Com\u00edn ha querido negar \u00abde manera rotunda y contundente\u00bb que haya tenido ninguna \u00abconducta inadecuada\u00bb hacia un exasesor. El eurodiputado ha se\u00f1alado que este asistente no formaba parte de su equipo y ha asegurado que era el trabajador quien le \u00abiba detr\u00e1s desde el punto de vista laboral\u00bb. \u00abLa prueba m\u00e1s clara es que no era asistente m\u00edo y ven\u00eda voluntaria y libremente a las reuniones de mi equipo durante todo el mandato\u00bb, ha a\u00f1adido.<\/p>\n<p>Adem\u00e1s, ha se\u00f1alado que esta denuncia, que se ha presentado al Parlamento Europeo, se haya \u00abpresentado y filtrado\u00bb coincidiendo con la campa\u00f1a electoral en el Consejo de la Rep\u00fablica.<\/p>\n<p><strong>Reducci\u00f3n de la jornada laboral<\/strong><\/p>\n<p>Com\u00edn tambi\u00e9n se ha referido a la reducci\u00f3n de la jornada laboral, una de las cuestiones que su partido est\u00e1 negociando en el Congreso de los Diputados. Mientras que el gobierno espa\u00f1ol ya ha aprobado el decreto para hacerla efectiva, la formaci\u00f3n reclama tener en cuenta las particularidades de Catalu\u00f1a para apoyarla.<\/p>\n<p>El eurodiputado ha dicho que es consciente de \u00abcu\u00e1les eran los argumentos de la patronal en el siglo XIX\u00bb para oponerse a la reducci\u00f3n de la jornada en ese periodo hist\u00f3rico y ha sugerido que son similares a los actuales. \u00abYo s\u00e9 en qu\u00e9 lado de la historia habr\u00eda querido estar en ese momento y de aqu\u00ed a quince a\u00f1os quiero poder decir lo mismo, quiero estar en el lado correcto de la historia\u00bb, ha expuesto. De todas maneras, Com\u00edn ha matizado que \u00abhay muchos argumentos a escuchar\u00bb y que \u00abhay que escuchar a todos e intentar asumir la complejidad del asunto\u00bb.<\/p>\n","protected":false},"excerpt":{"rendered":"<p>El eurodiputado electo de Junts Toni Com\u00edn no contempla que su partido le pueda pedir dejar el esca\u00f1o en el Parlamento Europeo despu\u00e9s de que se haya hecho p\u00fablica una denuncia de un exasesor por un supuesto acoso sexual y laboral. Seg\u00fan Com\u00edn, esta posible medida cautelar \u00abno tiene ninguna l\u00f3gica ni fundamento en t\u00e9rminos &#8230; <a title=\"Com\u00edn no teme que Junts le pida dejar el esca\u00f1o por la denuncia por acoso sexual y laboral\" class=\"read-more\" href=\"https:\/\/www.eltriangle.eu\/es\/2025\/02\/07\/comin-no-teme-que-junts-le-pida-dejar-el-escano-por-la-denuncia-por-acoso-sexual-y-laboral\/\" aria-label=\"Leer m\u00e1s sobre Com\u00edn no teme que Junts le pida dejar el esca\u00f1o por la denuncia por acoso sexual y laboral\">Leer m\u00e1s<\/a><\/p>\n","protected":false},"author":93,"featured_media":303077,"comment_status":"open","ping_status":"closed","sticky":false,"template":"","format":"standard","meta":{"_acf_changed":false,"pmpro_default_level":"","footnotes":""},"categories":[24,74],"tags":[1202,601,277,306],"class_list":["post-303083","post","type-post","status-publish","format-standard","has-post-thumbnail","hentry","category-actualidad","category-poderes","tag-acoso-sexual","tag-junts-es","tag-parlamento-europeo","tag-toni-comin-es","lh_instant_articles-syndicate-yes","pmpro-has-access"],"acf":[],"yoast_head":"<!-- This site is optimized with the Yoast SEO plugin v27.4 - https:\/\/yoast.com\/product\/yoast-seo-wordpress\/ -->\n<title>Com\u00edn no teme que Junts le pida dejar el esca\u00f1o por la denuncia por acoso sexual y laboral - El Triangle<\/title>\n<meta name=\"description\" content=\"El eurodiputado electo de Junts Toni Com\u00edn no contempla que su partido le pueda pedir dejar el esca\u00f1o en el Parlamento Europeo despu\u00e9s de que se haya\" class=\"yoast-seo-meta-tag\" \/>\n<meta name=\"robots\" content=\"index, follow, max-snippet:-1, max-image-preview:large, max-video-preview:-1\" \/>\n<link rel=\"canonical\" href=\"https:\/\/www.eltriangle.eu\/es\/2025\/02\/07\/comin-no-teme-que-junts-le-pida-dejar-el-escano-por-la-denuncia-por-acoso-sexual-y-laboral\/\" class=\"yoast-seo-meta-tag\" \/>\n<meta property=\"og:locale\" content=\"es_ES\" class=\"yoast-seo-meta-tag\" \/>\n<meta property=\"og:type\" content=\"article\" class=\"yoast-seo-meta-tag\" \/>\n<meta property=\"og:title\" content=\"Com\u00edn no teme que Junts le pida dejar el esca\u00f1o por la denuncia por acoso sexual y laboral - El Triangle\" class=\"yoast-seo-meta-tag\" \/>\n<meta property=\"og:description\" content=\"El eurodiputado electo de Junts Toni Com\u00edn no contempla que su partido le pueda pedir dejar el esca\u00f1o en el Parlamento Europeo despu\u00e9s de que se haya\" class=\"yoast-seo-meta-tag\" \/>\n<meta property=\"og:url\" content=\"https:\/\/www.eltriangle.eu\/es\/2025\/02\/07\/comin-no-teme-que-junts-le-pida-dejar-el-escano-por-la-denuncia-por-acoso-sexual-y-laboral\/\" class=\"yoast-seo-meta-tag\" \/>\n<meta property=\"og:site_name\" content=\"El Triangle\" class=\"yoast-seo-meta-tag\" \/>\n<meta property=\"article:publisher\" content=\"https:\/\/www.facebook.com\/El-Triangle-Diari-101787399020302\" class=\"yoast-seo-meta-tag\" \/>\n<meta property=\"article:published_time\" content=\"2025-02-07T08:00:54+00:00\" class=\"yoast-seo-meta-tag\" \/>\n<meta property=\"article:modified_time\" content=\"2025-02-07T10:41:43+00:00\" class=\"yoast-seo-meta-tag\" \/>\n<meta property=\"og:image\" content=\"https:\/\/www.eltriangle.eu\/wp-content\/uploads\/2025\/02\/toni-comin.jpg\" class=\"yoast-seo-meta-tag\" \/>\n\t<meta property=\"og:image:width\" content=\"1200\" class=\"yoast-seo-meta-tag\" \/>\n\t<meta property=\"og:image:height\" content=\"800\" class=\"yoast-seo-meta-tag\" \/>\n\t<meta property=\"og:image:type\" content=\"image\/jpeg\" class=\"yoast-seo-meta-tag\" \/>\n<meta name=\"author\" content=\"redaccio\" class=\"yoast-seo-meta-tag\" \/>\n<meta name=\"twitter:card\" content=\"summary_large_image\" class=\"yoast-seo-meta-tag\" \/>\n<meta name=\"twitter:creator\" content=\"@El_Triangle\" class=\"yoast-seo-meta-tag\" \/>\n<meta name=\"twitter:site\" content=\"@El_Triangle\" class=\"yoast-seo-meta-tag\" \/>\n<meta name=\"twitter:label1\" content=\"Escrito por\" class=\"yoast-seo-meta-tag\" \/>\n\t<meta name=\"twitter:data1\" content=\"redaccio\" class=\"yoast-seo-meta-tag\" \/>\n\t<meta name=\"twitter:label2\" content=\"Tiempo de lectura\" class=\"yoast-seo-meta-tag\" \/>\n\t<meta name=\"twitter:data2\" content=\"2 minutos\" class=\"yoast-seo-meta-tag\" \/>\n<script type=\"application\/ld+json\" class=\"yoast-schema-graph\">{\"@context\":\"https:\\\/\\\/schema.org\",\"@graph\":[{\"@type\":\"NewsArticle\",\"@id\":\"https:\\\/\\\/www.eltriangle.eu\\\/es\\\/2025\\\/02\\\/07\\\/comin-no-teme-que-junts-le-pida-dejar-el-escano-por-la-denuncia-por-acoso-sexual-y-laboral\\\/#article\",\"isPartOf\":{\"@id\":\"https:\\\/\\\/www.eltriangle.eu\\\/es\\\/2025\\\/02\\\/07\\\/comin-no-teme-que-junts-le-pida-dejar-el-escano-por-la-denuncia-por-acoso-sexual-y-laboral\\\/\"},\"author\":{\"name\":\"redaccio\",\"@id\":\"https:\\\/\\\/www.eltriangle.eu\\\/es\\\/#\\\/schema\\\/person\\\/7e5bff7fe0202e362b26fcec2bd6f383\"},\"headline\":\"Com\u00edn no teme que Junts le pida dejar el esca\u00f1o por la denuncia por acoso sexual y laboral\",\"datePublished\":\"2025-02-07T08:00:54+00:00\",\"dateModified\":\"2025-02-07T10:41:43+00:00\",\"mainEntityOfPage\":{\"@id\":\"https:\\\/\\\/www.eltriangle.eu\\\/es\\\/2025\\\/02\\\/07\\\/comin-no-teme-que-junts-le-pida-dejar-el-escano-por-la-denuncia-por-acoso-sexual-y-laboral\\\/\"},\"wordCount\":469,\"commentCount\":0,\"publisher\":{\"@id\":\"https:\\\/\\\/www.eltriangle.eu\\\/es\\\/#organization\"},\"image\":{\"@id\":\"https:\\\/\\\/www.eltriangle.eu\\\/es\\\/2025\\\/02\\\/07\\\/comin-no-teme-que-junts-le-pida-dejar-el-escano-por-la-denuncia-por-acoso-sexual-y-laboral\\\/#primaryimage\"},\"thumbnailUrl\":\"https:\\\/\\\/www.eltriangle.eu\\\/wp-content\\\/uploads\\\/2025\\\/02\\\/toni-comin.jpg\",\"keywords\":[\"acoso sexual\",\"Junts\",\"Parlamento Europeo\",\"Toni Com\u00edn\"],\"articleSection\":[\"Actualidad\",\"Poderes\"],\"inLanguage\":\"es\",\"potentialAction\":[{\"@type\":\"CommentAction\",\"name\":\"Comment\",\"target\":[\"https:\\\/\\\/www.eltriangle.eu\\\/es\\\/2025\\\/02\\\/07\\\/comin-no-teme-que-junts-le-pida-dejar-el-escano-por-la-denuncia-por-acoso-sexual-y-laboral\\\/#respond\"]}]},{\"@type\":\"WebPage\",\"@id\":\"https:\\\/\\\/www.eltriangle.eu\\\/es\\\/2025\\\/02\\\/07\\\/comin-no-teme-que-junts-le-pida-dejar-el-escano-por-la-denuncia-por-acoso-sexual-y-laboral\\\/\",\"url\":\"https:\\\/\\\/www.eltriangle.eu\\\/es\\\/2025\\\/02\\\/07\\\/comin-no-teme-que-junts-le-pida-dejar-el-escano-por-la-denuncia-por-acoso-sexual-y-laboral\\\/\",\"name\":\"Com\u00edn no teme que Junts le pida dejar el esca\u00f1o por la denuncia por acoso sexual y laboral - El Triangle\",\"isPartOf\":{\"@id\":\"https:\\\/\\\/www.eltriangle.eu\\\/es\\\/#website\"},\"primaryImageOfPage\":{\"@id\":\"https:\\\/\\\/www.eltriangle.eu\\\/es\\\/2025\\\/02\\\/07\\\/comin-no-teme-que-junts-le-pida-dejar-el-escano-por-la-denuncia-por-acoso-sexual-y-laboral\\\/#primaryimage\"},\"image\":{\"@id\":\"https:\\\/\\\/www.eltriangle.eu\\\/es\\\/2025\\\/02\\\/07\\\/comin-no-teme-que-junts-le-pida-dejar-el-escano-por-la-denuncia-por-acoso-sexual-y-laboral\\\/#primaryimage\"},\"thumbnailUrl\":\"https:\\\/\\\/www.eltriangle.eu\\\/wp-content\\\/uploads\\\/2025\\\/02\\\/toni-comin.jpg\",\"datePublished\":\"2025-02-07T08:00:54+00:00\",\"dateModified\":\"2025-02-07T10:41:43+00:00\",\"description\":\"El eurodiputado electo de Junts Toni Com\u00edn no contempla que su partido le pueda pedir dejar el esca\u00f1o en el Parlamento Europeo despu\u00e9s de que se haya\",\"breadcrumb\":{\"@id\":\"https:\\\/\\\/www.eltriangle.eu\\\/es\\\/2025\\\/02\\\/07\\\/comin-no-teme-que-junts-le-pida-dejar-el-escano-por-la-denuncia-por-acoso-sexual-y-laboral\\\/#breadcrumb\"},\"inLanguage\":\"es\",\"potentialAction\":[{\"@type\":\"ReadAction\",\"target\":[\"https:\\\/\\\/www.eltriangle.eu\\\/es\\\/2025\\\/02\\\/07\\\/comin-no-teme-que-junts-le-pida-dejar-el-escano-por-la-denuncia-por-acoso-sexual-y-laboral\\\/\"]}]},{\"@type\":\"ImageObject\",\"inLanguage\":\"es\",\"@id\":\"https:\\\/\\\/www.eltriangle.eu\\\/es\\\/2025\\\/02\\\/07\\\/comin-no-teme-que-junts-le-pida-dejar-el-escano-por-la-denuncia-por-acoso-sexual-y-laboral\\\/#primaryimage\",\"url\":\"https:\\\/\\\/www.eltriangle.eu\\\/wp-content\\\/uploads\\\/2025\\\/02\\\/toni-comin.jpg\",\"contentUrl\":\"https:\\\/\\\/www.eltriangle.eu\\\/wp-content\\\/uploads\\\/2025\\\/02\\\/toni-comin.jpg\",\"width\":1200,\"height\":800,\"caption\":\"Toni Com\u00edn\"},{\"@type\":\"BreadcrumbList\",\"@id\":\"https:\\\/\\\/www.eltriangle.eu\\\/es\\\/2025\\\/02\\\/07\\\/comin-no-teme-que-junts-le-pida-dejar-el-escano-por-la-denuncia-por-acoso-sexual-y-laboral\\\/#breadcrumb\",\"itemListElement\":[{\"@type\":\"ListItem\",\"position\":1,\"name\":\"Portada\",\"item\":\"https:\\\/\\\/www.eltriangle.eu\\\/es\\\/\"},{\"@type\":\"ListItem\",\"position\":2,\"name\":\"Com\u00edn no teme que Junts le pida dejar el esca\u00f1o por la denuncia por acoso sexual y laboral\"}]},{\"@type\":\"WebSite\",\"@id\":\"https:\\\/\\\/www.eltriangle.eu\\\/es\\\/#website\",\"url\":\"https:\\\/\\\/www.eltriangle.eu\\\/es\\\/\",\"name\":\"El Triangle\",\"description\":\"El Triangle \u00e9s un Diari d&#039;informaci\u00f3 general, editat a Catalunya i escrit en llengua catalana, especialitzat en investigaci\u00f3 period\u00edstica\",\"publisher\":{\"@id\":\"https:\\\/\\\/www.eltriangle.eu\\\/es\\\/#organization\"},\"potentialAction\":[{\"@type\":\"SearchAction\",\"target\":{\"@type\":\"EntryPoint\",\"urlTemplate\":\"https:\\\/\\\/www.eltriangle.eu\\\/es\\\/?s={search_term_string}\"},\"query-input\":{\"@type\":\"PropertyValueSpecification\",\"valueRequired\":true,\"valueName\":\"search_term_string\"}}],\"inLanguage\":\"es\"},{\"@type\":[\"Organization\",\"NewsMediaOrganization\"],\"@id\":\"https:\\\/\\\/www.eltriangle.eu\\\/es\\\/#organization\",\"name\":\"El Triangle\",\"url\":\"https:\\\/\\\/www.eltriangle.eu\\\/es\\\/\",\"logo\":{\"@type\":\"ImageObject\",\"inLanguage\":\"es\",\"@id\":\"https:\\\/\\\/www.eltriangle.eu\\\/es\\\/#\\\/schema\\\/logo\\\/image\\\/\",\"url\":\"https:\\\/\\\/www.eltriangle.eu\\\/wp-content\\\/uploads\\\/2020\\\/11\\\/triangle_logo-ajustado.jpg\",\"contentUrl\":\"https:\\\/\\\/www.eltriangle.eu\\\/wp-content\\\/uploads\\\/2020\\\/11\\\/triangle_logo-ajustado.jpg\",\"width\":521,\"height\":92,\"caption\":\"El Triangle\"},\"image\":{\"@id\":\"https:\\\/\\\/www.eltriangle.eu\\\/es\\\/#\\\/schema\\\/logo\\\/image\\\/\"},\"sameAs\":[\"https:\\\/\\\/www.facebook.com\\\/El-Triangle-Diari-101787399020302\",\"https:\\\/\\\/x.com\\\/El_Triangle\",\"https:\\\/\\\/www.youtube.com\\\/channel\\\/UCTIjmYEMYSpdGonuAgNhbcg\"]},{\"@type\":\"Person\",\"@id\":\"https:\\\/\\\/www.eltriangle.eu\\\/es\\\/#\\\/schema\\\/person\\\/7e5bff7fe0202e362b26fcec2bd6f383\",\"name\":\"redaccio\",\"image\":{\"@type\":\"ImageObject\",\"inLanguage\":\"es\",\"@id\":\"\\\/\\\/www.gravatar.com\\\/avatar\\\/5661b3e51fe6027f31ed1f408d22a917?s=96&#038;r=g&#038;d=mm\",\"url\":\"\\\/\\\/www.gravatar.com\\\/avatar\\\/5661b3e51fe6027f31ed1f408d22a917?s=96&#038;r=g&#038;d=mm\",\"contentUrl\":\"\\\/\\\/www.gravatar.com\\\/avatar\\\/5661b3e51fe6027f31ed1f408d22a917?s=96&#038;r=g&#038;d=mm\",\"caption\":\"redaccio\"},\"url\":\"https:\\\/\\\/www.eltriangle.eu\\\/es\\\/author\\\/redaccio\\\/\"},{\"@type\":\"SiteNavigationElement\",\"@id\":\"https:\\\/\\\/www.eltriangle.eu\\\/es\\\/#site-navigation\",\"cssSelector\":[\".cib-main-menu\"]},{\"@type\":\"WPHeader\",\"@id\":\"https:\\\/\\\/www.eltriangle.eu\\\/es\\\/#header\",\"cssSelector\":[\".cib-header\"]},{\"@type\":\"WPFooter\",\"@id\":\"https:\\\/\\\/www.eltriangle.eu\\\/es\\\/#footer\",\"cssSelector\":[\".cib-footer\"]}]}<\/script>\n<!-- \/ Yoast SEO plugin. -->","yoast_head_json":{"title":"Com\u00edn no teme que Junts le pida dejar el esca\u00f1o por la denuncia por acoso sexual y laboral - El Triangle","description":"El eurodiputado electo de Junts Toni Com\u00edn no contempla que su partido le pueda pedir dejar el esca\u00f1o en el Parlamento Europeo despu\u00e9s de que se haya","robots":{"index":"index","follow":"follow","max-snippet":"max-snippet:-1","max-image-preview":"max-image-preview:large","max-video-preview":"max-video-preview:-1"},"canonical":"https:\/\/www.eltriangle.eu\/es\/2025\/02\/07\/comin-no-teme-que-junts-le-pida-dejar-el-escano-por-la-denuncia-por-acoso-sexual-y-laboral\/","og_locale":"es_ES","og_type":"article","og_title":"Com\u00edn no teme que Junts le pida dejar el esca\u00f1o por la denuncia por acoso sexual y laboral - El Triangle","og_description":"El eurodiputado electo de Junts Toni Com\u00edn no contempla que su partido le pueda pedir dejar el esca\u00f1o en el Parlamento Europeo despu\u00e9s de que se haya","og_url":"https:\/\/www.eltriangle.eu\/es\/2025\/02\/07\/comin-no-teme-que-junts-le-pida-dejar-el-escano-por-la-denuncia-por-acoso-sexual-y-laboral\/","og_site_name":"El Triangle","article_publisher":"https:\/\/www.facebook.com\/El-Triangle-Diari-101787399020302","article_published_time":"2025-02-07T08:00:54+00:00","article_modified_time":"2025-02-07T10:41:43+00:00","og_image":[{"width":1200,"height":800,"url":"https:\/\/www.eltriangle.eu\/wp-content\/uploads\/2025\/02\/toni-comin.jpg","type":"image\/jpeg"}],"author":"redaccio","twitter_card":"summary_large_image","twitter_creator":"@El_Triangle","twitter_site":"@El_Triangle","twitter_misc":{"Escrito por":"redaccio","Tiempo de lectura":"2 minutos"},"schema":{"@context":"https:\/\/schema.org","@graph":[{"@type":"NewsArticle","@id":"https:\/\/www.eltriangle.eu\/es\/2025\/02\/07\/comin-no-teme-que-junts-le-pida-dejar-el-escano-por-la-denuncia-por-acoso-sexual-y-laboral\/#article","isPartOf":{"@id":"https:\/\/www.eltriangle.eu\/es\/2025\/02\/07\/comin-no-teme-que-junts-le-pida-dejar-el-escano-por-la-denuncia-por-acoso-sexual-y-laboral\/"},"author":{"name":"redaccio","@id":"https:\/\/www.eltriangle.eu\/es\/#\/schema\/person\/7e5bff7fe0202e362b26fcec2bd6f383"},"headline":"Com\u00edn no teme que Junts le pida dejar el esca\u00f1o por la denuncia por acoso sexual y laboral","datePublished":"2025-02-07T08:00:54+00:00","dateModified":"2025-02-07T10:41:43+00:00","mainEntityOfPage":{"@id":"https:\/\/www.eltriangle.eu\/es\/2025\/02\/07\/comin-no-teme-que-junts-le-pida-dejar-el-escano-por-la-denuncia-por-acoso-sexual-y-laboral\/"},"wordCount":469,"commentCount":0,"publisher":{"@id":"https:\/\/www.eltriangle.eu\/es\/#organization"},"image":{"@id":"https:\/\/www.eltriangle.eu\/es\/2025\/02\/07\/comin-no-teme-que-junts-le-pida-dejar-el-escano-por-la-denuncia-por-acoso-sexual-y-laboral\/#primaryimage"},"thumbnailUrl":"https:\/\/www.eltriangle.eu\/wp-content\/uploads\/2025\/02\/toni-comin.jpg","keywords":["acoso sexual","Junts","Parlamento Europeo","Toni Com\u00edn"],"articleSection":["Actualidad","Poderes"],"inLanguage":"es","potentialAction":[{"@type":"CommentAction","name":"Comment","target":["https:\/\/www.eltriangle.eu\/es\/2025\/02\/07\/comin-no-teme-que-junts-le-pida-dejar-el-escano-por-la-denuncia-por-acoso-sexual-y-laboral\/#respond"]}]},{"@type":"WebPage","@id":"https:\/\/www.eltriangle.eu\/es\/2025\/02\/07\/comin-no-teme-que-junts-le-pida-dejar-el-escano-por-la-denuncia-por-acoso-sexual-y-laboral\/","url":"https:\/\/www.eltriangle.eu\/es\/2025\/02\/07\/comin-no-teme-que-junts-le-pida-dejar-el-escano-por-la-denuncia-por-acoso-sexual-y-laboral\/","name":"Com\u00edn no teme que Junts le pida dejar el esca\u00f1o por la denuncia por acoso sexual y laboral - El Triangle","isPartOf":{"@id":"https:\/\/www.eltriangle.eu\/es\/#website"},"primaryImageOfPage":{"@id":"https:\/\/www.eltriangle.eu\/es\/2025\/02\/07\/comin-no-teme-que-junts-le-pida-dejar-el-escano-por-la-denuncia-por-acoso-sexual-y-laboral\/#primaryimage"},"image":{"@id":"https:\/\/www.eltriangle.eu\/es\/2025\/02\/07\/comin-no-teme-que-junts-le-pida-dejar-el-escano-por-la-denuncia-por-acoso-sexual-y-laboral\/#primaryimage"},"thumbnailUrl":"https:\/\/www.eltriangle.eu\/wp-content\/uploads\/2025\/02\/toni-comin.jpg","datePublished":"2025-02-07T08:00:54+00:00","dateModified":"2025-02-07T10:41:43+00:00","description":"El eurodiputado electo de Junts Toni Com\u00edn no contempla que su partido le pueda pedir dejar el esca\u00f1o en el Parlamento Europeo despu\u00e9s de que se haya","breadcrumb":{"@id":"https:\/\/www.eltriangle.eu\/es\/2025\/02\/07\/comin-no-teme-que-junts-le-pida-dejar-el-escano-por-la-denuncia-por-acoso-sexual-y-laboral\/#breadcrumb"},"inLanguage":"es","potentialAction":[{"@type":"ReadAction","target":["https:\/\/www.eltriangle.eu\/es\/2025\/02\/07\/comin-no-teme-que-junts-le-pida-dejar-el-escano-por-la-denuncia-por-acoso-sexual-y-laboral\/"]}]},{"@type":"ImageObject","inLanguage":"es","@id":"https:\/\/www.eltriangle.eu\/es\/2025\/02\/07\/comin-no-teme-que-junts-le-pida-dejar-el-escano-por-la-denuncia-por-acoso-sexual-y-laboral\/#primaryimage","url":"https:\/\/www.eltriangle.eu\/wp-content\/uploads\/2025\/02\/toni-comin.jpg","contentUrl":"https:\/\/www.eltriangle.eu\/wp-content\/uploads\/2025\/02\/toni-comin.jpg","width":1200,"height":800,"caption":"Toni Com\u00edn"},{"@type":"BreadcrumbList","@id":"https:\/\/www.eltriangle.eu\/es\/2025\/02\/07\/comin-no-teme-que-junts-le-pida-dejar-el-escano-por-la-denuncia-por-acoso-sexual-y-laboral\/#breadcrumb","itemListElement":[{"@type":"ListItem","position":1,"name":"Portada","item":"https:\/\/www.eltriangle.eu\/es\/"},{"@type":"ListItem","position":2,"name":"Com\u00edn no teme que Junts le pida dejar el esca\u00f1o por la denuncia por acoso sexual y laboral"}]},{"@type":"WebSite","@id":"https:\/\/www.eltriangle.eu\/es\/#website","url":"https:\/\/www.eltriangle.eu\/es\/","name":"El Triangle","description":"El Triangle \u00e9s un Diari d&#039;informaci\u00f3 general, editat a Catalunya i escrit en llengua catalana, especialitzat en investigaci\u00f3 period\u00edstica","publisher":{"@id":"https:\/\/www.eltriangle.eu\/es\/#organization"},"potentialAction":[{"@type":"SearchAction","target":{"@type":"EntryPoint","urlTemplate":"https:\/\/www.eltriangle.eu\/es\/?s={search_term_string}"},"query-input":{"@type":"PropertyValueSpecification","valueRequired":true,"valueName":"search_term_string"}}],"inLanguage":"es"},{"@type":["Organization","NewsMediaOrganization"],"@id":"https:\/\/www.eltriangle.eu\/es\/#organization","name":"El Triangle","url":"https:\/\/www.eltriangle.eu\/es\/","logo":{"@type":"ImageObject","inLanguage":"es","@id":"https:\/\/www.eltriangle.eu\/es\/#\/schema\/logo\/image\/","url":"https:\/\/www.eltriangle.eu\/wp-content\/uploads\/2020\/11\/triangle_logo-ajustado.jpg","contentUrl":"https:\/\/www.eltriangle.eu\/wp-content\/uploads\/2020\/11\/triangle_logo-ajustado.jpg","width":521,"height":92,"caption":"El Triangle"},"image":{"@id":"https:\/\/www.eltriangle.eu\/es\/#\/schema\/logo\/image\/"},"sameAs":["https:\/\/www.facebook.com\/El-Triangle-Diari-101787399020302","https:\/\/x.com\/El_Triangle","https:\/\/www.youtube.com\/channel\/UCTIjmYEMYSpdGonuAgNhbcg"]},{"@type":"Person","@id":"https:\/\/www.eltriangle.eu\/es\/#\/schema\/person\/7e5bff7fe0202e362b26fcec2bd6f383","name":"redaccio","image":{"@type":"ImageObject","inLanguage":"es","@id":"\/\/www.gravatar.com\/avatar\/5661b3e51fe6027f31ed1f408d22a917?s=96&#038;r=g&#038;d=mm","url":"\/\/www.gravatar.com\/avatar\/5661b3e51fe6027f31ed1f408d22a917?s=96&#038;r=g&#038;d=mm","contentUrl":"\/\/www.gravatar.com\/avatar\/5661b3e51fe6027f31ed1f408d22a917?s=96&#038;r=g&#038;d=mm","caption":"redaccio"},"url":"https:\/\/www.eltriangle.eu\/es\/author\/redaccio\/"},{"@type":"SiteNavigationElement","@id":"https:\/\/www.eltriangle.eu\/es\/#site-navigation","cssSelector":[".cib-main-menu"]},{"@type":"WPHeader","@id":"https:\/\/www.eltriangle.eu\/es\/#header","cssSelector":[".cib-header"]},{"@type":"WPFooter","@id":"https:\/\/www.eltriangle.eu\/es\/#footer","cssSelector":[".cib-footer"]}]}},"amp_enabled":true,"_links":{"self":[{"href":"https:\/\/www.eltriangle.eu\/es\/wp-json\/wp\/v2\/posts\/303083","targetHints":{"allow":["GET"]}}],"collection":[{"href":"https:\/\/www.eltriangle.eu\/es\/wp-json\/wp\/v2\/posts"}],"about":[{"href":"https:\/\/www.eltriangle.eu\/es\/wp-json\/wp\/v2\/types\/post"}],"author":[{"embeddable":true,"href":"https:\/\/www.eltriangle.eu\/es\/wp-json\/wp\/v2\/users\/93"}],"replies":[{"embeddable":true,"href":"https:\/\/www.eltriangle.eu\/es\/wp-json\/wp\/v2\/comments?post=303083"}],"version-history":[{"count":0,"href":"https:\/\/www.eltriangle.eu\/es\/wp-json\/wp\/v2\/posts\/303083\/revisions"}],"wp:featuredmedia":[{"embeddable":true,"href":"https:\/\/www.eltriangle.eu\/es\/wp-json\/wp\/v2\/media\/303077"}],"wp:attachment":[{"href":"https:\/\/www.eltriangle.eu\/es\/wp-json\/wp\/v2\/media?parent=303083"}],"wp:term":[{"taxonomy":"category","embeddable":true,"href":"https:\/\/www.eltriangle.eu\/es\/wp-json\/wp\/v2\/categories?post=303083"},{"taxonomy":"post_tag","embeddable":true,"href":"https:\/\/www.eltriangle.eu\/es\/wp-json\/wp\/v2\/tags?post=303083"}],"curies":[{"name":"wp","href":"https:\/\/api.w.org\/{rel}","templated":true}]}}