{"id":301559,"date":"2025-01-30T11:15:59","date_gmt":"2025-01-30T10:15:59","guid":{"rendered":null},"modified":"2025-01-30T11:33:16","modified_gmt":"2025-01-30T10:33:16","slug":"el-gobierno-de-espana-confia-en-que-el-acuerdo-con-junts-sobre-el-escudo-social-facilite-la-negociacion-de-los-presupuestos","status":"publish","type":"post","link":"https:\/\/www.eltriangle.eu\/es\/2025\/01\/30\/el-gobierno-de-espana-confia-en-que-el-acuerdo-con-junts-sobre-el-escudo-social-facilite-la-negociacion-de-los-presupuestos\/","title":{"rendered":"El Gobierno de Espa\u00f1a conf\u00eda en que el acuerdo con Junts sobre el escudo social facilite la negociaci\u00f3n de los Presupuestos"},"content":{"rendered":"<p>El<strong> Gobierno de Espa\u00f1a<\/strong> se ha mostrado optimista sobre la negociaci\u00f3n <strong>de los Presupuestos Generales del Estado<\/strong> para 2025, que hasta ahora no ha presentado por falta de entendimiento con los grupos de la oposici\u00f3n. Tras el acuerdo de esta semana con <strong>Junts<\/strong> sobre el <strong>decreto del escudo social<\/strong>, el ministro de la Presidencia, <strong>F\u00e9lix Bola\u00f1os<\/strong>, ha afirmado que los acuerdos hacen \u00abm\u00e1s f\u00e1cil conseguir otros acuerdos\u00bb y en estos momentos hay \u00abun clima de di\u00e1logo\u00bb que hace factible abordar la negociaci\u00f3n de las cuentas.<\/p>\n<p>Fuentes de la Moncloa citadas por la ACN han insistido en que aunque el ejecutivo es \u00abconsciente\u00bb de que esta ser\u00e1 una negociaci\u00f3n \u00abmuy compleja\u00bb en la que hay que encontrar puntos de equilibrio en un Congreso fragmentado y con fuerzas que tienen sensibilidades muy diferentes, en los \u00faltimos siete a\u00f1os se ha demostrado la capacidad del gobierno de <strong>Pedro S\u00e1nchez<\/strong> de llegar a acuerdos.<\/p>\n<p>\u00abNos esforzaremos y no daremos el partido por perdido en ning\u00fan momento, porque hemos demostrado que se puede llegar a acuerdos para beneficiar a la mayor\u00eda social\u00bb, sostienen. En este sentido, recuerdan que los presupuestos son una herramienta importante para redistribuir la riqueza que deriva de los buenos resultados econ\u00f3micos, y han destacado que la alternativa al modelo del gobierno de coalici\u00f3n es \u00abla ley de la selva\u00bb.<\/p>\n<p>Tambi\u00e9n este mi\u00e9rcoles, en una entrevista en La Sexta, la vicepresidenta primera del gobierno espa\u00f1ol, <strong>Mar\u00eda Jes\u00fas Montero<\/strong>, hab\u00eda expresado su optimismo respecto a los presupuestos. \u00abSiempre que hay un acuerdo se pone de manifiesto que tenemos posibilidad de seguir encontr\u00e1ndonos\u00bb, y \u00abel gobierno est\u00e1 dialogando y lo seguir\u00e1 haciendo con todas las fuerzas parlamentarias para intentar tener unas nuevas cuentas p\u00fablicas para 2025\u00bb, hab\u00eda dicho.<\/p>\n","protected":false},"excerpt":{"rendered":"<p>El Gobierno de Espa\u00f1a se ha mostrado optimista sobre la negociaci\u00f3n de los Presupuestos Generales del Estado para 2025, que hasta ahora no ha presentado por falta de entendimiento con los grupos de la oposici\u00f3n. Tras el acuerdo de esta semana con Junts sobre el decreto del escudo social, el ministro de la Presidencia, F\u00e9lix &#8230; <a title=\"El Gobierno de Espa\u00f1a conf\u00eda en que el acuerdo con Junts sobre el escudo social facilite la negociaci\u00f3n de los Presupuestos\" class=\"read-more\" href=\"https:\/\/www.eltriangle.eu\/es\/2025\/01\/30\/el-gobierno-de-espana-confia-en-que-el-acuerdo-con-junts-sobre-el-escudo-social-facilite-la-negociacion-de-los-presupuestos\/\" aria-label=\"Leer m\u00e1s sobre El Gobierno de Espa\u00f1a conf\u00eda en que el acuerdo con Junts sobre el escudo social facilite la negociaci\u00f3n de los Presupuestos\">Leer m\u00e1s<\/a><\/p>\n","protected":false},"author":179,"featured_media":301557,"comment_status":"open","ping_status":"closed","sticky":false,"template":"","format":"standard","meta":{"_acf_changed":false,"pmpro_default_level":"","footnotes":""},"categories":[24,74],"tags":[1940,706,455,3957],"class_list":["post-301559","post","type-post","status-publish","format-standard","has-post-thumbnail","hentry","category-actualidad","category-poderes","tag-felix-bolanos-es","tag-maria-jesus-montero-es","tag-pedro-sanchez-es","tag-pressupostos-generals-de-lestat-es","lh_instant_articles-syndicate-yes","pmpro-has-access"],"acf":[],"yoast_head":"<!-- This site is optimized with the Yoast SEO plugin v27.4 - https:\/\/yoast.com\/product\/yoast-seo-wordpress\/ -->\n<title>El Gobierno de Espa\u00f1a conf\u00eda en que el acuerdo con Junts sobre el escudo social facilite la negociaci\u00f3n de los Presupuestos - El Triangle<\/title>\n<meta name=\"description\" content=\"El Gobierno de Espa\u00f1a se ha mostrado optimista sobre la negociaci\u00f3n de los Presupuestos Generales del Estado para 2025, que hasta ahora no ha presentado\" class=\"yoast-seo-meta-tag\" \/>\n<meta name=\"robots\" content=\"index, follow, max-snippet:-1, max-image-preview:large, max-video-preview:-1\" \/>\n<link rel=\"canonical\" href=\"https:\/\/www.eltriangle.eu\/es\/2025\/01\/30\/el-gobierno-de-espana-confia-en-que-el-acuerdo-con-junts-sobre-el-escudo-social-facilite-la-negociacion-de-los-presupuestos\/\" class=\"yoast-seo-meta-tag\" \/>\n<meta property=\"og:locale\" content=\"es_ES\" class=\"yoast-seo-meta-tag\" \/>\n<meta property=\"og:type\" content=\"article\" class=\"yoast-seo-meta-tag\" \/>\n<meta property=\"og:title\" content=\"El Gobierno de Espa\u00f1a conf\u00eda en que el acuerdo con Junts sobre el escudo social facilite la negociaci\u00f3n de los Presupuestos - El Triangle\" class=\"yoast-seo-meta-tag\" \/>\n<meta property=\"og:description\" content=\"El Gobierno de Espa\u00f1a se ha mostrado optimista sobre la negociaci\u00f3n de los Presupuestos Generales del Estado para 2025, que hasta ahora no ha presentado\" class=\"yoast-seo-meta-tag\" \/>\n<meta property=\"og:url\" content=\"https:\/\/www.eltriangle.eu\/es\/2025\/01\/30\/el-gobierno-de-espana-confia-en-que-el-acuerdo-con-junts-sobre-el-escudo-social-facilite-la-negociacion-de-los-presupuestos\/\" class=\"yoast-seo-meta-tag\" \/>\n<meta property=\"og:site_name\" content=\"El Triangle\" class=\"yoast-seo-meta-tag\" \/>\n<meta property=\"article:publisher\" content=\"https:\/\/www.facebook.com\/El-Triangle-Diari-101787399020302\" class=\"yoast-seo-meta-tag\" \/>\n<meta property=\"article:published_time\" content=\"2025-01-30T10:15:59+00:00\" class=\"yoast-seo-meta-tag\" \/>\n<meta property=\"article:modified_time\" content=\"2025-01-30T10:33:16+00:00\" class=\"yoast-seo-meta-tag\" \/>\n<meta property=\"og:image\" content=\"https:\/\/www.eltriangle.eu\/wp-content\/uploads\/2025\/01\/la-vicepresidenta-maria-jesus-montero-foto-acn-miquel-vera.jpg\" class=\"yoast-seo-meta-tag\" \/>\n\t<meta property=\"og:image:width\" content=\"1200\" class=\"yoast-seo-meta-tag\" \/>\n\t<meta property=\"og:image:height\" content=\"800\" class=\"yoast-seo-meta-tag\" \/>\n\t<meta property=\"og:image:type\" content=\"image\/jpeg\" class=\"yoast-seo-meta-tag\" \/>\n<meta name=\"author\" content=\"Redacci\u00f3 \/ ACN\" class=\"yoast-seo-meta-tag\" \/>\n<meta name=\"twitter:card\" content=\"summary_large_image\" class=\"yoast-seo-meta-tag\" \/>\n<meta name=\"twitter:creator\" content=\"@El_Triangle\" class=\"yoast-seo-meta-tag\" \/>\n<meta name=\"twitter:site\" content=\"@El_Triangle\" class=\"yoast-seo-meta-tag\" \/>\n<meta name=\"twitter:label1\" content=\"Escrito por\" class=\"yoast-seo-meta-tag\" \/>\n\t<meta name=\"twitter:data1\" content=\"Redacci\u00f3 \/ ACN\" class=\"yoast-seo-meta-tag\" \/>\n\t<meta name=\"twitter:label2\" content=\"Tiempo de lectura\" class=\"yoast-seo-meta-tag\" \/>\n\t<meta name=\"twitter:data2\" content=\"2 minutos\" class=\"yoast-seo-meta-tag\" \/>\n<script type=\"application\/ld+json\" class=\"yoast-schema-graph\">{\"@context\":\"https:\\\/\\\/schema.org\",\"@graph\":[{\"@type\":\"NewsArticle\",\"@id\":\"https:\\\/\\\/www.eltriangle.eu\\\/es\\\/2025\\\/01\\\/30\\\/el-gobierno-de-espana-confia-en-que-el-acuerdo-con-junts-sobre-el-escudo-social-facilite-la-negociacion-de-los-presupuestos\\\/#article\",\"isPartOf\":{\"@id\":\"https:\\\/\\\/www.eltriangle.eu\\\/es\\\/2025\\\/01\\\/30\\\/el-gobierno-de-espana-confia-en-que-el-acuerdo-con-junts-sobre-el-escudo-social-facilite-la-negociacion-de-los-presupuestos\\\/\"},\"author\":{\"name\":\"Redacci\u00f3 \\\/ ACN\",\"@id\":\"https:\\\/\\\/www.eltriangle.eu\\\/es\\\/#\\\/schema\\\/person\\\/6e5938f06dd4dcd413779558fbf437d9\"},\"headline\":\"El Gobierno de Espa\u00f1a conf\u00eda en que el acuerdo con Junts sobre el escudo social facilite la negociaci\u00f3n de los Presupuestos\",\"datePublished\":\"2025-01-30T10:15:59+00:00\",\"dateModified\":\"2025-01-30T10:33:16+00:00\",\"mainEntityOfPage\":{\"@id\":\"https:\\\/\\\/www.eltriangle.eu\\\/es\\\/2025\\\/01\\\/30\\\/el-gobierno-de-espana-confia-en-que-el-acuerdo-con-junts-sobre-el-escudo-social-facilite-la-negociacion-de-los-presupuestos\\\/\"},\"wordCount\":331,\"commentCount\":0,\"publisher\":{\"@id\":\"https:\\\/\\\/www.eltriangle.eu\\\/es\\\/#organization\"},\"image\":{\"@id\":\"https:\\\/\\\/www.eltriangle.eu\\\/es\\\/2025\\\/01\\\/30\\\/el-gobierno-de-espana-confia-en-que-el-acuerdo-con-junts-sobre-el-escudo-social-facilite-la-negociacion-de-los-presupuestos\\\/#primaryimage\"},\"thumbnailUrl\":\"https:\\\/\\\/www.eltriangle.eu\\\/wp-content\\\/uploads\\\/2025\\\/01\\\/la-vicepresidenta-maria-jesus-montero-foto-acn-miquel-vera.jpg\",\"keywords\":[\"F\u00e9lix Bola\u00f1os\",\"Mar\u00eda Jes\u00fas Montero\",\"Pedro S\u00e1nchez\",\"pressupostos generals de l'Estat\"],\"articleSection\":[\"Actualidad\",\"Poderes\"],\"inLanguage\":\"es\",\"potentialAction\":[{\"@type\":\"CommentAction\",\"name\":\"Comment\",\"target\":[\"https:\\\/\\\/www.eltriangle.eu\\\/es\\\/2025\\\/01\\\/30\\\/el-gobierno-de-espana-confia-en-que-el-acuerdo-con-junts-sobre-el-escudo-social-facilite-la-negociacion-de-los-presupuestos\\\/#respond\"]}]},{\"@type\":\"WebPage\",\"@id\":\"https:\\\/\\\/www.eltriangle.eu\\\/es\\\/2025\\\/01\\\/30\\\/el-gobierno-de-espana-confia-en-que-el-acuerdo-con-junts-sobre-el-escudo-social-facilite-la-negociacion-de-los-presupuestos\\\/\",\"url\":\"https:\\\/\\\/www.eltriangle.eu\\\/es\\\/2025\\\/01\\\/30\\\/el-gobierno-de-espana-confia-en-que-el-acuerdo-con-junts-sobre-el-escudo-social-facilite-la-negociacion-de-los-presupuestos\\\/\",\"name\":\"El Gobierno de Espa\u00f1a conf\u00eda en que el acuerdo con Junts sobre el escudo social facilite la negociaci\u00f3n de los Presupuestos - El Triangle\",\"isPartOf\":{\"@id\":\"https:\\\/\\\/www.eltriangle.eu\\\/es\\\/#website\"},\"primaryImageOfPage\":{\"@id\":\"https:\\\/\\\/www.eltriangle.eu\\\/es\\\/2025\\\/01\\\/30\\\/el-gobierno-de-espana-confia-en-que-el-acuerdo-con-junts-sobre-el-escudo-social-facilite-la-negociacion-de-los-presupuestos\\\/#primaryimage\"},\"image\":{\"@id\":\"https:\\\/\\\/www.eltriangle.eu\\\/es\\\/2025\\\/01\\\/30\\\/el-gobierno-de-espana-confia-en-que-el-acuerdo-con-junts-sobre-el-escudo-social-facilite-la-negociacion-de-los-presupuestos\\\/#primaryimage\"},\"thumbnailUrl\":\"https:\\\/\\\/www.eltriangle.eu\\\/wp-content\\\/uploads\\\/2025\\\/01\\\/la-vicepresidenta-maria-jesus-montero-foto-acn-miquel-vera.jpg\",\"datePublished\":\"2025-01-30T10:15:59+00:00\",\"dateModified\":\"2025-01-30T10:33:16+00:00\",\"description\":\"El Gobierno de Espa\u00f1a se ha mostrado optimista sobre la negociaci\u00f3n de los Presupuestos Generales del Estado para 2025, que hasta ahora no ha presentado\",\"breadcrumb\":{\"@id\":\"https:\\\/\\\/www.eltriangle.eu\\\/es\\\/2025\\\/01\\\/30\\\/el-gobierno-de-espana-confia-en-que-el-acuerdo-con-junts-sobre-el-escudo-social-facilite-la-negociacion-de-los-presupuestos\\\/#breadcrumb\"},\"inLanguage\":\"es\",\"potentialAction\":[{\"@type\":\"ReadAction\",\"target\":[\"https:\\\/\\\/www.eltriangle.eu\\\/es\\\/2025\\\/01\\\/30\\\/el-gobierno-de-espana-confia-en-que-el-acuerdo-con-junts-sobre-el-escudo-social-facilite-la-negociacion-de-los-presupuestos\\\/\"]}]},{\"@type\":\"ImageObject\",\"inLanguage\":\"es\",\"@id\":\"https:\\\/\\\/www.eltriangle.eu\\\/es\\\/2025\\\/01\\\/30\\\/el-gobierno-de-espana-confia-en-que-el-acuerdo-con-junts-sobre-el-escudo-social-facilite-la-negociacion-de-los-presupuestos\\\/#primaryimage\",\"url\":\"https:\\\/\\\/www.eltriangle.eu\\\/wp-content\\\/uploads\\\/2025\\\/01\\\/la-vicepresidenta-maria-jesus-montero-foto-acn-miquel-vera.jpg\",\"contentUrl\":\"https:\\\/\\\/www.eltriangle.eu\\\/wp-content\\\/uploads\\\/2025\\\/01\\\/la-vicepresidenta-maria-jesus-montero-foto-acn-miquel-vera.jpg\",\"width\":1200,\"height\":800,\"caption\":\"La vicepresidenta Mar\u00eda Jes\u00fas Montero - Foto: ACN, Miquel Vera\"},{\"@type\":\"BreadcrumbList\",\"@id\":\"https:\\\/\\\/www.eltriangle.eu\\\/es\\\/2025\\\/01\\\/30\\\/el-gobierno-de-espana-confia-en-que-el-acuerdo-con-junts-sobre-el-escudo-social-facilite-la-negociacion-de-los-presupuestos\\\/#breadcrumb\",\"itemListElement\":[{\"@type\":\"ListItem\",\"position\":1,\"name\":\"Portada\",\"item\":\"https:\\\/\\\/www.eltriangle.eu\\\/es\\\/\"},{\"@type\":\"ListItem\",\"position\":2,\"name\":\"El Gobierno de Espa\u00f1a conf\u00eda en que el acuerdo con Junts sobre el escudo social facilite la negociaci\u00f3n de los Presupuestos\"}]},{\"@type\":\"WebSite\",\"@id\":\"https:\\\/\\\/www.eltriangle.eu\\\/es\\\/#website\",\"url\":\"https:\\\/\\\/www.eltriangle.eu\\\/es\\\/\",\"name\":\"El Triangle\",\"description\":\"El Triangle \u00e9s un Diari d&#039;informaci\u00f3 general, editat a Catalunya i escrit en llengua catalana, especialitzat en investigaci\u00f3 period\u00edstica\",\"publisher\":{\"@id\":\"https:\\\/\\\/www.eltriangle.eu\\\/es\\\/#organization\"},\"potentialAction\":[{\"@type\":\"SearchAction\",\"target\":{\"@type\":\"EntryPoint\",\"urlTemplate\":\"https:\\\/\\\/www.eltriangle.eu\\\/es\\\/?s={search_term_string}\"},\"query-input\":{\"@type\":\"PropertyValueSpecification\",\"valueRequired\":true,\"valueName\":\"search_term_string\"}}],\"inLanguage\":\"es\"},{\"@type\":[\"Organization\",\"NewsMediaOrganization\"],\"@id\":\"https:\\\/\\\/www.eltriangle.eu\\\/es\\\/#organization\",\"name\":\"El Triangle\",\"url\":\"https:\\\/\\\/www.eltriangle.eu\\\/es\\\/\",\"logo\":{\"@type\":\"ImageObject\",\"inLanguage\":\"es\",\"@id\":\"https:\\\/\\\/www.eltriangle.eu\\\/es\\\/#\\\/schema\\\/logo\\\/image\\\/\",\"url\":\"https:\\\/\\\/www.eltriangle.eu\\\/wp-content\\\/uploads\\\/2020\\\/11\\\/triangle_logo-ajustado.jpg\",\"contentUrl\":\"https:\\\/\\\/www.eltriangle.eu\\\/wp-content\\\/uploads\\\/2020\\\/11\\\/triangle_logo-ajustado.jpg\",\"width\":521,\"height\":92,\"caption\":\"El Triangle\"},\"image\":{\"@id\":\"https:\\\/\\\/www.eltriangle.eu\\\/es\\\/#\\\/schema\\\/logo\\\/image\\\/\"},\"sameAs\":[\"https:\\\/\\\/www.facebook.com\\\/El-Triangle-Diari-101787399020302\",\"https:\\\/\\\/x.com\\\/El_Triangle\",\"https:\\\/\\\/www.youtube.com\\\/channel\\\/UCTIjmYEMYSpdGonuAgNhbcg\"]},{\"@type\":\"Person\",\"@id\":\"https:\\\/\\\/www.eltriangle.eu\\\/es\\\/#\\\/schema\\\/person\\\/6e5938f06dd4dcd413779558fbf437d9\",\"name\":\"Redacci\u00f3 \\\/ ACN\",\"image\":{\"@type\":\"ImageObject\",\"inLanguage\":\"es\",\"@id\":\"\\\/\\\/www.gravatar.com\\\/avatar\\\/a5bc366245a614da74d9f8d49d1b53bf?s=96&#038;r=g&#038;d=mm\",\"url\":\"\\\/\\\/www.gravatar.com\\\/avatar\\\/a5bc366245a614da74d9f8d49d1b53bf?s=96&#038;r=g&#038;d=mm\",\"contentUrl\":\"\\\/\\\/www.gravatar.com\\\/avatar\\\/a5bc366245a614da74d9f8d49d1b53bf?s=96&#038;r=g&#038;d=mm\",\"caption\":\"Redacci\u00f3 \\\/ ACN\"},\"url\":\"https:\\\/\\\/www.eltriangle.eu\\\/es\\\/author\\\/redaccioacn\\\/\"},{\"@type\":\"SiteNavigationElement\",\"@id\":\"https:\\\/\\\/www.eltriangle.eu\\\/es\\\/#site-navigation\",\"cssSelector\":[\".cib-main-menu\"]},{\"@type\":\"WPHeader\",\"@id\":\"https:\\\/\\\/www.eltriangle.eu\\\/es\\\/#header\",\"cssSelector\":[\".cib-header\"]},{\"@type\":\"WPFooter\",\"@id\":\"https:\\\/\\\/www.eltriangle.eu\\\/es\\\/#footer\",\"cssSelector\":[\".cib-footer\"]}]}<\/script>\n<!-- \/ Yoast SEO plugin. -->","yoast_head_json":{"title":"El Gobierno de Espa\u00f1a conf\u00eda en que el acuerdo con Junts sobre el escudo social facilite la negociaci\u00f3n de los Presupuestos - El Triangle","description":"El Gobierno de Espa\u00f1a se ha mostrado optimista sobre la negociaci\u00f3n de los Presupuestos Generales del Estado para 2025, que hasta ahora no ha presentado","robots":{"index":"index","follow":"follow","max-snippet":"max-snippet:-1","max-image-preview":"max-image-preview:large","max-video-preview":"max-video-preview:-1"},"canonical":"https:\/\/www.eltriangle.eu\/es\/2025\/01\/30\/el-gobierno-de-espana-confia-en-que-el-acuerdo-con-junts-sobre-el-escudo-social-facilite-la-negociacion-de-los-presupuestos\/","og_locale":"es_ES","og_type":"article","og_title":"El Gobierno de Espa\u00f1a conf\u00eda en que el acuerdo con Junts sobre el escudo social facilite la negociaci\u00f3n de los Presupuestos - El Triangle","og_description":"El Gobierno de Espa\u00f1a se ha mostrado optimista sobre la negociaci\u00f3n de los Presupuestos Generales del Estado para 2025, que hasta ahora no ha presentado","og_url":"https:\/\/www.eltriangle.eu\/es\/2025\/01\/30\/el-gobierno-de-espana-confia-en-que-el-acuerdo-con-junts-sobre-el-escudo-social-facilite-la-negociacion-de-los-presupuestos\/","og_site_name":"El Triangle","article_publisher":"https:\/\/www.facebook.com\/El-Triangle-Diari-101787399020302","article_published_time":"2025-01-30T10:15:59+00:00","article_modified_time":"2025-01-30T10:33:16+00:00","og_image":[{"width":1200,"height":800,"url":"https:\/\/www.eltriangle.eu\/wp-content\/uploads\/2025\/01\/la-vicepresidenta-maria-jesus-montero-foto-acn-miquel-vera.jpg","type":"image\/jpeg"}],"author":"Redacci\u00f3 \/ ACN","twitter_card":"summary_large_image","twitter_creator":"@El_Triangle","twitter_site":"@El_Triangle","twitter_misc":{"Escrito por":"Redacci\u00f3 \/ ACN","Tiempo de lectura":"2 minutos"},"schema":{"@context":"https:\/\/schema.org","@graph":[{"@type":"NewsArticle","@id":"https:\/\/www.eltriangle.eu\/es\/2025\/01\/30\/el-gobierno-de-espana-confia-en-que-el-acuerdo-con-junts-sobre-el-escudo-social-facilite-la-negociacion-de-los-presupuestos\/#article","isPartOf":{"@id":"https:\/\/www.eltriangle.eu\/es\/2025\/01\/30\/el-gobierno-de-espana-confia-en-que-el-acuerdo-con-junts-sobre-el-escudo-social-facilite-la-negociacion-de-los-presupuestos\/"},"author":{"name":"Redacci\u00f3 \/ ACN","@id":"https:\/\/www.eltriangle.eu\/es\/#\/schema\/person\/6e5938f06dd4dcd413779558fbf437d9"},"headline":"El Gobierno de Espa\u00f1a conf\u00eda en que el acuerdo con Junts sobre el escudo social facilite la negociaci\u00f3n de los Presupuestos","datePublished":"2025-01-30T10:15:59+00:00","dateModified":"2025-01-30T10:33:16+00:00","mainEntityOfPage":{"@id":"https:\/\/www.eltriangle.eu\/es\/2025\/01\/30\/el-gobierno-de-espana-confia-en-que-el-acuerdo-con-junts-sobre-el-escudo-social-facilite-la-negociacion-de-los-presupuestos\/"},"wordCount":331,"commentCount":0,"publisher":{"@id":"https:\/\/www.eltriangle.eu\/es\/#organization"},"image":{"@id":"https:\/\/www.eltriangle.eu\/es\/2025\/01\/30\/el-gobierno-de-espana-confia-en-que-el-acuerdo-con-junts-sobre-el-escudo-social-facilite-la-negociacion-de-los-presupuestos\/#primaryimage"},"thumbnailUrl":"https:\/\/www.eltriangle.eu\/wp-content\/uploads\/2025\/01\/la-vicepresidenta-maria-jesus-montero-foto-acn-miquel-vera.jpg","keywords":["F\u00e9lix Bola\u00f1os","Mar\u00eda Jes\u00fas Montero","Pedro S\u00e1nchez","pressupostos generals de l'Estat"],"articleSection":["Actualidad","Poderes"],"inLanguage":"es","potentialAction":[{"@type":"CommentAction","name":"Comment","target":["https:\/\/www.eltriangle.eu\/es\/2025\/01\/30\/el-gobierno-de-espana-confia-en-que-el-acuerdo-con-junts-sobre-el-escudo-social-facilite-la-negociacion-de-los-presupuestos\/#respond"]}]},{"@type":"WebPage","@id":"https:\/\/www.eltriangle.eu\/es\/2025\/01\/30\/el-gobierno-de-espana-confia-en-que-el-acuerdo-con-junts-sobre-el-escudo-social-facilite-la-negociacion-de-los-presupuestos\/","url":"https:\/\/www.eltriangle.eu\/es\/2025\/01\/30\/el-gobierno-de-espana-confia-en-que-el-acuerdo-con-junts-sobre-el-escudo-social-facilite-la-negociacion-de-los-presupuestos\/","name":"El Gobierno de Espa\u00f1a conf\u00eda en que el acuerdo con Junts sobre el escudo social facilite la negociaci\u00f3n de los Presupuestos - El Triangle","isPartOf":{"@id":"https:\/\/www.eltriangle.eu\/es\/#website"},"primaryImageOfPage":{"@id":"https:\/\/www.eltriangle.eu\/es\/2025\/01\/30\/el-gobierno-de-espana-confia-en-que-el-acuerdo-con-junts-sobre-el-escudo-social-facilite-la-negociacion-de-los-presupuestos\/#primaryimage"},"image":{"@id":"https:\/\/www.eltriangle.eu\/es\/2025\/01\/30\/el-gobierno-de-espana-confia-en-que-el-acuerdo-con-junts-sobre-el-escudo-social-facilite-la-negociacion-de-los-presupuestos\/#primaryimage"},"thumbnailUrl":"https:\/\/www.eltriangle.eu\/wp-content\/uploads\/2025\/01\/la-vicepresidenta-maria-jesus-montero-foto-acn-miquel-vera.jpg","datePublished":"2025-01-30T10:15:59+00:00","dateModified":"2025-01-30T10:33:16+00:00","description":"El Gobierno de Espa\u00f1a se ha mostrado optimista sobre la negociaci\u00f3n de los Presupuestos Generales del Estado para 2025, que hasta ahora no ha presentado","breadcrumb":{"@id":"https:\/\/www.eltriangle.eu\/es\/2025\/01\/30\/el-gobierno-de-espana-confia-en-que-el-acuerdo-con-junts-sobre-el-escudo-social-facilite-la-negociacion-de-los-presupuestos\/#breadcrumb"},"inLanguage":"es","potentialAction":[{"@type":"ReadAction","target":["https:\/\/www.eltriangle.eu\/es\/2025\/01\/30\/el-gobierno-de-espana-confia-en-que-el-acuerdo-con-junts-sobre-el-escudo-social-facilite-la-negociacion-de-los-presupuestos\/"]}]},{"@type":"ImageObject","inLanguage":"es","@id":"https:\/\/www.eltriangle.eu\/es\/2025\/01\/30\/el-gobierno-de-espana-confia-en-que-el-acuerdo-con-junts-sobre-el-escudo-social-facilite-la-negociacion-de-los-presupuestos\/#primaryimage","url":"https:\/\/www.eltriangle.eu\/wp-content\/uploads\/2025\/01\/la-vicepresidenta-maria-jesus-montero-foto-acn-miquel-vera.jpg","contentUrl":"https:\/\/www.eltriangle.eu\/wp-content\/uploads\/2025\/01\/la-vicepresidenta-maria-jesus-montero-foto-acn-miquel-vera.jpg","width":1200,"height":800,"caption":"La vicepresidenta Mar\u00eda Jes\u00fas Montero - Foto: ACN, Miquel Vera"},{"@type":"BreadcrumbList","@id":"https:\/\/www.eltriangle.eu\/es\/2025\/01\/30\/el-gobierno-de-espana-confia-en-que-el-acuerdo-con-junts-sobre-el-escudo-social-facilite-la-negociacion-de-los-presupuestos\/#breadcrumb","itemListElement":[{"@type":"ListItem","position":1,"name":"Portada","item":"https:\/\/www.eltriangle.eu\/es\/"},{"@type":"ListItem","position":2,"name":"El Gobierno de Espa\u00f1a conf\u00eda en que el acuerdo con Junts sobre el escudo social facilite la negociaci\u00f3n de los Presupuestos"}]},{"@type":"WebSite","@id":"https:\/\/www.eltriangle.eu\/es\/#website","url":"https:\/\/www.eltriangle.eu\/es\/","name":"El Triangle","description":"El Triangle \u00e9s un Diari d&#039;informaci\u00f3 general, editat a Catalunya i escrit en llengua catalana, especialitzat en investigaci\u00f3 period\u00edstica","publisher":{"@id":"https:\/\/www.eltriangle.eu\/es\/#organization"},"potentialAction":[{"@type":"SearchAction","target":{"@type":"EntryPoint","urlTemplate":"https:\/\/www.eltriangle.eu\/es\/?s={search_term_string}"},"query-input":{"@type":"PropertyValueSpecification","valueRequired":true,"valueName":"search_term_string"}}],"inLanguage":"es"},{"@type":["Organization","NewsMediaOrganization"],"@id":"https:\/\/www.eltriangle.eu\/es\/#organization","name":"El Triangle","url":"https:\/\/www.eltriangle.eu\/es\/","logo":{"@type":"ImageObject","inLanguage":"es","@id":"https:\/\/www.eltriangle.eu\/es\/#\/schema\/logo\/image\/","url":"https:\/\/www.eltriangle.eu\/wp-content\/uploads\/2020\/11\/triangle_logo-ajustado.jpg","contentUrl":"https:\/\/www.eltriangle.eu\/wp-content\/uploads\/2020\/11\/triangle_logo-ajustado.jpg","width":521,"height":92,"caption":"El Triangle"},"image":{"@id":"https:\/\/www.eltriangle.eu\/es\/#\/schema\/logo\/image\/"},"sameAs":["https:\/\/www.facebook.com\/El-Triangle-Diari-101787399020302","https:\/\/x.com\/El_Triangle","https:\/\/www.youtube.com\/channel\/UCTIjmYEMYSpdGonuAgNhbcg"]},{"@type":"Person","@id":"https:\/\/www.eltriangle.eu\/es\/#\/schema\/person\/6e5938f06dd4dcd413779558fbf437d9","name":"Redacci\u00f3 \/ ACN","image":{"@type":"ImageObject","inLanguage":"es","@id":"\/\/www.gravatar.com\/avatar\/a5bc366245a614da74d9f8d49d1b53bf?s=96&#038;r=g&#038;d=mm","url":"\/\/www.gravatar.com\/avatar\/a5bc366245a614da74d9f8d49d1b53bf?s=96&#038;r=g&#038;d=mm","contentUrl":"\/\/www.gravatar.com\/avatar\/a5bc366245a614da74d9f8d49d1b53bf?s=96&#038;r=g&#038;d=mm","caption":"Redacci\u00f3 \/ ACN"},"url":"https:\/\/www.eltriangle.eu\/es\/author\/redaccioacn\/"},{"@type":"SiteNavigationElement","@id":"https:\/\/www.eltriangle.eu\/es\/#site-navigation","cssSelector":[".cib-main-menu"]},{"@type":"WPHeader","@id":"https:\/\/www.eltriangle.eu\/es\/#header","cssSelector":[".cib-header"]},{"@type":"WPFooter","@id":"https:\/\/www.eltriangle.eu\/es\/#footer","cssSelector":[".cib-footer"]}]}},"amp_enabled":true,"_links":{"self":[{"href":"https:\/\/www.eltriangle.eu\/es\/wp-json\/wp\/v2\/posts\/301559","targetHints":{"allow":["GET"]}}],"collection":[{"href":"https:\/\/www.eltriangle.eu\/es\/wp-json\/wp\/v2\/posts"}],"about":[{"href":"https:\/\/www.eltriangle.eu\/es\/wp-json\/wp\/v2\/types\/post"}],"author":[{"embeddable":true,"href":"https:\/\/www.eltriangle.eu\/es\/wp-json\/wp\/v2\/users\/179"}],"replies":[{"embeddable":true,"href":"https:\/\/www.eltriangle.eu\/es\/wp-json\/wp\/v2\/comments?post=301559"}],"version-history":[{"count":0,"href":"https:\/\/www.eltriangle.eu\/es\/wp-json\/wp\/v2\/posts\/301559\/revisions"}],"wp:featuredmedia":[{"embeddable":true,"href":"https:\/\/www.eltriangle.eu\/es\/wp-json\/wp\/v2\/media\/301557"}],"wp:attachment":[{"href":"https:\/\/www.eltriangle.eu\/es\/wp-json\/wp\/v2\/media?parent=301559"}],"wp:term":[{"taxonomy":"category","embeddable":true,"href":"https:\/\/www.eltriangle.eu\/es\/wp-json\/wp\/v2\/categories?post=301559"},{"taxonomy":"post_tag","embeddable":true,"href":"https:\/\/www.eltriangle.eu\/es\/wp-json\/wp\/v2\/tags?post=301559"}],"curies":[{"name":"wp","href":"https:\/\/api.w.org\/{rel}","templated":true}]}}