{"id":301159,"date":"2025-01-28T16:20:33","date_gmt":"2025-01-28T15:20:33","guid":{"rendered":null},"modified":"2025-01-28T16:43:38","modified_gmt":"2025-01-28T15:43:38","slug":"junts-levanta-la-suspension-de-las-negociaciones-con-el-psoe-tras-el-acuerdo-por-el-nuevo-decreto","status":"publish","type":"post","link":"https:\/\/www.eltriangle.eu\/es\/2025\/01\/28\/junts-levanta-la-suspension-de-las-negociaciones-con-el-psoe-tras-el-acuerdo-por-el-nuevo-decreto\/","title":{"rendered":"Junts levanta la suspensi\u00f3n de las negociaciones con el PSOE tras el acuerdo por el nuevo decreto"},"content":{"rendered":"<p><strong>Junts per Catalunya<\/strong> ha levantado la suspensi\u00f3n de las negociaciones con el <strong>PSOE<\/strong> que anunci\u00f3 el presidente del partido posconvergente, <strong>Carles<\/strong> <strong>Puigdemont<\/strong>, despu\u00e9s de que hayan acordado con los socialistas la tramitaci\u00f3n de la <strong>cuesti\u00f3n de confianza <\/strong>al presidente espa\u00f1ol, <strong>Pedro S\u00e1nchez<\/strong>, y la aprobaci\u00f3n de un <a href=\"https:\/\/www.eltriangle.eu\/2025\/01\/28\/el-govern-despanya-tanca-un-acord-amb-junts-per-a-un-nou-decret-amb-mesures-de-lescut-social\/\" target=\"_blank\" rel=\"noopener\">nuevo decreto<\/a> de medidas sociales m\u00e1s limitado. Seg\u00fan explican fuentes de Junts, la propuesta no de ley (PNL) respecto a la cuesti\u00f3n de confianza se tramitar\u00e1 \u00abcon un redactado m\u00e1s jur\u00eddico que dice lo mismo\u00bb.<\/p>\n<p>En cuanto al decreto, la formaci\u00f3n de Puigdemont se\u00f1ala que contempla la revalorizaci\u00f3n de las pensiones, las bonificaciones al transporte p\u00fablico, las ayudas para los afectados por la DANA y medidas \u00abpara combatir las ocupaciones delincuenciales\u00bb. En cuanto a estas \u00faltimas, desde Junts precisan que se trata de \u00abmedidas para proteger a las familias vulnerables, as\u00ed como para garantizar el cobro de alquiler a los propietarios y el pago de los desperfectos ocasionados por los ocupas o por los morosos en las viviendas\u00bb.<\/p>\n<p>En cambio, el nuevo decreto no contemplar\u00e1 otras medidas que s\u00ed preve\u00eda el decreto \u00f3mnibus que tumb\u00f3 el Congreso la semana pasada, como medidas tributarias, ayudas a empresas electrointensivas o los anticipos de la financiaci\u00f3n auton\u00f3mica. Tampoco aspectos que Junts considera una \u00abvulneraci\u00f3n de las competencias\u00bb, como la modificaci\u00f3n de la ley de la sociedad de la informaci\u00f3n o del servicio postal.<\/p>\n","protected":false},"excerpt":{"rendered":"<p>Junts per Catalunya ha levantado la suspensi\u00f3n de las negociaciones con el PSOE que anunci\u00f3 el presidente del partido posconvergente, Carles Puigdemont, despu\u00e9s de que hayan acordado con los socialistas la tramitaci\u00f3n de la cuesti\u00f3n de confianza al presidente espa\u00f1ol, Pedro S\u00e1nchez, y la aprobaci\u00f3n de un nuevo decreto de medidas sociales m\u00e1s limitado. Seg\u00fan &#8230; <a title=\"Junts levanta la suspensi\u00f3n de las negociaciones con el PSOE tras el acuerdo por el nuevo decreto\" class=\"read-more\" href=\"https:\/\/www.eltriangle.eu\/es\/2025\/01\/28\/junts-levanta-la-suspension-de-las-negociaciones-con-el-psoe-tras-el-acuerdo-por-el-nuevo-decreto\/\" aria-label=\"Leer m\u00e1s sobre Junts levanta la suspensi\u00f3n de las negociaciones con el PSOE tras el acuerdo por el nuevo decreto\">Leer m\u00e1s<\/a><\/p>\n","protected":false},"author":179,"featured_media":301154,"comment_status":"open","ping_status":"closed","sticky":false,"template":"","format":"standard","meta":{"_acf_changed":false,"pmpro_default_level":"","footnotes":""},"categories":[24,74],"tags":[3882,601,455,425],"class_list":["post-301159","post","type-post","status-publish","format-standard","has-post-thumbnail","hentry","category-actualidad","category-poderes","tag-congres-dels-diputats-es","tag-junts-es","tag-pedro-sanchez-es","tag-psoe-es","lh_instant_articles-syndicate-yes","pmpro-has-access"],"acf":[],"yoast_head":"<!-- This site is optimized with the Yoast SEO plugin v27.4 - https:\/\/yoast.com\/product\/yoast-seo-wordpress\/ -->\n<title>Junts levanta la suspensi\u00f3n de las negociaciones con el PSOE tras el acuerdo por el nuevo decreto - El Triangle<\/title>\n<meta name=\"description\" content=\"Junts per Catalunya ha levantado la suspensi\u00f3n de las negociaciones con el PSOE que anunci\u00f3 el presidente del partido posconvergente, Carles Puigdemont,\" class=\"yoast-seo-meta-tag\" \/>\n<meta name=\"robots\" content=\"index, follow, max-snippet:-1, max-image-preview:large, max-video-preview:-1\" \/>\n<link rel=\"canonical\" href=\"https:\/\/www.eltriangle.eu\/es\/2025\/01\/28\/junts-levanta-la-suspension-de-las-negociaciones-con-el-psoe-tras-el-acuerdo-por-el-nuevo-decreto\/\" class=\"yoast-seo-meta-tag\" \/>\n<meta property=\"og:locale\" content=\"es_ES\" class=\"yoast-seo-meta-tag\" \/>\n<meta property=\"og:type\" content=\"article\" class=\"yoast-seo-meta-tag\" \/>\n<meta property=\"og:title\" content=\"Junts levanta la suspensi\u00f3n de las negociaciones con el PSOE tras el acuerdo por el nuevo decreto - El Triangle\" class=\"yoast-seo-meta-tag\" \/>\n<meta property=\"og:description\" content=\"Junts per Catalunya ha levantado la suspensi\u00f3n de las negociaciones con el PSOE que anunci\u00f3 el presidente del partido posconvergente, Carles Puigdemont,\" class=\"yoast-seo-meta-tag\" \/>\n<meta property=\"og:url\" content=\"https:\/\/www.eltriangle.eu\/es\/2025\/01\/28\/junts-levanta-la-suspension-de-las-negociaciones-con-el-psoe-tras-el-acuerdo-por-el-nuevo-decreto\/\" class=\"yoast-seo-meta-tag\" \/>\n<meta property=\"og:site_name\" content=\"El Triangle\" class=\"yoast-seo-meta-tag\" \/>\n<meta property=\"article:publisher\" content=\"https:\/\/www.facebook.com\/El-Triangle-Diari-101787399020302\" class=\"yoast-seo-meta-tag\" \/>\n<meta property=\"article:published_time\" content=\"2025-01-28T15:20:33+00:00\" class=\"yoast-seo-meta-tag\" \/>\n<meta property=\"article:modified_time\" content=\"2025-01-28T15:43:38+00:00\" class=\"yoast-seo-meta-tag\" \/>\n<meta property=\"og:image\" content=\"https:\/\/www.eltriangle.eu\/wp-content\/uploads\/2025\/01\/b4d5cbb5-795b-49f5-bbb2-085d34c12b28-e1738077308694.jpg\" class=\"yoast-seo-meta-tag\" \/>\n\t<meta property=\"og:image:width\" content=\"1200\" class=\"yoast-seo-meta-tag\" \/>\n\t<meta property=\"og:image:height\" content=\"800\" class=\"yoast-seo-meta-tag\" \/>\n\t<meta property=\"og:image:type\" content=\"image\/jpeg\" class=\"yoast-seo-meta-tag\" \/>\n<meta name=\"author\" content=\"Redacci\u00f3 \/ ACN\" class=\"yoast-seo-meta-tag\" \/>\n<meta name=\"twitter:card\" content=\"summary_large_image\" class=\"yoast-seo-meta-tag\" \/>\n<meta name=\"twitter:creator\" content=\"@El_Triangle\" class=\"yoast-seo-meta-tag\" \/>\n<meta name=\"twitter:site\" content=\"@El_Triangle\" class=\"yoast-seo-meta-tag\" \/>\n<meta name=\"twitter:label1\" content=\"Escrito por\" class=\"yoast-seo-meta-tag\" \/>\n\t<meta name=\"twitter:data1\" content=\"Redacci\u00f3 \/ ACN\" class=\"yoast-seo-meta-tag\" \/>\n\t<meta name=\"twitter:label2\" content=\"Tiempo de lectura\" class=\"yoast-seo-meta-tag\" \/>\n\t<meta name=\"twitter:data2\" content=\"1 minuto\" class=\"yoast-seo-meta-tag\" \/>\n<script type=\"application\/ld+json\" class=\"yoast-schema-graph\">{\"@context\":\"https:\\\/\\\/schema.org\",\"@graph\":[{\"@type\":\"NewsArticle\",\"@id\":\"https:\\\/\\\/www.eltriangle.eu\\\/es\\\/2025\\\/01\\\/28\\\/junts-levanta-la-suspension-de-las-negociaciones-con-el-psoe-tras-el-acuerdo-por-el-nuevo-decreto\\\/#article\",\"isPartOf\":{\"@id\":\"https:\\\/\\\/www.eltriangle.eu\\\/es\\\/2025\\\/01\\\/28\\\/junts-levanta-la-suspension-de-las-negociaciones-con-el-psoe-tras-el-acuerdo-por-el-nuevo-decreto\\\/\"},\"author\":{\"name\":\"Redacci\u00f3 \\\/ ACN\",\"@id\":\"https:\\\/\\\/www.eltriangle.eu\\\/es\\\/#\\\/schema\\\/person\\\/6e5938f06dd4dcd413779558fbf437d9\"},\"headline\":\"Junts levanta la suspensi\u00f3n de las negociaciones con el PSOE tras el acuerdo por el nuevo decreto\",\"datePublished\":\"2025-01-28T15:20:33+00:00\",\"dateModified\":\"2025-01-28T15:43:38+00:00\",\"mainEntityOfPage\":{\"@id\":\"https:\\\/\\\/www.eltriangle.eu\\\/es\\\/2025\\\/01\\\/28\\\/junts-levanta-la-suspension-de-las-negociaciones-con-el-psoe-tras-el-acuerdo-por-el-nuevo-decreto\\\/\"},\"wordCount\":267,\"commentCount\":0,\"publisher\":{\"@id\":\"https:\\\/\\\/www.eltriangle.eu\\\/es\\\/#organization\"},\"image\":{\"@id\":\"https:\\\/\\\/www.eltriangle.eu\\\/es\\\/2025\\\/01\\\/28\\\/junts-levanta-la-suspension-de-las-negociaciones-con-el-psoe-tras-el-acuerdo-por-el-nuevo-decreto\\\/#primaryimage\"},\"thumbnailUrl\":\"https:\\\/\\\/www.eltriangle.eu\\\/wp-content\\\/uploads\\\/2025\\\/01\\\/b4d5cbb5-795b-49f5-bbb2-085d34c12b28-e1738077308694.jpg\",\"keywords\":[\"Congr\u00e9s dels Diputats\",\"Junts\",\"Pedro S\u00e1nchez\",\"PSOE\"],\"articleSection\":[\"Actualidad\",\"Poderes\"],\"inLanguage\":\"es\",\"potentialAction\":[{\"@type\":\"CommentAction\",\"name\":\"Comment\",\"target\":[\"https:\\\/\\\/www.eltriangle.eu\\\/es\\\/2025\\\/01\\\/28\\\/junts-levanta-la-suspension-de-las-negociaciones-con-el-psoe-tras-el-acuerdo-por-el-nuevo-decreto\\\/#respond\"]}]},{\"@type\":\"WebPage\",\"@id\":\"https:\\\/\\\/www.eltriangle.eu\\\/es\\\/2025\\\/01\\\/28\\\/junts-levanta-la-suspension-de-las-negociaciones-con-el-psoe-tras-el-acuerdo-por-el-nuevo-decreto\\\/\",\"url\":\"https:\\\/\\\/www.eltriangle.eu\\\/es\\\/2025\\\/01\\\/28\\\/junts-levanta-la-suspension-de-las-negociaciones-con-el-psoe-tras-el-acuerdo-por-el-nuevo-decreto\\\/\",\"name\":\"Junts levanta la suspensi\u00f3n de las negociaciones con el PSOE tras el acuerdo por el nuevo decreto - El Triangle\",\"isPartOf\":{\"@id\":\"https:\\\/\\\/www.eltriangle.eu\\\/es\\\/#website\"},\"primaryImageOfPage\":{\"@id\":\"https:\\\/\\\/www.eltriangle.eu\\\/es\\\/2025\\\/01\\\/28\\\/junts-levanta-la-suspension-de-las-negociaciones-con-el-psoe-tras-el-acuerdo-por-el-nuevo-decreto\\\/#primaryimage\"},\"image\":{\"@id\":\"https:\\\/\\\/www.eltriangle.eu\\\/es\\\/2025\\\/01\\\/28\\\/junts-levanta-la-suspension-de-las-negociaciones-con-el-psoe-tras-el-acuerdo-por-el-nuevo-decreto\\\/#primaryimage\"},\"thumbnailUrl\":\"https:\\\/\\\/www.eltriangle.eu\\\/wp-content\\\/uploads\\\/2025\\\/01\\\/b4d5cbb5-795b-49f5-bbb2-085d34c12b28-e1738077308694.jpg\",\"datePublished\":\"2025-01-28T15:20:33+00:00\",\"dateModified\":\"2025-01-28T15:43:38+00:00\",\"description\":\"Junts per Catalunya ha levantado la suspensi\u00f3n de las negociaciones con el PSOE que anunci\u00f3 el presidente del partido posconvergente, Carles Puigdemont,\",\"breadcrumb\":{\"@id\":\"https:\\\/\\\/www.eltriangle.eu\\\/es\\\/2025\\\/01\\\/28\\\/junts-levanta-la-suspension-de-las-negociaciones-con-el-psoe-tras-el-acuerdo-por-el-nuevo-decreto\\\/#breadcrumb\"},\"inLanguage\":\"es\",\"potentialAction\":[{\"@type\":\"ReadAction\",\"target\":[\"https:\\\/\\\/www.eltriangle.eu\\\/es\\\/2025\\\/01\\\/28\\\/junts-levanta-la-suspension-de-las-negociaciones-con-el-psoe-tras-el-acuerdo-por-el-nuevo-decreto\\\/\"]}]},{\"@type\":\"ImageObject\",\"inLanguage\":\"es\",\"@id\":\"https:\\\/\\\/www.eltriangle.eu\\\/es\\\/2025\\\/01\\\/28\\\/junts-levanta-la-suspension-de-las-negociaciones-con-el-psoe-tras-el-acuerdo-por-el-nuevo-decreto\\\/#primaryimage\",\"url\":\"https:\\\/\\\/www.eltriangle.eu\\\/wp-content\\\/uploads\\\/2025\\\/01\\\/b4d5cbb5-795b-49f5-bbb2-085d34c12b28-e1738077308694.jpg\",\"contentUrl\":\"https:\\\/\\\/www.eltriangle.eu\\\/wp-content\\\/uploads\\\/2025\\\/01\\\/b4d5cbb5-795b-49f5-bbb2-085d34c12b28-e1738077308694.jpg\",\"width\":1200,\"height\":800,\"caption\":\"El secretario general de Junts, Jordi Turull, la portavoz del partido en el Parlament, M\u00f2nica Sales, y la portavoz en el Congreso, M\u00edriam Nogueras, en rueda de prensa (ACN)\"},{\"@type\":\"BreadcrumbList\",\"@id\":\"https:\\\/\\\/www.eltriangle.eu\\\/es\\\/2025\\\/01\\\/28\\\/junts-levanta-la-suspension-de-las-negociaciones-con-el-psoe-tras-el-acuerdo-por-el-nuevo-decreto\\\/#breadcrumb\",\"itemListElement\":[{\"@type\":\"ListItem\",\"position\":1,\"name\":\"Portada\",\"item\":\"https:\\\/\\\/www.eltriangle.eu\\\/es\\\/\"},{\"@type\":\"ListItem\",\"position\":2,\"name\":\"Junts levanta la suspensi\u00f3n de las negociaciones con el PSOE tras el acuerdo por el nuevo decreto\"}]},{\"@type\":\"WebSite\",\"@id\":\"https:\\\/\\\/www.eltriangle.eu\\\/es\\\/#website\",\"url\":\"https:\\\/\\\/www.eltriangle.eu\\\/es\\\/\",\"name\":\"El Triangle\",\"description\":\"El Triangle \u00e9s un Diari d&#039;informaci\u00f3 general, editat a Catalunya i escrit en llengua catalana, especialitzat en investigaci\u00f3 period\u00edstica\",\"publisher\":{\"@id\":\"https:\\\/\\\/www.eltriangle.eu\\\/es\\\/#organization\"},\"potentialAction\":[{\"@type\":\"SearchAction\",\"target\":{\"@type\":\"EntryPoint\",\"urlTemplate\":\"https:\\\/\\\/www.eltriangle.eu\\\/es\\\/?s={search_term_string}\"},\"query-input\":{\"@type\":\"PropertyValueSpecification\",\"valueRequired\":true,\"valueName\":\"search_term_string\"}}],\"inLanguage\":\"es\"},{\"@type\":[\"Organization\",\"NewsMediaOrganization\"],\"@id\":\"https:\\\/\\\/www.eltriangle.eu\\\/es\\\/#organization\",\"name\":\"El Triangle\",\"url\":\"https:\\\/\\\/www.eltriangle.eu\\\/es\\\/\",\"logo\":{\"@type\":\"ImageObject\",\"inLanguage\":\"es\",\"@id\":\"https:\\\/\\\/www.eltriangle.eu\\\/es\\\/#\\\/schema\\\/logo\\\/image\\\/\",\"url\":\"https:\\\/\\\/www.eltriangle.eu\\\/wp-content\\\/uploads\\\/2020\\\/11\\\/triangle_logo-ajustado.jpg\",\"contentUrl\":\"https:\\\/\\\/www.eltriangle.eu\\\/wp-content\\\/uploads\\\/2020\\\/11\\\/triangle_logo-ajustado.jpg\",\"width\":521,\"height\":92,\"caption\":\"El Triangle\"},\"image\":{\"@id\":\"https:\\\/\\\/www.eltriangle.eu\\\/es\\\/#\\\/schema\\\/logo\\\/image\\\/\"},\"sameAs\":[\"https:\\\/\\\/www.facebook.com\\\/El-Triangle-Diari-101787399020302\",\"https:\\\/\\\/x.com\\\/El_Triangle\",\"https:\\\/\\\/www.youtube.com\\\/channel\\\/UCTIjmYEMYSpdGonuAgNhbcg\"]},{\"@type\":\"Person\",\"@id\":\"https:\\\/\\\/www.eltriangle.eu\\\/es\\\/#\\\/schema\\\/person\\\/6e5938f06dd4dcd413779558fbf437d9\",\"name\":\"Redacci\u00f3 \\\/ ACN\",\"image\":{\"@type\":\"ImageObject\",\"inLanguage\":\"es\",\"@id\":\"\\\/\\\/www.gravatar.com\\\/avatar\\\/a5bc366245a614da74d9f8d49d1b53bf?s=96&#038;r=g&#038;d=mm\",\"url\":\"\\\/\\\/www.gravatar.com\\\/avatar\\\/a5bc366245a614da74d9f8d49d1b53bf?s=96&#038;r=g&#038;d=mm\",\"contentUrl\":\"\\\/\\\/www.gravatar.com\\\/avatar\\\/a5bc366245a614da74d9f8d49d1b53bf?s=96&#038;r=g&#038;d=mm\",\"caption\":\"Redacci\u00f3 \\\/ ACN\"},\"url\":\"https:\\\/\\\/www.eltriangle.eu\\\/es\\\/author\\\/redaccioacn\\\/\"},{\"@type\":\"SiteNavigationElement\",\"@id\":\"https:\\\/\\\/www.eltriangle.eu\\\/es\\\/#site-navigation\",\"cssSelector\":[\".cib-main-menu\"]},{\"@type\":\"WPHeader\",\"@id\":\"https:\\\/\\\/www.eltriangle.eu\\\/es\\\/#header\",\"cssSelector\":[\".cib-header\"]},{\"@type\":\"WPFooter\",\"@id\":\"https:\\\/\\\/www.eltriangle.eu\\\/es\\\/#footer\",\"cssSelector\":[\".cib-footer\"]}]}<\/script>\n<!-- \/ Yoast SEO plugin. -->","yoast_head_json":{"title":"Junts levanta la suspensi\u00f3n de las negociaciones con el PSOE tras el acuerdo por el nuevo decreto - El Triangle","description":"Junts per Catalunya ha levantado la suspensi\u00f3n de las negociaciones con el PSOE que anunci\u00f3 el presidente del partido posconvergente, Carles Puigdemont,","robots":{"index":"index","follow":"follow","max-snippet":"max-snippet:-1","max-image-preview":"max-image-preview:large","max-video-preview":"max-video-preview:-1"},"canonical":"https:\/\/www.eltriangle.eu\/es\/2025\/01\/28\/junts-levanta-la-suspension-de-las-negociaciones-con-el-psoe-tras-el-acuerdo-por-el-nuevo-decreto\/","og_locale":"es_ES","og_type":"article","og_title":"Junts levanta la suspensi\u00f3n de las negociaciones con el PSOE tras el acuerdo por el nuevo decreto - El Triangle","og_description":"Junts per Catalunya ha levantado la suspensi\u00f3n de las negociaciones con el PSOE que anunci\u00f3 el presidente del partido posconvergente, Carles Puigdemont,","og_url":"https:\/\/www.eltriangle.eu\/es\/2025\/01\/28\/junts-levanta-la-suspension-de-las-negociaciones-con-el-psoe-tras-el-acuerdo-por-el-nuevo-decreto\/","og_site_name":"El Triangle","article_publisher":"https:\/\/www.facebook.com\/El-Triangle-Diari-101787399020302","article_published_time":"2025-01-28T15:20:33+00:00","article_modified_time":"2025-01-28T15:43:38+00:00","og_image":[{"width":1200,"height":800,"url":"https:\/\/www.eltriangle.eu\/wp-content\/uploads\/2025\/01\/b4d5cbb5-795b-49f5-bbb2-085d34c12b28-e1738077308694.jpg","type":"image\/jpeg"}],"author":"Redacci\u00f3 \/ ACN","twitter_card":"summary_large_image","twitter_creator":"@El_Triangle","twitter_site":"@El_Triangle","twitter_misc":{"Escrito por":"Redacci\u00f3 \/ ACN","Tiempo de lectura":"1 minuto"},"schema":{"@context":"https:\/\/schema.org","@graph":[{"@type":"NewsArticle","@id":"https:\/\/www.eltriangle.eu\/es\/2025\/01\/28\/junts-levanta-la-suspension-de-las-negociaciones-con-el-psoe-tras-el-acuerdo-por-el-nuevo-decreto\/#article","isPartOf":{"@id":"https:\/\/www.eltriangle.eu\/es\/2025\/01\/28\/junts-levanta-la-suspension-de-las-negociaciones-con-el-psoe-tras-el-acuerdo-por-el-nuevo-decreto\/"},"author":{"name":"Redacci\u00f3 \/ ACN","@id":"https:\/\/www.eltriangle.eu\/es\/#\/schema\/person\/6e5938f06dd4dcd413779558fbf437d9"},"headline":"Junts levanta la suspensi\u00f3n de las negociaciones con el PSOE tras el acuerdo por el nuevo decreto","datePublished":"2025-01-28T15:20:33+00:00","dateModified":"2025-01-28T15:43:38+00:00","mainEntityOfPage":{"@id":"https:\/\/www.eltriangle.eu\/es\/2025\/01\/28\/junts-levanta-la-suspension-de-las-negociaciones-con-el-psoe-tras-el-acuerdo-por-el-nuevo-decreto\/"},"wordCount":267,"commentCount":0,"publisher":{"@id":"https:\/\/www.eltriangle.eu\/es\/#organization"},"image":{"@id":"https:\/\/www.eltriangle.eu\/es\/2025\/01\/28\/junts-levanta-la-suspension-de-las-negociaciones-con-el-psoe-tras-el-acuerdo-por-el-nuevo-decreto\/#primaryimage"},"thumbnailUrl":"https:\/\/www.eltriangle.eu\/wp-content\/uploads\/2025\/01\/b4d5cbb5-795b-49f5-bbb2-085d34c12b28-e1738077308694.jpg","keywords":["Congr\u00e9s dels Diputats","Junts","Pedro S\u00e1nchez","PSOE"],"articleSection":["Actualidad","Poderes"],"inLanguage":"es","potentialAction":[{"@type":"CommentAction","name":"Comment","target":["https:\/\/www.eltriangle.eu\/es\/2025\/01\/28\/junts-levanta-la-suspension-de-las-negociaciones-con-el-psoe-tras-el-acuerdo-por-el-nuevo-decreto\/#respond"]}]},{"@type":"WebPage","@id":"https:\/\/www.eltriangle.eu\/es\/2025\/01\/28\/junts-levanta-la-suspension-de-las-negociaciones-con-el-psoe-tras-el-acuerdo-por-el-nuevo-decreto\/","url":"https:\/\/www.eltriangle.eu\/es\/2025\/01\/28\/junts-levanta-la-suspension-de-las-negociaciones-con-el-psoe-tras-el-acuerdo-por-el-nuevo-decreto\/","name":"Junts levanta la suspensi\u00f3n de las negociaciones con el PSOE tras el acuerdo por el nuevo decreto - El Triangle","isPartOf":{"@id":"https:\/\/www.eltriangle.eu\/es\/#website"},"primaryImageOfPage":{"@id":"https:\/\/www.eltriangle.eu\/es\/2025\/01\/28\/junts-levanta-la-suspension-de-las-negociaciones-con-el-psoe-tras-el-acuerdo-por-el-nuevo-decreto\/#primaryimage"},"image":{"@id":"https:\/\/www.eltriangle.eu\/es\/2025\/01\/28\/junts-levanta-la-suspension-de-las-negociaciones-con-el-psoe-tras-el-acuerdo-por-el-nuevo-decreto\/#primaryimage"},"thumbnailUrl":"https:\/\/www.eltriangle.eu\/wp-content\/uploads\/2025\/01\/b4d5cbb5-795b-49f5-bbb2-085d34c12b28-e1738077308694.jpg","datePublished":"2025-01-28T15:20:33+00:00","dateModified":"2025-01-28T15:43:38+00:00","description":"Junts per Catalunya ha levantado la suspensi\u00f3n de las negociaciones con el PSOE que anunci\u00f3 el presidente del partido posconvergente, Carles Puigdemont,","breadcrumb":{"@id":"https:\/\/www.eltriangle.eu\/es\/2025\/01\/28\/junts-levanta-la-suspension-de-las-negociaciones-con-el-psoe-tras-el-acuerdo-por-el-nuevo-decreto\/#breadcrumb"},"inLanguage":"es","potentialAction":[{"@type":"ReadAction","target":["https:\/\/www.eltriangle.eu\/es\/2025\/01\/28\/junts-levanta-la-suspension-de-las-negociaciones-con-el-psoe-tras-el-acuerdo-por-el-nuevo-decreto\/"]}]},{"@type":"ImageObject","inLanguage":"es","@id":"https:\/\/www.eltriangle.eu\/es\/2025\/01\/28\/junts-levanta-la-suspension-de-las-negociaciones-con-el-psoe-tras-el-acuerdo-por-el-nuevo-decreto\/#primaryimage","url":"https:\/\/www.eltriangle.eu\/wp-content\/uploads\/2025\/01\/b4d5cbb5-795b-49f5-bbb2-085d34c12b28-e1738077308694.jpg","contentUrl":"https:\/\/www.eltriangle.eu\/wp-content\/uploads\/2025\/01\/b4d5cbb5-795b-49f5-bbb2-085d34c12b28-e1738077308694.jpg","width":1200,"height":800,"caption":"El secretario general de Junts, Jordi Turull, la portavoz del partido en el Parlament, M\u00f2nica Sales, y la portavoz en el Congreso, M\u00edriam Nogueras, en rueda de prensa (ACN)"},{"@type":"BreadcrumbList","@id":"https:\/\/www.eltriangle.eu\/es\/2025\/01\/28\/junts-levanta-la-suspension-de-las-negociaciones-con-el-psoe-tras-el-acuerdo-por-el-nuevo-decreto\/#breadcrumb","itemListElement":[{"@type":"ListItem","position":1,"name":"Portada","item":"https:\/\/www.eltriangle.eu\/es\/"},{"@type":"ListItem","position":2,"name":"Junts levanta la suspensi\u00f3n de las negociaciones con el PSOE tras el acuerdo por el nuevo decreto"}]},{"@type":"WebSite","@id":"https:\/\/www.eltriangle.eu\/es\/#website","url":"https:\/\/www.eltriangle.eu\/es\/","name":"El Triangle","description":"El Triangle \u00e9s un Diari d&#039;informaci\u00f3 general, editat a Catalunya i escrit en llengua catalana, especialitzat en investigaci\u00f3 period\u00edstica","publisher":{"@id":"https:\/\/www.eltriangle.eu\/es\/#organization"},"potentialAction":[{"@type":"SearchAction","target":{"@type":"EntryPoint","urlTemplate":"https:\/\/www.eltriangle.eu\/es\/?s={search_term_string}"},"query-input":{"@type":"PropertyValueSpecification","valueRequired":true,"valueName":"search_term_string"}}],"inLanguage":"es"},{"@type":["Organization","NewsMediaOrganization"],"@id":"https:\/\/www.eltriangle.eu\/es\/#organization","name":"El Triangle","url":"https:\/\/www.eltriangle.eu\/es\/","logo":{"@type":"ImageObject","inLanguage":"es","@id":"https:\/\/www.eltriangle.eu\/es\/#\/schema\/logo\/image\/","url":"https:\/\/www.eltriangle.eu\/wp-content\/uploads\/2020\/11\/triangle_logo-ajustado.jpg","contentUrl":"https:\/\/www.eltriangle.eu\/wp-content\/uploads\/2020\/11\/triangle_logo-ajustado.jpg","width":521,"height":92,"caption":"El Triangle"},"image":{"@id":"https:\/\/www.eltriangle.eu\/es\/#\/schema\/logo\/image\/"},"sameAs":["https:\/\/www.facebook.com\/El-Triangle-Diari-101787399020302","https:\/\/x.com\/El_Triangle","https:\/\/www.youtube.com\/channel\/UCTIjmYEMYSpdGonuAgNhbcg"]},{"@type":"Person","@id":"https:\/\/www.eltriangle.eu\/es\/#\/schema\/person\/6e5938f06dd4dcd413779558fbf437d9","name":"Redacci\u00f3 \/ ACN","image":{"@type":"ImageObject","inLanguage":"es","@id":"\/\/www.gravatar.com\/avatar\/a5bc366245a614da74d9f8d49d1b53bf?s=96&#038;r=g&#038;d=mm","url":"\/\/www.gravatar.com\/avatar\/a5bc366245a614da74d9f8d49d1b53bf?s=96&#038;r=g&#038;d=mm","contentUrl":"\/\/www.gravatar.com\/avatar\/a5bc366245a614da74d9f8d49d1b53bf?s=96&#038;r=g&#038;d=mm","caption":"Redacci\u00f3 \/ ACN"},"url":"https:\/\/www.eltriangle.eu\/es\/author\/redaccioacn\/"},{"@type":"SiteNavigationElement","@id":"https:\/\/www.eltriangle.eu\/es\/#site-navigation","cssSelector":[".cib-main-menu"]},{"@type":"WPHeader","@id":"https:\/\/www.eltriangle.eu\/es\/#header","cssSelector":[".cib-header"]},{"@type":"WPFooter","@id":"https:\/\/www.eltriangle.eu\/es\/#footer","cssSelector":[".cib-footer"]}]}},"amp_enabled":true,"_links":{"self":[{"href":"https:\/\/www.eltriangle.eu\/es\/wp-json\/wp\/v2\/posts\/301159","targetHints":{"allow":["GET"]}}],"collection":[{"href":"https:\/\/www.eltriangle.eu\/es\/wp-json\/wp\/v2\/posts"}],"about":[{"href":"https:\/\/www.eltriangle.eu\/es\/wp-json\/wp\/v2\/types\/post"}],"author":[{"embeddable":true,"href":"https:\/\/www.eltriangle.eu\/es\/wp-json\/wp\/v2\/users\/179"}],"replies":[{"embeddable":true,"href":"https:\/\/www.eltriangle.eu\/es\/wp-json\/wp\/v2\/comments?post=301159"}],"version-history":[{"count":0,"href":"https:\/\/www.eltriangle.eu\/es\/wp-json\/wp\/v2\/posts\/301159\/revisions"}],"wp:featuredmedia":[{"embeddable":true,"href":"https:\/\/www.eltriangle.eu\/es\/wp-json\/wp\/v2\/media\/301154"}],"wp:attachment":[{"href":"https:\/\/www.eltriangle.eu\/es\/wp-json\/wp\/v2\/media?parent=301159"}],"wp:term":[{"taxonomy":"category","embeddable":true,"href":"https:\/\/www.eltriangle.eu\/es\/wp-json\/wp\/v2\/categories?post=301159"},{"taxonomy":"post_tag","embeddable":true,"href":"https:\/\/www.eltriangle.eu\/es\/wp-json\/wp\/v2\/tags?post=301159"}],"curies":[{"name":"wp","href":"https:\/\/api.w.org\/{rel}","templated":true}]}}